{"id":17272,"date":"2017-10-25T19:40:16","date_gmt":"2017-10-25T18:40:16","guid":{"rendered":"http:\/\/www.info-algerie.com\/actualites\/onu-le-departement-de-linformation-doit-etre-en-phase-avec-les-principes-de-lobjectivite-et-de-lethique\/"},"modified":"2017-10-25T19:40:16","modified_gmt":"2017-10-25T18:40:16","slug":"onu-le-departement-de-linformation-doit-etre-en-phase-avec-les-principes-de-lobjectivite-et-de-lethique","status":"publish","type":"post","link":"https:\/\/www.info-algerie.com\/actualites\/onu-le-departement-de-linformation-doit-etre-en-phase-avec-les-principes-de-lobjectivite-et-de-lethique\/","title":{"rendered":"ONU: le d\u00e9partement de l\u2019information doit \u00eatre en phase avec les principes de l\u2019objectivit\u00e9 et de l\u2019\u00e9thique"},"content":{"rendered":"<div class=\"K2FeedIntroText\">\n<p>NEW YORK &#8211; L\u2019ambassadeur adjoint de l\u2019Alg\u00e9rie aupr\u00e8s des Nations Unies, Mohammed Bessedik, a appel\u00e9 le d\u00e9partement de l\u2019information de l\u2019ONU \u00e0 \u00eatre en phase avec les principes d\u2019objectivit\u00e9, d\u2019\u00e9thique et d\u2019\u00e9quit\u00e9 qui guident le travail de l&rsquo;organisation onusienne, soulignant la n\u00e9cessit\u00e9 de refl\u00e9ter fid\u00e8lement les d\u00e9bats au sein de l&rsquo;ONU\u00a0 dans ses communiqu\u00e9s de presse.<\/p>\n<p>&#013;\n<\/p><\/div>\n<div class=\"K2FeedFullText\">&#013;<\/p>\n<p>Intervenant lors d\u2019un d\u00e9bat sur l\u2019information \u00e0 la quatri\u00e8me commission de l\u2019ONU charg\u00e9e de la d\u00e9colonisation et des questions politiques sp\u00e9ciales, le repr\u00e9sentant de l\u2019Alg\u00e9rie a indiqu\u00e9 que le personnel concern\u00e9 du d\u00e9partement de l\u2019information devait s\u2019abstenir d\u2019introduire ses propres commentaires et de refl\u00e9ter correctement \u00ab\u00a0les faits tels qu\u2019ils sont\u00a0\u00bb dans les communiqu\u00e9s de presse.<\/p>\n<p>&#013;<\/p>\n<p>\u00ab\u00a0Il est inacceptable que des \u00e9carts continuent d&rsquo;\u00eatre observ\u00e9s en ce qui concerne la couverture des diff\u00e9rentes r\u00e9unions de l&rsquo;ONU, en particulier des travaux de la quatri\u00e8me Commission. Nous avons d\u00e9nonc\u00e9 ce parti pris avec d&rsquo;autres d\u00e9l\u00e9gations et demand\u00e9 une nouvelle fois au d\u00e9partement de l\u2019information d\u2019\u00e9viter la d\u00e9sinformation dans ce sens\u00a0\u00bb, a-t-il d\u00e9clar\u00e9.<\/p>\n<p>&#013;<\/p>\n<p>Prenant note des excuses pr\u00e9sent\u00e9es par les repr\u00e9sentants du secr\u00e9tariat g\u00e9n\u00e9ral et du d\u00e9partement de l\u2019information, apr\u00e8s l\u2019affaire des propos d\u00e9natur\u00e9s des p\u00e9titionnaires sur le Sahara occidental, M. Bessedik a estim\u00e9 que cette situation devait \u00eatre abord\u00e9e s\u00e9rieusement car il s\u2019agit d\u2019un probl\u00e8me r\u00e9current.<\/p>\n<p>&#013;<\/p>\n<p>Le repr\u00e9sentant de l\u2019Alg\u00e9rie a appel\u00e9 le d\u00e9partement de l\u2019information \u00e0 mettre fin \u00e0 cette situation, soulignant le risque qu\u2019une mauvaise communication ne se transforme en probl\u00e8me politique, comme l\u2019avait mis en \u00e9vidence le pr\u00e9sident de la commission, Rafael Dario Ramirez Carreno.<\/p>\n<p>&#013;<\/p>\n<p>A ce titre, il a r\u00e9it\u00e9r\u00e9 la demande de la d\u00e9l\u00e9gation alg\u00e9rienne de publier le rapport du Comit\u00e9 sp\u00e9cial de la d\u00e9colonisation de 1975 sur le Sahara occidental, une requ\u00eate d\u00e9j\u00e0 pr\u00e9sent\u00e9e par l\u2019Alg\u00e9rie \u00e0 plusieurs reprises lors des pr\u00e9c\u00e9dentes sessions, a-t-il dit.<\/p>\n<p>&#013;<\/p>\n<p>Usant de son droit de r\u00e9ponse au repr\u00e9sentant du Maroc, Yasser Halfaoui, qui voulait camoufler la non publication de ce document par des pr\u00e9textes absurdes, le repr\u00e9sentant de l\u2019Alg\u00e9rie a relev\u00e9 le fait que le rapport du Comit\u00e9 des 24 date de 1975 n\u2019enlevait aucune valeur \u00e0 ce document.<\/p>\n<p>&#013;<\/p>\n<p>S\u2019adressant au repr\u00e9sentant du Maroc, M. Bessedik a expliqu\u00e9 que ce rapport n\u2019est pas du ressort du d\u00e9partement de l\u2019information mais du Comit\u00e9 des 24 et qu\u2019une r\u00e9solution appelle le d\u00e9partement de l\u2019information \u00e0 diffuser toute information relative \u00e0 la situation dans les 17 territoires n\u2019ayant pas acc\u00e9d\u00e9 \u00e0 leur droit \u00e0 l\u2019autod\u00e9termination.<\/p>\n<p>&#013;<\/p>\n<p>Il a aussi not\u00e9 que tous les rapports de visites dans les territoires non autonomes figurent sur le site Internet des Nations Unies, \u00e0 l\u2019exception de ce rapport sur le Sahara occidental, ajoutant qu\u2019il est du devoir et de l\u2019obligation du d\u00e9partement de l\u2019information de faire son travail.<\/p>\n<p>&#013;<\/p>\n<p>L\u2019Alg\u00e9rie ne fait que r\u00e9clamer une mesure pour r\u00e9tablir ce qui est valable pour tous les territoires non autonomes. Elle \u00ab\u00a0ne fait que d\u00e9fendre un droit juridiquement et internationalement consacr\u00e9 qui est le droit du peuple du Sahara occidental \u00e0 l\u2019autod\u00e9termination\u00a0\u00bb, a-t-il affirm\u00e9.<\/p>\n<p>&#013;<\/p>\n<p>M. Bessedik a indiqu\u00e9 qu\u2019il s\u2019agissait de \u00ab\u00a0la question du Sahara occidental et non pas celle du Sahara marocain\u00a0\u00bb comme le pr\u00e9tend son homologue marocain, rappelant les r\u00e9solutions de l\u2019Assembl\u00e9e g\u00e9n\u00e9rale et du Conseil de s\u00e9curit\u00e9 sur ce dossier qui soulignent le droit du peuple sahraoui \u00e0 l\u2019autod\u00e9termination.<\/p>\n<p>&#013;<\/p>\n<p>Il a \u00e9galement tenu \u00e0 relever que la marche verte du Maroc n\u2019\u00e9tait pas pacifique comme voulait le faire croire Yasser Halfaoui car elle a entra\u00een\u00e9 le d\u00e9placement de milliers de r\u00e9fugi\u00e9s, engendr\u00e9 des victimes, des meurtres et des disparitions.<\/p>\n<\/div>\n<p>&#013;<br \/>\nSource: <a href=\"http:\/\/www.aps.dz\/algerie\/64496-onu-le-departement-de-l-information-doit-etre-en-phase-avec-les-principes-de-l-objectivite-et-de-l-ethique\" target=\"_blank\">ONU: le d\u00e9partement de l\u2019information doit \u00eatre en phase avec les principes de l\u2019objectivit\u00e9 et de l\u2019\u00e9thique<\/a><\/p>\n<!--CusAds0-->\n<div style=\"font-size: 0px; height: 0px; line-height: 0px; margin: 0; padding: 0; clear: both;\"><\/div>","protected":false},"excerpt":{"rendered":"<p>NEW YORK &#8211; L\u2019ambassadeur adjoint de l\u2019Alg\u00e9rie aupr\u00e8s des Nations Unies, Mohammed Bessedik, a appel\u00e9 le d\u00e9partement de l\u2019information de l\u2019ONU \u00e0 \u00eatre en phase avec les principes d\u2019objectivit\u00e9, d\u2019\u00e9thique et d\u2019\u00e9quit\u00e9 qui guident le travail de l&rsquo;organisation onusienne, soulignant la n\u00e9cessit\u00e9 de refl\u00e9ter fid\u00e8lement les d\u00e9bats au sein de l&rsquo;ONU\u00a0 dans ses communiqu\u00e9s de<\/p>\n","protected":false},"author":6,"featured_media":0,"comment_status":"open","ping_status":"open","sticky":false,"template":"","format":"standard","meta":{"footnotes":""},"categories":[22],"tags":[93],"class_list":["post-17272","post","type-post","status-publish","format-standard","hentry","category-infos","tag-onu"],"yoast_head":"<!-- This site is optimized with the Yoast SEO plugin v27.5 - https:\/\/yoast.com\/product\/yoast-seo-wordpress\/ -->\n<title>ONU: le d\u00e9partement de l\u2019information doit \u00eatre en phase avec les principes de l\u2019objectivit\u00e9 et de l\u2019\u00e9thique - info algerie<\/title>\n<meta name=\"robots\" content=\"index, follow, max-snippet:-1, max-image-preview:large, max-video-preview:-1\" \/>\n<link rel=\"canonical\" href=\"https:\/\/www.info-algerie.com\/actualites\/onu-le-departement-de-linformation-doit-etre-en-phase-avec-les-principes-de-lobjectivite-et-de-lethique\/\" \/>\n<meta property=\"og:locale\" content=\"fr_FR\" \/>\n<meta property=\"og:type\" content=\"article\" \/>\n<meta property=\"og:title\" content=\"ONU: le d\u00e9partement de l\u2019information doit \u00eatre en phase avec les principes de l\u2019objectivit\u00e9 et de l\u2019\u00e9thique - info algerie\" \/>\n<meta property=\"og:description\" content=\"NEW YORK &#8211; L\u2019ambassadeur adjoint de l\u2019Alg\u00e9rie aupr\u00e8s des Nations Unies, Mohammed Bessedik, a appel\u00e9 le d\u00e9partement de l\u2019information de l\u2019ONU \u00e0 \u00eatre en phase avec les principes d\u2019objectivit\u00e9, d\u2019\u00e9thique et d\u2019\u00e9quit\u00e9 qui guident le travail de l&rsquo;organisation onusienne, soulignant la n\u00e9cessit\u00e9 de refl\u00e9ter fid\u00e8lement les d\u00e9bats au sein de l&rsquo;ONU\u00a0 dans ses communiqu\u00e9s de\" \/>\n<meta property=\"og:url\" content=\"https:\/\/www.info-algerie.com\/actualites\/onu-le-departement-de-linformation-doit-etre-en-phase-avec-les-principes-de-lobjectivite-et-de-lethique\/\" \/>\n<meta property=\"og:site_name\" content=\"info algerie\" \/>\n<meta property=\"article:publisher\" content=\"https:\/\/www.facebook.com\/infoalgerieactu\" \/>\n<meta property=\"article:published_time\" content=\"2017-10-25T18:40:16+00:00\" \/>\n<meta name=\"author\" content=\"La r\u00e9daction\" \/>\n<meta name=\"twitter:label1\" content=\"\u00c9crit par\" \/>\n\t<meta name=\"twitter:data1\" content=\"La r\u00e9daction\" \/>\n\t<meta name=\"twitter:label2\" content=\"Dur\u00e9e de lecture estim\u00e9e\" \/>\n\t<meta name=\"twitter:data2\" content=\"4 minutes\" \/>\n<script type=\"application\/ld+json\" class=\"yoast-schema-graph\">{\"@context\":\"https:\\\/\\\/schema.org\",\"@graph\":[{\"@type\":\"Article\",\"@id\":\"https:\\\/\\\/www.info-algerie.com\\\/actualites\\\/onu-le-departement-de-linformation-doit-etre-en-phase-avec-les-principes-de-lobjectivite-et-de-lethique\\\/#article\",\"isPartOf\":{\"@id\":\"https:\\\/\\\/www.info-algerie.com\\\/actualites\\\/onu-le-departement-de-linformation-doit-etre-en-phase-avec-les-principes-de-lobjectivite-et-de-lethique\\\/\"},\"author\":{\"name\":\"La r\u00e9daction\",\"@id\":\"https:\\\/\\\/www.info-algerie.com\\\/actualites\\\/#\\\/schema\\\/person\\\/847aaec44920825b843a08f30ec6aa1e\"},\"headline\":\"ONU: le d\u00e9partement de l\u2019information doit \u00eatre en phase avec les principes de l\u2019objectivit\u00e9 et de l\u2019\u00e9thique\",\"datePublished\":\"2017-10-25T18:40:16+00:00\",\"mainEntityOfPage\":{\"@id\":\"https:\\\/\\\/www.info-algerie.com\\\/actualites\\\/onu-le-departement-de-linformation-doit-etre-en-phase-avec-les-principes-de-lobjectivite-et-de-lethique\\\/\"},\"wordCount\":740,\"commentCount\":0,\"publisher\":{\"@id\":\"https:\\\/\\\/www.info-algerie.com\\\/actualites\\\/#organization\"},\"keywords\":[\"ONU\"],\"articleSection\":[\"infos\"],\"inLanguage\":\"fr-FR\",\"potentialAction\":[{\"@type\":\"CommentAction\",\"name\":\"Comment\",\"target\":[\"https:\\\/\\\/www.info-algerie.com\\\/actualites\\\/onu-le-departement-de-linformation-doit-etre-en-phase-avec-les-principes-de-lobjectivite-et-de-lethique\\\/#respond\"]}]},{\"@type\":\"WebPage\",\"@id\":\"https:\\\/\\\/www.info-algerie.com\\\/actualites\\\/onu-le-departement-de-linformation-doit-etre-en-phase-avec-les-principes-de-lobjectivite-et-de-lethique\\\/\",\"url\":\"https:\\\/\\\/www.info-algerie.com\\\/actualites\\\/onu-le-departement-de-linformation-doit-etre-en-phase-avec-les-principes-de-lobjectivite-et-de-lethique\\\/\",\"name\":\"ONU: le d\u00e9partement de l\u2019information doit \u00eatre en phase avec les principes de l\u2019objectivit\u00e9 et de l\u2019\u00e9thique - info algerie\",\"isPartOf\":{\"@id\":\"https:\\\/\\\/www.info-algerie.com\\\/actualites\\\/#website\"},\"datePublished\":\"2017-10-25T18:40:16+00:00\",\"breadcrumb\":{\"@id\":\"https:\\\/\\\/www.info-algerie.com\\\/actualites\\\/onu-le-departement-de-linformation-doit-etre-en-phase-avec-les-principes-de-lobjectivite-et-de-lethique\\\/#breadcrumb\"},\"inLanguage\":\"fr-FR\",\"potentialAction\":[{\"@type\":\"ReadAction\",\"target\":[\"https:\\\/\\\/www.info-algerie.com\\\/actualites\\\/onu-le-departement-de-linformation-doit-etre-en-phase-avec-les-principes-de-lobjectivite-et-de-lethique\\\/\"]}]},{\"@type\":\"BreadcrumbList\",\"@id\":\"https:\\\/\\\/www.info-algerie.com\\\/actualites\\\/onu-le-departement-de-linformation-doit-etre-en-phase-avec-les-principes-de-lobjectivite-et-de-lethique\\\/#breadcrumb\",\"itemListElement\":[{\"@type\":\"ListItem\",\"position\":1,\"name\":\"Accueil\",\"item\":\"https:\\\/\\\/www.info-algerie.com\\\/actualites\\\/\"},{\"@type\":\"ListItem\",\"position\":2,\"name\":\"ONU: le d\u00e9partement de l\u2019information doit \u00eatre en phase avec les principes de l\u2019objectivit\u00e9 et de l\u2019\u00e9thique\"}]},{\"@type\":\"WebSite\",\"@id\":\"https:\\\/\\\/www.info-algerie.com\\\/actualites\\\/#website\",\"url\":\"https:\\\/\\\/www.info-algerie.com\\\/actualites\\\/\",\"name\":\"info algerie\",\"description\":\"Toutes les actualit\u00e9s\",\"publisher\":{\"@id\":\"https:\\\/\\\/www.info-algerie.com\\\/actualites\\\/#organization\"},\"potentialAction\":[{\"@type\":\"SearchAction\",\"target\":{\"@type\":\"EntryPoint\",\"urlTemplate\":\"https:\\\/\\\/www.info-algerie.com\\\/actualites\\\/?s={search_term_string}\"},\"query-input\":{\"@type\":\"PropertyValueSpecification\",\"valueRequired\":true,\"valueName\":\"search_term_string\"}}],\"inLanguage\":\"fr-FR\"},{\"@type\":\"Organization\",\"@id\":\"https:\\\/\\\/www.info-algerie.com\\\/actualites\\\/#organization\",\"name\":\"info algerie\",\"url\":\"https:\\\/\\\/www.info-algerie.com\\\/actualites\\\/\",\"logo\":{\"@type\":\"ImageObject\",\"inLanguage\":\"fr-FR\",\"@id\":\"https:\\\/\\\/www.info-algerie.com\\\/actualites\\\/#\\\/schema\\\/logo\\\/image\\\/\",\"url\":\"https:\\\/\\\/www.info-algerie.com\\\/actualites\\\/wp-content\\\/uploads\\\/2022\\\/07\\\/logo-ia-120.png\",\"contentUrl\":\"https:\\\/\\\/www.info-algerie.com\\\/actualites\\\/wp-content\\\/uploads\\\/2022\\\/07\\\/logo-ia-120.png\",\"width\":120,\"height\":43,\"caption\":\"info algerie\"},\"image\":{\"@id\":\"https:\\\/\\\/www.info-algerie.com\\\/actualites\\\/#\\\/schema\\\/logo\\\/image\\\/\"},\"sameAs\":[\"https:\\\/\\\/www.facebook.com\\\/infoalgerieactu\",\"https:\\\/\\\/x.com\\\/infoalgerie1\"]},{\"@type\":\"Person\",\"@id\":\"https:\\\/\\\/www.info-algerie.com\\\/actualites\\\/#\\\/schema\\\/person\\\/847aaec44920825b843a08f30ec6aa1e\",\"name\":\"La r\u00e9daction\",\"image\":{\"@type\":\"ImageObject\",\"inLanguage\":\"fr-FR\",\"@id\":\"https:\\\/\\\/secure.gravatar.com\\\/avatar\\\/769db425c6f465158149f1ffd6cf61ce7a8a879d11dfbef8288af36dfddd418c?s=96&d=mm&r=g\",\"url\":\"https:\\\/\\\/secure.gravatar.com\\\/avatar\\\/769db425c6f465158149f1ffd6cf61ce7a8a879d11dfbef8288af36dfddd418c?s=96&d=mm&r=g\",\"contentUrl\":\"https:\\\/\\\/secure.gravatar.com\\\/avatar\\\/769db425c6f465158149f1ffd6cf61ce7a8a879d11dfbef8288af36dfddd418c?s=96&d=mm&r=g\",\"caption\":\"La r\u00e9daction\"},\"sameAs\":[\"http:\\\/\\\/www.lkeria.com\\\/\"],\"url\":\"https:\\\/\\\/www.info-algerie.com\\\/actualites\\\/author\\\/chakib32\\\/\"}]}<\/script>\n<!-- \/ Yoast SEO plugin. -->","yoast_head_json":{"title":"ONU: le d\u00e9partement de l\u2019information doit \u00eatre en phase avec les principes de l\u2019objectivit\u00e9 et de l\u2019\u00e9thique - info algerie","robots":{"index":"index","follow":"follow","max-snippet":"max-snippet:-1","max-image-preview":"max-image-preview:large","max-video-preview":"max-video-preview:-1"},"canonical":"https:\/\/www.info-algerie.com\/actualites\/onu-le-departement-de-linformation-doit-etre-en-phase-avec-les-principes-de-lobjectivite-et-de-lethique\/","og_locale":"fr_FR","og_type":"article","og_title":"ONU: le d\u00e9partement de l\u2019information doit \u00eatre en phase avec les principes de l\u2019objectivit\u00e9 et de l\u2019\u00e9thique - info algerie","og_description":"NEW YORK &#8211; L\u2019ambassadeur adjoint de l\u2019Alg\u00e9rie aupr\u00e8s des Nations Unies, Mohammed Bessedik, a appel\u00e9 le d\u00e9partement de l\u2019information de l\u2019ONU \u00e0 \u00eatre en phase avec les principes d\u2019objectivit\u00e9, d\u2019\u00e9thique et d\u2019\u00e9quit\u00e9 qui guident le travail de l&rsquo;organisation onusienne, soulignant la n\u00e9cessit\u00e9 de refl\u00e9ter fid\u00e8lement les d\u00e9bats au sein de l&rsquo;ONU\u00a0 dans ses communiqu\u00e9s de","og_url":"https:\/\/www.info-algerie.com\/actualites\/onu-le-departement-de-linformation-doit-etre-en-phase-avec-les-principes-de-lobjectivite-et-de-lethique\/","og_site_name":"info algerie","article_publisher":"https:\/\/www.facebook.com\/infoalgerieactu","article_published_time":"2017-10-25T18:40:16+00:00","author":"La r\u00e9daction","twitter_misc":{"\u00c9crit par":"La r\u00e9daction","Dur\u00e9e de lecture estim\u00e9e":"4 minutes"},"schema":{"@context":"https:\/\/schema.org","@graph":[{"@type":"Article","@id":"https:\/\/www.info-algerie.com\/actualites\/onu-le-departement-de-linformation-doit-etre-en-phase-avec-les-principes-de-lobjectivite-et-de-lethique\/#article","isPartOf":{"@id":"https:\/\/www.info-algerie.com\/actualites\/onu-le-departement-de-linformation-doit-etre-en-phase-avec-les-principes-de-lobjectivite-et-de-lethique\/"},"author":{"name":"La r\u00e9daction","@id":"https:\/\/www.info-algerie.com\/actualites\/#\/schema\/person\/847aaec44920825b843a08f30ec6aa1e"},"headline":"ONU: le d\u00e9partement de l\u2019information doit \u00eatre en phase avec les principes de l\u2019objectivit\u00e9 et de l\u2019\u00e9thique","datePublished":"2017-10-25T18:40:16+00:00","mainEntityOfPage":{"@id":"https:\/\/www.info-algerie.com\/actualites\/onu-le-departement-de-linformation-doit-etre-en-phase-avec-les-principes-de-lobjectivite-et-de-lethique\/"},"wordCount":740,"commentCount":0,"publisher":{"@id":"https:\/\/www.info-algerie.com\/actualites\/#organization"},"keywords":["ONU"],"articleSection":["infos"],"inLanguage":"fr-FR","potentialAction":[{"@type":"CommentAction","name":"Comment","target":["https:\/\/www.info-algerie.com\/actualites\/onu-le-departement-de-linformation-doit-etre-en-phase-avec-les-principes-de-lobjectivite-et-de-lethique\/#respond"]}]},{"@type":"WebPage","@id":"https:\/\/www.info-algerie.com\/actualites\/onu-le-departement-de-linformation-doit-etre-en-phase-avec-les-principes-de-lobjectivite-et-de-lethique\/","url":"https:\/\/www.info-algerie.com\/actualites\/onu-le-departement-de-linformation-doit-etre-en-phase-avec-les-principes-de-lobjectivite-et-de-lethique\/","name":"ONU: le d\u00e9partement de l\u2019information doit \u00eatre en phase avec les principes de l\u2019objectivit\u00e9 et de l\u2019\u00e9thique - info algerie","isPartOf":{"@id":"https:\/\/www.info-algerie.com\/actualites\/#website"},"datePublished":"2017-10-25T18:40:16+00:00","breadcrumb":{"@id":"https:\/\/www.info-algerie.com\/actualites\/onu-le-departement-de-linformation-doit-etre-en-phase-avec-les-principes-de-lobjectivite-et-de-lethique\/#breadcrumb"},"inLanguage":"fr-FR","potentialAction":[{"@type":"ReadAction","target":["https:\/\/www.info-algerie.com\/actualites\/onu-le-departement-de-linformation-doit-etre-en-phase-avec-les-principes-de-lobjectivite-et-de-lethique\/"]}]},{"@type":"BreadcrumbList","@id":"https:\/\/www.info-algerie.com\/actualites\/onu-le-departement-de-linformation-doit-etre-en-phase-avec-les-principes-de-lobjectivite-et-de-lethique\/#breadcrumb","itemListElement":[{"@type":"ListItem","position":1,"name":"Accueil","item":"https:\/\/www.info-algerie.com\/actualites\/"},{"@type":"ListItem","position":2,"name":"ONU: le d\u00e9partement de l\u2019information doit \u00eatre en phase avec les principes de l\u2019objectivit\u00e9 et de l\u2019\u00e9thique"}]},{"@type":"WebSite","@id":"https:\/\/www.info-algerie.com\/actualites\/#website","url":"https:\/\/www.info-algerie.com\/actualites\/","name":"info algerie","description":"Toutes les actualit\u00e9s","publisher":{"@id":"https:\/\/www.info-algerie.com\/actualites\/#organization"},"potentialAction":[{"@type":"SearchAction","target":{"@type":"EntryPoint","urlTemplate":"https:\/\/www.info-algerie.com\/actualites\/?s={search_term_string}"},"query-input":{"@type":"PropertyValueSpecification","valueRequired":true,"valueName":"search_term_string"}}],"inLanguage":"fr-FR"},{"@type":"Organization","@id":"https:\/\/www.info-algerie.com\/actualites\/#organization","name":"info algerie","url":"https:\/\/www.info-algerie.com\/actualites\/","logo":{"@type":"ImageObject","inLanguage":"fr-FR","@id":"https:\/\/www.info-algerie.com\/actualites\/#\/schema\/logo\/image\/","url":"https:\/\/www.info-algerie.com\/actualites\/wp-content\/uploads\/2022\/07\/logo-ia-120.png","contentUrl":"https:\/\/www.info-algerie.com\/actualites\/wp-content\/uploads\/2022\/07\/logo-ia-120.png","width":120,"height":43,"caption":"info algerie"},"image":{"@id":"https:\/\/www.info-algerie.com\/actualites\/#\/schema\/logo\/image\/"},"sameAs":["https:\/\/www.facebook.com\/infoalgerieactu","https:\/\/x.com\/infoalgerie1"]},{"@type":"Person","@id":"https:\/\/www.info-algerie.com\/actualites\/#\/schema\/person\/847aaec44920825b843a08f30ec6aa1e","name":"La r\u00e9daction","image":{"@type":"ImageObject","inLanguage":"fr-FR","@id":"https:\/\/secure.gravatar.com\/avatar\/769db425c6f465158149f1ffd6cf61ce7a8a879d11dfbef8288af36dfddd418c?s=96&d=mm&r=g","url":"https:\/\/secure.gravatar.com\/avatar\/769db425c6f465158149f1ffd6cf61ce7a8a879d11dfbef8288af36dfddd418c?s=96&d=mm&r=g","contentUrl":"https:\/\/secure.gravatar.com\/avatar\/769db425c6f465158149f1ffd6cf61ce7a8a879d11dfbef8288af36dfddd418c?s=96&d=mm&r=g","caption":"La r\u00e9daction"},"sameAs":["http:\/\/www.lkeria.com\/"],"url":"https:\/\/www.info-algerie.com\/actualites\/author\/chakib32\/"}]}},"_links":{"self":[{"href":"https:\/\/www.info-algerie.com\/actualites\/wp-json\/wp\/v2\/posts\/17272","targetHints":{"allow":["GET"]}}],"collection":[{"href":"https:\/\/www.info-algerie.com\/actualites\/wp-json\/wp\/v2\/posts"}],"about":[{"href":"https:\/\/www.info-algerie.com\/actualites\/wp-json\/wp\/v2\/types\/post"}],"author":[{"embeddable":true,"href":"https:\/\/www.info-algerie.com\/actualites\/wp-json\/wp\/v2\/users\/6"}],"replies":[{"embeddable":true,"href":"https:\/\/www.info-algerie.com\/actualites\/wp-json\/wp\/v2\/comments?post=17272"}],"version-history":[{"count":0,"href":"https:\/\/www.info-algerie.com\/actualites\/wp-json\/wp\/v2\/posts\/17272\/revisions"}],"wp:attachment":[{"href":"https:\/\/www.info-algerie.com\/actualites\/wp-json\/wp\/v2\/media?parent=17272"}],"wp:term":[{"taxonomy":"category","embeddable":true,"href":"https:\/\/www.info-algerie.com\/actualites\/wp-json\/wp\/v2\/categories?post=17272"},{"taxonomy":"post_tag","embeddable":true,"href":"https:\/\/www.info-algerie.com\/actualites\/wp-json\/wp\/v2\/tags?post=17272"}],"curies":[{"name":"wp","href":"https:\/\/api.w.org\/{rel}","templated":true}]}}