{"id":17278,"date":"2017-10-26T08:39:34","date_gmt":"2017-10-26T07:39:34","guid":{"rendered":"http:\/\/www.info-algerie.com\/actualites\/le-president-de-la-republique-salue-lesprit-militant-du-defunt-kamel-abderrahim-et-son-devouement\/"},"modified":"2017-10-26T08:39:34","modified_gmt":"2017-10-26T07:39:34","slug":"le-president-de-la-republique-salue-lesprit-militant-du-defunt-kamel-abderrahim-et-son-devouement","status":"publish","type":"post","link":"https:\/\/www.info-algerie.com\/actualites\/le-president-de-la-republique-salue-lesprit-militant-du-defunt-kamel-abderrahim-et-son-devouement\/","title":{"rendered":"Le Pr\u00e9sident de la R\u00e9publique salue l&#039;esprit militant du d\u00e9funt Kamel Abderrahim et son d\u00e9vouement"},"content":{"rendered":"<div class=\"K2FeedImage\"><img decoding=\"async\" src=\"https:\/\/www.info-algerie.com\/actualites\/wp-content\/uploads\/2017\/10\/de2ea76475b3461dab03e83e1cbe3900_S.jpg\" alt=\"Le Pr&#xE9;sident de la R&#xE9;publique salue l'esprit militant du d&#xE9;funt Kamel Abderrahim et son d&#xE9;vouement\" \/><\/div>\n<div class=\"K2FeedIntroText\">\n<p>ALGER- Le pr\u00e9sident de la R\u00e9publique, M. Abdelaziz Bouteflika a adress\u00e9 un message de condol\u00e9ances \u00e0 la famille du Moudjahid Kamel Abderrahim, <a href=\"http:\/\/www.aps.dz\/algerie\/64488-deces-du-general-a-la-retraite-kamel-abderrahim\"><strong>d\u00e9c\u00e9d\u00e9 mardi soi<\/strong><\/a>r, dans lequel il a salu\u00e9 l&rsquo;esprit militant du d\u00e9funt et son d\u00e9vouement dans l&rsquo;accomplissement de son devoir\u00a0 dans les diff\u00e9rentes fonctions qu&rsquo;il a occup\u00e9es.<\/p>\n<p>&#013;\n<\/p><\/div>\n<div class=\"K2FeedFullText\">&#013;<\/p>\n<blockquote><p>&#013;<\/p>\n<p><em><strong>\u00ab\u00a0J\u2019ai appris avec une grande affliction la disparition du grand moudjahid Kamel Abderrahim apr\u00e8s une vie \u00e9maill\u00e9e de luttes et de sacrifices pour la lib\u00e9ration de la patrie et au service de l&rsquo;\u00e9mancipation de la soci\u00e9t\u00e9. Le d\u00e9funt a assum\u00e9 ses missions avec comp\u00e9tence et d\u00e9vouement, au sein des nombreuses fonctions et responsabilit\u00e9s qu&rsquo;il a occup\u00e9es\u00a0\u00bb, a \u00e9crit le pr\u00e9sident de la R\u00e9publique dans son message.<\/strong><\/em><\/p>\n<p>&#013;\n<\/p><\/blockquote>\n<p>&#013;<\/p>\n<p>\u00ab\u00a0Il continuera \u00e0 former avec le m\u00eame esprit militant les officiers de l&rsquo;Arm\u00e9e nationale populaire en mettant \u00e0 profit son exp\u00e9rience et ses connaissances en mati\u00e8re de combat, et \u00e0 promouvoir cette institution constitutionnelle s\u00e9culaire jusqu&rsquo;\u00e0 ce que la mort eut raison de lui\u00a0\u00bb, a ajout\u00e9 le chef de l&rsquo;Etat.<\/p>\n<p>&#013;<\/p>\n<p>\u00ab\u00a0En cette douloureuse circonstance, je pr\u00e9sente mes sinc\u00e8res condol\u00e9ances \u00e0 sa famille et \u00e0 ses compagnons d&rsquo;arme, priant Dieu le Tout Puissant de les assister en cette p\u00e9nible \u00e9preuve et d&rsquo;accueillir le d\u00e9funt dans son vaste paradis\u00a0\u00bb, a conclu le chef de l&rsquo;Etat.<\/p>\n<\/div>\n<p>&#013;<br \/>\nSource: <a href=\"http:\/\/www.aps.dz\/algerie\/64497-le-president-de-la-republique-salue-l-esprit-militant-du-defunt-kamel-abderrahim-et-son-devouement\" target=\"_blank\">Le Pr\u00e9sident de la R\u00e9publique salue l&rsquo;esprit militant du d\u00e9funt Kamel Abderrahim et son d\u00e9vouement<\/a><\/p>\n<!--CusAds0-->\n<div style=\"font-size: 0px; height: 0px; line-height: 0px; margin: 0; padding: 0; clear: both;\"><\/div>","protected":false},"excerpt":{"rendered":"<p>ALGER- Le pr\u00e9sident de la R\u00e9publique, M. Abdelaziz Bouteflika a adress\u00e9 un message de condol\u00e9ances \u00e0 la famille du Moudjahid Kamel Abderrahim, d\u00e9c\u00e9d\u00e9 mardi soir, dans lequel il a salu\u00e9 l&rsquo;esprit militant du d\u00e9funt et son d\u00e9vouement dans l&rsquo;accomplissement de son devoir\u00a0 dans les diff\u00e9rentes fonctions qu&rsquo;il a occup\u00e9es. &#013; &#013; &#013; \u00ab\u00a0J\u2019ai appris avec<\/p>\n","protected":false},"author":6,"featured_media":17279,"comment_status":"open","ping_status":"open","sticky":false,"template":"","format":"standard","meta":{"footnotes":""},"categories":[22],"tags":[93],"class_list":["post-17278","post","type-post","status-publish","format-standard","has-post-thumbnail","hentry","category-infos","tag-onu"],"yoast_head":"<!-- This site is optimized with the Yoast SEO plugin v27.5 - https:\/\/yoast.com\/product\/yoast-seo-wordpress\/ -->\n<title>Le Pr\u00e9sident de la R\u00e9publique salue l&#039;esprit militant du d\u00e9funt Kamel Abderrahim et son d\u00e9vouement - info algerie<\/title>\n<meta name=\"robots\" content=\"index, follow, max-snippet:-1, max-image-preview:large, max-video-preview:-1\" \/>\n<link rel=\"canonical\" href=\"https:\/\/www.info-algerie.com\/actualites\/le-president-de-la-republique-salue-lesprit-militant-du-defunt-kamel-abderrahim-et-son-devouement\/\" \/>\n<meta property=\"og:locale\" content=\"fr_FR\" \/>\n<meta property=\"og:type\" content=\"article\" \/>\n<meta property=\"og:title\" content=\"Le Pr\u00e9sident de la R\u00e9publique salue l&#039;esprit militant du d\u00e9funt Kamel Abderrahim et son d\u00e9vouement - info algerie\" \/>\n<meta property=\"og:description\" content=\"ALGER- Le pr\u00e9sident de la R\u00e9publique, M. Abdelaziz Bouteflika a adress\u00e9 un message de condol\u00e9ances \u00e0 la famille du Moudjahid Kamel Abderrahim, d\u00e9c\u00e9d\u00e9 mardi soir, dans lequel il a salu\u00e9 l&rsquo;esprit militant du d\u00e9funt et son d\u00e9vouement dans l&rsquo;accomplissement de son devoir\u00a0 dans les diff\u00e9rentes fonctions qu&rsquo;il a occup\u00e9es. &#013; &#013; &#013; \u00ab\u00a0J\u2019ai appris avec\" \/>\n<meta property=\"og:url\" content=\"https:\/\/www.info-algerie.com\/actualites\/le-president-de-la-republique-salue-lesprit-militant-du-defunt-kamel-abderrahim-et-son-devouement\/\" \/>\n<meta property=\"og:site_name\" content=\"info algerie\" \/>\n<meta property=\"article:publisher\" content=\"https:\/\/www.facebook.com\/infoalgerieactu\" \/>\n<meta property=\"article:published_time\" content=\"2017-10-26T07:39:34+00:00\" \/>\n<meta property=\"og:image\" content=\"https:\/\/www.info-algerie.com\/actualites\/wp-content\/uploads\/2017\/10\/de2ea76475b3461dab03e83e1cbe3900_S-1.jpg\" \/>\n\t<meta property=\"og:image:width\" content=\"280\" \/>\n\t<meta property=\"og:image:height\" content=\"171\" \/>\n\t<meta property=\"og:image:type\" content=\"image\/jpeg\" \/>\n<meta name=\"author\" content=\"La r\u00e9daction\" \/>\n<meta name=\"twitter:label1\" content=\"\u00c9crit par\" \/>\n\t<meta name=\"twitter:data1\" content=\"La r\u00e9daction\" \/>\n\t<meta name=\"twitter:label2\" content=\"Dur\u00e9e de lecture estim\u00e9e\" \/>\n\t<meta name=\"twitter:data2\" content=\"1 minute\" \/>\n<script type=\"application\/ld+json\" class=\"yoast-schema-graph\">{\"@context\":\"https:\\\/\\\/schema.org\",\"@graph\":[{\"@type\":\"Article\",\"@id\":\"https:\\\/\\\/www.info-algerie.com\\\/actualites\\\/le-president-de-la-republique-salue-lesprit-militant-du-defunt-kamel-abderrahim-et-son-devouement\\\/#article\",\"isPartOf\":{\"@id\":\"https:\\\/\\\/www.info-algerie.com\\\/actualites\\\/le-president-de-la-republique-salue-lesprit-militant-du-defunt-kamel-abderrahim-et-son-devouement\\\/\"},\"author\":{\"name\":\"La r\u00e9daction\",\"@id\":\"https:\\\/\\\/www.info-algerie.com\\\/actualites\\\/#\\\/schema\\\/person\\\/847aaec44920825b843a08f30ec6aa1e\"},\"headline\":\"Le Pr\u00e9sident de la R\u00e9publique salue l&#039;esprit militant du d\u00e9funt Kamel Abderrahim et son d\u00e9vouement\",\"datePublished\":\"2017-10-26T07:39:34+00:00\",\"mainEntityOfPage\":{\"@id\":\"https:\\\/\\\/www.info-algerie.com\\\/actualites\\\/le-president-de-la-republique-salue-lesprit-militant-du-defunt-kamel-abderrahim-et-son-devouement\\\/\"},\"wordCount\":285,\"commentCount\":0,\"publisher\":{\"@id\":\"https:\\\/\\\/www.info-algerie.com\\\/actualites\\\/#organization\"},\"image\":{\"@id\":\"https:\\\/\\\/www.info-algerie.com\\\/actualites\\\/le-president-de-la-republique-salue-lesprit-militant-du-defunt-kamel-abderrahim-et-son-devouement\\\/#primaryimage\"},\"thumbnailUrl\":\"https:\\\/\\\/www.info-algerie.com\\\/actualites\\\/wp-content\\\/uploads\\\/2017\\\/10\\\/de2ea76475b3461dab03e83e1cbe3900_S-1.jpg\",\"keywords\":[\"ONU\"],\"articleSection\":[\"infos\"],\"inLanguage\":\"fr-FR\",\"potentialAction\":[{\"@type\":\"CommentAction\",\"name\":\"Comment\",\"target\":[\"https:\\\/\\\/www.info-algerie.com\\\/actualites\\\/le-president-de-la-republique-salue-lesprit-militant-du-defunt-kamel-abderrahim-et-son-devouement\\\/#respond\"]}]},{\"@type\":\"WebPage\",\"@id\":\"https:\\\/\\\/www.info-algerie.com\\\/actualites\\\/le-president-de-la-republique-salue-lesprit-militant-du-defunt-kamel-abderrahim-et-son-devouement\\\/\",\"url\":\"https:\\\/\\\/www.info-algerie.com\\\/actualites\\\/le-president-de-la-republique-salue-lesprit-militant-du-defunt-kamel-abderrahim-et-son-devouement\\\/\",\"name\":\"Le Pr\u00e9sident de la R\u00e9publique salue l&#039;esprit militant du d\u00e9funt Kamel Abderrahim et son d\u00e9vouement - info algerie\",\"isPartOf\":{\"@id\":\"https:\\\/\\\/www.info-algerie.com\\\/actualites\\\/#website\"},\"primaryImageOfPage\":{\"@id\":\"https:\\\/\\\/www.info-algerie.com\\\/actualites\\\/le-president-de-la-republique-salue-lesprit-militant-du-defunt-kamel-abderrahim-et-son-devouement\\\/#primaryimage\"},\"image\":{\"@id\":\"https:\\\/\\\/www.info-algerie.com\\\/actualites\\\/le-president-de-la-republique-salue-lesprit-militant-du-defunt-kamel-abderrahim-et-son-devouement\\\/#primaryimage\"},\"thumbnailUrl\":\"https:\\\/\\\/www.info-algerie.com\\\/actualites\\\/wp-content\\\/uploads\\\/2017\\\/10\\\/de2ea76475b3461dab03e83e1cbe3900_S-1.jpg\",\"datePublished\":\"2017-10-26T07:39:34+00:00\",\"breadcrumb\":{\"@id\":\"https:\\\/\\\/www.info-algerie.com\\\/actualites\\\/le-president-de-la-republique-salue-lesprit-militant-du-defunt-kamel-abderrahim-et-son-devouement\\\/#breadcrumb\"},\"inLanguage\":\"fr-FR\",\"potentialAction\":[{\"@type\":\"ReadAction\",\"target\":[\"https:\\\/\\\/www.info-algerie.com\\\/actualites\\\/le-president-de-la-republique-salue-lesprit-militant-du-defunt-kamel-abderrahim-et-son-devouement\\\/\"]}]},{\"@type\":\"ImageObject\",\"inLanguage\":\"fr-FR\",\"@id\":\"https:\\\/\\\/www.info-algerie.com\\\/actualites\\\/le-president-de-la-republique-salue-lesprit-militant-du-defunt-kamel-abderrahim-et-son-devouement\\\/#primaryimage\",\"url\":\"https:\\\/\\\/www.info-algerie.com\\\/actualites\\\/wp-content\\\/uploads\\\/2017\\\/10\\\/de2ea76475b3461dab03e83e1cbe3900_S-1.jpg\",\"contentUrl\":\"https:\\\/\\\/www.info-algerie.com\\\/actualites\\\/wp-content\\\/uploads\\\/2017\\\/10\\\/de2ea76475b3461dab03e83e1cbe3900_S-1.jpg\",\"width\":280,\"height\":171},{\"@type\":\"BreadcrumbList\",\"@id\":\"https:\\\/\\\/www.info-algerie.com\\\/actualites\\\/le-president-de-la-republique-salue-lesprit-militant-du-defunt-kamel-abderrahim-et-son-devouement\\\/#breadcrumb\",\"itemListElement\":[{\"@type\":\"ListItem\",\"position\":1,\"name\":\"Accueil\",\"item\":\"https:\\\/\\\/www.info-algerie.com\\\/actualites\\\/\"},{\"@type\":\"ListItem\",\"position\":2,\"name\":\"Le Pr\u00e9sident de la R\u00e9publique salue l&#039;esprit militant du d\u00e9funt Kamel Abderrahim et son d\u00e9vouement\"}]},{\"@type\":\"WebSite\",\"@id\":\"https:\\\/\\\/www.info-algerie.com\\\/actualites\\\/#website\",\"url\":\"https:\\\/\\\/www.info-algerie.com\\\/actualites\\\/\",\"name\":\"info algerie\",\"description\":\"Toutes les actualit\u00e9s\",\"publisher\":{\"@id\":\"https:\\\/\\\/www.info-algerie.com\\\/actualites\\\/#organization\"},\"potentialAction\":[{\"@type\":\"SearchAction\",\"target\":{\"@type\":\"EntryPoint\",\"urlTemplate\":\"https:\\\/\\\/www.info-algerie.com\\\/actualites\\\/?s={search_term_string}\"},\"query-input\":{\"@type\":\"PropertyValueSpecification\",\"valueRequired\":true,\"valueName\":\"search_term_string\"}}],\"inLanguage\":\"fr-FR\"},{\"@type\":\"Organization\",\"@id\":\"https:\\\/\\\/www.info-algerie.com\\\/actualites\\\/#organization\",\"name\":\"info algerie\",\"url\":\"https:\\\/\\\/www.info-algerie.com\\\/actualites\\\/\",\"logo\":{\"@type\":\"ImageObject\",\"inLanguage\":\"fr-FR\",\"@id\":\"https:\\\/\\\/www.info-algerie.com\\\/actualites\\\/#\\\/schema\\\/logo\\\/image\\\/\",\"url\":\"https:\\\/\\\/www.info-algerie.com\\\/actualites\\\/wp-content\\\/uploads\\\/2022\\\/07\\\/logo-ia-120.png\",\"contentUrl\":\"https:\\\/\\\/www.info-algerie.com\\\/actualites\\\/wp-content\\\/uploads\\\/2022\\\/07\\\/logo-ia-120.png\",\"width\":120,\"height\":43,\"caption\":\"info algerie\"},\"image\":{\"@id\":\"https:\\\/\\\/www.info-algerie.com\\\/actualites\\\/#\\\/schema\\\/logo\\\/image\\\/\"},\"sameAs\":[\"https:\\\/\\\/www.facebook.com\\\/infoalgerieactu\",\"https:\\\/\\\/x.com\\\/infoalgerie1\"]},{\"@type\":\"Person\",\"@id\":\"https:\\\/\\\/www.info-algerie.com\\\/actualites\\\/#\\\/schema\\\/person\\\/847aaec44920825b843a08f30ec6aa1e\",\"name\":\"La r\u00e9daction\",\"image\":{\"@type\":\"ImageObject\",\"inLanguage\":\"fr-FR\",\"@id\":\"https:\\\/\\\/secure.gravatar.com\\\/avatar\\\/769db425c6f465158149f1ffd6cf61ce7a8a879d11dfbef8288af36dfddd418c?s=96&d=mm&r=g\",\"url\":\"https:\\\/\\\/secure.gravatar.com\\\/avatar\\\/769db425c6f465158149f1ffd6cf61ce7a8a879d11dfbef8288af36dfddd418c?s=96&d=mm&r=g\",\"contentUrl\":\"https:\\\/\\\/secure.gravatar.com\\\/avatar\\\/769db425c6f465158149f1ffd6cf61ce7a8a879d11dfbef8288af36dfddd418c?s=96&d=mm&r=g\",\"caption\":\"La r\u00e9daction\"},\"sameAs\":[\"http:\\\/\\\/www.lkeria.com\\\/\"],\"url\":\"https:\\\/\\\/www.info-algerie.com\\\/actualites\\\/author\\\/chakib32\\\/\"}]}<\/script>\n<!-- \/ Yoast SEO plugin. -->","yoast_head_json":{"title":"Le Pr\u00e9sident de la R\u00e9publique salue l&#039;esprit militant du d\u00e9funt Kamel Abderrahim et son d\u00e9vouement - info algerie","robots":{"index":"index","follow":"follow","max-snippet":"max-snippet:-1","max-image-preview":"max-image-preview:large","max-video-preview":"max-video-preview:-1"},"canonical":"https:\/\/www.info-algerie.com\/actualites\/le-president-de-la-republique-salue-lesprit-militant-du-defunt-kamel-abderrahim-et-son-devouement\/","og_locale":"fr_FR","og_type":"article","og_title":"Le Pr\u00e9sident de la R\u00e9publique salue l&#039;esprit militant du d\u00e9funt Kamel Abderrahim et son d\u00e9vouement - info algerie","og_description":"ALGER- Le pr\u00e9sident de la R\u00e9publique, M. Abdelaziz Bouteflika a adress\u00e9 un message de condol\u00e9ances \u00e0 la famille du Moudjahid Kamel Abderrahim, d\u00e9c\u00e9d\u00e9 mardi soir, dans lequel il a salu\u00e9 l&rsquo;esprit militant du d\u00e9funt et son d\u00e9vouement dans l&rsquo;accomplissement de son devoir\u00a0 dans les diff\u00e9rentes fonctions qu&rsquo;il a occup\u00e9es. &#013; &#013; &#013; \u00ab\u00a0J\u2019ai appris avec","og_url":"https:\/\/www.info-algerie.com\/actualites\/le-president-de-la-republique-salue-lesprit-militant-du-defunt-kamel-abderrahim-et-son-devouement\/","og_site_name":"info algerie","article_publisher":"https:\/\/www.facebook.com\/infoalgerieactu","article_published_time":"2017-10-26T07:39:34+00:00","og_image":[{"width":280,"height":171,"url":"https:\/\/www.info-algerie.com\/actualites\/wp-content\/uploads\/2017\/10\/de2ea76475b3461dab03e83e1cbe3900_S-1.jpg","type":"image\/jpeg"}],"author":"La r\u00e9daction","twitter_misc":{"\u00c9crit par":"La r\u00e9daction","Dur\u00e9e de lecture estim\u00e9e":"1 minute"},"schema":{"@context":"https:\/\/schema.org","@graph":[{"@type":"Article","@id":"https:\/\/www.info-algerie.com\/actualites\/le-president-de-la-republique-salue-lesprit-militant-du-defunt-kamel-abderrahim-et-son-devouement\/#article","isPartOf":{"@id":"https:\/\/www.info-algerie.com\/actualites\/le-president-de-la-republique-salue-lesprit-militant-du-defunt-kamel-abderrahim-et-son-devouement\/"},"author":{"name":"La r\u00e9daction","@id":"https:\/\/www.info-algerie.com\/actualites\/#\/schema\/person\/847aaec44920825b843a08f30ec6aa1e"},"headline":"Le Pr\u00e9sident de la R\u00e9publique salue l&#039;esprit militant du d\u00e9funt Kamel Abderrahim et son d\u00e9vouement","datePublished":"2017-10-26T07:39:34+00:00","mainEntityOfPage":{"@id":"https:\/\/www.info-algerie.com\/actualites\/le-president-de-la-republique-salue-lesprit-militant-du-defunt-kamel-abderrahim-et-son-devouement\/"},"wordCount":285,"commentCount":0,"publisher":{"@id":"https:\/\/www.info-algerie.com\/actualites\/#organization"},"image":{"@id":"https:\/\/www.info-algerie.com\/actualites\/le-president-de-la-republique-salue-lesprit-militant-du-defunt-kamel-abderrahim-et-son-devouement\/#primaryimage"},"thumbnailUrl":"https:\/\/www.info-algerie.com\/actualites\/wp-content\/uploads\/2017\/10\/de2ea76475b3461dab03e83e1cbe3900_S-1.jpg","keywords":["ONU"],"articleSection":["infos"],"inLanguage":"fr-FR","potentialAction":[{"@type":"CommentAction","name":"Comment","target":["https:\/\/www.info-algerie.com\/actualites\/le-president-de-la-republique-salue-lesprit-militant-du-defunt-kamel-abderrahim-et-son-devouement\/#respond"]}]},{"@type":"WebPage","@id":"https:\/\/www.info-algerie.com\/actualites\/le-president-de-la-republique-salue-lesprit-militant-du-defunt-kamel-abderrahim-et-son-devouement\/","url":"https:\/\/www.info-algerie.com\/actualites\/le-president-de-la-republique-salue-lesprit-militant-du-defunt-kamel-abderrahim-et-son-devouement\/","name":"Le Pr\u00e9sident de la R\u00e9publique salue l&#039;esprit militant du d\u00e9funt Kamel Abderrahim et son d\u00e9vouement - info algerie","isPartOf":{"@id":"https:\/\/www.info-algerie.com\/actualites\/#website"},"primaryImageOfPage":{"@id":"https:\/\/www.info-algerie.com\/actualites\/le-president-de-la-republique-salue-lesprit-militant-du-defunt-kamel-abderrahim-et-son-devouement\/#primaryimage"},"image":{"@id":"https:\/\/www.info-algerie.com\/actualites\/le-president-de-la-republique-salue-lesprit-militant-du-defunt-kamel-abderrahim-et-son-devouement\/#primaryimage"},"thumbnailUrl":"https:\/\/www.info-algerie.com\/actualites\/wp-content\/uploads\/2017\/10\/de2ea76475b3461dab03e83e1cbe3900_S-1.jpg","datePublished":"2017-10-26T07:39:34+00:00","breadcrumb":{"@id":"https:\/\/www.info-algerie.com\/actualites\/le-president-de-la-republique-salue-lesprit-militant-du-defunt-kamel-abderrahim-et-son-devouement\/#breadcrumb"},"inLanguage":"fr-FR","potentialAction":[{"@type":"ReadAction","target":["https:\/\/www.info-algerie.com\/actualites\/le-president-de-la-republique-salue-lesprit-militant-du-defunt-kamel-abderrahim-et-son-devouement\/"]}]},{"@type":"ImageObject","inLanguage":"fr-FR","@id":"https:\/\/www.info-algerie.com\/actualites\/le-president-de-la-republique-salue-lesprit-militant-du-defunt-kamel-abderrahim-et-son-devouement\/#primaryimage","url":"https:\/\/www.info-algerie.com\/actualites\/wp-content\/uploads\/2017\/10\/de2ea76475b3461dab03e83e1cbe3900_S-1.jpg","contentUrl":"https:\/\/www.info-algerie.com\/actualites\/wp-content\/uploads\/2017\/10\/de2ea76475b3461dab03e83e1cbe3900_S-1.jpg","width":280,"height":171},{"@type":"BreadcrumbList","@id":"https:\/\/www.info-algerie.com\/actualites\/le-president-de-la-republique-salue-lesprit-militant-du-defunt-kamel-abderrahim-et-son-devouement\/#breadcrumb","itemListElement":[{"@type":"ListItem","position":1,"name":"Accueil","item":"https:\/\/www.info-algerie.com\/actualites\/"},{"@type":"ListItem","position":2,"name":"Le Pr\u00e9sident de la R\u00e9publique salue l&#039;esprit militant du d\u00e9funt Kamel Abderrahim et son d\u00e9vouement"}]},{"@type":"WebSite","@id":"https:\/\/www.info-algerie.com\/actualites\/#website","url":"https:\/\/www.info-algerie.com\/actualites\/","name":"info algerie","description":"Toutes les actualit\u00e9s","publisher":{"@id":"https:\/\/www.info-algerie.com\/actualites\/#organization"},"potentialAction":[{"@type":"SearchAction","target":{"@type":"EntryPoint","urlTemplate":"https:\/\/www.info-algerie.com\/actualites\/?s={search_term_string}"},"query-input":{"@type":"PropertyValueSpecification","valueRequired":true,"valueName":"search_term_string"}}],"inLanguage":"fr-FR"},{"@type":"Organization","@id":"https:\/\/www.info-algerie.com\/actualites\/#organization","name":"info algerie","url":"https:\/\/www.info-algerie.com\/actualites\/","logo":{"@type":"ImageObject","inLanguage":"fr-FR","@id":"https:\/\/www.info-algerie.com\/actualites\/#\/schema\/logo\/image\/","url":"https:\/\/www.info-algerie.com\/actualites\/wp-content\/uploads\/2022\/07\/logo-ia-120.png","contentUrl":"https:\/\/www.info-algerie.com\/actualites\/wp-content\/uploads\/2022\/07\/logo-ia-120.png","width":120,"height":43,"caption":"info algerie"},"image":{"@id":"https:\/\/www.info-algerie.com\/actualites\/#\/schema\/logo\/image\/"},"sameAs":["https:\/\/www.facebook.com\/infoalgerieactu","https:\/\/x.com\/infoalgerie1"]},{"@type":"Person","@id":"https:\/\/www.info-algerie.com\/actualites\/#\/schema\/person\/847aaec44920825b843a08f30ec6aa1e","name":"La r\u00e9daction","image":{"@type":"ImageObject","inLanguage":"fr-FR","@id":"https:\/\/secure.gravatar.com\/avatar\/769db425c6f465158149f1ffd6cf61ce7a8a879d11dfbef8288af36dfddd418c?s=96&d=mm&r=g","url":"https:\/\/secure.gravatar.com\/avatar\/769db425c6f465158149f1ffd6cf61ce7a8a879d11dfbef8288af36dfddd418c?s=96&d=mm&r=g","contentUrl":"https:\/\/secure.gravatar.com\/avatar\/769db425c6f465158149f1ffd6cf61ce7a8a879d11dfbef8288af36dfddd418c?s=96&d=mm&r=g","caption":"La r\u00e9daction"},"sameAs":["http:\/\/www.lkeria.com\/"],"url":"https:\/\/www.info-algerie.com\/actualites\/author\/chakib32\/"}]}},"_links":{"self":[{"href":"https:\/\/www.info-algerie.com\/actualites\/wp-json\/wp\/v2\/posts\/17278","targetHints":{"allow":["GET"]}}],"collection":[{"href":"https:\/\/www.info-algerie.com\/actualites\/wp-json\/wp\/v2\/posts"}],"about":[{"href":"https:\/\/www.info-algerie.com\/actualites\/wp-json\/wp\/v2\/types\/post"}],"author":[{"embeddable":true,"href":"https:\/\/www.info-algerie.com\/actualites\/wp-json\/wp\/v2\/users\/6"}],"replies":[{"embeddable":true,"href":"https:\/\/www.info-algerie.com\/actualites\/wp-json\/wp\/v2\/comments?post=17278"}],"version-history":[{"count":0,"href":"https:\/\/www.info-algerie.com\/actualites\/wp-json\/wp\/v2\/posts\/17278\/revisions"}],"wp:featuredmedia":[{"embeddable":true,"href":"https:\/\/www.info-algerie.com\/actualites\/wp-json\/wp\/v2\/media\/17279"}],"wp:attachment":[{"href":"https:\/\/www.info-algerie.com\/actualites\/wp-json\/wp\/v2\/media?parent=17278"}],"wp:term":[{"taxonomy":"category","embeddable":true,"href":"https:\/\/www.info-algerie.com\/actualites\/wp-json\/wp\/v2\/categories?post=17278"},{"taxonomy":"post_tag","embeddable":true,"href":"https:\/\/www.info-algerie.com\/actualites\/wp-json\/wp\/v2\/tags?post=17278"}],"curies":[{"name":"wp","href":"https:\/\/api.w.org\/{rel}","templated":true}]}}