{"id":17280,"date":"2017-10-26T11:26:27","date_gmt":"2017-10-26T10:26:27","guid":{"rendered":"http:\/\/www.info-algerie.com\/actualites\/elections-locales-installation-de-la-direction-generale-de-la-campagne-electorale-du-parti-du-fln\/"},"modified":"2017-10-26T11:26:27","modified_gmt":"2017-10-26T10:26:27","slug":"elections-locales-installation-de-la-direction-generale-de-la-campagne-electorale-du-parti-du-fln","status":"publish","type":"post","link":"https:\/\/www.info-algerie.com\/actualites\/elections-locales-installation-de-la-direction-generale-de-la-campagne-electorale-du-parti-du-fln\/","title":{"rendered":"Elections locales: Installation de la Direction g\u00e9n\u00e9rale de la campagne \u00e9lectorale du parti du FLN"},"content":{"rendered":"<div class=\"K2FeedIntroText\">\n<p class=\"MsoNoSpacing\">\u00a0<\/p>\n<p>&#013;<\/p>\n<p>ALGER- Le secr\u00e9taire g\u00e9n\u00e9ral du parti du Front de lib\u00e9ration nationale, Djamel Ould Abbes, a annonc\u00e9 mercredi \u00e0 Alger l&rsquo;installation officielle de la Direction g\u00e9n\u00e9rale de la campagne \u00e9lectorale pour le scrutin local du 23 novembre prochain.<\/p>\n<p>&#013;\n<\/p><\/div>\n<div class=\"K2FeedFullText\">&#013;<\/p>\n<p>Dans une d\u00e9claration en marge de l&rsquo;installation de la Direction g\u00e9n\u00e9rale de la campagne \u00e9lectorale \u00e0 l&rsquo;issue de la r\u00e9union du bureau politique du parti, M. Ould Abbes s&rsquo;est dit \u00ab\u00a0tr\u00e8s satisfait\u00a0\u00bb des pr\u00e9paratifs du prochain rendez-vous \u00e9lectoral, pr\u00e9cisant que \u00ab\u00a0la s\u00e9lection des candidats qui a \u00e9t\u00e9\u00a0 confi\u00e9e \u00e0 la base et aux militants du parti s&rsquo;est faite dans les r\u00e8gles et loin du n\u00e9potisme\u00a0\u00bb.<\/p>\n<p>&#013;<\/p>\n<p>Evoquant la pr\u00e9paration des listes de candidature, le secr\u00e9taire g\u00e9n\u00e9ral du parti du FLN a pr\u00e9cis\u00e9 que \u00ab\u00a0sur les quelque 60.000 dossiers de candidature re\u00e7us, 38.728 candidats ont \u00e9t\u00e9 retenus, dont 33.295 pour les Assembl\u00e9e populaires communales (APC) et 4.419 pour les Assembl\u00e9es populaires de wilaya (APW)\u00a0\u00bb.<\/p>\n<p>&#013;<\/p>\n<p>\u00ab\u00a065% des candidats retenus sont des universitaires alors que 25% ont un niveau moyen et 10% un niveau primaire\u00a0\u00bb, a-t-il fait savoir, ajoutant que \u00ab\u00a075% des candidats sont \u00e2g\u00e9s entre 25 et 45 ans, 20% entre 45 et 55 ans et 5% plus de 65 ans\u00a0\u00bb.<\/p>\n<p>&#013;<\/p>\n<p>Concernant le programme de la campagne \u00e9lectorale du parti du FLN, M. Ould Abbes a indiqu\u00e9 que les premiers meetings du parti sont pr\u00e9vus dans les wilayas d&rsquo;Ouargla, Oran, A\u00efn Defla et M\u00e9d\u00e9a, soulignant qu&rsquo;ils seront mis \u00e0 profit pour pr\u00e9senter le bilan des r\u00e9alisations depuis 1999 dans le cadre\u00a0\u00a0du programme du pr\u00e9sident de la R\u00e9publique, Abdelaziz Bouteflika\u00a0\u00bb.<\/p>\n<p>&#013;<\/p>\n<p>M. Ould\u00a0 Abbes a affirm\u00e9 que le FLN qui \u00ab\u00a0d\u00e9fendra, lors des \u00e9lections locales, sa position de premi\u00e8re force politique du pays ne craint aucune autre formation politique\u00a0\u00bb.<\/p>\n<p>&#013;<\/p>\n<p>Il a estim\u00e9 que les prochaines \u00e9ch\u00e9ances \u00ab\u00a0rev\u00eatent un caract\u00e8re particulier car elles sont li\u00e9es \u00e0 l&rsquo;\u00e9lection pr\u00e9sidentielle 2019\u00a0\u00bb, ajoutant que c&rsquo;est \u00ab\u00a0le candidat du FLN \u00e0 la prochaine \u00e9lection\u00a0 pr\u00e9sidentielle qui sera \u00e9lu pr\u00e9sident\u00a0\u00bb.<\/p>\n<p>&#013;<\/p>\n<p>R\u00e9pondant aux questions des journalistes \u00e0 l&rsquo;issue de cette r\u00e9union, le secr\u00e9taire g\u00e9n\u00e9ral du parti a indiqu\u00e9 que les contestations dans certaines Mouhafadate, concernant les listes de candidature, d\u00e9notent de la \u00ab\u00a0vigilance des militants qui refusent que des intrus se portent candidats au nom du parti\u00a0\u00bb, affirmant que le FLN \u00ab\u00a0se porte bien gr\u00e2ce \u00e0 ses militants\u00a0\u00bb.<\/p>\n<p>&#013;<\/p>\n<p>Concernant les partis qui mettent en doute l&rsquo;int\u00e9grit\u00e9 du processus \u00e9lectoral avant m\u00eame son lancement, M. Ould\u00a0 Abbes a pr\u00e9cis\u00e9 que ces formations politiques \u00ab\u00a0cachent leur faiblesse en portant des accusations aux autres\u00a0\u00bb.<\/p>\n<p>&#013;<\/p>\n<p>Evoquant la derni\u00e8re r\u00e9union qui a regroup\u00e9 le Premier ministre et les responsables de la majorit\u00e9 pr\u00e9sidentielle, le secr\u00e9taire g\u00e9n\u00e9ral du parti FLN a soulign\u00e9 qu&rsquo;elle \u00ab\u00a0s&rsquo;est d\u00e9roul\u00e9e avec le Premier ministre qui a \u00e9t\u00e9 d\u00e9sign\u00e9 par le Pr\u00e9sident de la R\u00e9publique, nous le soutenons puisqu&rsquo;il soutient le Pr\u00e9sident\u00a0\u00bb, a-t-il affirm\u00e9.<\/p>\n<p>&#013;<\/p>\n<p>Commentant les d\u00e9clarations du secr\u00e9taire g\u00e9n\u00e9ral du Rassemblement national d\u00e9mocratique (RND), sur le proc\u00e8s de certains responsables accus\u00e9s de corruption, M. Ould Abbes a dit avoir une \u00ab\u00a0confiance totale en la justice alg\u00e9rienne\u00a0\u00bb.<\/p>\n<p>&#013;<\/p>\n<p>\u00a0<\/p>\n<p>&#013;<\/p>\n<p>S&rsquo;agissant des derni\u00e8res d\u00e9clarations du ministre des Affaires \u00e9trang\u00e8res, Abdelkader Messahel sur le Maroc, il a indiqu\u00e9 que la politique \u00e9trang\u00e8re relevait des \u00ab\u00a0pr\u00e9rogatives du Pr\u00e9sident de la R\u00e9publique\u00a0\u00bb, ajoutant que le parti \u00ab\u00a0attend l&rsquo;\u00e9volution des \u00e9v\u00e8nements, notamment \u00e0 la lumi\u00e8re des\u00a0 attaques dont l&rsquo;Alg\u00e9rie fait l&rsquo;objet actuellement.\u00a0<\/p>\n<\/div>\n<p>&#013;<br \/>\nSource: <a href=\"http:\/\/www.aps.dz\/algerie\/64503-elections-locales-installation-de-la-direction-generale-de-la-campagne-electorale-du-parti-du-fln\" target=\"_blank\">Elections locales: Installation de la Direction g\u00e9n\u00e9rale de la campagne \u00e9lectorale du parti du FLN<\/a><\/p>\n<!--CusAds0-->\n<div style=\"font-size: 0px; height: 0px; line-height: 0px; margin: 0; padding: 0; clear: both;\"><\/div>","protected":false},"excerpt":{"rendered":"<p>\u00a0 &#013; ALGER- Le secr\u00e9taire g\u00e9n\u00e9ral du parti du Front de lib\u00e9ration nationale, Djamel Ould Abbes, a annonc\u00e9 mercredi \u00e0 Alger l&rsquo;installation officielle de la Direction g\u00e9n\u00e9rale de la campagne \u00e9lectorale pour le scrutin local du 23 novembre prochain. &#013; &#013; Dans une d\u00e9claration en marge de l&rsquo;installation de la Direction g\u00e9n\u00e9rale de la campagne<\/p>\n","protected":false},"author":6,"featured_media":0,"comment_status":"open","ping_status":"open","sticky":false,"template":"","format":"standard","meta":{"footnotes":""},"categories":[22],"tags":[93],"class_list":["post-17280","post","type-post","status-publish","format-standard","hentry","category-infos","tag-onu"],"yoast_head":"<!-- This site is optimized with the Yoast SEO plugin v27.5 - https:\/\/yoast.com\/product\/yoast-seo-wordpress\/ -->\n<title>Elections locales: Installation de la Direction g\u00e9n\u00e9rale de la campagne \u00e9lectorale du parti du FLN - info algerie<\/title>\n<meta name=\"robots\" content=\"index, follow, max-snippet:-1, max-image-preview:large, max-video-preview:-1\" \/>\n<link rel=\"canonical\" href=\"https:\/\/www.info-algerie.com\/actualites\/elections-locales-installation-de-la-direction-generale-de-la-campagne-electorale-du-parti-du-fln\/\" \/>\n<meta property=\"og:locale\" content=\"fr_FR\" \/>\n<meta property=\"og:type\" content=\"article\" \/>\n<meta property=\"og:title\" content=\"Elections locales: Installation de la Direction g\u00e9n\u00e9rale de la campagne \u00e9lectorale du parti du FLN - info algerie\" \/>\n<meta property=\"og:description\" content=\"\u00a0 &#013; ALGER- Le secr\u00e9taire g\u00e9n\u00e9ral du parti du Front de lib\u00e9ration nationale, Djamel Ould Abbes, a annonc\u00e9 mercredi \u00e0 Alger l&rsquo;installation officielle de la Direction g\u00e9n\u00e9rale de la campagne \u00e9lectorale pour le scrutin local du 23 novembre prochain. &#013; &#013; Dans une d\u00e9claration en marge de l&rsquo;installation de la Direction g\u00e9n\u00e9rale de la campagne\" \/>\n<meta property=\"og:url\" content=\"https:\/\/www.info-algerie.com\/actualites\/elections-locales-installation-de-la-direction-generale-de-la-campagne-electorale-du-parti-du-fln\/\" \/>\n<meta property=\"og:site_name\" content=\"info algerie\" \/>\n<meta property=\"article:publisher\" content=\"https:\/\/www.facebook.com\/infoalgerieactu\" \/>\n<meta property=\"article:published_time\" content=\"2017-10-26T10:26:27+00:00\" \/>\n<meta name=\"author\" content=\"La r\u00e9daction\" \/>\n<meta name=\"twitter:label1\" content=\"\u00c9crit par\" \/>\n\t<meta name=\"twitter:data1\" content=\"La r\u00e9daction\" \/>\n\t<meta name=\"twitter:label2\" content=\"Dur\u00e9e de lecture estim\u00e9e\" \/>\n\t<meta name=\"twitter:data2\" content=\"3 minutes\" \/>\n<script type=\"application\/ld+json\" class=\"yoast-schema-graph\">{\"@context\":\"https:\\\/\\\/schema.org\",\"@graph\":[{\"@type\":\"Article\",\"@id\":\"https:\\\/\\\/www.info-algerie.com\\\/actualites\\\/elections-locales-installation-de-la-direction-generale-de-la-campagne-electorale-du-parti-du-fln\\\/#article\",\"isPartOf\":{\"@id\":\"https:\\\/\\\/www.info-algerie.com\\\/actualites\\\/elections-locales-installation-de-la-direction-generale-de-la-campagne-electorale-du-parti-du-fln\\\/\"},\"author\":{\"name\":\"La r\u00e9daction\",\"@id\":\"https:\\\/\\\/www.info-algerie.com\\\/actualites\\\/#\\\/schema\\\/person\\\/847aaec44920825b843a08f30ec6aa1e\"},\"headline\":\"Elections locales: Installation de la Direction g\u00e9n\u00e9rale de la campagne \u00e9lectorale du parti du FLN\",\"datePublished\":\"2017-10-26T10:26:27+00:00\",\"mainEntityOfPage\":{\"@id\":\"https:\\\/\\\/www.info-algerie.com\\\/actualites\\\/elections-locales-installation-de-la-direction-generale-de-la-campagne-electorale-du-parti-du-fln\\\/\"},\"wordCount\":648,\"commentCount\":0,\"publisher\":{\"@id\":\"https:\\\/\\\/www.info-algerie.com\\\/actualites\\\/#organization\"},\"keywords\":[\"ONU\"],\"articleSection\":[\"infos\"],\"inLanguage\":\"fr-FR\",\"potentialAction\":[{\"@type\":\"CommentAction\",\"name\":\"Comment\",\"target\":[\"https:\\\/\\\/www.info-algerie.com\\\/actualites\\\/elections-locales-installation-de-la-direction-generale-de-la-campagne-electorale-du-parti-du-fln\\\/#respond\"]}]},{\"@type\":\"WebPage\",\"@id\":\"https:\\\/\\\/www.info-algerie.com\\\/actualites\\\/elections-locales-installation-de-la-direction-generale-de-la-campagne-electorale-du-parti-du-fln\\\/\",\"url\":\"https:\\\/\\\/www.info-algerie.com\\\/actualites\\\/elections-locales-installation-de-la-direction-generale-de-la-campagne-electorale-du-parti-du-fln\\\/\",\"name\":\"Elections locales: Installation de la Direction g\u00e9n\u00e9rale de la campagne \u00e9lectorale du parti du FLN - info algerie\",\"isPartOf\":{\"@id\":\"https:\\\/\\\/www.info-algerie.com\\\/actualites\\\/#website\"},\"datePublished\":\"2017-10-26T10:26:27+00:00\",\"breadcrumb\":{\"@id\":\"https:\\\/\\\/www.info-algerie.com\\\/actualites\\\/elections-locales-installation-de-la-direction-generale-de-la-campagne-electorale-du-parti-du-fln\\\/#breadcrumb\"},\"inLanguage\":\"fr-FR\",\"potentialAction\":[{\"@type\":\"ReadAction\",\"target\":[\"https:\\\/\\\/www.info-algerie.com\\\/actualites\\\/elections-locales-installation-de-la-direction-generale-de-la-campagne-electorale-du-parti-du-fln\\\/\"]}]},{\"@type\":\"BreadcrumbList\",\"@id\":\"https:\\\/\\\/www.info-algerie.com\\\/actualites\\\/elections-locales-installation-de-la-direction-generale-de-la-campagne-electorale-du-parti-du-fln\\\/#breadcrumb\",\"itemListElement\":[{\"@type\":\"ListItem\",\"position\":1,\"name\":\"Accueil\",\"item\":\"https:\\\/\\\/www.info-algerie.com\\\/actualites\\\/\"},{\"@type\":\"ListItem\",\"position\":2,\"name\":\"Elections locales: Installation de la Direction g\u00e9n\u00e9rale de la campagne \u00e9lectorale du parti du FLN\"}]},{\"@type\":\"WebSite\",\"@id\":\"https:\\\/\\\/www.info-algerie.com\\\/actualites\\\/#website\",\"url\":\"https:\\\/\\\/www.info-algerie.com\\\/actualites\\\/\",\"name\":\"info algerie\",\"description\":\"Toutes les actualit\u00e9s\",\"publisher\":{\"@id\":\"https:\\\/\\\/www.info-algerie.com\\\/actualites\\\/#organization\"},\"potentialAction\":[{\"@type\":\"SearchAction\",\"target\":{\"@type\":\"EntryPoint\",\"urlTemplate\":\"https:\\\/\\\/www.info-algerie.com\\\/actualites\\\/?s={search_term_string}\"},\"query-input\":{\"@type\":\"PropertyValueSpecification\",\"valueRequired\":true,\"valueName\":\"search_term_string\"}}],\"inLanguage\":\"fr-FR\"},{\"@type\":\"Organization\",\"@id\":\"https:\\\/\\\/www.info-algerie.com\\\/actualites\\\/#organization\",\"name\":\"info algerie\",\"url\":\"https:\\\/\\\/www.info-algerie.com\\\/actualites\\\/\",\"logo\":{\"@type\":\"ImageObject\",\"inLanguage\":\"fr-FR\",\"@id\":\"https:\\\/\\\/www.info-algerie.com\\\/actualites\\\/#\\\/schema\\\/logo\\\/image\\\/\",\"url\":\"https:\\\/\\\/www.info-algerie.com\\\/actualites\\\/wp-content\\\/uploads\\\/2022\\\/07\\\/logo-ia-120.png\",\"contentUrl\":\"https:\\\/\\\/www.info-algerie.com\\\/actualites\\\/wp-content\\\/uploads\\\/2022\\\/07\\\/logo-ia-120.png\",\"width\":120,\"height\":43,\"caption\":\"info algerie\"},\"image\":{\"@id\":\"https:\\\/\\\/www.info-algerie.com\\\/actualites\\\/#\\\/schema\\\/logo\\\/image\\\/\"},\"sameAs\":[\"https:\\\/\\\/www.facebook.com\\\/infoalgerieactu\",\"https:\\\/\\\/x.com\\\/infoalgerie1\"]},{\"@type\":\"Person\",\"@id\":\"https:\\\/\\\/www.info-algerie.com\\\/actualites\\\/#\\\/schema\\\/person\\\/847aaec44920825b843a08f30ec6aa1e\",\"name\":\"La r\u00e9daction\",\"image\":{\"@type\":\"ImageObject\",\"inLanguage\":\"fr-FR\",\"@id\":\"https:\\\/\\\/secure.gravatar.com\\\/avatar\\\/769db425c6f465158149f1ffd6cf61ce7a8a879d11dfbef8288af36dfddd418c?s=96&d=mm&r=g\",\"url\":\"https:\\\/\\\/secure.gravatar.com\\\/avatar\\\/769db425c6f465158149f1ffd6cf61ce7a8a879d11dfbef8288af36dfddd418c?s=96&d=mm&r=g\",\"contentUrl\":\"https:\\\/\\\/secure.gravatar.com\\\/avatar\\\/769db425c6f465158149f1ffd6cf61ce7a8a879d11dfbef8288af36dfddd418c?s=96&d=mm&r=g\",\"caption\":\"La r\u00e9daction\"},\"sameAs\":[\"http:\\\/\\\/www.lkeria.com\\\/\"],\"url\":\"https:\\\/\\\/www.info-algerie.com\\\/actualites\\\/author\\\/chakib32\\\/\"}]}<\/script>\n<!-- \/ Yoast SEO plugin. -->","yoast_head_json":{"title":"Elections locales: Installation de la Direction g\u00e9n\u00e9rale de la campagne \u00e9lectorale du parti du FLN - info algerie","robots":{"index":"index","follow":"follow","max-snippet":"max-snippet:-1","max-image-preview":"max-image-preview:large","max-video-preview":"max-video-preview:-1"},"canonical":"https:\/\/www.info-algerie.com\/actualites\/elections-locales-installation-de-la-direction-generale-de-la-campagne-electorale-du-parti-du-fln\/","og_locale":"fr_FR","og_type":"article","og_title":"Elections locales: Installation de la Direction g\u00e9n\u00e9rale de la campagne \u00e9lectorale du parti du FLN - info algerie","og_description":"\u00a0 &#013; ALGER- Le secr\u00e9taire g\u00e9n\u00e9ral du parti du Front de lib\u00e9ration nationale, Djamel Ould Abbes, a annonc\u00e9 mercredi \u00e0 Alger l&rsquo;installation officielle de la Direction g\u00e9n\u00e9rale de la campagne \u00e9lectorale pour le scrutin local du 23 novembre prochain. &#013; &#013; Dans une d\u00e9claration en marge de l&rsquo;installation de la Direction g\u00e9n\u00e9rale de la campagne","og_url":"https:\/\/www.info-algerie.com\/actualites\/elections-locales-installation-de-la-direction-generale-de-la-campagne-electorale-du-parti-du-fln\/","og_site_name":"info algerie","article_publisher":"https:\/\/www.facebook.com\/infoalgerieactu","article_published_time":"2017-10-26T10:26:27+00:00","author":"La r\u00e9daction","twitter_misc":{"\u00c9crit par":"La r\u00e9daction","Dur\u00e9e de lecture estim\u00e9e":"3 minutes"},"schema":{"@context":"https:\/\/schema.org","@graph":[{"@type":"Article","@id":"https:\/\/www.info-algerie.com\/actualites\/elections-locales-installation-de-la-direction-generale-de-la-campagne-electorale-du-parti-du-fln\/#article","isPartOf":{"@id":"https:\/\/www.info-algerie.com\/actualites\/elections-locales-installation-de-la-direction-generale-de-la-campagne-electorale-du-parti-du-fln\/"},"author":{"name":"La r\u00e9daction","@id":"https:\/\/www.info-algerie.com\/actualites\/#\/schema\/person\/847aaec44920825b843a08f30ec6aa1e"},"headline":"Elections locales: Installation de la Direction g\u00e9n\u00e9rale de la campagne \u00e9lectorale du parti du FLN","datePublished":"2017-10-26T10:26:27+00:00","mainEntityOfPage":{"@id":"https:\/\/www.info-algerie.com\/actualites\/elections-locales-installation-de-la-direction-generale-de-la-campagne-electorale-du-parti-du-fln\/"},"wordCount":648,"commentCount":0,"publisher":{"@id":"https:\/\/www.info-algerie.com\/actualites\/#organization"},"keywords":["ONU"],"articleSection":["infos"],"inLanguage":"fr-FR","potentialAction":[{"@type":"CommentAction","name":"Comment","target":["https:\/\/www.info-algerie.com\/actualites\/elections-locales-installation-de-la-direction-generale-de-la-campagne-electorale-du-parti-du-fln\/#respond"]}]},{"@type":"WebPage","@id":"https:\/\/www.info-algerie.com\/actualites\/elections-locales-installation-de-la-direction-generale-de-la-campagne-electorale-du-parti-du-fln\/","url":"https:\/\/www.info-algerie.com\/actualites\/elections-locales-installation-de-la-direction-generale-de-la-campagne-electorale-du-parti-du-fln\/","name":"Elections locales: Installation de la Direction g\u00e9n\u00e9rale de la campagne \u00e9lectorale du parti du FLN - info algerie","isPartOf":{"@id":"https:\/\/www.info-algerie.com\/actualites\/#website"},"datePublished":"2017-10-26T10:26:27+00:00","breadcrumb":{"@id":"https:\/\/www.info-algerie.com\/actualites\/elections-locales-installation-de-la-direction-generale-de-la-campagne-electorale-du-parti-du-fln\/#breadcrumb"},"inLanguage":"fr-FR","potentialAction":[{"@type":"ReadAction","target":["https:\/\/www.info-algerie.com\/actualites\/elections-locales-installation-de-la-direction-generale-de-la-campagne-electorale-du-parti-du-fln\/"]}]},{"@type":"BreadcrumbList","@id":"https:\/\/www.info-algerie.com\/actualites\/elections-locales-installation-de-la-direction-generale-de-la-campagne-electorale-du-parti-du-fln\/#breadcrumb","itemListElement":[{"@type":"ListItem","position":1,"name":"Accueil","item":"https:\/\/www.info-algerie.com\/actualites\/"},{"@type":"ListItem","position":2,"name":"Elections locales: Installation de la Direction g\u00e9n\u00e9rale de la campagne \u00e9lectorale du parti du FLN"}]},{"@type":"WebSite","@id":"https:\/\/www.info-algerie.com\/actualites\/#website","url":"https:\/\/www.info-algerie.com\/actualites\/","name":"info algerie","description":"Toutes les actualit\u00e9s","publisher":{"@id":"https:\/\/www.info-algerie.com\/actualites\/#organization"},"potentialAction":[{"@type":"SearchAction","target":{"@type":"EntryPoint","urlTemplate":"https:\/\/www.info-algerie.com\/actualites\/?s={search_term_string}"},"query-input":{"@type":"PropertyValueSpecification","valueRequired":true,"valueName":"search_term_string"}}],"inLanguage":"fr-FR"},{"@type":"Organization","@id":"https:\/\/www.info-algerie.com\/actualites\/#organization","name":"info algerie","url":"https:\/\/www.info-algerie.com\/actualites\/","logo":{"@type":"ImageObject","inLanguage":"fr-FR","@id":"https:\/\/www.info-algerie.com\/actualites\/#\/schema\/logo\/image\/","url":"https:\/\/www.info-algerie.com\/actualites\/wp-content\/uploads\/2022\/07\/logo-ia-120.png","contentUrl":"https:\/\/www.info-algerie.com\/actualites\/wp-content\/uploads\/2022\/07\/logo-ia-120.png","width":120,"height":43,"caption":"info algerie"},"image":{"@id":"https:\/\/www.info-algerie.com\/actualites\/#\/schema\/logo\/image\/"},"sameAs":["https:\/\/www.facebook.com\/infoalgerieactu","https:\/\/x.com\/infoalgerie1"]},{"@type":"Person","@id":"https:\/\/www.info-algerie.com\/actualites\/#\/schema\/person\/847aaec44920825b843a08f30ec6aa1e","name":"La r\u00e9daction","image":{"@type":"ImageObject","inLanguage":"fr-FR","@id":"https:\/\/secure.gravatar.com\/avatar\/769db425c6f465158149f1ffd6cf61ce7a8a879d11dfbef8288af36dfddd418c?s=96&d=mm&r=g","url":"https:\/\/secure.gravatar.com\/avatar\/769db425c6f465158149f1ffd6cf61ce7a8a879d11dfbef8288af36dfddd418c?s=96&d=mm&r=g","contentUrl":"https:\/\/secure.gravatar.com\/avatar\/769db425c6f465158149f1ffd6cf61ce7a8a879d11dfbef8288af36dfddd418c?s=96&d=mm&r=g","caption":"La r\u00e9daction"},"sameAs":["http:\/\/www.lkeria.com\/"],"url":"https:\/\/www.info-algerie.com\/actualites\/author\/chakib32\/"}]}},"_links":{"self":[{"href":"https:\/\/www.info-algerie.com\/actualites\/wp-json\/wp\/v2\/posts\/17280","targetHints":{"allow":["GET"]}}],"collection":[{"href":"https:\/\/www.info-algerie.com\/actualites\/wp-json\/wp\/v2\/posts"}],"about":[{"href":"https:\/\/www.info-algerie.com\/actualites\/wp-json\/wp\/v2\/types\/post"}],"author":[{"embeddable":true,"href":"https:\/\/www.info-algerie.com\/actualites\/wp-json\/wp\/v2\/users\/6"}],"replies":[{"embeddable":true,"href":"https:\/\/www.info-algerie.com\/actualites\/wp-json\/wp\/v2\/comments?post=17280"}],"version-history":[{"count":0,"href":"https:\/\/www.info-algerie.com\/actualites\/wp-json\/wp\/v2\/posts\/17280\/revisions"}],"wp:attachment":[{"href":"https:\/\/www.info-algerie.com\/actualites\/wp-json\/wp\/v2\/media?parent=17280"}],"wp:term":[{"taxonomy":"category","embeddable":true,"href":"https:\/\/www.info-algerie.com\/actualites\/wp-json\/wp\/v2\/categories?post=17280"},{"taxonomy":"post_tag","embeddable":true,"href":"https:\/\/www.info-algerie.com\/actualites\/wp-json\/wp\/v2\/tags?post=17280"}],"curies":[{"name":"wp","href":"https:\/\/api.w.org\/{rel}","templated":true}]}}