{"id":17297,"date":"2017-10-26T19:44:26","date_gmt":"2017-10-26T18:44:26","guid":{"rendered":"http:\/\/www.info-algerie.com\/actualites\/projet-de-loi-relatif-a-la-democratie-participative-porteur-de-mecanismes-encourageant-la-participation-du-citoyen-a-la-gestion-des-affaires-locales\/"},"modified":"2017-10-26T19:44:26","modified_gmt":"2017-10-26T18:44:26","slug":"projet-de-loi-relatif-a-la-democratie-participative-porteur-de-mecanismes-encourageant-la-participation-du-citoyen-a-la-gestion-des-affaires-locales","status":"publish","type":"post","link":"https:\/\/www.info-algerie.com\/actualites\/projet-de-loi-relatif-a-la-democratie-participative-porteur-de-mecanismes-encourageant-la-participation-du-citoyen-a-la-gestion-des-affaires-locales\/","title":{"rendered":"Projet de loi relatif \u00e0 la d\u00e9mocratie participative porteur de &quot;m\u00e9canismes encourageant la participation du citoyen \u00e0 la gestion des affaires locales"},"content":{"rendered":"<div class=\"K2FeedIntroText\">\n<p>ALGER &#8211; Le projet de loi relatif \u00e0 la promotion de la d\u00e9mocratie participative qui \u00ab\u00a0sera soumis prochainement au gouvernement puis au parlement\u00a0\u00bb comportera plusieurs m\u00e9canismes encourageant les citoyens \u00e0 s&rsquo;impliquer dans la gestion des affaires locales, a indiqu\u00e9, jeudi \u00e0 Alger, un responsable au minist\u00e8re de l&rsquo;Int\u00e9rieur, des collectivit\u00e9s locales et de l&rsquo;am\u00e9nagement du territoire.<\/p>\n<p>&#013;\n<\/p><\/div>\n<div class=\"K2FeedFullText\">&#013;<\/p>\n<p>\u00ab\u00a0L&rsquo;avant-projet de loi relatif \u00e0 la promotion de la d\u00e9mocratie participative au niveau local, qui sera pr\u00e9sent\u00e9 prochainement au gouvernement puis au parlement, vise la concr\u00e9tisation des nouvelles dispositions d\u00e9cid\u00e9es par le pr\u00e9sident de la R\u00e9publique, Abdelaziz Bouteflika, dans la derni\u00e8re r\u00e9vision constitutionnelle, \u00e0 travers la mise en place de m\u00e9canismes encourageant le citoyen \u00e0 s&rsquo;impliquer dans la gestion des affaires locales dans les communes et wilayas\u00a0\u00bb, a d\u00e9clar\u00e9 l&rsquo;Inspecteur g\u00e9n\u00e9ral au minist\u00e8re, Seddini Abderrahmane lors d&rsquo;une journ\u00e9e d&rsquo;\u00e9tude sur la d\u00e9mocratie participative.<\/p>\n<p>&#013;<\/p>\n<p>Le m\u00eame responsable pr\u00e9cise que ces m\u00e9canismes am\u00e8neront le citoyen \u00e0 participer \u00e0 \u00ab\u00a0la prise de d\u00e9cision et \u00e0 la gestion des affaires le concernant\u00a0\u00bb, notamment les projets d&rsquo;int\u00e9r\u00eat g\u00e9n\u00e9ral, et ce, \u00ab\u00a0soit directement ou via les supports des technologies modernes\u00a0\u00bb.<\/p>\n<p>&#013;<\/p>\n<p>A la question de savoir si ce texte visait \u00e0 prendre en charge la question de l&rsquo;abstention lors des \u00e9lections, M. Seddini a indiqu\u00e9 qu&rsquo;il \u00ab\u00a0ne se limite pas au traitement de abstentionnisme qui est un ph\u00e9nom\u00e8ne connus de tous les pays, mais vise \u00e0 encourager la participation du citoyen dans la gestion des affaires qui le concernent, dans le quartier et la commune de sa r\u00e9sidence\u00a0\u00bb, ajoutant que cette loi \u00ab\u00a0appuiera\u00a0\u00bb les Assembl\u00e9es locales \u00e9lues dans l&rsquo;exercice de leurs missions et la mise en \u0153uvre de ses programmes \u00e0 travers \u00ab\u00a0une\u00a0 connaissance plus grande et pr\u00e9cise des\u00a0 pr\u00e9occupations du citoyen\u00a0\u00bb.<\/p>\n<p>&#013;<\/p>\n<p>Dans ce contexte, il a pr\u00e9cis\u00e9 que \u00ab\u00a0le prochain projet de loi relatif aux collectivit\u00e9s locales \u0153uvrera \u00e0 \u00e9largir les pr\u00e9rogatives des \u00e9lus locaux afin qu&rsquo;elles soient en accord avec les objectifs de la d\u00e9mocratie participative\u00a0\u00bb.<\/p>\n<p>&#013;<\/p>\n<p>Le minist\u00e8re de l&rsquo;Int\u00e9rieur, des collectivit\u00e9s locales et de l&rsquo;am\u00e9nagement du territoire \u00ab\u00a0est en train d&rsquo;apporter les derni\u00e8res retouches \u00e0 ce projet de loi\u00a0\u00bb, a indiqu\u00e9 M. Sidani soulignant la prise en compte dans son \u00e9laboration de propositions de citoyens parvenues via le portail \u00e9lectronique du minist\u00e8re. Cet espace demeure ouvert pour d&rsquo;autres\u00a0 propositions, a-t-il conclu.<\/p>\n<p>&#013;<\/p>\n<p>De son c\u00f4t\u00e9, le Directeur g\u00e9n\u00e9ral des ressources humaines et de la formation au minist\u00e8re, Merabti Abdelhalim, a pr\u00e9cis\u00e9 que le minist\u00e8re a supervis\u00e9 \u00ab\u00a0la formation de 800 fonctionnaires autour de plusieurs th\u00e8mes, dont la d\u00e9mocratie participative\u00a0\u00bb.<\/p>\n<p>&#013;<\/p>\n<p>Lors de cette journ\u00e9e d&rsquo;\u00e9tude \u00e0 laquelle ont pris part 180 cadres repr\u00e9sentant les charg\u00e9s de communication au niveau de certains d\u00e9partements minist\u00e9riels et wilayas, ainsi que des repr\u00e9sentants de m\u00e9dias nationaux, une pr\u00e9sentation a \u00e9t\u00e9 faite sur le contenu et les objectifs du \u00ab\u00a0Programme de renforcement des capacit\u00e9s des acteurs de d\u00e9veloppement\u00a0 local\/communes mod\u00e8les(CapDel)\u00a0\u00bb et du \u00ab\u00a0Programme d&rsquo;appui \u00e0 la mise en ouvre de l&rsquo;Accord d&rsquo;Association avec l&rsquo;Union europ\u00e9enne,(P3A)\u00a0\u00bb.<\/p>\n<p>&#013;<\/p>\n<p class=\"MsoNormal\">En marge de cette journ\u00e9e d&rsquo;\u00e9tude, le Conseiller technique principal du programme (CapDel), S\u00e9bastien Vauzelle a pr\u00e9cis\u00e9 que la d\u00e9mocratie participative \u00ab\u00a0a un avenir radieux en Alg\u00e9rie, vu l&rsquo;existence de comp\u00e9tences dans divers domaines. De plus, a-t-il dit, \u00a0\u00bb la culture de la concertation est ancr\u00e9e dans la soci\u00e9t\u00e9 alg\u00e9rienne au vu de l&rsquo;existence\u00a0 ancienne de r\u00e9unions dans ce sens, tels que les assembl\u00e9es \u00ab\u00a0Azzaba\u00a0\u00bb et \u00ab\u00a0Tadjm\u00e2at\u00a0\u00bb.<\/p>\n<\/div>\n<p>&#013;<br \/>\nSource: <a href=\"http:\/\/www.aps.dz\/algerie\/64544-projet-de-loi-relatif-a-la-democratie-participative-porteur-de-mecanismes-encourageant-la-participation-du-citoyen-a-la-gestion-des-affaires-locales\" target=\"_blank\">Projet de loi relatif \u00e0 la d\u00e9mocratie participative porteur de \u00ab\u00a0m\u00e9canismes encourageant la participation du citoyen \u00e0 la gestion des affaires locales<\/a><\/p>\n<!--CusAds0-->\n<div style=\"font-size: 0px; height: 0px; line-height: 0px; margin: 0; padding: 0; clear: both;\"><\/div>","protected":false},"excerpt":{"rendered":"<p>ALGER &#8211; Le projet de loi relatif \u00e0 la promotion de la d\u00e9mocratie participative qui \u00ab\u00a0sera soumis prochainement au gouvernement puis au parlement\u00a0\u00bb comportera plusieurs m\u00e9canismes encourageant les citoyens \u00e0 s&rsquo;impliquer dans la gestion des affaires locales, a indiqu\u00e9, jeudi \u00e0 Alger, un responsable au minist\u00e8re de l&rsquo;Int\u00e9rieur, des collectivit\u00e9s locales et de l&rsquo;am\u00e9nagement du<\/p>\n","protected":false},"author":6,"featured_media":0,"comment_status":"open","ping_status":"open","sticky":false,"template":"","format":"standard","meta":{"footnotes":""},"categories":[22],"tags":[93],"class_list":["post-17297","post","type-post","status-publish","format-standard","hentry","category-infos","tag-onu"],"yoast_head":"<!-- This site is optimized with the Yoast SEO plugin v27.5 - https:\/\/yoast.com\/product\/yoast-seo-wordpress\/ -->\n<title>Projet de loi relatif \u00e0 la d\u00e9mocratie participative porteur de &quot;m\u00e9canismes encourageant la participation du citoyen \u00e0 la gestion des affaires locales - info algerie<\/title>\n<meta name=\"robots\" content=\"index, follow, max-snippet:-1, max-image-preview:large, max-video-preview:-1\" \/>\n<link rel=\"canonical\" href=\"https:\/\/www.info-algerie.com\/actualites\/projet-de-loi-relatif-a-la-democratie-participative-porteur-de-mecanismes-encourageant-la-participation-du-citoyen-a-la-gestion-des-affaires-locales\/\" \/>\n<meta property=\"og:locale\" content=\"fr_FR\" \/>\n<meta property=\"og:type\" content=\"article\" \/>\n<meta property=\"og:title\" content=\"Projet de loi relatif \u00e0 la d\u00e9mocratie participative porteur de &quot;m\u00e9canismes encourageant la participation du citoyen \u00e0 la gestion des affaires locales - info algerie\" \/>\n<meta property=\"og:description\" content=\"ALGER &#8211; Le projet de loi relatif \u00e0 la promotion de la d\u00e9mocratie participative qui \u00ab\u00a0sera soumis prochainement au gouvernement puis au parlement\u00a0\u00bb comportera plusieurs m\u00e9canismes encourageant les citoyens \u00e0 s&rsquo;impliquer dans la gestion des affaires locales, a indiqu\u00e9, jeudi \u00e0 Alger, un responsable au minist\u00e8re de l&rsquo;Int\u00e9rieur, des collectivit\u00e9s locales et de l&rsquo;am\u00e9nagement du\" \/>\n<meta property=\"og:url\" content=\"https:\/\/www.info-algerie.com\/actualites\/projet-de-loi-relatif-a-la-democratie-participative-porteur-de-mecanismes-encourageant-la-participation-du-citoyen-a-la-gestion-des-affaires-locales\/\" \/>\n<meta property=\"og:site_name\" content=\"info algerie\" \/>\n<meta property=\"article:publisher\" content=\"https:\/\/www.facebook.com\/infoalgerieactu\" \/>\n<meta property=\"article:published_time\" content=\"2017-10-26T18:44:26+00:00\" \/>\n<meta name=\"author\" content=\"La r\u00e9daction\" \/>\n<meta name=\"twitter:label1\" content=\"\u00c9crit par\" \/>\n\t<meta name=\"twitter:data1\" content=\"La r\u00e9daction\" \/>\n\t<meta name=\"twitter:label2\" content=\"Dur\u00e9e de lecture estim\u00e9e\" \/>\n\t<meta name=\"twitter:data2\" content=\"3 minutes\" \/>\n<script type=\"application\/ld+json\" class=\"yoast-schema-graph\">{\"@context\":\"https:\\\/\\\/schema.org\",\"@graph\":[{\"@type\":\"Article\",\"@id\":\"https:\\\/\\\/www.info-algerie.com\\\/actualites\\\/projet-de-loi-relatif-a-la-democratie-participative-porteur-de-mecanismes-encourageant-la-participation-du-citoyen-a-la-gestion-des-affaires-locales\\\/#article\",\"isPartOf\":{\"@id\":\"https:\\\/\\\/www.info-algerie.com\\\/actualites\\\/projet-de-loi-relatif-a-la-democratie-participative-porteur-de-mecanismes-encourageant-la-participation-du-citoyen-a-la-gestion-des-affaires-locales\\\/\"},\"author\":{\"name\":\"La r\u00e9daction\",\"@id\":\"https:\\\/\\\/www.info-algerie.com\\\/actualites\\\/#\\\/schema\\\/person\\\/847aaec44920825b843a08f30ec6aa1e\"},\"headline\":\"Projet de loi relatif \u00e0 la d\u00e9mocratie participative porteur de &quot;m\u00e9canismes encourageant la participation du citoyen \u00e0 la gestion des affaires locales\",\"datePublished\":\"2017-10-26T18:44:26+00:00\",\"mainEntityOfPage\":{\"@id\":\"https:\\\/\\\/www.info-algerie.com\\\/actualites\\\/projet-de-loi-relatif-a-la-democratie-participative-porteur-de-mecanismes-encourageant-la-participation-du-citoyen-a-la-gestion-des-affaires-locales\\\/\"},\"wordCount\":682,\"commentCount\":0,\"publisher\":{\"@id\":\"https:\\\/\\\/www.info-algerie.com\\\/actualites\\\/#organization\"},\"keywords\":[\"ONU\"],\"articleSection\":[\"infos\"],\"inLanguage\":\"fr-FR\",\"potentialAction\":[{\"@type\":\"CommentAction\",\"name\":\"Comment\",\"target\":[\"https:\\\/\\\/www.info-algerie.com\\\/actualites\\\/projet-de-loi-relatif-a-la-democratie-participative-porteur-de-mecanismes-encourageant-la-participation-du-citoyen-a-la-gestion-des-affaires-locales\\\/#respond\"]}]},{\"@type\":\"WebPage\",\"@id\":\"https:\\\/\\\/www.info-algerie.com\\\/actualites\\\/projet-de-loi-relatif-a-la-democratie-participative-porteur-de-mecanismes-encourageant-la-participation-du-citoyen-a-la-gestion-des-affaires-locales\\\/\",\"url\":\"https:\\\/\\\/www.info-algerie.com\\\/actualites\\\/projet-de-loi-relatif-a-la-democratie-participative-porteur-de-mecanismes-encourageant-la-participation-du-citoyen-a-la-gestion-des-affaires-locales\\\/\",\"name\":\"Projet de loi relatif \u00e0 la d\u00e9mocratie participative porteur de &quot;m\u00e9canismes encourageant la participation du citoyen \u00e0 la gestion des affaires locales - info algerie\",\"isPartOf\":{\"@id\":\"https:\\\/\\\/www.info-algerie.com\\\/actualites\\\/#website\"},\"datePublished\":\"2017-10-26T18:44:26+00:00\",\"breadcrumb\":{\"@id\":\"https:\\\/\\\/www.info-algerie.com\\\/actualites\\\/projet-de-loi-relatif-a-la-democratie-participative-porteur-de-mecanismes-encourageant-la-participation-du-citoyen-a-la-gestion-des-affaires-locales\\\/#breadcrumb\"},\"inLanguage\":\"fr-FR\",\"potentialAction\":[{\"@type\":\"ReadAction\",\"target\":[\"https:\\\/\\\/www.info-algerie.com\\\/actualites\\\/projet-de-loi-relatif-a-la-democratie-participative-porteur-de-mecanismes-encourageant-la-participation-du-citoyen-a-la-gestion-des-affaires-locales\\\/\"]}]},{\"@type\":\"BreadcrumbList\",\"@id\":\"https:\\\/\\\/www.info-algerie.com\\\/actualites\\\/projet-de-loi-relatif-a-la-democratie-participative-porteur-de-mecanismes-encourageant-la-participation-du-citoyen-a-la-gestion-des-affaires-locales\\\/#breadcrumb\",\"itemListElement\":[{\"@type\":\"ListItem\",\"position\":1,\"name\":\"Accueil\",\"item\":\"https:\\\/\\\/www.info-algerie.com\\\/actualites\\\/\"},{\"@type\":\"ListItem\",\"position\":2,\"name\":\"Projet de loi relatif \u00e0 la d\u00e9mocratie participative porteur de &quot;m\u00e9canismes encourageant la participation du citoyen \u00e0 la gestion des affaires locales\"}]},{\"@type\":\"WebSite\",\"@id\":\"https:\\\/\\\/www.info-algerie.com\\\/actualites\\\/#website\",\"url\":\"https:\\\/\\\/www.info-algerie.com\\\/actualites\\\/\",\"name\":\"info algerie\",\"description\":\"Toutes les actualit\u00e9s\",\"publisher\":{\"@id\":\"https:\\\/\\\/www.info-algerie.com\\\/actualites\\\/#organization\"},\"potentialAction\":[{\"@type\":\"SearchAction\",\"target\":{\"@type\":\"EntryPoint\",\"urlTemplate\":\"https:\\\/\\\/www.info-algerie.com\\\/actualites\\\/?s={search_term_string}\"},\"query-input\":{\"@type\":\"PropertyValueSpecification\",\"valueRequired\":true,\"valueName\":\"search_term_string\"}}],\"inLanguage\":\"fr-FR\"},{\"@type\":\"Organization\",\"@id\":\"https:\\\/\\\/www.info-algerie.com\\\/actualites\\\/#organization\",\"name\":\"info algerie\",\"url\":\"https:\\\/\\\/www.info-algerie.com\\\/actualites\\\/\",\"logo\":{\"@type\":\"ImageObject\",\"inLanguage\":\"fr-FR\",\"@id\":\"https:\\\/\\\/www.info-algerie.com\\\/actualites\\\/#\\\/schema\\\/logo\\\/image\\\/\",\"url\":\"https:\\\/\\\/www.info-algerie.com\\\/actualites\\\/wp-content\\\/uploads\\\/2022\\\/07\\\/logo-ia-120.png\",\"contentUrl\":\"https:\\\/\\\/www.info-algerie.com\\\/actualites\\\/wp-content\\\/uploads\\\/2022\\\/07\\\/logo-ia-120.png\",\"width\":120,\"height\":43,\"caption\":\"info algerie\"},\"image\":{\"@id\":\"https:\\\/\\\/www.info-algerie.com\\\/actualites\\\/#\\\/schema\\\/logo\\\/image\\\/\"},\"sameAs\":[\"https:\\\/\\\/www.facebook.com\\\/infoalgerieactu\",\"https:\\\/\\\/x.com\\\/infoalgerie1\"]},{\"@type\":\"Person\",\"@id\":\"https:\\\/\\\/www.info-algerie.com\\\/actualites\\\/#\\\/schema\\\/person\\\/847aaec44920825b843a08f30ec6aa1e\",\"name\":\"La r\u00e9daction\",\"image\":{\"@type\":\"ImageObject\",\"inLanguage\":\"fr-FR\",\"@id\":\"https:\\\/\\\/secure.gravatar.com\\\/avatar\\\/769db425c6f465158149f1ffd6cf61ce7a8a879d11dfbef8288af36dfddd418c?s=96&d=mm&r=g\",\"url\":\"https:\\\/\\\/secure.gravatar.com\\\/avatar\\\/769db425c6f465158149f1ffd6cf61ce7a8a879d11dfbef8288af36dfddd418c?s=96&d=mm&r=g\",\"contentUrl\":\"https:\\\/\\\/secure.gravatar.com\\\/avatar\\\/769db425c6f465158149f1ffd6cf61ce7a8a879d11dfbef8288af36dfddd418c?s=96&d=mm&r=g\",\"caption\":\"La r\u00e9daction\"},\"sameAs\":[\"http:\\\/\\\/www.lkeria.com\\\/\"],\"url\":\"https:\\\/\\\/www.info-algerie.com\\\/actualites\\\/author\\\/chakib32\\\/\"}]}<\/script>\n<!-- \/ Yoast SEO plugin. -->","yoast_head_json":{"title":"Projet de loi relatif \u00e0 la d\u00e9mocratie participative porteur de &quot;m\u00e9canismes encourageant la participation du citoyen \u00e0 la gestion des affaires locales - info algerie","robots":{"index":"index","follow":"follow","max-snippet":"max-snippet:-1","max-image-preview":"max-image-preview:large","max-video-preview":"max-video-preview:-1"},"canonical":"https:\/\/www.info-algerie.com\/actualites\/projet-de-loi-relatif-a-la-democratie-participative-porteur-de-mecanismes-encourageant-la-participation-du-citoyen-a-la-gestion-des-affaires-locales\/","og_locale":"fr_FR","og_type":"article","og_title":"Projet de loi relatif \u00e0 la d\u00e9mocratie participative porteur de &quot;m\u00e9canismes encourageant la participation du citoyen \u00e0 la gestion des affaires locales - info algerie","og_description":"ALGER &#8211; Le projet de loi relatif \u00e0 la promotion de la d\u00e9mocratie participative qui \u00ab\u00a0sera soumis prochainement au gouvernement puis au parlement\u00a0\u00bb comportera plusieurs m\u00e9canismes encourageant les citoyens \u00e0 s&rsquo;impliquer dans la gestion des affaires locales, a indiqu\u00e9, jeudi \u00e0 Alger, un responsable au minist\u00e8re de l&rsquo;Int\u00e9rieur, des collectivit\u00e9s locales et de l&rsquo;am\u00e9nagement du","og_url":"https:\/\/www.info-algerie.com\/actualites\/projet-de-loi-relatif-a-la-democratie-participative-porteur-de-mecanismes-encourageant-la-participation-du-citoyen-a-la-gestion-des-affaires-locales\/","og_site_name":"info algerie","article_publisher":"https:\/\/www.facebook.com\/infoalgerieactu","article_published_time":"2017-10-26T18:44:26+00:00","author":"La r\u00e9daction","twitter_misc":{"\u00c9crit par":"La r\u00e9daction","Dur\u00e9e de lecture estim\u00e9e":"3 minutes"},"schema":{"@context":"https:\/\/schema.org","@graph":[{"@type":"Article","@id":"https:\/\/www.info-algerie.com\/actualites\/projet-de-loi-relatif-a-la-democratie-participative-porteur-de-mecanismes-encourageant-la-participation-du-citoyen-a-la-gestion-des-affaires-locales\/#article","isPartOf":{"@id":"https:\/\/www.info-algerie.com\/actualites\/projet-de-loi-relatif-a-la-democratie-participative-porteur-de-mecanismes-encourageant-la-participation-du-citoyen-a-la-gestion-des-affaires-locales\/"},"author":{"name":"La r\u00e9daction","@id":"https:\/\/www.info-algerie.com\/actualites\/#\/schema\/person\/847aaec44920825b843a08f30ec6aa1e"},"headline":"Projet de loi relatif \u00e0 la d\u00e9mocratie participative porteur de &quot;m\u00e9canismes encourageant la participation du citoyen \u00e0 la gestion des affaires locales","datePublished":"2017-10-26T18:44:26+00:00","mainEntityOfPage":{"@id":"https:\/\/www.info-algerie.com\/actualites\/projet-de-loi-relatif-a-la-democratie-participative-porteur-de-mecanismes-encourageant-la-participation-du-citoyen-a-la-gestion-des-affaires-locales\/"},"wordCount":682,"commentCount":0,"publisher":{"@id":"https:\/\/www.info-algerie.com\/actualites\/#organization"},"keywords":["ONU"],"articleSection":["infos"],"inLanguage":"fr-FR","potentialAction":[{"@type":"CommentAction","name":"Comment","target":["https:\/\/www.info-algerie.com\/actualites\/projet-de-loi-relatif-a-la-democratie-participative-porteur-de-mecanismes-encourageant-la-participation-du-citoyen-a-la-gestion-des-affaires-locales\/#respond"]}]},{"@type":"WebPage","@id":"https:\/\/www.info-algerie.com\/actualites\/projet-de-loi-relatif-a-la-democratie-participative-porteur-de-mecanismes-encourageant-la-participation-du-citoyen-a-la-gestion-des-affaires-locales\/","url":"https:\/\/www.info-algerie.com\/actualites\/projet-de-loi-relatif-a-la-democratie-participative-porteur-de-mecanismes-encourageant-la-participation-du-citoyen-a-la-gestion-des-affaires-locales\/","name":"Projet de loi relatif \u00e0 la d\u00e9mocratie participative porteur de &quot;m\u00e9canismes encourageant la participation du citoyen \u00e0 la gestion des affaires locales - info algerie","isPartOf":{"@id":"https:\/\/www.info-algerie.com\/actualites\/#website"},"datePublished":"2017-10-26T18:44:26+00:00","breadcrumb":{"@id":"https:\/\/www.info-algerie.com\/actualites\/projet-de-loi-relatif-a-la-democratie-participative-porteur-de-mecanismes-encourageant-la-participation-du-citoyen-a-la-gestion-des-affaires-locales\/#breadcrumb"},"inLanguage":"fr-FR","potentialAction":[{"@type":"ReadAction","target":["https:\/\/www.info-algerie.com\/actualites\/projet-de-loi-relatif-a-la-democratie-participative-porteur-de-mecanismes-encourageant-la-participation-du-citoyen-a-la-gestion-des-affaires-locales\/"]}]},{"@type":"BreadcrumbList","@id":"https:\/\/www.info-algerie.com\/actualites\/projet-de-loi-relatif-a-la-democratie-participative-porteur-de-mecanismes-encourageant-la-participation-du-citoyen-a-la-gestion-des-affaires-locales\/#breadcrumb","itemListElement":[{"@type":"ListItem","position":1,"name":"Accueil","item":"https:\/\/www.info-algerie.com\/actualites\/"},{"@type":"ListItem","position":2,"name":"Projet de loi relatif \u00e0 la d\u00e9mocratie participative porteur de &quot;m\u00e9canismes encourageant la participation du citoyen \u00e0 la gestion des affaires locales"}]},{"@type":"WebSite","@id":"https:\/\/www.info-algerie.com\/actualites\/#website","url":"https:\/\/www.info-algerie.com\/actualites\/","name":"info algerie","description":"Toutes les actualit\u00e9s","publisher":{"@id":"https:\/\/www.info-algerie.com\/actualites\/#organization"},"potentialAction":[{"@type":"SearchAction","target":{"@type":"EntryPoint","urlTemplate":"https:\/\/www.info-algerie.com\/actualites\/?s={search_term_string}"},"query-input":{"@type":"PropertyValueSpecification","valueRequired":true,"valueName":"search_term_string"}}],"inLanguage":"fr-FR"},{"@type":"Organization","@id":"https:\/\/www.info-algerie.com\/actualites\/#organization","name":"info algerie","url":"https:\/\/www.info-algerie.com\/actualites\/","logo":{"@type":"ImageObject","inLanguage":"fr-FR","@id":"https:\/\/www.info-algerie.com\/actualites\/#\/schema\/logo\/image\/","url":"https:\/\/www.info-algerie.com\/actualites\/wp-content\/uploads\/2022\/07\/logo-ia-120.png","contentUrl":"https:\/\/www.info-algerie.com\/actualites\/wp-content\/uploads\/2022\/07\/logo-ia-120.png","width":120,"height":43,"caption":"info algerie"},"image":{"@id":"https:\/\/www.info-algerie.com\/actualites\/#\/schema\/logo\/image\/"},"sameAs":["https:\/\/www.facebook.com\/infoalgerieactu","https:\/\/x.com\/infoalgerie1"]},{"@type":"Person","@id":"https:\/\/www.info-algerie.com\/actualites\/#\/schema\/person\/847aaec44920825b843a08f30ec6aa1e","name":"La r\u00e9daction","image":{"@type":"ImageObject","inLanguage":"fr-FR","@id":"https:\/\/secure.gravatar.com\/avatar\/769db425c6f465158149f1ffd6cf61ce7a8a879d11dfbef8288af36dfddd418c?s=96&d=mm&r=g","url":"https:\/\/secure.gravatar.com\/avatar\/769db425c6f465158149f1ffd6cf61ce7a8a879d11dfbef8288af36dfddd418c?s=96&d=mm&r=g","contentUrl":"https:\/\/secure.gravatar.com\/avatar\/769db425c6f465158149f1ffd6cf61ce7a8a879d11dfbef8288af36dfddd418c?s=96&d=mm&r=g","caption":"La r\u00e9daction"},"sameAs":["http:\/\/www.lkeria.com\/"],"url":"https:\/\/www.info-algerie.com\/actualites\/author\/chakib32\/"}]}},"_links":{"self":[{"href":"https:\/\/www.info-algerie.com\/actualites\/wp-json\/wp\/v2\/posts\/17297","targetHints":{"allow":["GET"]}}],"collection":[{"href":"https:\/\/www.info-algerie.com\/actualites\/wp-json\/wp\/v2\/posts"}],"about":[{"href":"https:\/\/www.info-algerie.com\/actualites\/wp-json\/wp\/v2\/types\/post"}],"author":[{"embeddable":true,"href":"https:\/\/www.info-algerie.com\/actualites\/wp-json\/wp\/v2\/users\/6"}],"replies":[{"embeddable":true,"href":"https:\/\/www.info-algerie.com\/actualites\/wp-json\/wp\/v2\/comments?post=17297"}],"version-history":[{"count":0,"href":"https:\/\/www.info-algerie.com\/actualites\/wp-json\/wp\/v2\/posts\/17297\/revisions"}],"wp:attachment":[{"href":"https:\/\/www.info-algerie.com\/actualites\/wp-json\/wp\/v2\/media?parent=17297"}],"wp:term":[{"taxonomy":"category","embeddable":true,"href":"https:\/\/www.info-algerie.com\/actualites\/wp-json\/wp\/v2\/categories?post=17297"},{"taxonomy":"post_tag","embeddable":true,"href":"https:\/\/www.info-algerie.com\/actualites\/wp-json\/wp\/v2\/tags?post=17297"}],"curies":[{"name":"wp","href":"https:\/\/api.w.org\/{rel}","templated":true}]}}