{"id":17305,"date":"2017-10-27T15:38:11","date_gmt":"2017-10-27T14:38:11","guid":{"rendered":"http:\/\/www.info-algerie.com\/actualites\/lancement-dimanche-de-la-campagne-des-elections-locales-du-23-novembre\/"},"modified":"2017-10-27T15:38:11","modified_gmt":"2017-10-27T14:38:11","slug":"lancement-dimanche-de-la-campagne-des-elections-locales-du-23-novembre","status":"publish","type":"post","link":"https:\/\/www.info-algerie.com\/actualites\/lancement-dimanche-de-la-campagne-des-elections-locales-du-23-novembre\/","title":{"rendered":"Lancement dimanche de la campagne des \u00e9lections locales du 23 novembre"},"content":{"rendered":"<div class=\"K2FeedImage\"><img decoding=\"async\" src=\"https:\/\/www.info-algerie.com\/actualites\/wp-content\/uploads\/2017\/10\/2d1c860d348a0d2c6463322d4d81e394_S.jpg\" alt=\"Lancement dimanche de la campagne des &#xE9;lections locales du 23 novembre\" \/><\/div>\n<div class=\"K2FeedIntroText\">\n<p><strong>ALGER &#8211; La <a href=\"http:\/\/www.aps.dz\/algerie\/64477-campagne-electorale-tirage-au-sort-pour-la-repartition-des-tranches-horaires-de-diffusion-des-interventions-dans-les-medias-audio-visuels\">campagne<\/a> pour l&rsquo;\u00e9lection des membres des 1.541 Assembl\u00e9es populaires communales (APC) et des 48 Assembl\u00e9es populaires de wilaya (APW), pr\u00e9vue le 23 novembre prochain, d\u00e9bute dimanche \u00e0 travers tout le territoire national, avec en toile de fond le nouveau r\u00f4le d\u00e9volu \u00e0 ces collectivit\u00e9s en tant que levier essentiel du d\u00e9veloppement local et de dynamisation de la croissance \u00e9conomique.<\/strong><\/p>\n<p>&#013;\n<\/p><\/div>\n<div class=\"K2FeedFullText\">&#013;<\/p>\n<p>La <strong><a href=\"http:\/\/www.aps.dz\/algerie\/64507-campagne-electorale-visite-aux-studios-d-enregistrement-de-la-radio-et-de-la-television\">campagne<\/a><\/strong> des locales sera ouverte, conform\u00e9ment \u00e0 la loi organique portant r\u00e9gime \u00e9lectoral, 25 jours avant la date du scrutin.<\/p>\n<p>&#013;<\/p>\n<p>Quelque 165.000 candidats, repr\u00e9sentant une cinquantaine de partis politiques, quatre alliances et des groupes d&rsquo;ind\u00e9pendants, sont en lice pour l&rsquo;\u00e9lection des membres des APC, soit 10.196 listes. Sur l&rsquo;ensemble de ces candidats, 51,5% sont \u00e2g\u00e9s de moins de 40 ans et 25% ont un niveau universitaire, tandis que le nombre de candidates \u00e0 cette \u00e9ch\u00e9ance \u00e9lectorale a atteint 18%, selon les premiers chiffres du minist\u00e8re de l&rsquo;Int\u00e9rieur, des Collectivit\u00e9s locales et de l&rsquo;Am\u00e9nagement du territoire.<\/p>\n<p>&#013;<\/p>\n<hr \/>\n<h3>Lire aussi:\u00a0<a href=\"http:\/\/www.aps.dz\/regions\/64537-mobilisation-de-80-salles-publiques-au-niveau-de-la-wilaya-d-alger-pour-la-campagne-electorale\" target=\"_blank\" rel=\"noopener noreferrer\">Mobilisation de 80 salles publiques au niveau de la wilaya d&rsquo;Alger pour la campagne \u00e9lectorale<\/a><\/h3>\n<p>&#013;<\/p>\n<hr \/>\n<p>Plus de 16.000 autres candidats postulent pour le mandat de membre d&rsquo;APW, soit 621 listes de candidats. Parmi les postulants, 48% ont moins de 40 ans, 28% sont des femmes et 34,5% ont un niveau universitaire.<\/p>\n<p>&#013;<\/p>\n<p>Le nombre d&rsquo;\u00e9lecteurs inscrits sur les listes \u00e9lectorales avant la fin de la r\u00e9vision exceptionnelle des listes \u00e9lectorales (30 ao\u00fbt-13 septembre) s&rsquo;\u00e9levait \u00e0 22.296.037 \u00e9lecteurs. Cette r\u00e9vision exceptionnelle a \u00e9t\u00e9 suivie d&rsquo;une r\u00e9vision annuelle des listes \u00e9lectorales qui a commenc\u00e9 le 2 octobre et s&rsquo;\u00e9talera jusqu&rsquo;au 31 du m\u00eame mois.<\/p>\n<p>&#013;<\/p>\n<p>Un total de 12.457 centres de vote, dont 342 nouveaux centres, 55.866 bureaux de vote, dont 3.111 nouveaux bureaux, sont pr\u00e9vus pour cette consultation. Plus de 4.700 salles et lieux publics seront, en outre, r\u00e9serv\u00e9s aux meetings et activit\u00e9s des candidats.<\/p>\n<p>&#013;<\/p>\n<p>\u00a0<\/p>\n<p>&#013;<\/p>\n<p style=\"text-align: center\"><strong>Assainissement permanent du fichier \u00e9lectoral<\/strong><\/p>\n<p>&#013;<\/p>\n<p>\u00a0<\/p>\n<p>&#013;<\/p>\n<p>Le ministre de l&rsquo;Int\u00e9rieur, Noureddine Bedoui, a assur\u00e9, le 10 octobre dernier depuis Gharda\u00efa, que \u00ab\u00a0le fichier \u00e9lectoral est assaini \u00e0 plus de 95%\u00a0\u00bb, l&rsquo;op\u00e9ration devant \u00eatre cl\u00f4tur\u00e9e fin octobre. Il a, \u00e9galement, affirm\u00e9 que \u00ab\u00a0tous les moyens humains et mat\u00e9riels sont mobilis\u00e9s par l&rsquo;Etat pour la r\u00e9ussite de ce rendez-vous \u00e9lectoral\u00a0\u00bb.<\/p>\n<p>&#013;<\/p>\n<p>Apr\u00e8s avoir mis en avant la coordination et la concertation permanente avec la Haute Instance ind\u00e9pendante de surveillance des \u00e9lections (HIISE) pour \u00ab\u00a0rem\u00e9dier aux lacunes\u00a0\u00bb, M. Bedoui a soulign\u00e9 que son d\u00e9partement minist\u00e9riel avait consenti d&rsquo;importants efforts en la mati\u00e8re, citant, notamment, la nouvelle application du site web du minist\u00e8re qui permet aux \u00e9lecteurs de conna\u00eetre leur centre de vote.<\/p>\n<p>&#013;<\/p>\n<p>Le pr\u00e9sident de la HIISE, Abdelwahab Derbal, a indiqu\u00e9, pour sa part, que \u00ab\u00a0l&rsquo;assainissement du fichier \u00e9lectoral, qui est une op\u00e9ration continue, aura un impact positif sur le d\u00e9roulement de l&rsquo;op\u00e9ration de vote, ce qui contribuera \u00e0 rassurer \u00e0 la fois l&rsquo;\u00e9lecteur et le candidat\u00a0\u00bb, a-t-il relev\u00e9.<\/p>\n<p>&#013;<\/p>\n<p>Le parti historique du Front de lib\u00e9ration nationale (FLN, majoritaire \u00e0 l&rsquo;Assembl\u00e9e populaire nationale avec 161 si\u00e8ges) a annonc\u00e9 qu&rsquo;il participera aux \u00e9lections dans l&rsquo;ensemble des Assembl\u00e9es populaires de wilaya et des Assembl\u00e9es populaires communales du pays.<\/p>\n<p>&#013;<\/p>\n<p>Le RND, 2\u00e8me force politique \u00e0 l&rsquo;APN avec 100 si\u00e8ges, a pr\u00e9sent\u00e9 des listes de candidats pour les 48 APW ainsi que pour 1.521 APC.<\/p>\n<p>&#013;<\/p>\n<hr \/>\n<h3>Lire aussi:\u00a0<a href=\"http:\/\/www.aps.dz\/algerie\/64311-ouargla-l-assainissement-du-fichier-electoral-aura-un-impact-positif-sur-l-operation-de-vote\" target=\"_blank\" rel=\"noopener noreferrer\">Ouargla: l\u2019assainissement du fichier \u00e9lectoral aura un impact positif sur l\u2019op\u00e9ration de vote<\/a><\/h3>\n<p>&#013;<\/p>\n<hr \/>\n<p>Ces deux formations, colonne vert\u00e9brale de la majorit\u00e9 pr\u00e9sidentielle, aux c\u00f4t\u00e9s du Mouvement populaire alg\u00e9rien (MPA) et de Tajamoue Amel El Djazair (TAJ), escomptent rafler une majorit\u00e9 de si\u00e8ges pour confirmer leur ancrage\u00a0 social au niveau local.<\/p>\n<p>&#013;<\/p>\n<p>Le mouvement de la Soci\u00e9t\u00e9 de la paix (MSP, islamiste, 34 si\u00e8ges) prendra part aux \u00e9lections avec 720 listes pour les APC et 74 listes pour les APW.<\/p>\n<p>&#013;<\/p>\n<p>Le Front des forces socialistes (FFS, 14 si\u00e8ges), plus vieux parti d&rsquo;opposition, sera en comp\u00e9tition avec 366 listes, dont 18 pour le compte des APW, marquant un recul quantitatif par rapport aux locales de 2012 o\u00f9 il s&rsquo;\u00e9tait pr\u00e9sent\u00e9 avec 40 listes aux APW.<\/p>\n<p>&#013;<\/p>\n<p>Le FFS consid\u00e8re que sa participation aux \u00e9lections locales \u00ab\u00a0ne s&rsquo;inscrit pas dans une logique de partage du pouvoir, mais de consolidation des conqu\u00eates de la lutte politique et sociale\u00a0\u00bb.<\/p>\n<p>&#013;<\/p>\n<p>Les \u00e9lections locales verront aussi la participation du parti Talaei El-Houriyet, de l&rsquo;ancien chef de gouvernement Ali Benflis, dont la formation n&rsquo;avait pas pris part aux derni\u00e8res l\u00e9gislatives.<\/p>\n<p>&#013;<\/p>\n<p>\u00a0<\/p>\n<p>&#013;<\/p>\n<p style=\"text-align: center\"><strong>D\u00e9centralisation et lib\u00e9ration des initiatives locales<\/strong><\/p>\n<p>&#013;<\/p>\n<p>\u00a0<\/p>\n<p>&#013;<\/p>\n<p>Ces \u00e9lections, qui interviennent apr\u00e8s le scrutin l\u00e9gislatif du 4 mai dernier, permettront de parachever le processus de repr\u00e9sentation d\u00e9mocratique au sein des institutions \u00e9lues, dans le cadre des dispositions contenues dans la Constitution r\u00e9vis\u00e9e en 2016, \u00e0 savoir les nouvelles garanties du code \u00e9lectoral et la <strong><a href=\"http:\/\/www.aps.dz\/algerie\/64408-necessite-de-former-des-partenaires-dans-le-processus-electif\">HIISE<\/a><\/strong>.<\/p>\n<p>&#013;<\/p>\n<p>La loi organique relative au r\u00e9gime \u00e9lectoral, adopt\u00e9e par le Parlement en 2016, garantit aux partis politiques le droit de se faire repr\u00e9senter aussi bien dans les bureaux de vote qu&rsquo;au niveau des commissions \u00e9lectorales communales et de wilaya. Leurs repr\u00e9sentants peuvent \u00e9galement assister au d\u00e9pouillement des bulletins de vote et consigner leurs observations sur le proc\u00e8s-verbal de d\u00e9pouillement, dont ils re\u00e7oivent une copie.<\/p>\n<p>&#013;<\/p>\n<p>La HIISE, qui jouit de larges pr\u00e9rogatives, veille, de son c\u00f4t\u00e9, \u00e0 la probit\u00e9 et \u00e0 la transparence du processus \u00e9lectoral dans toutes ses \u00e9tapes.<\/p>\n<p>&#013;<\/p>\n<p>Ces \u00e9lections interviennent aussi alors qu&rsquo;un projet de loi sur les collectivit\u00e9s territoriales, qui devrait r\u00e9unir les codes communal et de wilaya en un seul texte juridique, est en pr\u00e9paration, dans l&rsquo;objectif de r\u00e9aliser davantage de d\u00e9centralisation et de lib\u00e9ration des initiatives locales et de conf\u00e9rer plus de pr\u00e9rogatives \u00e0 l&rsquo;\u00e9lu.<\/p>\n<p>&#013;<\/p>\n<hr \/>\n<h3>Lire aussi:\u00a0<a href=\"http:\/\/www.aps.dz\/algerie\/64154-elections-locales-les-walis-appeles-a-ne-menager-aucun-effort-pour-inciter-les-citoyens-a-voter\" target=\"_blank\" rel=\"noopener noreferrer\">Elections locales: les walis appel\u00e9s \u00e0 inciter les citoyens \u00e0 voter<\/a><\/h3>\n<p>&#013;<\/p>\n<hr \/>\n<p>C&rsquo;est dans cette perspective qu&rsquo;un projet de loi sur la fiscalit\u00e9 des collectivit\u00e9s locales est en pr\u00e9paration pour permettre une d\u00e9centralisation fiscale, \u00e0 m\u00eame de doter ces collectivit\u00e9s davantage de moyens, dans une conjoncture marqu\u00e9e par la contraction des ressources financi\u00e8res disponibles.<\/p>\n<p>&#013;<\/p>\n<p>Le communiqu\u00e9 qui a sanctionn\u00e9 la r\u00e9union du Conseil des ministres, le 4 octobre dernier, \u00e9voque un \u00ab\u00a0effort plus soutenu\u00a0\u00bb en direction du d\u00e9veloppement local.<\/p>\n<p>&#013;<\/p>\n<p>Dans ce cadre, le gouvernement a arr\u00eat\u00e9 une batterie de mesures, dont le d\u00e9gel de tous les projets de d\u00e9veloppement. Le projet de loi de finances 2018 pr\u00e9voit, au chapitre des d\u00e9penses publiques, plus de 250 milliards DA destin\u00e9s directement au d\u00e9veloppement local.<\/p>\n<p>&#013;<\/p>\n<p class=\"MsoNormal\">D&rsquo;autre part, un projet de loi sur la promotion de la d\u00e9mocratie participative, venant en application de dispositions introduites par la derni\u00e8re r\u00e9vision constitutionnelle, sera prochainement soumis au Parlement. Le texte contiendra de nouveaux m\u00e9canismes pour inciter les citoyens \u00e0 participer \u00e0 la gestion des affaires locales au niveau des communes et des wilayas.<\/p>\n<\/div>\n<p>&#013;<br \/>\nSource: <a href=\"http:\/\/www.aps.dz\/algerie\/64561-lancement-dimanche-de-la-campagne-des-elections-locales-du-23-novembre\" target=\"_blank\">Lancement dimanche de la campagne des \u00e9lections locales du 23 novembre<\/a><\/p>\n<!--CusAds0-->\n<div style=\"font-size: 0px; height: 0px; line-height: 0px; margin: 0; padding: 0; clear: both;\"><\/div>","protected":false},"excerpt":{"rendered":"<p>ALGER &#8211; La campagne pour l&rsquo;\u00e9lection des membres des 1.541 Assembl\u00e9es populaires communales (APC) et des 48 Assembl\u00e9es populaires de wilaya (APW), pr\u00e9vue le 23 novembre prochain, d\u00e9bute dimanche \u00e0 travers tout le territoire national, avec en toile de fond le nouveau r\u00f4le d\u00e9volu \u00e0 ces collectivit\u00e9s en tant que levier essentiel du d\u00e9veloppement local<\/p>\n","protected":false},"author":6,"featured_media":17306,"comment_status":"open","ping_status":"open","sticky":false,"template":"","format":"standard","meta":{"footnotes":""},"categories":[22],"tags":[93],"class_list":["post-17305","post","type-post","status-publish","format-standard","has-post-thumbnail","hentry","category-infos","tag-onu"],"yoast_head":"<!-- This site is optimized with the Yoast SEO plugin v27.5 - https:\/\/yoast.com\/product\/yoast-seo-wordpress\/ -->\n<title>Lancement dimanche de la campagne des \u00e9lections locales du 23 novembre - info algerie<\/title>\n<meta name=\"robots\" content=\"index, follow, max-snippet:-1, max-image-preview:large, max-video-preview:-1\" \/>\n<link rel=\"canonical\" href=\"https:\/\/www.info-algerie.com\/actualites\/lancement-dimanche-de-la-campagne-des-elections-locales-du-23-novembre\/\" \/>\n<meta property=\"og:locale\" content=\"fr_FR\" \/>\n<meta property=\"og:type\" content=\"article\" \/>\n<meta property=\"og:title\" content=\"Lancement dimanche de la campagne des \u00e9lections locales du 23 novembre - info algerie\" \/>\n<meta property=\"og:description\" content=\"ALGER &#8211; La campagne pour l&rsquo;\u00e9lection des membres des 1.541 Assembl\u00e9es populaires communales (APC) et des 48 Assembl\u00e9es populaires de wilaya (APW), pr\u00e9vue le 23 novembre prochain, d\u00e9bute dimanche \u00e0 travers tout le territoire national, avec en toile de fond le nouveau r\u00f4le d\u00e9volu \u00e0 ces collectivit\u00e9s en tant que levier essentiel du d\u00e9veloppement local\" \/>\n<meta property=\"og:url\" content=\"https:\/\/www.info-algerie.com\/actualites\/lancement-dimanche-de-la-campagne-des-elections-locales-du-23-novembre\/\" \/>\n<meta property=\"og:site_name\" content=\"info algerie\" \/>\n<meta property=\"article:publisher\" content=\"https:\/\/www.facebook.com\/infoalgerieactu\" \/>\n<meta property=\"article:published_time\" content=\"2017-10-27T14:38:11+00:00\" \/>\n<meta property=\"og:image\" content=\"https:\/\/www.info-algerie.com\/actualites\/wp-content\/uploads\/2017\/10\/2d1c860d348a0d2c6463322d4d81e394_S-1.jpg\" \/>\n\t<meta property=\"og:image:width\" content=\"280\" \/>\n\t<meta property=\"og:image:height\" content=\"169\" \/>\n\t<meta property=\"og:image:type\" content=\"image\/jpeg\" \/>\n<meta name=\"author\" content=\"La r\u00e9daction\" \/>\n<meta name=\"twitter:label1\" content=\"\u00c9crit par\" \/>\n\t<meta name=\"twitter:data1\" content=\"La r\u00e9daction\" \/>\n\t<meta name=\"twitter:label2\" content=\"Dur\u00e9e de lecture estim\u00e9e\" \/>\n\t<meta name=\"twitter:data2\" content=\"6 minutes\" \/>\n<script type=\"application\/ld+json\" class=\"yoast-schema-graph\">{\"@context\":\"https:\\\/\\\/schema.org\",\"@graph\":[{\"@type\":\"Article\",\"@id\":\"https:\\\/\\\/www.info-algerie.com\\\/actualites\\\/lancement-dimanche-de-la-campagne-des-elections-locales-du-23-novembre\\\/#article\",\"isPartOf\":{\"@id\":\"https:\\\/\\\/www.info-algerie.com\\\/actualites\\\/lancement-dimanche-de-la-campagne-des-elections-locales-du-23-novembre\\\/\"},\"author\":{\"name\":\"La r\u00e9daction\",\"@id\":\"https:\\\/\\\/www.info-algerie.com\\\/actualites\\\/#\\\/schema\\\/person\\\/847aaec44920825b843a08f30ec6aa1e\"},\"headline\":\"Lancement dimanche de la campagne des \u00e9lections locales du 23 novembre\",\"datePublished\":\"2017-10-27T14:38:11+00:00\",\"mainEntityOfPage\":{\"@id\":\"https:\\\/\\\/www.info-algerie.com\\\/actualites\\\/lancement-dimanche-de-la-campagne-des-elections-locales-du-23-novembre\\\/\"},\"wordCount\":1192,\"commentCount\":0,\"publisher\":{\"@id\":\"https:\\\/\\\/www.info-algerie.com\\\/actualites\\\/#organization\"},\"image\":{\"@id\":\"https:\\\/\\\/www.info-algerie.com\\\/actualites\\\/lancement-dimanche-de-la-campagne-des-elections-locales-du-23-novembre\\\/#primaryimage\"},\"thumbnailUrl\":\"https:\\\/\\\/www.info-algerie.com\\\/actualites\\\/wp-content\\\/uploads\\\/2017\\\/10\\\/2d1c860d348a0d2c6463322d4d81e394_S-1.jpg\",\"keywords\":[\"ONU\"],\"articleSection\":[\"infos\"],\"inLanguage\":\"fr-FR\",\"potentialAction\":[{\"@type\":\"CommentAction\",\"name\":\"Comment\",\"target\":[\"https:\\\/\\\/www.info-algerie.com\\\/actualites\\\/lancement-dimanche-de-la-campagne-des-elections-locales-du-23-novembre\\\/#respond\"]}]},{\"@type\":\"WebPage\",\"@id\":\"https:\\\/\\\/www.info-algerie.com\\\/actualites\\\/lancement-dimanche-de-la-campagne-des-elections-locales-du-23-novembre\\\/\",\"url\":\"https:\\\/\\\/www.info-algerie.com\\\/actualites\\\/lancement-dimanche-de-la-campagne-des-elections-locales-du-23-novembre\\\/\",\"name\":\"Lancement dimanche de la campagne des \u00e9lections locales du 23 novembre - info algerie\",\"isPartOf\":{\"@id\":\"https:\\\/\\\/www.info-algerie.com\\\/actualites\\\/#website\"},\"primaryImageOfPage\":{\"@id\":\"https:\\\/\\\/www.info-algerie.com\\\/actualites\\\/lancement-dimanche-de-la-campagne-des-elections-locales-du-23-novembre\\\/#primaryimage\"},\"image\":{\"@id\":\"https:\\\/\\\/www.info-algerie.com\\\/actualites\\\/lancement-dimanche-de-la-campagne-des-elections-locales-du-23-novembre\\\/#primaryimage\"},\"thumbnailUrl\":\"https:\\\/\\\/www.info-algerie.com\\\/actualites\\\/wp-content\\\/uploads\\\/2017\\\/10\\\/2d1c860d348a0d2c6463322d4d81e394_S-1.jpg\",\"datePublished\":\"2017-10-27T14:38:11+00:00\",\"breadcrumb\":{\"@id\":\"https:\\\/\\\/www.info-algerie.com\\\/actualites\\\/lancement-dimanche-de-la-campagne-des-elections-locales-du-23-novembre\\\/#breadcrumb\"},\"inLanguage\":\"fr-FR\",\"potentialAction\":[{\"@type\":\"ReadAction\",\"target\":[\"https:\\\/\\\/www.info-algerie.com\\\/actualites\\\/lancement-dimanche-de-la-campagne-des-elections-locales-du-23-novembre\\\/\"]}]},{\"@type\":\"ImageObject\",\"inLanguage\":\"fr-FR\",\"@id\":\"https:\\\/\\\/www.info-algerie.com\\\/actualites\\\/lancement-dimanche-de-la-campagne-des-elections-locales-du-23-novembre\\\/#primaryimage\",\"url\":\"https:\\\/\\\/www.info-algerie.com\\\/actualites\\\/wp-content\\\/uploads\\\/2017\\\/10\\\/2d1c860d348a0d2c6463322d4d81e394_S-1.jpg\",\"contentUrl\":\"https:\\\/\\\/www.info-algerie.com\\\/actualites\\\/wp-content\\\/uploads\\\/2017\\\/10\\\/2d1c860d348a0d2c6463322d4d81e394_S-1.jpg\",\"width\":280,\"height\":169},{\"@type\":\"BreadcrumbList\",\"@id\":\"https:\\\/\\\/www.info-algerie.com\\\/actualites\\\/lancement-dimanche-de-la-campagne-des-elections-locales-du-23-novembre\\\/#breadcrumb\",\"itemListElement\":[{\"@type\":\"ListItem\",\"position\":1,\"name\":\"Accueil\",\"item\":\"https:\\\/\\\/www.info-algerie.com\\\/actualites\\\/\"},{\"@type\":\"ListItem\",\"position\":2,\"name\":\"Lancement dimanche de la campagne des \u00e9lections locales du 23 novembre\"}]},{\"@type\":\"WebSite\",\"@id\":\"https:\\\/\\\/www.info-algerie.com\\\/actualites\\\/#website\",\"url\":\"https:\\\/\\\/www.info-algerie.com\\\/actualites\\\/\",\"name\":\"info algerie\",\"description\":\"Toutes les actualit\u00e9s\",\"publisher\":{\"@id\":\"https:\\\/\\\/www.info-algerie.com\\\/actualites\\\/#organization\"},\"potentialAction\":[{\"@type\":\"SearchAction\",\"target\":{\"@type\":\"EntryPoint\",\"urlTemplate\":\"https:\\\/\\\/www.info-algerie.com\\\/actualites\\\/?s={search_term_string}\"},\"query-input\":{\"@type\":\"PropertyValueSpecification\",\"valueRequired\":true,\"valueName\":\"search_term_string\"}}],\"inLanguage\":\"fr-FR\"},{\"@type\":\"Organization\",\"@id\":\"https:\\\/\\\/www.info-algerie.com\\\/actualites\\\/#organization\",\"name\":\"info algerie\",\"url\":\"https:\\\/\\\/www.info-algerie.com\\\/actualites\\\/\",\"logo\":{\"@type\":\"ImageObject\",\"inLanguage\":\"fr-FR\",\"@id\":\"https:\\\/\\\/www.info-algerie.com\\\/actualites\\\/#\\\/schema\\\/logo\\\/image\\\/\",\"url\":\"https:\\\/\\\/www.info-algerie.com\\\/actualites\\\/wp-content\\\/uploads\\\/2022\\\/07\\\/logo-ia-120.png\",\"contentUrl\":\"https:\\\/\\\/www.info-algerie.com\\\/actualites\\\/wp-content\\\/uploads\\\/2022\\\/07\\\/logo-ia-120.png\",\"width\":120,\"height\":43,\"caption\":\"info algerie\"},\"image\":{\"@id\":\"https:\\\/\\\/www.info-algerie.com\\\/actualites\\\/#\\\/schema\\\/logo\\\/image\\\/\"},\"sameAs\":[\"https:\\\/\\\/www.facebook.com\\\/infoalgerieactu\",\"https:\\\/\\\/x.com\\\/infoalgerie1\"]},{\"@type\":\"Person\",\"@id\":\"https:\\\/\\\/www.info-algerie.com\\\/actualites\\\/#\\\/schema\\\/person\\\/847aaec44920825b843a08f30ec6aa1e\",\"name\":\"La r\u00e9daction\",\"image\":{\"@type\":\"ImageObject\",\"inLanguage\":\"fr-FR\",\"@id\":\"https:\\\/\\\/secure.gravatar.com\\\/avatar\\\/769db425c6f465158149f1ffd6cf61ce7a8a879d11dfbef8288af36dfddd418c?s=96&d=mm&r=g\",\"url\":\"https:\\\/\\\/secure.gravatar.com\\\/avatar\\\/769db425c6f465158149f1ffd6cf61ce7a8a879d11dfbef8288af36dfddd418c?s=96&d=mm&r=g\",\"contentUrl\":\"https:\\\/\\\/secure.gravatar.com\\\/avatar\\\/769db425c6f465158149f1ffd6cf61ce7a8a879d11dfbef8288af36dfddd418c?s=96&d=mm&r=g\",\"caption\":\"La r\u00e9daction\"},\"sameAs\":[\"http:\\\/\\\/www.lkeria.com\\\/\"],\"url\":\"https:\\\/\\\/www.info-algerie.com\\\/actualites\\\/author\\\/chakib32\\\/\"}]}<\/script>\n<!-- \/ Yoast SEO plugin. -->","yoast_head_json":{"title":"Lancement dimanche de la campagne des \u00e9lections locales du 23 novembre - info algerie","robots":{"index":"index","follow":"follow","max-snippet":"max-snippet:-1","max-image-preview":"max-image-preview:large","max-video-preview":"max-video-preview:-1"},"canonical":"https:\/\/www.info-algerie.com\/actualites\/lancement-dimanche-de-la-campagne-des-elections-locales-du-23-novembre\/","og_locale":"fr_FR","og_type":"article","og_title":"Lancement dimanche de la campagne des \u00e9lections locales du 23 novembre - info algerie","og_description":"ALGER &#8211; La campagne pour l&rsquo;\u00e9lection des membres des 1.541 Assembl\u00e9es populaires communales (APC) et des 48 Assembl\u00e9es populaires de wilaya (APW), pr\u00e9vue le 23 novembre prochain, d\u00e9bute dimanche \u00e0 travers tout le territoire national, avec en toile de fond le nouveau r\u00f4le d\u00e9volu \u00e0 ces collectivit\u00e9s en tant que levier essentiel du d\u00e9veloppement local","og_url":"https:\/\/www.info-algerie.com\/actualites\/lancement-dimanche-de-la-campagne-des-elections-locales-du-23-novembre\/","og_site_name":"info algerie","article_publisher":"https:\/\/www.facebook.com\/infoalgerieactu","article_published_time":"2017-10-27T14:38:11+00:00","og_image":[{"width":280,"height":169,"url":"https:\/\/www.info-algerie.com\/actualites\/wp-content\/uploads\/2017\/10\/2d1c860d348a0d2c6463322d4d81e394_S-1.jpg","type":"image\/jpeg"}],"author":"La r\u00e9daction","twitter_misc":{"\u00c9crit par":"La r\u00e9daction","Dur\u00e9e de lecture estim\u00e9e":"6 minutes"},"schema":{"@context":"https:\/\/schema.org","@graph":[{"@type":"Article","@id":"https:\/\/www.info-algerie.com\/actualites\/lancement-dimanche-de-la-campagne-des-elections-locales-du-23-novembre\/#article","isPartOf":{"@id":"https:\/\/www.info-algerie.com\/actualites\/lancement-dimanche-de-la-campagne-des-elections-locales-du-23-novembre\/"},"author":{"name":"La r\u00e9daction","@id":"https:\/\/www.info-algerie.com\/actualites\/#\/schema\/person\/847aaec44920825b843a08f30ec6aa1e"},"headline":"Lancement dimanche de la campagne des \u00e9lections locales du 23 novembre","datePublished":"2017-10-27T14:38:11+00:00","mainEntityOfPage":{"@id":"https:\/\/www.info-algerie.com\/actualites\/lancement-dimanche-de-la-campagne-des-elections-locales-du-23-novembre\/"},"wordCount":1192,"commentCount":0,"publisher":{"@id":"https:\/\/www.info-algerie.com\/actualites\/#organization"},"image":{"@id":"https:\/\/www.info-algerie.com\/actualites\/lancement-dimanche-de-la-campagne-des-elections-locales-du-23-novembre\/#primaryimage"},"thumbnailUrl":"https:\/\/www.info-algerie.com\/actualites\/wp-content\/uploads\/2017\/10\/2d1c860d348a0d2c6463322d4d81e394_S-1.jpg","keywords":["ONU"],"articleSection":["infos"],"inLanguage":"fr-FR","potentialAction":[{"@type":"CommentAction","name":"Comment","target":["https:\/\/www.info-algerie.com\/actualites\/lancement-dimanche-de-la-campagne-des-elections-locales-du-23-novembre\/#respond"]}]},{"@type":"WebPage","@id":"https:\/\/www.info-algerie.com\/actualites\/lancement-dimanche-de-la-campagne-des-elections-locales-du-23-novembre\/","url":"https:\/\/www.info-algerie.com\/actualites\/lancement-dimanche-de-la-campagne-des-elections-locales-du-23-novembre\/","name":"Lancement dimanche de la campagne des \u00e9lections locales du 23 novembre - info algerie","isPartOf":{"@id":"https:\/\/www.info-algerie.com\/actualites\/#website"},"primaryImageOfPage":{"@id":"https:\/\/www.info-algerie.com\/actualites\/lancement-dimanche-de-la-campagne-des-elections-locales-du-23-novembre\/#primaryimage"},"image":{"@id":"https:\/\/www.info-algerie.com\/actualites\/lancement-dimanche-de-la-campagne-des-elections-locales-du-23-novembre\/#primaryimage"},"thumbnailUrl":"https:\/\/www.info-algerie.com\/actualites\/wp-content\/uploads\/2017\/10\/2d1c860d348a0d2c6463322d4d81e394_S-1.jpg","datePublished":"2017-10-27T14:38:11+00:00","breadcrumb":{"@id":"https:\/\/www.info-algerie.com\/actualites\/lancement-dimanche-de-la-campagne-des-elections-locales-du-23-novembre\/#breadcrumb"},"inLanguage":"fr-FR","potentialAction":[{"@type":"ReadAction","target":["https:\/\/www.info-algerie.com\/actualites\/lancement-dimanche-de-la-campagne-des-elections-locales-du-23-novembre\/"]}]},{"@type":"ImageObject","inLanguage":"fr-FR","@id":"https:\/\/www.info-algerie.com\/actualites\/lancement-dimanche-de-la-campagne-des-elections-locales-du-23-novembre\/#primaryimage","url":"https:\/\/www.info-algerie.com\/actualites\/wp-content\/uploads\/2017\/10\/2d1c860d348a0d2c6463322d4d81e394_S-1.jpg","contentUrl":"https:\/\/www.info-algerie.com\/actualites\/wp-content\/uploads\/2017\/10\/2d1c860d348a0d2c6463322d4d81e394_S-1.jpg","width":280,"height":169},{"@type":"BreadcrumbList","@id":"https:\/\/www.info-algerie.com\/actualites\/lancement-dimanche-de-la-campagne-des-elections-locales-du-23-novembre\/#breadcrumb","itemListElement":[{"@type":"ListItem","position":1,"name":"Accueil","item":"https:\/\/www.info-algerie.com\/actualites\/"},{"@type":"ListItem","position":2,"name":"Lancement dimanche de la campagne des \u00e9lections locales du 23 novembre"}]},{"@type":"WebSite","@id":"https:\/\/www.info-algerie.com\/actualites\/#website","url":"https:\/\/www.info-algerie.com\/actualites\/","name":"info algerie","description":"Toutes les actualit\u00e9s","publisher":{"@id":"https:\/\/www.info-algerie.com\/actualites\/#organization"},"potentialAction":[{"@type":"SearchAction","target":{"@type":"EntryPoint","urlTemplate":"https:\/\/www.info-algerie.com\/actualites\/?s={search_term_string}"},"query-input":{"@type":"PropertyValueSpecification","valueRequired":true,"valueName":"search_term_string"}}],"inLanguage":"fr-FR"},{"@type":"Organization","@id":"https:\/\/www.info-algerie.com\/actualites\/#organization","name":"info algerie","url":"https:\/\/www.info-algerie.com\/actualites\/","logo":{"@type":"ImageObject","inLanguage":"fr-FR","@id":"https:\/\/www.info-algerie.com\/actualites\/#\/schema\/logo\/image\/","url":"https:\/\/www.info-algerie.com\/actualites\/wp-content\/uploads\/2022\/07\/logo-ia-120.png","contentUrl":"https:\/\/www.info-algerie.com\/actualites\/wp-content\/uploads\/2022\/07\/logo-ia-120.png","width":120,"height":43,"caption":"info algerie"},"image":{"@id":"https:\/\/www.info-algerie.com\/actualites\/#\/schema\/logo\/image\/"},"sameAs":["https:\/\/www.facebook.com\/infoalgerieactu","https:\/\/x.com\/infoalgerie1"]},{"@type":"Person","@id":"https:\/\/www.info-algerie.com\/actualites\/#\/schema\/person\/847aaec44920825b843a08f30ec6aa1e","name":"La r\u00e9daction","image":{"@type":"ImageObject","inLanguage":"fr-FR","@id":"https:\/\/secure.gravatar.com\/avatar\/769db425c6f465158149f1ffd6cf61ce7a8a879d11dfbef8288af36dfddd418c?s=96&d=mm&r=g","url":"https:\/\/secure.gravatar.com\/avatar\/769db425c6f465158149f1ffd6cf61ce7a8a879d11dfbef8288af36dfddd418c?s=96&d=mm&r=g","contentUrl":"https:\/\/secure.gravatar.com\/avatar\/769db425c6f465158149f1ffd6cf61ce7a8a879d11dfbef8288af36dfddd418c?s=96&d=mm&r=g","caption":"La r\u00e9daction"},"sameAs":["http:\/\/www.lkeria.com\/"],"url":"https:\/\/www.info-algerie.com\/actualites\/author\/chakib32\/"}]}},"_links":{"self":[{"href":"https:\/\/www.info-algerie.com\/actualites\/wp-json\/wp\/v2\/posts\/17305","targetHints":{"allow":["GET"]}}],"collection":[{"href":"https:\/\/www.info-algerie.com\/actualites\/wp-json\/wp\/v2\/posts"}],"about":[{"href":"https:\/\/www.info-algerie.com\/actualites\/wp-json\/wp\/v2\/types\/post"}],"author":[{"embeddable":true,"href":"https:\/\/www.info-algerie.com\/actualites\/wp-json\/wp\/v2\/users\/6"}],"replies":[{"embeddable":true,"href":"https:\/\/www.info-algerie.com\/actualites\/wp-json\/wp\/v2\/comments?post=17305"}],"version-history":[{"count":0,"href":"https:\/\/www.info-algerie.com\/actualites\/wp-json\/wp\/v2\/posts\/17305\/revisions"}],"wp:featuredmedia":[{"embeddable":true,"href":"https:\/\/www.info-algerie.com\/actualites\/wp-json\/wp\/v2\/media\/17306"}],"wp:attachment":[{"href":"https:\/\/www.info-algerie.com\/actualites\/wp-json\/wp\/v2\/media?parent=17305"}],"wp:term":[{"taxonomy":"category","embeddable":true,"href":"https:\/\/www.info-algerie.com\/actualites\/wp-json\/wp\/v2\/categories?post=17305"},{"taxonomy":"post_tag","embeddable":true,"href":"https:\/\/www.info-algerie.com\/actualites\/wp-json\/wp\/v2\/tags?post=17305"}],"curies":[{"name":"wp","href":"https:\/\/api.w.org\/{rel}","templated":true}]}}