{"id":17308,"date":"2017-10-27T15:24:31","date_gmt":"2017-10-27T14:24:31","guid":{"rendered":"http:\/\/www.info-algerie.com\/actualites\/arrestation-a-el-oued-du-terroriste-narcotrafiquant-recherche-g-mohamed-fares-mdn\/"},"modified":"2017-10-27T15:24:31","modified_gmt":"2017-10-27T14:24:31","slug":"arrestation-a-el-oued-du-terroriste-narcotrafiquant-recherche-g-mohamed-fares-mdn","status":"publish","type":"post","link":"https:\/\/www.info-algerie.com\/actualites\/arrestation-a-el-oued-du-terroriste-narcotrafiquant-recherche-g-mohamed-fares-mdn\/","title":{"rendered":"Arrestation \u00e0 El Oued du terroriste narcotrafiquant recherch\u00e9 G. Mohamed Fares (MDN)"},"content":{"rendered":"<div class=\"K2FeedImage\"><img decoding=\"async\" src=\"https:\/\/www.info-algerie.com\/actualites\/wp-content\/uploads\/2017\/10\/d712497a67b5c6880a6ddb31a9693efb_S.jpg\" alt=\"Arrestation &#xE0; El Oued du terroriste narcotrafiquant recherch&#xE9; G. Mohamed Fares (MDN)\" \/><\/div>\n<div class=\"K2FeedIntroText\">\n<p><strong>ALGER &#8211; Le <a href=\"http:\/\/www.aps.dz\/algerie\/64509-un-terroriste-arrete-a-batna-et-une-casemate-detruite-a-bouira-mdn\">terroriste<\/a> narcotrafiquant recherch\u00e9, G. Mohamed Fares, a \u00e9t\u00e9 arr\u00eat\u00e9 jeudi \u00e0 El Oued et deux autres \u00e9l\u00e9ments de soutien aux groupes terroristes ont \u00e9t\u00e9 appr\u00e9hend\u00e9s \u00e0 Boumerd\u00e8s et Ain Defla, indique vendredi un communiqu\u00e9 du minist\u00e8re de la D\u00e9fense nationale.<\/strong><\/p>\n<p>&#013;\n<\/p><\/div>\n<div class=\"K2FeedFullText\">&#013;<\/p>\n<p>\u00ab\u00a0Dans le cadre de la lutte antiterroriste, un d\u00e9tachement de l\u2019Arm\u00e9e nationale populaire a arr\u00eat\u00e9, le 26 octobre 2017 \u00e0 El Oued\/4\u00e8me R\u00e9gion militaire (RM,) le terroriste narcotrafiquant recherch\u00e9, G. Mohamed Fares, tandis qu\u2019un autre d\u00e9tachement a appr\u00e9hend\u00e9 deux (02) \u00e9l\u00e9ments de soutien aux groupes <strong><a href=\"http:\/\/www.aps.dz\/algerie\/64392-un-dangereux-terroriste-abattu-et-deux-enfants-pris-en-otage-liberes-a-jijel-mdn\">terroristes<\/a><\/strong> \u00e0 Boumerd\u00e8s et Ain Defla\/1ere RM. Cinq (05) <strong><a href=\"http:\/\/www.aps.dz\/algerie\/64398-trois-casemates-pour-terroristes-et-une-bombe-de-confection-artisanale-detruites-a-batna-et-ain-defla-mdn\">casemates<\/a><\/strong> pour terroristes ont \u00e9t\u00e9 \u00e9galement d\u00e9couvertes et d\u00e9truites \u00e0 Batna\/5\u00e8me RM\u00a0\u00bb, pr\u00e9cise la m\u00eame source.<\/p>\n<p>&#013;<\/p>\n<hr \/>\n<h3>Lire aussi: <a href=\"http:\/\/www.aps.dz\/algerie\/64384-deux-dangereux-terroristes-abattus-a-jijel-mdn\" target=\"_blank\" rel=\"noopener noreferrer\">Deux dangereux terroristes abattus \u00e0 Jijel (MDN<\/a>)<\/h3>\n<p>&#013;<\/p>\n<hr \/>\n<p>Dans le cadre de la <strong><a href=\"http:\/\/www.aps.dz\/algerie\/64342-5-contrebandiers-apprehendes-et-un-pistolet-mitrailleur-de-type-kalachnikov-saisi-mdn\">lutte contre la contrebande<\/a><\/strong> et la criminalit\u00e9 organis\u00e9e, \u00ab\u00a0des d\u00e9tachements de l\u2019ANP ont saisi \u00e0 Bordj Badji Mokhtar\/6\u00e8me RM, un camion charg\u00e9 de cinq (05) tonnes de denr\u00e9es alimentaires et des outils d\u2019orpaillage, tandis que d\u2019autres d\u00e9tachements et des \u00e9l\u00e9ments de Garde-c\u00f4tes ont saisi 18 340 litres de carburant \u00e0 T\u00e9bessa, El Taref, Souk Ahras et Bordj Badji Mokhtar, alors que des \u00e9l\u00e9ments de la Gendarmerie nationale ont saisi 6 605 unit\u00e9s de diff\u00e9rentes boissons \u00e0 Ain T\u00e9mouchent et Sa\u00efda\/2\u00e8me RM\u00a0\u00bb, ajoute la m\u00eame source.<\/p>\n<p>&#013;<\/p>\n<p class=\"MsoNormal\">\u00ab\u00a0D\u2019autre part, des Garde-c\u00f4tes ont d\u00e9jou\u00e9, \u00e0 Oran\/2\u00e8me RM, une tentative d\u2019\u00e9migration clandestine de 20 personnes \u00e0 bord d\u2019une embarcation pneumatique, alors que trois (03) contrebandiers et 50 immigrants clandestins de diff\u00e9rentes nationalit\u00e9s ont \u00e9t\u00e9 intercept\u00e9s \u00e0 Tlemcen, Adrar, Tindouf et Ouargla\u00a0\u00bb, selon le communiqu\u00e9 du MDN.<\/p>\n<\/div>\n<p>&#013;<br \/>\nSource: <a href=\"http:\/\/www.aps.dz\/algerie\/64560-arrestation-a-el-oued-du-terroriste-narcotrafiquant-recherche-g-mohamed-fares-mdn\" target=\"_blank\">Arrestation \u00e0 El Oued du terroriste narcotrafiquant recherch\u00e9 G. Mohamed Fares (MDN)<\/a><\/p>\n<!--CusAds0-->\n<div style=\"font-size: 0px; height: 0px; line-height: 0px; margin: 0; padding: 0; clear: both;\"><\/div>","protected":false},"excerpt":{"rendered":"<p>ALGER &#8211; Le terroriste narcotrafiquant recherch\u00e9, G. Mohamed Fares, a \u00e9t\u00e9 arr\u00eat\u00e9 jeudi \u00e0 El Oued et deux autres \u00e9l\u00e9ments de soutien aux groupes terroristes ont \u00e9t\u00e9 appr\u00e9hend\u00e9s \u00e0 Boumerd\u00e8s et Ain Defla, indique vendredi un communiqu\u00e9 du minist\u00e8re de la D\u00e9fense nationale. &#013; &#013; \u00ab\u00a0Dans le cadre de la lutte antiterroriste, un d\u00e9tachement de<\/p>\n","protected":false},"author":6,"featured_media":17309,"comment_status":"open","ping_status":"open","sticky":false,"template":"","format":"standard","meta":{"footnotes":""},"categories":[22],"tags":[93],"class_list":["post-17308","post","type-post","status-publish","format-standard","has-post-thumbnail","hentry","category-infos","tag-onu"],"yoast_head":"<!-- This site is optimized with the Yoast SEO plugin v27.5 - https:\/\/yoast.com\/product\/yoast-seo-wordpress\/ -->\n<title>Arrestation \u00e0 El Oued du terroriste narcotrafiquant recherch\u00e9 G. Mohamed Fares (MDN) - info algerie<\/title>\n<meta name=\"robots\" content=\"index, follow, max-snippet:-1, max-image-preview:large, max-video-preview:-1\" \/>\n<link rel=\"canonical\" href=\"https:\/\/www.info-algerie.com\/actualites\/arrestation-a-el-oued-du-terroriste-narcotrafiquant-recherche-g-mohamed-fares-mdn\/\" \/>\n<meta property=\"og:locale\" content=\"fr_FR\" \/>\n<meta property=\"og:type\" content=\"article\" \/>\n<meta property=\"og:title\" content=\"Arrestation \u00e0 El Oued du terroriste narcotrafiquant recherch\u00e9 G. Mohamed Fares (MDN) - info algerie\" \/>\n<meta property=\"og:description\" content=\"ALGER &#8211; Le terroriste narcotrafiquant recherch\u00e9, G. Mohamed Fares, a \u00e9t\u00e9 arr\u00eat\u00e9 jeudi \u00e0 El Oued et deux autres \u00e9l\u00e9ments de soutien aux groupes terroristes ont \u00e9t\u00e9 appr\u00e9hend\u00e9s \u00e0 Boumerd\u00e8s et Ain Defla, indique vendredi un communiqu\u00e9 du minist\u00e8re de la D\u00e9fense nationale. &#013; &#013; \u00ab\u00a0Dans le cadre de la lutte antiterroriste, un d\u00e9tachement de\" \/>\n<meta property=\"og:url\" content=\"https:\/\/www.info-algerie.com\/actualites\/arrestation-a-el-oued-du-terroriste-narcotrafiquant-recherche-g-mohamed-fares-mdn\/\" \/>\n<meta property=\"og:site_name\" content=\"info algerie\" \/>\n<meta property=\"article:publisher\" content=\"https:\/\/www.facebook.com\/infoalgerieactu\" \/>\n<meta property=\"article:published_time\" content=\"2017-10-27T14:24:31+00:00\" \/>\n<meta property=\"og:image\" content=\"https:\/\/www.info-algerie.com\/actualites\/wp-content\/uploads\/2017\/10\/d712497a67b5c6880a6ddb31a9693efb_S-1.jpg\" \/>\n\t<meta property=\"og:image:width\" content=\"280\" \/>\n\t<meta property=\"og:image:height\" content=\"169\" \/>\n\t<meta property=\"og:image:type\" content=\"image\/jpeg\" \/>\n<meta name=\"author\" content=\"La r\u00e9daction\" \/>\n<meta name=\"twitter:label1\" content=\"\u00c9crit par\" \/>\n\t<meta name=\"twitter:data1\" content=\"La r\u00e9daction\" \/>\n\t<meta name=\"twitter:label2\" content=\"Dur\u00e9e de lecture estim\u00e9e\" \/>\n\t<meta name=\"twitter:data2\" content=\"1 minute\" \/>\n<script type=\"application\/ld+json\" class=\"yoast-schema-graph\">{\"@context\":\"https:\\\/\\\/schema.org\",\"@graph\":[{\"@type\":\"Article\",\"@id\":\"https:\\\/\\\/www.info-algerie.com\\\/actualites\\\/arrestation-a-el-oued-du-terroriste-narcotrafiquant-recherche-g-mohamed-fares-mdn\\\/#article\",\"isPartOf\":{\"@id\":\"https:\\\/\\\/www.info-algerie.com\\\/actualites\\\/arrestation-a-el-oued-du-terroriste-narcotrafiquant-recherche-g-mohamed-fares-mdn\\\/\"},\"author\":{\"name\":\"La r\u00e9daction\",\"@id\":\"https:\\\/\\\/www.info-algerie.com\\\/actualites\\\/#\\\/schema\\\/person\\\/847aaec44920825b843a08f30ec6aa1e\"},\"headline\":\"Arrestation \u00e0 El Oued du terroriste narcotrafiquant recherch\u00e9 G. Mohamed Fares (MDN)\",\"datePublished\":\"2017-10-27T14:24:31+00:00\",\"mainEntityOfPage\":{\"@id\":\"https:\\\/\\\/www.info-algerie.com\\\/actualites\\\/arrestation-a-el-oued-du-terroriste-narcotrafiquant-recherche-g-mohamed-fares-mdn\\\/\"},\"wordCount\":309,\"commentCount\":0,\"publisher\":{\"@id\":\"https:\\\/\\\/www.info-algerie.com\\\/actualites\\\/#organization\"},\"image\":{\"@id\":\"https:\\\/\\\/www.info-algerie.com\\\/actualites\\\/arrestation-a-el-oued-du-terroriste-narcotrafiquant-recherche-g-mohamed-fares-mdn\\\/#primaryimage\"},\"thumbnailUrl\":\"https:\\\/\\\/www.info-algerie.com\\\/actualites\\\/wp-content\\\/uploads\\\/2017\\\/10\\\/d712497a67b5c6880a6ddb31a9693efb_S-1.jpg\",\"keywords\":[\"ONU\"],\"articleSection\":[\"infos\"],\"inLanguage\":\"fr-FR\",\"potentialAction\":[{\"@type\":\"CommentAction\",\"name\":\"Comment\",\"target\":[\"https:\\\/\\\/www.info-algerie.com\\\/actualites\\\/arrestation-a-el-oued-du-terroriste-narcotrafiquant-recherche-g-mohamed-fares-mdn\\\/#respond\"]}]},{\"@type\":\"WebPage\",\"@id\":\"https:\\\/\\\/www.info-algerie.com\\\/actualites\\\/arrestation-a-el-oued-du-terroriste-narcotrafiquant-recherche-g-mohamed-fares-mdn\\\/\",\"url\":\"https:\\\/\\\/www.info-algerie.com\\\/actualites\\\/arrestation-a-el-oued-du-terroriste-narcotrafiquant-recherche-g-mohamed-fares-mdn\\\/\",\"name\":\"Arrestation \u00e0 El Oued du terroriste narcotrafiquant recherch\u00e9 G. Mohamed Fares (MDN) - info algerie\",\"isPartOf\":{\"@id\":\"https:\\\/\\\/www.info-algerie.com\\\/actualites\\\/#website\"},\"primaryImageOfPage\":{\"@id\":\"https:\\\/\\\/www.info-algerie.com\\\/actualites\\\/arrestation-a-el-oued-du-terroriste-narcotrafiquant-recherche-g-mohamed-fares-mdn\\\/#primaryimage\"},\"image\":{\"@id\":\"https:\\\/\\\/www.info-algerie.com\\\/actualites\\\/arrestation-a-el-oued-du-terroriste-narcotrafiquant-recherche-g-mohamed-fares-mdn\\\/#primaryimage\"},\"thumbnailUrl\":\"https:\\\/\\\/www.info-algerie.com\\\/actualites\\\/wp-content\\\/uploads\\\/2017\\\/10\\\/d712497a67b5c6880a6ddb31a9693efb_S-1.jpg\",\"datePublished\":\"2017-10-27T14:24:31+00:00\",\"breadcrumb\":{\"@id\":\"https:\\\/\\\/www.info-algerie.com\\\/actualites\\\/arrestation-a-el-oued-du-terroriste-narcotrafiquant-recherche-g-mohamed-fares-mdn\\\/#breadcrumb\"},\"inLanguage\":\"fr-FR\",\"potentialAction\":[{\"@type\":\"ReadAction\",\"target\":[\"https:\\\/\\\/www.info-algerie.com\\\/actualites\\\/arrestation-a-el-oued-du-terroriste-narcotrafiquant-recherche-g-mohamed-fares-mdn\\\/\"]}]},{\"@type\":\"ImageObject\",\"inLanguage\":\"fr-FR\",\"@id\":\"https:\\\/\\\/www.info-algerie.com\\\/actualites\\\/arrestation-a-el-oued-du-terroriste-narcotrafiquant-recherche-g-mohamed-fares-mdn\\\/#primaryimage\",\"url\":\"https:\\\/\\\/www.info-algerie.com\\\/actualites\\\/wp-content\\\/uploads\\\/2017\\\/10\\\/d712497a67b5c6880a6ddb31a9693efb_S-1.jpg\",\"contentUrl\":\"https:\\\/\\\/www.info-algerie.com\\\/actualites\\\/wp-content\\\/uploads\\\/2017\\\/10\\\/d712497a67b5c6880a6ddb31a9693efb_S-1.jpg\",\"width\":280,\"height\":169},{\"@type\":\"BreadcrumbList\",\"@id\":\"https:\\\/\\\/www.info-algerie.com\\\/actualites\\\/arrestation-a-el-oued-du-terroriste-narcotrafiquant-recherche-g-mohamed-fares-mdn\\\/#breadcrumb\",\"itemListElement\":[{\"@type\":\"ListItem\",\"position\":1,\"name\":\"Accueil\",\"item\":\"https:\\\/\\\/www.info-algerie.com\\\/actualites\\\/\"},{\"@type\":\"ListItem\",\"position\":2,\"name\":\"Arrestation \u00e0 El Oued du terroriste narcotrafiquant recherch\u00e9 G. Mohamed Fares (MDN)\"}]},{\"@type\":\"WebSite\",\"@id\":\"https:\\\/\\\/www.info-algerie.com\\\/actualites\\\/#website\",\"url\":\"https:\\\/\\\/www.info-algerie.com\\\/actualites\\\/\",\"name\":\"info algerie\",\"description\":\"Toutes les actualit\u00e9s\",\"publisher\":{\"@id\":\"https:\\\/\\\/www.info-algerie.com\\\/actualites\\\/#organization\"},\"potentialAction\":[{\"@type\":\"SearchAction\",\"target\":{\"@type\":\"EntryPoint\",\"urlTemplate\":\"https:\\\/\\\/www.info-algerie.com\\\/actualites\\\/?s={search_term_string}\"},\"query-input\":{\"@type\":\"PropertyValueSpecification\",\"valueRequired\":true,\"valueName\":\"search_term_string\"}}],\"inLanguage\":\"fr-FR\"},{\"@type\":\"Organization\",\"@id\":\"https:\\\/\\\/www.info-algerie.com\\\/actualites\\\/#organization\",\"name\":\"info algerie\",\"url\":\"https:\\\/\\\/www.info-algerie.com\\\/actualites\\\/\",\"logo\":{\"@type\":\"ImageObject\",\"inLanguage\":\"fr-FR\",\"@id\":\"https:\\\/\\\/www.info-algerie.com\\\/actualites\\\/#\\\/schema\\\/logo\\\/image\\\/\",\"url\":\"https:\\\/\\\/www.info-algerie.com\\\/actualites\\\/wp-content\\\/uploads\\\/2022\\\/07\\\/logo-ia-120.png\",\"contentUrl\":\"https:\\\/\\\/www.info-algerie.com\\\/actualites\\\/wp-content\\\/uploads\\\/2022\\\/07\\\/logo-ia-120.png\",\"width\":120,\"height\":43,\"caption\":\"info algerie\"},\"image\":{\"@id\":\"https:\\\/\\\/www.info-algerie.com\\\/actualites\\\/#\\\/schema\\\/logo\\\/image\\\/\"},\"sameAs\":[\"https:\\\/\\\/www.facebook.com\\\/infoalgerieactu\",\"https:\\\/\\\/x.com\\\/infoalgerie1\"]},{\"@type\":\"Person\",\"@id\":\"https:\\\/\\\/www.info-algerie.com\\\/actualites\\\/#\\\/schema\\\/person\\\/847aaec44920825b843a08f30ec6aa1e\",\"name\":\"La r\u00e9daction\",\"image\":{\"@type\":\"ImageObject\",\"inLanguage\":\"fr-FR\",\"@id\":\"https:\\\/\\\/secure.gravatar.com\\\/avatar\\\/769db425c6f465158149f1ffd6cf61ce7a8a879d11dfbef8288af36dfddd418c?s=96&d=mm&r=g\",\"url\":\"https:\\\/\\\/secure.gravatar.com\\\/avatar\\\/769db425c6f465158149f1ffd6cf61ce7a8a879d11dfbef8288af36dfddd418c?s=96&d=mm&r=g\",\"contentUrl\":\"https:\\\/\\\/secure.gravatar.com\\\/avatar\\\/769db425c6f465158149f1ffd6cf61ce7a8a879d11dfbef8288af36dfddd418c?s=96&d=mm&r=g\",\"caption\":\"La r\u00e9daction\"},\"sameAs\":[\"http:\\\/\\\/www.lkeria.com\\\/\"],\"url\":\"https:\\\/\\\/www.info-algerie.com\\\/actualites\\\/author\\\/chakib32\\\/\"}]}<\/script>\n<!-- \/ Yoast SEO plugin. -->","yoast_head_json":{"title":"Arrestation \u00e0 El Oued du terroriste narcotrafiquant recherch\u00e9 G. Mohamed Fares (MDN) - info algerie","robots":{"index":"index","follow":"follow","max-snippet":"max-snippet:-1","max-image-preview":"max-image-preview:large","max-video-preview":"max-video-preview:-1"},"canonical":"https:\/\/www.info-algerie.com\/actualites\/arrestation-a-el-oued-du-terroriste-narcotrafiquant-recherche-g-mohamed-fares-mdn\/","og_locale":"fr_FR","og_type":"article","og_title":"Arrestation \u00e0 El Oued du terroriste narcotrafiquant recherch\u00e9 G. Mohamed Fares (MDN) - info algerie","og_description":"ALGER &#8211; Le terroriste narcotrafiquant recherch\u00e9, G. Mohamed Fares, a \u00e9t\u00e9 arr\u00eat\u00e9 jeudi \u00e0 El Oued et deux autres \u00e9l\u00e9ments de soutien aux groupes terroristes ont \u00e9t\u00e9 appr\u00e9hend\u00e9s \u00e0 Boumerd\u00e8s et Ain Defla, indique vendredi un communiqu\u00e9 du minist\u00e8re de la D\u00e9fense nationale. &#013; &#013; \u00ab\u00a0Dans le cadre de la lutte antiterroriste, un d\u00e9tachement de","og_url":"https:\/\/www.info-algerie.com\/actualites\/arrestation-a-el-oued-du-terroriste-narcotrafiquant-recherche-g-mohamed-fares-mdn\/","og_site_name":"info algerie","article_publisher":"https:\/\/www.facebook.com\/infoalgerieactu","article_published_time":"2017-10-27T14:24:31+00:00","og_image":[{"width":280,"height":169,"url":"https:\/\/www.info-algerie.com\/actualites\/wp-content\/uploads\/2017\/10\/d712497a67b5c6880a6ddb31a9693efb_S-1.jpg","type":"image\/jpeg"}],"author":"La r\u00e9daction","twitter_misc":{"\u00c9crit par":"La r\u00e9daction","Dur\u00e9e de lecture estim\u00e9e":"1 minute"},"schema":{"@context":"https:\/\/schema.org","@graph":[{"@type":"Article","@id":"https:\/\/www.info-algerie.com\/actualites\/arrestation-a-el-oued-du-terroriste-narcotrafiquant-recherche-g-mohamed-fares-mdn\/#article","isPartOf":{"@id":"https:\/\/www.info-algerie.com\/actualites\/arrestation-a-el-oued-du-terroriste-narcotrafiquant-recherche-g-mohamed-fares-mdn\/"},"author":{"name":"La r\u00e9daction","@id":"https:\/\/www.info-algerie.com\/actualites\/#\/schema\/person\/847aaec44920825b843a08f30ec6aa1e"},"headline":"Arrestation \u00e0 El Oued du terroriste narcotrafiquant recherch\u00e9 G. Mohamed Fares (MDN)","datePublished":"2017-10-27T14:24:31+00:00","mainEntityOfPage":{"@id":"https:\/\/www.info-algerie.com\/actualites\/arrestation-a-el-oued-du-terroriste-narcotrafiquant-recherche-g-mohamed-fares-mdn\/"},"wordCount":309,"commentCount":0,"publisher":{"@id":"https:\/\/www.info-algerie.com\/actualites\/#organization"},"image":{"@id":"https:\/\/www.info-algerie.com\/actualites\/arrestation-a-el-oued-du-terroriste-narcotrafiquant-recherche-g-mohamed-fares-mdn\/#primaryimage"},"thumbnailUrl":"https:\/\/www.info-algerie.com\/actualites\/wp-content\/uploads\/2017\/10\/d712497a67b5c6880a6ddb31a9693efb_S-1.jpg","keywords":["ONU"],"articleSection":["infos"],"inLanguage":"fr-FR","potentialAction":[{"@type":"CommentAction","name":"Comment","target":["https:\/\/www.info-algerie.com\/actualites\/arrestation-a-el-oued-du-terroriste-narcotrafiquant-recherche-g-mohamed-fares-mdn\/#respond"]}]},{"@type":"WebPage","@id":"https:\/\/www.info-algerie.com\/actualites\/arrestation-a-el-oued-du-terroriste-narcotrafiquant-recherche-g-mohamed-fares-mdn\/","url":"https:\/\/www.info-algerie.com\/actualites\/arrestation-a-el-oued-du-terroriste-narcotrafiquant-recherche-g-mohamed-fares-mdn\/","name":"Arrestation \u00e0 El Oued du terroriste narcotrafiquant recherch\u00e9 G. Mohamed Fares (MDN) - info algerie","isPartOf":{"@id":"https:\/\/www.info-algerie.com\/actualites\/#website"},"primaryImageOfPage":{"@id":"https:\/\/www.info-algerie.com\/actualites\/arrestation-a-el-oued-du-terroriste-narcotrafiquant-recherche-g-mohamed-fares-mdn\/#primaryimage"},"image":{"@id":"https:\/\/www.info-algerie.com\/actualites\/arrestation-a-el-oued-du-terroriste-narcotrafiquant-recherche-g-mohamed-fares-mdn\/#primaryimage"},"thumbnailUrl":"https:\/\/www.info-algerie.com\/actualites\/wp-content\/uploads\/2017\/10\/d712497a67b5c6880a6ddb31a9693efb_S-1.jpg","datePublished":"2017-10-27T14:24:31+00:00","breadcrumb":{"@id":"https:\/\/www.info-algerie.com\/actualites\/arrestation-a-el-oued-du-terroriste-narcotrafiquant-recherche-g-mohamed-fares-mdn\/#breadcrumb"},"inLanguage":"fr-FR","potentialAction":[{"@type":"ReadAction","target":["https:\/\/www.info-algerie.com\/actualites\/arrestation-a-el-oued-du-terroriste-narcotrafiquant-recherche-g-mohamed-fares-mdn\/"]}]},{"@type":"ImageObject","inLanguage":"fr-FR","@id":"https:\/\/www.info-algerie.com\/actualites\/arrestation-a-el-oued-du-terroriste-narcotrafiquant-recherche-g-mohamed-fares-mdn\/#primaryimage","url":"https:\/\/www.info-algerie.com\/actualites\/wp-content\/uploads\/2017\/10\/d712497a67b5c6880a6ddb31a9693efb_S-1.jpg","contentUrl":"https:\/\/www.info-algerie.com\/actualites\/wp-content\/uploads\/2017\/10\/d712497a67b5c6880a6ddb31a9693efb_S-1.jpg","width":280,"height":169},{"@type":"BreadcrumbList","@id":"https:\/\/www.info-algerie.com\/actualites\/arrestation-a-el-oued-du-terroriste-narcotrafiquant-recherche-g-mohamed-fares-mdn\/#breadcrumb","itemListElement":[{"@type":"ListItem","position":1,"name":"Accueil","item":"https:\/\/www.info-algerie.com\/actualites\/"},{"@type":"ListItem","position":2,"name":"Arrestation \u00e0 El Oued du terroriste narcotrafiquant recherch\u00e9 G. Mohamed Fares (MDN)"}]},{"@type":"WebSite","@id":"https:\/\/www.info-algerie.com\/actualites\/#website","url":"https:\/\/www.info-algerie.com\/actualites\/","name":"info algerie","description":"Toutes les actualit\u00e9s","publisher":{"@id":"https:\/\/www.info-algerie.com\/actualites\/#organization"},"potentialAction":[{"@type":"SearchAction","target":{"@type":"EntryPoint","urlTemplate":"https:\/\/www.info-algerie.com\/actualites\/?s={search_term_string}"},"query-input":{"@type":"PropertyValueSpecification","valueRequired":true,"valueName":"search_term_string"}}],"inLanguage":"fr-FR"},{"@type":"Organization","@id":"https:\/\/www.info-algerie.com\/actualites\/#organization","name":"info algerie","url":"https:\/\/www.info-algerie.com\/actualites\/","logo":{"@type":"ImageObject","inLanguage":"fr-FR","@id":"https:\/\/www.info-algerie.com\/actualites\/#\/schema\/logo\/image\/","url":"https:\/\/www.info-algerie.com\/actualites\/wp-content\/uploads\/2022\/07\/logo-ia-120.png","contentUrl":"https:\/\/www.info-algerie.com\/actualites\/wp-content\/uploads\/2022\/07\/logo-ia-120.png","width":120,"height":43,"caption":"info algerie"},"image":{"@id":"https:\/\/www.info-algerie.com\/actualites\/#\/schema\/logo\/image\/"},"sameAs":["https:\/\/www.facebook.com\/infoalgerieactu","https:\/\/x.com\/infoalgerie1"]},{"@type":"Person","@id":"https:\/\/www.info-algerie.com\/actualites\/#\/schema\/person\/847aaec44920825b843a08f30ec6aa1e","name":"La r\u00e9daction","image":{"@type":"ImageObject","inLanguage":"fr-FR","@id":"https:\/\/secure.gravatar.com\/avatar\/769db425c6f465158149f1ffd6cf61ce7a8a879d11dfbef8288af36dfddd418c?s=96&d=mm&r=g","url":"https:\/\/secure.gravatar.com\/avatar\/769db425c6f465158149f1ffd6cf61ce7a8a879d11dfbef8288af36dfddd418c?s=96&d=mm&r=g","contentUrl":"https:\/\/secure.gravatar.com\/avatar\/769db425c6f465158149f1ffd6cf61ce7a8a879d11dfbef8288af36dfddd418c?s=96&d=mm&r=g","caption":"La r\u00e9daction"},"sameAs":["http:\/\/www.lkeria.com\/"],"url":"https:\/\/www.info-algerie.com\/actualites\/author\/chakib32\/"}]}},"_links":{"self":[{"href":"https:\/\/www.info-algerie.com\/actualites\/wp-json\/wp\/v2\/posts\/17308","targetHints":{"allow":["GET"]}}],"collection":[{"href":"https:\/\/www.info-algerie.com\/actualites\/wp-json\/wp\/v2\/posts"}],"about":[{"href":"https:\/\/www.info-algerie.com\/actualites\/wp-json\/wp\/v2\/types\/post"}],"author":[{"embeddable":true,"href":"https:\/\/www.info-algerie.com\/actualites\/wp-json\/wp\/v2\/users\/6"}],"replies":[{"embeddable":true,"href":"https:\/\/www.info-algerie.com\/actualites\/wp-json\/wp\/v2\/comments?post=17308"}],"version-history":[{"count":0,"href":"https:\/\/www.info-algerie.com\/actualites\/wp-json\/wp\/v2\/posts\/17308\/revisions"}],"wp:featuredmedia":[{"embeddable":true,"href":"https:\/\/www.info-algerie.com\/actualites\/wp-json\/wp\/v2\/media\/17309"}],"wp:attachment":[{"href":"https:\/\/www.info-algerie.com\/actualites\/wp-json\/wp\/v2\/media?parent=17308"}],"wp:term":[{"taxonomy":"category","embeddable":true,"href":"https:\/\/www.info-algerie.com\/actualites\/wp-json\/wp\/v2\/categories?post=17308"},{"taxonomy":"post_tag","embeddable":true,"href":"https:\/\/www.info-algerie.com\/actualites\/wp-json\/wp\/v2\/tags?post=17308"}],"curies":[{"name":"wp","href":"https:\/\/api.w.org\/{rel}","templated":true}]}}