{"id":17315,"date":"2017-10-27T17:39:07","date_gmt":"2017-10-27T16:39:07","guid":{"rendered":"http:\/\/www.info-algerie.com\/actualites\/le-mouvement-el-islah-participera-aux-elections-locales-avec-un-programme-coherent-pour-contribuer-a-la-construction-du-consensus-national\/"},"modified":"2017-10-27T17:39:07","modified_gmt":"2017-10-27T16:39:07","slug":"le-mouvement-el-islah-participera-aux-elections-locales-avec-un-programme-coherent-pour-contribuer-a-la-construction-du-consensus-national","status":"publish","type":"post","link":"https:\/\/www.info-algerie.com\/actualites\/le-mouvement-el-islah-participera-aux-elections-locales-avec-un-programme-coherent-pour-contribuer-a-la-construction-du-consensus-national\/","title":{"rendered":"Le Mouvement El Islah participera aux \u00e9lections locales avec un programme coh\u00e9rent pour contribuer \u00e0 la construction du consensus national"},"content":{"rendered":"<div class=\"K2FeedIntroText\">\n<p>ALGER &#8211; Le pr\u00e9sident du Mouvement El Islah, Filali Ghouini, a affirm\u00e9 vendredi \u00e0 Alger que sa formation politique participera aux \u00e9lections locales du 23 novembre prochain avec un programme coh\u00e9rent\u00a0\u00bb.<\/p>\n<p>&#013;\n<\/p><\/div>\n<div class=\"K2FeedFullText\">&#013;<\/p>\n<p>Lors d&rsquo;une r\u00e9union avec les t\u00eates de liste du mouvement pour la r\u00e9gion centre, M. Ghouini a pr\u00e9cis\u00e9 que son parti \u00e9tait \u00ab\u00a0soucieux de pr\u00e9senter un programme \u00e9lectoral coh\u00e9rent loin des surench\u00e8res et des calculs politiciens\u00a0\u00bb.<\/p>\n<p>&#013;<\/p>\n<p>Le pr\u00e9sident du Mouvement El Islah a estim\u00e9 qu&rsquo;il \u00e9tait important de \u00ab\u00a0pr\u00e9senter un programme porteur de solutions aux pr\u00e9occupations quotidiennes des citoyens\u00a0\u00bb, soutenant que son parti refusait \u00ab\u00a0d&rsquo;adh\u00e9rer \u00e0 des pratiques visant \u00e0 semer le d\u00e9sespoir et \u00e0 relever le taux d&rsquo;abstention aux \u00e9lections locales\u00a0\u00bb. Il a mis l&rsquo;accent dans ce sens sur l&rsquo;importance de \u00ab\u00a0convaincre les \u00e9lecteurs, notamment les jeunes de se rendre aux urnes et d&rsquo;adh\u00e9rer au processus de d\u00e9veloppement global\u00a0\u00bb.<\/p>\n<p>&#013;<\/p>\n<p>M. Ghouini a r\u00e9it\u00e9r\u00e9 la volont\u00e9 de sa formation d&rsquo;\u0153uvrer \u00ab\u00a0\u00e0 renforcer le front interne et l&rsquo;unit\u00e9 nationale pour aplanir les difficult\u00e9s et faire face aux dangers qui guettent le pays\u00a0\u00bb, appelant \u00e0 \u00ab\u00a0l&rsquo;organisation d&rsquo;une campagne \u00e9lectorale propre et int\u00e8gre\u00a0\u00bb.<\/p>\n<p>&#013;<\/p>\n<p>Le pr\u00e9sident du Mouvement El Islah a plaid\u00e9 pour \u00ab\u00a0l&rsquo;\u00e9largissement des pr\u00e9rogatives de l&rsquo;\u00e9lu local, conform\u00e9ment \u00e0 la Constitution et aux lois de la R\u00e9publique afin de lui permettre de mener sa mission en tant que force locale de proposition\u00a0\u00bb.<\/p>\n<p>&#013;<\/p>\n<p class=\"MsoNormal\">Dans le domaine \u00e9conomique, M. Ghouini estime n\u00e9cessaire \u00ab\u00a0d&rsquo;adopter un discours politique r\u00e9aliste loin de tout alarmisme, insistant sur l&rsquo;importance de \u00ab\u00a0poursuivre le dialogue social avec les diff\u00e9rents partenaires y compris les syndicats ind\u00e9pendants ayant une large repr\u00e9sentation dans plusieurs secteurs et \u00e0 \u00ab\u00a0prendre en consid\u00e9ration les\u00a0 rapports annuels de la Cour des comptes pour lutter contre la corruption et la dilapidation des deniers publics\u00a0\u00bb.<\/p>\n<\/div>\n<p>&#013;<br \/>\nSource: <a href=\"http:\/\/www.aps.dz\/algerie\/64570-le-mouvement-el-islah-participera-aux-elections-locales-avec-un-programme-coherent-pour-contribuer-a-la-construction-du-consensus-national\" target=\"_blank\">Le Mouvement El Islah participera aux \u00e9lections locales avec un programme coh\u00e9rent pour contribuer \u00e0 la construction du consensus national<\/a><\/p>\n<!--CusAds0-->\n<div style=\"font-size: 0px; height: 0px; line-height: 0px; margin: 0; padding: 0; clear: both;\"><\/div>","protected":false},"excerpt":{"rendered":"<p>ALGER &#8211; Le pr\u00e9sident du Mouvement El Islah, Filali Ghouini, a affirm\u00e9 vendredi \u00e0 Alger que sa formation politique participera aux \u00e9lections locales du 23 novembre prochain avec un programme coh\u00e9rent\u00a0\u00bb. &#013; &#013; Lors d&rsquo;une r\u00e9union avec les t\u00eates de liste du mouvement pour la r\u00e9gion centre, M. Ghouini a pr\u00e9cis\u00e9 que son parti \u00e9tait<\/p>\n","protected":false},"author":6,"featured_media":0,"comment_status":"open","ping_status":"open","sticky":false,"template":"","format":"standard","meta":{"footnotes":""},"categories":[22],"tags":[93],"class_list":["post-17315","post","type-post","status-publish","format-standard","hentry","category-infos","tag-onu"],"yoast_head":"<!-- This site is optimized with the Yoast SEO plugin v27.5 - https:\/\/yoast.com\/product\/yoast-seo-wordpress\/ -->\n<title>Le Mouvement El Islah participera aux \u00e9lections locales avec un programme coh\u00e9rent pour contribuer \u00e0 la construction du consensus national - info algerie<\/title>\n<meta name=\"robots\" content=\"index, follow, max-snippet:-1, max-image-preview:large, max-video-preview:-1\" \/>\n<link rel=\"canonical\" href=\"https:\/\/www.info-algerie.com\/actualites\/le-mouvement-el-islah-participera-aux-elections-locales-avec-un-programme-coherent-pour-contribuer-a-la-construction-du-consensus-national\/\" \/>\n<meta property=\"og:locale\" content=\"fr_FR\" \/>\n<meta property=\"og:type\" content=\"article\" \/>\n<meta property=\"og:title\" content=\"Le Mouvement El Islah participera aux \u00e9lections locales avec un programme coh\u00e9rent pour contribuer \u00e0 la construction du consensus national - info algerie\" \/>\n<meta property=\"og:description\" content=\"ALGER &#8211; Le pr\u00e9sident du Mouvement El Islah, Filali Ghouini, a affirm\u00e9 vendredi \u00e0 Alger que sa formation politique participera aux \u00e9lections locales du 23 novembre prochain avec un programme coh\u00e9rent\u00a0\u00bb. &#013; &#013; Lors d&rsquo;une r\u00e9union avec les t\u00eates de liste du mouvement pour la r\u00e9gion centre, M. Ghouini a pr\u00e9cis\u00e9 que son parti \u00e9tait\" \/>\n<meta property=\"og:url\" content=\"https:\/\/www.info-algerie.com\/actualites\/le-mouvement-el-islah-participera-aux-elections-locales-avec-un-programme-coherent-pour-contribuer-a-la-construction-du-consensus-national\/\" \/>\n<meta property=\"og:site_name\" content=\"info algerie\" \/>\n<meta property=\"article:publisher\" content=\"https:\/\/www.facebook.com\/infoalgerieactu\" \/>\n<meta property=\"article:published_time\" content=\"2017-10-27T16:39:07+00:00\" \/>\n<meta name=\"author\" content=\"La r\u00e9daction\" \/>\n<meta name=\"twitter:label1\" content=\"\u00c9crit par\" \/>\n\t<meta name=\"twitter:data1\" content=\"La r\u00e9daction\" \/>\n\t<meta name=\"twitter:label2\" content=\"Dur\u00e9e de lecture estim\u00e9e\" \/>\n\t<meta name=\"twitter:data2\" content=\"2 minutes\" \/>\n<script type=\"application\/ld+json\" class=\"yoast-schema-graph\">{\"@context\":\"https:\\\/\\\/schema.org\",\"@graph\":[{\"@type\":\"Article\",\"@id\":\"https:\\\/\\\/www.info-algerie.com\\\/actualites\\\/le-mouvement-el-islah-participera-aux-elections-locales-avec-un-programme-coherent-pour-contribuer-a-la-construction-du-consensus-national\\\/#article\",\"isPartOf\":{\"@id\":\"https:\\\/\\\/www.info-algerie.com\\\/actualites\\\/le-mouvement-el-islah-participera-aux-elections-locales-avec-un-programme-coherent-pour-contribuer-a-la-construction-du-consensus-national\\\/\"},\"author\":{\"name\":\"La r\u00e9daction\",\"@id\":\"https:\\\/\\\/www.info-algerie.com\\\/actualites\\\/#\\\/schema\\\/person\\\/847aaec44920825b843a08f30ec6aa1e\"},\"headline\":\"Le Mouvement El Islah participera aux \u00e9lections locales avec un programme coh\u00e9rent pour contribuer \u00e0 la construction du consensus national\",\"datePublished\":\"2017-10-27T16:39:07+00:00\",\"mainEntityOfPage\":{\"@id\":\"https:\\\/\\\/www.info-algerie.com\\\/actualites\\\/le-mouvement-el-islah-participera-aux-elections-locales-avec-un-programme-coherent-pour-contribuer-a-la-construction-du-consensus-national\\\/\"},\"wordCount\":363,\"commentCount\":0,\"publisher\":{\"@id\":\"https:\\\/\\\/www.info-algerie.com\\\/actualites\\\/#organization\"},\"keywords\":[\"ONU\"],\"articleSection\":[\"infos\"],\"inLanguage\":\"fr-FR\",\"potentialAction\":[{\"@type\":\"CommentAction\",\"name\":\"Comment\",\"target\":[\"https:\\\/\\\/www.info-algerie.com\\\/actualites\\\/le-mouvement-el-islah-participera-aux-elections-locales-avec-un-programme-coherent-pour-contribuer-a-la-construction-du-consensus-national\\\/#respond\"]}]},{\"@type\":\"WebPage\",\"@id\":\"https:\\\/\\\/www.info-algerie.com\\\/actualites\\\/le-mouvement-el-islah-participera-aux-elections-locales-avec-un-programme-coherent-pour-contribuer-a-la-construction-du-consensus-national\\\/\",\"url\":\"https:\\\/\\\/www.info-algerie.com\\\/actualites\\\/le-mouvement-el-islah-participera-aux-elections-locales-avec-un-programme-coherent-pour-contribuer-a-la-construction-du-consensus-national\\\/\",\"name\":\"Le Mouvement El Islah participera aux \u00e9lections locales avec un programme coh\u00e9rent pour contribuer \u00e0 la construction du consensus national - info algerie\",\"isPartOf\":{\"@id\":\"https:\\\/\\\/www.info-algerie.com\\\/actualites\\\/#website\"},\"datePublished\":\"2017-10-27T16:39:07+00:00\",\"breadcrumb\":{\"@id\":\"https:\\\/\\\/www.info-algerie.com\\\/actualites\\\/le-mouvement-el-islah-participera-aux-elections-locales-avec-un-programme-coherent-pour-contribuer-a-la-construction-du-consensus-national\\\/#breadcrumb\"},\"inLanguage\":\"fr-FR\",\"potentialAction\":[{\"@type\":\"ReadAction\",\"target\":[\"https:\\\/\\\/www.info-algerie.com\\\/actualites\\\/le-mouvement-el-islah-participera-aux-elections-locales-avec-un-programme-coherent-pour-contribuer-a-la-construction-du-consensus-national\\\/\"]}]},{\"@type\":\"BreadcrumbList\",\"@id\":\"https:\\\/\\\/www.info-algerie.com\\\/actualites\\\/le-mouvement-el-islah-participera-aux-elections-locales-avec-un-programme-coherent-pour-contribuer-a-la-construction-du-consensus-national\\\/#breadcrumb\",\"itemListElement\":[{\"@type\":\"ListItem\",\"position\":1,\"name\":\"Accueil\",\"item\":\"https:\\\/\\\/www.info-algerie.com\\\/actualites\\\/\"},{\"@type\":\"ListItem\",\"position\":2,\"name\":\"Le Mouvement El Islah participera aux \u00e9lections locales avec un programme coh\u00e9rent pour contribuer \u00e0 la construction du consensus national\"}]},{\"@type\":\"WebSite\",\"@id\":\"https:\\\/\\\/www.info-algerie.com\\\/actualites\\\/#website\",\"url\":\"https:\\\/\\\/www.info-algerie.com\\\/actualites\\\/\",\"name\":\"info algerie\",\"description\":\"Toutes les actualit\u00e9s\",\"publisher\":{\"@id\":\"https:\\\/\\\/www.info-algerie.com\\\/actualites\\\/#organization\"},\"potentialAction\":[{\"@type\":\"SearchAction\",\"target\":{\"@type\":\"EntryPoint\",\"urlTemplate\":\"https:\\\/\\\/www.info-algerie.com\\\/actualites\\\/?s={search_term_string}\"},\"query-input\":{\"@type\":\"PropertyValueSpecification\",\"valueRequired\":true,\"valueName\":\"search_term_string\"}}],\"inLanguage\":\"fr-FR\"},{\"@type\":\"Organization\",\"@id\":\"https:\\\/\\\/www.info-algerie.com\\\/actualites\\\/#organization\",\"name\":\"info algerie\",\"url\":\"https:\\\/\\\/www.info-algerie.com\\\/actualites\\\/\",\"logo\":{\"@type\":\"ImageObject\",\"inLanguage\":\"fr-FR\",\"@id\":\"https:\\\/\\\/www.info-algerie.com\\\/actualites\\\/#\\\/schema\\\/logo\\\/image\\\/\",\"url\":\"https:\\\/\\\/www.info-algerie.com\\\/actualites\\\/wp-content\\\/uploads\\\/2022\\\/07\\\/logo-ia-120.png\",\"contentUrl\":\"https:\\\/\\\/www.info-algerie.com\\\/actualites\\\/wp-content\\\/uploads\\\/2022\\\/07\\\/logo-ia-120.png\",\"width\":120,\"height\":43,\"caption\":\"info algerie\"},\"image\":{\"@id\":\"https:\\\/\\\/www.info-algerie.com\\\/actualites\\\/#\\\/schema\\\/logo\\\/image\\\/\"},\"sameAs\":[\"https:\\\/\\\/www.facebook.com\\\/infoalgerieactu\",\"https:\\\/\\\/x.com\\\/infoalgerie1\"]},{\"@type\":\"Person\",\"@id\":\"https:\\\/\\\/www.info-algerie.com\\\/actualites\\\/#\\\/schema\\\/person\\\/847aaec44920825b843a08f30ec6aa1e\",\"name\":\"La r\u00e9daction\",\"image\":{\"@type\":\"ImageObject\",\"inLanguage\":\"fr-FR\",\"@id\":\"https:\\\/\\\/secure.gravatar.com\\\/avatar\\\/769db425c6f465158149f1ffd6cf61ce7a8a879d11dfbef8288af36dfddd418c?s=96&d=mm&r=g\",\"url\":\"https:\\\/\\\/secure.gravatar.com\\\/avatar\\\/769db425c6f465158149f1ffd6cf61ce7a8a879d11dfbef8288af36dfddd418c?s=96&d=mm&r=g\",\"contentUrl\":\"https:\\\/\\\/secure.gravatar.com\\\/avatar\\\/769db425c6f465158149f1ffd6cf61ce7a8a879d11dfbef8288af36dfddd418c?s=96&d=mm&r=g\",\"caption\":\"La r\u00e9daction\"},\"sameAs\":[\"http:\\\/\\\/www.lkeria.com\\\/\"],\"url\":\"https:\\\/\\\/www.info-algerie.com\\\/actualites\\\/author\\\/chakib32\\\/\"}]}<\/script>\n<!-- \/ Yoast SEO plugin. -->","yoast_head_json":{"title":"Le Mouvement El Islah participera aux \u00e9lections locales avec un programme coh\u00e9rent pour contribuer \u00e0 la construction du consensus national - info algerie","robots":{"index":"index","follow":"follow","max-snippet":"max-snippet:-1","max-image-preview":"max-image-preview:large","max-video-preview":"max-video-preview:-1"},"canonical":"https:\/\/www.info-algerie.com\/actualites\/le-mouvement-el-islah-participera-aux-elections-locales-avec-un-programme-coherent-pour-contribuer-a-la-construction-du-consensus-national\/","og_locale":"fr_FR","og_type":"article","og_title":"Le Mouvement El Islah participera aux \u00e9lections locales avec un programme coh\u00e9rent pour contribuer \u00e0 la construction du consensus national - info algerie","og_description":"ALGER &#8211; Le pr\u00e9sident du Mouvement El Islah, Filali Ghouini, a affirm\u00e9 vendredi \u00e0 Alger que sa formation politique participera aux \u00e9lections locales du 23 novembre prochain avec un programme coh\u00e9rent\u00a0\u00bb. &#013; &#013; Lors d&rsquo;une r\u00e9union avec les t\u00eates de liste du mouvement pour la r\u00e9gion centre, M. Ghouini a pr\u00e9cis\u00e9 que son parti \u00e9tait","og_url":"https:\/\/www.info-algerie.com\/actualites\/le-mouvement-el-islah-participera-aux-elections-locales-avec-un-programme-coherent-pour-contribuer-a-la-construction-du-consensus-national\/","og_site_name":"info algerie","article_publisher":"https:\/\/www.facebook.com\/infoalgerieactu","article_published_time":"2017-10-27T16:39:07+00:00","author":"La r\u00e9daction","twitter_misc":{"\u00c9crit par":"La r\u00e9daction","Dur\u00e9e de lecture estim\u00e9e":"2 minutes"},"schema":{"@context":"https:\/\/schema.org","@graph":[{"@type":"Article","@id":"https:\/\/www.info-algerie.com\/actualites\/le-mouvement-el-islah-participera-aux-elections-locales-avec-un-programme-coherent-pour-contribuer-a-la-construction-du-consensus-national\/#article","isPartOf":{"@id":"https:\/\/www.info-algerie.com\/actualites\/le-mouvement-el-islah-participera-aux-elections-locales-avec-un-programme-coherent-pour-contribuer-a-la-construction-du-consensus-national\/"},"author":{"name":"La r\u00e9daction","@id":"https:\/\/www.info-algerie.com\/actualites\/#\/schema\/person\/847aaec44920825b843a08f30ec6aa1e"},"headline":"Le Mouvement El Islah participera aux \u00e9lections locales avec un programme coh\u00e9rent pour contribuer \u00e0 la construction du consensus national","datePublished":"2017-10-27T16:39:07+00:00","mainEntityOfPage":{"@id":"https:\/\/www.info-algerie.com\/actualites\/le-mouvement-el-islah-participera-aux-elections-locales-avec-un-programme-coherent-pour-contribuer-a-la-construction-du-consensus-national\/"},"wordCount":363,"commentCount":0,"publisher":{"@id":"https:\/\/www.info-algerie.com\/actualites\/#organization"},"keywords":["ONU"],"articleSection":["infos"],"inLanguage":"fr-FR","potentialAction":[{"@type":"CommentAction","name":"Comment","target":["https:\/\/www.info-algerie.com\/actualites\/le-mouvement-el-islah-participera-aux-elections-locales-avec-un-programme-coherent-pour-contribuer-a-la-construction-du-consensus-national\/#respond"]}]},{"@type":"WebPage","@id":"https:\/\/www.info-algerie.com\/actualites\/le-mouvement-el-islah-participera-aux-elections-locales-avec-un-programme-coherent-pour-contribuer-a-la-construction-du-consensus-national\/","url":"https:\/\/www.info-algerie.com\/actualites\/le-mouvement-el-islah-participera-aux-elections-locales-avec-un-programme-coherent-pour-contribuer-a-la-construction-du-consensus-national\/","name":"Le Mouvement El Islah participera aux \u00e9lections locales avec un programme coh\u00e9rent pour contribuer \u00e0 la construction du consensus national - info algerie","isPartOf":{"@id":"https:\/\/www.info-algerie.com\/actualites\/#website"},"datePublished":"2017-10-27T16:39:07+00:00","breadcrumb":{"@id":"https:\/\/www.info-algerie.com\/actualites\/le-mouvement-el-islah-participera-aux-elections-locales-avec-un-programme-coherent-pour-contribuer-a-la-construction-du-consensus-national\/#breadcrumb"},"inLanguage":"fr-FR","potentialAction":[{"@type":"ReadAction","target":["https:\/\/www.info-algerie.com\/actualites\/le-mouvement-el-islah-participera-aux-elections-locales-avec-un-programme-coherent-pour-contribuer-a-la-construction-du-consensus-national\/"]}]},{"@type":"BreadcrumbList","@id":"https:\/\/www.info-algerie.com\/actualites\/le-mouvement-el-islah-participera-aux-elections-locales-avec-un-programme-coherent-pour-contribuer-a-la-construction-du-consensus-national\/#breadcrumb","itemListElement":[{"@type":"ListItem","position":1,"name":"Accueil","item":"https:\/\/www.info-algerie.com\/actualites\/"},{"@type":"ListItem","position":2,"name":"Le Mouvement El Islah participera aux \u00e9lections locales avec un programme coh\u00e9rent pour contribuer \u00e0 la construction du consensus national"}]},{"@type":"WebSite","@id":"https:\/\/www.info-algerie.com\/actualites\/#website","url":"https:\/\/www.info-algerie.com\/actualites\/","name":"info algerie","description":"Toutes les actualit\u00e9s","publisher":{"@id":"https:\/\/www.info-algerie.com\/actualites\/#organization"},"potentialAction":[{"@type":"SearchAction","target":{"@type":"EntryPoint","urlTemplate":"https:\/\/www.info-algerie.com\/actualites\/?s={search_term_string}"},"query-input":{"@type":"PropertyValueSpecification","valueRequired":true,"valueName":"search_term_string"}}],"inLanguage":"fr-FR"},{"@type":"Organization","@id":"https:\/\/www.info-algerie.com\/actualites\/#organization","name":"info algerie","url":"https:\/\/www.info-algerie.com\/actualites\/","logo":{"@type":"ImageObject","inLanguage":"fr-FR","@id":"https:\/\/www.info-algerie.com\/actualites\/#\/schema\/logo\/image\/","url":"https:\/\/www.info-algerie.com\/actualites\/wp-content\/uploads\/2022\/07\/logo-ia-120.png","contentUrl":"https:\/\/www.info-algerie.com\/actualites\/wp-content\/uploads\/2022\/07\/logo-ia-120.png","width":120,"height":43,"caption":"info algerie"},"image":{"@id":"https:\/\/www.info-algerie.com\/actualites\/#\/schema\/logo\/image\/"},"sameAs":["https:\/\/www.facebook.com\/infoalgerieactu","https:\/\/x.com\/infoalgerie1"]},{"@type":"Person","@id":"https:\/\/www.info-algerie.com\/actualites\/#\/schema\/person\/847aaec44920825b843a08f30ec6aa1e","name":"La r\u00e9daction","image":{"@type":"ImageObject","inLanguage":"fr-FR","@id":"https:\/\/secure.gravatar.com\/avatar\/769db425c6f465158149f1ffd6cf61ce7a8a879d11dfbef8288af36dfddd418c?s=96&d=mm&r=g","url":"https:\/\/secure.gravatar.com\/avatar\/769db425c6f465158149f1ffd6cf61ce7a8a879d11dfbef8288af36dfddd418c?s=96&d=mm&r=g","contentUrl":"https:\/\/secure.gravatar.com\/avatar\/769db425c6f465158149f1ffd6cf61ce7a8a879d11dfbef8288af36dfddd418c?s=96&d=mm&r=g","caption":"La r\u00e9daction"},"sameAs":["http:\/\/www.lkeria.com\/"],"url":"https:\/\/www.info-algerie.com\/actualites\/author\/chakib32\/"}]}},"_links":{"self":[{"href":"https:\/\/www.info-algerie.com\/actualites\/wp-json\/wp\/v2\/posts\/17315","targetHints":{"allow":["GET"]}}],"collection":[{"href":"https:\/\/www.info-algerie.com\/actualites\/wp-json\/wp\/v2\/posts"}],"about":[{"href":"https:\/\/www.info-algerie.com\/actualites\/wp-json\/wp\/v2\/types\/post"}],"author":[{"embeddable":true,"href":"https:\/\/www.info-algerie.com\/actualites\/wp-json\/wp\/v2\/users\/6"}],"replies":[{"embeddable":true,"href":"https:\/\/www.info-algerie.com\/actualites\/wp-json\/wp\/v2\/comments?post=17315"}],"version-history":[{"count":0,"href":"https:\/\/www.info-algerie.com\/actualites\/wp-json\/wp\/v2\/posts\/17315\/revisions"}],"wp:attachment":[{"href":"https:\/\/www.info-algerie.com\/actualites\/wp-json\/wp\/v2\/media?parent=17315"}],"wp:term":[{"taxonomy":"category","embeddable":true,"href":"https:\/\/www.info-algerie.com\/actualites\/wp-json\/wp\/v2\/categories?post=17315"},{"taxonomy":"post_tag","embeddable":true,"href":"https:\/\/www.info-algerie.com\/actualites\/wp-json\/wp\/v2\/tags?post=17315"}],"curies":[{"name":"wp","href":"https:\/\/api.w.org\/{rel}","templated":true}]}}