{"id":17323,"date":"2017-10-28T12:16:14","date_gmt":"2017-10-28T11:16:14","guid":{"rendered":"http:\/\/www.info-algerie.com\/actualites\/creation-de-chaines-tv-larrete-dappel-a-candidature-sera-reetudie\/"},"modified":"2017-10-28T12:16:14","modified_gmt":"2017-10-28T11:16:14","slug":"creation-de-chaines-tv-larrete-dappel-a-candidature-sera-reetudie","status":"publish","type":"post","link":"https:\/\/www.info-algerie.com\/actualites\/creation-de-chaines-tv-larrete-dappel-a-candidature-sera-reetudie\/","title":{"rendered":"cr\u00e9ation de chaines TV: l&#039;arr\u00eat\u00e9 d&#039;appel \u00e0 candidature sera r\u00e9\u00e9tudi\u00e9"},"content":{"rendered":"<div class=\"K2FeedImage\"><img decoding=\"async\" src=\"https:\/\/www.info-algerie.com\/actualites\/wp-content\/uploads\/2017\/10\/da739b01c0f24b2e3d320fde3fb6a677_S.jpg\" alt=\"cr&#xE9;ation de chaines TV: l'arr&#xEA;t&#xE9; d'appel &#xE0; candidature sera r&#xE9;&#xE9;tudi&#xE9;\" \/><\/div>\n<div class=\"K2FeedIntroText\">\n<p class=\"MsoNoSpacing\">ALGER- L&rsquo;arr\u00eat\u00e9 relatif \u00e0 l&rsquo;appel \u00e0 candidature pour l&rsquo;octroi d&rsquo;autorisations de cr\u00e9ation de chaines de t\u00e9l\u00e9visions th\u00e9matiques sera r\u00e9\u00e9tudi\u00e9 avec les acteurs concern\u00e9s pour qu&rsquo;il r\u00e9ponde aux \u00ab\u00a0exigences\u00a0\u00bb du d\u00e9veloppement du paysage m\u00e9diatique audiovisuel alg\u00e9rien, a annonc\u00e9 samedi \u00e0 Alger, le ministre de la Communication, <a href=\"http:\/\/www.aps.dz\/algerie\/58248-le-nouveau-ministre-de-la-communication-prend-ses-fonctions\"><strong>Djamel Kaouane<\/strong><\/a>.<\/p>\n<p>&#013;\n<\/p><\/div>\n<div class=\"K2FeedFullText\">&#013;<\/p>\n<blockquote><p>&#013;<\/p>\n<p><em><strong>\u00ab\u00a0L&rsquo;arr\u00eat\u00e9 d&rsquo;appel \u00e0 candidature sera r\u00e9\u00e9tudi\u00e9 de nouveau, en concertation avec les acteurs concern\u00e9s, pour qu&rsquo;il r\u00e9ponde aux exigences du d\u00e9veloppement du paysage m\u00e9diatique audiovisuel alg\u00e9rien d&rsquo;aujourd&rsquo;hui\u00a0\u00bb, a indiqu\u00e9 M. Kaouane, dans une d\u00e9claration \u00e0 la presse, en marge de la\u00a0 c\u00e9r\u00e9monie de c\u00e9l\u00e9bration du 55\u00e8me anniversaire du recouvrement de la souverainet\u00e9 nationale sur la T\u00e9l\u00e9vision et la Radio nationales le 28 octobre 1962.<\/strong><\/em><\/p>\n<p>&#013;\n<\/p><\/blockquote>\n<p>&#013;<\/p>\n<p>L&rsquo;arr\u00eat\u00e9 en question portant lancement de l&rsquo;appel \u00e0 candidature pour l&rsquo;octroi d&rsquo;autorisations de cr\u00e9ation de services de diffusion t\u00e9l\u00e9visuelle th\u00e9matiques a \u00e9t\u00e9 publi\u00e9 au Journal officiel.<\/p>\n<p>&#013;<\/p>\n<hr \/>\n<p><a href=\"http:\/\/www.aps.dz\/sante-science-technologie\/57300-activer-l-arsenal-des-lois-sur-l-information-a-l-heure-de-l-ouverture-de-l-audiovisuel\">Lire aussi: Activer l\u2019arsenal des lois sur l\u2019information \u00e0 l\u2019heure de l\u2019ouverture de l\u2019audiovisuel<\/a><\/p>\n<p>&#013;<\/p>\n<hr \/>\n<blockquote><p>&#013;<\/p>\n<p><em><strong>L&rsquo;arr\u00eat\u00e9 a \u00e9t\u00e9 lanc\u00e9 pour l&rsquo;attribution de 7 autorisations pour la cr\u00e9ation de 7 services de diffusion t\u00e9l\u00e9visuelle, aux th\u00e9matiques li\u00e9es aux actualit\u00e9s politiques, \u00e9conomiques, sociales (programmes compos\u00e9s d&rsquo;informations, reportages, analyses et commentaires, d\u00e9bats et conf\u00e9rences), culture, jeunesse, art culinaire, d\u00e9couvertes, s\u00e9ries et divertissements, sports.<\/strong><\/em><\/p>\n<p>&#013;\n<\/p><\/blockquote>\n<p>&#013;<\/p>\n<p>Il a expliqu\u00e9 que l&rsquo;arr\u00eat\u00e9, \u00ab\u00a0tel qu&rsquo;il a \u00e9t\u00e9 \u00e9mis, ne r\u00e9pond pas aux ambitions et aux avanc\u00e9es d\u00e9j\u00e0 accomplies par les m\u00e9dias audiovisuels alg\u00e9riens\u00a0\u00bb, ajoutant que \u00ab\u00a0nous sommes une m\u00eame famille, nous sommes \u00e0 leur \u00e9coute. Nous avons pris en consid\u00e9ration leurs avis, et nous allons r\u00e9\u00e9tudier ce dossier pour qu&rsquo;il soit en phase avec le progr\u00e8s fulgurant dans domaine audiovisuel et des technologies\u00a0\u00bb.<\/p>\n<p>&#013;<\/p>\n<p>\u00ab\u00a0En r\u00e9ponse aux sollicitations et aux remarques de la grande famille de l&rsquo;audiovisuel alg\u00e9rien, l&rsquo;arr\u00eat\u00e9 d&rsquo;appel \u00e0 candidature sera revu puisque nous avons pris en compte leurs formulations\u00a0\u00bb, a-t-il assur\u00e9.<\/p>\n<\/div>\n<p>&#013;<br \/>\nSource: <a href=\"http:\/\/www.aps.dz\/algerie\/64585-creation-de-chaines-tv-l-arrete-d-appel-a-candidature-sera-reetudie\" target=\"_blank\">cr\u00e9ation de chaines TV: l&rsquo;arr\u00eat\u00e9 d&rsquo;appel \u00e0 candidature sera r\u00e9\u00e9tudi\u00e9<\/a><\/p>\n<!--CusAds0-->\n<div style=\"font-size: 0px; height: 0px; line-height: 0px; margin: 0; padding: 0; clear: both;\"><\/div>","protected":false},"excerpt":{"rendered":"<p>ALGER- L&rsquo;arr\u00eat\u00e9 relatif \u00e0 l&rsquo;appel \u00e0 candidature pour l&rsquo;octroi d&rsquo;autorisations de cr\u00e9ation de chaines de t\u00e9l\u00e9visions th\u00e9matiques sera r\u00e9\u00e9tudi\u00e9 avec les acteurs concern\u00e9s pour qu&rsquo;il r\u00e9ponde aux \u00ab\u00a0exigences\u00a0\u00bb du d\u00e9veloppement du paysage m\u00e9diatique audiovisuel alg\u00e9rien, a annonc\u00e9 samedi \u00e0 Alger, le ministre de la Communication, Djamel Kaouane. &#013; &#013; &#013; \u00ab\u00a0L&rsquo;arr\u00eat\u00e9 d&rsquo;appel \u00e0 candidature sera<\/p>\n","protected":false},"author":6,"featured_media":17324,"comment_status":"open","ping_status":"open","sticky":false,"template":"","format":"standard","meta":{"footnotes":""},"categories":[22],"tags":[93],"class_list":["post-17323","post","type-post","status-publish","format-standard","has-post-thumbnail","hentry","category-infos","tag-onu"],"yoast_head":"<!-- This site is optimized with the Yoast SEO plugin v27.5 - https:\/\/yoast.com\/product\/yoast-seo-wordpress\/ -->\n<title>cr\u00e9ation de chaines TV: l&#039;arr\u00eat\u00e9 d&#039;appel \u00e0 candidature sera r\u00e9\u00e9tudi\u00e9 - info algerie<\/title>\n<meta name=\"robots\" content=\"index, follow, max-snippet:-1, max-image-preview:large, max-video-preview:-1\" \/>\n<link rel=\"canonical\" href=\"https:\/\/www.info-algerie.com\/actualites\/creation-de-chaines-tv-larrete-dappel-a-candidature-sera-reetudie\/\" \/>\n<meta property=\"og:locale\" content=\"fr_FR\" \/>\n<meta property=\"og:type\" content=\"article\" \/>\n<meta property=\"og:title\" content=\"cr\u00e9ation de chaines TV: l&#039;arr\u00eat\u00e9 d&#039;appel \u00e0 candidature sera r\u00e9\u00e9tudi\u00e9 - info algerie\" \/>\n<meta property=\"og:description\" content=\"ALGER- L&rsquo;arr\u00eat\u00e9 relatif \u00e0 l&rsquo;appel \u00e0 candidature pour l&rsquo;octroi d&rsquo;autorisations de cr\u00e9ation de chaines de t\u00e9l\u00e9visions th\u00e9matiques sera r\u00e9\u00e9tudi\u00e9 avec les acteurs concern\u00e9s pour qu&rsquo;il r\u00e9ponde aux \u00ab\u00a0exigences\u00a0\u00bb du d\u00e9veloppement du paysage m\u00e9diatique audiovisuel alg\u00e9rien, a annonc\u00e9 samedi \u00e0 Alger, le ministre de la Communication, Djamel Kaouane. &#013; &#013; &#013; \u00ab\u00a0L&rsquo;arr\u00eat\u00e9 d&rsquo;appel \u00e0 candidature sera\" \/>\n<meta property=\"og:url\" content=\"https:\/\/www.info-algerie.com\/actualites\/creation-de-chaines-tv-larrete-dappel-a-candidature-sera-reetudie\/\" \/>\n<meta property=\"og:site_name\" content=\"info algerie\" \/>\n<meta property=\"article:publisher\" content=\"https:\/\/www.facebook.com\/infoalgerieactu\" \/>\n<meta property=\"article:published_time\" content=\"2017-10-28T11:16:14+00:00\" \/>\n<meta property=\"og:image\" content=\"https:\/\/www.info-algerie.com\/actualites\/wp-content\/uploads\/2017\/10\/da739b01c0f24b2e3d320fde3fb6a677_S-1.jpg\" \/>\n\t<meta property=\"og:image:width\" content=\"280\" \/>\n\t<meta property=\"og:image:height\" content=\"186\" \/>\n\t<meta property=\"og:image:type\" content=\"image\/jpeg\" \/>\n<meta name=\"author\" content=\"La r\u00e9daction\" \/>\n<meta name=\"twitter:label1\" content=\"\u00c9crit par\" \/>\n\t<meta name=\"twitter:data1\" content=\"La r\u00e9daction\" \/>\n\t<meta name=\"twitter:label2\" content=\"Dur\u00e9e de lecture estim\u00e9e\" \/>\n\t<meta name=\"twitter:data2\" content=\"2 minutes\" \/>\n<script type=\"application\/ld+json\" class=\"yoast-schema-graph\">{\"@context\":\"https:\\\/\\\/schema.org\",\"@graph\":[{\"@type\":\"Article\",\"@id\":\"https:\\\/\\\/www.info-algerie.com\\\/actualites\\\/creation-de-chaines-tv-larrete-dappel-a-candidature-sera-reetudie\\\/#article\",\"isPartOf\":{\"@id\":\"https:\\\/\\\/www.info-algerie.com\\\/actualites\\\/creation-de-chaines-tv-larrete-dappel-a-candidature-sera-reetudie\\\/\"},\"author\":{\"name\":\"La r\u00e9daction\",\"@id\":\"https:\\\/\\\/www.info-algerie.com\\\/actualites\\\/#\\\/schema\\\/person\\\/847aaec44920825b843a08f30ec6aa1e\"},\"headline\":\"cr\u00e9ation de chaines TV: l&#039;arr\u00eat\u00e9 d&#039;appel \u00e0 candidature sera r\u00e9\u00e9tudi\u00e9\",\"datePublished\":\"2017-10-28T11:16:14+00:00\",\"mainEntityOfPage\":{\"@id\":\"https:\\\/\\\/www.info-algerie.com\\\/actualites\\\/creation-de-chaines-tv-larrete-dappel-a-candidature-sera-reetudie\\\/\"},\"wordCount\":390,\"commentCount\":0,\"publisher\":{\"@id\":\"https:\\\/\\\/www.info-algerie.com\\\/actualites\\\/#organization\"},\"image\":{\"@id\":\"https:\\\/\\\/www.info-algerie.com\\\/actualites\\\/creation-de-chaines-tv-larrete-dappel-a-candidature-sera-reetudie\\\/#primaryimage\"},\"thumbnailUrl\":\"https:\\\/\\\/www.info-algerie.com\\\/actualites\\\/wp-content\\\/uploads\\\/2017\\\/10\\\/da739b01c0f24b2e3d320fde3fb6a677_S-1.jpg\",\"keywords\":[\"ONU\"],\"articleSection\":[\"infos\"],\"inLanguage\":\"fr-FR\",\"potentialAction\":[{\"@type\":\"CommentAction\",\"name\":\"Comment\",\"target\":[\"https:\\\/\\\/www.info-algerie.com\\\/actualites\\\/creation-de-chaines-tv-larrete-dappel-a-candidature-sera-reetudie\\\/#respond\"]}]},{\"@type\":\"WebPage\",\"@id\":\"https:\\\/\\\/www.info-algerie.com\\\/actualites\\\/creation-de-chaines-tv-larrete-dappel-a-candidature-sera-reetudie\\\/\",\"url\":\"https:\\\/\\\/www.info-algerie.com\\\/actualites\\\/creation-de-chaines-tv-larrete-dappel-a-candidature-sera-reetudie\\\/\",\"name\":\"cr\u00e9ation de chaines TV: l&#039;arr\u00eat\u00e9 d&#039;appel \u00e0 candidature sera r\u00e9\u00e9tudi\u00e9 - info algerie\",\"isPartOf\":{\"@id\":\"https:\\\/\\\/www.info-algerie.com\\\/actualites\\\/#website\"},\"primaryImageOfPage\":{\"@id\":\"https:\\\/\\\/www.info-algerie.com\\\/actualites\\\/creation-de-chaines-tv-larrete-dappel-a-candidature-sera-reetudie\\\/#primaryimage\"},\"image\":{\"@id\":\"https:\\\/\\\/www.info-algerie.com\\\/actualites\\\/creation-de-chaines-tv-larrete-dappel-a-candidature-sera-reetudie\\\/#primaryimage\"},\"thumbnailUrl\":\"https:\\\/\\\/www.info-algerie.com\\\/actualites\\\/wp-content\\\/uploads\\\/2017\\\/10\\\/da739b01c0f24b2e3d320fde3fb6a677_S-1.jpg\",\"datePublished\":\"2017-10-28T11:16:14+00:00\",\"breadcrumb\":{\"@id\":\"https:\\\/\\\/www.info-algerie.com\\\/actualites\\\/creation-de-chaines-tv-larrete-dappel-a-candidature-sera-reetudie\\\/#breadcrumb\"},\"inLanguage\":\"fr-FR\",\"potentialAction\":[{\"@type\":\"ReadAction\",\"target\":[\"https:\\\/\\\/www.info-algerie.com\\\/actualites\\\/creation-de-chaines-tv-larrete-dappel-a-candidature-sera-reetudie\\\/\"]}]},{\"@type\":\"ImageObject\",\"inLanguage\":\"fr-FR\",\"@id\":\"https:\\\/\\\/www.info-algerie.com\\\/actualites\\\/creation-de-chaines-tv-larrete-dappel-a-candidature-sera-reetudie\\\/#primaryimage\",\"url\":\"https:\\\/\\\/www.info-algerie.com\\\/actualites\\\/wp-content\\\/uploads\\\/2017\\\/10\\\/da739b01c0f24b2e3d320fde3fb6a677_S-1.jpg\",\"contentUrl\":\"https:\\\/\\\/www.info-algerie.com\\\/actualites\\\/wp-content\\\/uploads\\\/2017\\\/10\\\/da739b01c0f24b2e3d320fde3fb6a677_S-1.jpg\",\"width\":280,\"height\":186},{\"@type\":\"BreadcrumbList\",\"@id\":\"https:\\\/\\\/www.info-algerie.com\\\/actualites\\\/creation-de-chaines-tv-larrete-dappel-a-candidature-sera-reetudie\\\/#breadcrumb\",\"itemListElement\":[{\"@type\":\"ListItem\",\"position\":1,\"name\":\"Accueil\",\"item\":\"https:\\\/\\\/www.info-algerie.com\\\/actualites\\\/\"},{\"@type\":\"ListItem\",\"position\":2,\"name\":\"cr\u00e9ation de chaines TV: l&#039;arr\u00eat\u00e9 d&#039;appel \u00e0 candidature sera r\u00e9\u00e9tudi\u00e9\"}]},{\"@type\":\"WebSite\",\"@id\":\"https:\\\/\\\/www.info-algerie.com\\\/actualites\\\/#website\",\"url\":\"https:\\\/\\\/www.info-algerie.com\\\/actualites\\\/\",\"name\":\"info algerie\",\"description\":\"Toutes les actualit\u00e9s\",\"publisher\":{\"@id\":\"https:\\\/\\\/www.info-algerie.com\\\/actualites\\\/#organization\"},\"potentialAction\":[{\"@type\":\"SearchAction\",\"target\":{\"@type\":\"EntryPoint\",\"urlTemplate\":\"https:\\\/\\\/www.info-algerie.com\\\/actualites\\\/?s={search_term_string}\"},\"query-input\":{\"@type\":\"PropertyValueSpecification\",\"valueRequired\":true,\"valueName\":\"search_term_string\"}}],\"inLanguage\":\"fr-FR\"},{\"@type\":\"Organization\",\"@id\":\"https:\\\/\\\/www.info-algerie.com\\\/actualites\\\/#organization\",\"name\":\"info algerie\",\"url\":\"https:\\\/\\\/www.info-algerie.com\\\/actualites\\\/\",\"logo\":{\"@type\":\"ImageObject\",\"inLanguage\":\"fr-FR\",\"@id\":\"https:\\\/\\\/www.info-algerie.com\\\/actualites\\\/#\\\/schema\\\/logo\\\/image\\\/\",\"url\":\"https:\\\/\\\/www.info-algerie.com\\\/actualites\\\/wp-content\\\/uploads\\\/2022\\\/07\\\/logo-ia-120.png\",\"contentUrl\":\"https:\\\/\\\/www.info-algerie.com\\\/actualites\\\/wp-content\\\/uploads\\\/2022\\\/07\\\/logo-ia-120.png\",\"width\":120,\"height\":43,\"caption\":\"info algerie\"},\"image\":{\"@id\":\"https:\\\/\\\/www.info-algerie.com\\\/actualites\\\/#\\\/schema\\\/logo\\\/image\\\/\"},\"sameAs\":[\"https:\\\/\\\/www.facebook.com\\\/infoalgerieactu\",\"https:\\\/\\\/x.com\\\/infoalgerie1\"]},{\"@type\":\"Person\",\"@id\":\"https:\\\/\\\/www.info-algerie.com\\\/actualites\\\/#\\\/schema\\\/person\\\/847aaec44920825b843a08f30ec6aa1e\",\"name\":\"La r\u00e9daction\",\"image\":{\"@type\":\"ImageObject\",\"inLanguage\":\"fr-FR\",\"@id\":\"https:\\\/\\\/secure.gravatar.com\\\/avatar\\\/769db425c6f465158149f1ffd6cf61ce7a8a879d11dfbef8288af36dfddd418c?s=96&d=mm&r=g\",\"url\":\"https:\\\/\\\/secure.gravatar.com\\\/avatar\\\/769db425c6f465158149f1ffd6cf61ce7a8a879d11dfbef8288af36dfddd418c?s=96&d=mm&r=g\",\"contentUrl\":\"https:\\\/\\\/secure.gravatar.com\\\/avatar\\\/769db425c6f465158149f1ffd6cf61ce7a8a879d11dfbef8288af36dfddd418c?s=96&d=mm&r=g\",\"caption\":\"La r\u00e9daction\"},\"sameAs\":[\"http:\\\/\\\/www.lkeria.com\\\/\"],\"url\":\"https:\\\/\\\/www.info-algerie.com\\\/actualites\\\/author\\\/chakib32\\\/\"}]}<\/script>\n<!-- \/ Yoast SEO plugin. -->","yoast_head_json":{"title":"cr\u00e9ation de chaines TV: l&#039;arr\u00eat\u00e9 d&#039;appel \u00e0 candidature sera r\u00e9\u00e9tudi\u00e9 - info algerie","robots":{"index":"index","follow":"follow","max-snippet":"max-snippet:-1","max-image-preview":"max-image-preview:large","max-video-preview":"max-video-preview:-1"},"canonical":"https:\/\/www.info-algerie.com\/actualites\/creation-de-chaines-tv-larrete-dappel-a-candidature-sera-reetudie\/","og_locale":"fr_FR","og_type":"article","og_title":"cr\u00e9ation de chaines TV: l&#039;arr\u00eat\u00e9 d&#039;appel \u00e0 candidature sera r\u00e9\u00e9tudi\u00e9 - info algerie","og_description":"ALGER- L&rsquo;arr\u00eat\u00e9 relatif \u00e0 l&rsquo;appel \u00e0 candidature pour l&rsquo;octroi d&rsquo;autorisations de cr\u00e9ation de chaines de t\u00e9l\u00e9visions th\u00e9matiques sera r\u00e9\u00e9tudi\u00e9 avec les acteurs concern\u00e9s pour qu&rsquo;il r\u00e9ponde aux \u00ab\u00a0exigences\u00a0\u00bb du d\u00e9veloppement du paysage m\u00e9diatique audiovisuel alg\u00e9rien, a annonc\u00e9 samedi \u00e0 Alger, le ministre de la Communication, Djamel Kaouane. &#013; &#013; &#013; \u00ab\u00a0L&rsquo;arr\u00eat\u00e9 d&rsquo;appel \u00e0 candidature sera","og_url":"https:\/\/www.info-algerie.com\/actualites\/creation-de-chaines-tv-larrete-dappel-a-candidature-sera-reetudie\/","og_site_name":"info algerie","article_publisher":"https:\/\/www.facebook.com\/infoalgerieactu","article_published_time":"2017-10-28T11:16:14+00:00","og_image":[{"width":280,"height":186,"url":"https:\/\/www.info-algerie.com\/actualites\/wp-content\/uploads\/2017\/10\/da739b01c0f24b2e3d320fde3fb6a677_S-1.jpg","type":"image\/jpeg"}],"author":"La r\u00e9daction","twitter_misc":{"\u00c9crit par":"La r\u00e9daction","Dur\u00e9e de lecture estim\u00e9e":"2 minutes"},"schema":{"@context":"https:\/\/schema.org","@graph":[{"@type":"Article","@id":"https:\/\/www.info-algerie.com\/actualites\/creation-de-chaines-tv-larrete-dappel-a-candidature-sera-reetudie\/#article","isPartOf":{"@id":"https:\/\/www.info-algerie.com\/actualites\/creation-de-chaines-tv-larrete-dappel-a-candidature-sera-reetudie\/"},"author":{"name":"La r\u00e9daction","@id":"https:\/\/www.info-algerie.com\/actualites\/#\/schema\/person\/847aaec44920825b843a08f30ec6aa1e"},"headline":"cr\u00e9ation de chaines TV: l&#039;arr\u00eat\u00e9 d&#039;appel \u00e0 candidature sera r\u00e9\u00e9tudi\u00e9","datePublished":"2017-10-28T11:16:14+00:00","mainEntityOfPage":{"@id":"https:\/\/www.info-algerie.com\/actualites\/creation-de-chaines-tv-larrete-dappel-a-candidature-sera-reetudie\/"},"wordCount":390,"commentCount":0,"publisher":{"@id":"https:\/\/www.info-algerie.com\/actualites\/#organization"},"image":{"@id":"https:\/\/www.info-algerie.com\/actualites\/creation-de-chaines-tv-larrete-dappel-a-candidature-sera-reetudie\/#primaryimage"},"thumbnailUrl":"https:\/\/www.info-algerie.com\/actualites\/wp-content\/uploads\/2017\/10\/da739b01c0f24b2e3d320fde3fb6a677_S-1.jpg","keywords":["ONU"],"articleSection":["infos"],"inLanguage":"fr-FR","potentialAction":[{"@type":"CommentAction","name":"Comment","target":["https:\/\/www.info-algerie.com\/actualites\/creation-de-chaines-tv-larrete-dappel-a-candidature-sera-reetudie\/#respond"]}]},{"@type":"WebPage","@id":"https:\/\/www.info-algerie.com\/actualites\/creation-de-chaines-tv-larrete-dappel-a-candidature-sera-reetudie\/","url":"https:\/\/www.info-algerie.com\/actualites\/creation-de-chaines-tv-larrete-dappel-a-candidature-sera-reetudie\/","name":"cr\u00e9ation de chaines TV: l&#039;arr\u00eat\u00e9 d&#039;appel \u00e0 candidature sera r\u00e9\u00e9tudi\u00e9 - info algerie","isPartOf":{"@id":"https:\/\/www.info-algerie.com\/actualites\/#website"},"primaryImageOfPage":{"@id":"https:\/\/www.info-algerie.com\/actualites\/creation-de-chaines-tv-larrete-dappel-a-candidature-sera-reetudie\/#primaryimage"},"image":{"@id":"https:\/\/www.info-algerie.com\/actualites\/creation-de-chaines-tv-larrete-dappel-a-candidature-sera-reetudie\/#primaryimage"},"thumbnailUrl":"https:\/\/www.info-algerie.com\/actualites\/wp-content\/uploads\/2017\/10\/da739b01c0f24b2e3d320fde3fb6a677_S-1.jpg","datePublished":"2017-10-28T11:16:14+00:00","breadcrumb":{"@id":"https:\/\/www.info-algerie.com\/actualites\/creation-de-chaines-tv-larrete-dappel-a-candidature-sera-reetudie\/#breadcrumb"},"inLanguage":"fr-FR","potentialAction":[{"@type":"ReadAction","target":["https:\/\/www.info-algerie.com\/actualites\/creation-de-chaines-tv-larrete-dappel-a-candidature-sera-reetudie\/"]}]},{"@type":"ImageObject","inLanguage":"fr-FR","@id":"https:\/\/www.info-algerie.com\/actualites\/creation-de-chaines-tv-larrete-dappel-a-candidature-sera-reetudie\/#primaryimage","url":"https:\/\/www.info-algerie.com\/actualites\/wp-content\/uploads\/2017\/10\/da739b01c0f24b2e3d320fde3fb6a677_S-1.jpg","contentUrl":"https:\/\/www.info-algerie.com\/actualites\/wp-content\/uploads\/2017\/10\/da739b01c0f24b2e3d320fde3fb6a677_S-1.jpg","width":280,"height":186},{"@type":"BreadcrumbList","@id":"https:\/\/www.info-algerie.com\/actualites\/creation-de-chaines-tv-larrete-dappel-a-candidature-sera-reetudie\/#breadcrumb","itemListElement":[{"@type":"ListItem","position":1,"name":"Accueil","item":"https:\/\/www.info-algerie.com\/actualites\/"},{"@type":"ListItem","position":2,"name":"cr\u00e9ation de chaines TV: l&#039;arr\u00eat\u00e9 d&#039;appel \u00e0 candidature sera r\u00e9\u00e9tudi\u00e9"}]},{"@type":"WebSite","@id":"https:\/\/www.info-algerie.com\/actualites\/#website","url":"https:\/\/www.info-algerie.com\/actualites\/","name":"info algerie","description":"Toutes les actualit\u00e9s","publisher":{"@id":"https:\/\/www.info-algerie.com\/actualites\/#organization"},"potentialAction":[{"@type":"SearchAction","target":{"@type":"EntryPoint","urlTemplate":"https:\/\/www.info-algerie.com\/actualites\/?s={search_term_string}"},"query-input":{"@type":"PropertyValueSpecification","valueRequired":true,"valueName":"search_term_string"}}],"inLanguage":"fr-FR"},{"@type":"Organization","@id":"https:\/\/www.info-algerie.com\/actualites\/#organization","name":"info algerie","url":"https:\/\/www.info-algerie.com\/actualites\/","logo":{"@type":"ImageObject","inLanguage":"fr-FR","@id":"https:\/\/www.info-algerie.com\/actualites\/#\/schema\/logo\/image\/","url":"https:\/\/www.info-algerie.com\/actualites\/wp-content\/uploads\/2022\/07\/logo-ia-120.png","contentUrl":"https:\/\/www.info-algerie.com\/actualites\/wp-content\/uploads\/2022\/07\/logo-ia-120.png","width":120,"height":43,"caption":"info algerie"},"image":{"@id":"https:\/\/www.info-algerie.com\/actualites\/#\/schema\/logo\/image\/"},"sameAs":["https:\/\/www.facebook.com\/infoalgerieactu","https:\/\/x.com\/infoalgerie1"]},{"@type":"Person","@id":"https:\/\/www.info-algerie.com\/actualites\/#\/schema\/person\/847aaec44920825b843a08f30ec6aa1e","name":"La r\u00e9daction","image":{"@type":"ImageObject","inLanguage":"fr-FR","@id":"https:\/\/secure.gravatar.com\/avatar\/769db425c6f465158149f1ffd6cf61ce7a8a879d11dfbef8288af36dfddd418c?s=96&d=mm&r=g","url":"https:\/\/secure.gravatar.com\/avatar\/769db425c6f465158149f1ffd6cf61ce7a8a879d11dfbef8288af36dfddd418c?s=96&d=mm&r=g","contentUrl":"https:\/\/secure.gravatar.com\/avatar\/769db425c6f465158149f1ffd6cf61ce7a8a879d11dfbef8288af36dfddd418c?s=96&d=mm&r=g","caption":"La r\u00e9daction"},"sameAs":["http:\/\/www.lkeria.com\/"],"url":"https:\/\/www.info-algerie.com\/actualites\/author\/chakib32\/"}]}},"_links":{"self":[{"href":"https:\/\/www.info-algerie.com\/actualites\/wp-json\/wp\/v2\/posts\/17323","targetHints":{"allow":["GET"]}}],"collection":[{"href":"https:\/\/www.info-algerie.com\/actualites\/wp-json\/wp\/v2\/posts"}],"about":[{"href":"https:\/\/www.info-algerie.com\/actualites\/wp-json\/wp\/v2\/types\/post"}],"author":[{"embeddable":true,"href":"https:\/\/www.info-algerie.com\/actualites\/wp-json\/wp\/v2\/users\/6"}],"replies":[{"embeddable":true,"href":"https:\/\/www.info-algerie.com\/actualites\/wp-json\/wp\/v2\/comments?post=17323"}],"version-history":[{"count":0,"href":"https:\/\/www.info-algerie.com\/actualites\/wp-json\/wp\/v2\/posts\/17323\/revisions"}],"wp:featuredmedia":[{"embeddable":true,"href":"https:\/\/www.info-algerie.com\/actualites\/wp-json\/wp\/v2\/media\/17324"}],"wp:attachment":[{"href":"https:\/\/www.info-algerie.com\/actualites\/wp-json\/wp\/v2\/media?parent=17323"}],"wp:term":[{"taxonomy":"category","embeddable":true,"href":"https:\/\/www.info-algerie.com\/actualites\/wp-json\/wp\/v2\/categories?post=17323"},{"taxonomy":"post_tag","embeddable":true,"href":"https:\/\/www.info-algerie.com\/actualites\/wp-json\/wp\/v2\/tags?post=17323"}],"curies":[{"name":"wp","href":"https:\/\/api.w.org\/{rel}","templated":true}]}}