{"id":17329,"date":"2017-10-28T12:28:36","date_gmt":"2017-10-28T11:28:36","guid":{"rendered":"http:\/\/www.info-algerie.com\/actualites\/celebration-du-55eme-anniversaire-du-recouvrement-de-la-souverainete-sur-la-television-et-la-radio\/"},"modified":"2017-10-28T12:28:36","modified_gmt":"2017-10-28T11:28:36","slug":"celebration-du-55eme-anniversaire-du-recouvrement-de-la-souverainete-sur-la-television-et-la-radio","status":"publish","type":"post","link":"https:\/\/www.info-algerie.com\/actualites\/celebration-du-55eme-anniversaire-du-recouvrement-de-la-souverainete-sur-la-television-et-la-radio\/","title":{"rendered":"C\u00e9l\u00e9bration du 55\u00e8me anniversaire du recouvrement de la souverainet\u00e9 sur la T\u00e9l\u00e9vision et la Radio\u00a0"},"content":{"rendered":"<div class=\"K2FeedImage\"><img decoding=\"async\" src=\"https:\/\/www.info-algerie.com\/actualites\/wp-content\/uploads\/2017\/10\/486a17792c397be3613a4f0c9e30a9a5_S.jpg\" alt=\"C&#xE9;l&#xE9;bration du 55&#xE8;me anniversaire du recouvrement de la souverainet&#xE9; sur la T&#xE9;l&#xE9;vision et la Radio&#xA0;\" \/><\/div>\n<div class=\"K2FeedIntroText\">\n<p>ALGER &#8211; Le 55\u00e8me anniversaire du recouvrement de la souverainet\u00e9 nationale sur la T\u00e9l\u00e9vision et la Radio le 28 octobre 1962 a \u00e9t\u00e9 c\u00e9l\u00e9br\u00e9, samedi \u00e0 Alger, en pr\u00e9sence du ministre de la Communication,\u00a0 Djamel Kaouane.<\/p>\n<p>&#013;\n<\/p><\/div>\n<div class=\"K2FeedFullText\">&#013;<\/p>\n<blockquote><p>&#013;<\/p>\n<p><em><strong>M. Kaouane a rendu hommage, au si\u00e8ge de la T\u00e9l\u00e9vision et la Radio nationales, aux martyrs de la r\u00e9volution, rappelant le message du pr\u00e9sident de la R\u00e9publique, \u00e0 l&rsquo;occasion de la Journ\u00e9e nationale de la presse, qui est, a-t-il soulign\u00e9, \u00ab\u00a0une feuille de route\u00a0\u00bb, notamment dans son aspect de la d\u00e9fense de \u00ab\u00a0la r\u00e9putation et des int\u00e9r\u00eats\u00a0\u00bb du pays. <\/strong><\/em><\/p>\n<p>&#013;\n<\/p><\/blockquote>\n<p>&#013;<\/p>\n<p>Il a appel\u00e9 les journalistes de la t\u00e9l\u00e9vision et de la radio \u00e0 \u00eatre \u00ab\u00a0au diapason des d\u00e9fis de l&rsquo;heure\u00a0\u00bb, pour contribuer au \u00ab\u00a0progr\u00e8s et la construction\u00a0\u00bb de l&rsquo;Alg\u00e9rie.<\/p>\n<p>&#013;<\/p>\n<hr \/>\n<p><a href=\"http:\/\/www.aps.dz\/algerie\/64314-la-presse-algerienne-est-riche-et-represente-une-source-de-fierte\">\u00a0Lire aussi: La presse alg\u00e9rienne est \u00ab\u00a0riche\u00a0\u00bb et repr\u00e9sente une \u00ab\u00a0source de fiert\u00e9\u00a0\u00bb<\/a><\/p>\n<p>&#013;<\/p>\n<hr \/>\n<p>S&rsquo;agissant de la couverture des<a href=\"http:\/\/www.aps.dz\/algerie\/63060-elections-locales-alger-plus-de-50-partis-en-lice-pour-1250-sieges\"><strong> \u00e9lections locales<\/strong><\/a>, M. Kaouane s&rsquo;est dit \u00ab\u00a0satisfait\u00a0\u00bb de la \u00ab\u00a0bonne\u00a0\u00bb pr\u00e9paration technique et professionnelle des m\u00e9dias publics \u00e0 l&rsquo;occasion de cet \u00ab\u00a0important rendez-vous\u00a0\u00bb de la vie nationale pour assurer leur mission de service public avec \u00ab\u00a0professionnalisme\u00a0\u00bb.<\/p>\n<p>&#013;<\/p>\n<blockquote><p>&#013;<\/p>\n<p><em><strong>Interrog\u00e9 sur \u00ab\u00a0l&rsquo;exclusion\u00a0\u00bb de la chaine III et Canal Alg\u00e9rie de l&rsquo;expression directe des candidats comme \u00e7a se faisait pr\u00e9c\u00e9demment, M. Kaouane a indiqu\u00e9 que \u00ab\u00a0ce n&rsquo;es pas une exclusion, mais il s&rsquo;agit juste de l&rsquo;aspect expression directe, pour \u00eatre en conformit\u00e9 avec la loi, puisque c&rsquo;est les deux langues nationales et officielles qui sont utilis\u00e9es dans le cadre de l&rsquo;expression directe\u00a0\u00bb.<\/strong><\/em><span style=\"font-size: 12.16px\">\u00a0<\/span><\/p>\n<p>&#013;\n<\/p><\/blockquote>\n<p>&#013;<\/p>\n<hr \/>\n<p>\u00a0<\/p>\n<p>&#013;<\/p>\n<p><a href=\"http:\/\/www.aps.dz\/algerie\/64329-la-participation-appreciable-au-prix-du-president-de-la-republique-du-journaliste-professionnel-traduit-un-degre-eleve-de-la-conscience-des-journalistes\">Lire aussi: Prix du pr\u00e9sident de la R\u00e9publique du journaliste : La participation \u00ab\u00a0appr\u00e9ciable\u00a0\u00bb traduit un degr\u00e9 \u00e9lev\u00e9 de la conscience<\/a><\/p>\n<p>&#013;<\/p>\n<hr \/>\n<p>Il a expliqu\u00e9 que la chaine III et Canal Alg\u00e9rie pouvaient diffuser dans ces deux langues l&rsquo;expression directe, pr\u00e9cisant qu&rsquo;il y avait tous les autres segments pour contribuer \u00e0 la campagne \u00e9lectorale, notamment les diff\u00e9rentes \u00e9missions, les reportages et les couvertures.<\/p>\n<p>&#013;<\/p>\n<p>\u00a0<\/p>\n<p>&#013;<\/p>\n<blockquote><p>&#013;<\/p>\n<p><em><strong>Interpel\u00e9 par une journaliste de la Radio nationale sur le \u00ab\u00a0blocage\u00a0\u00bb de l&rsquo;\u00e9volution de carri\u00e8re dans leur entreprise, M. Kaouane a appel\u00e9 au \u00ab\u00a0dialogue et la concertation\u00a0\u00bb entre les diff\u00e9rentes parties, ajoutant : \u00ab\u00a0adressez moi toutes les correspondances n\u00e9cessaires. Il faut que je connaisse l&rsquo;information, nous \u00e9tudierons (cette question) avec s\u00e9rieux avec toutes les parties concern\u00e9es\u00a0\u00bb.<\/strong><\/em><\/p>\n<p>&#013;\n<\/p><\/blockquote>\n<\/div>\n<p>&#013;<br \/>\nSource: <a href=\"http:\/\/www.aps.dz\/algerie\/64587-celebration-du-55eme-anniversaire-du-recouvrement-de-la-souverainete-sur-la-television-et-la-radio\" target=\"_blank\">C\u00e9l\u00e9bration du 55\u00e8me anniversaire du recouvrement de la souverainet\u00e9 sur la T\u00e9l\u00e9vision et la Radio\u00a0<\/a><\/p>\n<!--CusAds0-->\n<div style=\"font-size: 0px; height: 0px; line-height: 0px; margin: 0; padding: 0; clear: both;\"><\/div>","protected":false},"excerpt":{"rendered":"<p>ALGER &#8211; Le 55\u00e8me anniversaire du recouvrement de la souverainet\u00e9 nationale sur la T\u00e9l\u00e9vision et la Radio le 28 octobre 1962 a \u00e9t\u00e9 c\u00e9l\u00e9br\u00e9, samedi \u00e0 Alger, en pr\u00e9sence du ministre de la Communication,\u00a0 Djamel Kaouane. &#013; &#013; &#013; M. Kaouane a rendu hommage, au si\u00e8ge de la T\u00e9l\u00e9vision et la Radio nationales, aux martyrs<\/p>\n","protected":false},"author":6,"featured_media":17330,"comment_status":"open","ping_status":"open","sticky":false,"template":"","format":"standard","meta":{"footnotes":""},"categories":[22],"tags":[93],"class_list":["post-17329","post","type-post","status-publish","format-standard","has-post-thumbnail","hentry","category-infos","tag-onu"],"yoast_head":"<!-- This site is optimized with the Yoast SEO plugin v27.5 - https:\/\/yoast.com\/product\/yoast-seo-wordpress\/ -->\n<title>C\u00e9l\u00e9bration du 55\u00e8me anniversaire du recouvrement de la souverainet\u00e9 sur la T\u00e9l\u00e9vision et la Radio\u00a0 - info algerie<\/title>\n<meta name=\"robots\" content=\"index, follow, max-snippet:-1, max-image-preview:large, max-video-preview:-1\" \/>\n<link rel=\"canonical\" href=\"https:\/\/www.info-algerie.com\/actualites\/celebration-du-55eme-anniversaire-du-recouvrement-de-la-souverainete-sur-la-television-et-la-radio\/\" \/>\n<meta property=\"og:locale\" content=\"fr_FR\" \/>\n<meta property=\"og:type\" content=\"article\" \/>\n<meta property=\"og:title\" content=\"C\u00e9l\u00e9bration du 55\u00e8me anniversaire du recouvrement de la souverainet\u00e9 sur la T\u00e9l\u00e9vision et la Radio\u00a0 - info algerie\" \/>\n<meta property=\"og:description\" content=\"ALGER &#8211; Le 55\u00e8me anniversaire du recouvrement de la souverainet\u00e9 nationale sur la T\u00e9l\u00e9vision et la Radio le 28 octobre 1962 a \u00e9t\u00e9 c\u00e9l\u00e9br\u00e9, samedi \u00e0 Alger, en pr\u00e9sence du ministre de la Communication,\u00a0 Djamel Kaouane. &#013; &#013; &#013; M. Kaouane a rendu hommage, au si\u00e8ge de la T\u00e9l\u00e9vision et la Radio nationales, aux martyrs\" \/>\n<meta property=\"og:url\" content=\"https:\/\/www.info-algerie.com\/actualites\/celebration-du-55eme-anniversaire-du-recouvrement-de-la-souverainete-sur-la-television-et-la-radio\/\" \/>\n<meta property=\"og:site_name\" content=\"info algerie\" \/>\n<meta property=\"article:publisher\" content=\"https:\/\/www.facebook.com\/infoalgerieactu\" \/>\n<meta property=\"article:published_time\" content=\"2017-10-28T11:28:36+00:00\" \/>\n<meta property=\"og:image\" content=\"https:\/\/www.info-algerie.com\/actualites\/wp-content\/uploads\/2017\/10\/486a17792c397be3613a4f0c9e30a9a5_S-1.jpg\" \/>\n\t<meta property=\"og:image:width\" content=\"280\" \/>\n\t<meta property=\"og:image:height\" content=\"186\" \/>\n\t<meta property=\"og:image:type\" content=\"image\/jpeg\" \/>\n<meta name=\"author\" content=\"La r\u00e9daction\" \/>\n<meta name=\"twitter:label1\" content=\"\u00c9crit par\" \/>\n\t<meta name=\"twitter:data1\" content=\"La r\u00e9daction\" \/>\n\t<meta name=\"twitter:label2\" content=\"Dur\u00e9e de lecture estim\u00e9e\" \/>\n\t<meta name=\"twitter:data2\" content=\"2 minutes\" \/>\n<script type=\"application\/ld+json\" class=\"yoast-schema-graph\">{\"@context\":\"https:\\\/\\\/schema.org\",\"@graph\":[{\"@type\":\"Article\",\"@id\":\"https:\\\/\\\/www.info-algerie.com\\\/actualites\\\/celebration-du-55eme-anniversaire-du-recouvrement-de-la-souverainete-sur-la-television-et-la-radio\\\/#article\",\"isPartOf\":{\"@id\":\"https:\\\/\\\/www.info-algerie.com\\\/actualites\\\/celebration-du-55eme-anniversaire-du-recouvrement-de-la-souverainete-sur-la-television-et-la-radio\\\/\"},\"author\":{\"name\":\"La r\u00e9daction\",\"@id\":\"https:\\\/\\\/www.info-algerie.com\\\/actualites\\\/#\\\/schema\\\/person\\\/847aaec44920825b843a08f30ec6aa1e\"},\"headline\":\"C\u00e9l\u00e9bration du 55\u00e8me anniversaire du recouvrement de la souverainet\u00e9 sur la T\u00e9l\u00e9vision et la Radio\u00a0\",\"datePublished\":\"2017-10-28T11:28:36+00:00\",\"mainEntityOfPage\":{\"@id\":\"https:\\\/\\\/www.info-algerie.com\\\/actualites\\\/celebration-du-55eme-anniversaire-du-recouvrement-de-la-souverainete-sur-la-television-et-la-radio\\\/\"},\"wordCount\":445,\"commentCount\":0,\"publisher\":{\"@id\":\"https:\\\/\\\/www.info-algerie.com\\\/actualites\\\/#organization\"},\"image\":{\"@id\":\"https:\\\/\\\/www.info-algerie.com\\\/actualites\\\/celebration-du-55eme-anniversaire-du-recouvrement-de-la-souverainete-sur-la-television-et-la-radio\\\/#primaryimage\"},\"thumbnailUrl\":\"https:\\\/\\\/www.info-algerie.com\\\/actualites\\\/wp-content\\\/uploads\\\/2017\\\/10\\\/486a17792c397be3613a4f0c9e30a9a5_S-1.jpg\",\"keywords\":[\"ONU\"],\"articleSection\":[\"infos\"],\"inLanguage\":\"fr-FR\",\"potentialAction\":[{\"@type\":\"CommentAction\",\"name\":\"Comment\",\"target\":[\"https:\\\/\\\/www.info-algerie.com\\\/actualites\\\/celebration-du-55eme-anniversaire-du-recouvrement-de-la-souverainete-sur-la-television-et-la-radio\\\/#respond\"]}]},{\"@type\":\"WebPage\",\"@id\":\"https:\\\/\\\/www.info-algerie.com\\\/actualites\\\/celebration-du-55eme-anniversaire-du-recouvrement-de-la-souverainete-sur-la-television-et-la-radio\\\/\",\"url\":\"https:\\\/\\\/www.info-algerie.com\\\/actualites\\\/celebration-du-55eme-anniversaire-du-recouvrement-de-la-souverainete-sur-la-television-et-la-radio\\\/\",\"name\":\"C\u00e9l\u00e9bration du 55\u00e8me anniversaire du recouvrement de la souverainet\u00e9 sur la T\u00e9l\u00e9vision et la Radio\u00a0 - info algerie\",\"isPartOf\":{\"@id\":\"https:\\\/\\\/www.info-algerie.com\\\/actualites\\\/#website\"},\"primaryImageOfPage\":{\"@id\":\"https:\\\/\\\/www.info-algerie.com\\\/actualites\\\/celebration-du-55eme-anniversaire-du-recouvrement-de-la-souverainete-sur-la-television-et-la-radio\\\/#primaryimage\"},\"image\":{\"@id\":\"https:\\\/\\\/www.info-algerie.com\\\/actualites\\\/celebration-du-55eme-anniversaire-du-recouvrement-de-la-souverainete-sur-la-television-et-la-radio\\\/#primaryimage\"},\"thumbnailUrl\":\"https:\\\/\\\/www.info-algerie.com\\\/actualites\\\/wp-content\\\/uploads\\\/2017\\\/10\\\/486a17792c397be3613a4f0c9e30a9a5_S-1.jpg\",\"datePublished\":\"2017-10-28T11:28:36+00:00\",\"breadcrumb\":{\"@id\":\"https:\\\/\\\/www.info-algerie.com\\\/actualites\\\/celebration-du-55eme-anniversaire-du-recouvrement-de-la-souverainete-sur-la-television-et-la-radio\\\/#breadcrumb\"},\"inLanguage\":\"fr-FR\",\"potentialAction\":[{\"@type\":\"ReadAction\",\"target\":[\"https:\\\/\\\/www.info-algerie.com\\\/actualites\\\/celebration-du-55eme-anniversaire-du-recouvrement-de-la-souverainete-sur-la-television-et-la-radio\\\/\"]}]},{\"@type\":\"ImageObject\",\"inLanguage\":\"fr-FR\",\"@id\":\"https:\\\/\\\/www.info-algerie.com\\\/actualites\\\/celebration-du-55eme-anniversaire-du-recouvrement-de-la-souverainete-sur-la-television-et-la-radio\\\/#primaryimage\",\"url\":\"https:\\\/\\\/www.info-algerie.com\\\/actualites\\\/wp-content\\\/uploads\\\/2017\\\/10\\\/486a17792c397be3613a4f0c9e30a9a5_S-1.jpg\",\"contentUrl\":\"https:\\\/\\\/www.info-algerie.com\\\/actualites\\\/wp-content\\\/uploads\\\/2017\\\/10\\\/486a17792c397be3613a4f0c9e30a9a5_S-1.jpg\",\"width\":280,\"height\":186},{\"@type\":\"BreadcrumbList\",\"@id\":\"https:\\\/\\\/www.info-algerie.com\\\/actualites\\\/celebration-du-55eme-anniversaire-du-recouvrement-de-la-souverainete-sur-la-television-et-la-radio\\\/#breadcrumb\",\"itemListElement\":[{\"@type\":\"ListItem\",\"position\":1,\"name\":\"Accueil\",\"item\":\"https:\\\/\\\/www.info-algerie.com\\\/actualites\\\/\"},{\"@type\":\"ListItem\",\"position\":2,\"name\":\"C\u00e9l\u00e9bration du 55\u00e8me anniversaire du recouvrement de la souverainet\u00e9 sur la T\u00e9l\u00e9vision et la Radio\u00a0\"}]},{\"@type\":\"WebSite\",\"@id\":\"https:\\\/\\\/www.info-algerie.com\\\/actualites\\\/#website\",\"url\":\"https:\\\/\\\/www.info-algerie.com\\\/actualites\\\/\",\"name\":\"info algerie\",\"description\":\"Toutes les actualit\u00e9s\",\"publisher\":{\"@id\":\"https:\\\/\\\/www.info-algerie.com\\\/actualites\\\/#organization\"},\"potentialAction\":[{\"@type\":\"SearchAction\",\"target\":{\"@type\":\"EntryPoint\",\"urlTemplate\":\"https:\\\/\\\/www.info-algerie.com\\\/actualites\\\/?s={search_term_string}\"},\"query-input\":{\"@type\":\"PropertyValueSpecification\",\"valueRequired\":true,\"valueName\":\"search_term_string\"}}],\"inLanguage\":\"fr-FR\"},{\"@type\":\"Organization\",\"@id\":\"https:\\\/\\\/www.info-algerie.com\\\/actualites\\\/#organization\",\"name\":\"info algerie\",\"url\":\"https:\\\/\\\/www.info-algerie.com\\\/actualites\\\/\",\"logo\":{\"@type\":\"ImageObject\",\"inLanguage\":\"fr-FR\",\"@id\":\"https:\\\/\\\/www.info-algerie.com\\\/actualites\\\/#\\\/schema\\\/logo\\\/image\\\/\",\"url\":\"https:\\\/\\\/www.info-algerie.com\\\/actualites\\\/wp-content\\\/uploads\\\/2022\\\/07\\\/logo-ia-120.png\",\"contentUrl\":\"https:\\\/\\\/www.info-algerie.com\\\/actualites\\\/wp-content\\\/uploads\\\/2022\\\/07\\\/logo-ia-120.png\",\"width\":120,\"height\":43,\"caption\":\"info algerie\"},\"image\":{\"@id\":\"https:\\\/\\\/www.info-algerie.com\\\/actualites\\\/#\\\/schema\\\/logo\\\/image\\\/\"},\"sameAs\":[\"https:\\\/\\\/www.facebook.com\\\/infoalgerieactu\",\"https:\\\/\\\/x.com\\\/infoalgerie1\"]},{\"@type\":\"Person\",\"@id\":\"https:\\\/\\\/www.info-algerie.com\\\/actualites\\\/#\\\/schema\\\/person\\\/847aaec44920825b843a08f30ec6aa1e\",\"name\":\"La r\u00e9daction\",\"image\":{\"@type\":\"ImageObject\",\"inLanguage\":\"fr-FR\",\"@id\":\"https:\\\/\\\/secure.gravatar.com\\\/avatar\\\/769db425c6f465158149f1ffd6cf61ce7a8a879d11dfbef8288af36dfddd418c?s=96&d=mm&r=g\",\"url\":\"https:\\\/\\\/secure.gravatar.com\\\/avatar\\\/769db425c6f465158149f1ffd6cf61ce7a8a879d11dfbef8288af36dfddd418c?s=96&d=mm&r=g\",\"contentUrl\":\"https:\\\/\\\/secure.gravatar.com\\\/avatar\\\/769db425c6f465158149f1ffd6cf61ce7a8a879d11dfbef8288af36dfddd418c?s=96&d=mm&r=g\",\"caption\":\"La r\u00e9daction\"},\"sameAs\":[\"http:\\\/\\\/www.lkeria.com\\\/\"],\"url\":\"https:\\\/\\\/www.info-algerie.com\\\/actualites\\\/author\\\/chakib32\\\/\"}]}<\/script>\n<!-- \/ Yoast SEO plugin. -->","yoast_head_json":{"title":"C\u00e9l\u00e9bration du 55\u00e8me anniversaire du recouvrement de la souverainet\u00e9 sur la T\u00e9l\u00e9vision et la Radio\u00a0 - info algerie","robots":{"index":"index","follow":"follow","max-snippet":"max-snippet:-1","max-image-preview":"max-image-preview:large","max-video-preview":"max-video-preview:-1"},"canonical":"https:\/\/www.info-algerie.com\/actualites\/celebration-du-55eme-anniversaire-du-recouvrement-de-la-souverainete-sur-la-television-et-la-radio\/","og_locale":"fr_FR","og_type":"article","og_title":"C\u00e9l\u00e9bration du 55\u00e8me anniversaire du recouvrement de la souverainet\u00e9 sur la T\u00e9l\u00e9vision et la Radio\u00a0 - info algerie","og_description":"ALGER &#8211; Le 55\u00e8me anniversaire du recouvrement de la souverainet\u00e9 nationale sur la T\u00e9l\u00e9vision et la Radio le 28 octobre 1962 a \u00e9t\u00e9 c\u00e9l\u00e9br\u00e9, samedi \u00e0 Alger, en pr\u00e9sence du ministre de la Communication,\u00a0 Djamel Kaouane. &#013; &#013; &#013; M. Kaouane a rendu hommage, au si\u00e8ge de la T\u00e9l\u00e9vision et la Radio nationales, aux martyrs","og_url":"https:\/\/www.info-algerie.com\/actualites\/celebration-du-55eme-anniversaire-du-recouvrement-de-la-souverainete-sur-la-television-et-la-radio\/","og_site_name":"info algerie","article_publisher":"https:\/\/www.facebook.com\/infoalgerieactu","article_published_time":"2017-10-28T11:28:36+00:00","og_image":[{"width":280,"height":186,"url":"https:\/\/www.info-algerie.com\/actualites\/wp-content\/uploads\/2017\/10\/486a17792c397be3613a4f0c9e30a9a5_S-1.jpg","type":"image\/jpeg"}],"author":"La r\u00e9daction","twitter_misc":{"\u00c9crit par":"La r\u00e9daction","Dur\u00e9e de lecture estim\u00e9e":"2 minutes"},"schema":{"@context":"https:\/\/schema.org","@graph":[{"@type":"Article","@id":"https:\/\/www.info-algerie.com\/actualites\/celebration-du-55eme-anniversaire-du-recouvrement-de-la-souverainete-sur-la-television-et-la-radio\/#article","isPartOf":{"@id":"https:\/\/www.info-algerie.com\/actualites\/celebration-du-55eme-anniversaire-du-recouvrement-de-la-souverainete-sur-la-television-et-la-radio\/"},"author":{"name":"La r\u00e9daction","@id":"https:\/\/www.info-algerie.com\/actualites\/#\/schema\/person\/847aaec44920825b843a08f30ec6aa1e"},"headline":"C\u00e9l\u00e9bration du 55\u00e8me anniversaire du recouvrement de la souverainet\u00e9 sur la T\u00e9l\u00e9vision et la Radio\u00a0","datePublished":"2017-10-28T11:28:36+00:00","mainEntityOfPage":{"@id":"https:\/\/www.info-algerie.com\/actualites\/celebration-du-55eme-anniversaire-du-recouvrement-de-la-souverainete-sur-la-television-et-la-radio\/"},"wordCount":445,"commentCount":0,"publisher":{"@id":"https:\/\/www.info-algerie.com\/actualites\/#organization"},"image":{"@id":"https:\/\/www.info-algerie.com\/actualites\/celebration-du-55eme-anniversaire-du-recouvrement-de-la-souverainete-sur-la-television-et-la-radio\/#primaryimage"},"thumbnailUrl":"https:\/\/www.info-algerie.com\/actualites\/wp-content\/uploads\/2017\/10\/486a17792c397be3613a4f0c9e30a9a5_S-1.jpg","keywords":["ONU"],"articleSection":["infos"],"inLanguage":"fr-FR","potentialAction":[{"@type":"CommentAction","name":"Comment","target":["https:\/\/www.info-algerie.com\/actualites\/celebration-du-55eme-anniversaire-du-recouvrement-de-la-souverainete-sur-la-television-et-la-radio\/#respond"]}]},{"@type":"WebPage","@id":"https:\/\/www.info-algerie.com\/actualites\/celebration-du-55eme-anniversaire-du-recouvrement-de-la-souverainete-sur-la-television-et-la-radio\/","url":"https:\/\/www.info-algerie.com\/actualites\/celebration-du-55eme-anniversaire-du-recouvrement-de-la-souverainete-sur-la-television-et-la-radio\/","name":"C\u00e9l\u00e9bration du 55\u00e8me anniversaire du recouvrement de la souverainet\u00e9 sur la T\u00e9l\u00e9vision et la Radio\u00a0 - info algerie","isPartOf":{"@id":"https:\/\/www.info-algerie.com\/actualites\/#website"},"primaryImageOfPage":{"@id":"https:\/\/www.info-algerie.com\/actualites\/celebration-du-55eme-anniversaire-du-recouvrement-de-la-souverainete-sur-la-television-et-la-radio\/#primaryimage"},"image":{"@id":"https:\/\/www.info-algerie.com\/actualites\/celebration-du-55eme-anniversaire-du-recouvrement-de-la-souverainete-sur-la-television-et-la-radio\/#primaryimage"},"thumbnailUrl":"https:\/\/www.info-algerie.com\/actualites\/wp-content\/uploads\/2017\/10\/486a17792c397be3613a4f0c9e30a9a5_S-1.jpg","datePublished":"2017-10-28T11:28:36+00:00","breadcrumb":{"@id":"https:\/\/www.info-algerie.com\/actualites\/celebration-du-55eme-anniversaire-du-recouvrement-de-la-souverainete-sur-la-television-et-la-radio\/#breadcrumb"},"inLanguage":"fr-FR","potentialAction":[{"@type":"ReadAction","target":["https:\/\/www.info-algerie.com\/actualites\/celebration-du-55eme-anniversaire-du-recouvrement-de-la-souverainete-sur-la-television-et-la-radio\/"]}]},{"@type":"ImageObject","inLanguage":"fr-FR","@id":"https:\/\/www.info-algerie.com\/actualites\/celebration-du-55eme-anniversaire-du-recouvrement-de-la-souverainete-sur-la-television-et-la-radio\/#primaryimage","url":"https:\/\/www.info-algerie.com\/actualites\/wp-content\/uploads\/2017\/10\/486a17792c397be3613a4f0c9e30a9a5_S-1.jpg","contentUrl":"https:\/\/www.info-algerie.com\/actualites\/wp-content\/uploads\/2017\/10\/486a17792c397be3613a4f0c9e30a9a5_S-1.jpg","width":280,"height":186},{"@type":"BreadcrumbList","@id":"https:\/\/www.info-algerie.com\/actualites\/celebration-du-55eme-anniversaire-du-recouvrement-de-la-souverainete-sur-la-television-et-la-radio\/#breadcrumb","itemListElement":[{"@type":"ListItem","position":1,"name":"Accueil","item":"https:\/\/www.info-algerie.com\/actualites\/"},{"@type":"ListItem","position":2,"name":"C\u00e9l\u00e9bration du 55\u00e8me anniversaire du recouvrement de la souverainet\u00e9 sur la T\u00e9l\u00e9vision et la Radio\u00a0"}]},{"@type":"WebSite","@id":"https:\/\/www.info-algerie.com\/actualites\/#website","url":"https:\/\/www.info-algerie.com\/actualites\/","name":"info algerie","description":"Toutes les actualit\u00e9s","publisher":{"@id":"https:\/\/www.info-algerie.com\/actualites\/#organization"},"potentialAction":[{"@type":"SearchAction","target":{"@type":"EntryPoint","urlTemplate":"https:\/\/www.info-algerie.com\/actualites\/?s={search_term_string}"},"query-input":{"@type":"PropertyValueSpecification","valueRequired":true,"valueName":"search_term_string"}}],"inLanguage":"fr-FR"},{"@type":"Organization","@id":"https:\/\/www.info-algerie.com\/actualites\/#organization","name":"info algerie","url":"https:\/\/www.info-algerie.com\/actualites\/","logo":{"@type":"ImageObject","inLanguage":"fr-FR","@id":"https:\/\/www.info-algerie.com\/actualites\/#\/schema\/logo\/image\/","url":"https:\/\/www.info-algerie.com\/actualites\/wp-content\/uploads\/2022\/07\/logo-ia-120.png","contentUrl":"https:\/\/www.info-algerie.com\/actualites\/wp-content\/uploads\/2022\/07\/logo-ia-120.png","width":120,"height":43,"caption":"info algerie"},"image":{"@id":"https:\/\/www.info-algerie.com\/actualites\/#\/schema\/logo\/image\/"},"sameAs":["https:\/\/www.facebook.com\/infoalgerieactu","https:\/\/x.com\/infoalgerie1"]},{"@type":"Person","@id":"https:\/\/www.info-algerie.com\/actualites\/#\/schema\/person\/847aaec44920825b843a08f30ec6aa1e","name":"La r\u00e9daction","image":{"@type":"ImageObject","inLanguage":"fr-FR","@id":"https:\/\/secure.gravatar.com\/avatar\/769db425c6f465158149f1ffd6cf61ce7a8a879d11dfbef8288af36dfddd418c?s=96&d=mm&r=g","url":"https:\/\/secure.gravatar.com\/avatar\/769db425c6f465158149f1ffd6cf61ce7a8a879d11dfbef8288af36dfddd418c?s=96&d=mm&r=g","contentUrl":"https:\/\/secure.gravatar.com\/avatar\/769db425c6f465158149f1ffd6cf61ce7a8a879d11dfbef8288af36dfddd418c?s=96&d=mm&r=g","caption":"La r\u00e9daction"},"sameAs":["http:\/\/www.lkeria.com\/"],"url":"https:\/\/www.info-algerie.com\/actualites\/author\/chakib32\/"}]}},"_links":{"self":[{"href":"https:\/\/www.info-algerie.com\/actualites\/wp-json\/wp\/v2\/posts\/17329","targetHints":{"allow":["GET"]}}],"collection":[{"href":"https:\/\/www.info-algerie.com\/actualites\/wp-json\/wp\/v2\/posts"}],"about":[{"href":"https:\/\/www.info-algerie.com\/actualites\/wp-json\/wp\/v2\/types\/post"}],"author":[{"embeddable":true,"href":"https:\/\/www.info-algerie.com\/actualites\/wp-json\/wp\/v2\/users\/6"}],"replies":[{"embeddable":true,"href":"https:\/\/www.info-algerie.com\/actualites\/wp-json\/wp\/v2\/comments?post=17329"}],"version-history":[{"count":0,"href":"https:\/\/www.info-algerie.com\/actualites\/wp-json\/wp\/v2\/posts\/17329\/revisions"}],"wp:featuredmedia":[{"embeddable":true,"href":"https:\/\/www.info-algerie.com\/actualites\/wp-json\/wp\/v2\/media\/17330"}],"wp:attachment":[{"href":"https:\/\/www.info-algerie.com\/actualites\/wp-json\/wp\/v2\/media?parent=17329"}],"wp:term":[{"taxonomy":"category","embeddable":true,"href":"https:\/\/www.info-algerie.com\/actualites\/wp-json\/wp\/v2\/categories?post=17329"},{"taxonomy":"post_tag","embeddable":true,"href":"https:\/\/www.info-algerie.com\/actualites\/wp-json\/wp\/v2\/tags?post=17329"}],"curies":[{"name":"wp","href":"https:\/\/api.w.org\/{rel}","templated":true}]}}