{"id":17332,"date":"2017-10-28T13:26:16","date_gmt":"2017-10-28T12:26:16","guid":{"rendered":"http:\/\/www.info-algerie.com\/actualites\/les-belges-dans-la-guerre-dalgerie-une-solidarite-peu-connue\/"},"modified":"2017-10-28T13:26:16","modified_gmt":"2017-10-28T12:26:16","slug":"les-belges-dans-la-guerre-dalgerie-une-solidarite-peu-connue","status":"publish","type":"post","link":"https:\/\/www.info-algerie.com\/actualites\/les-belges-dans-la-guerre-dalgerie-une-solidarite-peu-connue\/","title":{"rendered":"Les Belges dans la guerre d&#039;Alg\u00e9rie: une solidarit\u00e9 peu connue"},"content":{"rendered":"<div class=\"K2FeedImage\"><img decoding=\"async\" src=\"https:\/\/www.info-algerie.com\/actualites\/wp-content\/uploads\/2017\/10\/2856e16b7cf41722106c26df8131ec8b_S.jpg\" alt=\"Les Belges dans la guerre d'Alg&#xE9;rie: une solidarit&#xE9; peu connue\" \/><\/div>\n<div class=\"K2FeedIntroText\">\n<p>BRUXELLES &#8211; Un mouvement de solidarit\u00e9 avec les Alg\u00e9riens qui se battaient pour leur ind\u00e9pendance a \u00e9t\u00e9 cr\u00e9\u00e9 en Belgique pendant la guerre de lib\u00e9ration par des Belges, partageant les convictions morales et politiques de ceux qui luttaient contre le colonialisme, mais leurs actions restent, pour la plupart non r\u00e9v\u00e9l\u00e9es \u00e0 ce jour.<\/p>\n<p>&#013;\n<\/p><\/div>\n<div class=\"K2FeedFullText\">&#013;<\/p>\n<blockquote><p>&#013;<\/p>\n<p><em><strong>De nombreux militants belges anticolonialistes se sont engag\u00e9s, en effet, durant cette guerre particuli\u00e8rement cruelle, aux c\u00f4t\u00e9s des Alg\u00e9riens auxquels ils ont apport\u00e9 une aide sur plusieurs fronts: politique, m\u00e9diatique, humanitaire, m\u00e9dical et judiciaire.<\/strong><\/em><\/p>\n<p>&#013;\n<\/p><\/blockquote>\n<p>&#013;<\/p>\n<p>Tout au long de cette guerre de lib\u00e9ration, ces militants belges ont aid\u00e9 le Front de lib\u00e9ration nationale (FLN) \u00e0 transporter et distribuer des documents, \u00e0 rassembler et transmettre les cotisations, voire des armes.<\/p>\n<p>&#013;<\/p>\n<p>Ils ont surtout aid\u00e9 \u00e0 faire passer la fronti\u00e8re \u00e0 des centaines de militants alg\u00e9riens pourchass\u00e9s en France et leur trouver un asile en Belgique, ainsi que d\u00e9fendre les d\u00e9tenus devant les tribunaux belges et fran\u00e7ais.<\/p>\n<p>&#013;<\/p>\n<blockquote><p>&#013;<\/p>\n<p><em><strong>\u00ab\u00a0En France, les combattants alg\u00e9riens sont consid\u00e9r\u00e9s comme des terroristes et risquent la guillotine, en Belgique ils font l\u2019objet de d\u00e9nonciations, et les services de police des deux pays coop\u00e8rent\u00a0\u00e9troitement\u00a0\u00bb, \u00e9crit la journaliste belge Colette Braeckman dans son carnet \u00ab\u00a0Le Front du Nord: des Belges dans la guerre d&rsquo;Alg\u00e9rie\u00a0\u00bb.<\/strong><\/em><\/p>\n<p>&#013;\n<\/p><\/blockquote>\n<p>&#013;<\/p>\n<hr \/>\n<p class=\"MsoNormal\"><a href=\"http:\/\/www.aps.dz\/algerie\/64416-un-colloque-a-alger-pour-faire-connaitre-l-apport-de-belges-a-la-revolution-algerienne\">Lire aussi: Un colloque \u00e0 Alger pour faire connaitre l&rsquo;apport de Belges \u00e0 la R\u00e9volution alg\u00e9rienne<\/a><\/p>\n<p>&#013;<\/p>\n<hr \/>\n<p>Si les militants fran\u00e7ais s&rsquo;\u00e9taient organis\u00e9s au sein du \u00ab\u00a0r\u00e9seau Jeanson\u00a0\u00bb pour soutenir le FLN en France, les Belges ont cr\u00e9\u00e9 un \u00ab\u00a0comit\u00e9 pour la paix en Alg\u00e9rie\u00a0\u00bb et un collectif d\u2019avocats. Lorsque ce r\u00e9seau fran\u00e7ais de \u00ab\u00a0porteurs de valises\u00a0\u00bb a \u00e9t\u00e9 d\u00e9mantel\u00e9 en f\u00e9vrier 1960, les Belges ont pris le relais pour mettre sur pied d&rsquo;autres r\u00e9seaux d\u2019exfiltration de d\u00e9tenus alg\u00e9riens.<\/p>\n<p>&#013;<\/p>\n<blockquote><p>&#013;<\/p>\n<p><em><strong>Ces militants belges ont, surtout \u00ab\u00a0ouvert leurs portes: les Jacmain, Louis et Ir\u00e9n\u00e9e, des anciens de la R\u00e9sistance (belge contre l&rsquo;occupation allemande), proposent leur maison \u00e0 Uccle (dans la r\u00e9gion de Bruxelles) \u00e0 des \u00e9tudiants membres de l\u2019Union g\u00e9n\u00e9rale des \u00e9tudiants alg\u00e9riens (UGEMA)\u00a0\u00bb, a fait savoir Colette Braeckman, pr\u00e9cisant qu'\u00a0\u00bben six ans, plus de cent responsables et militants alg\u00e9riens, en plus des membres du r\u00e9seau de soutien fran\u00e7ais seront ainsi accueillis discr\u00e8tement et transport\u00e9s\u00a0 au-del\u00e0 de la fronti\u00e8re\u00a0\u00bb belge.<\/strong><\/em><\/p>\n<p>&#013;\n<\/p><\/blockquote>\n<p>&#013;<\/p>\n<p>\u00ab\u00a0A plusieurs reprises l\u2019\u00e9crivain Kateb Yacine logera discr\u00e8tement \u00e0 Uccle\u00a0\u00bb, a-t-elle soutenu.<\/p>\n<p>&#013;<\/p>\n<p>Henriette Moureaux, \u00e9pouse de Serge Moureaux, responsable du collectif des avocats du FLN, se souvient qu\u2019\u00e0 l\u2019\u00e9poque, son \u00e9poux et elle accueillaient souvent des militants alg\u00e9riens dans leur appartement de Bruxelles.<\/p>\n<p>&#013;<\/p>\n<p>\u00ab\u00a0Pour plus de s\u00e9curit\u00e9 et de discr\u00e9tion, mon mari a h\u00e9berg\u00e9 un jour une d\u00e9l\u00e9gation de hauts responsables du FLN dans la maison de son p\u00e8re dans les Ardennes\u00a0\u00bb, a-t-elle confi\u00e9, soulignant, toutefois, que son beau p\u00e8re, un ministre du gouvernement belge \u00e0 l&rsquo;\u00e9poque, ignorait tout de l&rsquo;engagement de son fils en faveur de la cause alg\u00e9rienne.<\/p>\n<p>&#013;<\/p>\n<p>\u00a0<\/p>\n<p>&#013;<\/p>\n<p><strong>-Un r\u00e9seau d\u2019une grande efficacit\u00e9 d\u2019action-<\/strong><\/p>\n<p>&#013;<\/p>\n<p>\u00a0<\/p>\n<p>&#013;<\/p>\n<p>Engag\u00e9e dans la lutte clandestine aux c\u00f4tes des militants alg\u00e9riens, Suzy Rosendor, porteur de valise, \u00e9tait charg\u00e9e de transporter l&rsquo;archive du FLN d&rsquo;un pays \u00e0 l&rsquo;autre.<\/p>\n<p>&#013;<\/p>\n<blockquote><p>&#013;<\/p>\n<p><em><strong>\u00ab\u00a0J&rsquo;\u00e9tais en relation directe avec les responsables de la f\u00e9d\u00e9ration de France du FLN, notamment avec Omar Boudaoud\u00a0\u00bb, a affirm\u00e9 cette militante qui a failli, un jour, se faire prendre \u00e0 la fronti\u00e8re allemande alors qu&rsquo;elle transportait des documents du FLN de Belgique \u00e0 Cologne (Allemagne).<\/strong><\/em><\/p>\n<p>&#013;\n<\/p><\/blockquote>\n<p>&#013;<\/p>\n<p>Mais, sa plus grande fiert\u00e9 reste sa participation \u00e0 l&rsquo;organisation du r\u00e9f\u00e9rendum d&rsquo;autod\u00e9termination le 1er juillet 1962, \u00e0 Charleroi (Belgique).<\/p>\n<p>&#013;<\/p>\n<p>\u00ab\u00a0De nombreuses femmes ont particip\u00e9 \u00e0 l&rsquo;organisation de ce r\u00e9f\u00e9rendum pour l&rsquo;ind\u00e9pendance. Ce jour \u00e9tait, non seulement, celui de la lib\u00e9ration de l&rsquo;Alg\u00e9rie, mais c&rsquo;\u00e9tait aussi, pour elles, celui de la lib\u00e9ration de la femme\u00a0\u00bb, a-t-elle confi\u00e9.<\/p>\n<p>&#013;<\/p>\n<p>Tr\u00e8s discret, le responsable du r\u00e9seau Jeanson en Belgique, le d\u00e9funt Luc-Axel Somerhausen ne parlait pratiquement pas de ses activit\u00e9s men\u00e9es en solidarit\u00e9 avec les Alg\u00e9riens qui se battaient pour leur ind\u00e9pendance, raconte aujourd\u2019hui son \u00e9pouse Anne Chotteau Somerhausen.<\/p>\n<p>&#013;<\/p>\n<p>\u00ab\u00a0Mon mari \u00e9tait un anticolonialiste convaincu. Il s\u2019\u00e9tait engag\u00e9 en faveur de l\u2019ind\u00e9pendance de l\u2019Alg\u00e9rie par ce que pour lui la cause du peuple alg\u00e9rien \u00e9tait juste\u00a0\u00bb, a-t-elle affirm\u00e9, soutenant que son d\u00e9funt mari \u00e9tait pr\u00e9dispos\u00e9 \u00e0 mener un tel combat.<\/p>\n<p>&#013;<\/p>\n<p>\u00ab\u00a0C\u2019\u00e9tait tout naturel chez lui\u00a0\u00bb, a-t-elle ajout\u00e9, soulignant que la famille de son mari \u00e9tait ouverte \u00e0 ce genre d\u2019engagements.<\/p>\n<p>&#013;<\/p>\n<p>Elle a fait savoir, \u00e0 ce titre, que son beau p\u00e8re \u00ab\u00a0n\u2019h\u00e9sitait pas \u00e0 pr\u00eater sa voiture \u00e0 son fils qui l\u2019utilisait pour transporter les militants et activistes alg\u00e9riens\u00a0\u00bb.<\/p>\n<p>&#013;<\/p>\n<blockquote><p>&#013;<\/p>\n<p><em><strong>Le d\u00e9funt Jacques Nagels, qui t\u00e9moignait lors d&rsquo;une conf\u00e9rence organis\u00e9e par l&rsquo;association \u00ab\u00a0Les amiti\u00e9s belgo-alg\u00e9riennes\u00a0\u00bb en 2012 (vid\u00e9o disponible sur Youtube), a affirm\u00e9 que le bombardement du village tunisien de Sakiet Sidi Youcef \u00e0 la fronti\u00e8re avec l&rsquo;Alg\u00e9rie par l&rsquo;aviation fran\u00e7aise en f\u00e9vrier 1958 et le livre \u00ab\u00a0La Question\u00a0\u00bb d&rsquo;Henri Alleg dans lequel il d\u00e9non\u00e7ait la torture de civils pendant la guerre d&rsquo;Alg\u00e9rie, lui ont fait prendre conscience de la gravit\u00e9 de la situation pour s&rsquo;engager aux c\u00f4t\u00e9s des nationalistes alg\u00e9riens.<\/strong><\/em><\/p>\n<p>&#013;\n<\/p><\/blockquote>\n<p>&#013;<\/p>\n<p>Charg\u00e9 de passer en France des exemplaires du \u00ab\u00a0Manifeste des 121\u00a0\u00bb, un appel qui pr\u00f4ne l&rsquo;ind\u00e9pendance de l&rsquo;Alg\u00e9rie, sign\u00e9 par de nombreux intellectuels fran\u00e7ais dont Jean-Paul Sartre et Simone de Beauvoir, Jacques Nagels a \u00e9t\u00e9 arr\u00eat\u00e9 aux fronti\u00e8res fran\u00e7aises et condamn\u00e9 \u00e0 cinq mois de prison.<\/p>\n<p>&#013;<\/p>\n<p>\u00ab\u00a0En prison, j&rsquo;ai rencontr\u00e9 des dizaines de combattants alg\u00e9riens et j&rsquo;\u00e9tais appel\u00e9 \u00e0 assumer plusieurs fonctions dont celle d&rsquo;aide-comptable ou de scribe\u00a0\u00bb, a-t-il ajout\u00e9.<\/p>\n<p>&#013;<\/p>\n<p>Feu Marc De Kock qui a particip\u00e9 \u00e9galement \u00e0 la conf\u00e9rence organis\u00e9e par l\u2019association \u00ab\u00a0Les amiti\u00e9s belgo-alg\u00e9riennes\u00a0\u00bb en 2012, a affirm\u00e9 que la priorit\u00e9 du collectif des avocats constitu\u00e9 en Belgique et dont il faisait partie, \u00e9tait d&rsquo;\u00e9viter l&rsquo;extradition des Alg\u00e9riens arr\u00eat\u00e9s.<\/p>\n<p>&#013;<\/p>\n<p>\u00ab\u00a0La police belge avait coutume de les remettre entre les mains des Fran\u00e7ais, sans aucun proc\u00e8s. C&rsquo;\u00e9tait de l&rsquo;extradition d\u00e9guis\u00e9e, et cela se faisait r\u00e9guli\u00e8rement\u00a0\u00bb, a-t-il fait savoir, soulignant, n\u00e9anmoins que beaucoup de militants alg\u00e9riens s&rsquo;\u00e9taient r\u00e9fugi\u00e9s en Belgique.\u00a0<\/p>\n<p>&#013;<\/p>\n<blockquote><p>&#013;<\/p>\n<p><em><strong>\u00ab\u00a0M\u00eame s&rsquo;ils n&rsquo;obtenaient pas le statut de r\u00e9fugi\u00e9 -le ministre belge de la Justice de l&rsquo;\u00e9poque ne souhaitant pas s&rsquo;attirer les foudres du gouvernement fran\u00e7ais- les Alg\u00e9riens b\u00e9n\u00e9ficiaient de permis de s\u00e9jours provisoire et de travail et ils n&rsquo;\u00e9taient pas inqui\u00e9t\u00e9s\u00a0\u00bb, a-t-il assur\u00e9.<\/strong><\/em><\/p>\n<p>&#013;\n<\/p><\/blockquote>\n<\/div>\n<p>&#013;<br \/>\nSource: <a href=\"http:\/\/www.aps.dz\/algerie\/64589-les-belges-dans-la-guerre-d-algerie-une-solidarite-peu-connue\" target=\"_blank\">Les Belges dans la guerre d&rsquo;Alg\u00e9rie: une solidarit\u00e9 peu connue<\/a><\/p>\n<!--CusAds0-->\n<div style=\"font-size: 0px; height: 0px; line-height: 0px; margin: 0; padding: 0; clear: both;\"><\/div>","protected":false},"excerpt":{"rendered":"<p>BRUXELLES &#8211; Un mouvement de solidarit\u00e9 avec les Alg\u00e9riens qui se battaient pour leur ind\u00e9pendance a \u00e9t\u00e9 cr\u00e9\u00e9 en Belgique pendant la guerre de lib\u00e9ration par des Belges, partageant les convictions morales et politiques de ceux qui luttaient contre le colonialisme, mais leurs actions restent, pour la plupart non r\u00e9v\u00e9l\u00e9es \u00e0 ce jour. &#013; &#013;<\/p>\n","protected":false},"author":6,"featured_media":17333,"comment_status":"open","ping_status":"open","sticky":false,"template":"","format":"standard","meta":{"footnotes":""},"categories":[22],"tags":[93],"class_list":["post-17332","post","type-post","status-publish","format-standard","has-post-thumbnail","hentry","category-infos","tag-onu"],"yoast_head":"<!-- This site is optimized with the Yoast SEO plugin v27.5 - https:\/\/yoast.com\/product\/yoast-seo-wordpress\/ -->\n<title>Les Belges dans la guerre d&#039;Alg\u00e9rie: une solidarit\u00e9 peu connue - info algerie<\/title>\n<meta name=\"robots\" content=\"index, follow, max-snippet:-1, max-image-preview:large, max-video-preview:-1\" \/>\n<link rel=\"canonical\" href=\"https:\/\/www.info-algerie.com\/actualites\/les-belges-dans-la-guerre-dalgerie-une-solidarite-peu-connue\/\" \/>\n<meta property=\"og:locale\" content=\"fr_FR\" \/>\n<meta property=\"og:type\" content=\"article\" \/>\n<meta property=\"og:title\" content=\"Les Belges dans la guerre d&#039;Alg\u00e9rie: une solidarit\u00e9 peu connue - info algerie\" \/>\n<meta property=\"og:description\" content=\"BRUXELLES &#8211; Un mouvement de solidarit\u00e9 avec les Alg\u00e9riens qui se battaient pour leur ind\u00e9pendance a \u00e9t\u00e9 cr\u00e9\u00e9 en Belgique pendant la guerre de lib\u00e9ration par des Belges, partageant les convictions morales et politiques de ceux qui luttaient contre le colonialisme, mais leurs actions restent, pour la plupart non r\u00e9v\u00e9l\u00e9es \u00e0 ce jour. &#013; &#013;\" \/>\n<meta property=\"og:url\" content=\"https:\/\/www.info-algerie.com\/actualites\/les-belges-dans-la-guerre-dalgerie-une-solidarite-peu-connue\/\" \/>\n<meta property=\"og:site_name\" content=\"info algerie\" \/>\n<meta property=\"article:publisher\" content=\"https:\/\/www.facebook.com\/infoalgerieactu\" \/>\n<meta property=\"article:published_time\" content=\"2017-10-28T12:26:16+00:00\" \/>\n<meta property=\"og:image\" content=\"https:\/\/www.info-algerie.com\/actualites\/wp-content\/uploads\/2017\/10\/2856e16b7cf41722106c26df8131ec8b_S-1.jpg\" \/>\n\t<meta property=\"og:image:width\" content=\"280\" \/>\n\t<meta property=\"og:image:height\" content=\"193\" \/>\n\t<meta property=\"og:image:type\" content=\"image\/jpeg\" \/>\n<meta name=\"author\" content=\"La r\u00e9daction\" \/>\n<meta name=\"twitter:label1\" content=\"\u00c9crit par\" \/>\n\t<meta name=\"twitter:data1\" content=\"La r\u00e9daction\" \/>\n\t<meta name=\"twitter:label2\" content=\"Dur\u00e9e de lecture estim\u00e9e\" \/>\n\t<meta name=\"twitter:data2\" content=\"6 minutes\" \/>\n<script type=\"application\/ld+json\" class=\"yoast-schema-graph\">{\"@context\":\"https:\\\/\\\/schema.org\",\"@graph\":[{\"@type\":\"Article\",\"@id\":\"https:\\\/\\\/www.info-algerie.com\\\/actualites\\\/les-belges-dans-la-guerre-dalgerie-une-solidarite-peu-connue\\\/#article\",\"isPartOf\":{\"@id\":\"https:\\\/\\\/www.info-algerie.com\\\/actualites\\\/les-belges-dans-la-guerre-dalgerie-une-solidarite-peu-connue\\\/\"},\"author\":{\"name\":\"La r\u00e9daction\",\"@id\":\"https:\\\/\\\/www.info-algerie.com\\\/actualites\\\/#\\\/schema\\\/person\\\/847aaec44920825b843a08f30ec6aa1e\"},\"headline\":\"Les Belges dans la guerre d&#039;Alg\u00e9rie: une solidarit\u00e9 peu connue\",\"datePublished\":\"2017-10-28T12:26:16+00:00\",\"mainEntityOfPage\":{\"@id\":\"https:\\\/\\\/www.info-algerie.com\\\/actualites\\\/les-belges-dans-la-guerre-dalgerie-une-solidarite-peu-connue\\\/\"},\"wordCount\":1202,\"commentCount\":0,\"publisher\":{\"@id\":\"https:\\\/\\\/www.info-algerie.com\\\/actualites\\\/#organization\"},\"image\":{\"@id\":\"https:\\\/\\\/www.info-algerie.com\\\/actualites\\\/les-belges-dans-la-guerre-dalgerie-une-solidarite-peu-connue\\\/#primaryimage\"},\"thumbnailUrl\":\"https:\\\/\\\/www.info-algerie.com\\\/actualites\\\/wp-content\\\/uploads\\\/2017\\\/10\\\/2856e16b7cf41722106c26df8131ec8b_S-1.jpg\",\"keywords\":[\"ONU\"],\"articleSection\":[\"infos\"],\"inLanguage\":\"fr-FR\",\"potentialAction\":[{\"@type\":\"CommentAction\",\"name\":\"Comment\",\"target\":[\"https:\\\/\\\/www.info-algerie.com\\\/actualites\\\/les-belges-dans-la-guerre-dalgerie-une-solidarite-peu-connue\\\/#respond\"]}]},{\"@type\":\"WebPage\",\"@id\":\"https:\\\/\\\/www.info-algerie.com\\\/actualites\\\/les-belges-dans-la-guerre-dalgerie-une-solidarite-peu-connue\\\/\",\"url\":\"https:\\\/\\\/www.info-algerie.com\\\/actualites\\\/les-belges-dans-la-guerre-dalgerie-une-solidarite-peu-connue\\\/\",\"name\":\"Les Belges dans la guerre d&#039;Alg\u00e9rie: une solidarit\u00e9 peu connue - info algerie\",\"isPartOf\":{\"@id\":\"https:\\\/\\\/www.info-algerie.com\\\/actualites\\\/#website\"},\"primaryImageOfPage\":{\"@id\":\"https:\\\/\\\/www.info-algerie.com\\\/actualites\\\/les-belges-dans-la-guerre-dalgerie-une-solidarite-peu-connue\\\/#primaryimage\"},\"image\":{\"@id\":\"https:\\\/\\\/www.info-algerie.com\\\/actualites\\\/les-belges-dans-la-guerre-dalgerie-une-solidarite-peu-connue\\\/#primaryimage\"},\"thumbnailUrl\":\"https:\\\/\\\/www.info-algerie.com\\\/actualites\\\/wp-content\\\/uploads\\\/2017\\\/10\\\/2856e16b7cf41722106c26df8131ec8b_S-1.jpg\",\"datePublished\":\"2017-10-28T12:26:16+00:00\",\"breadcrumb\":{\"@id\":\"https:\\\/\\\/www.info-algerie.com\\\/actualites\\\/les-belges-dans-la-guerre-dalgerie-une-solidarite-peu-connue\\\/#breadcrumb\"},\"inLanguage\":\"fr-FR\",\"potentialAction\":[{\"@type\":\"ReadAction\",\"target\":[\"https:\\\/\\\/www.info-algerie.com\\\/actualites\\\/les-belges-dans-la-guerre-dalgerie-une-solidarite-peu-connue\\\/\"]}]},{\"@type\":\"ImageObject\",\"inLanguage\":\"fr-FR\",\"@id\":\"https:\\\/\\\/www.info-algerie.com\\\/actualites\\\/les-belges-dans-la-guerre-dalgerie-une-solidarite-peu-connue\\\/#primaryimage\",\"url\":\"https:\\\/\\\/www.info-algerie.com\\\/actualites\\\/wp-content\\\/uploads\\\/2017\\\/10\\\/2856e16b7cf41722106c26df8131ec8b_S-1.jpg\",\"contentUrl\":\"https:\\\/\\\/www.info-algerie.com\\\/actualites\\\/wp-content\\\/uploads\\\/2017\\\/10\\\/2856e16b7cf41722106c26df8131ec8b_S-1.jpg\",\"width\":280,\"height\":193},{\"@type\":\"BreadcrumbList\",\"@id\":\"https:\\\/\\\/www.info-algerie.com\\\/actualites\\\/les-belges-dans-la-guerre-dalgerie-une-solidarite-peu-connue\\\/#breadcrumb\",\"itemListElement\":[{\"@type\":\"ListItem\",\"position\":1,\"name\":\"Accueil\",\"item\":\"https:\\\/\\\/www.info-algerie.com\\\/actualites\\\/\"},{\"@type\":\"ListItem\",\"position\":2,\"name\":\"Les Belges dans la guerre d&#039;Alg\u00e9rie: une solidarit\u00e9 peu connue\"}]},{\"@type\":\"WebSite\",\"@id\":\"https:\\\/\\\/www.info-algerie.com\\\/actualites\\\/#website\",\"url\":\"https:\\\/\\\/www.info-algerie.com\\\/actualites\\\/\",\"name\":\"info algerie\",\"description\":\"Toutes les actualit\u00e9s\",\"publisher\":{\"@id\":\"https:\\\/\\\/www.info-algerie.com\\\/actualites\\\/#organization\"},\"potentialAction\":[{\"@type\":\"SearchAction\",\"target\":{\"@type\":\"EntryPoint\",\"urlTemplate\":\"https:\\\/\\\/www.info-algerie.com\\\/actualites\\\/?s={search_term_string}\"},\"query-input\":{\"@type\":\"PropertyValueSpecification\",\"valueRequired\":true,\"valueName\":\"search_term_string\"}}],\"inLanguage\":\"fr-FR\"},{\"@type\":\"Organization\",\"@id\":\"https:\\\/\\\/www.info-algerie.com\\\/actualites\\\/#organization\",\"name\":\"info algerie\",\"url\":\"https:\\\/\\\/www.info-algerie.com\\\/actualites\\\/\",\"logo\":{\"@type\":\"ImageObject\",\"inLanguage\":\"fr-FR\",\"@id\":\"https:\\\/\\\/www.info-algerie.com\\\/actualites\\\/#\\\/schema\\\/logo\\\/image\\\/\",\"url\":\"https:\\\/\\\/www.info-algerie.com\\\/actualites\\\/wp-content\\\/uploads\\\/2022\\\/07\\\/logo-ia-120.png\",\"contentUrl\":\"https:\\\/\\\/www.info-algerie.com\\\/actualites\\\/wp-content\\\/uploads\\\/2022\\\/07\\\/logo-ia-120.png\",\"width\":120,\"height\":43,\"caption\":\"info algerie\"},\"image\":{\"@id\":\"https:\\\/\\\/www.info-algerie.com\\\/actualites\\\/#\\\/schema\\\/logo\\\/image\\\/\"},\"sameAs\":[\"https:\\\/\\\/www.facebook.com\\\/infoalgerieactu\",\"https:\\\/\\\/x.com\\\/infoalgerie1\"]},{\"@type\":\"Person\",\"@id\":\"https:\\\/\\\/www.info-algerie.com\\\/actualites\\\/#\\\/schema\\\/person\\\/847aaec44920825b843a08f30ec6aa1e\",\"name\":\"La r\u00e9daction\",\"image\":{\"@type\":\"ImageObject\",\"inLanguage\":\"fr-FR\",\"@id\":\"https:\\\/\\\/secure.gravatar.com\\\/avatar\\\/769db425c6f465158149f1ffd6cf61ce7a8a879d11dfbef8288af36dfddd418c?s=96&d=mm&r=g\",\"url\":\"https:\\\/\\\/secure.gravatar.com\\\/avatar\\\/769db425c6f465158149f1ffd6cf61ce7a8a879d11dfbef8288af36dfddd418c?s=96&d=mm&r=g\",\"contentUrl\":\"https:\\\/\\\/secure.gravatar.com\\\/avatar\\\/769db425c6f465158149f1ffd6cf61ce7a8a879d11dfbef8288af36dfddd418c?s=96&d=mm&r=g\",\"caption\":\"La r\u00e9daction\"},\"sameAs\":[\"http:\\\/\\\/www.lkeria.com\\\/\"],\"url\":\"https:\\\/\\\/www.info-algerie.com\\\/actualites\\\/author\\\/chakib32\\\/\"}]}<\/script>\n<!-- \/ Yoast SEO plugin. -->","yoast_head_json":{"title":"Les Belges dans la guerre d&#039;Alg\u00e9rie: une solidarit\u00e9 peu connue - info algerie","robots":{"index":"index","follow":"follow","max-snippet":"max-snippet:-1","max-image-preview":"max-image-preview:large","max-video-preview":"max-video-preview:-1"},"canonical":"https:\/\/www.info-algerie.com\/actualites\/les-belges-dans-la-guerre-dalgerie-une-solidarite-peu-connue\/","og_locale":"fr_FR","og_type":"article","og_title":"Les Belges dans la guerre d&#039;Alg\u00e9rie: une solidarit\u00e9 peu connue - info algerie","og_description":"BRUXELLES &#8211; Un mouvement de solidarit\u00e9 avec les Alg\u00e9riens qui se battaient pour leur ind\u00e9pendance a \u00e9t\u00e9 cr\u00e9\u00e9 en Belgique pendant la guerre de lib\u00e9ration par des Belges, partageant les convictions morales et politiques de ceux qui luttaient contre le colonialisme, mais leurs actions restent, pour la plupart non r\u00e9v\u00e9l\u00e9es \u00e0 ce jour. &#013; &#013;","og_url":"https:\/\/www.info-algerie.com\/actualites\/les-belges-dans-la-guerre-dalgerie-une-solidarite-peu-connue\/","og_site_name":"info algerie","article_publisher":"https:\/\/www.facebook.com\/infoalgerieactu","article_published_time":"2017-10-28T12:26:16+00:00","og_image":[{"width":280,"height":193,"url":"https:\/\/www.info-algerie.com\/actualites\/wp-content\/uploads\/2017\/10\/2856e16b7cf41722106c26df8131ec8b_S-1.jpg","type":"image\/jpeg"}],"author":"La r\u00e9daction","twitter_misc":{"\u00c9crit par":"La r\u00e9daction","Dur\u00e9e de lecture estim\u00e9e":"6 minutes"},"schema":{"@context":"https:\/\/schema.org","@graph":[{"@type":"Article","@id":"https:\/\/www.info-algerie.com\/actualites\/les-belges-dans-la-guerre-dalgerie-une-solidarite-peu-connue\/#article","isPartOf":{"@id":"https:\/\/www.info-algerie.com\/actualites\/les-belges-dans-la-guerre-dalgerie-une-solidarite-peu-connue\/"},"author":{"name":"La r\u00e9daction","@id":"https:\/\/www.info-algerie.com\/actualites\/#\/schema\/person\/847aaec44920825b843a08f30ec6aa1e"},"headline":"Les Belges dans la guerre d&#039;Alg\u00e9rie: une solidarit\u00e9 peu connue","datePublished":"2017-10-28T12:26:16+00:00","mainEntityOfPage":{"@id":"https:\/\/www.info-algerie.com\/actualites\/les-belges-dans-la-guerre-dalgerie-une-solidarite-peu-connue\/"},"wordCount":1202,"commentCount":0,"publisher":{"@id":"https:\/\/www.info-algerie.com\/actualites\/#organization"},"image":{"@id":"https:\/\/www.info-algerie.com\/actualites\/les-belges-dans-la-guerre-dalgerie-une-solidarite-peu-connue\/#primaryimage"},"thumbnailUrl":"https:\/\/www.info-algerie.com\/actualites\/wp-content\/uploads\/2017\/10\/2856e16b7cf41722106c26df8131ec8b_S-1.jpg","keywords":["ONU"],"articleSection":["infos"],"inLanguage":"fr-FR","potentialAction":[{"@type":"CommentAction","name":"Comment","target":["https:\/\/www.info-algerie.com\/actualites\/les-belges-dans-la-guerre-dalgerie-une-solidarite-peu-connue\/#respond"]}]},{"@type":"WebPage","@id":"https:\/\/www.info-algerie.com\/actualites\/les-belges-dans-la-guerre-dalgerie-une-solidarite-peu-connue\/","url":"https:\/\/www.info-algerie.com\/actualites\/les-belges-dans-la-guerre-dalgerie-une-solidarite-peu-connue\/","name":"Les Belges dans la guerre d&#039;Alg\u00e9rie: une solidarit\u00e9 peu connue - info algerie","isPartOf":{"@id":"https:\/\/www.info-algerie.com\/actualites\/#website"},"primaryImageOfPage":{"@id":"https:\/\/www.info-algerie.com\/actualites\/les-belges-dans-la-guerre-dalgerie-une-solidarite-peu-connue\/#primaryimage"},"image":{"@id":"https:\/\/www.info-algerie.com\/actualites\/les-belges-dans-la-guerre-dalgerie-une-solidarite-peu-connue\/#primaryimage"},"thumbnailUrl":"https:\/\/www.info-algerie.com\/actualites\/wp-content\/uploads\/2017\/10\/2856e16b7cf41722106c26df8131ec8b_S-1.jpg","datePublished":"2017-10-28T12:26:16+00:00","breadcrumb":{"@id":"https:\/\/www.info-algerie.com\/actualites\/les-belges-dans-la-guerre-dalgerie-une-solidarite-peu-connue\/#breadcrumb"},"inLanguage":"fr-FR","potentialAction":[{"@type":"ReadAction","target":["https:\/\/www.info-algerie.com\/actualites\/les-belges-dans-la-guerre-dalgerie-une-solidarite-peu-connue\/"]}]},{"@type":"ImageObject","inLanguage":"fr-FR","@id":"https:\/\/www.info-algerie.com\/actualites\/les-belges-dans-la-guerre-dalgerie-une-solidarite-peu-connue\/#primaryimage","url":"https:\/\/www.info-algerie.com\/actualites\/wp-content\/uploads\/2017\/10\/2856e16b7cf41722106c26df8131ec8b_S-1.jpg","contentUrl":"https:\/\/www.info-algerie.com\/actualites\/wp-content\/uploads\/2017\/10\/2856e16b7cf41722106c26df8131ec8b_S-1.jpg","width":280,"height":193},{"@type":"BreadcrumbList","@id":"https:\/\/www.info-algerie.com\/actualites\/les-belges-dans-la-guerre-dalgerie-une-solidarite-peu-connue\/#breadcrumb","itemListElement":[{"@type":"ListItem","position":1,"name":"Accueil","item":"https:\/\/www.info-algerie.com\/actualites\/"},{"@type":"ListItem","position":2,"name":"Les Belges dans la guerre d&#039;Alg\u00e9rie: une solidarit\u00e9 peu connue"}]},{"@type":"WebSite","@id":"https:\/\/www.info-algerie.com\/actualites\/#website","url":"https:\/\/www.info-algerie.com\/actualites\/","name":"info algerie","description":"Toutes les actualit\u00e9s","publisher":{"@id":"https:\/\/www.info-algerie.com\/actualites\/#organization"},"potentialAction":[{"@type":"SearchAction","target":{"@type":"EntryPoint","urlTemplate":"https:\/\/www.info-algerie.com\/actualites\/?s={search_term_string}"},"query-input":{"@type":"PropertyValueSpecification","valueRequired":true,"valueName":"search_term_string"}}],"inLanguage":"fr-FR"},{"@type":"Organization","@id":"https:\/\/www.info-algerie.com\/actualites\/#organization","name":"info algerie","url":"https:\/\/www.info-algerie.com\/actualites\/","logo":{"@type":"ImageObject","inLanguage":"fr-FR","@id":"https:\/\/www.info-algerie.com\/actualites\/#\/schema\/logo\/image\/","url":"https:\/\/www.info-algerie.com\/actualites\/wp-content\/uploads\/2022\/07\/logo-ia-120.png","contentUrl":"https:\/\/www.info-algerie.com\/actualites\/wp-content\/uploads\/2022\/07\/logo-ia-120.png","width":120,"height":43,"caption":"info algerie"},"image":{"@id":"https:\/\/www.info-algerie.com\/actualites\/#\/schema\/logo\/image\/"},"sameAs":["https:\/\/www.facebook.com\/infoalgerieactu","https:\/\/x.com\/infoalgerie1"]},{"@type":"Person","@id":"https:\/\/www.info-algerie.com\/actualites\/#\/schema\/person\/847aaec44920825b843a08f30ec6aa1e","name":"La r\u00e9daction","image":{"@type":"ImageObject","inLanguage":"fr-FR","@id":"https:\/\/secure.gravatar.com\/avatar\/769db425c6f465158149f1ffd6cf61ce7a8a879d11dfbef8288af36dfddd418c?s=96&d=mm&r=g","url":"https:\/\/secure.gravatar.com\/avatar\/769db425c6f465158149f1ffd6cf61ce7a8a879d11dfbef8288af36dfddd418c?s=96&d=mm&r=g","contentUrl":"https:\/\/secure.gravatar.com\/avatar\/769db425c6f465158149f1ffd6cf61ce7a8a879d11dfbef8288af36dfddd418c?s=96&d=mm&r=g","caption":"La r\u00e9daction"},"sameAs":["http:\/\/www.lkeria.com\/"],"url":"https:\/\/www.info-algerie.com\/actualites\/author\/chakib32\/"}]}},"_links":{"self":[{"href":"https:\/\/www.info-algerie.com\/actualites\/wp-json\/wp\/v2\/posts\/17332","targetHints":{"allow":["GET"]}}],"collection":[{"href":"https:\/\/www.info-algerie.com\/actualites\/wp-json\/wp\/v2\/posts"}],"about":[{"href":"https:\/\/www.info-algerie.com\/actualites\/wp-json\/wp\/v2\/types\/post"}],"author":[{"embeddable":true,"href":"https:\/\/www.info-algerie.com\/actualites\/wp-json\/wp\/v2\/users\/6"}],"replies":[{"embeddable":true,"href":"https:\/\/www.info-algerie.com\/actualites\/wp-json\/wp\/v2\/comments?post=17332"}],"version-history":[{"count":0,"href":"https:\/\/www.info-algerie.com\/actualites\/wp-json\/wp\/v2\/posts\/17332\/revisions"}],"wp:featuredmedia":[{"embeddable":true,"href":"https:\/\/www.info-algerie.com\/actualites\/wp-json\/wp\/v2\/media\/17333"}],"wp:attachment":[{"href":"https:\/\/www.info-algerie.com\/actualites\/wp-json\/wp\/v2\/media?parent=17332"}],"wp:term":[{"taxonomy":"category","embeddable":true,"href":"https:\/\/www.info-algerie.com\/actualites\/wp-json\/wp\/v2\/categories?post=17332"},{"taxonomy":"post_tag","embeddable":true,"href":"https:\/\/www.info-algerie.com\/actualites\/wp-json\/wp\/v2\/tags?post=17332"}],"curies":[{"name":"wp","href":"https:\/\/api.w.org\/{rel}","templated":true}]}}