{"id":17337,"date":"2017-10-28T14:26:46","date_gmt":"2017-10-28T13:26:46","guid":{"rendered":"http:\/\/www.info-algerie.com\/actualites\/un-terroriste-se-rend-aux-autorites-militaires-a-adrar-mdn\/"},"modified":"2017-10-28T14:26:46","modified_gmt":"2017-10-28T13:26:46","slug":"un-terroriste-se-rend-aux-autorites-militaires-a-adrar-mdn","status":"publish","type":"post","link":"https:\/\/www.info-algerie.com\/actualites\/un-terroriste-se-rend-aux-autorites-militaires-a-adrar-mdn\/","title":{"rendered":"Un terroriste se rend aux autorit\u00e9s militaires \u00e0 Adrar (MDN)\u00a0"},"content":{"rendered":"<div class=\"K2FeedIntroText\">\n<p><strong>ALGER &#8211; Un terroriste s&rsquo;est rendu samedi aux autorit\u00e9s militaires d&rsquo;Adrar, gr\u00e2ce aux efforts des forces de l&rsquo;Arm\u00e9e nationale populaire (ANP), indique le minist\u00e8re de la D\u00e9fense nationale (MDN) dans un communiqu\u00e9.<\/strong><\/p>\n<p>&#013;\n<\/p><\/div>\n<div class=\"K2FeedFullText\">&#013;<\/p>\n<p>\u00ab\u00a0Dans le cadre de la lutte antiterroriste et gr\u00e2ce aux efforts des forces de l&rsquo;Arm\u00e9e nationale populaire (ANP), le terroriste d\u00e9nomm\u00e9e, T. Mohammed, s&rsquo;est rendu, aujourd&rsquo;hui le 28 octobre 2017, aux autorit\u00e9s militaires d&rsquo;Adrar (3e R\u00e9gion militaire)\u00a0\u00bb, pr\u00e9cise la m\u00eame source.<\/p>\n<p>&#013;<\/p>\n<p>\u00ab\u00a0Ledit terroriste avait en sa possession (1) pistolet semi-automatique de type Simonov et une quantit\u00e9 de munitions\u00a0\u00bb.\u00a0<\/p>\n<p>&#013;<\/p>\n<p>\u00ab\u00a0Ce r\u00e9sultats r\u00e9it\u00e8rent l&rsquo;efficacit\u00e9 de l&rsquo;approche adopt\u00e9e par l&rsquo;Arm\u00e9e nationale dans l&rsquo;\u00e9radication du fl\u00e9au du terrorisme et la mise en \u00e9chec de toute tentative visant \u00e0 porter atteinte \u00e0 la stabilit\u00e9 du pays\u00a0\u00bb, conclut le communiqu\u00e9.\u00a0<\/p>\n<\/div>\n<p>&#013;<br \/>\nSource: <a href=\"http:\/\/www.aps.dz\/algerie\/64590-un-terroriste-se-rend-aux-autorites-militaires-a-adrar-mdn\" target=\"_blank\">Un terroriste se rend aux autorit\u00e9s militaires \u00e0 Adrar (MDN)\u00a0<\/a><\/p>\n<!--CusAds0-->\n<div style=\"font-size: 0px; height: 0px; line-height: 0px; margin: 0; padding: 0; clear: both;\"><\/div>","protected":false},"excerpt":{"rendered":"<p>ALGER &#8211; Un terroriste s&rsquo;est rendu samedi aux autorit\u00e9s militaires d&rsquo;Adrar, gr\u00e2ce aux efforts des forces de l&rsquo;Arm\u00e9e nationale populaire (ANP), indique le minist\u00e8re de la D\u00e9fense nationale (MDN) dans un communiqu\u00e9. &#013; &#013; \u00ab\u00a0Dans le cadre de la lutte antiterroriste et gr\u00e2ce aux efforts des forces de l&rsquo;Arm\u00e9e nationale populaire (ANP), le terroriste d\u00e9nomm\u00e9e,<\/p>\n","protected":false},"author":6,"featured_media":0,"comment_status":"open","ping_status":"open","sticky":false,"template":"","format":"standard","meta":{"footnotes":""},"categories":[22],"tags":[93],"class_list":["post-17337","post","type-post","status-publish","format-standard","hentry","category-infos","tag-onu"],"yoast_head":"<!-- This site is optimized with the Yoast SEO plugin v27.5 - https:\/\/yoast.com\/product\/yoast-seo-wordpress\/ -->\n<title>Un terroriste se rend aux autorit\u00e9s militaires \u00e0 Adrar (MDN)\u00a0 - info algerie<\/title>\n<meta name=\"robots\" content=\"index, follow, max-snippet:-1, max-image-preview:large, max-video-preview:-1\" \/>\n<link rel=\"canonical\" href=\"https:\/\/www.info-algerie.com\/actualites\/un-terroriste-se-rend-aux-autorites-militaires-a-adrar-mdn\/\" \/>\n<meta property=\"og:locale\" content=\"fr_FR\" \/>\n<meta property=\"og:type\" content=\"article\" \/>\n<meta property=\"og:title\" content=\"Un terroriste se rend aux autorit\u00e9s militaires \u00e0 Adrar (MDN)\u00a0 - info algerie\" \/>\n<meta property=\"og:description\" content=\"ALGER &#8211; Un terroriste s&rsquo;est rendu samedi aux autorit\u00e9s militaires d&rsquo;Adrar, gr\u00e2ce aux efforts des forces de l&rsquo;Arm\u00e9e nationale populaire (ANP), indique le minist\u00e8re de la D\u00e9fense nationale (MDN) dans un communiqu\u00e9. &#013; &#013; \u00ab\u00a0Dans le cadre de la lutte antiterroriste et gr\u00e2ce aux efforts des forces de l&rsquo;Arm\u00e9e nationale populaire (ANP), le terroriste d\u00e9nomm\u00e9e,\" \/>\n<meta property=\"og:url\" content=\"https:\/\/www.info-algerie.com\/actualites\/un-terroriste-se-rend-aux-autorites-militaires-a-adrar-mdn\/\" \/>\n<meta property=\"og:site_name\" content=\"info algerie\" \/>\n<meta property=\"article:publisher\" content=\"https:\/\/www.facebook.com\/infoalgerieactu\" \/>\n<meta property=\"article:published_time\" content=\"2017-10-28T13:26:46+00:00\" \/>\n<meta name=\"author\" content=\"La r\u00e9daction\" \/>\n<meta name=\"twitter:label1\" content=\"\u00c9crit par\" \/>\n\t<meta name=\"twitter:data1\" content=\"La r\u00e9daction\" \/>\n\t<meta name=\"twitter:label2\" content=\"Dur\u00e9e de lecture estim\u00e9e\" \/>\n\t<meta name=\"twitter:data2\" content=\"1 minute\" \/>\n<script type=\"application\/ld+json\" class=\"yoast-schema-graph\">{\"@context\":\"https:\\\/\\\/schema.org\",\"@graph\":[{\"@type\":\"Article\",\"@id\":\"https:\\\/\\\/www.info-algerie.com\\\/actualites\\\/un-terroriste-se-rend-aux-autorites-militaires-a-adrar-mdn\\\/#article\",\"isPartOf\":{\"@id\":\"https:\\\/\\\/www.info-algerie.com\\\/actualites\\\/un-terroriste-se-rend-aux-autorites-militaires-a-adrar-mdn\\\/\"},\"author\":{\"name\":\"La r\u00e9daction\",\"@id\":\"https:\\\/\\\/www.info-algerie.com\\\/actualites\\\/#\\\/schema\\\/person\\\/847aaec44920825b843a08f30ec6aa1e\"},\"headline\":\"Un terroriste se rend aux autorit\u00e9s militaires \u00e0 Adrar (MDN)\u00a0\",\"datePublished\":\"2017-10-28T13:26:46+00:00\",\"mainEntityOfPage\":{\"@id\":\"https:\\\/\\\/www.info-algerie.com\\\/actualites\\\/un-terroriste-se-rend-aux-autorites-militaires-a-adrar-mdn\\\/\"},\"wordCount\":172,\"commentCount\":0,\"publisher\":{\"@id\":\"https:\\\/\\\/www.info-algerie.com\\\/actualites\\\/#organization\"},\"keywords\":[\"ONU\"],\"articleSection\":[\"infos\"],\"inLanguage\":\"fr-FR\",\"potentialAction\":[{\"@type\":\"CommentAction\",\"name\":\"Comment\",\"target\":[\"https:\\\/\\\/www.info-algerie.com\\\/actualites\\\/un-terroriste-se-rend-aux-autorites-militaires-a-adrar-mdn\\\/#respond\"]}]},{\"@type\":\"WebPage\",\"@id\":\"https:\\\/\\\/www.info-algerie.com\\\/actualites\\\/un-terroriste-se-rend-aux-autorites-militaires-a-adrar-mdn\\\/\",\"url\":\"https:\\\/\\\/www.info-algerie.com\\\/actualites\\\/un-terroriste-se-rend-aux-autorites-militaires-a-adrar-mdn\\\/\",\"name\":\"Un terroriste se rend aux autorit\u00e9s militaires \u00e0 Adrar (MDN)\u00a0 - info algerie\",\"isPartOf\":{\"@id\":\"https:\\\/\\\/www.info-algerie.com\\\/actualites\\\/#website\"},\"datePublished\":\"2017-10-28T13:26:46+00:00\",\"breadcrumb\":{\"@id\":\"https:\\\/\\\/www.info-algerie.com\\\/actualites\\\/un-terroriste-se-rend-aux-autorites-militaires-a-adrar-mdn\\\/#breadcrumb\"},\"inLanguage\":\"fr-FR\",\"potentialAction\":[{\"@type\":\"ReadAction\",\"target\":[\"https:\\\/\\\/www.info-algerie.com\\\/actualites\\\/un-terroriste-se-rend-aux-autorites-militaires-a-adrar-mdn\\\/\"]}]},{\"@type\":\"BreadcrumbList\",\"@id\":\"https:\\\/\\\/www.info-algerie.com\\\/actualites\\\/un-terroriste-se-rend-aux-autorites-militaires-a-adrar-mdn\\\/#breadcrumb\",\"itemListElement\":[{\"@type\":\"ListItem\",\"position\":1,\"name\":\"Accueil\",\"item\":\"https:\\\/\\\/www.info-algerie.com\\\/actualites\\\/\"},{\"@type\":\"ListItem\",\"position\":2,\"name\":\"Un terroriste se rend aux autorit\u00e9s militaires \u00e0 Adrar (MDN)\u00a0\"}]},{\"@type\":\"WebSite\",\"@id\":\"https:\\\/\\\/www.info-algerie.com\\\/actualites\\\/#website\",\"url\":\"https:\\\/\\\/www.info-algerie.com\\\/actualites\\\/\",\"name\":\"info algerie\",\"description\":\"Toutes les actualit\u00e9s\",\"publisher\":{\"@id\":\"https:\\\/\\\/www.info-algerie.com\\\/actualites\\\/#organization\"},\"potentialAction\":[{\"@type\":\"SearchAction\",\"target\":{\"@type\":\"EntryPoint\",\"urlTemplate\":\"https:\\\/\\\/www.info-algerie.com\\\/actualites\\\/?s={search_term_string}\"},\"query-input\":{\"@type\":\"PropertyValueSpecification\",\"valueRequired\":true,\"valueName\":\"search_term_string\"}}],\"inLanguage\":\"fr-FR\"},{\"@type\":\"Organization\",\"@id\":\"https:\\\/\\\/www.info-algerie.com\\\/actualites\\\/#organization\",\"name\":\"info algerie\",\"url\":\"https:\\\/\\\/www.info-algerie.com\\\/actualites\\\/\",\"logo\":{\"@type\":\"ImageObject\",\"inLanguage\":\"fr-FR\",\"@id\":\"https:\\\/\\\/www.info-algerie.com\\\/actualites\\\/#\\\/schema\\\/logo\\\/image\\\/\",\"url\":\"https:\\\/\\\/www.info-algerie.com\\\/actualites\\\/wp-content\\\/uploads\\\/2022\\\/07\\\/logo-ia-120.png\",\"contentUrl\":\"https:\\\/\\\/www.info-algerie.com\\\/actualites\\\/wp-content\\\/uploads\\\/2022\\\/07\\\/logo-ia-120.png\",\"width\":120,\"height\":43,\"caption\":\"info algerie\"},\"image\":{\"@id\":\"https:\\\/\\\/www.info-algerie.com\\\/actualites\\\/#\\\/schema\\\/logo\\\/image\\\/\"},\"sameAs\":[\"https:\\\/\\\/www.facebook.com\\\/infoalgerieactu\",\"https:\\\/\\\/x.com\\\/infoalgerie1\"]},{\"@type\":\"Person\",\"@id\":\"https:\\\/\\\/www.info-algerie.com\\\/actualites\\\/#\\\/schema\\\/person\\\/847aaec44920825b843a08f30ec6aa1e\",\"name\":\"La r\u00e9daction\",\"image\":{\"@type\":\"ImageObject\",\"inLanguage\":\"fr-FR\",\"@id\":\"https:\\\/\\\/secure.gravatar.com\\\/avatar\\\/769db425c6f465158149f1ffd6cf61ce7a8a879d11dfbef8288af36dfddd418c?s=96&d=mm&r=g\",\"url\":\"https:\\\/\\\/secure.gravatar.com\\\/avatar\\\/769db425c6f465158149f1ffd6cf61ce7a8a879d11dfbef8288af36dfddd418c?s=96&d=mm&r=g\",\"contentUrl\":\"https:\\\/\\\/secure.gravatar.com\\\/avatar\\\/769db425c6f465158149f1ffd6cf61ce7a8a879d11dfbef8288af36dfddd418c?s=96&d=mm&r=g\",\"caption\":\"La r\u00e9daction\"},\"sameAs\":[\"http:\\\/\\\/www.lkeria.com\\\/\"],\"url\":\"https:\\\/\\\/www.info-algerie.com\\\/actualites\\\/author\\\/chakib32\\\/\"}]}<\/script>\n<!-- \/ Yoast SEO plugin. -->","yoast_head_json":{"title":"Un terroriste se rend aux autorit\u00e9s militaires \u00e0 Adrar (MDN)\u00a0 - info algerie","robots":{"index":"index","follow":"follow","max-snippet":"max-snippet:-1","max-image-preview":"max-image-preview:large","max-video-preview":"max-video-preview:-1"},"canonical":"https:\/\/www.info-algerie.com\/actualites\/un-terroriste-se-rend-aux-autorites-militaires-a-adrar-mdn\/","og_locale":"fr_FR","og_type":"article","og_title":"Un terroriste se rend aux autorit\u00e9s militaires \u00e0 Adrar (MDN)\u00a0 - info algerie","og_description":"ALGER &#8211; Un terroriste s&rsquo;est rendu samedi aux autorit\u00e9s militaires d&rsquo;Adrar, gr\u00e2ce aux efforts des forces de l&rsquo;Arm\u00e9e nationale populaire (ANP), indique le minist\u00e8re de la D\u00e9fense nationale (MDN) dans un communiqu\u00e9. &#013; &#013; \u00ab\u00a0Dans le cadre de la lutte antiterroriste et gr\u00e2ce aux efforts des forces de l&rsquo;Arm\u00e9e nationale populaire (ANP), le terroriste d\u00e9nomm\u00e9e,","og_url":"https:\/\/www.info-algerie.com\/actualites\/un-terroriste-se-rend-aux-autorites-militaires-a-adrar-mdn\/","og_site_name":"info algerie","article_publisher":"https:\/\/www.facebook.com\/infoalgerieactu","article_published_time":"2017-10-28T13:26:46+00:00","author":"La r\u00e9daction","twitter_misc":{"\u00c9crit par":"La r\u00e9daction","Dur\u00e9e de lecture estim\u00e9e":"1 minute"},"schema":{"@context":"https:\/\/schema.org","@graph":[{"@type":"Article","@id":"https:\/\/www.info-algerie.com\/actualites\/un-terroriste-se-rend-aux-autorites-militaires-a-adrar-mdn\/#article","isPartOf":{"@id":"https:\/\/www.info-algerie.com\/actualites\/un-terroriste-se-rend-aux-autorites-militaires-a-adrar-mdn\/"},"author":{"name":"La r\u00e9daction","@id":"https:\/\/www.info-algerie.com\/actualites\/#\/schema\/person\/847aaec44920825b843a08f30ec6aa1e"},"headline":"Un terroriste se rend aux autorit\u00e9s militaires \u00e0 Adrar (MDN)\u00a0","datePublished":"2017-10-28T13:26:46+00:00","mainEntityOfPage":{"@id":"https:\/\/www.info-algerie.com\/actualites\/un-terroriste-se-rend-aux-autorites-militaires-a-adrar-mdn\/"},"wordCount":172,"commentCount":0,"publisher":{"@id":"https:\/\/www.info-algerie.com\/actualites\/#organization"},"keywords":["ONU"],"articleSection":["infos"],"inLanguage":"fr-FR","potentialAction":[{"@type":"CommentAction","name":"Comment","target":["https:\/\/www.info-algerie.com\/actualites\/un-terroriste-se-rend-aux-autorites-militaires-a-adrar-mdn\/#respond"]}]},{"@type":"WebPage","@id":"https:\/\/www.info-algerie.com\/actualites\/un-terroriste-se-rend-aux-autorites-militaires-a-adrar-mdn\/","url":"https:\/\/www.info-algerie.com\/actualites\/un-terroriste-se-rend-aux-autorites-militaires-a-adrar-mdn\/","name":"Un terroriste se rend aux autorit\u00e9s militaires \u00e0 Adrar (MDN)\u00a0 - info algerie","isPartOf":{"@id":"https:\/\/www.info-algerie.com\/actualites\/#website"},"datePublished":"2017-10-28T13:26:46+00:00","breadcrumb":{"@id":"https:\/\/www.info-algerie.com\/actualites\/un-terroriste-se-rend-aux-autorites-militaires-a-adrar-mdn\/#breadcrumb"},"inLanguage":"fr-FR","potentialAction":[{"@type":"ReadAction","target":["https:\/\/www.info-algerie.com\/actualites\/un-terroriste-se-rend-aux-autorites-militaires-a-adrar-mdn\/"]}]},{"@type":"BreadcrumbList","@id":"https:\/\/www.info-algerie.com\/actualites\/un-terroriste-se-rend-aux-autorites-militaires-a-adrar-mdn\/#breadcrumb","itemListElement":[{"@type":"ListItem","position":1,"name":"Accueil","item":"https:\/\/www.info-algerie.com\/actualites\/"},{"@type":"ListItem","position":2,"name":"Un terroriste se rend aux autorit\u00e9s militaires \u00e0 Adrar (MDN)\u00a0"}]},{"@type":"WebSite","@id":"https:\/\/www.info-algerie.com\/actualites\/#website","url":"https:\/\/www.info-algerie.com\/actualites\/","name":"info algerie","description":"Toutes les actualit\u00e9s","publisher":{"@id":"https:\/\/www.info-algerie.com\/actualites\/#organization"},"potentialAction":[{"@type":"SearchAction","target":{"@type":"EntryPoint","urlTemplate":"https:\/\/www.info-algerie.com\/actualites\/?s={search_term_string}"},"query-input":{"@type":"PropertyValueSpecification","valueRequired":true,"valueName":"search_term_string"}}],"inLanguage":"fr-FR"},{"@type":"Organization","@id":"https:\/\/www.info-algerie.com\/actualites\/#organization","name":"info algerie","url":"https:\/\/www.info-algerie.com\/actualites\/","logo":{"@type":"ImageObject","inLanguage":"fr-FR","@id":"https:\/\/www.info-algerie.com\/actualites\/#\/schema\/logo\/image\/","url":"https:\/\/www.info-algerie.com\/actualites\/wp-content\/uploads\/2022\/07\/logo-ia-120.png","contentUrl":"https:\/\/www.info-algerie.com\/actualites\/wp-content\/uploads\/2022\/07\/logo-ia-120.png","width":120,"height":43,"caption":"info algerie"},"image":{"@id":"https:\/\/www.info-algerie.com\/actualites\/#\/schema\/logo\/image\/"},"sameAs":["https:\/\/www.facebook.com\/infoalgerieactu","https:\/\/x.com\/infoalgerie1"]},{"@type":"Person","@id":"https:\/\/www.info-algerie.com\/actualites\/#\/schema\/person\/847aaec44920825b843a08f30ec6aa1e","name":"La r\u00e9daction","image":{"@type":"ImageObject","inLanguage":"fr-FR","@id":"https:\/\/secure.gravatar.com\/avatar\/769db425c6f465158149f1ffd6cf61ce7a8a879d11dfbef8288af36dfddd418c?s=96&d=mm&r=g","url":"https:\/\/secure.gravatar.com\/avatar\/769db425c6f465158149f1ffd6cf61ce7a8a879d11dfbef8288af36dfddd418c?s=96&d=mm&r=g","contentUrl":"https:\/\/secure.gravatar.com\/avatar\/769db425c6f465158149f1ffd6cf61ce7a8a879d11dfbef8288af36dfddd418c?s=96&d=mm&r=g","caption":"La r\u00e9daction"},"sameAs":["http:\/\/www.lkeria.com\/"],"url":"https:\/\/www.info-algerie.com\/actualites\/author\/chakib32\/"}]}},"_links":{"self":[{"href":"https:\/\/www.info-algerie.com\/actualites\/wp-json\/wp\/v2\/posts\/17337","targetHints":{"allow":["GET"]}}],"collection":[{"href":"https:\/\/www.info-algerie.com\/actualites\/wp-json\/wp\/v2\/posts"}],"about":[{"href":"https:\/\/www.info-algerie.com\/actualites\/wp-json\/wp\/v2\/types\/post"}],"author":[{"embeddable":true,"href":"https:\/\/www.info-algerie.com\/actualites\/wp-json\/wp\/v2\/users\/6"}],"replies":[{"embeddable":true,"href":"https:\/\/www.info-algerie.com\/actualites\/wp-json\/wp\/v2\/comments?post=17337"}],"version-history":[{"count":0,"href":"https:\/\/www.info-algerie.com\/actualites\/wp-json\/wp\/v2\/posts\/17337\/revisions"}],"wp:attachment":[{"href":"https:\/\/www.info-algerie.com\/actualites\/wp-json\/wp\/v2\/media?parent=17337"}],"wp:term":[{"taxonomy":"category","embeddable":true,"href":"https:\/\/www.info-algerie.com\/actualites\/wp-json\/wp\/v2\/categories?post=17337"},{"taxonomy":"post_tag","embeddable":true,"href":"https:\/\/www.info-algerie.com\/actualites\/wp-json\/wp\/v2\/tags?post=17337"}],"curies":[{"name":"wp","href":"https:\/\/api.w.org\/{rel}","templated":true}]}}