{"id":17357,"date":"2017-10-29T08:51:32","date_gmt":"2017-10-29T07:51:32","guid":{"rendered":"http:\/\/www.info-algerie.com\/actualites\/debut-de-la-campagne-pour-les-elections-locales-du-23-novembre\/"},"modified":"2017-10-29T08:51:32","modified_gmt":"2017-10-29T07:51:32","slug":"debut-de-la-campagne-pour-les-elections-locales-du-23-novembre","status":"publish","type":"post","link":"https:\/\/www.info-algerie.com\/actualites\/debut-de-la-campagne-pour-les-elections-locales-du-23-novembre\/","title":{"rendered":"D\u00e9but de la campagne pour les \u00e9lections locales du 23 novembre"},"content":{"rendered":"<div class=\"K2FeedImage\"><img decoding=\"async\" src=\"https:\/\/www.info-algerie.com\/actualites\/wp-content\/uploads\/2017\/10\/203c93444eafb695e11b1b5988796af5_S.jpg\" alt=\"D&#xE9;but de la campagne pour les &#xE9;lections locales du 23 novembre\" \/><\/div>\n<div class=\"K2FeedIntroText\">\n<p><strong>ALGER &#8211; La campagne pour l&rsquo;\u00e9lection des membres des 1.541 Assembl\u00e9es populaires communales (APC) et des 48 Assembl\u00e9es populaires de wilaya (APW), pr\u00e9vue le 23 novembre prochain, d\u00e9bute ce dimanche \u00e0 travers tout le territoire national, avec en toile de fond le nouveau r\u00f4le d\u00e9volu \u00e0 ces collectivit\u00e9s en tant que levier essentiel du d\u00e9veloppement local et de dynamisation de la croissance \u00e9conomique.<\/strong><\/p>\n<p>&#013;\n<\/p><\/div>\n<div class=\"K2FeedFullText\">&#013;<\/p>\n<p><strong><a href=\"http:\/\/www.aps.dz\/algerie\/64561-lancement-dimanche-de-la-campagne-des-elections-locales-du-23-novembre\">La campagne des locales<\/a><\/strong> est ouverte 25 jours avant la date du scrutin, conform\u00e9ment \u00e0 la loi organique portant r\u00e9gime \u00e9lectoral. Elle prendra fin le 19 novembre prochain.<\/p>\n<p>&#013;<\/p>\n<p>Ainsi, le premier jour de la <strong><a href=\"http:\/\/www.aps.dz\/algerie\/64477-campagne-electorale-tirage-au-sort-pour-la-repartition-des-tranches-horaires-de-diffusion-des-interventions-dans-les-medias-audio-visuels\">campagne<\/a><\/strong> sera marqu\u00e9 notamment par l&rsquo;activit\u00e9 de plusieurs responsables de partis politiques, \u00e0 l&rsquo;instar du secr\u00e9taire g\u00e9n\u00e9ral du <strong><a href=\"http:\/\/www.aps.dz\/algerie\/64503-elections-locales-installation-de-la-direction-generale-de-la-campagne-electorale-du-parti-du-fln\">FLN<\/a><\/strong>, Djamel Ould Abbes qui donnera le coup d&rsquo;envoi de la campagne pour sa formation politique \u00e0 partir du palais des nations, alors que le <strong><a href=\"http:\/\/www.aps.dz\/algerie\/64451-elections-locales-le-rnd-s-engage-a-pratiquer-continuellement-le-dialogue-avec-la-population\">RND<\/a><\/strong> a choisi la wilaya de Boumerd\u00e8s pour lancer sa campagne, de m\u00eame que le parti TAJ de Amar Ghoul et le Mouvement El Islah de Filali Ghouini qui animeront des meetings respectivement \u00e0 Alger et Blida.<\/p>\n<p>&#013;<\/p>\n<p>Quelque 165.000 candidats, repr\u00e9sentant une cinquantaine de partis politiques, quatre alliances et des groupes d&rsquo;ind\u00e9pendants, sont en lice pour l&rsquo;\u00e9lection des membres des <strong><a href=\"http:\/\/www.aps.dz\/algerie\/64457-elections-locales-faire-des-apc-des-outils-de-developpement-local-de-dialogue-et-de-democratie-sg-du-rnd\">APC<\/a><\/strong>, soit 10.196 listes. Sur l&rsquo;ensemble de ces candidats, 51,5% sont \u00e2g\u00e9s de moins de 40 ans et 25% ont un niveau universitaire, tandis que le nombre de candidates \u00e0 cette \u00e9ch\u00e9ance \u00e9lectorale a atteint 18%, selon les premiers chiffres du <strong><a href=\"http:\/\/www.aps.dz\/Elections locales: les walis appel&#xE9;s &#xE0; inciter les citoyens &#xE0; voter\">minist\u00e8re de l&rsquo;Int\u00e9rieur<\/a><\/strong>, des Collectivit\u00e9s locales et de l&rsquo;Am\u00e9nagement du territoire.<\/p>\n<p>&#013;<\/p>\n<hr \/>\n<h3>Lire aussi:\u00a0<a href=\"http:\/\/www.aps.dz\/algerie\/64564-50-partis-politiques-s-appretent-a-entamer-la-campagne-electorale-en-prevision-des-locales-du-23-novembre\" target=\"_blank\" rel=\"noopener noreferrer\">50 partis politiques s&rsquo;appr\u00eatent \u00e0 entamer la campagne \u00e9lectorale en pr\u00e9vision des Locales du 23 novembre<\/a><\/h3>\n<p>&#013;<\/p>\n<hr \/>\n<p>Plus de 16.000 autres candidats postulent pour le mandat de membre d&rsquo;APW, soit 621 listes de candidats. Parmi les postulants, 48% ont moins de 40 ans, 28% sont des femmes et 34,5% ont un niveau universitaire.<\/p>\n<p>&#013;<\/p>\n<p>Le nombre d&rsquo;\u00e9lecteurs inscrits sur les listes \u00e9lectorales avant la fin de la r\u00e9vision exceptionnelle des listes \u00e9lectorales (30 ao\u00fbt-13 septembre) s&rsquo;\u00e9levait \u00e0 22.296.037 \u00e9lecteurs. Cette r\u00e9vision exceptionnelle a \u00e9t\u00e9 suivie d&rsquo;une r\u00e9vision annuelle des listes \u00e9lectorales qui a commenc\u00e9 le 2 octobre et s&rsquo;\u00e9talera jusqu&rsquo;au 31 du m\u00eame mois.<\/p>\n<p>&#013;<\/p>\n<p>Un total de 12.457 centres de vote, dont 342 nouveaux centres, 55.866 bureaux de vote, dont 3.111 nouveaux bureaux, sont pr\u00e9vus pour cette consultation. Plus de 4.700 salles et lieux publics seront, en outre, r\u00e9serv\u00e9s aux meetings et activit\u00e9s des candidats.<\/p>\n<p>&#013;<\/p>\n<p>Ces \u00e9lections, qui interviennent apr\u00e8s le scrutin l\u00e9gislatif du 4 mai dernier, permettront de parachever le processus de repr\u00e9sentation d\u00e9mocratique au sein des institutions \u00e9lues, dans le cadre des dispositions contenues dans la Constitution r\u00e9vis\u00e9e en 2016, \u00e0 savoir les nouvelles garanties du <strong><a href=\"http:\/\/www.aps.dz\/algerie\/64104-derbal-imperatif-de-revoir-plusieurs-points-et-vides-dans-le-code-electoral\">code \u00e9lectoral<\/a><\/strong> et la HIISE.<\/p>\n<p>&#013;<\/p>\n<p>La <strong><a href=\"http:\/\/www.aps.dz\/algerie\/64601-elections-locales-2017-les-principales-dispositions-inscrites-dans-la-loi-electorale\">loi<\/a><\/strong> organique relative au r\u00e9gime \u00e9lectoral, adopt\u00e9e par le Parlement en 2016, garantit aux partis politiques le droit de se faire repr\u00e9senter aussi bien dans les bureaux de vote qu&rsquo;au niveau des commissions \u00e9lectorales communales et de wilaya. Leurs repr\u00e9sentants peuvent \u00e9galement assister au d\u00e9pouillement des bulletins de vote et consigner leurs observations sur le proc\u00e8s-verbal de d\u00e9pouillement, dont ils re\u00e7oivent une copie.<\/p>\n<p>&#013;<\/p>\n<p>La HIISE, qui jouit de larges pr\u00e9rogatives, veille, de son c\u00f4t\u00e9, \u00e0 la probit\u00e9 et \u00e0 la transparence du processus \u00e9lectoral dans toutes ses \u00e9tapes.<\/p>\n<p>&#013;<\/p>\n<p>Ces \u00e9lections interviennent aussi alors qu&rsquo;un projet de loi sur les collectivit\u00e9s territoriales, qui devrait r\u00e9unir les codes communal et de wilaya en un seul texte juridique, est en pr\u00e9paration, dans l&rsquo;objectif de r\u00e9aliser davantage de d\u00e9centralisation et de lib\u00e9ration des initiatives locales et de conf\u00e9rer plus de pr\u00e9rogatives \u00e0 l&rsquo;\u00e9lu.<\/p>\n<p>&#013;<\/p>\n<p>C&rsquo;est dans cette perspective qu&rsquo;un projet de loi sur la fiscalit\u00e9 des collectivit\u00e9s locales est en pr\u00e9paration pour permettre une d\u00e9centralisation fiscale, \u00e0 m\u00eame de doter ces collectivit\u00e9s davantage de moyens, dans une conjoncture marqu\u00e9e par la contraction des ressources financi\u00e8res disponibles.<\/p>\n<p>&#013;<\/p>\n<p>Le communiqu\u00e9 qui a sanctionn\u00e9 la r\u00e9union du Conseil des ministres, le 4 octobre dernier, \u00e9voque un \u00ab\u00a0effort plus soutenu\u00a0\u00bb en direction du d\u00e9veloppement local.<\/p>\n<p>&#013;<\/p>\n<p>Dans ce cadre, le gouvernement a arr\u00eat\u00e9 une batterie de mesures, dont le d\u00e9gel de tous les projets de d\u00e9veloppement. Le projet de loi de finances 2018 pr\u00e9voit, au chapitre des d\u00e9penses publiques, plus de 250 milliards DA destin\u00e9s directement au d\u00e9veloppement local.<\/p>\n<p>&#013;<\/p>\n<p>D&rsquo;autre part, un projet de loi sur la promotion de la d\u00e9mocratie participative, venant en application de dispositions introduites par la derni\u00e8re r\u00e9vision constitutionnelle, sera prochainement soumis au Parlement. Le texte contiendra de nouveaux m\u00e9canismes pour inciter les citoyens \u00e0 participer \u00e0 la gestion des affaires locales au niveau des communes et des wilayas.<\/p>\n<\/div>\n<p>&#013;<br \/>\nSource: <a href=\"http:\/\/www.aps.dz\/algerie\/64610-debut-de-la-campagne-pour-les-elections-locales-du-23-novembre\" target=\"_blank\">D\u00e9but de la campagne pour les \u00e9lections locales du 23 novembre<\/a><\/p>\n<!--CusAds0-->\n<div style=\"font-size: 0px; height: 0px; line-height: 0px; margin: 0; padding: 0; clear: both;\"><\/div>","protected":false},"excerpt":{"rendered":"<p>ALGER &#8211; La campagne pour l&rsquo;\u00e9lection des membres des 1.541 Assembl\u00e9es populaires communales (APC) et des 48 Assembl\u00e9es populaires de wilaya (APW), pr\u00e9vue le 23 novembre prochain, d\u00e9bute ce dimanche \u00e0 travers tout le territoire national, avec en toile de fond le nouveau r\u00f4le d\u00e9volu \u00e0 ces collectivit\u00e9s en tant que levier essentiel du d\u00e9veloppement<\/p>\n","protected":false},"author":6,"featured_media":17358,"comment_status":"open","ping_status":"open","sticky":false,"template":"","format":"standard","meta":{"footnotes":""},"categories":[22],"tags":[93],"class_list":["post-17357","post","type-post","status-publish","format-standard","has-post-thumbnail","hentry","category-infos","tag-onu"],"yoast_head":"<!-- This site is optimized with the Yoast SEO plugin v27.5 - https:\/\/yoast.com\/product\/yoast-seo-wordpress\/ -->\n<title>D\u00e9but de la campagne pour les \u00e9lections locales du 23 novembre - info algerie<\/title>\n<meta name=\"robots\" content=\"index, follow, max-snippet:-1, max-image-preview:large, max-video-preview:-1\" \/>\n<link rel=\"canonical\" href=\"https:\/\/www.info-algerie.com\/actualites\/debut-de-la-campagne-pour-les-elections-locales-du-23-novembre\/\" \/>\n<meta property=\"og:locale\" content=\"fr_FR\" \/>\n<meta property=\"og:type\" content=\"article\" \/>\n<meta property=\"og:title\" content=\"D\u00e9but de la campagne pour les \u00e9lections locales du 23 novembre - info algerie\" \/>\n<meta property=\"og:description\" content=\"ALGER &#8211; La campagne pour l&rsquo;\u00e9lection des membres des 1.541 Assembl\u00e9es populaires communales (APC) et des 48 Assembl\u00e9es populaires de wilaya (APW), pr\u00e9vue le 23 novembre prochain, d\u00e9bute ce dimanche \u00e0 travers tout le territoire national, avec en toile de fond le nouveau r\u00f4le d\u00e9volu \u00e0 ces collectivit\u00e9s en tant que levier essentiel du d\u00e9veloppement\" \/>\n<meta property=\"og:url\" content=\"https:\/\/www.info-algerie.com\/actualites\/debut-de-la-campagne-pour-les-elections-locales-du-23-novembre\/\" \/>\n<meta property=\"og:site_name\" content=\"info algerie\" \/>\n<meta property=\"article:publisher\" content=\"https:\/\/www.facebook.com\/infoalgerieactu\" \/>\n<meta property=\"article:published_time\" content=\"2017-10-29T07:51:32+00:00\" \/>\n<meta property=\"og:image\" content=\"https:\/\/www.info-algerie.com\/actualites\/wp-content\/uploads\/2017\/10\/203c93444eafb695e11b1b5988796af5_S-1.jpg\" \/>\n\t<meta property=\"og:image:width\" content=\"280\" \/>\n\t<meta property=\"og:image:height\" content=\"169\" \/>\n\t<meta property=\"og:image:type\" content=\"image\/jpeg\" \/>\n<meta name=\"author\" content=\"La r\u00e9daction\" \/>\n<meta name=\"twitter:label1\" content=\"\u00c9crit par\" \/>\n\t<meta name=\"twitter:data1\" content=\"La r\u00e9daction\" \/>\n\t<meta name=\"twitter:label2\" content=\"Dur\u00e9e de lecture estim\u00e9e\" \/>\n\t<meta name=\"twitter:data2\" content=\"4 minutes\" \/>\n<script type=\"application\/ld+json\" class=\"yoast-schema-graph\">{\"@context\":\"https:\\\/\\\/schema.org\",\"@graph\":[{\"@type\":\"Article\",\"@id\":\"https:\\\/\\\/www.info-algerie.com\\\/actualites\\\/debut-de-la-campagne-pour-les-elections-locales-du-23-novembre\\\/#article\",\"isPartOf\":{\"@id\":\"https:\\\/\\\/www.info-algerie.com\\\/actualites\\\/debut-de-la-campagne-pour-les-elections-locales-du-23-novembre\\\/\"},\"author\":{\"name\":\"La r\u00e9daction\",\"@id\":\"https:\\\/\\\/www.info-algerie.com\\\/actualites\\\/#\\\/schema\\\/person\\\/847aaec44920825b843a08f30ec6aa1e\"},\"headline\":\"D\u00e9but de la campagne pour les \u00e9lections locales du 23 novembre\",\"datePublished\":\"2017-10-29T07:51:32+00:00\",\"mainEntityOfPage\":{\"@id\":\"https:\\\/\\\/www.info-algerie.com\\\/actualites\\\/debut-de-la-campagne-pour-les-elections-locales-du-23-novembre\\\/\"},\"wordCount\":823,\"commentCount\":0,\"publisher\":{\"@id\":\"https:\\\/\\\/www.info-algerie.com\\\/actualites\\\/#organization\"},\"image\":{\"@id\":\"https:\\\/\\\/www.info-algerie.com\\\/actualites\\\/debut-de-la-campagne-pour-les-elections-locales-du-23-novembre\\\/#primaryimage\"},\"thumbnailUrl\":\"https:\\\/\\\/www.info-algerie.com\\\/actualites\\\/wp-content\\\/uploads\\\/2017\\\/10\\\/203c93444eafb695e11b1b5988796af5_S-1.jpg\",\"keywords\":[\"ONU\"],\"articleSection\":[\"infos\"],\"inLanguage\":\"fr-FR\",\"potentialAction\":[{\"@type\":\"CommentAction\",\"name\":\"Comment\",\"target\":[\"https:\\\/\\\/www.info-algerie.com\\\/actualites\\\/debut-de-la-campagne-pour-les-elections-locales-du-23-novembre\\\/#respond\"]}]},{\"@type\":\"WebPage\",\"@id\":\"https:\\\/\\\/www.info-algerie.com\\\/actualites\\\/debut-de-la-campagne-pour-les-elections-locales-du-23-novembre\\\/\",\"url\":\"https:\\\/\\\/www.info-algerie.com\\\/actualites\\\/debut-de-la-campagne-pour-les-elections-locales-du-23-novembre\\\/\",\"name\":\"D\u00e9but de la campagne pour les \u00e9lections locales du 23 novembre - info algerie\",\"isPartOf\":{\"@id\":\"https:\\\/\\\/www.info-algerie.com\\\/actualites\\\/#website\"},\"primaryImageOfPage\":{\"@id\":\"https:\\\/\\\/www.info-algerie.com\\\/actualites\\\/debut-de-la-campagne-pour-les-elections-locales-du-23-novembre\\\/#primaryimage\"},\"image\":{\"@id\":\"https:\\\/\\\/www.info-algerie.com\\\/actualites\\\/debut-de-la-campagne-pour-les-elections-locales-du-23-novembre\\\/#primaryimage\"},\"thumbnailUrl\":\"https:\\\/\\\/www.info-algerie.com\\\/actualites\\\/wp-content\\\/uploads\\\/2017\\\/10\\\/203c93444eafb695e11b1b5988796af5_S-1.jpg\",\"datePublished\":\"2017-10-29T07:51:32+00:00\",\"breadcrumb\":{\"@id\":\"https:\\\/\\\/www.info-algerie.com\\\/actualites\\\/debut-de-la-campagne-pour-les-elections-locales-du-23-novembre\\\/#breadcrumb\"},\"inLanguage\":\"fr-FR\",\"potentialAction\":[{\"@type\":\"ReadAction\",\"target\":[\"https:\\\/\\\/www.info-algerie.com\\\/actualites\\\/debut-de-la-campagne-pour-les-elections-locales-du-23-novembre\\\/\"]}]},{\"@type\":\"ImageObject\",\"inLanguage\":\"fr-FR\",\"@id\":\"https:\\\/\\\/www.info-algerie.com\\\/actualites\\\/debut-de-la-campagne-pour-les-elections-locales-du-23-novembre\\\/#primaryimage\",\"url\":\"https:\\\/\\\/www.info-algerie.com\\\/actualites\\\/wp-content\\\/uploads\\\/2017\\\/10\\\/203c93444eafb695e11b1b5988796af5_S-1.jpg\",\"contentUrl\":\"https:\\\/\\\/www.info-algerie.com\\\/actualites\\\/wp-content\\\/uploads\\\/2017\\\/10\\\/203c93444eafb695e11b1b5988796af5_S-1.jpg\",\"width\":280,\"height\":169},{\"@type\":\"BreadcrumbList\",\"@id\":\"https:\\\/\\\/www.info-algerie.com\\\/actualites\\\/debut-de-la-campagne-pour-les-elections-locales-du-23-novembre\\\/#breadcrumb\",\"itemListElement\":[{\"@type\":\"ListItem\",\"position\":1,\"name\":\"Accueil\",\"item\":\"https:\\\/\\\/www.info-algerie.com\\\/actualites\\\/\"},{\"@type\":\"ListItem\",\"position\":2,\"name\":\"D\u00e9but de la campagne pour les \u00e9lections locales du 23 novembre\"}]},{\"@type\":\"WebSite\",\"@id\":\"https:\\\/\\\/www.info-algerie.com\\\/actualites\\\/#website\",\"url\":\"https:\\\/\\\/www.info-algerie.com\\\/actualites\\\/\",\"name\":\"info algerie\",\"description\":\"Toutes les actualit\u00e9s\",\"publisher\":{\"@id\":\"https:\\\/\\\/www.info-algerie.com\\\/actualites\\\/#organization\"},\"potentialAction\":[{\"@type\":\"SearchAction\",\"target\":{\"@type\":\"EntryPoint\",\"urlTemplate\":\"https:\\\/\\\/www.info-algerie.com\\\/actualites\\\/?s={search_term_string}\"},\"query-input\":{\"@type\":\"PropertyValueSpecification\",\"valueRequired\":true,\"valueName\":\"search_term_string\"}}],\"inLanguage\":\"fr-FR\"},{\"@type\":\"Organization\",\"@id\":\"https:\\\/\\\/www.info-algerie.com\\\/actualites\\\/#organization\",\"name\":\"info algerie\",\"url\":\"https:\\\/\\\/www.info-algerie.com\\\/actualites\\\/\",\"logo\":{\"@type\":\"ImageObject\",\"inLanguage\":\"fr-FR\",\"@id\":\"https:\\\/\\\/www.info-algerie.com\\\/actualites\\\/#\\\/schema\\\/logo\\\/image\\\/\",\"url\":\"https:\\\/\\\/www.info-algerie.com\\\/actualites\\\/wp-content\\\/uploads\\\/2022\\\/07\\\/logo-ia-120.png\",\"contentUrl\":\"https:\\\/\\\/www.info-algerie.com\\\/actualites\\\/wp-content\\\/uploads\\\/2022\\\/07\\\/logo-ia-120.png\",\"width\":120,\"height\":43,\"caption\":\"info algerie\"},\"image\":{\"@id\":\"https:\\\/\\\/www.info-algerie.com\\\/actualites\\\/#\\\/schema\\\/logo\\\/image\\\/\"},\"sameAs\":[\"https:\\\/\\\/www.facebook.com\\\/infoalgerieactu\",\"https:\\\/\\\/x.com\\\/infoalgerie1\"]},{\"@type\":\"Person\",\"@id\":\"https:\\\/\\\/www.info-algerie.com\\\/actualites\\\/#\\\/schema\\\/person\\\/847aaec44920825b843a08f30ec6aa1e\",\"name\":\"La r\u00e9daction\",\"image\":{\"@type\":\"ImageObject\",\"inLanguage\":\"fr-FR\",\"@id\":\"https:\\\/\\\/secure.gravatar.com\\\/avatar\\\/769db425c6f465158149f1ffd6cf61ce7a8a879d11dfbef8288af36dfddd418c?s=96&d=mm&r=g\",\"url\":\"https:\\\/\\\/secure.gravatar.com\\\/avatar\\\/769db425c6f465158149f1ffd6cf61ce7a8a879d11dfbef8288af36dfddd418c?s=96&d=mm&r=g\",\"contentUrl\":\"https:\\\/\\\/secure.gravatar.com\\\/avatar\\\/769db425c6f465158149f1ffd6cf61ce7a8a879d11dfbef8288af36dfddd418c?s=96&d=mm&r=g\",\"caption\":\"La r\u00e9daction\"},\"sameAs\":[\"http:\\\/\\\/www.lkeria.com\\\/\"],\"url\":\"https:\\\/\\\/www.info-algerie.com\\\/actualites\\\/author\\\/chakib32\\\/\"}]}<\/script>\n<!-- \/ Yoast SEO plugin. -->","yoast_head_json":{"title":"D\u00e9but de la campagne pour les \u00e9lections locales du 23 novembre - info algerie","robots":{"index":"index","follow":"follow","max-snippet":"max-snippet:-1","max-image-preview":"max-image-preview:large","max-video-preview":"max-video-preview:-1"},"canonical":"https:\/\/www.info-algerie.com\/actualites\/debut-de-la-campagne-pour-les-elections-locales-du-23-novembre\/","og_locale":"fr_FR","og_type":"article","og_title":"D\u00e9but de la campagne pour les \u00e9lections locales du 23 novembre - info algerie","og_description":"ALGER &#8211; La campagne pour l&rsquo;\u00e9lection des membres des 1.541 Assembl\u00e9es populaires communales (APC) et des 48 Assembl\u00e9es populaires de wilaya (APW), pr\u00e9vue le 23 novembre prochain, d\u00e9bute ce dimanche \u00e0 travers tout le territoire national, avec en toile de fond le nouveau r\u00f4le d\u00e9volu \u00e0 ces collectivit\u00e9s en tant que levier essentiel du d\u00e9veloppement","og_url":"https:\/\/www.info-algerie.com\/actualites\/debut-de-la-campagne-pour-les-elections-locales-du-23-novembre\/","og_site_name":"info algerie","article_publisher":"https:\/\/www.facebook.com\/infoalgerieactu","article_published_time":"2017-10-29T07:51:32+00:00","og_image":[{"width":280,"height":169,"url":"https:\/\/www.info-algerie.com\/actualites\/wp-content\/uploads\/2017\/10\/203c93444eafb695e11b1b5988796af5_S-1.jpg","type":"image\/jpeg"}],"author":"La r\u00e9daction","twitter_misc":{"\u00c9crit par":"La r\u00e9daction","Dur\u00e9e de lecture estim\u00e9e":"4 minutes"},"schema":{"@context":"https:\/\/schema.org","@graph":[{"@type":"Article","@id":"https:\/\/www.info-algerie.com\/actualites\/debut-de-la-campagne-pour-les-elections-locales-du-23-novembre\/#article","isPartOf":{"@id":"https:\/\/www.info-algerie.com\/actualites\/debut-de-la-campagne-pour-les-elections-locales-du-23-novembre\/"},"author":{"name":"La r\u00e9daction","@id":"https:\/\/www.info-algerie.com\/actualites\/#\/schema\/person\/847aaec44920825b843a08f30ec6aa1e"},"headline":"D\u00e9but de la campagne pour les \u00e9lections locales du 23 novembre","datePublished":"2017-10-29T07:51:32+00:00","mainEntityOfPage":{"@id":"https:\/\/www.info-algerie.com\/actualites\/debut-de-la-campagne-pour-les-elections-locales-du-23-novembre\/"},"wordCount":823,"commentCount":0,"publisher":{"@id":"https:\/\/www.info-algerie.com\/actualites\/#organization"},"image":{"@id":"https:\/\/www.info-algerie.com\/actualites\/debut-de-la-campagne-pour-les-elections-locales-du-23-novembre\/#primaryimage"},"thumbnailUrl":"https:\/\/www.info-algerie.com\/actualites\/wp-content\/uploads\/2017\/10\/203c93444eafb695e11b1b5988796af5_S-1.jpg","keywords":["ONU"],"articleSection":["infos"],"inLanguage":"fr-FR","potentialAction":[{"@type":"CommentAction","name":"Comment","target":["https:\/\/www.info-algerie.com\/actualites\/debut-de-la-campagne-pour-les-elections-locales-du-23-novembre\/#respond"]}]},{"@type":"WebPage","@id":"https:\/\/www.info-algerie.com\/actualites\/debut-de-la-campagne-pour-les-elections-locales-du-23-novembre\/","url":"https:\/\/www.info-algerie.com\/actualites\/debut-de-la-campagne-pour-les-elections-locales-du-23-novembre\/","name":"D\u00e9but de la campagne pour les \u00e9lections locales du 23 novembre - info algerie","isPartOf":{"@id":"https:\/\/www.info-algerie.com\/actualites\/#website"},"primaryImageOfPage":{"@id":"https:\/\/www.info-algerie.com\/actualites\/debut-de-la-campagne-pour-les-elections-locales-du-23-novembre\/#primaryimage"},"image":{"@id":"https:\/\/www.info-algerie.com\/actualites\/debut-de-la-campagne-pour-les-elections-locales-du-23-novembre\/#primaryimage"},"thumbnailUrl":"https:\/\/www.info-algerie.com\/actualites\/wp-content\/uploads\/2017\/10\/203c93444eafb695e11b1b5988796af5_S-1.jpg","datePublished":"2017-10-29T07:51:32+00:00","breadcrumb":{"@id":"https:\/\/www.info-algerie.com\/actualites\/debut-de-la-campagne-pour-les-elections-locales-du-23-novembre\/#breadcrumb"},"inLanguage":"fr-FR","potentialAction":[{"@type":"ReadAction","target":["https:\/\/www.info-algerie.com\/actualites\/debut-de-la-campagne-pour-les-elections-locales-du-23-novembre\/"]}]},{"@type":"ImageObject","inLanguage":"fr-FR","@id":"https:\/\/www.info-algerie.com\/actualites\/debut-de-la-campagne-pour-les-elections-locales-du-23-novembre\/#primaryimage","url":"https:\/\/www.info-algerie.com\/actualites\/wp-content\/uploads\/2017\/10\/203c93444eafb695e11b1b5988796af5_S-1.jpg","contentUrl":"https:\/\/www.info-algerie.com\/actualites\/wp-content\/uploads\/2017\/10\/203c93444eafb695e11b1b5988796af5_S-1.jpg","width":280,"height":169},{"@type":"BreadcrumbList","@id":"https:\/\/www.info-algerie.com\/actualites\/debut-de-la-campagne-pour-les-elections-locales-du-23-novembre\/#breadcrumb","itemListElement":[{"@type":"ListItem","position":1,"name":"Accueil","item":"https:\/\/www.info-algerie.com\/actualites\/"},{"@type":"ListItem","position":2,"name":"D\u00e9but de la campagne pour les \u00e9lections locales du 23 novembre"}]},{"@type":"WebSite","@id":"https:\/\/www.info-algerie.com\/actualites\/#website","url":"https:\/\/www.info-algerie.com\/actualites\/","name":"info algerie","description":"Toutes les actualit\u00e9s","publisher":{"@id":"https:\/\/www.info-algerie.com\/actualites\/#organization"},"potentialAction":[{"@type":"SearchAction","target":{"@type":"EntryPoint","urlTemplate":"https:\/\/www.info-algerie.com\/actualites\/?s={search_term_string}"},"query-input":{"@type":"PropertyValueSpecification","valueRequired":true,"valueName":"search_term_string"}}],"inLanguage":"fr-FR"},{"@type":"Organization","@id":"https:\/\/www.info-algerie.com\/actualites\/#organization","name":"info algerie","url":"https:\/\/www.info-algerie.com\/actualites\/","logo":{"@type":"ImageObject","inLanguage":"fr-FR","@id":"https:\/\/www.info-algerie.com\/actualites\/#\/schema\/logo\/image\/","url":"https:\/\/www.info-algerie.com\/actualites\/wp-content\/uploads\/2022\/07\/logo-ia-120.png","contentUrl":"https:\/\/www.info-algerie.com\/actualites\/wp-content\/uploads\/2022\/07\/logo-ia-120.png","width":120,"height":43,"caption":"info algerie"},"image":{"@id":"https:\/\/www.info-algerie.com\/actualites\/#\/schema\/logo\/image\/"},"sameAs":["https:\/\/www.facebook.com\/infoalgerieactu","https:\/\/x.com\/infoalgerie1"]},{"@type":"Person","@id":"https:\/\/www.info-algerie.com\/actualites\/#\/schema\/person\/847aaec44920825b843a08f30ec6aa1e","name":"La r\u00e9daction","image":{"@type":"ImageObject","inLanguage":"fr-FR","@id":"https:\/\/secure.gravatar.com\/avatar\/769db425c6f465158149f1ffd6cf61ce7a8a879d11dfbef8288af36dfddd418c?s=96&d=mm&r=g","url":"https:\/\/secure.gravatar.com\/avatar\/769db425c6f465158149f1ffd6cf61ce7a8a879d11dfbef8288af36dfddd418c?s=96&d=mm&r=g","contentUrl":"https:\/\/secure.gravatar.com\/avatar\/769db425c6f465158149f1ffd6cf61ce7a8a879d11dfbef8288af36dfddd418c?s=96&d=mm&r=g","caption":"La r\u00e9daction"},"sameAs":["http:\/\/www.lkeria.com\/"],"url":"https:\/\/www.info-algerie.com\/actualites\/author\/chakib32\/"}]}},"_links":{"self":[{"href":"https:\/\/www.info-algerie.com\/actualites\/wp-json\/wp\/v2\/posts\/17357","targetHints":{"allow":["GET"]}}],"collection":[{"href":"https:\/\/www.info-algerie.com\/actualites\/wp-json\/wp\/v2\/posts"}],"about":[{"href":"https:\/\/www.info-algerie.com\/actualites\/wp-json\/wp\/v2\/types\/post"}],"author":[{"embeddable":true,"href":"https:\/\/www.info-algerie.com\/actualites\/wp-json\/wp\/v2\/users\/6"}],"replies":[{"embeddable":true,"href":"https:\/\/www.info-algerie.com\/actualites\/wp-json\/wp\/v2\/comments?post=17357"}],"version-history":[{"count":0,"href":"https:\/\/www.info-algerie.com\/actualites\/wp-json\/wp\/v2\/posts\/17357\/revisions"}],"wp:featuredmedia":[{"embeddable":true,"href":"https:\/\/www.info-algerie.com\/actualites\/wp-json\/wp\/v2\/media\/17358"}],"wp:attachment":[{"href":"https:\/\/www.info-algerie.com\/actualites\/wp-json\/wp\/v2\/media?parent=17357"}],"wp:term":[{"taxonomy":"category","embeddable":true,"href":"https:\/\/www.info-algerie.com\/actualites\/wp-json\/wp\/v2\/categories?post=17357"},{"taxonomy":"post_tag","embeddable":true,"href":"https:\/\/www.info-algerie.com\/actualites\/wp-json\/wp\/v2\/tags?post=17357"}],"curies":[{"name":"wp","href":"https:\/\/api.w.org\/{rel}","templated":true}]}}