{"id":17362,"date":"2017-10-29T10:39:33","date_gmt":"2017-10-29T09:39:33","guid":{"rendered":"http:\/\/www.info-algerie.com\/actualites\/ouverture-de-la-campagne-electorale-grande-mobilisation-des-candidats-indifference-des-citoyens\/"},"modified":"2017-10-29T10:39:33","modified_gmt":"2017-10-29T09:39:33","slug":"ouverture-de-la-campagne-electorale-grande-mobilisation-des-candidats-indifference-des-citoyens","status":"publish","type":"post","link":"https:\/\/www.info-algerie.com\/actualites\/ouverture-de-la-campagne-electorale-grande-mobilisation-des-candidats-indifference-des-citoyens\/","title":{"rendered":"Ouverture de la campagne \u00e9lectorale: grande mobilisation des candidats, indiff\u00e9rence des citoyens"},"content":{"rendered":"<div class=\"K2FeedImage\"><img decoding=\"async\" src=\"https:\/\/www.info-algerie.com\/actualites\/wp-content\/uploads\/2017\/10\/21085f034216cbb3fae40a01763aacba_S.jpg\" alt=\"Ouverture de la campagne &#xE9;lectorale: grande mobilisation des candidats, indiff&#xE9;rence des citoyens\" \/><\/div>\n<div class=\"K2FeedIntroText\">\n<p><strong>ALGER &#8211; La presse nationale paraissant ce dimanche rel\u00e8ve une \u00ab\u00a0grande mobilisation\u00a0\u00bb des candidats aux \u00e9lections locales du 23 novembre prochain et dont le coup d&rsquo;envoi de la campagne \u00e9lectorale s&rsquo;est ouverte aujourd&rsquo;hui dans une \u00ab\u00a0grande indiff\u00e9rence\u00a0\u00bb des citoyens.<\/strong><\/p>\n<p>&#013;\n<\/p><\/div>\n<div class=\"K2FeedFullText\">&#013;<\/p>\n<p>Pour Le Carrefour d\u2019Alg\u00e9rie, \u00ab\u00a0l\u2019heure de v\u00e9rit\u00e9 a sonn\u00e9. Les radars des partis et des \u00e9lecteurs seront braqu\u00e9s, d\u00e8s ce dimanche, sur la campagne \u00e9lectorale des \u00e9lections locales du 23 novembre\u00a0\u00bb, ajoutant que \u00ab\u00a0le ton est donc \u00e0 la grande mobilisation\u00a0\u00bb.<\/p>\n<p>&#013;<\/p>\n<p>\u00ab\u00a0Chez la classe politique et ses candidats, ce sera le wait and see en attendant le scrutin. Ils tenteront \u00e0 partir de dimanche de s\u00e9duire les \u00e9lecteurs par leurs programmes. M\u00eame ton chez les candidats qui devront sortir leurs artilleries afin d\u2019arracher les faveurs d\u2019un \u00e9lectorat de plus en plus exigeant et qui aspire au changement\u00a0\u00bb, estime le quotidien.<\/p>\n<p>&#013;<\/p>\n<hr \/>\n<h3>Lire aussi:\u00a0<a href=\"http:\/\/www.aps.dz\/algerie\/64610-debut-de-la-campagne-pour-les-elections-locales-du-23-novembre\" target=\"_blank\" rel=\"noopener noreferrer\">D\u00e9but de la campagne pour les \u00e9lections locales du 23 novembre<\/a><\/h3>\n<p>&#013;<\/p>\n<hr \/>\n<p>De son c\u00f4t\u00e9, El Moudjahid, qui note que pas moins de 51 partis politiques, 4 alliances et un groupe d\u2019ind\u00e9pendants sont engag\u00e9s dans la course \u00e9lectorale avec, au total, 10.196 listes, dont 9.575 pour les Assembl\u00e9es populaires communales (APC) et\u00a0 621 pour les Assembl\u00e9es populaires de wilaya (APW), estime que \u00ab\u00a0l\u2019ambiance \u00e9lectorale est tout \u00e0 fait autre chez les partis politiques et ind\u00e9pendants comme en t\u00e9moigne une certaine agitation au niveau des quartiers g\u00e9n\u00e9raux, o\u00f9 les uns et les autres s\u2019affairent \u00e0 mettre les derni\u00e8res retouches aux programmes \u00e9lectoraux qui\u00a0 seront propos\u00e9s au public lors de sorties et rencontres\u00a0\u00bb.<\/p>\n<p>&#013;<\/p>\n<p>Il rel\u00e8ve toutefois une \u00ab\u00a0f\u00e9brilit\u00e9\u00a0\u00bb dans certaines permanences des partis en lice comme \u00e0 Annaba, dont l&rsquo;ambiance \u00e9lectorale \u00ab\u00a0n\u2019est pas encore visible\u00a0\u00bb, estimant que \u00ab\u00a0la rue, les places publiques, les caf\u00e9s attendent probablement le d\u00e9marrage de la campagne pour commenter les profils des candidats\u00a0\u00bb.<\/p>\n<p>&#013;<\/p>\n<p>Le journal arabophone El Khabar indique que le \u00ab\u00a0spectre de l&rsquo;abstention\u00a0\u00bb devrait marquer cette \u00e9lection et que les candidats auront beaucoup \u00e0 faire afin de convaincre les d&rsquo;\u00e9lecteurs \u00e0 adh\u00e9rer \u00e0 leurs programmes, relevant que c&rsquo;est la premi\u00e8re fois que les grands partis n&rsquo;ont pas de listes de candidats dans toutes les APC et APW.<\/p>\n<p>&#013;<\/p>\n<hr \/>\n<h3>Lire aussi:\u00a0<a href=\"http:\/\/www.aps.dz\/regions\/64611-locales-2017-les-candidats-appeles-a-faire-mieux-qu-aux-legislatives\" target=\"_blank\" rel=\"noopener noreferrer\">Locales 2017: Les candidats appel\u00e9s \u00e0 \u00ab\u00a0faire mieux\u00a0\u00bb qu&rsquo;aux l\u00e9gislatives<\/a><\/h3>\n<p>&#013;<\/p>\n<hr \/>\n<p>Le m\u00eame quotidien rel\u00e8ve que ces \u00e9lections locales connaissent un nombre \u00ab\u00a0record\u00a0\u00bb de participation de partis politiques comparativement aux \u00e9lections pr\u00e9c\u00e9dentes marqu\u00e9es par un boycott de la part de nombreuses formations politiques.<\/p>\n<p>&#013;<\/p>\n<p>Sous le titre \u00ab\u00a0Les candidats dans l&rsquo;ar\u00e8ne\u00a0\u00bb, le journal Horizons rapporte que les responsables de partis et les candidats vont sillonner villes et campagnes et occuperont les salles pr\u00e9vues \u00e0 cet effet, estimant que ces joutes \u00e9lectorales sont \u00ab\u00a0une \u00e9tape charni\u00e8re pour l\u2019\u00e9mergence d\u2019une \u00e9lite politique et surtout manag\u00e9riale appel\u00e9e \u00e0 relever les d\u00e9fis de la\u00a0 croissance et du d\u00e9veloppement local\u00a0\u00bb.<\/p>\n<p>&#013;<\/p>\n<p>Le Soir d&rsquo;Alg\u00e9rie indique, pour sa part, que ces \u00e9lections \u00ab\u00a0domineront certainement l&rsquo;actualit\u00e9 nationale, pendant les trois semaines \u00e0 venir, par des sujets impos\u00e9es par l&rsquo;actualit\u00e9 br\u00fblante comme la situation \u00e9conomique et financi\u00e8re du pays, les pr\u00e9occupations sociales, les prochaines pr\u00e9sidentielles et, in\u00e9vitablement, quelques sorties populistes\u00a0\u00bb.<\/p>\n<p>&#013;<\/p>\n<p>Le quotidien Libert\u00e9 note que la campagne \u00e9lectorale \u00ab\u00a0s&rsquo;ouvre dans une indiff\u00e9rence quasi g\u00e9n\u00e9rale\u00a0\u00bb, estimant qu'\u00a0\u00bbelle sera sans nul doute, sans \u00e9clat, morne et \u00e0 la limite ennuyeuse. Et pour cause : les \u00e9lections de cette fois-ci se d\u00e9rouleront dans un contexte politique, \u00e9conomique et social des plus d\u00e9l\u00e9t\u00e8res\u00a0\u00bb.<\/p>\n<p>&#013;<\/p>\n<hr \/>\n<h3>Lire aussi:\u00a0<a href=\"http:\/\/www.aps.dz\/regions\/64613-locales-2017-lancement-de-la-campagne-electorale-sur-fond-d-incertitudes-a-la-une-des-quotidiens-edites-a-l-est-du-pays\" target=\"_blank\" rel=\"noopener noreferrer\">Locales 2017: lancement de la campagne \u00e9lectorale sur fond d\u2019incertitudes, \u00e0 la Une des quotidiens \u00e9dit\u00e9s \u00e0 l\u2019Est du pays<\/a><\/h3>\n<p>&#013;<\/p>\n<hr \/>\n<p>Selon le quotidien L\u2019Expression, \u00ab\u00a0Une reconfiguration politique se dessine\u00a0\u00bb \u00e9tant donn\u00e9 que les partis de l\u2019alliance pr\u00e9sidentielle \u00ab\u00a0repr\u00e9sentent la majorit\u00e9 \u00e9crasante en mati\u00e8re de listes propos\u00e9es\u00a0\u00bb, rapportant que \u00ab\u00a0la carte qui sortira de la nouvelle aventure \u00e9lectorale, laquelle s&rsquo;annonce importante, ressemblerait assez \u00e0 celle des l\u00e9gislatives\u00a0\u00bb.<\/p>\n<p>&#013;<\/p>\n<p>Le journal arabophone El Massa indique, quant \u00e0 lui, que les candidats ont 21 jours pour \u00ab\u00a0convaincre et persuader les citoyens \u00e0 voter en faveur de leurs programmes\u00a0\u00bb, citant les principales d\u00e9clarations des partis politiques et candidats ind\u00e9pendants ax\u00e9es notamment sur \u00e9largissement des pr\u00e9rogatives des collectivit\u00e9s locales et les programmes de certaines formations politiques \u00e0 travers les wilayas.<\/p>\n<p>&#013;<\/p>\n<p class=\"MsoNormal\">Pour le quotidien arabophone Ennahar, la campagne \u00e9lectorale avait d\u00e9but\u00e9 bien plus t\u00f4t, \u00ab\u00a0\u00e0 travers la publication de listes ou photos de candidats sur les r\u00e9seaux sociaux ce qui a fait l&rsquo;objet de nombreux commentaires de la part des internautes\u00a0\u00bb.<\/p>\n<\/div>\n<p>&#013;<br \/>\nSource: <a href=\"http:\/\/www.aps.dz\/algerie\/64614-ouverture-de-la-campagne-electorale-grande-mobilisation-des-candidats-indifference-des-citoyens\" target=\"_blank\">Ouverture de la campagne \u00e9lectorale: grande mobilisation des candidats, indiff\u00e9rence des citoyens<\/a><\/p>\n<!--CusAds0-->\n<div style=\"font-size: 0px; height: 0px; line-height: 0px; margin: 0; padding: 0; clear: both;\"><\/div>","protected":false},"excerpt":{"rendered":"<p>ALGER &#8211; La presse nationale paraissant ce dimanche rel\u00e8ve une \u00ab\u00a0grande mobilisation\u00a0\u00bb des candidats aux \u00e9lections locales du 23 novembre prochain et dont le coup d&rsquo;envoi de la campagne \u00e9lectorale s&rsquo;est ouverte aujourd&rsquo;hui dans une \u00ab\u00a0grande indiff\u00e9rence\u00a0\u00bb des citoyens. &#013; &#013; Pour Le Carrefour d\u2019Alg\u00e9rie, \u00ab\u00a0l\u2019heure de v\u00e9rit\u00e9 a sonn\u00e9. Les radars des partis et<\/p>\n","protected":false},"author":6,"featured_media":17363,"comment_status":"open","ping_status":"open","sticky":false,"template":"","format":"standard","meta":{"footnotes":""},"categories":[22],"tags":[93],"class_list":["post-17362","post","type-post","status-publish","format-standard","has-post-thumbnail","hentry","category-infos","tag-onu"],"yoast_head":"<!-- This site is optimized with the Yoast SEO plugin v27.5 - https:\/\/yoast.com\/product\/yoast-seo-wordpress\/ -->\n<title>Ouverture de la campagne \u00e9lectorale: grande mobilisation des candidats, indiff\u00e9rence des citoyens - info algerie<\/title>\n<meta name=\"robots\" content=\"index, follow, max-snippet:-1, max-image-preview:large, max-video-preview:-1\" \/>\n<link rel=\"canonical\" href=\"https:\/\/www.info-algerie.com\/actualites\/ouverture-de-la-campagne-electorale-grande-mobilisation-des-candidats-indifference-des-citoyens\/\" \/>\n<meta property=\"og:locale\" content=\"fr_FR\" \/>\n<meta property=\"og:type\" content=\"article\" \/>\n<meta property=\"og:title\" content=\"Ouverture de la campagne \u00e9lectorale: grande mobilisation des candidats, indiff\u00e9rence des citoyens - info algerie\" \/>\n<meta property=\"og:description\" content=\"ALGER &#8211; La presse nationale paraissant ce dimanche rel\u00e8ve une \u00ab\u00a0grande mobilisation\u00a0\u00bb des candidats aux \u00e9lections locales du 23 novembre prochain et dont le coup d&rsquo;envoi de la campagne \u00e9lectorale s&rsquo;est ouverte aujourd&rsquo;hui dans une \u00ab\u00a0grande indiff\u00e9rence\u00a0\u00bb des citoyens. &#013; &#013; Pour Le Carrefour d\u2019Alg\u00e9rie, \u00ab\u00a0l\u2019heure de v\u00e9rit\u00e9 a sonn\u00e9. Les radars des partis et\" \/>\n<meta property=\"og:url\" content=\"https:\/\/www.info-algerie.com\/actualites\/ouverture-de-la-campagne-electorale-grande-mobilisation-des-candidats-indifference-des-citoyens\/\" \/>\n<meta property=\"og:site_name\" content=\"info algerie\" \/>\n<meta property=\"article:publisher\" content=\"https:\/\/www.facebook.com\/infoalgerieactu\" \/>\n<meta property=\"article:published_time\" content=\"2017-10-29T09:39:33+00:00\" \/>\n<meta property=\"og:image\" content=\"https:\/\/www.info-algerie.com\/actualites\/wp-content\/uploads\/2017\/10\/21085f034216cbb3fae40a01763aacba_S-1.jpg\" \/>\n\t<meta property=\"og:image:width\" content=\"280\" \/>\n\t<meta property=\"og:image:height\" content=\"169\" \/>\n\t<meta property=\"og:image:type\" content=\"image\/jpeg\" \/>\n<meta name=\"author\" content=\"La r\u00e9daction\" \/>\n<meta name=\"twitter:label1\" content=\"\u00c9crit par\" \/>\n\t<meta name=\"twitter:data1\" content=\"La r\u00e9daction\" \/>\n\t<meta name=\"twitter:label2\" content=\"Dur\u00e9e de lecture estim\u00e9e\" \/>\n\t<meta name=\"twitter:data2\" content=\"4 minutes\" \/>\n<script type=\"application\/ld+json\" class=\"yoast-schema-graph\">{\"@context\":\"https:\\\/\\\/schema.org\",\"@graph\":[{\"@type\":\"Article\",\"@id\":\"https:\\\/\\\/www.info-algerie.com\\\/actualites\\\/ouverture-de-la-campagne-electorale-grande-mobilisation-des-candidats-indifference-des-citoyens\\\/#article\",\"isPartOf\":{\"@id\":\"https:\\\/\\\/www.info-algerie.com\\\/actualites\\\/ouverture-de-la-campagne-electorale-grande-mobilisation-des-candidats-indifference-des-citoyens\\\/\"},\"author\":{\"name\":\"La r\u00e9daction\",\"@id\":\"https:\\\/\\\/www.info-algerie.com\\\/actualites\\\/#\\\/schema\\\/person\\\/847aaec44920825b843a08f30ec6aa1e\"},\"headline\":\"Ouverture de la campagne \u00e9lectorale: grande mobilisation des candidats, indiff\u00e9rence des citoyens\",\"datePublished\":\"2017-10-29T09:39:33+00:00\",\"mainEntityOfPage\":{\"@id\":\"https:\\\/\\\/www.info-algerie.com\\\/actualites\\\/ouverture-de-la-campagne-electorale-grande-mobilisation-des-candidats-indifference-des-citoyens\\\/\"},\"wordCount\":810,\"commentCount\":0,\"publisher\":{\"@id\":\"https:\\\/\\\/www.info-algerie.com\\\/actualites\\\/#organization\"},\"image\":{\"@id\":\"https:\\\/\\\/www.info-algerie.com\\\/actualites\\\/ouverture-de-la-campagne-electorale-grande-mobilisation-des-candidats-indifference-des-citoyens\\\/#primaryimage\"},\"thumbnailUrl\":\"https:\\\/\\\/www.info-algerie.com\\\/actualites\\\/wp-content\\\/uploads\\\/2017\\\/10\\\/21085f034216cbb3fae40a01763aacba_S-1.jpg\",\"keywords\":[\"ONU\"],\"articleSection\":[\"infos\"],\"inLanguage\":\"fr-FR\",\"potentialAction\":[{\"@type\":\"CommentAction\",\"name\":\"Comment\",\"target\":[\"https:\\\/\\\/www.info-algerie.com\\\/actualites\\\/ouverture-de-la-campagne-electorale-grande-mobilisation-des-candidats-indifference-des-citoyens\\\/#respond\"]}]},{\"@type\":\"WebPage\",\"@id\":\"https:\\\/\\\/www.info-algerie.com\\\/actualites\\\/ouverture-de-la-campagne-electorale-grande-mobilisation-des-candidats-indifference-des-citoyens\\\/\",\"url\":\"https:\\\/\\\/www.info-algerie.com\\\/actualites\\\/ouverture-de-la-campagne-electorale-grande-mobilisation-des-candidats-indifference-des-citoyens\\\/\",\"name\":\"Ouverture de la campagne \u00e9lectorale: grande mobilisation des candidats, indiff\u00e9rence des citoyens - info algerie\",\"isPartOf\":{\"@id\":\"https:\\\/\\\/www.info-algerie.com\\\/actualites\\\/#website\"},\"primaryImageOfPage\":{\"@id\":\"https:\\\/\\\/www.info-algerie.com\\\/actualites\\\/ouverture-de-la-campagne-electorale-grande-mobilisation-des-candidats-indifference-des-citoyens\\\/#primaryimage\"},\"image\":{\"@id\":\"https:\\\/\\\/www.info-algerie.com\\\/actualites\\\/ouverture-de-la-campagne-electorale-grande-mobilisation-des-candidats-indifference-des-citoyens\\\/#primaryimage\"},\"thumbnailUrl\":\"https:\\\/\\\/www.info-algerie.com\\\/actualites\\\/wp-content\\\/uploads\\\/2017\\\/10\\\/21085f034216cbb3fae40a01763aacba_S-1.jpg\",\"datePublished\":\"2017-10-29T09:39:33+00:00\",\"breadcrumb\":{\"@id\":\"https:\\\/\\\/www.info-algerie.com\\\/actualites\\\/ouverture-de-la-campagne-electorale-grande-mobilisation-des-candidats-indifference-des-citoyens\\\/#breadcrumb\"},\"inLanguage\":\"fr-FR\",\"potentialAction\":[{\"@type\":\"ReadAction\",\"target\":[\"https:\\\/\\\/www.info-algerie.com\\\/actualites\\\/ouverture-de-la-campagne-electorale-grande-mobilisation-des-candidats-indifference-des-citoyens\\\/\"]}]},{\"@type\":\"ImageObject\",\"inLanguage\":\"fr-FR\",\"@id\":\"https:\\\/\\\/www.info-algerie.com\\\/actualites\\\/ouverture-de-la-campagne-electorale-grande-mobilisation-des-candidats-indifference-des-citoyens\\\/#primaryimage\",\"url\":\"https:\\\/\\\/www.info-algerie.com\\\/actualites\\\/wp-content\\\/uploads\\\/2017\\\/10\\\/21085f034216cbb3fae40a01763aacba_S-1.jpg\",\"contentUrl\":\"https:\\\/\\\/www.info-algerie.com\\\/actualites\\\/wp-content\\\/uploads\\\/2017\\\/10\\\/21085f034216cbb3fae40a01763aacba_S-1.jpg\",\"width\":280,\"height\":169},{\"@type\":\"BreadcrumbList\",\"@id\":\"https:\\\/\\\/www.info-algerie.com\\\/actualites\\\/ouverture-de-la-campagne-electorale-grande-mobilisation-des-candidats-indifference-des-citoyens\\\/#breadcrumb\",\"itemListElement\":[{\"@type\":\"ListItem\",\"position\":1,\"name\":\"Accueil\",\"item\":\"https:\\\/\\\/www.info-algerie.com\\\/actualites\\\/\"},{\"@type\":\"ListItem\",\"position\":2,\"name\":\"Ouverture de la campagne \u00e9lectorale: grande mobilisation des candidats, indiff\u00e9rence des citoyens\"}]},{\"@type\":\"WebSite\",\"@id\":\"https:\\\/\\\/www.info-algerie.com\\\/actualites\\\/#website\",\"url\":\"https:\\\/\\\/www.info-algerie.com\\\/actualites\\\/\",\"name\":\"info algerie\",\"description\":\"Toutes les actualit\u00e9s\",\"publisher\":{\"@id\":\"https:\\\/\\\/www.info-algerie.com\\\/actualites\\\/#organization\"},\"potentialAction\":[{\"@type\":\"SearchAction\",\"target\":{\"@type\":\"EntryPoint\",\"urlTemplate\":\"https:\\\/\\\/www.info-algerie.com\\\/actualites\\\/?s={search_term_string}\"},\"query-input\":{\"@type\":\"PropertyValueSpecification\",\"valueRequired\":true,\"valueName\":\"search_term_string\"}}],\"inLanguage\":\"fr-FR\"},{\"@type\":\"Organization\",\"@id\":\"https:\\\/\\\/www.info-algerie.com\\\/actualites\\\/#organization\",\"name\":\"info algerie\",\"url\":\"https:\\\/\\\/www.info-algerie.com\\\/actualites\\\/\",\"logo\":{\"@type\":\"ImageObject\",\"inLanguage\":\"fr-FR\",\"@id\":\"https:\\\/\\\/www.info-algerie.com\\\/actualites\\\/#\\\/schema\\\/logo\\\/image\\\/\",\"url\":\"https:\\\/\\\/www.info-algerie.com\\\/actualites\\\/wp-content\\\/uploads\\\/2022\\\/07\\\/logo-ia-120.png\",\"contentUrl\":\"https:\\\/\\\/www.info-algerie.com\\\/actualites\\\/wp-content\\\/uploads\\\/2022\\\/07\\\/logo-ia-120.png\",\"width\":120,\"height\":43,\"caption\":\"info algerie\"},\"image\":{\"@id\":\"https:\\\/\\\/www.info-algerie.com\\\/actualites\\\/#\\\/schema\\\/logo\\\/image\\\/\"},\"sameAs\":[\"https:\\\/\\\/www.facebook.com\\\/infoalgerieactu\",\"https:\\\/\\\/x.com\\\/infoalgerie1\"]},{\"@type\":\"Person\",\"@id\":\"https:\\\/\\\/www.info-algerie.com\\\/actualites\\\/#\\\/schema\\\/person\\\/847aaec44920825b843a08f30ec6aa1e\",\"name\":\"La r\u00e9daction\",\"image\":{\"@type\":\"ImageObject\",\"inLanguage\":\"fr-FR\",\"@id\":\"https:\\\/\\\/secure.gravatar.com\\\/avatar\\\/769db425c6f465158149f1ffd6cf61ce7a8a879d11dfbef8288af36dfddd418c?s=96&d=mm&r=g\",\"url\":\"https:\\\/\\\/secure.gravatar.com\\\/avatar\\\/769db425c6f465158149f1ffd6cf61ce7a8a879d11dfbef8288af36dfddd418c?s=96&d=mm&r=g\",\"contentUrl\":\"https:\\\/\\\/secure.gravatar.com\\\/avatar\\\/769db425c6f465158149f1ffd6cf61ce7a8a879d11dfbef8288af36dfddd418c?s=96&d=mm&r=g\",\"caption\":\"La r\u00e9daction\"},\"sameAs\":[\"http:\\\/\\\/www.lkeria.com\\\/\"],\"url\":\"https:\\\/\\\/www.info-algerie.com\\\/actualites\\\/author\\\/chakib32\\\/\"}]}<\/script>\n<!-- \/ Yoast SEO plugin. -->","yoast_head_json":{"title":"Ouverture de la campagne \u00e9lectorale: grande mobilisation des candidats, indiff\u00e9rence des citoyens - info algerie","robots":{"index":"index","follow":"follow","max-snippet":"max-snippet:-1","max-image-preview":"max-image-preview:large","max-video-preview":"max-video-preview:-1"},"canonical":"https:\/\/www.info-algerie.com\/actualites\/ouverture-de-la-campagne-electorale-grande-mobilisation-des-candidats-indifference-des-citoyens\/","og_locale":"fr_FR","og_type":"article","og_title":"Ouverture de la campagne \u00e9lectorale: grande mobilisation des candidats, indiff\u00e9rence des citoyens - info algerie","og_description":"ALGER &#8211; La presse nationale paraissant ce dimanche rel\u00e8ve une \u00ab\u00a0grande mobilisation\u00a0\u00bb des candidats aux \u00e9lections locales du 23 novembre prochain et dont le coup d&rsquo;envoi de la campagne \u00e9lectorale s&rsquo;est ouverte aujourd&rsquo;hui dans une \u00ab\u00a0grande indiff\u00e9rence\u00a0\u00bb des citoyens. &#013; &#013; Pour Le Carrefour d\u2019Alg\u00e9rie, \u00ab\u00a0l\u2019heure de v\u00e9rit\u00e9 a sonn\u00e9. Les radars des partis et","og_url":"https:\/\/www.info-algerie.com\/actualites\/ouverture-de-la-campagne-electorale-grande-mobilisation-des-candidats-indifference-des-citoyens\/","og_site_name":"info algerie","article_publisher":"https:\/\/www.facebook.com\/infoalgerieactu","article_published_time":"2017-10-29T09:39:33+00:00","og_image":[{"width":280,"height":169,"url":"https:\/\/www.info-algerie.com\/actualites\/wp-content\/uploads\/2017\/10\/21085f034216cbb3fae40a01763aacba_S-1.jpg","type":"image\/jpeg"}],"author":"La r\u00e9daction","twitter_misc":{"\u00c9crit par":"La r\u00e9daction","Dur\u00e9e de lecture estim\u00e9e":"4 minutes"},"schema":{"@context":"https:\/\/schema.org","@graph":[{"@type":"Article","@id":"https:\/\/www.info-algerie.com\/actualites\/ouverture-de-la-campagne-electorale-grande-mobilisation-des-candidats-indifference-des-citoyens\/#article","isPartOf":{"@id":"https:\/\/www.info-algerie.com\/actualites\/ouverture-de-la-campagne-electorale-grande-mobilisation-des-candidats-indifference-des-citoyens\/"},"author":{"name":"La r\u00e9daction","@id":"https:\/\/www.info-algerie.com\/actualites\/#\/schema\/person\/847aaec44920825b843a08f30ec6aa1e"},"headline":"Ouverture de la campagne \u00e9lectorale: grande mobilisation des candidats, indiff\u00e9rence des citoyens","datePublished":"2017-10-29T09:39:33+00:00","mainEntityOfPage":{"@id":"https:\/\/www.info-algerie.com\/actualites\/ouverture-de-la-campagne-electorale-grande-mobilisation-des-candidats-indifference-des-citoyens\/"},"wordCount":810,"commentCount":0,"publisher":{"@id":"https:\/\/www.info-algerie.com\/actualites\/#organization"},"image":{"@id":"https:\/\/www.info-algerie.com\/actualites\/ouverture-de-la-campagne-electorale-grande-mobilisation-des-candidats-indifference-des-citoyens\/#primaryimage"},"thumbnailUrl":"https:\/\/www.info-algerie.com\/actualites\/wp-content\/uploads\/2017\/10\/21085f034216cbb3fae40a01763aacba_S-1.jpg","keywords":["ONU"],"articleSection":["infos"],"inLanguage":"fr-FR","potentialAction":[{"@type":"CommentAction","name":"Comment","target":["https:\/\/www.info-algerie.com\/actualites\/ouverture-de-la-campagne-electorale-grande-mobilisation-des-candidats-indifference-des-citoyens\/#respond"]}]},{"@type":"WebPage","@id":"https:\/\/www.info-algerie.com\/actualites\/ouverture-de-la-campagne-electorale-grande-mobilisation-des-candidats-indifference-des-citoyens\/","url":"https:\/\/www.info-algerie.com\/actualites\/ouverture-de-la-campagne-electorale-grande-mobilisation-des-candidats-indifference-des-citoyens\/","name":"Ouverture de la campagne \u00e9lectorale: grande mobilisation des candidats, indiff\u00e9rence des citoyens - info algerie","isPartOf":{"@id":"https:\/\/www.info-algerie.com\/actualites\/#website"},"primaryImageOfPage":{"@id":"https:\/\/www.info-algerie.com\/actualites\/ouverture-de-la-campagne-electorale-grande-mobilisation-des-candidats-indifference-des-citoyens\/#primaryimage"},"image":{"@id":"https:\/\/www.info-algerie.com\/actualites\/ouverture-de-la-campagne-electorale-grande-mobilisation-des-candidats-indifference-des-citoyens\/#primaryimage"},"thumbnailUrl":"https:\/\/www.info-algerie.com\/actualites\/wp-content\/uploads\/2017\/10\/21085f034216cbb3fae40a01763aacba_S-1.jpg","datePublished":"2017-10-29T09:39:33+00:00","breadcrumb":{"@id":"https:\/\/www.info-algerie.com\/actualites\/ouverture-de-la-campagne-electorale-grande-mobilisation-des-candidats-indifference-des-citoyens\/#breadcrumb"},"inLanguage":"fr-FR","potentialAction":[{"@type":"ReadAction","target":["https:\/\/www.info-algerie.com\/actualites\/ouverture-de-la-campagne-electorale-grande-mobilisation-des-candidats-indifference-des-citoyens\/"]}]},{"@type":"ImageObject","inLanguage":"fr-FR","@id":"https:\/\/www.info-algerie.com\/actualites\/ouverture-de-la-campagne-electorale-grande-mobilisation-des-candidats-indifference-des-citoyens\/#primaryimage","url":"https:\/\/www.info-algerie.com\/actualites\/wp-content\/uploads\/2017\/10\/21085f034216cbb3fae40a01763aacba_S-1.jpg","contentUrl":"https:\/\/www.info-algerie.com\/actualites\/wp-content\/uploads\/2017\/10\/21085f034216cbb3fae40a01763aacba_S-1.jpg","width":280,"height":169},{"@type":"BreadcrumbList","@id":"https:\/\/www.info-algerie.com\/actualites\/ouverture-de-la-campagne-electorale-grande-mobilisation-des-candidats-indifference-des-citoyens\/#breadcrumb","itemListElement":[{"@type":"ListItem","position":1,"name":"Accueil","item":"https:\/\/www.info-algerie.com\/actualites\/"},{"@type":"ListItem","position":2,"name":"Ouverture de la campagne \u00e9lectorale: grande mobilisation des candidats, indiff\u00e9rence des citoyens"}]},{"@type":"WebSite","@id":"https:\/\/www.info-algerie.com\/actualites\/#website","url":"https:\/\/www.info-algerie.com\/actualites\/","name":"info algerie","description":"Toutes les actualit\u00e9s","publisher":{"@id":"https:\/\/www.info-algerie.com\/actualites\/#organization"},"potentialAction":[{"@type":"SearchAction","target":{"@type":"EntryPoint","urlTemplate":"https:\/\/www.info-algerie.com\/actualites\/?s={search_term_string}"},"query-input":{"@type":"PropertyValueSpecification","valueRequired":true,"valueName":"search_term_string"}}],"inLanguage":"fr-FR"},{"@type":"Organization","@id":"https:\/\/www.info-algerie.com\/actualites\/#organization","name":"info algerie","url":"https:\/\/www.info-algerie.com\/actualites\/","logo":{"@type":"ImageObject","inLanguage":"fr-FR","@id":"https:\/\/www.info-algerie.com\/actualites\/#\/schema\/logo\/image\/","url":"https:\/\/www.info-algerie.com\/actualites\/wp-content\/uploads\/2022\/07\/logo-ia-120.png","contentUrl":"https:\/\/www.info-algerie.com\/actualites\/wp-content\/uploads\/2022\/07\/logo-ia-120.png","width":120,"height":43,"caption":"info algerie"},"image":{"@id":"https:\/\/www.info-algerie.com\/actualites\/#\/schema\/logo\/image\/"},"sameAs":["https:\/\/www.facebook.com\/infoalgerieactu","https:\/\/x.com\/infoalgerie1"]},{"@type":"Person","@id":"https:\/\/www.info-algerie.com\/actualites\/#\/schema\/person\/847aaec44920825b843a08f30ec6aa1e","name":"La r\u00e9daction","image":{"@type":"ImageObject","inLanguage":"fr-FR","@id":"https:\/\/secure.gravatar.com\/avatar\/769db425c6f465158149f1ffd6cf61ce7a8a879d11dfbef8288af36dfddd418c?s=96&d=mm&r=g","url":"https:\/\/secure.gravatar.com\/avatar\/769db425c6f465158149f1ffd6cf61ce7a8a879d11dfbef8288af36dfddd418c?s=96&d=mm&r=g","contentUrl":"https:\/\/secure.gravatar.com\/avatar\/769db425c6f465158149f1ffd6cf61ce7a8a879d11dfbef8288af36dfddd418c?s=96&d=mm&r=g","caption":"La r\u00e9daction"},"sameAs":["http:\/\/www.lkeria.com\/"],"url":"https:\/\/www.info-algerie.com\/actualites\/author\/chakib32\/"}]}},"_links":{"self":[{"href":"https:\/\/www.info-algerie.com\/actualites\/wp-json\/wp\/v2\/posts\/17362","targetHints":{"allow":["GET"]}}],"collection":[{"href":"https:\/\/www.info-algerie.com\/actualites\/wp-json\/wp\/v2\/posts"}],"about":[{"href":"https:\/\/www.info-algerie.com\/actualites\/wp-json\/wp\/v2\/types\/post"}],"author":[{"embeddable":true,"href":"https:\/\/www.info-algerie.com\/actualites\/wp-json\/wp\/v2\/users\/6"}],"replies":[{"embeddable":true,"href":"https:\/\/www.info-algerie.com\/actualites\/wp-json\/wp\/v2\/comments?post=17362"}],"version-history":[{"count":0,"href":"https:\/\/www.info-algerie.com\/actualites\/wp-json\/wp\/v2\/posts\/17362\/revisions"}],"wp:featuredmedia":[{"embeddable":true,"href":"https:\/\/www.info-algerie.com\/actualites\/wp-json\/wp\/v2\/media\/17363"}],"wp:attachment":[{"href":"https:\/\/www.info-algerie.com\/actualites\/wp-json\/wp\/v2\/media?parent=17362"}],"wp:term":[{"taxonomy":"category","embeddable":true,"href":"https:\/\/www.info-algerie.com\/actualites\/wp-json\/wp\/v2\/categories?post=17362"},{"taxonomy":"post_tag","embeddable":true,"href":"https:\/\/www.info-algerie.com\/actualites\/wp-json\/wp\/v2\/tags?post=17362"}],"curies":[{"name":"wp","href":"https:\/\/api.w.org\/{rel}","templated":true}]}}