{"id":17367,"date":"2017-10-29T12:23:00","date_gmt":"2017-10-29T11:23:00","guid":{"rendered":"http:\/\/www.info-algerie.com\/actualites\/leducation-une-priorite-pour-letat-malgre-la-conjoncture-economique-difficile\/"},"modified":"2017-10-29T12:23:00","modified_gmt":"2017-10-29T11:23:00","slug":"leducation-une-priorite-pour-letat-malgre-la-conjoncture-economique-difficile","status":"publish","type":"post","link":"https:\/\/www.info-algerie.com\/actualites\/leducation-une-priorite-pour-letat-malgre-la-conjoncture-economique-difficile\/","title":{"rendered":"L&#039;Education &quot;une priorit\u00e9 pour l&#039;Etat malgr\u00e9 la conjoncture \u00e9conomique difficile&quot;"},"content":{"rendered":"<div class=\"K2FeedImage\"><img decoding=\"async\" src=\"https:\/\/www.info-algerie.com\/actualites\/wp-content\/uploads\/2017\/10\/563d6182e5d5f040797de7665fcba699_S.jpg\" \/><\/div>\n<div class=\"K2FeedIntroText\">\n<p><strong>ALGER &#8211; La ministre de l&rsquo;Education nationale, Nouria Benghebrit a affirm\u00e9 samedi, que la garantie de l&rsquo;acc\u00e8s \u00e0 l&rsquo;\u00e9ducation \u00ab\u00a0est une priorit\u00e9 de l&rsquo;Etat, malgr\u00e9 la situation financi\u00e8re que traverse le pays, et ce, en cons\u00e9cration des deux principes constitutionnels \u00e0 savoir l&rsquo;\u00e9quit\u00e9 et l&rsquo;\u00e9galit\u00e9 des chances\u00a0\u00bb.<\/strong><\/p>\n<p>&#013;\n<\/p><\/div>\n<div class=\"K2FeedFullText\">&#013;<\/p>\n<p>Intervenant devant les membres de la commission des Finances et de budget de l&rsquo;Assembl\u00e9e populaire nationale (APN), dans le cadre des d\u00e9bats sur le budget consacr\u00e9 \u00e0 son secteur au titre de la loi de 2018, en pr\u00e9sence du\u00a0 ministre des Relations avec le parlement, Tahar Khawa et du pr\u00e9sident de la commission, Toufik Torech, Mme. Benghebrit a pr\u00e9cis\u00e9,\u00a0 que \u00ab\u00a0le financement de l&rsquo;Education est assur\u00e9 par l&rsquo;Etat, ce qui refl\u00e8te la volont\u00e9 politique de couvrir la demande \u00e0 travers la cons\u00e9cration des deux principes constitutionnels, \u00e0 savoir l&rsquo;\u00e9quit\u00e9 et l&rsquo;\u00e9galit\u00e9 des chances pour les enfants alg\u00e9riens sur tout le territoire national\u00a0\u00bb.<\/p>\n<p>&#013;<\/p>\n<p>La ministre de l&rsquo;Education a indiqu\u00e9 que la r\u00e9duction du budget de son secteur pr\u00e9vue dans le projet de loi des finances (PLF 2018) au titre du prochain exercice, s&rsquo;inscrivait dans le cadre de \u00ab\u00a0l&rsquo;orientation de l&rsquo;Etat depuis 2015 pour la rationalisation des d\u00e9penses publiques\u00a0\u00bb, soulignant qu&rsquo;en mati\u00e8re de d\u00e9penses, son secteur focalisait sur \u00ab\u00a0la formation et les ressources humaines\u00a0\u00bb.<\/p>\n<p>&#013;<\/p>\n<p>Les affectations allou\u00e9es au Minist\u00e8re de l&rsquo;Education nationale, dans le cadre du budget de fonctionnement de l&rsquo;ann\u00e9e 2018, s&rsquo;\u00e9l\u00e8vent \u00e0 709,5 milliards de dinars, soit une baisse de -36,7 milliards de dinars par rapport \u00e0 l&rsquo;ann\u00e9e pass\u00e9e, a fait savoir Mme. Benghebrit, qualifiant cette somme de \u00ab\u00a0consid\u00e9rable\u00a0\u00bb, mais \u00ab\u00a0pas suffisante pour garantir une \u00e9ducation de qualit\u00e9\u00a0\u00bb.<\/p>\n<p>&#013;<\/p>\n<p>\u00a0La premi\u00e8re responsable du secteur a ajout\u00e9 que 91,13% de ce budget \u00e9tait consacr\u00e9 aux salaires, tandis que 8,86% couvre les autres d\u00e9penses \u00e0 l&rsquo;instar des aides destin\u00e9es aux activit\u00e9s \u00e9ducatives, culturelles et sociales, soutenant que 15,8 milliards de dinars \u00e9taient affect\u00e9s aux op\u00e9rations du soutien \u00e0 la scolarisation et 15,5 milliards de dinars aux oeuvres sociales.<\/p>\n<p>&#013;<\/p>\n<p>Mme Benghebrit a, par ailleurs, indiqu\u00e9 que le budget d&rsquo;\u00e9quipement allou\u00e9 au secteur a connu une baisse depuis 2012. Derri\u00e8re cette baisse figurent des causes qu&rsquo;elle a qualifi\u00e9es d'\u00a0\u00bb objectives\u00a0\u00bb, dues essentiellement au \u00a0\u00bb\u00a0 retard accus\u00e9 dans la r\u00e9alisation des projets, en raison du manque de main d&rsquo;oeuvre et d&rsquo;assiettes fonci\u00e8res, en particulier\u00a0\u00bb.\u00a0<\/p>\n<p>&#013;<\/p>\n<p>Le budget d&rsquo;\u00e9quipement inscrit au titre du PLF 2018 est estim\u00e9 \u00e0 22.8 milliards DA, dont 16.7 milliards Da allou\u00e9 au nouveau programme et 6 milliards Da \u00e0 la r\u00e9\u00e9valuation.\u00a0<\/p>\n<p>&#013;<\/p>\n<p>Quant aux infrastructures de base, le budget d&rsquo;\u00e9quipement pour l&rsquo;ann\u00e9e prochaine (2018) comprend des op\u00e9rations portant sur l&rsquo;\u00e9tude et le suivi de r\u00e9alisation de 27 lyc\u00e9es, 73 cantines, 50 \u00e9tablissements au r\u00e9gime de\u00a0 demi-pension, 05 \u00e9tablissements au r\u00e9gime d&rsquo;internant, et 83 unit\u00e9s de d\u00e9pistage et de suivi (U.D.S).\u00a0<\/p>\n<p>&#013;<\/p>\n<p>Dans ce cadre, la ministre a rappel\u00e9 la d\u00e9cision du pr\u00e9sident de la R\u00e9publique concernant le d\u00e9gel de l&rsquo;ensemble des projets du secteur de l&rsquo;Education. Une d\u00e9cision salu\u00e9e par la Commission, qui intervient , ajoute Mme Benghebrit, apr\u00e8s deux autres d\u00e9cisions s&rsquo;inscrivant dans le m\u00eame sens: la 1e (d\u00e9cembre 2016) portant sur le d\u00e9gel de 120 op\u00e9rations concernant 81 \u00e9coles primaires, 41 CEM et 23 lyc\u00e9es. Quant \u00e0 la 2e d\u00e9cision (juillet 2017), elle porte sur le d\u00e9gel de projets de r\u00e9alisation de 42 \u00e9coles primaires dans les wilayas frontali\u00e8res.<\/p>\n<p>&#013;<\/p>\n<p>La ministre a, en outre, abord\u00e9 la strat\u00e9gie du secteur qui consiste en la mise en oeuvre de la r\u00e9forme du syst\u00e8me \u00e9ducatif en vue d&rsquo;assurer une \u00e9cole de qualit\u00e9 qui consolide l&rsquo;\u00e9quit\u00e9 et la citoyennet\u00e9 et de faire du\u00a0 professionnalisme et de la formation un pilier de la politique du secteur.\u00a0<\/p>\n<p>&#013;<\/p>\n<p class=\"MsoNormal\">De leur c\u00f4t\u00e9, les membres de la commission du Budget ont \u00e9voqu\u00e9 plusieurs questions li\u00e9es au secteur, notamment la question de l&rsquo;identit\u00e9, les m\u00e9thodes d&rsquo;enseignement ainsi que l&rsquo;anarchie qu&rsquo;avait connue l&rsquo;op\u00e9ration de\u00a0 distribution de livres scolaires au d\u00e9but de l&rsquo;ann\u00e9e, et autres questions li\u00e9es \u00e0 la formation, le recrutement, l&rsquo;enseignement de la langue amazighe, la feuille de route scolaire, la surcharge des classes, la violence et la cantine scolaire.\u00a0<\/p>\n<\/div>\n<p>&#013;<br \/>\nSource: <a href=\"http:\/\/www.aps.dz\/algerie\/64633-l-education-une-priorite-pour-l-etat-malgre-la-conjoncture-economique-difficile\" target=\"_blank\">L&rsquo;Education \u00ab\u00a0une priorit\u00e9 pour l&rsquo;Etat malgr\u00e9 la conjoncture \u00e9conomique difficile\u00a0\u00bb<\/a><\/p>\n<!--CusAds0-->\n<div style=\"font-size: 0px; height: 0px; line-height: 0px; margin: 0; padding: 0; clear: both;\"><\/div>","protected":false},"excerpt":{"rendered":"<p>ALGER &#8211; La ministre de l&rsquo;Education nationale, Nouria Benghebrit a affirm\u00e9 samedi, que la garantie de l&rsquo;acc\u00e8s \u00e0 l&rsquo;\u00e9ducation \u00ab\u00a0est une priorit\u00e9 de l&rsquo;Etat, malgr\u00e9 la situation financi\u00e8re que traverse le pays, et ce, en cons\u00e9cration des deux principes constitutionnels \u00e0 savoir l&rsquo;\u00e9quit\u00e9 et l&rsquo;\u00e9galit\u00e9 des chances\u00a0\u00bb. &#013; &#013; Intervenant devant les membres de la<\/p>\n","protected":false},"author":6,"featured_media":17368,"comment_status":"open","ping_status":"open","sticky":false,"template":"","format":"standard","meta":{"footnotes":""},"categories":[22],"tags":[93],"class_list":["post-17367","post","type-post","status-publish","format-standard","has-post-thumbnail","hentry","category-infos","tag-onu"],"yoast_head":"<!-- This site is optimized with the Yoast SEO plugin v27.5 - https:\/\/yoast.com\/product\/yoast-seo-wordpress\/ -->\n<title>L&#039;Education &quot;une priorit\u00e9 pour l&#039;Etat malgr\u00e9 la conjoncture \u00e9conomique difficile&quot; - info algerie<\/title>\n<meta name=\"robots\" content=\"index, follow, max-snippet:-1, max-image-preview:large, max-video-preview:-1\" \/>\n<link rel=\"canonical\" href=\"https:\/\/www.info-algerie.com\/actualites\/leducation-une-priorite-pour-letat-malgre-la-conjoncture-economique-difficile\/\" \/>\n<meta property=\"og:locale\" content=\"fr_FR\" \/>\n<meta property=\"og:type\" content=\"article\" \/>\n<meta property=\"og:title\" content=\"L&#039;Education &quot;une priorit\u00e9 pour l&#039;Etat malgr\u00e9 la conjoncture \u00e9conomique difficile&quot; - info algerie\" \/>\n<meta property=\"og:description\" content=\"ALGER &#8211; La ministre de l&rsquo;Education nationale, Nouria Benghebrit a affirm\u00e9 samedi, que la garantie de l&rsquo;acc\u00e8s \u00e0 l&rsquo;\u00e9ducation \u00ab\u00a0est une priorit\u00e9 de l&rsquo;Etat, malgr\u00e9 la situation financi\u00e8re que traverse le pays, et ce, en cons\u00e9cration des deux principes constitutionnels \u00e0 savoir l&rsquo;\u00e9quit\u00e9 et l&rsquo;\u00e9galit\u00e9 des chances\u00a0\u00bb. &#013; &#013; Intervenant devant les membres de la\" \/>\n<meta property=\"og:url\" content=\"https:\/\/www.info-algerie.com\/actualites\/leducation-une-priorite-pour-letat-malgre-la-conjoncture-economique-difficile\/\" \/>\n<meta property=\"og:site_name\" content=\"info algerie\" \/>\n<meta property=\"article:publisher\" content=\"https:\/\/www.facebook.com\/infoalgerieactu\" \/>\n<meta property=\"article:published_time\" content=\"2017-10-29T11:23:00+00:00\" \/>\n<meta property=\"og:image\" content=\"https:\/\/www.info-algerie.com\/actualites\/wp-content\/uploads\/2017\/10\/563d6182e5d5f040797de7665fcba699_S-1.jpg\" \/>\n\t<meta property=\"og:image:width\" content=\"280\" \/>\n\t<meta property=\"og:image:height\" content=\"169\" \/>\n\t<meta property=\"og:image:type\" content=\"image\/jpeg\" \/>\n<meta name=\"author\" content=\"La r\u00e9daction\" \/>\n<meta name=\"twitter:label1\" content=\"\u00c9crit par\" \/>\n\t<meta name=\"twitter:data1\" content=\"La r\u00e9daction\" \/>\n\t<meta name=\"twitter:label2\" content=\"Dur\u00e9e de lecture estim\u00e9e\" \/>\n\t<meta name=\"twitter:data2\" content=\"4 minutes\" \/>\n<script type=\"application\/ld+json\" class=\"yoast-schema-graph\">{\"@context\":\"https:\\\/\\\/schema.org\",\"@graph\":[{\"@type\":\"Article\",\"@id\":\"https:\\\/\\\/www.info-algerie.com\\\/actualites\\\/leducation-une-priorite-pour-letat-malgre-la-conjoncture-economique-difficile\\\/#article\",\"isPartOf\":{\"@id\":\"https:\\\/\\\/www.info-algerie.com\\\/actualites\\\/leducation-une-priorite-pour-letat-malgre-la-conjoncture-economique-difficile\\\/\"},\"author\":{\"name\":\"La r\u00e9daction\",\"@id\":\"https:\\\/\\\/www.info-algerie.com\\\/actualites\\\/#\\\/schema\\\/person\\\/847aaec44920825b843a08f30ec6aa1e\"},\"headline\":\"L&#039;Education &quot;une priorit\u00e9 pour l&#039;Etat malgr\u00e9 la conjoncture \u00e9conomique difficile&quot;\",\"datePublished\":\"2017-10-29T11:23:00+00:00\",\"mainEntityOfPage\":{\"@id\":\"https:\\\/\\\/www.info-algerie.com\\\/actualites\\\/leducation-une-priorite-pour-letat-malgre-la-conjoncture-economique-difficile\\\/\"},\"wordCount\":762,\"commentCount\":0,\"publisher\":{\"@id\":\"https:\\\/\\\/www.info-algerie.com\\\/actualites\\\/#organization\"},\"image\":{\"@id\":\"https:\\\/\\\/www.info-algerie.com\\\/actualites\\\/leducation-une-priorite-pour-letat-malgre-la-conjoncture-economique-difficile\\\/#primaryimage\"},\"thumbnailUrl\":\"https:\\\/\\\/www.info-algerie.com\\\/actualites\\\/wp-content\\\/uploads\\\/2017\\\/10\\\/563d6182e5d5f040797de7665fcba699_S-1.jpg\",\"keywords\":[\"ONU\"],\"articleSection\":[\"infos\"],\"inLanguage\":\"fr-FR\",\"potentialAction\":[{\"@type\":\"CommentAction\",\"name\":\"Comment\",\"target\":[\"https:\\\/\\\/www.info-algerie.com\\\/actualites\\\/leducation-une-priorite-pour-letat-malgre-la-conjoncture-economique-difficile\\\/#respond\"]}]},{\"@type\":\"WebPage\",\"@id\":\"https:\\\/\\\/www.info-algerie.com\\\/actualites\\\/leducation-une-priorite-pour-letat-malgre-la-conjoncture-economique-difficile\\\/\",\"url\":\"https:\\\/\\\/www.info-algerie.com\\\/actualites\\\/leducation-une-priorite-pour-letat-malgre-la-conjoncture-economique-difficile\\\/\",\"name\":\"L&#039;Education &quot;une priorit\u00e9 pour l&#039;Etat malgr\u00e9 la conjoncture \u00e9conomique difficile&quot; - info algerie\",\"isPartOf\":{\"@id\":\"https:\\\/\\\/www.info-algerie.com\\\/actualites\\\/#website\"},\"primaryImageOfPage\":{\"@id\":\"https:\\\/\\\/www.info-algerie.com\\\/actualites\\\/leducation-une-priorite-pour-letat-malgre-la-conjoncture-economique-difficile\\\/#primaryimage\"},\"image\":{\"@id\":\"https:\\\/\\\/www.info-algerie.com\\\/actualites\\\/leducation-une-priorite-pour-letat-malgre-la-conjoncture-economique-difficile\\\/#primaryimage\"},\"thumbnailUrl\":\"https:\\\/\\\/www.info-algerie.com\\\/actualites\\\/wp-content\\\/uploads\\\/2017\\\/10\\\/563d6182e5d5f040797de7665fcba699_S-1.jpg\",\"datePublished\":\"2017-10-29T11:23:00+00:00\",\"breadcrumb\":{\"@id\":\"https:\\\/\\\/www.info-algerie.com\\\/actualites\\\/leducation-une-priorite-pour-letat-malgre-la-conjoncture-economique-difficile\\\/#breadcrumb\"},\"inLanguage\":\"fr-FR\",\"potentialAction\":[{\"@type\":\"ReadAction\",\"target\":[\"https:\\\/\\\/www.info-algerie.com\\\/actualites\\\/leducation-une-priorite-pour-letat-malgre-la-conjoncture-economique-difficile\\\/\"]}]},{\"@type\":\"ImageObject\",\"inLanguage\":\"fr-FR\",\"@id\":\"https:\\\/\\\/www.info-algerie.com\\\/actualites\\\/leducation-une-priorite-pour-letat-malgre-la-conjoncture-economique-difficile\\\/#primaryimage\",\"url\":\"https:\\\/\\\/www.info-algerie.com\\\/actualites\\\/wp-content\\\/uploads\\\/2017\\\/10\\\/563d6182e5d5f040797de7665fcba699_S-1.jpg\",\"contentUrl\":\"https:\\\/\\\/www.info-algerie.com\\\/actualites\\\/wp-content\\\/uploads\\\/2017\\\/10\\\/563d6182e5d5f040797de7665fcba699_S-1.jpg\",\"width\":280,\"height\":169},{\"@type\":\"BreadcrumbList\",\"@id\":\"https:\\\/\\\/www.info-algerie.com\\\/actualites\\\/leducation-une-priorite-pour-letat-malgre-la-conjoncture-economique-difficile\\\/#breadcrumb\",\"itemListElement\":[{\"@type\":\"ListItem\",\"position\":1,\"name\":\"Accueil\",\"item\":\"https:\\\/\\\/www.info-algerie.com\\\/actualites\\\/\"},{\"@type\":\"ListItem\",\"position\":2,\"name\":\"L&#039;Education &quot;une priorit\u00e9 pour l&#039;Etat malgr\u00e9 la conjoncture \u00e9conomique difficile&quot;\"}]},{\"@type\":\"WebSite\",\"@id\":\"https:\\\/\\\/www.info-algerie.com\\\/actualites\\\/#website\",\"url\":\"https:\\\/\\\/www.info-algerie.com\\\/actualites\\\/\",\"name\":\"info algerie\",\"description\":\"Toutes les actualit\u00e9s\",\"publisher\":{\"@id\":\"https:\\\/\\\/www.info-algerie.com\\\/actualites\\\/#organization\"},\"potentialAction\":[{\"@type\":\"SearchAction\",\"target\":{\"@type\":\"EntryPoint\",\"urlTemplate\":\"https:\\\/\\\/www.info-algerie.com\\\/actualites\\\/?s={search_term_string}\"},\"query-input\":{\"@type\":\"PropertyValueSpecification\",\"valueRequired\":true,\"valueName\":\"search_term_string\"}}],\"inLanguage\":\"fr-FR\"},{\"@type\":\"Organization\",\"@id\":\"https:\\\/\\\/www.info-algerie.com\\\/actualites\\\/#organization\",\"name\":\"info algerie\",\"url\":\"https:\\\/\\\/www.info-algerie.com\\\/actualites\\\/\",\"logo\":{\"@type\":\"ImageObject\",\"inLanguage\":\"fr-FR\",\"@id\":\"https:\\\/\\\/www.info-algerie.com\\\/actualites\\\/#\\\/schema\\\/logo\\\/image\\\/\",\"url\":\"https:\\\/\\\/www.info-algerie.com\\\/actualites\\\/wp-content\\\/uploads\\\/2022\\\/07\\\/logo-ia-120.png\",\"contentUrl\":\"https:\\\/\\\/www.info-algerie.com\\\/actualites\\\/wp-content\\\/uploads\\\/2022\\\/07\\\/logo-ia-120.png\",\"width\":120,\"height\":43,\"caption\":\"info algerie\"},\"image\":{\"@id\":\"https:\\\/\\\/www.info-algerie.com\\\/actualites\\\/#\\\/schema\\\/logo\\\/image\\\/\"},\"sameAs\":[\"https:\\\/\\\/www.facebook.com\\\/infoalgerieactu\",\"https:\\\/\\\/x.com\\\/infoalgerie1\"]},{\"@type\":\"Person\",\"@id\":\"https:\\\/\\\/www.info-algerie.com\\\/actualites\\\/#\\\/schema\\\/person\\\/847aaec44920825b843a08f30ec6aa1e\",\"name\":\"La r\u00e9daction\",\"image\":{\"@type\":\"ImageObject\",\"inLanguage\":\"fr-FR\",\"@id\":\"https:\\\/\\\/secure.gravatar.com\\\/avatar\\\/769db425c6f465158149f1ffd6cf61ce7a8a879d11dfbef8288af36dfddd418c?s=96&d=mm&r=g\",\"url\":\"https:\\\/\\\/secure.gravatar.com\\\/avatar\\\/769db425c6f465158149f1ffd6cf61ce7a8a879d11dfbef8288af36dfddd418c?s=96&d=mm&r=g\",\"contentUrl\":\"https:\\\/\\\/secure.gravatar.com\\\/avatar\\\/769db425c6f465158149f1ffd6cf61ce7a8a879d11dfbef8288af36dfddd418c?s=96&d=mm&r=g\",\"caption\":\"La r\u00e9daction\"},\"sameAs\":[\"http:\\\/\\\/www.lkeria.com\\\/\"],\"url\":\"https:\\\/\\\/www.info-algerie.com\\\/actualites\\\/author\\\/chakib32\\\/\"}]}<\/script>\n<!-- \/ Yoast SEO plugin. -->","yoast_head_json":{"title":"L&#039;Education &quot;une priorit\u00e9 pour l&#039;Etat malgr\u00e9 la conjoncture \u00e9conomique difficile&quot; - info algerie","robots":{"index":"index","follow":"follow","max-snippet":"max-snippet:-1","max-image-preview":"max-image-preview:large","max-video-preview":"max-video-preview:-1"},"canonical":"https:\/\/www.info-algerie.com\/actualites\/leducation-une-priorite-pour-letat-malgre-la-conjoncture-economique-difficile\/","og_locale":"fr_FR","og_type":"article","og_title":"L&#039;Education &quot;une priorit\u00e9 pour l&#039;Etat malgr\u00e9 la conjoncture \u00e9conomique difficile&quot; - info algerie","og_description":"ALGER &#8211; La ministre de l&rsquo;Education nationale, Nouria Benghebrit a affirm\u00e9 samedi, que la garantie de l&rsquo;acc\u00e8s \u00e0 l&rsquo;\u00e9ducation \u00ab\u00a0est une priorit\u00e9 de l&rsquo;Etat, malgr\u00e9 la situation financi\u00e8re que traverse le pays, et ce, en cons\u00e9cration des deux principes constitutionnels \u00e0 savoir l&rsquo;\u00e9quit\u00e9 et l&rsquo;\u00e9galit\u00e9 des chances\u00a0\u00bb. &#013; &#013; Intervenant devant les membres de la","og_url":"https:\/\/www.info-algerie.com\/actualites\/leducation-une-priorite-pour-letat-malgre-la-conjoncture-economique-difficile\/","og_site_name":"info algerie","article_publisher":"https:\/\/www.facebook.com\/infoalgerieactu","article_published_time":"2017-10-29T11:23:00+00:00","og_image":[{"width":280,"height":169,"url":"https:\/\/www.info-algerie.com\/actualites\/wp-content\/uploads\/2017\/10\/563d6182e5d5f040797de7665fcba699_S-1.jpg","type":"image\/jpeg"}],"author":"La r\u00e9daction","twitter_misc":{"\u00c9crit par":"La r\u00e9daction","Dur\u00e9e de lecture estim\u00e9e":"4 minutes"},"schema":{"@context":"https:\/\/schema.org","@graph":[{"@type":"Article","@id":"https:\/\/www.info-algerie.com\/actualites\/leducation-une-priorite-pour-letat-malgre-la-conjoncture-economique-difficile\/#article","isPartOf":{"@id":"https:\/\/www.info-algerie.com\/actualites\/leducation-une-priorite-pour-letat-malgre-la-conjoncture-economique-difficile\/"},"author":{"name":"La r\u00e9daction","@id":"https:\/\/www.info-algerie.com\/actualites\/#\/schema\/person\/847aaec44920825b843a08f30ec6aa1e"},"headline":"L&#039;Education &quot;une priorit\u00e9 pour l&#039;Etat malgr\u00e9 la conjoncture \u00e9conomique difficile&quot;","datePublished":"2017-10-29T11:23:00+00:00","mainEntityOfPage":{"@id":"https:\/\/www.info-algerie.com\/actualites\/leducation-une-priorite-pour-letat-malgre-la-conjoncture-economique-difficile\/"},"wordCount":762,"commentCount":0,"publisher":{"@id":"https:\/\/www.info-algerie.com\/actualites\/#organization"},"image":{"@id":"https:\/\/www.info-algerie.com\/actualites\/leducation-une-priorite-pour-letat-malgre-la-conjoncture-economique-difficile\/#primaryimage"},"thumbnailUrl":"https:\/\/www.info-algerie.com\/actualites\/wp-content\/uploads\/2017\/10\/563d6182e5d5f040797de7665fcba699_S-1.jpg","keywords":["ONU"],"articleSection":["infos"],"inLanguage":"fr-FR","potentialAction":[{"@type":"CommentAction","name":"Comment","target":["https:\/\/www.info-algerie.com\/actualites\/leducation-une-priorite-pour-letat-malgre-la-conjoncture-economique-difficile\/#respond"]}]},{"@type":"WebPage","@id":"https:\/\/www.info-algerie.com\/actualites\/leducation-une-priorite-pour-letat-malgre-la-conjoncture-economique-difficile\/","url":"https:\/\/www.info-algerie.com\/actualites\/leducation-une-priorite-pour-letat-malgre-la-conjoncture-economique-difficile\/","name":"L&#039;Education &quot;une priorit\u00e9 pour l&#039;Etat malgr\u00e9 la conjoncture \u00e9conomique difficile&quot; - info algerie","isPartOf":{"@id":"https:\/\/www.info-algerie.com\/actualites\/#website"},"primaryImageOfPage":{"@id":"https:\/\/www.info-algerie.com\/actualites\/leducation-une-priorite-pour-letat-malgre-la-conjoncture-economique-difficile\/#primaryimage"},"image":{"@id":"https:\/\/www.info-algerie.com\/actualites\/leducation-une-priorite-pour-letat-malgre-la-conjoncture-economique-difficile\/#primaryimage"},"thumbnailUrl":"https:\/\/www.info-algerie.com\/actualites\/wp-content\/uploads\/2017\/10\/563d6182e5d5f040797de7665fcba699_S-1.jpg","datePublished":"2017-10-29T11:23:00+00:00","breadcrumb":{"@id":"https:\/\/www.info-algerie.com\/actualites\/leducation-une-priorite-pour-letat-malgre-la-conjoncture-economique-difficile\/#breadcrumb"},"inLanguage":"fr-FR","potentialAction":[{"@type":"ReadAction","target":["https:\/\/www.info-algerie.com\/actualites\/leducation-une-priorite-pour-letat-malgre-la-conjoncture-economique-difficile\/"]}]},{"@type":"ImageObject","inLanguage":"fr-FR","@id":"https:\/\/www.info-algerie.com\/actualites\/leducation-une-priorite-pour-letat-malgre-la-conjoncture-economique-difficile\/#primaryimage","url":"https:\/\/www.info-algerie.com\/actualites\/wp-content\/uploads\/2017\/10\/563d6182e5d5f040797de7665fcba699_S-1.jpg","contentUrl":"https:\/\/www.info-algerie.com\/actualites\/wp-content\/uploads\/2017\/10\/563d6182e5d5f040797de7665fcba699_S-1.jpg","width":280,"height":169},{"@type":"BreadcrumbList","@id":"https:\/\/www.info-algerie.com\/actualites\/leducation-une-priorite-pour-letat-malgre-la-conjoncture-economique-difficile\/#breadcrumb","itemListElement":[{"@type":"ListItem","position":1,"name":"Accueil","item":"https:\/\/www.info-algerie.com\/actualites\/"},{"@type":"ListItem","position":2,"name":"L&#039;Education &quot;une priorit\u00e9 pour l&#039;Etat malgr\u00e9 la conjoncture \u00e9conomique difficile&quot;"}]},{"@type":"WebSite","@id":"https:\/\/www.info-algerie.com\/actualites\/#website","url":"https:\/\/www.info-algerie.com\/actualites\/","name":"info algerie","description":"Toutes les actualit\u00e9s","publisher":{"@id":"https:\/\/www.info-algerie.com\/actualites\/#organization"},"potentialAction":[{"@type":"SearchAction","target":{"@type":"EntryPoint","urlTemplate":"https:\/\/www.info-algerie.com\/actualites\/?s={search_term_string}"},"query-input":{"@type":"PropertyValueSpecification","valueRequired":true,"valueName":"search_term_string"}}],"inLanguage":"fr-FR"},{"@type":"Organization","@id":"https:\/\/www.info-algerie.com\/actualites\/#organization","name":"info algerie","url":"https:\/\/www.info-algerie.com\/actualites\/","logo":{"@type":"ImageObject","inLanguage":"fr-FR","@id":"https:\/\/www.info-algerie.com\/actualites\/#\/schema\/logo\/image\/","url":"https:\/\/www.info-algerie.com\/actualites\/wp-content\/uploads\/2022\/07\/logo-ia-120.png","contentUrl":"https:\/\/www.info-algerie.com\/actualites\/wp-content\/uploads\/2022\/07\/logo-ia-120.png","width":120,"height":43,"caption":"info algerie"},"image":{"@id":"https:\/\/www.info-algerie.com\/actualites\/#\/schema\/logo\/image\/"},"sameAs":["https:\/\/www.facebook.com\/infoalgerieactu","https:\/\/x.com\/infoalgerie1"]},{"@type":"Person","@id":"https:\/\/www.info-algerie.com\/actualites\/#\/schema\/person\/847aaec44920825b843a08f30ec6aa1e","name":"La r\u00e9daction","image":{"@type":"ImageObject","inLanguage":"fr-FR","@id":"https:\/\/secure.gravatar.com\/avatar\/769db425c6f465158149f1ffd6cf61ce7a8a879d11dfbef8288af36dfddd418c?s=96&d=mm&r=g","url":"https:\/\/secure.gravatar.com\/avatar\/769db425c6f465158149f1ffd6cf61ce7a8a879d11dfbef8288af36dfddd418c?s=96&d=mm&r=g","contentUrl":"https:\/\/secure.gravatar.com\/avatar\/769db425c6f465158149f1ffd6cf61ce7a8a879d11dfbef8288af36dfddd418c?s=96&d=mm&r=g","caption":"La r\u00e9daction"},"sameAs":["http:\/\/www.lkeria.com\/"],"url":"https:\/\/www.info-algerie.com\/actualites\/author\/chakib32\/"}]}},"_links":{"self":[{"href":"https:\/\/www.info-algerie.com\/actualites\/wp-json\/wp\/v2\/posts\/17367","targetHints":{"allow":["GET"]}}],"collection":[{"href":"https:\/\/www.info-algerie.com\/actualites\/wp-json\/wp\/v2\/posts"}],"about":[{"href":"https:\/\/www.info-algerie.com\/actualites\/wp-json\/wp\/v2\/types\/post"}],"author":[{"embeddable":true,"href":"https:\/\/www.info-algerie.com\/actualites\/wp-json\/wp\/v2\/users\/6"}],"replies":[{"embeddable":true,"href":"https:\/\/www.info-algerie.com\/actualites\/wp-json\/wp\/v2\/comments?post=17367"}],"version-history":[{"count":0,"href":"https:\/\/www.info-algerie.com\/actualites\/wp-json\/wp\/v2\/posts\/17367\/revisions"}],"wp:featuredmedia":[{"embeddable":true,"href":"https:\/\/www.info-algerie.com\/actualites\/wp-json\/wp\/v2\/media\/17368"}],"wp:attachment":[{"href":"https:\/\/www.info-algerie.com\/actualites\/wp-json\/wp\/v2\/media?parent=17367"}],"wp:term":[{"taxonomy":"category","embeddable":true,"href":"https:\/\/www.info-algerie.com\/actualites\/wp-json\/wp\/v2\/categories?post=17367"},{"taxonomy":"post_tag","embeddable":true,"href":"https:\/\/www.info-algerie.com\/actualites\/wp-json\/wp\/v2\/tags?post=17367"}],"curies":[{"name":"wp","href":"https:\/\/api.w.org\/{rel}","templated":true}]}}