{"id":17369,"date":"2017-10-29T11:49:24","date_gmt":"2017-10-29T10:49:24","guid":{"rendered":"http:\/\/www.info-algerie.com\/actualites\/ould-ali-appelle-les-jeunes-a-exprimer-leur-voix-pour-choisir-leurs-representants\/"},"modified":"2017-10-29T11:49:24","modified_gmt":"2017-10-29T10:49:24","slug":"ould-ali-appelle-les-jeunes-a-exprimer-leur-voix-pour-choisir-leurs-representants","status":"publish","type":"post","link":"https:\/\/www.info-algerie.com\/actualites\/ould-ali-appelle-les-jeunes-a-exprimer-leur-voix-pour-choisir-leurs-representants\/","title":{"rendered":"Ould Ali  appelle les jeunes \u00e0 exprimer leur voix pour choisir leurs repr\u00e9sentants"},"content":{"rendered":"<div class=\"K2FeedIntroText\">\n<p>TIZI-OUZOU &#8211; Le ministre de la jeunesse et des sports, El Hadi Ould Ali\u00a0 a appel\u00e9, samedi \u00e0 partir de Tizi-Ouzou, les \u00e9lecteurs et particuli\u00e8rement les jeunes \u00e0 exprimer leur voix \u00e0 l\u2019occasion des prochaines \u00e9lections locales pour choisir leurs repr\u00e9sentants.<\/p>\n<p>&#013;\n<\/p><\/div>\n<div class=\"K2FeedFullText\">&#013;<\/p>\n<p>Pr\u00e9sent \u00e0 la c\u00e9r\u00e9monie de cl\u00f4ture de la 8\u00e8me \u00e9dition du festival du tapis d\u2019Ath Hicham, M. Ould Ali a invit\u00e9 les citoyens \u00e0 voter massivement afin de porter aux assembl\u00e9es communales et de wilayas, des \u00e9lus qui prendront en\u00a0 charge leurs pr\u00e9occupations et qui les \u00e9couteront.<\/p>\n<p>&#013;<\/p>\n<p>\u00ab\u00a0Tizi-Ouzou ne doit pas \u00eatre en marge du rendez-vous \u00e9lectoral du 23 novembre prochain\u00a0\u00bb a-t-il insist\u00e9 en rappelant le nationalisme et le patriotisme des habitants de cette wilaya, des valeurs qui se sont exprim\u00e9es dans toute leur splendeur durant la guerre de lib\u00e9ration nationale contre le colonialisme fran\u00e7ais a-t-il ajout\u00e9.<\/p>\n<p>&#013;<\/p>\n<p>Il a soulign\u00e9 que les diff\u00e9rences culturelles et linguistiques des Alg\u00e9riens font la richesse de l\u2019Alg\u00e9rie et renforcent l\u2019unit\u00e9 de son peuple, observant que la question de Tamazight a \u00e9t\u00e9 d\u00e9finitivement r\u00e9gl\u00e9e par sa Constitutionnalisation langue nationale et officielle.<\/p>\n<p>&#013;<\/p>\n<p>Il a invit\u00e9 les jeunes \u00e0 garder espoir dans les institutions de l\u2019Etat les rassurant que l\u2019Alg\u00e9rie restera unie et indivisible avec un seul drapeau, celui-l\u00e0 m\u00eame qui a \u00e9t\u00e9 t\u00e9moin du sang vers\u00e9 par un million et demi de martyrs pour lib\u00e9rer le pays du joug colonial.<\/p>\n<p>&#013;<\/p>\n<p class=\"MsoNormal\">Il a aussi lanc\u00e9 un appel aux alg\u00e9riens et aux habitants de la Kabylie en particulier pour cultiver les valeurs de la fraternit\u00e9 et de l\u2019union pour une Alg\u00e9rie unie et indivisible o\u00f9 la Kabylie restera \u00e9ternellement rattach\u00e9e \u00e0 l\u2019Alg\u00e9rie car il est impossible qu\u2019il en soit autrement a-t-il insist\u00e9.<\/p>\n<\/div>\n<p>&#013;<br \/>\nSource: <a href=\"http:\/\/www.aps.dz\/algerie\/64624-ould-ali-appelle-les-jeunes-a-exprimer-leur-voix-pour-choisir-leurs-representants\" target=\"_blank\">Ould Ali  appelle les jeunes \u00e0 exprimer leur voix pour choisir leurs repr\u00e9sentants<\/a><\/p>\n<!--CusAds0-->\n<div style=\"font-size: 0px; height: 0px; line-height: 0px; margin: 0; padding: 0; clear: both;\"><\/div>","protected":false},"excerpt":{"rendered":"<p>TIZI-OUZOU &#8211; Le ministre de la jeunesse et des sports, El Hadi Ould Ali\u00a0 a appel\u00e9, samedi \u00e0 partir de Tizi-Ouzou, les \u00e9lecteurs et particuli\u00e8rement les jeunes \u00e0 exprimer leur voix \u00e0 l\u2019occasion des prochaines \u00e9lections locales pour choisir leurs repr\u00e9sentants. &#013; &#013; Pr\u00e9sent \u00e0 la c\u00e9r\u00e9monie de cl\u00f4ture de la 8\u00e8me \u00e9dition du festival<\/p>\n","protected":false},"author":6,"featured_media":0,"comment_status":"open","ping_status":"open","sticky":false,"template":"","format":"standard","meta":{"footnotes":""},"categories":[22],"tags":[93],"class_list":["post-17369","post","type-post","status-publish","format-standard","hentry","category-infos","tag-onu"],"yoast_head":"<!-- This site is optimized with the Yoast SEO plugin v27.5 - https:\/\/yoast.com\/product\/yoast-seo-wordpress\/ -->\n<title>Ould Ali appelle les jeunes \u00e0 exprimer leur voix pour choisir leurs repr\u00e9sentants - info algerie<\/title>\n<meta name=\"robots\" content=\"index, follow, max-snippet:-1, max-image-preview:large, max-video-preview:-1\" \/>\n<link rel=\"canonical\" href=\"https:\/\/www.info-algerie.com\/actualites\/ould-ali-appelle-les-jeunes-a-exprimer-leur-voix-pour-choisir-leurs-representants\/\" \/>\n<meta property=\"og:locale\" content=\"fr_FR\" \/>\n<meta property=\"og:type\" content=\"article\" \/>\n<meta property=\"og:title\" content=\"Ould Ali appelle les jeunes \u00e0 exprimer leur voix pour choisir leurs repr\u00e9sentants - info algerie\" \/>\n<meta property=\"og:description\" content=\"TIZI-OUZOU &#8211; Le ministre de la jeunesse et des sports, El Hadi Ould Ali\u00a0 a appel\u00e9, samedi \u00e0 partir de Tizi-Ouzou, les \u00e9lecteurs et particuli\u00e8rement les jeunes \u00e0 exprimer leur voix \u00e0 l\u2019occasion des prochaines \u00e9lections locales pour choisir leurs repr\u00e9sentants. &#013; &#013; Pr\u00e9sent \u00e0 la c\u00e9r\u00e9monie de cl\u00f4ture de la 8\u00e8me \u00e9dition du festival\" \/>\n<meta property=\"og:url\" content=\"https:\/\/www.info-algerie.com\/actualites\/ould-ali-appelle-les-jeunes-a-exprimer-leur-voix-pour-choisir-leurs-representants\/\" \/>\n<meta property=\"og:site_name\" content=\"info algerie\" \/>\n<meta property=\"article:publisher\" content=\"https:\/\/www.facebook.com\/infoalgerieactu\" \/>\n<meta property=\"article:published_time\" content=\"2017-10-29T10:49:24+00:00\" \/>\n<meta name=\"author\" content=\"La r\u00e9daction\" \/>\n<meta name=\"twitter:label1\" content=\"\u00c9crit par\" \/>\n\t<meta name=\"twitter:data1\" content=\"La r\u00e9daction\" \/>\n\t<meta name=\"twitter:label2\" content=\"Dur\u00e9e de lecture estim\u00e9e\" \/>\n\t<meta name=\"twitter:data2\" content=\"2 minutes\" \/>\n<script type=\"application\/ld+json\" class=\"yoast-schema-graph\">{\"@context\":\"https:\\\/\\\/schema.org\",\"@graph\":[{\"@type\":\"Article\",\"@id\":\"https:\\\/\\\/www.info-algerie.com\\\/actualites\\\/ould-ali-appelle-les-jeunes-a-exprimer-leur-voix-pour-choisir-leurs-representants\\\/#article\",\"isPartOf\":{\"@id\":\"https:\\\/\\\/www.info-algerie.com\\\/actualites\\\/ould-ali-appelle-les-jeunes-a-exprimer-leur-voix-pour-choisir-leurs-representants\\\/\"},\"author\":{\"name\":\"La r\u00e9daction\",\"@id\":\"https:\\\/\\\/www.info-algerie.com\\\/actualites\\\/#\\\/schema\\\/person\\\/847aaec44920825b843a08f30ec6aa1e\"},\"headline\":\"Ould Ali appelle les jeunes \u00e0 exprimer leur voix pour choisir leurs repr\u00e9sentants\",\"datePublished\":\"2017-10-29T10:49:24+00:00\",\"mainEntityOfPage\":{\"@id\":\"https:\\\/\\\/www.info-algerie.com\\\/actualites\\\/ould-ali-appelle-les-jeunes-a-exprimer-leur-voix-pour-choisir-leurs-representants\\\/\"},\"wordCount\":328,\"commentCount\":0,\"publisher\":{\"@id\":\"https:\\\/\\\/www.info-algerie.com\\\/actualites\\\/#organization\"},\"keywords\":[\"ONU\"],\"articleSection\":[\"infos\"],\"inLanguage\":\"fr-FR\",\"potentialAction\":[{\"@type\":\"CommentAction\",\"name\":\"Comment\",\"target\":[\"https:\\\/\\\/www.info-algerie.com\\\/actualites\\\/ould-ali-appelle-les-jeunes-a-exprimer-leur-voix-pour-choisir-leurs-representants\\\/#respond\"]}]},{\"@type\":\"WebPage\",\"@id\":\"https:\\\/\\\/www.info-algerie.com\\\/actualites\\\/ould-ali-appelle-les-jeunes-a-exprimer-leur-voix-pour-choisir-leurs-representants\\\/\",\"url\":\"https:\\\/\\\/www.info-algerie.com\\\/actualites\\\/ould-ali-appelle-les-jeunes-a-exprimer-leur-voix-pour-choisir-leurs-representants\\\/\",\"name\":\"Ould Ali appelle les jeunes \u00e0 exprimer leur voix pour choisir leurs repr\u00e9sentants - info algerie\",\"isPartOf\":{\"@id\":\"https:\\\/\\\/www.info-algerie.com\\\/actualites\\\/#website\"},\"datePublished\":\"2017-10-29T10:49:24+00:00\",\"breadcrumb\":{\"@id\":\"https:\\\/\\\/www.info-algerie.com\\\/actualites\\\/ould-ali-appelle-les-jeunes-a-exprimer-leur-voix-pour-choisir-leurs-representants\\\/#breadcrumb\"},\"inLanguage\":\"fr-FR\",\"potentialAction\":[{\"@type\":\"ReadAction\",\"target\":[\"https:\\\/\\\/www.info-algerie.com\\\/actualites\\\/ould-ali-appelle-les-jeunes-a-exprimer-leur-voix-pour-choisir-leurs-representants\\\/\"]}]},{\"@type\":\"BreadcrumbList\",\"@id\":\"https:\\\/\\\/www.info-algerie.com\\\/actualites\\\/ould-ali-appelle-les-jeunes-a-exprimer-leur-voix-pour-choisir-leurs-representants\\\/#breadcrumb\",\"itemListElement\":[{\"@type\":\"ListItem\",\"position\":1,\"name\":\"Accueil\",\"item\":\"https:\\\/\\\/www.info-algerie.com\\\/actualites\\\/\"},{\"@type\":\"ListItem\",\"position\":2,\"name\":\"Ould Ali appelle les jeunes \u00e0 exprimer leur voix pour choisir leurs repr\u00e9sentants\"}]},{\"@type\":\"WebSite\",\"@id\":\"https:\\\/\\\/www.info-algerie.com\\\/actualites\\\/#website\",\"url\":\"https:\\\/\\\/www.info-algerie.com\\\/actualites\\\/\",\"name\":\"info algerie\",\"description\":\"Toutes les actualit\u00e9s\",\"publisher\":{\"@id\":\"https:\\\/\\\/www.info-algerie.com\\\/actualites\\\/#organization\"},\"potentialAction\":[{\"@type\":\"SearchAction\",\"target\":{\"@type\":\"EntryPoint\",\"urlTemplate\":\"https:\\\/\\\/www.info-algerie.com\\\/actualites\\\/?s={search_term_string}\"},\"query-input\":{\"@type\":\"PropertyValueSpecification\",\"valueRequired\":true,\"valueName\":\"search_term_string\"}}],\"inLanguage\":\"fr-FR\"},{\"@type\":\"Organization\",\"@id\":\"https:\\\/\\\/www.info-algerie.com\\\/actualites\\\/#organization\",\"name\":\"info algerie\",\"url\":\"https:\\\/\\\/www.info-algerie.com\\\/actualites\\\/\",\"logo\":{\"@type\":\"ImageObject\",\"inLanguage\":\"fr-FR\",\"@id\":\"https:\\\/\\\/www.info-algerie.com\\\/actualites\\\/#\\\/schema\\\/logo\\\/image\\\/\",\"url\":\"https:\\\/\\\/www.info-algerie.com\\\/actualites\\\/wp-content\\\/uploads\\\/2022\\\/07\\\/logo-ia-120.png\",\"contentUrl\":\"https:\\\/\\\/www.info-algerie.com\\\/actualites\\\/wp-content\\\/uploads\\\/2022\\\/07\\\/logo-ia-120.png\",\"width\":120,\"height\":43,\"caption\":\"info algerie\"},\"image\":{\"@id\":\"https:\\\/\\\/www.info-algerie.com\\\/actualites\\\/#\\\/schema\\\/logo\\\/image\\\/\"},\"sameAs\":[\"https:\\\/\\\/www.facebook.com\\\/infoalgerieactu\",\"https:\\\/\\\/x.com\\\/infoalgerie1\"]},{\"@type\":\"Person\",\"@id\":\"https:\\\/\\\/www.info-algerie.com\\\/actualites\\\/#\\\/schema\\\/person\\\/847aaec44920825b843a08f30ec6aa1e\",\"name\":\"La r\u00e9daction\",\"image\":{\"@type\":\"ImageObject\",\"inLanguage\":\"fr-FR\",\"@id\":\"https:\\\/\\\/secure.gravatar.com\\\/avatar\\\/769db425c6f465158149f1ffd6cf61ce7a8a879d11dfbef8288af36dfddd418c?s=96&d=mm&r=g\",\"url\":\"https:\\\/\\\/secure.gravatar.com\\\/avatar\\\/769db425c6f465158149f1ffd6cf61ce7a8a879d11dfbef8288af36dfddd418c?s=96&d=mm&r=g\",\"contentUrl\":\"https:\\\/\\\/secure.gravatar.com\\\/avatar\\\/769db425c6f465158149f1ffd6cf61ce7a8a879d11dfbef8288af36dfddd418c?s=96&d=mm&r=g\",\"caption\":\"La r\u00e9daction\"},\"sameAs\":[\"http:\\\/\\\/www.lkeria.com\\\/\"],\"url\":\"https:\\\/\\\/www.info-algerie.com\\\/actualites\\\/author\\\/chakib32\\\/\"}]}<\/script>\n<!-- \/ Yoast SEO plugin. -->","yoast_head_json":{"title":"Ould Ali appelle les jeunes \u00e0 exprimer leur voix pour choisir leurs repr\u00e9sentants - info algerie","robots":{"index":"index","follow":"follow","max-snippet":"max-snippet:-1","max-image-preview":"max-image-preview:large","max-video-preview":"max-video-preview:-1"},"canonical":"https:\/\/www.info-algerie.com\/actualites\/ould-ali-appelle-les-jeunes-a-exprimer-leur-voix-pour-choisir-leurs-representants\/","og_locale":"fr_FR","og_type":"article","og_title":"Ould Ali appelle les jeunes \u00e0 exprimer leur voix pour choisir leurs repr\u00e9sentants - info algerie","og_description":"TIZI-OUZOU &#8211; Le ministre de la jeunesse et des sports, El Hadi Ould Ali\u00a0 a appel\u00e9, samedi \u00e0 partir de Tizi-Ouzou, les \u00e9lecteurs et particuli\u00e8rement les jeunes \u00e0 exprimer leur voix \u00e0 l\u2019occasion des prochaines \u00e9lections locales pour choisir leurs repr\u00e9sentants. &#013; &#013; Pr\u00e9sent \u00e0 la c\u00e9r\u00e9monie de cl\u00f4ture de la 8\u00e8me \u00e9dition du festival","og_url":"https:\/\/www.info-algerie.com\/actualites\/ould-ali-appelle-les-jeunes-a-exprimer-leur-voix-pour-choisir-leurs-representants\/","og_site_name":"info algerie","article_publisher":"https:\/\/www.facebook.com\/infoalgerieactu","article_published_time":"2017-10-29T10:49:24+00:00","author":"La r\u00e9daction","twitter_misc":{"\u00c9crit par":"La r\u00e9daction","Dur\u00e9e de lecture estim\u00e9e":"2 minutes"},"schema":{"@context":"https:\/\/schema.org","@graph":[{"@type":"Article","@id":"https:\/\/www.info-algerie.com\/actualites\/ould-ali-appelle-les-jeunes-a-exprimer-leur-voix-pour-choisir-leurs-representants\/#article","isPartOf":{"@id":"https:\/\/www.info-algerie.com\/actualites\/ould-ali-appelle-les-jeunes-a-exprimer-leur-voix-pour-choisir-leurs-representants\/"},"author":{"name":"La r\u00e9daction","@id":"https:\/\/www.info-algerie.com\/actualites\/#\/schema\/person\/847aaec44920825b843a08f30ec6aa1e"},"headline":"Ould Ali appelle les jeunes \u00e0 exprimer leur voix pour choisir leurs repr\u00e9sentants","datePublished":"2017-10-29T10:49:24+00:00","mainEntityOfPage":{"@id":"https:\/\/www.info-algerie.com\/actualites\/ould-ali-appelle-les-jeunes-a-exprimer-leur-voix-pour-choisir-leurs-representants\/"},"wordCount":328,"commentCount":0,"publisher":{"@id":"https:\/\/www.info-algerie.com\/actualites\/#organization"},"keywords":["ONU"],"articleSection":["infos"],"inLanguage":"fr-FR","potentialAction":[{"@type":"CommentAction","name":"Comment","target":["https:\/\/www.info-algerie.com\/actualites\/ould-ali-appelle-les-jeunes-a-exprimer-leur-voix-pour-choisir-leurs-representants\/#respond"]}]},{"@type":"WebPage","@id":"https:\/\/www.info-algerie.com\/actualites\/ould-ali-appelle-les-jeunes-a-exprimer-leur-voix-pour-choisir-leurs-representants\/","url":"https:\/\/www.info-algerie.com\/actualites\/ould-ali-appelle-les-jeunes-a-exprimer-leur-voix-pour-choisir-leurs-representants\/","name":"Ould Ali appelle les jeunes \u00e0 exprimer leur voix pour choisir leurs repr\u00e9sentants - info algerie","isPartOf":{"@id":"https:\/\/www.info-algerie.com\/actualites\/#website"},"datePublished":"2017-10-29T10:49:24+00:00","breadcrumb":{"@id":"https:\/\/www.info-algerie.com\/actualites\/ould-ali-appelle-les-jeunes-a-exprimer-leur-voix-pour-choisir-leurs-representants\/#breadcrumb"},"inLanguage":"fr-FR","potentialAction":[{"@type":"ReadAction","target":["https:\/\/www.info-algerie.com\/actualites\/ould-ali-appelle-les-jeunes-a-exprimer-leur-voix-pour-choisir-leurs-representants\/"]}]},{"@type":"BreadcrumbList","@id":"https:\/\/www.info-algerie.com\/actualites\/ould-ali-appelle-les-jeunes-a-exprimer-leur-voix-pour-choisir-leurs-representants\/#breadcrumb","itemListElement":[{"@type":"ListItem","position":1,"name":"Accueil","item":"https:\/\/www.info-algerie.com\/actualites\/"},{"@type":"ListItem","position":2,"name":"Ould Ali appelle les jeunes \u00e0 exprimer leur voix pour choisir leurs repr\u00e9sentants"}]},{"@type":"WebSite","@id":"https:\/\/www.info-algerie.com\/actualites\/#website","url":"https:\/\/www.info-algerie.com\/actualites\/","name":"info algerie","description":"Toutes les actualit\u00e9s","publisher":{"@id":"https:\/\/www.info-algerie.com\/actualites\/#organization"},"potentialAction":[{"@type":"SearchAction","target":{"@type":"EntryPoint","urlTemplate":"https:\/\/www.info-algerie.com\/actualites\/?s={search_term_string}"},"query-input":{"@type":"PropertyValueSpecification","valueRequired":true,"valueName":"search_term_string"}}],"inLanguage":"fr-FR"},{"@type":"Organization","@id":"https:\/\/www.info-algerie.com\/actualites\/#organization","name":"info algerie","url":"https:\/\/www.info-algerie.com\/actualites\/","logo":{"@type":"ImageObject","inLanguage":"fr-FR","@id":"https:\/\/www.info-algerie.com\/actualites\/#\/schema\/logo\/image\/","url":"https:\/\/www.info-algerie.com\/actualites\/wp-content\/uploads\/2022\/07\/logo-ia-120.png","contentUrl":"https:\/\/www.info-algerie.com\/actualites\/wp-content\/uploads\/2022\/07\/logo-ia-120.png","width":120,"height":43,"caption":"info algerie"},"image":{"@id":"https:\/\/www.info-algerie.com\/actualites\/#\/schema\/logo\/image\/"},"sameAs":["https:\/\/www.facebook.com\/infoalgerieactu","https:\/\/x.com\/infoalgerie1"]},{"@type":"Person","@id":"https:\/\/www.info-algerie.com\/actualites\/#\/schema\/person\/847aaec44920825b843a08f30ec6aa1e","name":"La r\u00e9daction","image":{"@type":"ImageObject","inLanguage":"fr-FR","@id":"https:\/\/secure.gravatar.com\/avatar\/769db425c6f465158149f1ffd6cf61ce7a8a879d11dfbef8288af36dfddd418c?s=96&d=mm&r=g","url":"https:\/\/secure.gravatar.com\/avatar\/769db425c6f465158149f1ffd6cf61ce7a8a879d11dfbef8288af36dfddd418c?s=96&d=mm&r=g","contentUrl":"https:\/\/secure.gravatar.com\/avatar\/769db425c6f465158149f1ffd6cf61ce7a8a879d11dfbef8288af36dfddd418c?s=96&d=mm&r=g","caption":"La r\u00e9daction"},"sameAs":["http:\/\/www.lkeria.com\/"],"url":"https:\/\/www.info-algerie.com\/actualites\/author\/chakib32\/"}]}},"_links":{"self":[{"href":"https:\/\/www.info-algerie.com\/actualites\/wp-json\/wp\/v2\/posts\/17369","targetHints":{"allow":["GET"]}}],"collection":[{"href":"https:\/\/www.info-algerie.com\/actualites\/wp-json\/wp\/v2\/posts"}],"about":[{"href":"https:\/\/www.info-algerie.com\/actualites\/wp-json\/wp\/v2\/types\/post"}],"author":[{"embeddable":true,"href":"https:\/\/www.info-algerie.com\/actualites\/wp-json\/wp\/v2\/users\/6"}],"replies":[{"embeddable":true,"href":"https:\/\/www.info-algerie.com\/actualites\/wp-json\/wp\/v2\/comments?post=17369"}],"version-history":[{"count":0,"href":"https:\/\/www.info-algerie.com\/actualites\/wp-json\/wp\/v2\/posts\/17369\/revisions"}],"wp:attachment":[{"href":"https:\/\/www.info-algerie.com\/actualites\/wp-json\/wp\/v2\/media?parent=17369"}],"wp:term":[{"taxonomy":"category","embeddable":true,"href":"https:\/\/www.info-algerie.com\/actualites\/wp-json\/wp\/v2\/categories?post=17369"},{"taxonomy":"post_tag","embeddable":true,"href":"https:\/\/www.info-algerie.com\/actualites\/wp-json\/wp\/v2\/tags?post=17369"}],"curies":[{"name":"wp","href":"https:\/\/api.w.org\/{rel}","templated":true}]}}