{"id":17377,"date":"2017-10-29T12:37:22","date_gmt":"2017-10-29T11:37:22","guid":{"rendered":"http:\/\/www.info-algerie.com\/actualites\/la-revision-annuelle-des-listes-electorales-sacheve-mardi\/"},"modified":"2017-10-29T12:37:22","modified_gmt":"2017-10-29T11:37:22","slug":"la-revision-annuelle-des-listes-electorales-sacheve-mardi","status":"publish","type":"post","link":"https:\/\/www.info-algerie.com\/actualites\/la-revision-annuelle-des-listes-electorales-sacheve-mardi\/","title":{"rendered":"La r\u00e9vision annuelle des listes \u00e9lectorales s&#039;ach\u00e8ve mardi"},"content":{"rendered":"<div class=\"K2FeedImage\"><img decoding=\"async\" src=\"https:\/\/www.info-algerie.com\/actualites\/wp-content\/uploads\/2017\/10\/81f497b96df1b718fdde301e206b49d1_S.jpg\" alt=\"La r&#xE9;vision annuelle des listes &#xE9;lectorales s'ach&#xE8;ve mardi\" \/><\/div>\n<div class=\"K2FeedIntroText\">\n<p><strong>ALGER &#8211; La r\u00e9vision annuelle des listes \u00e9lectorales, qui a d\u00e9but\u00e9 le 2 octobre dernier pour permettre aux jeunes \u00e2g\u00e9s de 18 ans et aux personnes ayant chang\u00e9 de r\u00e9sidence de s&rsquo;inscrire dans leur nouvelle commune de r\u00e9sidence en vue des prochaines \u00e9ch\u00e9ances \u00e9lectorales, s&rsquo;ach\u00e8vera mardi prochain.<\/strong><\/p>\n<p>&#013;\n<\/p><\/div>\n<div class=\"K2FeedFullText\">&#013;<\/p>\n<p>Le minist\u00e8re de l&rsquo;Int\u00e9rieur, des Collectivit\u00e9s locales et de l&rsquo;Am\u00e9nagement du territoire avait invit\u00e9 tous les citoyens non-inscrits sur ces listes et ayant atteint l&rsquo;\u00e2ge de 18 ans r\u00e9volus (au 31 d\u00e9cembre 2017) \u00e0 demander leur inscription sur la liste \u00e9lectorale de leur commune de r\u00e9sidence.<\/p>\n<p>&#013;<\/p>\n<p>Les personnes ayant chang\u00e9 de r\u00e9sidence \u00e9taient \u00e9galement invit\u00e9es \u00e0 se rapprocher de leur nouvelle commune de r\u00e9sidence pour prendre en charge la proc\u00e9dure de radiation et d&rsquo;inscription.<\/p>\n<p>&#013;<\/p>\n<p>Par ailleurs, l&rsquo;op\u00e9ration de r\u00e9vision exceptionnelle des listes \u00e9lectorales en perspective des \u00e9lections locales du 23 novembre prochain qui s&rsquo;est \u00e9tal\u00e9e du 30 ao\u00fbt au 13 septembre, avait permis, quant \u00e0 elle, l&rsquo;enregistrement de 691.727 nouveaux inscrits dont 49.170 ont atteint l&rsquo;\u00e2ge de 18 ans, 210.579 ayant chang\u00e9 de lieu de r\u00e9sidence et 412.774 ayant\u00a0 atteints l&rsquo;\u00e2ge mais qui n&rsquo;ont jamais \u00e9t\u00e9 inscrits.<\/p>\n<p>&#013;<\/p>\n<p>La m\u00eame op\u00e9ration avait permis aussi la radiation de 360.291 personnes dont 63.725 pour d\u00e9c\u00e8s, 118.031 personnes qui cumulaient plus d&rsquo;une inscription, 173.186 personnes suite \u00e0 un changement de lieu de r\u00e9sidence et 1.278 inscrits qui ont perdu la qualit\u00e9 d&rsquo;\u00e9lecteur.<\/p>\n<p>&#013;<\/p>\n<p>Le nombre d&rsquo;\u00e9lecteurs avant la fin de la r\u00e9vision exceptionnelle des listes \u00e9lectorales \u00e9tait de 22.296.037 \u00e9lecteurs dont 691.727 nouveaux inscrits.<\/p>\n<p>&#013;<\/p>\n<p>Pour ce qui est du nombre de candidats ayant postul\u00e9 pour ce rendez-vous \u00e9lectoral, le chiffre a atteint 165.000 candidats pour les Assembl\u00e9es populaires communales (APC) r\u00e9partis sur 9.575 listes \u00e9lectorales et 16.600 candidats pour les Assembl\u00e9es populaires de wilaya (APW), r\u00e9partis sur 621 listes.<\/p>\n<p>&#013;<\/p>\n<p class=\"MsoNormal\">Un total de 12.457 centres de vote dont 342 nouveaux centres, 55.866 bureaux de vote dont 3.111 nouveaux bureaux sont pr\u00e9vus pour cette consultation \u00e9lectorale, alors que 4.734 salles et lieux publics sont r\u00e9serv\u00e9s pour les candidats \u00e0 l&rsquo;occasion de la campagne \u00e9lectorale dont le lancement est pr\u00e9vu ce dimanche.<\/p>\n<\/div>\n<p>&#013;<br \/>\nSource: <a href=\"http:\/\/www.aps.dz\/algerie\/64636-la-revision-annuelle-des-listes-electorales-s-acheve-mardi\" target=\"_blank\">La r\u00e9vision annuelle des listes \u00e9lectorales s&rsquo;ach\u00e8ve mardi<\/a><\/p>\n<!--CusAds0-->\n<div style=\"font-size: 0px; height: 0px; line-height: 0px; margin: 0; padding: 0; clear: both;\"><\/div>","protected":false},"excerpt":{"rendered":"<p>ALGER &#8211; La r\u00e9vision annuelle des listes \u00e9lectorales, qui a d\u00e9but\u00e9 le 2 octobre dernier pour permettre aux jeunes \u00e2g\u00e9s de 18 ans et aux personnes ayant chang\u00e9 de r\u00e9sidence de s&rsquo;inscrire dans leur nouvelle commune de r\u00e9sidence en vue des prochaines \u00e9ch\u00e9ances \u00e9lectorales, s&rsquo;ach\u00e8vera mardi prochain. &#013; &#013; Le minist\u00e8re de l&rsquo;Int\u00e9rieur, des Collectivit\u00e9s<\/p>\n","protected":false},"author":6,"featured_media":17378,"comment_status":"open","ping_status":"open","sticky":false,"template":"","format":"standard","meta":{"footnotes":""},"categories":[22],"tags":[93],"class_list":["post-17377","post","type-post","status-publish","format-standard","has-post-thumbnail","hentry","category-infos","tag-onu"],"yoast_head":"<!-- This site is optimized with the Yoast SEO plugin v27.5 - https:\/\/yoast.com\/product\/yoast-seo-wordpress\/ -->\n<title>La r\u00e9vision annuelle des listes \u00e9lectorales s&#039;ach\u00e8ve mardi - info algerie<\/title>\n<meta name=\"robots\" content=\"index, follow, max-snippet:-1, max-image-preview:large, max-video-preview:-1\" \/>\n<link rel=\"canonical\" href=\"https:\/\/www.info-algerie.com\/actualites\/la-revision-annuelle-des-listes-electorales-sacheve-mardi\/\" \/>\n<meta property=\"og:locale\" content=\"fr_FR\" \/>\n<meta property=\"og:type\" content=\"article\" \/>\n<meta property=\"og:title\" content=\"La r\u00e9vision annuelle des listes \u00e9lectorales s&#039;ach\u00e8ve mardi - info algerie\" \/>\n<meta property=\"og:description\" content=\"ALGER &#8211; La r\u00e9vision annuelle des listes \u00e9lectorales, qui a d\u00e9but\u00e9 le 2 octobre dernier pour permettre aux jeunes \u00e2g\u00e9s de 18 ans et aux personnes ayant chang\u00e9 de r\u00e9sidence de s&rsquo;inscrire dans leur nouvelle commune de r\u00e9sidence en vue des prochaines \u00e9ch\u00e9ances \u00e9lectorales, s&rsquo;ach\u00e8vera mardi prochain. &#013; &#013; Le minist\u00e8re de l&rsquo;Int\u00e9rieur, des Collectivit\u00e9s\" \/>\n<meta property=\"og:url\" content=\"https:\/\/www.info-algerie.com\/actualites\/la-revision-annuelle-des-listes-electorales-sacheve-mardi\/\" \/>\n<meta property=\"og:site_name\" content=\"info algerie\" \/>\n<meta property=\"article:publisher\" content=\"https:\/\/www.facebook.com\/infoalgerieactu\" \/>\n<meta property=\"article:published_time\" content=\"2017-10-29T11:37:22+00:00\" \/>\n<meta property=\"og:image\" content=\"https:\/\/www.info-algerie.com\/actualites\/wp-content\/uploads\/2017\/10\/81f497b96df1b718fdde301e206b49d1_S-1.jpg\" \/>\n\t<meta property=\"og:image:width\" content=\"280\" \/>\n\t<meta property=\"og:image:height\" content=\"169\" \/>\n\t<meta property=\"og:image:type\" content=\"image\/jpeg\" \/>\n<meta name=\"author\" content=\"La r\u00e9daction\" \/>\n<meta name=\"twitter:label1\" content=\"\u00c9crit par\" \/>\n\t<meta name=\"twitter:data1\" content=\"La r\u00e9daction\" \/>\n\t<meta name=\"twitter:label2\" content=\"Dur\u00e9e de lecture estim\u00e9e\" \/>\n\t<meta name=\"twitter:data2\" content=\"2 minutes\" \/>\n<script type=\"application\/ld+json\" class=\"yoast-schema-graph\">{\"@context\":\"https:\\\/\\\/schema.org\",\"@graph\":[{\"@type\":\"Article\",\"@id\":\"https:\\\/\\\/www.info-algerie.com\\\/actualites\\\/la-revision-annuelle-des-listes-electorales-sacheve-mardi\\\/#article\",\"isPartOf\":{\"@id\":\"https:\\\/\\\/www.info-algerie.com\\\/actualites\\\/la-revision-annuelle-des-listes-electorales-sacheve-mardi\\\/\"},\"author\":{\"name\":\"La r\u00e9daction\",\"@id\":\"https:\\\/\\\/www.info-algerie.com\\\/actualites\\\/#\\\/schema\\\/person\\\/847aaec44920825b843a08f30ec6aa1e\"},\"headline\":\"La r\u00e9vision annuelle des listes \u00e9lectorales s&#039;ach\u00e8ve mardi\",\"datePublished\":\"2017-10-29T11:37:22+00:00\",\"mainEntityOfPage\":{\"@id\":\"https:\\\/\\\/www.info-algerie.com\\\/actualites\\\/la-revision-annuelle-des-listes-electorales-sacheve-mardi\\\/\"},\"wordCount\":383,\"commentCount\":0,\"publisher\":{\"@id\":\"https:\\\/\\\/www.info-algerie.com\\\/actualites\\\/#organization\"},\"image\":{\"@id\":\"https:\\\/\\\/www.info-algerie.com\\\/actualites\\\/la-revision-annuelle-des-listes-electorales-sacheve-mardi\\\/#primaryimage\"},\"thumbnailUrl\":\"https:\\\/\\\/www.info-algerie.com\\\/actualites\\\/wp-content\\\/uploads\\\/2017\\\/10\\\/81f497b96df1b718fdde301e206b49d1_S-1.jpg\",\"keywords\":[\"ONU\"],\"articleSection\":[\"infos\"],\"inLanguage\":\"fr-FR\",\"potentialAction\":[{\"@type\":\"CommentAction\",\"name\":\"Comment\",\"target\":[\"https:\\\/\\\/www.info-algerie.com\\\/actualites\\\/la-revision-annuelle-des-listes-electorales-sacheve-mardi\\\/#respond\"]}]},{\"@type\":\"WebPage\",\"@id\":\"https:\\\/\\\/www.info-algerie.com\\\/actualites\\\/la-revision-annuelle-des-listes-electorales-sacheve-mardi\\\/\",\"url\":\"https:\\\/\\\/www.info-algerie.com\\\/actualites\\\/la-revision-annuelle-des-listes-electorales-sacheve-mardi\\\/\",\"name\":\"La r\u00e9vision annuelle des listes \u00e9lectorales s&#039;ach\u00e8ve mardi - info algerie\",\"isPartOf\":{\"@id\":\"https:\\\/\\\/www.info-algerie.com\\\/actualites\\\/#website\"},\"primaryImageOfPage\":{\"@id\":\"https:\\\/\\\/www.info-algerie.com\\\/actualites\\\/la-revision-annuelle-des-listes-electorales-sacheve-mardi\\\/#primaryimage\"},\"image\":{\"@id\":\"https:\\\/\\\/www.info-algerie.com\\\/actualites\\\/la-revision-annuelle-des-listes-electorales-sacheve-mardi\\\/#primaryimage\"},\"thumbnailUrl\":\"https:\\\/\\\/www.info-algerie.com\\\/actualites\\\/wp-content\\\/uploads\\\/2017\\\/10\\\/81f497b96df1b718fdde301e206b49d1_S-1.jpg\",\"datePublished\":\"2017-10-29T11:37:22+00:00\",\"breadcrumb\":{\"@id\":\"https:\\\/\\\/www.info-algerie.com\\\/actualites\\\/la-revision-annuelle-des-listes-electorales-sacheve-mardi\\\/#breadcrumb\"},\"inLanguage\":\"fr-FR\",\"potentialAction\":[{\"@type\":\"ReadAction\",\"target\":[\"https:\\\/\\\/www.info-algerie.com\\\/actualites\\\/la-revision-annuelle-des-listes-electorales-sacheve-mardi\\\/\"]}]},{\"@type\":\"ImageObject\",\"inLanguage\":\"fr-FR\",\"@id\":\"https:\\\/\\\/www.info-algerie.com\\\/actualites\\\/la-revision-annuelle-des-listes-electorales-sacheve-mardi\\\/#primaryimage\",\"url\":\"https:\\\/\\\/www.info-algerie.com\\\/actualites\\\/wp-content\\\/uploads\\\/2017\\\/10\\\/81f497b96df1b718fdde301e206b49d1_S-1.jpg\",\"contentUrl\":\"https:\\\/\\\/www.info-algerie.com\\\/actualites\\\/wp-content\\\/uploads\\\/2017\\\/10\\\/81f497b96df1b718fdde301e206b49d1_S-1.jpg\",\"width\":280,\"height\":169},{\"@type\":\"BreadcrumbList\",\"@id\":\"https:\\\/\\\/www.info-algerie.com\\\/actualites\\\/la-revision-annuelle-des-listes-electorales-sacheve-mardi\\\/#breadcrumb\",\"itemListElement\":[{\"@type\":\"ListItem\",\"position\":1,\"name\":\"Accueil\",\"item\":\"https:\\\/\\\/www.info-algerie.com\\\/actualites\\\/\"},{\"@type\":\"ListItem\",\"position\":2,\"name\":\"La r\u00e9vision annuelle des listes \u00e9lectorales s&#039;ach\u00e8ve mardi\"}]},{\"@type\":\"WebSite\",\"@id\":\"https:\\\/\\\/www.info-algerie.com\\\/actualites\\\/#website\",\"url\":\"https:\\\/\\\/www.info-algerie.com\\\/actualites\\\/\",\"name\":\"info algerie\",\"description\":\"Toutes les actualit\u00e9s\",\"publisher\":{\"@id\":\"https:\\\/\\\/www.info-algerie.com\\\/actualites\\\/#organization\"},\"potentialAction\":[{\"@type\":\"SearchAction\",\"target\":{\"@type\":\"EntryPoint\",\"urlTemplate\":\"https:\\\/\\\/www.info-algerie.com\\\/actualites\\\/?s={search_term_string}\"},\"query-input\":{\"@type\":\"PropertyValueSpecification\",\"valueRequired\":true,\"valueName\":\"search_term_string\"}}],\"inLanguage\":\"fr-FR\"},{\"@type\":\"Organization\",\"@id\":\"https:\\\/\\\/www.info-algerie.com\\\/actualites\\\/#organization\",\"name\":\"info algerie\",\"url\":\"https:\\\/\\\/www.info-algerie.com\\\/actualites\\\/\",\"logo\":{\"@type\":\"ImageObject\",\"inLanguage\":\"fr-FR\",\"@id\":\"https:\\\/\\\/www.info-algerie.com\\\/actualites\\\/#\\\/schema\\\/logo\\\/image\\\/\",\"url\":\"https:\\\/\\\/www.info-algerie.com\\\/actualites\\\/wp-content\\\/uploads\\\/2022\\\/07\\\/logo-ia-120.png\",\"contentUrl\":\"https:\\\/\\\/www.info-algerie.com\\\/actualites\\\/wp-content\\\/uploads\\\/2022\\\/07\\\/logo-ia-120.png\",\"width\":120,\"height\":43,\"caption\":\"info algerie\"},\"image\":{\"@id\":\"https:\\\/\\\/www.info-algerie.com\\\/actualites\\\/#\\\/schema\\\/logo\\\/image\\\/\"},\"sameAs\":[\"https:\\\/\\\/www.facebook.com\\\/infoalgerieactu\",\"https:\\\/\\\/x.com\\\/infoalgerie1\"]},{\"@type\":\"Person\",\"@id\":\"https:\\\/\\\/www.info-algerie.com\\\/actualites\\\/#\\\/schema\\\/person\\\/847aaec44920825b843a08f30ec6aa1e\",\"name\":\"La r\u00e9daction\",\"image\":{\"@type\":\"ImageObject\",\"inLanguage\":\"fr-FR\",\"@id\":\"https:\\\/\\\/secure.gravatar.com\\\/avatar\\\/769db425c6f465158149f1ffd6cf61ce7a8a879d11dfbef8288af36dfddd418c?s=96&d=mm&r=g\",\"url\":\"https:\\\/\\\/secure.gravatar.com\\\/avatar\\\/769db425c6f465158149f1ffd6cf61ce7a8a879d11dfbef8288af36dfddd418c?s=96&d=mm&r=g\",\"contentUrl\":\"https:\\\/\\\/secure.gravatar.com\\\/avatar\\\/769db425c6f465158149f1ffd6cf61ce7a8a879d11dfbef8288af36dfddd418c?s=96&d=mm&r=g\",\"caption\":\"La r\u00e9daction\"},\"sameAs\":[\"http:\\\/\\\/www.lkeria.com\\\/\"],\"url\":\"https:\\\/\\\/www.info-algerie.com\\\/actualites\\\/author\\\/chakib32\\\/\"}]}<\/script>\n<!-- \/ Yoast SEO plugin. -->","yoast_head_json":{"title":"La r\u00e9vision annuelle des listes \u00e9lectorales s&#039;ach\u00e8ve mardi - info algerie","robots":{"index":"index","follow":"follow","max-snippet":"max-snippet:-1","max-image-preview":"max-image-preview:large","max-video-preview":"max-video-preview:-1"},"canonical":"https:\/\/www.info-algerie.com\/actualites\/la-revision-annuelle-des-listes-electorales-sacheve-mardi\/","og_locale":"fr_FR","og_type":"article","og_title":"La r\u00e9vision annuelle des listes \u00e9lectorales s&#039;ach\u00e8ve mardi - info algerie","og_description":"ALGER &#8211; La r\u00e9vision annuelle des listes \u00e9lectorales, qui a d\u00e9but\u00e9 le 2 octobre dernier pour permettre aux jeunes \u00e2g\u00e9s de 18 ans et aux personnes ayant chang\u00e9 de r\u00e9sidence de s&rsquo;inscrire dans leur nouvelle commune de r\u00e9sidence en vue des prochaines \u00e9ch\u00e9ances \u00e9lectorales, s&rsquo;ach\u00e8vera mardi prochain. &#013; &#013; Le minist\u00e8re de l&rsquo;Int\u00e9rieur, des Collectivit\u00e9s","og_url":"https:\/\/www.info-algerie.com\/actualites\/la-revision-annuelle-des-listes-electorales-sacheve-mardi\/","og_site_name":"info algerie","article_publisher":"https:\/\/www.facebook.com\/infoalgerieactu","article_published_time":"2017-10-29T11:37:22+00:00","og_image":[{"width":280,"height":169,"url":"https:\/\/www.info-algerie.com\/actualites\/wp-content\/uploads\/2017\/10\/81f497b96df1b718fdde301e206b49d1_S-1.jpg","type":"image\/jpeg"}],"author":"La r\u00e9daction","twitter_misc":{"\u00c9crit par":"La r\u00e9daction","Dur\u00e9e de lecture estim\u00e9e":"2 minutes"},"schema":{"@context":"https:\/\/schema.org","@graph":[{"@type":"Article","@id":"https:\/\/www.info-algerie.com\/actualites\/la-revision-annuelle-des-listes-electorales-sacheve-mardi\/#article","isPartOf":{"@id":"https:\/\/www.info-algerie.com\/actualites\/la-revision-annuelle-des-listes-electorales-sacheve-mardi\/"},"author":{"name":"La r\u00e9daction","@id":"https:\/\/www.info-algerie.com\/actualites\/#\/schema\/person\/847aaec44920825b843a08f30ec6aa1e"},"headline":"La r\u00e9vision annuelle des listes \u00e9lectorales s&#039;ach\u00e8ve mardi","datePublished":"2017-10-29T11:37:22+00:00","mainEntityOfPage":{"@id":"https:\/\/www.info-algerie.com\/actualites\/la-revision-annuelle-des-listes-electorales-sacheve-mardi\/"},"wordCount":383,"commentCount":0,"publisher":{"@id":"https:\/\/www.info-algerie.com\/actualites\/#organization"},"image":{"@id":"https:\/\/www.info-algerie.com\/actualites\/la-revision-annuelle-des-listes-electorales-sacheve-mardi\/#primaryimage"},"thumbnailUrl":"https:\/\/www.info-algerie.com\/actualites\/wp-content\/uploads\/2017\/10\/81f497b96df1b718fdde301e206b49d1_S-1.jpg","keywords":["ONU"],"articleSection":["infos"],"inLanguage":"fr-FR","potentialAction":[{"@type":"CommentAction","name":"Comment","target":["https:\/\/www.info-algerie.com\/actualites\/la-revision-annuelle-des-listes-electorales-sacheve-mardi\/#respond"]}]},{"@type":"WebPage","@id":"https:\/\/www.info-algerie.com\/actualites\/la-revision-annuelle-des-listes-electorales-sacheve-mardi\/","url":"https:\/\/www.info-algerie.com\/actualites\/la-revision-annuelle-des-listes-electorales-sacheve-mardi\/","name":"La r\u00e9vision annuelle des listes \u00e9lectorales s&#039;ach\u00e8ve mardi - info algerie","isPartOf":{"@id":"https:\/\/www.info-algerie.com\/actualites\/#website"},"primaryImageOfPage":{"@id":"https:\/\/www.info-algerie.com\/actualites\/la-revision-annuelle-des-listes-electorales-sacheve-mardi\/#primaryimage"},"image":{"@id":"https:\/\/www.info-algerie.com\/actualites\/la-revision-annuelle-des-listes-electorales-sacheve-mardi\/#primaryimage"},"thumbnailUrl":"https:\/\/www.info-algerie.com\/actualites\/wp-content\/uploads\/2017\/10\/81f497b96df1b718fdde301e206b49d1_S-1.jpg","datePublished":"2017-10-29T11:37:22+00:00","breadcrumb":{"@id":"https:\/\/www.info-algerie.com\/actualites\/la-revision-annuelle-des-listes-electorales-sacheve-mardi\/#breadcrumb"},"inLanguage":"fr-FR","potentialAction":[{"@type":"ReadAction","target":["https:\/\/www.info-algerie.com\/actualites\/la-revision-annuelle-des-listes-electorales-sacheve-mardi\/"]}]},{"@type":"ImageObject","inLanguage":"fr-FR","@id":"https:\/\/www.info-algerie.com\/actualites\/la-revision-annuelle-des-listes-electorales-sacheve-mardi\/#primaryimage","url":"https:\/\/www.info-algerie.com\/actualites\/wp-content\/uploads\/2017\/10\/81f497b96df1b718fdde301e206b49d1_S-1.jpg","contentUrl":"https:\/\/www.info-algerie.com\/actualites\/wp-content\/uploads\/2017\/10\/81f497b96df1b718fdde301e206b49d1_S-1.jpg","width":280,"height":169},{"@type":"BreadcrumbList","@id":"https:\/\/www.info-algerie.com\/actualites\/la-revision-annuelle-des-listes-electorales-sacheve-mardi\/#breadcrumb","itemListElement":[{"@type":"ListItem","position":1,"name":"Accueil","item":"https:\/\/www.info-algerie.com\/actualites\/"},{"@type":"ListItem","position":2,"name":"La r\u00e9vision annuelle des listes \u00e9lectorales s&#039;ach\u00e8ve mardi"}]},{"@type":"WebSite","@id":"https:\/\/www.info-algerie.com\/actualites\/#website","url":"https:\/\/www.info-algerie.com\/actualites\/","name":"info algerie","description":"Toutes les actualit\u00e9s","publisher":{"@id":"https:\/\/www.info-algerie.com\/actualites\/#organization"},"potentialAction":[{"@type":"SearchAction","target":{"@type":"EntryPoint","urlTemplate":"https:\/\/www.info-algerie.com\/actualites\/?s={search_term_string}"},"query-input":{"@type":"PropertyValueSpecification","valueRequired":true,"valueName":"search_term_string"}}],"inLanguage":"fr-FR"},{"@type":"Organization","@id":"https:\/\/www.info-algerie.com\/actualites\/#organization","name":"info algerie","url":"https:\/\/www.info-algerie.com\/actualites\/","logo":{"@type":"ImageObject","inLanguage":"fr-FR","@id":"https:\/\/www.info-algerie.com\/actualites\/#\/schema\/logo\/image\/","url":"https:\/\/www.info-algerie.com\/actualites\/wp-content\/uploads\/2022\/07\/logo-ia-120.png","contentUrl":"https:\/\/www.info-algerie.com\/actualites\/wp-content\/uploads\/2022\/07\/logo-ia-120.png","width":120,"height":43,"caption":"info algerie"},"image":{"@id":"https:\/\/www.info-algerie.com\/actualites\/#\/schema\/logo\/image\/"},"sameAs":["https:\/\/www.facebook.com\/infoalgerieactu","https:\/\/x.com\/infoalgerie1"]},{"@type":"Person","@id":"https:\/\/www.info-algerie.com\/actualites\/#\/schema\/person\/847aaec44920825b843a08f30ec6aa1e","name":"La r\u00e9daction","image":{"@type":"ImageObject","inLanguage":"fr-FR","@id":"https:\/\/secure.gravatar.com\/avatar\/769db425c6f465158149f1ffd6cf61ce7a8a879d11dfbef8288af36dfddd418c?s=96&d=mm&r=g","url":"https:\/\/secure.gravatar.com\/avatar\/769db425c6f465158149f1ffd6cf61ce7a8a879d11dfbef8288af36dfddd418c?s=96&d=mm&r=g","contentUrl":"https:\/\/secure.gravatar.com\/avatar\/769db425c6f465158149f1ffd6cf61ce7a8a879d11dfbef8288af36dfddd418c?s=96&d=mm&r=g","caption":"La r\u00e9daction"},"sameAs":["http:\/\/www.lkeria.com\/"],"url":"https:\/\/www.info-algerie.com\/actualites\/author\/chakib32\/"}]}},"_links":{"self":[{"href":"https:\/\/www.info-algerie.com\/actualites\/wp-json\/wp\/v2\/posts\/17377","targetHints":{"allow":["GET"]}}],"collection":[{"href":"https:\/\/www.info-algerie.com\/actualites\/wp-json\/wp\/v2\/posts"}],"about":[{"href":"https:\/\/www.info-algerie.com\/actualites\/wp-json\/wp\/v2\/types\/post"}],"author":[{"embeddable":true,"href":"https:\/\/www.info-algerie.com\/actualites\/wp-json\/wp\/v2\/users\/6"}],"replies":[{"embeddable":true,"href":"https:\/\/www.info-algerie.com\/actualites\/wp-json\/wp\/v2\/comments?post=17377"}],"version-history":[{"count":0,"href":"https:\/\/www.info-algerie.com\/actualites\/wp-json\/wp\/v2\/posts\/17377\/revisions"}],"wp:featuredmedia":[{"embeddable":true,"href":"https:\/\/www.info-algerie.com\/actualites\/wp-json\/wp\/v2\/media\/17378"}],"wp:attachment":[{"href":"https:\/\/www.info-algerie.com\/actualites\/wp-json\/wp\/v2\/media?parent=17377"}],"wp:term":[{"taxonomy":"category","embeddable":true,"href":"https:\/\/www.info-algerie.com\/actualites\/wp-json\/wp\/v2\/categories?post=17377"},{"taxonomy":"post_tag","embeddable":true,"href":"https:\/\/www.info-algerie.com\/actualites\/wp-json\/wp\/v2\/tags?post=17377"}],"curies":[{"name":"wp","href":"https:\/\/api.w.org\/{rel}","templated":true}]}}