{"id":17379,"date":"2017-10-29T13:12:03","date_gmt":"2017-10-29T12:12:03","guid":{"rendered":"http:\/\/www.info-algerie.com\/actualites\/elections-locales-le-fna-compte-associer-les-citoyens-a-la-gestion-des-assemblees-elues-programme\/"},"modified":"2017-10-29T13:12:03","modified_gmt":"2017-10-29T12:12:03","slug":"elections-locales-le-fna-compte-associer-les-citoyens-a-la-gestion-des-assemblees-elues-programme","status":"publish","type":"post","link":"https:\/\/www.info-algerie.com\/actualites\/elections-locales-le-fna-compte-associer-les-citoyens-a-la-gestion-des-assemblees-elues-programme\/","title":{"rendered":"Elections locales: le FNA compte associer les citoyens \u00e0 la gestion des assembl\u00e9es \u00e9lues (programme)"},"content":{"rendered":"<div class=\"K2FeedIntroText\">\n<p>ALGER &#8211; Le Front national alg\u00e9rien (FNA) fait campagne pour les \u00e9lections locales du 23 novembre avec un programme dans lequel il s&rsquo;engage \u00e0 associer les citoyens \u00e0 la gestion des assembl\u00e9es \u00e9lues et \u00e0 leur permettre d&rsquo;exprimer leurs pr\u00e9occupations par le dialogue.<\/p>\n<p>&#013;\n<\/p><\/div>\n<div class=\"K2FeedFullText\">&#013;<\/p>\n<p>Le FNA fait campagne avec un programme \u00e9lectoral dans lequel il s&rsquo;engage \u00e0 \u00e9largir les pr\u00e9rogatives des assembl\u00e9es \u00e9lues, en veillant \u00e0 associer les citoyens \u00e0 leur gestion et \u00e0 leur permettre de choisir librement leurs \u00e9lus et d&rsquo;exprimer leurs pr\u00e9occupations par le dialogue.<\/p>\n<p>&#013;<\/p>\n<p>Le parti pr\u00f4ne la politique de planification en mati\u00e8re de d\u00e9veloppement et une politique sociale r\u00e9pondant aux besoins \u00e9l\u00e9mentaires des citoyens et insiste dans son programme sur les secteurs producteurs de valeurs mat\u00e9rielles et morales, l&rsquo;investissement dans la ressource humaine et la pr\u00e9servation des terres agricoles.<\/p>\n<p>&#013;<\/p>\n<p>La formation politique plaide en outre pour la coordination entre toutes les assembl\u00e9es \u00e9lues \u00e0 travers le territoire national pour trouver des solutions communes aux probl\u00e8mes qu&rsquo;elles pourraient rencontrer.<\/p>\n<p>&#013;<\/p>\n<p>Le FNA compte aussi favoriser la participation politique des femmes aux diff\u00e9rentes assembl\u00e9es.<\/p>\n<p>&#013;<\/p>\n<p>Au plan social, le parti plaide pour l&rsquo;am\u00e9lioration du niveau de vie des citoyens et s&rsquo;engage \u00e0 revoir les ressources des collectivit\u00e9s locales (fiscalit\u00e9), \u00e0 cr\u00e9er des alternatives pour promouvoir le d\u00e9veloppement local, \u00e0 encourager l&rsquo;investissement et \u00e0 prendre en charge les cat\u00e9gories d\u00e9munies.<\/p>\n<p>&#013;<\/p>\n<p>Dans le domaine de la sant\u00e9, la formation politique s&rsquo;engage \u00e0 assurer la disponibilit\u00e9 des m\u00e9dicaments en rupture au niveau de la pharmacie centrale, notamment les anticanc\u00e9reux.<\/p>\n<p>&#013;<\/p>\n<p>En mati\u00e8re d&rsquo;\u00e9ducation, le FNA compte mettre \u00e0 disposition des enfants orphelins et d\u00e9munis des livres et des fournitures scolaires et \u00e0 assurer le transport scolaire.<\/p>\n<p>&#013;<\/p>\n<p class=\"MsoNormal\">Le parti encourage, par ailleurs, le sport scolaire et l&rsquo;ouverture de centres sportifs et de maisons de la culture dans les r\u00e9gions recul\u00e9es.<\/p>\n<\/div>\n<p>&#013;<br \/>\nSource: <a href=\"http:\/\/www.aps.dz\/algerie\/64643-elections-locales-le-fna-compte-associer-les-citoyens-a-la-gestion-des-assemblees-elues-programme\" target=\"_blank\">Elections locales: le FNA compte associer les citoyens \u00e0 la gestion des assembl\u00e9es \u00e9lues (programme)<\/a><\/p>\n<!--CusAds0-->\n<div style=\"font-size: 0px; height: 0px; line-height: 0px; margin: 0; padding: 0; clear: both;\"><\/div>","protected":false},"excerpt":{"rendered":"<p>ALGER &#8211; Le Front national alg\u00e9rien (FNA) fait campagne pour les \u00e9lections locales du 23 novembre avec un programme dans lequel il s&rsquo;engage \u00e0 associer les citoyens \u00e0 la gestion des assembl\u00e9es \u00e9lues et \u00e0 leur permettre d&rsquo;exprimer leurs pr\u00e9occupations par le dialogue. &#013; &#013; Le FNA fait campagne avec un programme \u00e9lectoral dans lequel<\/p>\n","protected":false},"author":6,"featured_media":0,"comment_status":"open","ping_status":"open","sticky":false,"template":"","format":"standard","meta":{"footnotes":""},"categories":[22],"tags":[93],"class_list":["post-17379","post","type-post","status-publish","format-standard","hentry","category-infos","tag-onu"],"yoast_head":"<!-- This site is optimized with the Yoast SEO plugin v27.5 - https:\/\/yoast.com\/product\/yoast-seo-wordpress\/ -->\n<title>Elections locales: le FNA compte associer les citoyens \u00e0 la gestion des assembl\u00e9es \u00e9lues (programme) - info algerie<\/title>\n<meta name=\"robots\" content=\"index, follow, max-snippet:-1, max-image-preview:large, max-video-preview:-1\" \/>\n<link rel=\"canonical\" href=\"https:\/\/www.info-algerie.com\/actualites\/elections-locales-le-fna-compte-associer-les-citoyens-a-la-gestion-des-assemblees-elues-programme\/\" \/>\n<meta property=\"og:locale\" content=\"fr_FR\" \/>\n<meta property=\"og:type\" content=\"article\" \/>\n<meta property=\"og:title\" content=\"Elections locales: le FNA compte associer les citoyens \u00e0 la gestion des assembl\u00e9es \u00e9lues (programme) - info algerie\" \/>\n<meta property=\"og:description\" content=\"ALGER &#8211; Le Front national alg\u00e9rien (FNA) fait campagne pour les \u00e9lections locales du 23 novembre avec un programme dans lequel il s&rsquo;engage \u00e0 associer les citoyens \u00e0 la gestion des assembl\u00e9es \u00e9lues et \u00e0 leur permettre d&rsquo;exprimer leurs pr\u00e9occupations par le dialogue. &#013; &#013; Le FNA fait campagne avec un programme \u00e9lectoral dans lequel\" \/>\n<meta property=\"og:url\" content=\"https:\/\/www.info-algerie.com\/actualites\/elections-locales-le-fna-compte-associer-les-citoyens-a-la-gestion-des-assemblees-elues-programme\/\" \/>\n<meta property=\"og:site_name\" content=\"info algerie\" \/>\n<meta property=\"article:publisher\" content=\"https:\/\/www.facebook.com\/infoalgerieactu\" \/>\n<meta property=\"article:published_time\" content=\"2017-10-29T12:12:03+00:00\" \/>\n<meta name=\"author\" content=\"La r\u00e9daction\" \/>\n<meta name=\"twitter:label1\" content=\"\u00c9crit par\" \/>\n\t<meta name=\"twitter:data1\" content=\"La r\u00e9daction\" \/>\n\t<meta name=\"twitter:label2\" content=\"Dur\u00e9e de lecture estim\u00e9e\" \/>\n\t<meta name=\"twitter:data2\" content=\"2 minutes\" \/>\n<script type=\"application\/ld+json\" class=\"yoast-schema-graph\">{\"@context\":\"https:\\\/\\\/schema.org\",\"@graph\":[{\"@type\":\"Article\",\"@id\":\"https:\\\/\\\/www.info-algerie.com\\\/actualites\\\/elections-locales-le-fna-compte-associer-les-citoyens-a-la-gestion-des-assemblees-elues-programme\\\/#article\",\"isPartOf\":{\"@id\":\"https:\\\/\\\/www.info-algerie.com\\\/actualites\\\/elections-locales-le-fna-compte-associer-les-citoyens-a-la-gestion-des-assemblees-elues-programme\\\/\"},\"author\":{\"name\":\"La r\u00e9daction\",\"@id\":\"https:\\\/\\\/www.info-algerie.com\\\/actualites\\\/#\\\/schema\\\/person\\\/847aaec44920825b843a08f30ec6aa1e\"},\"headline\":\"Elections locales: le FNA compte associer les citoyens \u00e0 la gestion des assembl\u00e9es \u00e9lues (programme)\",\"datePublished\":\"2017-10-29T12:12:03+00:00\",\"mainEntityOfPage\":{\"@id\":\"https:\\\/\\\/www.info-algerie.com\\\/actualites\\\/elections-locales-le-fna-compte-associer-les-citoyens-a-la-gestion-des-assemblees-elues-programme\\\/\"},\"wordCount\":351,\"commentCount\":0,\"publisher\":{\"@id\":\"https:\\\/\\\/www.info-algerie.com\\\/actualites\\\/#organization\"},\"keywords\":[\"ONU\"],\"articleSection\":[\"infos\"],\"inLanguage\":\"fr-FR\",\"potentialAction\":[{\"@type\":\"CommentAction\",\"name\":\"Comment\",\"target\":[\"https:\\\/\\\/www.info-algerie.com\\\/actualites\\\/elections-locales-le-fna-compte-associer-les-citoyens-a-la-gestion-des-assemblees-elues-programme\\\/#respond\"]}]},{\"@type\":\"WebPage\",\"@id\":\"https:\\\/\\\/www.info-algerie.com\\\/actualites\\\/elections-locales-le-fna-compte-associer-les-citoyens-a-la-gestion-des-assemblees-elues-programme\\\/\",\"url\":\"https:\\\/\\\/www.info-algerie.com\\\/actualites\\\/elections-locales-le-fna-compte-associer-les-citoyens-a-la-gestion-des-assemblees-elues-programme\\\/\",\"name\":\"Elections locales: le FNA compte associer les citoyens \u00e0 la gestion des assembl\u00e9es \u00e9lues (programme) - info algerie\",\"isPartOf\":{\"@id\":\"https:\\\/\\\/www.info-algerie.com\\\/actualites\\\/#website\"},\"datePublished\":\"2017-10-29T12:12:03+00:00\",\"breadcrumb\":{\"@id\":\"https:\\\/\\\/www.info-algerie.com\\\/actualites\\\/elections-locales-le-fna-compte-associer-les-citoyens-a-la-gestion-des-assemblees-elues-programme\\\/#breadcrumb\"},\"inLanguage\":\"fr-FR\",\"potentialAction\":[{\"@type\":\"ReadAction\",\"target\":[\"https:\\\/\\\/www.info-algerie.com\\\/actualites\\\/elections-locales-le-fna-compte-associer-les-citoyens-a-la-gestion-des-assemblees-elues-programme\\\/\"]}]},{\"@type\":\"BreadcrumbList\",\"@id\":\"https:\\\/\\\/www.info-algerie.com\\\/actualites\\\/elections-locales-le-fna-compte-associer-les-citoyens-a-la-gestion-des-assemblees-elues-programme\\\/#breadcrumb\",\"itemListElement\":[{\"@type\":\"ListItem\",\"position\":1,\"name\":\"Accueil\",\"item\":\"https:\\\/\\\/www.info-algerie.com\\\/actualites\\\/\"},{\"@type\":\"ListItem\",\"position\":2,\"name\":\"Elections locales: le FNA compte associer les citoyens \u00e0 la gestion des assembl\u00e9es \u00e9lues (programme)\"}]},{\"@type\":\"WebSite\",\"@id\":\"https:\\\/\\\/www.info-algerie.com\\\/actualites\\\/#website\",\"url\":\"https:\\\/\\\/www.info-algerie.com\\\/actualites\\\/\",\"name\":\"info algerie\",\"description\":\"Toutes les actualit\u00e9s\",\"publisher\":{\"@id\":\"https:\\\/\\\/www.info-algerie.com\\\/actualites\\\/#organization\"},\"potentialAction\":[{\"@type\":\"SearchAction\",\"target\":{\"@type\":\"EntryPoint\",\"urlTemplate\":\"https:\\\/\\\/www.info-algerie.com\\\/actualites\\\/?s={search_term_string}\"},\"query-input\":{\"@type\":\"PropertyValueSpecification\",\"valueRequired\":true,\"valueName\":\"search_term_string\"}}],\"inLanguage\":\"fr-FR\"},{\"@type\":\"Organization\",\"@id\":\"https:\\\/\\\/www.info-algerie.com\\\/actualites\\\/#organization\",\"name\":\"info algerie\",\"url\":\"https:\\\/\\\/www.info-algerie.com\\\/actualites\\\/\",\"logo\":{\"@type\":\"ImageObject\",\"inLanguage\":\"fr-FR\",\"@id\":\"https:\\\/\\\/www.info-algerie.com\\\/actualites\\\/#\\\/schema\\\/logo\\\/image\\\/\",\"url\":\"https:\\\/\\\/www.info-algerie.com\\\/actualites\\\/wp-content\\\/uploads\\\/2022\\\/07\\\/logo-ia-120.png\",\"contentUrl\":\"https:\\\/\\\/www.info-algerie.com\\\/actualites\\\/wp-content\\\/uploads\\\/2022\\\/07\\\/logo-ia-120.png\",\"width\":120,\"height\":43,\"caption\":\"info algerie\"},\"image\":{\"@id\":\"https:\\\/\\\/www.info-algerie.com\\\/actualites\\\/#\\\/schema\\\/logo\\\/image\\\/\"},\"sameAs\":[\"https:\\\/\\\/www.facebook.com\\\/infoalgerieactu\",\"https:\\\/\\\/x.com\\\/infoalgerie1\"]},{\"@type\":\"Person\",\"@id\":\"https:\\\/\\\/www.info-algerie.com\\\/actualites\\\/#\\\/schema\\\/person\\\/847aaec44920825b843a08f30ec6aa1e\",\"name\":\"La r\u00e9daction\",\"image\":{\"@type\":\"ImageObject\",\"inLanguage\":\"fr-FR\",\"@id\":\"https:\\\/\\\/secure.gravatar.com\\\/avatar\\\/769db425c6f465158149f1ffd6cf61ce7a8a879d11dfbef8288af36dfddd418c?s=96&d=mm&r=g\",\"url\":\"https:\\\/\\\/secure.gravatar.com\\\/avatar\\\/769db425c6f465158149f1ffd6cf61ce7a8a879d11dfbef8288af36dfddd418c?s=96&d=mm&r=g\",\"contentUrl\":\"https:\\\/\\\/secure.gravatar.com\\\/avatar\\\/769db425c6f465158149f1ffd6cf61ce7a8a879d11dfbef8288af36dfddd418c?s=96&d=mm&r=g\",\"caption\":\"La r\u00e9daction\"},\"sameAs\":[\"http:\\\/\\\/www.lkeria.com\\\/\"],\"url\":\"https:\\\/\\\/www.info-algerie.com\\\/actualites\\\/author\\\/chakib32\\\/\"}]}<\/script>\n<!-- \/ Yoast SEO plugin. -->","yoast_head_json":{"title":"Elections locales: le FNA compte associer les citoyens \u00e0 la gestion des assembl\u00e9es \u00e9lues (programme) - info algerie","robots":{"index":"index","follow":"follow","max-snippet":"max-snippet:-1","max-image-preview":"max-image-preview:large","max-video-preview":"max-video-preview:-1"},"canonical":"https:\/\/www.info-algerie.com\/actualites\/elections-locales-le-fna-compte-associer-les-citoyens-a-la-gestion-des-assemblees-elues-programme\/","og_locale":"fr_FR","og_type":"article","og_title":"Elections locales: le FNA compte associer les citoyens \u00e0 la gestion des assembl\u00e9es \u00e9lues (programme) - info algerie","og_description":"ALGER &#8211; Le Front national alg\u00e9rien (FNA) fait campagne pour les \u00e9lections locales du 23 novembre avec un programme dans lequel il s&rsquo;engage \u00e0 associer les citoyens \u00e0 la gestion des assembl\u00e9es \u00e9lues et \u00e0 leur permettre d&rsquo;exprimer leurs pr\u00e9occupations par le dialogue. &#013; &#013; Le FNA fait campagne avec un programme \u00e9lectoral dans lequel","og_url":"https:\/\/www.info-algerie.com\/actualites\/elections-locales-le-fna-compte-associer-les-citoyens-a-la-gestion-des-assemblees-elues-programme\/","og_site_name":"info algerie","article_publisher":"https:\/\/www.facebook.com\/infoalgerieactu","article_published_time":"2017-10-29T12:12:03+00:00","author":"La r\u00e9daction","twitter_misc":{"\u00c9crit par":"La r\u00e9daction","Dur\u00e9e de lecture estim\u00e9e":"2 minutes"},"schema":{"@context":"https:\/\/schema.org","@graph":[{"@type":"Article","@id":"https:\/\/www.info-algerie.com\/actualites\/elections-locales-le-fna-compte-associer-les-citoyens-a-la-gestion-des-assemblees-elues-programme\/#article","isPartOf":{"@id":"https:\/\/www.info-algerie.com\/actualites\/elections-locales-le-fna-compte-associer-les-citoyens-a-la-gestion-des-assemblees-elues-programme\/"},"author":{"name":"La r\u00e9daction","@id":"https:\/\/www.info-algerie.com\/actualites\/#\/schema\/person\/847aaec44920825b843a08f30ec6aa1e"},"headline":"Elections locales: le FNA compte associer les citoyens \u00e0 la gestion des assembl\u00e9es \u00e9lues (programme)","datePublished":"2017-10-29T12:12:03+00:00","mainEntityOfPage":{"@id":"https:\/\/www.info-algerie.com\/actualites\/elections-locales-le-fna-compte-associer-les-citoyens-a-la-gestion-des-assemblees-elues-programme\/"},"wordCount":351,"commentCount":0,"publisher":{"@id":"https:\/\/www.info-algerie.com\/actualites\/#organization"},"keywords":["ONU"],"articleSection":["infos"],"inLanguage":"fr-FR","potentialAction":[{"@type":"CommentAction","name":"Comment","target":["https:\/\/www.info-algerie.com\/actualites\/elections-locales-le-fna-compte-associer-les-citoyens-a-la-gestion-des-assemblees-elues-programme\/#respond"]}]},{"@type":"WebPage","@id":"https:\/\/www.info-algerie.com\/actualites\/elections-locales-le-fna-compte-associer-les-citoyens-a-la-gestion-des-assemblees-elues-programme\/","url":"https:\/\/www.info-algerie.com\/actualites\/elections-locales-le-fna-compte-associer-les-citoyens-a-la-gestion-des-assemblees-elues-programme\/","name":"Elections locales: le FNA compte associer les citoyens \u00e0 la gestion des assembl\u00e9es \u00e9lues (programme) - info algerie","isPartOf":{"@id":"https:\/\/www.info-algerie.com\/actualites\/#website"},"datePublished":"2017-10-29T12:12:03+00:00","breadcrumb":{"@id":"https:\/\/www.info-algerie.com\/actualites\/elections-locales-le-fna-compte-associer-les-citoyens-a-la-gestion-des-assemblees-elues-programme\/#breadcrumb"},"inLanguage":"fr-FR","potentialAction":[{"@type":"ReadAction","target":["https:\/\/www.info-algerie.com\/actualites\/elections-locales-le-fna-compte-associer-les-citoyens-a-la-gestion-des-assemblees-elues-programme\/"]}]},{"@type":"BreadcrumbList","@id":"https:\/\/www.info-algerie.com\/actualites\/elections-locales-le-fna-compte-associer-les-citoyens-a-la-gestion-des-assemblees-elues-programme\/#breadcrumb","itemListElement":[{"@type":"ListItem","position":1,"name":"Accueil","item":"https:\/\/www.info-algerie.com\/actualites\/"},{"@type":"ListItem","position":2,"name":"Elections locales: le FNA compte associer les citoyens \u00e0 la gestion des assembl\u00e9es \u00e9lues (programme)"}]},{"@type":"WebSite","@id":"https:\/\/www.info-algerie.com\/actualites\/#website","url":"https:\/\/www.info-algerie.com\/actualites\/","name":"info algerie","description":"Toutes les actualit\u00e9s","publisher":{"@id":"https:\/\/www.info-algerie.com\/actualites\/#organization"},"potentialAction":[{"@type":"SearchAction","target":{"@type":"EntryPoint","urlTemplate":"https:\/\/www.info-algerie.com\/actualites\/?s={search_term_string}"},"query-input":{"@type":"PropertyValueSpecification","valueRequired":true,"valueName":"search_term_string"}}],"inLanguage":"fr-FR"},{"@type":"Organization","@id":"https:\/\/www.info-algerie.com\/actualites\/#organization","name":"info algerie","url":"https:\/\/www.info-algerie.com\/actualites\/","logo":{"@type":"ImageObject","inLanguage":"fr-FR","@id":"https:\/\/www.info-algerie.com\/actualites\/#\/schema\/logo\/image\/","url":"https:\/\/www.info-algerie.com\/actualites\/wp-content\/uploads\/2022\/07\/logo-ia-120.png","contentUrl":"https:\/\/www.info-algerie.com\/actualites\/wp-content\/uploads\/2022\/07\/logo-ia-120.png","width":120,"height":43,"caption":"info algerie"},"image":{"@id":"https:\/\/www.info-algerie.com\/actualites\/#\/schema\/logo\/image\/"},"sameAs":["https:\/\/www.facebook.com\/infoalgerieactu","https:\/\/x.com\/infoalgerie1"]},{"@type":"Person","@id":"https:\/\/www.info-algerie.com\/actualites\/#\/schema\/person\/847aaec44920825b843a08f30ec6aa1e","name":"La r\u00e9daction","image":{"@type":"ImageObject","inLanguage":"fr-FR","@id":"https:\/\/secure.gravatar.com\/avatar\/769db425c6f465158149f1ffd6cf61ce7a8a879d11dfbef8288af36dfddd418c?s=96&d=mm&r=g","url":"https:\/\/secure.gravatar.com\/avatar\/769db425c6f465158149f1ffd6cf61ce7a8a879d11dfbef8288af36dfddd418c?s=96&d=mm&r=g","contentUrl":"https:\/\/secure.gravatar.com\/avatar\/769db425c6f465158149f1ffd6cf61ce7a8a879d11dfbef8288af36dfddd418c?s=96&d=mm&r=g","caption":"La r\u00e9daction"},"sameAs":["http:\/\/www.lkeria.com\/"],"url":"https:\/\/www.info-algerie.com\/actualites\/author\/chakib32\/"}]}},"_links":{"self":[{"href":"https:\/\/www.info-algerie.com\/actualites\/wp-json\/wp\/v2\/posts\/17379","targetHints":{"allow":["GET"]}}],"collection":[{"href":"https:\/\/www.info-algerie.com\/actualites\/wp-json\/wp\/v2\/posts"}],"about":[{"href":"https:\/\/www.info-algerie.com\/actualites\/wp-json\/wp\/v2\/types\/post"}],"author":[{"embeddable":true,"href":"https:\/\/www.info-algerie.com\/actualites\/wp-json\/wp\/v2\/users\/6"}],"replies":[{"embeddable":true,"href":"https:\/\/www.info-algerie.com\/actualites\/wp-json\/wp\/v2\/comments?post=17379"}],"version-history":[{"count":0,"href":"https:\/\/www.info-algerie.com\/actualites\/wp-json\/wp\/v2\/posts\/17379\/revisions"}],"wp:attachment":[{"href":"https:\/\/www.info-algerie.com\/actualites\/wp-json\/wp\/v2\/media?parent=17379"}],"wp:term":[{"taxonomy":"category","embeddable":true,"href":"https:\/\/www.info-algerie.com\/actualites\/wp-json\/wp\/v2\/categories?post=17379"},{"taxonomy":"post_tag","embeddable":true,"href":"https:\/\/www.info-algerie.com\/actualites\/wp-json\/wp\/v2\/tags?post=17379"}],"curies":[{"name":"wp","href":"https:\/\/api.w.org\/{rel}","templated":true}]}}