{"id":17384,"date":"2017-10-29T18:19:05","date_gmt":"2017-10-29T17:19:05","guid":{"rendered":"http:\/\/www.info-algerie.com\/actualites\/benghabrit-prendra-part-a-la-39eme-session-de-la-conference-generale-de-lunesco\/"},"modified":"2017-10-29T18:19:05","modified_gmt":"2017-10-29T17:19:05","slug":"benghabrit-prendra-part-a-la-39eme-session-de-la-conference-generale-de-lunesco","status":"publish","type":"post","link":"https:\/\/www.info-algerie.com\/actualites\/benghabrit-prendra-part-a-la-39eme-session-de-la-conference-generale-de-lunesco\/","title":{"rendered":"Benghabrit prendra part \u00e0 la 39\u00e8me session de la conf\u00e9rence g\u00e9n\u00e9rale de l&#039;UNESCO"},"content":{"rendered":"<div class=\"K2FeedIntroText\">\n<p>ALGER- La ministre de l&rsquo;Education nationale Nouria Benghabrit, en sa qualit\u00e9 de chef de la d\u00e9l\u00e9gation alg\u00e9rienne, pr\u00e9sidente de la commission nationale pour l&rsquo;Education, la science et la culture (UNESCO) prendra part demain lundi aux travaux de la 39\u00e8me session de la conf\u00e9rence g\u00e9n\u00e9rale de l&rsquo;UNESCO, pr\u00e9vue du 30 octobre au 14 novembre 2017 au si\u00e8ge de l&rsquo;organisation \u00e0 Paris (France), indique un communiqu\u00e9 du minist\u00e8re.<\/p>\n<p>&#013;\n<\/p><\/div>\n<div class=\"K2FeedFullText\">&#013;<\/p>\n<p>Mme Benghabrit interviendra le 1er novembre \u00e0 l&rsquo;occasion du Forum des dirigeants et du d\u00e9bat de politique g\u00e9n\u00e9rale et participera \u00e0 la r\u00e9union de haut niveau sur le th\u00e8me \u00ab\u00a0Renforcement des responsabilit\u00e9s dans la mise en oeuvre de l&rsquo;Objectif de d\u00e9veloppement durable num\u00e9ro 4 (ODD4) Education 2030\u00a0\u00bb, ainsi qu&rsquo;\u00e0 la table-ronde sur le th\u00e8me\u00a0 \u00ab\u00a0La responsabilit\u00e9 et la recevabilit\u00e9 : diversit\u00e9 des approches\u00a0\u00bb, ajoute la m\u00eame source.<\/p>\n<p>&#013;<\/p>\n<p>En plus de sa rencontre avec la directrice g\u00e9n\u00e9rale de l&rsquo;UNESCO, Irina Bokova, elle rencontrera ses homologues et visitera aussi l&rsquo;Ecole alg\u00e9rienne internationale \u00e0 Paris.<\/p>\n<p>&#013;<\/p>\n<p>Par ailleurs, les commissions Education, Sciences naturelles et exactes, Sciences humaines et sociales, Culture, Communication et information, se r\u00e9uniront durant la m\u00eame p\u00e9riode ajoute le communiqu\u00e9 du minist\u00e8re.<\/p>\n<\/div>\n<p>&#013;<br \/>\nSource: <a href=\"http:\/\/www.aps.dz\/algerie\/64652-benghabrit-prendra-part-a-la-39eme-session-de-la-conference-generale-de-l-unesco\" target=\"_blank\">Benghabrit prendra part \u00e0 la 39\u00e8me session de la conf\u00e9rence g\u00e9n\u00e9rale de l&rsquo;UNESCO<\/a><\/p>\n<!--CusAds0-->\n<div style=\"font-size: 0px; height: 0px; line-height: 0px; margin: 0; padding: 0; clear: both;\"><\/div>","protected":false},"excerpt":{"rendered":"<p>ALGER- La ministre de l&rsquo;Education nationale Nouria Benghabrit, en sa qualit\u00e9 de chef de la d\u00e9l\u00e9gation alg\u00e9rienne, pr\u00e9sidente de la commission nationale pour l&rsquo;Education, la science et la culture (UNESCO) prendra part demain lundi aux travaux de la 39\u00e8me session de la conf\u00e9rence g\u00e9n\u00e9rale de l&rsquo;UNESCO, pr\u00e9vue du 30 octobre au 14 novembre 2017 au<\/p>\n","protected":false},"author":6,"featured_media":0,"comment_status":"open","ping_status":"open","sticky":false,"template":"","format":"standard","meta":{"footnotes":""},"categories":[22],"tags":[93],"class_list":["post-17384","post","type-post","status-publish","format-standard","hentry","category-infos","tag-onu"],"yoast_head":"<!-- This site is optimized with the Yoast SEO plugin v27.5 - https:\/\/yoast.com\/product\/yoast-seo-wordpress\/ -->\n<title>Benghabrit prendra part \u00e0 la 39\u00e8me session de la conf\u00e9rence g\u00e9n\u00e9rale de l&#039;UNESCO - info algerie<\/title>\n<meta name=\"robots\" content=\"index, follow, max-snippet:-1, max-image-preview:large, max-video-preview:-1\" \/>\n<link rel=\"canonical\" href=\"https:\/\/www.info-algerie.com\/actualites\/benghabrit-prendra-part-a-la-39eme-session-de-la-conference-generale-de-lunesco\/\" \/>\n<meta property=\"og:locale\" content=\"fr_FR\" \/>\n<meta property=\"og:type\" content=\"article\" \/>\n<meta property=\"og:title\" content=\"Benghabrit prendra part \u00e0 la 39\u00e8me session de la conf\u00e9rence g\u00e9n\u00e9rale de l&#039;UNESCO - info algerie\" \/>\n<meta property=\"og:description\" content=\"ALGER- La ministre de l&rsquo;Education nationale Nouria Benghabrit, en sa qualit\u00e9 de chef de la d\u00e9l\u00e9gation alg\u00e9rienne, pr\u00e9sidente de la commission nationale pour l&rsquo;Education, la science et la culture (UNESCO) prendra part demain lundi aux travaux de la 39\u00e8me session de la conf\u00e9rence g\u00e9n\u00e9rale de l&rsquo;UNESCO, pr\u00e9vue du 30 octobre au 14 novembre 2017 au\" \/>\n<meta property=\"og:url\" content=\"https:\/\/www.info-algerie.com\/actualites\/benghabrit-prendra-part-a-la-39eme-session-de-la-conference-generale-de-lunesco\/\" \/>\n<meta property=\"og:site_name\" content=\"info algerie\" \/>\n<meta property=\"article:publisher\" content=\"https:\/\/www.facebook.com\/infoalgerieactu\" \/>\n<meta property=\"article:published_time\" content=\"2017-10-29T17:19:05+00:00\" \/>\n<meta name=\"author\" content=\"La r\u00e9daction\" \/>\n<meta name=\"twitter:label1\" content=\"\u00c9crit par\" \/>\n\t<meta name=\"twitter:data1\" content=\"La r\u00e9daction\" \/>\n\t<meta name=\"twitter:label2\" content=\"Dur\u00e9e de lecture estim\u00e9e\" \/>\n\t<meta name=\"twitter:data2\" content=\"1 minute\" \/>\n<script type=\"application\/ld+json\" class=\"yoast-schema-graph\">{\"@context\":\"https:\\\/\\\/schema.org\",\"@graph\":[{\"@type\":\"Article\",\"@id\":\"https:\\\/\\\/www.info-algerie.com\\\/actualites\\\/benghabrit-prendra-part-a-la-39eme-session-de-la-conference-generale-de-lunesco\\\/#article\",\"isPartOf\":{\"@id\":\"https:\\\/\\\/www.info-algerie.com\\\/actualites\\\/benghabrit-prendra-part-a-la-39eme-session-de-la-conference-generale-de-lunesco\\\/\"},\"author\":{\"name\":\"La r\u00e9daction\",\"@id\":\"https:\\\/\\\/www.info-algerie.com\\\/actualites\\\/#\\\/schema\\\/person\\\/847aaec44920825b843a08f30ec6aa1e\"},\"headline\":\"Benghabrit prendra part \u00e0 la 39\u00e8me session de la conf\u00e9rence g\u00e9n\u00e9rale de l&#039;UNESCO\",\"datePublished\":\"2017-10-29T17:19:05+00:00\",\"mainEntityOfPage\":{\"@id\":\"https:\\\/\\\/www.info-algerie.com\\\/actualites\\\/benghabrit-prendra-part-a-la-39eme-session-de-la-conference-generale-de-lunesco\\\/\"},\"wordCount\":244,\"commentCount\":0,\"publisher\":{\"@id\":\"https:\\\/\\\/www.info-algerie.com\\\/actualites\\\/#organization\"},\"keywords\":[\"ONU\"],\"articleSection\":[\"infos\"],\"inLanguage\":\"fr-FR\",\"potentialAction\":[{\"@type\":\"CommentAction\",\"name\":\"Comment\",\"target\":[\"https:\\\/\\\/www.info-algerie.com\\\/actualites\\\/benghabrit-prendra-part-a-la-39eme-session-de-la-conference-generale-de-lunesco\\\/#respond\"]}]},{\"@type\":\"WebPage\",\"@id\":\"https:\\\/\\\/www.info-algerie.com\\\/actualites\\\/benghabrit-prendra-part-a-la-39eme-session-de-la-conference-generale-de-lunesco\\\/\",\"url\":\"https:\\\/\\\/www.info-algerie.com\\\/actualites\\\/benghabrit-prendra-part-a-la-39eme-session-de-la-conference-generale-de-lunesco\\\/\",\"name\":\"Benghabrit prendra part \u00e0 la 39\u00e8me session de la conf\u00e9rence g\u00e9n\u00e9rale de l&#039;UNESCO - info algerie\",\"isPartOf\":{\"@id\":\"https:\\\/\\\/www.info-algerie.com\\\/actualites\\\/#website\"},\"datePublished\":\"2017-10-29T17:19:05+00:00\",\"breadcrumb\":{\"@id\":\"https:\\\/\\\/www.info-algerie.com\\\/actualites\\\/benghabrit-prendra-part-a-la-39eme-session-de-la-conference-generale-de-lunesco\\\/#breadcrumb\"},\"inLanguage\":\"fr-FR\",\"potentialAction\":[{\"@type\":\"ReadAction\",\"target\":[\"https:\\\/\\\/www.info-algerie.com\\\/actualites\\\/benghabrit-prendra-part-a-la-39eme-session-de-la-conference-generale-de-lunesco\\\/\"]}]},{\"@type\":\"BreadcrumbList\",\"@id\":\"https:\\\/\\\/www.info-algerie.com\\\/actualites\\\/benghabrit-prendra-part-a-la-39eme-session-de-la-conference-generale-de-lunesco\\\/#breadcrumb\",\"itemListElement\":[{\"@type\":\"ListItem\",\"position\":1,\"name\":\"Accueil\",\"item\":\"https:\\\/\\\/www.info-algerie.com\\\/actualites\\\/\"},{\"@type\":\"ListItem\",\"position\":2,\"name\":\"Benghabrit prendra part \u00e0 la 39\u00e8me session de la conf\u00e9rence g\u00e9n\u00e9rale de l&#039;UNESCO\"}]},{\"@type\":\"WebSite\",\"@id\":\"https:\\\/\\\/www.info-algerie.com\\\/actualites\\\/#website\",\"url\":\"https:\\\/\\\/www.info-algerie.com\\\/actualites\\\/\",\"name\":\"info algerie\",\"description\":\"Toutes les actualit\u00e9s\",\"publisher\":{\"@id\":\"https:\\\/\\\/www.info-algerie.com\\\/actualites\\\/#organization\"},\"potentialAction\":[{\"@type\":\"SearchAction\",\"target\":{\"@type\":\"EntryPoint\",\"urlTemplate\":\"https:\\\/\\\/www.info-algerie.com\\\/actualites\\\/?s={search_term_string}\"},\"query-input\":{\"@type\":\"PropertyValueSpecification\",\"valueRequired\":true,\"valueName\":\"search_term_string\"}}],\"inLanguage\":\"fr-FR\"},{\"@type\":\"Organization\",\"@id\":\"https:\\\/\\\/www.info-algerie.com\\\/actualites\\\/#organization\",\"name\":\"info algerie\",\"url\":\"https:\\\/\\\/www.info-algerie.com\\\/actualites\\\/\",\"logo\":{\"@type\":\"ImageObject\",\"inLanguage\":\"fr-FR\",\"@id\":\"https:\\\/\\\/www.info-algerie.com\\\/actualites\\\/#\\\/schema\\\/logo\\\/image\\\/\",\"url\":\"https:\\\/\\\/www.info-algerie.com\\\/actualites\\\/wp-content\\\/uploads\\\/2022\\\/07\\\/logo-ia-120.png\",\"contentUrl\":\"https:\\\/\\\/www.info-algerie.com\\\/actualites\\\/wp-content\\\/uploads\\\/2022\\\/07\\\/logo-ia-120.png\",\"width\":120,\"height\":43,\"caption\":\"info algerie\"},\"image\":{\"@id\":\"https:\\\/\\\/www.info-algerie.com\\\/actualites\\\/#\\\/schema\\\/logo\\\/image\\\/\"},\"sameAs\":[\"https:\\\/\\\/www.facebook.com\\\/infoalgerieactu\",\"https:\\\/\\\/x.com\\\/infoalgerie1\"]},{\"@type\":\"Person\",\"@id\":\"https:\\\/\\\/www.info-algerie.com\\\/actualites\\\/#\\\/schema\\\/person\\\/847aaec44920825b843a08f30ec6aa1e\",\"name\":\"La r\u00e9daction\",\"image\":{\"@type\":\"ImageObject\",\"inLanguage\":\"fr-FR\",\"@id\":\"https:\\\/\\\/secure.gravatar.com\\\/avatar\\\/769db425c6f465158149f1ffd6cf61ce7a8a879d11dfbef8288af36dfddd418c?s=96&d=mm&r=g\",\"url\":\"https:\\\/\\\/secure.gravatar.com\\\/avatar\\\/769db425c6f465158149f1ffd6cf61ce7a8a879d11dfbef8288af36dfddd418c?s=96&d=mm&r=g\",\"contentUrl\":\"https:\\\/\\\/secure.gravatar.com\\\/avatar\\\/769db425c6f465158149f1ffd6cf61ce7a8a879d11dfbef8288af36dfddd418c?s=96&d=mm&r=g\",\"caption\":\"La r\u00e9daction\"},\"sameAs\":[\"http:\\\/\\\/www.lkeria.com\\\/\"],\"url\":\"https:\\\/\\\/www.info-algerie.com\\\/actualites\\\/author\\\/chakib32\\\/\"}]}<\/script>\n<!-- \/ Yoast SEO plugin. -->","yoast_head_json":{"title":"Benghabrit prendra part \u00e0 la 39\u00e8me session de la conf\u00e9rence g\u00e9n\u00e9rale de l&#039;UNESCO - info algerie","robots":{"index":"index","follow":"follow","max-snippet":"max-snippet:-1","max-image-preview":"max-image-preview:large","max-video-preview":"max-video-preview:-1"},"canonical":"https:\/\/www.info-algerie.com\/actualites\/benghabrit-prendra-part-a-la-39eme-session-de-la-conference-generale-de-lunesco\/","og_locale":"fr_FR","og_type":"article","og_title":"Benghabrit prendra part \u00e0 la 39\u00e8me session de la conf\u00e9rence g\u00e9n\u00e9rale de l&#039;UNESCO - info algerie","og_description":"ALGER- La ministre de l&rsquo;Education nationale Nouria Benghabrit, en sa qualit\u00e9 de chef de la d\u00e9l\u00e9gation alg\u00e9rienne, pr\u00e9sidente de la commission nationale pour l&rsquo;Education, la science et la culture (UNESCO) prendra part demain lundi aux travaux de la 39\u00e8me session de la conf\u00e9rence g\u00e9n\u00e9rale de l&rsquo;UNESCO, pr\u00e9vue du 30 octobre au 14 novembre 2017 au","og_url":"https:\/\/www.info-algerie.com\/actualites\/benghabrit-prendra-part-a-la-39eme-session-de-la-conference-generale-de-lunesco\/","og_site_name":"info algerie","article_publisher":"https:\/\/www.facebook.com\/infoalgerieactu","article_published_time":"2017-10-29T17:19:05+00:00","author":"La r\u00e9daction","twitter_misc":{"\u00c9crit par":"La r\u00e9daction","Dur\u00e9e de lecture estim\u00e9e":"1 minute"},"schema":{"@context":"https:\/\/schema.org","@graph":[{"@type":"Article","@id":"https:\/\/www.info-algerie.com\/actualites\/benghabrit-prendra-part-a-la-39eme-session-de-la-conference-generale-de-lunesco\/#article","isPartOf":{"@id":"https:\/\/www.info-algerie.com\/actualites\/benghabrit-prendra-part-a-la-39eme-session-de-la-conference-generale-de-lunesco\/"},"author":{"name":"La r\u00e9daction","@id":"https:\/\/www.info-algerie.com\/actualites\/#\/schema\/person\/847aaec44920825b843a08f30ec6aa1e"},"headline":"Benghabrit prendra part \u00e0 la 39\u00e8me session de la conf\u00e9rence g\u00e9n\u00e9rale de l&#039;UNESCO","datePublished":"2017-10-29T17:19:05+00:00","mainEntityOfPage":{"@id":"https:\/\/www.info-algerie.com\/actualites\/benghabrit-prendra-part-a-la-39eme-session-de-la-conference-generale-de-lunesco\/"},"wordCount":244,"commentCount":0,"publisher":{"@id":"https:\/\/www.info-algerie.com\/actualites\/#organization"},"keywords":["ONU"],"articleSection":["infos"],"inLanguage":"fr-FR","potentialAction":[{"@type":"CommentAction","name":"Comment","target":["https:\/\/www.info-algerie.com\/actualites\/benghabrit-prendra-part-a-la-39eme-session-de-la-conference-generale-de-lunesco\/#respond"]}]},{"@type":"WebPage","@id":"https:\/\/www.info-algerie.com\/actualites\/benghabrit-prendra-part-a-la-39eme-session-de-la-conference-generale-de-lunesco\/","url":"https:\/\/www.info-algerie.com\/actualites\/benghabrit-prendra-part-a-la-39eme-session-de-la-conference-generale-de-lunesco\/","name":"Benghabrit prendra part \u00e0 la 39\u00e8me session de la conf\u00e9rence g\u00e9n\u00e9rale de l&#039;UNESCO - info algerie","isPartOf":{"@id":"https:\/\/www.info-algerie.com\/actualites\/#website"},"datePublished":"2017-10-29T17:19:05+00:00","breadcrumb":{"@id":"https:\/\/www.info-algerie.com\/actualites\/benghabrit-prendra-part-a-la-39eme-session-de-la-conference-generale-de-lunesco\/#breadcrumb"},"inLanguage":"fr-FR","potentialAction":[{"@type":"ReadAction","target":["https:\/\/www.info-algerie.com\/actualites\/benghabrit-prendra-part-a-la-39eme-session-de-la-conference-generale-de-lunesco\/"]}]},{"@type":"BreadcrumbList","@id":"https:\/\/www.info-algerie.com\/actualites\/benghabrit-prendra-part-a-la-39eme-session-de-la-conference-generale-de-lunesco\/#breadcrumb","itemListElement":[{"@type":"ListItem","position":1,"name":"Accueil","item":"https:\/\/www.info-algerie.com\/actualites\/"},{"@type":"ListItem","position":2,"name":"Benghabrit prendra part \u00e0 la 39\u00e8me session de la conf\u00e9rence g\u00e9n\u00e9rale de l&#039;UNESCO"}]},{"@type":"WebSite","@id":"https:\/\/www.info-algerie.com\/actualites\/#website","url":"https:\/\/www.info-algerie.com\/actualites\/","name":"info algerie","description":"Toutes les actualit\u00e9s","publisher":{"@id":"https:\/\/www.info-algerie.com\/actualites\/#organization"},"potentialAction":[{"@type":"SearchAction","target":{"@type":"EntryPoint","urlTemplate":"https:\/\/www.info-algerie.com\/actualites\/?s={search_term_string}"},"query-input":{"@type":"PropertyValueSpecification","valueRequired":true,"valueName":"search_term_string"}}],"inLanguage":"fr-FR"},{"@type":"Organization","@id":"https:\/\/www.info-algerie.com\/actualites\/#organization","name":"info algerie","url":"https:\/\/www.info-algerie.com\/actualites\/","logo":{"@type":"ImageObject","inLanguage":"fr-FR","@id":"https:\/\/www.info-algerie.com\/actualites\/#\/schema\/logo\/image\/","url":"https:\/\/www.info-algerie.com\/actualites\/wp-content\/uploads\/2022\/07\/logo-ia-120.png","contentUrl":"https:\/\/www.info-algerie.com\/actualites\/wp-content\/uploads\/2022\/07\/logo-ia-120.png","width":120,"height":43,"caption":"info algerie"},"image":{"@id":"https:\/\/www.info-algerie.com\/actualites\/#\/schema\/logo\/image\/"},"sameAs":["https:\/\/www.facebook.com\/infoalgerieactu","https:\/\/x.com\/infoalgerie1"]},{"@type":"Person","@id":"https:\/\/www.info-algerie.com\/actualites\/#\/schema\/person\/847aaec44920825b843a08f30ec6aa1e","name":"La r\u00e9daction","image":{"@type":"ImageObject","inLanguage":"fr-FR","@id":"https:\/\/secure.gravatar.com\/avatar\/769db425c6f465158149f1ffd6cf61ce7a8a879d11dfbef8288af36dfddd418c?s=96&d=mm&r=g","url":"https:\/\/secure.gravatar.com\/avatar\/769db425c6f465158149f1ffd6cf61ce7a8a879d11dfbef8288af36dfddd418c?s=96&d=mm&r=g","contentUrl":"https:\/\/secure.gravatar.com\/avatar\/769db425c6f465158149f1ffd6cf61ce7a8a879d11dfbef8288af36dfddd418c?s=96&d=mm&r=g","caption":"La r\u00e9daction"},"sameAs":["http:\/\/www.lkeria.com\/"],"url":"https:\/\/www.info-algerie.com\/actualites\/author\/chakib32\/"}]}},"_links":{"self":[{"href":"https:\/\/www.info-algerie.com\/actualites\/wp-json\/wp\/v2\/posts\/17384","targetHints":{"allow":["GET"]}}],"collection":[{"href":"https:\/\/www.info-algerie.com\/actualites\/wp-json\/wp\/v2\/posts"}],"about":[{"href":"https:\/\/www.info-algerie.com\/actualites\/wp-json\/wp\/v2\/types\/post"}],"author":[{"embeddable":true,"href":"https:\/\/www.info-algerie.com\/actualites\/wp-json\/wp\/v2\/users\/6"}],"replies":[{"embeddable":true,"href":"https:\/\/www.info-algerie.com\/actualites\/wp-json\/wp\/v2\/comments?post=17384"}],"version-history":[{"count":0,"href":"https:\/\/www.info-algerie.com\/actualites\/wp-json\/wp\/v2\/posts\/17384\/revisions"}],"wp:attachment":[{"href":"https:\/\/www.info-algerie.com\/actualites\/wp-json\/wp\/v2\/media?parent=17384"}],"wp:term":[{"taxonomy":"category","embeddable":true,"href":"https:\/\/www.info-algerie.com\/actualites\/wp-json\/wp\/v2\/categories?post=17384"},{"taxonomy":"post_tag","embeddable":true,"href":"https:\/\/www.info-algerie.com\/actualites\/wp-json\/wp\/v2\/tags?post=17384"}],"curies":[{"name":"wp","href":"https:\/\/api.w.org\/{rel}","templated":true}]}}