{"id":17390,"date":"2017-10-29T18:57:18","date_gmt":"2017-10-29T17:57:18","guid":{"rendered":"http:\/\/www.info-algerie.com\/actualites\/le-premier-tome-du-corpus-dauteurs-algeriens-fin-pret\/"},"modified":"2017-10-29T18:57:18","modified_gmt":"2017-10-29T17:57:18","slug":"le-premier-tome-du-corpus-dauteurs-algeriens-fin-pret","status":"publish","type":"post","link":"https:\/\/www.info-algerie.com\/actualites\/le-premier-tome-du-corpus-dauteurs-algeriens-fin-pret\/","title":{"rendered":"Le premier tome du corpus d&#039;auteurs alg\u00e9riens &quot;fin pr\u00eat&quot;"},"content":{"rendered":"<div class=\"K2FeedImage\"><img decoding=\"async\" src=\"https:\/\/www.info-algerie.com\/actualites\/wp-content\/uploads\/2017\/10\/ded77ea26294b21947d6ef4ba99ea8fb_S.jpg\" \/><\/div>\n<div class=\"K2FeedIntroText\">\n<p>ALGER- Le premier tome du corpus d&rsquo;oeuvres litt\u00e9raires alg\u00e9riennes servant de socle aux programmes scolaires dans les trois langues (arabe, fran\u00e7ais et Tamazight\u00a0\u00bb \u00e9tait \u00ab\u00a0fin pr\u00eat\u00a0\u00bb, a affirm\u00e9 dimanche \u00e0 Alger la ministre de l&rsquo;Education nationale, Nouria Benghabrit.<\/p>\n<p>&#013;\n<\/p><\/div>\n<div class=\"K2FeedFullText\">&#013;<\/p>\n<p>Lors d&rsquo;une conf\u00e9rence sur \u00ab\u00a0Le livre et l&rsquo;\u00e9cole\u00a0\u00bb, en marge de la 22 \u00e9dition du Salon international du livre (SILA), Mme Benghabrit a indiqu\u00e9 que \u00ab\u00a0le minist\u00e8re de l&rsquo;Education, en coordination avec le minist\u00e8re de la Culture, a mis \u00e0 la disposition des auteurs de manuels scolaires des extraits\u00a0d&rsquo;oeuvres litt\u00e9raires choisies \u00ab\u00a0collectivement\u00a0\u00bb sur la base des th\u00e8mes trait\u00e9s dans les programmes officiels pour les trois langues (arabe, fran\u00e7ais et tamazight).<\/p>\n<p>&#013;<\/p>\n<blockquote><p>&#013;<\/p>\n<p><em><strong>La parution du premier tome du corpus d&rsquo;auteurs alg\u00e9riens est le couronnement de l&rsquo;effort collectif des inspecteurs qui ont s\u00e9lectionn\u00e9 les textes litt\u00e9raires en axant sur les valeurs alg\u00e9riennes en termes de lieux, d&rsquo;histoire, de langues et de culture, a pr\u00e9cis\u00e9 la ministre, ajoutant que ces extraits retra\u00e7aient les \u00e9tapes historiques de l&rsquo;Alg\u00e9rie en vue d&rsquo;atteindre les objectifs didactiques d\u00e9termin\u00e9s dans les programmes officiels et de faire connaitre et valoriser, a-t-elle ajout\u00e9 \u00ab\u00a0le produit\u00a0litt\u00e9raire alg\u00e9rien\u00a0\u00bb .<\/strong><\/em><\/p>\n<p>&#013;\n<\/p><\/blockquote>\n<p>&#013;<\/p>\n<p>La premi\u00e8re responsable du secteur a annonc\u00e9 la publication pr\u00e9vue de six collections scolaires dans les trois langues destin\u00e9s aux \u00e9l\u00e8ves de l&rsquo;enseignement obligatoire et du cycle secondaire.<\/p>\n<p>&#013;<\/p>\n<p>Ces collections sont un support p\u00e9dagogique pour les activit\u00e9s linguistiques aussi bien \u00e9crites qu&rsquo;orales et constituent \u00e9galement un outil de formation pour les enseignants en termes de techniques modernes de lecture et de compr\u00e9hension de textes en fonction de l&rsquo;\u00e2ge de l&rsquo;\u00e9l\u00e8ve et de\u00a0\u00a0son niveau, a expliqu\u00e9 la ministre.<\/p>\n<p>&#013;<\/p>\n<hr \/>\n<p><a href=\"http:\/\/www.aps.dz\/culture\/64662-22e-sila-le-choix-d-extraits-litteraires-de-qualite-dans-livre-pour-eleves\">Lire aussi: Sila: le choix d&rsquo;extraits litt\u00e9raires \u00ab\u00a0de qualit\u00e9\u00a0\u00bb dans le livre pour \u00e9l\u00e8ves<\/a><\/p>\n<p>&#013;<\/p>\n<hr \/>\n<p>Pour la ministre, il s&rsquo;agit l\u00e0 d&rsquo;une image de la diversit\u00e9 de l&rsquo;expression linguistique de l&rsquo;\u00e9l\u00e8ve dans son quotidien et des hommes de lettres alg\u00e9riens multilingues, ajoutant qu&rsquo;elle autorise l&rsquo;exploitation des\u00a0\u00a0ouvrages traduits d&rsquo;une langue \u00e0 une autre.<\/p>\n<p>&#013;<\/p>\n<blockquote><p>&#013;<\/p>\n<p><em><strong>L&rsquo;\u00e9laboration de corpus couvrant toutes les oeuvres litt\u00e9raires alg\u00e9riennes est une mission quasi-impossible, a estim\u00e9 Mme. Benghabrit, soulignant que c&rsquo;est \u00ab\u00a0un premier pas vers d&rsquo;autres contributions plus riches\u00a0\u00bb. <\/strong><\/em><\/p>\n<p>&#013;\n<\/p><\/blockquote>\n<p>&#013;<\/p>\n<p>La ministre \u00e0 fait savoir, dans ce sens, que ces corpus seront utilis\u00e9s d&rsquo;abord au niveau des \u00e9tablissements scolaires \u00e0 travers leur mise \u00e0 la disposition des professionnels de la conception des manuels scolaires, ajoutant que leur vente publique sera assur\u00e9e par l&rsquo;Office national des\u00a0\u00a0publications scolaires et les b\u00e9n\u00e9fices iront au profit des biblioth\u00e8ques scolaires.<\/p>\n<p>&#013;<\/p>\n<p>La ministre a annonc\u00e9 un concours national d&rsquo;\u00e9criture cr\u00e9ative sous le th\u00e8me \u00ab\u00a0Plumes de mon pays\u00a0\u00bb au profit des \u00e9l\u00e8ves des trois cycles d&rsquo;enseignement notamment avec la visite attendue de 43.000 \u00e9l\u00e8ves au SILA.\u00a0<\/p>\n<p>&#013;<\/p>\n<p>De son c\u00f4t\u00e9, l&rsquo;inspecteur de l&rsquo;\u00e9ducation, Mohamed Daifallah, a indiqu\u00e9 que le r\u00e8glement int\u00e9rieur du concours, en termes de sujets et du prix, sera annonc\u00e9 \u00e0 la mi-novembre prochain. Sur un autre registre et concernant le remplacement des enseignants, directeurs et fonctionnaires, candidats aux \u00e9lections locales, Mme.\u00a0Benghabrit a fait \u00e9tat de trois solutions: soit r\u00e9partir les \u00e9l\u00e8ves sur d&rsquo;autres classes, soit fixer des heures additives aux enseignants des mati\u00e8res concern\u00e9es ou recourir carr\u00e9ment \u00e0 la substitution.\u00a0<\/p>\n<\/div>\n<p>&#013;<br \/>\nSource: <a href=\"http:\/\/www.aps.dz\/algerie\/64669-le-premier-tome-du-corpus-d-auteurs-algeriens-fin-pret\" target=\"_blank\">Le premier tome du corpus d&rsquo;auteurs alg\u00e9riens \u00ab\u00a0fin pr\u00eat\u00a0\u00bb<\/a><\/p>\n<!--CusAds0-->\n<div style=\"font-size: 0px; height: 0px; line-height: 0px; margin: 0; padding: 0; clear: both;\"><\/div>","protected":false},"excerpt":{"rendered":"<p>ALGER- Le premier tome du corpus d&rsquo;oeuvres litt\u00e9raires alg\u00e9riennes servant de socle aux programmes scolaires dans les trois langues (arabe, fran\u00e7ais et Tamazight\u00a0\u00bb \u00e9tait \u00ab\u00a0fin pr\u00eat\u00a0\u00bb, a affirm\u00e9 dimanche \u00e0 Alger la ministre de l&rsquo;Education nationale, Nouria Benghabrit. &#013; &#013; Lors d&rsquo;une conf\u00e9rence sur \u00ab\u00a0Le livre et l&rsquo;\u00e9cole\u00a0\u00bb, en marge de la 22 \u00e9dition du<\/p>\n","protected":false},"author":6,"featured_media":17391,"comment_status":"open","ping_status":"open","sticky":false,"template":"","format":"standard","meta":{"footnotes":""},"categories":[22],"tags":[93],"class_list":["post-17390","post","type-post","status-publish","format-standard","has-post-thumbnail","hentry","category-infos","tag-onu"],"yoast_head":"<!-- This site is optimized with the Yoast SEO plugin v27.5 - https:\/\/yoast.com\/product\/yoast-seo-wordpress\/ -->\n<title>Le premier tome du corpus d&#039;auteurs alg\u00e9riens &quot;fin pr\u00eat&quot; - info algerie<\/title>\n<meta name=\"robots\" content=\"index, follow, max-snippet:-1, max-image-preview:large, max-video-preview:-1\" \/>\n<link rel=\"canonical\" href=\"https:\/\/www.info-algerie.com\/actualites\/le-premier-tome-du-corpus-dauteurs-algeriens-fin-pret\/\" \/>\n<meta property=\"og:locale\" content=\"fr_FR\" \/>\n<meta property=\"og:type\" content=\"article\" \/>\n<meta property=\"og:title\" content=\"Le premier tome du corpus d&#039;auteurs alg\u00e9riens &quot;fin pr\u00eat&quot; - info algerie\" \/>\n<meta property=\"og:description\" content=\"ALGER- Le premier tome du corpus d&rsquo;oeuvres litt\u00e9raires alg\u00e9riennes servant de socle aux programmes scolaires dans les trois langues (arabe, fran\u00e7ais et Tamazight\u00a0\u00bb \u00e9tait \u00ab\u00a0fin pr\u00eat\u00a0\u00bb, a affirm\u00e9 dimanche \u00e0 Alger la ministre de l&rsquo;Education nationale, Nouria Benghabrit. &#013; &#013; Lors d&rsquo;une conf\u00e9rence sur \u00ab\u00a0Le livre et l&rsquo;\u00e9cole\u00a0\u00bb, en marge de la 22 \u00e9dition du\" \/>\n<meta property=\"og:url\" content=\"https:\/\/www.info-algerie.com\/actualites\/le-premier-tome-du-corpus-dauteurs-algeriens-fin-pret\/\" \/>\n<meta property=\"og:site_name\" content=\"info algerie\" \/>\n<meta property=\"article:publisher\" content=\"https:\/\/www.facebook.com\/infoalgerieactu\" \/>\n<meta property=\"article:published_time\" content=\"2017-10-29T17:57:18+00:00\" \/>\n<meta property=\"og:image\" content=\"https:\/\/www.info-algerie.com\/actualites\/wp-content\/uploads\/2017\/10\/ded77ea26294b21947d6ef4ba99ea8fb_S-1.jpg\" \/>\n\t<meta property=\"og:image:width\" content=\"280\" \/>\n\t<meta property=\"og:image:height\" content=\"191\" \/>\n\t<meta property=\"og:image:type\" content=\"image\/jpeg\" \/>\n<meta name=\"author\" content=\"La r\u00e9daction\" \/>\n<meta name=\"twitter:label1\" content=\"\u00c9crit par\" \/>\n\t<meta name=\"twitter:data1\" content=\"La r\u00e9daction\" \/>\n\t<meta name=\"twitter:label2\" content=\"Dur\u00e9e de lecture estim\u00e9e\" \/>\n\t<meta name=\"twitter:data2\" content=\"3 minutes\" \/>\n<script type=\"application\/ld+json\" class=\"yoast-schema-graph\">{\"@context\":\"https:\\\/\\\/schema.org\",\"@graph\":[{\"@type\":\"Article\",\"@id\":\"https:\\\/\\\/www.info-algerie.com\\\/actualites\\\/le-premier-tome-du-corpus-dauteurs-algeriens-fin-pret\\\/#article\",\"isPartOf\":{\"@id\":\"https:\\\/\\\/www.info-algerie.com\\\/actualites\\\/le-premier-tome-du-corpus-dauteurs-algeriens-fin-pret\\\/\"},\"author\":{\"name\":\"La r\u00e9daction\",\"@id\":\"https:\\\/\\\/www.info-algerie.com\\\/actualites\\\/#\\\/schema\\\/person\\\/847aaec44920825b843a08f30ec6aa1e\"},\"headline\":\"Le premier tome du corpus d&#039;auteurs alg\u00e9riens &quot;fin pr\u00eat&quot;\",\"datePublished\":\"2017-10-29T17:57:18+00:00\",\"mainEntityOfPage\":{\"@id\":\"https:\\\/\\\/www.info-algerie.com\\\/actualites\\\/le-premier-tome-du-corpus-dauteurs-algeriens-fin-pret\\\/\"},\"wordCount\":613,\"commentCount\":0,\"publisher\":{\"@id\":\"https:\\\/\\\/www.info-algerie.com\\\/actualites\\\/#organization\"},\"image\":{\"@id\":\"https:\\\/\\\/www.info-algerie.com\\\/actualites\\\/le-premier-tome-du-corpus-dauteurs-algeriens-fin-pret\\\/#primaryimage\"},\"thumbnailUrl\":\"https:\\\/\\\/www.info-algerie.com\\\/actualites\\\/wp-content\\\/uploads\\\/2017\\\/10\\\/ded77ea26294b21947d6ef4ba99ea8fb_S-1.jpg\",\"keywords\":[\"ONU\"],\"articleSection\":[\"infos\"],\"inLanguage\":\"fr-FR\",\"potentialAction\":[{\"@type\":\"CommentAction\",\"name\":\"Comment\",\"target\":[\"https:\\\/\\\/www.info-algerie.com\\\/actualites\\\/le-premier-tome-du-corpus-dauteurs-algeriens-fin-pret\\\/#respond\"]}]},{\"@type\":\"WebPage\",\"@id\":\"https:\\\/\\\/www.info-algerie.com\\\/actualites\\\/le-premier-tome-du-corpus-dauteurs-algeriens-fin-pret\\\/\",\"url\":\"https:\\\/\\\/www.info-algerie.com\\\/actualites\\\/le-premier-tome-du-corpus-dauteurs-algeriens-fin-pret\\\/\",\"name\":\"Le premier tome du corpus d&#039;auteurs alg\u00e9riens &quot;fin pr\u00eat&quot; - info algerie\",\"isPartOf\":{\"@id\":\"https:\\\/\\\/www.info-algerie.com\\\/actualites\\\/#website\"},\"primaryImageOfPage\":{\"@id\":\"https:\\\/\\\/www.info-algerie.com\\\/actualites\\\/le-premier-tome-du-corpus-dauteurs-algeriens-fin-pret\\\/#primaryimage\"},\"image\":{\"@id\":\"https:\\\/\\\/www.info-algerie.com\\\/actualites\\\/le-premier-tome-du-corpus-dauteurs-algeriens-fin-pret\\\/#primaryimage\"},\"thumbnailUrl\":\"https:\\\/\\\/www.info-algerie.com\\\/actualites\\\/wp-content\\\/uploads\\\/2017\\\/10\\\/ded77ea26294b21947d6ef4ba99ea8fb_S-1.jpg\",\"datePublished\":\"2017-10-29T17:57:18+00:00\",\"breadcrumb\":{\"@id\":\"https:\\\/\\\/www.info-algerie.com\\\/actualites\\\/le-premier-tome-du-corpus-dauteurs-algeriens-fin-pret\\\/#breadcrumb\"},\"inLanguage\":\"fr-FR\",\"potentialAction\":[{\"@type\":\"ReadAction\",\"target\":[\"https:\\\/\\\/www.info-algerie.com\\\/actualites\\\/le-premier-tome-du-corpus-dauteurs-algeriens-fin-pret\\\/\"]}]},{\"@type\":\"ImageObject\",\"inLanguage\":\"fr-FR\",\"@id\":\"https:\\\/\\\/www.info-algerie.com\\\/actualites\\\/le-premier-tome-du-corpus-dauteurs-algeriens-fin-pret\\\/#primaryimage\",\"url\":\"https:\\\/\\\/www.info-algerie.com\\\/actualites\\\/wp-content\\\/uploads\\\/2017\\\/10\\\/ded77ea26294b21947d6ef4ba99ea8fb_S-1.jpg\",\"contentUrl\":\"https:\\\/\\\/www.info-algerie.com\\\/actualites\\\/wp-content\\\/uploads\\\/2017\\\/10\\\/ded77ea26294b21947d6ef4ba99ea8fb_S-1.jpg\",\"width\":280,\"height\":191},{\"@type\":\"BreadcrumbList\",\"@id\":\"https:\\\/\\\/www.info-algerie.com\\\/actualites\\\/le-premier-tome-du-corpus-dauteurs-algeriens-fin-pret\\\/#breadcrumb\",\"itemListElement\":[{\"@type\":\"ListItem\",\"position\":1,\"name\":\"Accueil\",\"item\":\"https:\\\/\\\/www.info-algerie.com\\\/actualites\\\/\"},{\"@type\":\"ListItem\",\"position\":2,\"name\":\"Le premier tome du corpus d&#039;auteurs alg\u00e9riens &quot;fin pr\u00eat&quot;\"}]},{\"@type\":\"WebSite\",\"@id\":\"https:\\\/\\\/www.info-algerie.com\\\/actualites\\\/#website\",\"url\":\"https:\\\/\\\/www.info-algerie.com\\\/actualites\\\/\",\"name\":\"info algerie\",\"description\":\"Toutes les actualit\u00e9s\",\"publisher\":{\"@id\":\"https:\\\/\\\/www.info-algerie.com\\\/actualites\\\/#organization\"},\"potentialAction\":[{\"@type\":\"SearchAction\",\"target\":{\"@type\":\"EntryPoint\",\"urlTemplate\":\"https:\\\/\\\/www.info-algerie.com\\\/actualites\\\/?s={search_term_string}\"},\"query-input\":{\"@type\":\"PropertyValueSpecification\",\"valueRequired\":true,\"valueName\":\"search_term_string\"}}],\"inLanguage\":\"fr-FR\"},{\"@type\":\"Organization\",\"@id\":\"https:\\\/\\\/www.info-algerie.com\\\/actualites\\\/#organization\",\"name\":\"info algerie\",\"url\":\"https:\\\/\\\/www.info-algerie.com\\\/actualites\\\/\",\"logo\":{\"@type\":\"ImageObject\",\"inLanguage\":\"fr-FR\",\"@id\":\"https:\\\/\\\/www.info-algerie.com\\\/actualites\\\/#\\\/schema\\\/logo\\\/image\\\/\",\"url\":\"https:\\\/\\\/www.info-algerie.com\\\/actualites\\\/wp-content\\\/uploads\\\/2022\\\/07\\\/logo-ia-120.png\",\"contentUrl\":\"https:\\\/\\\/www.info-algerie.com\\\/actualites\\\/wp-content\\\/uploads\\\/2022\\\/07\\\/logo-ia-120.png\",\"width\":120,\"height\":43,\"caption\":\"info algerie\"},\"image\":{\"@id\":\"https:\\\/\\\/www.info-algerie.com\\\/actualites\\\/#\\\/schema\\\/logo\\\/image\\\/\"},\"sameAs\":[\"https:\\\/\\\/www.facebook.com\\\/infoalgerieactu\",\"https:\\\/\\\/x.com\\\/infoalgerie1\"]},{\"@type\":\"Person\",\"@id\":\"https:\\\/\\\/www.info-algerie.com\\\/actualites\\\/#\\\/schema\\\/person\\\/847aaec44920825b843a08f30ec6aa1e\",\"name\":\"La r\u00e9daction\",\"image\":{\"@type\":\"ImageObject\",\"inLanguage\":\"fr-FR\",\"@id\":\"https:\\\/\\\/secure.gravatar.com\\\/avatar\\\/769db425c6f465158149f1ffd6cf61ce7a8a879d11dfbef8288af36dfddd418c?s=96&d=mm&r=g\",\"url\":\"https:\\\/\\\/secure.gravatar.com\\\/avatar\\\/769db425c6f465158149f1ffd6cf61ce7a8a879d11dfbef8288af36dfddd418c?s=96&d=mm&r=g\",\"contentUrl\":\"https:\\\/\\\/secure.gravatar.com\\\/avatar\\\/769db425c6f465158149f1ffd6cf61ce7a8a879d11dfbef8288af36dfddd418c?s=96&d=mm&r=g\",\"caption\":\"La r\u00e9daction\"},\"sameAs\":[\"http:\\\/\\\/www.lkeria.com\\\/\"],\"url\":\"https:\\\/\\\/www.info-algerie.com\\\/actualites\\\/author\\\/chakib32\\\/\"}]}<\/script>\n<!-- \/ Yoast SEO plugin. -->","yoast_head_json":{"title":"Le premier tome du corpus d&#039;auteurs alg\u00e9riens &quot;fin pr\u00eat&quot; - info algerie","robots":{"index":"index","follow":"follow","max-snippet":"max-snippet:-1","max-image-preview":"max-image-preview:large","max-video-preview":"max-video-preview:-1"},"canonical":"https:\/\/www.info-algerie.com\/actualites\/le-premier-tome-du-corpus-dauteurs-algeriens-fin-pret\/","og_locale":"fr_FR","og_type":"article","og_title":"Le premier tome du corpus d&#039;auteurs alg\u00e9riens &quot;fin pr\u00eat&quot; - info algerie","og_description":"ALGER- Le premier tome du corpus d&rsquo;oeuvres litt\u00e9raires alg\u00e9riennes servant de socle aux programmes scolaires dans les trois langues (arabe, fran\u00e7ais et Tamazight\u00a0\u00bb \u00e9tait \u00ab\u00a0fin pr\u00eat\u00a0\u00bb, a affirm\u00e9 dimanche \u00e0 Alger la ministre de l&rsquo;Education nationale, Nouria Benghabrit. &#013; &#013; Lors d&rsquo;une conf\u00e9rence sur \u00ab\u00a0Le livre et l&rsquo;\u00e9cole\u00a0\u00bb, en marge de la 22 \u00e9dition du","og_url":"https:\/\/www.info-algerie.com\/actualites\/le-premier-tome-du-corpus-dauteurs-algeriens-fin-pret\/","og_site_name":"info algerie","article_publisher":"https:\/\/www.facebook.com\/infoalgerieactu","article_published_time":"2017-10-29T17:57:18+00:00","og_image":[{"width":280,"height":191,"url":"https:\/\/www.info-algerie.com\/actualites\/wp-content\/uploads\/2017\/10\/ded77ea26294b21947d6ef4ba99ea8fb_S-1.jpg","type":"image\/jpeg"}],"author":"La r\u00e9daction","twitter_misc":{"\u00c9crit par":"La r\u00e9daction","Dur\u00e9e de lecture estim\u00e9e":"3 minutes"},"schema":{"@context":"https:\/\/schema.org","@graph":[{"@type":"Article","@id":"https:\/\/www.info-algerie.com\/actualites\/le-premier-tome-du-corpus-dauteurs-algeriens-fin-pret\/#article","isPartOf":{"@id":"https:\/\/www.info-algerie.com\/actualites\/le-premier-tome-du-corpus-dauteurs-algeriens-fin-pret\/"},"author":{"name":"La r\u00e9daction","@id":"https:\/\/www.info-algerie.com\/actualites\/#\/schema\/person\/847aaec44920825b843a08f30ec6aa1e"},"headline":"Le premier tome du corpus d&#039;auteurs alg\u00e9riens &quot;fin pr\u00eat&quot;","datePublished":"2017-10-29T17:57:18+00:00","mainEntityOfPage":{"@id":"https:\/\/www.info-algerie.com\/actualites\/le-premier-tome-du-corpus-dauteurs-algeriens-fin-pret\/"},"wordCount":613,"commentCount":0,"publisher":{"@id":"https:\/\/www.info-algerie.com\/actualites\/#organization"},"image":{"@id":"https:\/\/www.info-algerie.com\/actualites\/le-premier-tome-du-corpus-dauteurs-algeriens-fin-pret\/#primaryimage"},"thumbnailUrl":"https:\/\/www.info-algerie.com\/actualites\/wp-content\/uploads\/2017\/10\/ded77ea26294b21947d6ef4ba99ea8fb_S-1.jpg","keywords":["ONU"],"articleSection":["infos"],"inLanguage":"fr-FR","potentialAction":[{"@type":"CommentAction","name":"Comment","target":["https:\/\/www.info-algerie.com\/actualites\/le-premier-tome-du-corpus-dauteurs-algeriens-fin-pret\/#respond"]}]},{"@type":"WebPage","@id":"https:\/\/www.info-algerie.com\/actualites\/le-premier-tome-du-corpus-dauteurs-algeriens-fin-pret\/","url":"https:\/\/www.info-algerie.com\/actualites\/le-premier-tome-du-corpus-dauteurs-algeriens-fin-pret\/","name":"Le premier tome du corpus d&#039;auteurs alg\u00e9riens &quot;fin pr\u00eat&quot; - info algerie","isPartOf":{"@id":"https:\/\/www.info-algerie.com\/actualites\/#website"},"primaryImageOfPage":{"@id":"https:\/\/www.info-algerie.com\/actualites\/le-premier-tome-du-corpus-dauteurs-algeriens-fin-pret\/#primaryimage"},"image":{"@id":"https:\/\/www.info-algerie.com\/actualites\/le-premier-tome-du-corpus-dauteurs-algeriens-fin-pret\/#primaryimage"},"thumbnailUrl":"https:\/\/www.info-algerie.com\/actualites\/wp-content\/uploads\/2017\/10\/ded77ea26294b21947d6ef4ba99ea8fb_S-1.jpg","datePublished":"2017-10-29T17:57:18+00:00","breadcrumb":{"@id":"https:\/\/www.info-algerie.com\/actualites\/le-premier-tome-du-corpus-dauteurs-algeriens-fin-pret\/#breadcrumb"},"inLanguage":"fr-FR","potentialAction":[{"@type":"ReadAction","target":["https:\/\/www.info-algerie.com\/actualites\/le-premier-tome-du-corpus-dauteurs-algeriens-fin-pret\/"]}]},{"@type":"ImageObject","inLanguage":"fr-FR","@id":"https:\/\/www.info-algerie.com\/actualites\/le-premier-tome-du-corpus-dauteurs-algeriens-fin-pret\/#primaryimage","url":"https:\/\/www.info-algerie.com\/actualites\/wp-content\/uploads\/2017\/10\/ded77ea26294b21947d6ef4ba99ea8fb_S-1.jpg","contentUrl":"https:\/\/www.info-algerie.com\/actualites\/wp-content\/uploads\/2017\/10\/ded77ea26294b21947d6ef4ba99ea8fb_S-1.jpg","width":280,"height":191},{"@type":"BreadcrumbList","@id":"https:\/\/www.info-algerie.com\/actualites\/le-premier-tome-du-corpus-dauteurs-algeriens-fin-pret\/#breadcrumb","itemListElement":[{"@type":"ListItem","position":1,"name":"Accueil","item":"https:\/\/www.info-algerie.com\/actualites\/"},{"@type":"ListItem","position":2,"name":"Le premier tome du corpus d&#039;auteurs alg\u00e9riens &quot;fin pr\u00eat&quot;"}]},{"@type":"WebSite","@id":"https:\/\/www.info-algerie.com\/actualites\/#website","url":"https:\/\/www.info-algerie.com\/actualites\/","name":"info algerie","description":"Toutes les actualit\u00e9s","publisher":{"@id":"https:\/\/www.info-algerie.com\/actualites\/#organization"},"potentialAction":[{"@type":"SearchAction","target":{"@type":"EntryPoint","urlTemplate":"https:\/\/www.info-algerie.com\/actualites\/?s={search_term_string}"},"query-input":{"@type":"PropertyValueSpecification","valueRequired":true,"valueName":"search_term_string"}}],"inLanguage":"fr-FR"},{"@type":"Organization","@id":"https:\/\/www.info-algerie.com\/actualites\/#organization","name":"info algerie","url":"https:\/\/www.info-algerie.com\/actualites\/","logo":{"@type":"ImageObject","inLanguage":"fr-FR","@id":"https:\/\/www.info-algerie.com\/actualites\/#\/schema\/logo\/image\/","url":"https:\/\/www.info-algerie.com\/actualites\/wp-content\/uploads\/2022\/07\/logo-ia-120.png","contentUrl":"https:\/\/www.info-algerie.com\/actualites\/wp-content\/uploads\/2022\/07\/logo-ia-120.png","width":120,"height":43,"caption":"info algerie"},"image":{"@id":"https:\/\/www.info-algerie.com\/actualites\/#\/schema\/logo\/image\/"},"sameAs":["https:\/\/www.facebook.com\/infoalgerieactu","https:\/\/x.com\/infoalgerie1"]},{"@type":"Person","@id":"https:\/\/www.info-algerie.com\/actualites\/#\/schema\/person\/847aaec44920825b843a08f30ec6aa1e","name":"La r\u00e9daction","image":{"@type":"ImageObject","inLanguage":"fr-FR","@id":"https:\/\/secure.gravatar.com\/avatar\/769db425c6f465158149f1ffd6cf61ce7a8a879d11dfbef8288af36dfddd418c?s=96&d=mm&r=g","url":"https:\/\/secure.gravatar.com\/avatar\/769db425c6f465158149f1ffd6cf61ce7a8a879d11dfbef8288af36dfddd418c?s=96&d=mm&r=g","contentUrl":"https:\/\/secure.gravatar.com\/avatar\/769db425c6f465158149f1ffd6cf61ce7a8a879d11dfbef8288af36dfddd418c?s=96&d=mm&r=g","caption":"La r\u00e9daction"},"sameAs":["http:\/\/www.lkeria.com\/"],"url":"https:\/\/www.info-algerie.com\/actualites\/author\/chakib32\/"}]}},"_links":{"self":[{"href":"https:\/\/www.info-algerie.com\/actualites\/wp-json\/wp\/v2\/posts\/17390","targetHints":{"allow":["GET"]}}],"collection":[{"href":"https:\/\/www.info-algerie.com\/actualites\/wp-json\/wp\/v2\/posts"}],"about":[{"href":"https:\/\/www.info-algerie.com\/actualites\/wp-json\/wp\/v2\/types\/post"}],"author":[{"embeddable":true,"href":"https:\/\/www.info-algerie.com\/actualites\/wp-json\/wp\/v2\/users\/6"}],"replies":[{"embeddable":true,"href":"https:\/\/www.info-algerie.com\/actualites\/wp-json\/wp\/v2\/comments?post=17390"}],"version-history":[{"count":0,"href":"https:\/\/www.info-algerie.com\/actualites\/wp-json\/wp\/v2\/posts\/17390\/revisions"}],"wp:featuredmedia":[{"embeddable":true,"href":"https:\/\/www.info-algerie.com\/actualites\/wp-json\/wp\/v2\/media\/17391"}],"wp:attachment":[{"href":"https:\/\/www.info-algerie.com\/actualites\/wp-json\/wp\/v2\/media?parent=17390"}],"wp:term":[{"taxonomy":"category","embeddable":true,"href":"https:\/\/www.info-algerie.com\/actualites\/wp-json\/wp\/v2\/categories?post=17390"},{"taxonomy":"post_tag","embeddable":true,"href":"https:\/\/www.info-algerie.com\/actualites\/wp-json\/wp\/v2\/tags?post=17390"}],"curies":[{"name":"wp","href":"https:\/\/api.w.org\/{rel}","templated":true}]}}