{"id":17399,"date":"2017-10-30T09:13:27","date_gmt":"2017-10-30T08:13:27","guid":{"rendered":"http:\/\/www.info-algerie.com\/actualites\/accord-de-siege-pour-le-lancement-des-activites-du-centre-arabe-de-prevention-des-seismes-et-des-catastrophes-naturelles-en-algerie\/"},"modified":"2017-10-30T09:13:27","modified_gmt":"2017-10-30T08:13:27","slug":"accord-de-siege-pour-le-lancement-des-activites-du-centre-arabe-de-prevention-des-seismes-et-des-catastrophes-naturelles-en-algerie","status":"publish","type":"post","link":"https:\/\/www.info-algerie.com\/actualites\/accord-de-siege-pour-le-lancement-des-activites-du-centre-arabe-de-prevention-des-seismes-et-des-catastrophes-naturelles-en-algerie\/","title":{"rendered":"Accord de si\u00e8ge pour le lancement des activit\u00e9s du Centre arabe de pr\u00e9vention des s\u00e9ismes et des catastrophes naturelles en Alg\u00e9rie"},"content":{"rendered":"<div class=\"K2FeedImage\"><img decoding=\"async\" src=\"https:\/\/www.info-algerie.com\/actualites\/wp-content\/uploads\/2017\/10\/1cb015a10069295b97e73cedb8cd1a46_S.jpg\" alt=\"Accord de si&#xE8;ge pour le lancement des activit&#xE9;s du Centre arabe de pr&#xE9;vention des s&#xE9;ismes et des catastrophes naturelles en Alg&#xE9;rie\" \/><\/div>\n<div class=\"K2FeedIntroText\">\n<p><strong>ALGER &#8211; Un accord de si\u00e8ge a \u00e9t\u00e9 sign\u00e9 dimanche \u00e0 Alger entre le gouvernement alg\u00e9rien et le Centre arabe de pr\u00e9vention des s\u00e9ismes et des catastrophes naturelles relevant de la Ligue arabe, marquant le lancement officiel des activit\u00e9s du centre sur le territoire national.<\/strong><\/p>\n<p>&#013;\n<\/p><\/div>\n<div class=\"K2FeedFullText\">&#013;<\/p>\n<p>L&rsquo;accord a \u00e9t\u00e9 sign\u00e9 par le directeur g\u00e9n\u00e9ral des protocoles au minist\u00e8re des Affaires \u00e9trang\u00e8res, Lounes Magramane et le directeur du Centre arabe de pr\u00e9vention des s\u00e9ismes et des catastrophes naturelles, Amer Belhadj Aissa, en pr\u00e9sence du ministre des Affaires \u00e9trang\u00e8res, Abdelkader Messahel, et du ministre de l&rsquo;Habitat, de l&rsquo;urbanisme et de la ville, Abdelwahid Temmar.<\/p>\n<p>&#013;<\/p>\n<p>En vertu de cet accord, le centre, sis \u00e0 Alger, sera habilit\u00e9 \u00e0 \u00ab\u00a0activer officiellement\u00a0\u00bb sur le territoire national, a indiqu\u00e9 Amer Belhadj Aissa.<\/p>\n<p>&#013;<\/p>\n<p>Cet accord porte sur les \u00ab\u00a0droits et devoirs du centre envers la R\u00e9publique alg\u00e9rienne ainsi que les droits et devoir des fonctionnaires du centre en tant que cadres internationaux travaillant sur le territoire national\u00a0\u00bb, a ajout\u00e9 le responsable.<\/p>\n<p>&#013;<\/p>\n<p>Il a expliqu\u00e9 dans ce sens que le centre est une institution arabe sp\u00e9cialis\u00e9e relevant de la Ligue arabe et membre important du syst\u00e8me de l&rsquo;action arabe commune.<\/p>\n<p>&#013;<\/p>\n<p>Le responsable a \u00e9voqu\u00e9 la recrudescence des catastrophes naturelles dans le monde et dans la r\u00e9gion arabe y compris l&rsquo;Alg\u00e9rie, rappelant le s\u00e9isme qui a frapp\u00e9 la r\u00e9gion de Chlef en 1980, les inondations de Bab El Oued \u00e0\u00a0 Alger (2001), le s\u00e9isme de Boumerd\u00e8s en 2003 et qui ont caus\u00e9 d&rsquo;importantes pertes humaines et mat\u00e9rielles. Il a mis l&rsquo;accent \u00e9galement sur le r\u00f4le du centre en mati\u00e8re de pr\u00e9vention des s\u00e9ismes et catastrophes naturelles et dans le domaine technique.<\/p>\n<p>&#013;<\/p>\n<p>Le directeur du Centre arabe de pr\u00e9vention des s\u00e9ismes et des catastrophes naturelles a rappel\u00e9 que l&rsquo;id\u00e9e de cr\u00e9ation du centre \u00e9tait une proposition que l&rsquo;Alg\u00e9rie avait formul\u00e9e en 2001 avant son approbation par la Ligue\u00a0 arabe.<\/p>\n<p>&#013;<\/p>\n<p>Le Centre a \u00e9t\u00e9 cr\u00e9\u00e9 en vertu des d\u00e9cisions du Conseil \u00e9conomique et social de la Ligue des Etats arabes et du Conseil de la Ligue au niveau des ministres des Affaires \u00e9trang\u00e8res et son assembl\u00e9e g\u00e9n\u00e9rale constitutive tenue \u00e0 Alger le 20 d\u00e9cembre 2014.<\/p>\n<p>&#013;<\/p>\n<p>L&rsquo;activit\u00e9 du Centre consiste en l&rsquo;action technique en termes de pr\u00e9vention des dangers sismiques et des catastrophes naturelles comme les inondations, les glissements de terrain, les cyclones, la d\u00e9sertification et les catastrophes provenant du changement climatique et autres.<\/p>\n<p>&#013;<\/p>\n<p>Il vise \u00e9galement \u00e0 identifier et d\u00e9finir les sites et les champs sismiques ainsi que les lieux expos\u00e9s aux inondations et glissements de terrain, les zones contenant des grottes dans les r\u00e9gions d&rsquo;habitation et unifier les proc\u00e9dures de recueil, de traitement, d&rsquo;\u00e9valuation, de publication et de g\u00e9n\u00e9ralisation des donn\u00e9es relatives \u00e0 l&rsquo;activit\u00e9 du centre.\u00a0<\/p>\n<p>&#013;<\/p>\n<p>Parmi les missions principales du centre arabe, figure la recherche scientifique appliqu\u00e9e dans le domaine de la pr\u00e9vention des dangers sismiques et des catastrophes naturelles, l&rsquo;\u00e9change d&rsquo;expertises entre les Etats arabes, le transfert de la technologie d\u00e9velopp\u00e9e au niveau mondial vers les Etats arabes et son application ainsi que la mise en place d&rsquo;une banque d&rsquo;informations techniques et d&rsquo;un programme d&rsquo;entrainement sp\u00e9cialis\u00e9 au profit des cadres arabes.<\/p>\n<p>&#013;<\/p>\n<p class=\"MsoNormal\">Cette institution permettra la coop\u00e9ration technique et scientifique entre les diff\u00e9rents pays arabes ainsi que les organisations internationales, outre la contribution \u00e0 l&rsquo;ex\u00e9cution des programmes onusiens dans ce domaine.\u00a0<\/p>\n<\/div>\n<p>&#013;<br \/>\nSource: <a href=\"http:\/\/www.aps.dz\/algerie\/64676-accord-de-siege-pour-le-lancement-des-activites-du-centre-arabe-de-prevention-des-seismes-et-des-catastrophes-naturelles-en-algerie\" target=\"_blank\">Accord de si\u00e8ge pour le lancement des activit\u00e9s du Centre arabe de pr\u00e9vention des s\u00e9ismes et des catastrophes naturelles en Alg\u00e9rie<\/a><\/p>\n<!--CusAds0-->\n<div style=\"font-size: 0px; height: 0px; line-height: 0px; margin: 0; padding: 0; clear: both;\"><\/div>","protected":false},"excerpt":{"rendered":"<p>ALGER &#8211; Un accord de si\u00e8ge a \u00e9t\u00e9 sign\u00e9 dimanche \u00e0 Alger entre le gouvernement alg\u00e9rien et le Centre arabe de pr\u00e9vention des s\u00e9ismes et des catastrophes naturelles relevant de la Ligue arabe, marquant le lancement officiel des activit\u00e9s du centre sur le territoire national. &#013; &#013; L&rsquo;accord a \u00e9t\u00e9 sign\u00e9 par le directeur g\u00e9n\u00e9ral<\/p>\n","protected":false},"author":6,"featured_media":17400,"comment_status":"open","ping_status":"open","sticky":false,"template":"","format":"standard","meta":{"footnotes":""},"categories":[22],"tags":[93],"class_list":["post-17399","post","type-post","status-publish","format-standard","has-post-thumbnail","hentry","category-infos","tag-onu"],"yoast_head":"<!-- This site is optimized with the Yoast SEO plugin v27.5 - https:\/\/yoast.com\/product\/yoast-seo-wordpress\/ -->\n<title>Accord de si\u00e8ge pour le lancement des activit\u00e9s du Centre arabe de pr\u00e9vention des s\u00e9ismes et des catastrophes naturelles en Alg\u00e9rie - info algerie<\/title>\n<meta name=\"robots\" content=\"index, follow, max-snippet:-1, max-image-preview:large, max-video-preview:-1\" \/>\n<link rel=\"canonical\" href=\"https:\/\/www.info-algerie.com\/actualites\/accord-de-siege-pour-le-lancement-des-activites-du-centre-arabe-de-prevention-des-seismes-et-des-catastrophes-naturelles-en-algerie\/\" \/>\n<meta property=\"og:locale\" content=\"fr_FR\" \/>\n<meta property=\"og:type\" content=\"article\" \/>\n<meta property=\"og:title\" content=\"Accord de si\u00e8ge pour le lancement des activit\u00e9s du Centre arabe de pr\u00e9vention des s\u00e9ismes et des catastrophes naturelles en Alg\u00e9rie - info algerie\" \/>\n<meta property=\"og:description\" content=\"ALGER &#8211; Un accord de si\u00e8ge a \u00e9t\u00e9 sign\u00e9 dimanche \u00e0 Alger entre le gouvernement alg\u00e9rien et le Centre arabe de pr\u00e9vention des s\u00e9ismes et des catastrophes naturelles relevant de la Ligue arabe, marquant le lancement officiel des activit\u00e9s du centre sur le territoire national. &#013; &#013; L&rsquo;accord a \u00e9t\u00e9 sign\u00e9 par le directeur g\u00e9n\u00e9ral\" \/>\n<meta property=\"og:url\" content=\"https:\/\/www.info-algerie.com\/actualites\/accord-de-siege-pour-le-lancement-des-activites-du-centre-arabe-de-prevention-des-seismes-et-des-catastrophes-naturelles-en-algerie\/\" \/>\n<meta property=\"og:site_name\" content=\"info algerie\" \/>\n<meta property=\"article:publisher\" content=\"https:\/\/www.facebook.com\/infoalgerieactu\" \/>\n<meta property=\"article:published_time\" content=\"2017-10-30T08:13:27+00:00\" \/>\n<meta property=\"og:image\" content=\"https:\/\/www.info-algerie.com\/actualites\/wp-content\/uploads\/2017\/10\/1cb015a10069295b97e73cedb8cd1a46_S-1.jpg\" \/>\n\t<meta property=\"og:image:width\" content=\"280\" \/>\n\t<meta property=\"og:image:height\" content=\"152\" \/>\n\t<meta property=\"og:image:type\" content=\"image\/jpeg\" \/>\n<meta name=\"author\" content=\"La r\u00e9daction\" \/>\n<meta name=\"twitter:label1\" content=\"\u00c9crit par\" \/>\n\t<meta name=\"twitter:data1\" content=\"La r\u00e9daction\" \/>\n\t<meta name=\"twitter:label2\" content=\"Dur\u00e9e de lecture estim\u00e9e\" \/>\n\t<meta name=\"twitter:data2\" content=\"3 minutes\" \/>\n<script type=\"application\/ld+json\" class=\"yoast-schema-graph\">{\"@context\":\"https:\\\/\\\/schema.org\",\"@graph\":[{\"@type\":\"Article\",\"@id\":\"https:\\\/\\\/www.info-algerie.com\\\/actualites\\\/accord-de-siege-pour-le-lancement-des-activites-du-centre-arabe-de-prevention-des-seismes-et-des-catastrophes-naturelles-en-algerie\\\/#article\",\"isPartOf\":{\"@id\":\"https:\\\/\\\/www.info-algerie.com\\\/actualites\\\/accord-de-siege-pour-le-lancement-des-activites-du-centre-arabe-de-prevention-des-seismes-et-des-catastrophes-naturelles-en-algerie\\\/\"},\"author\":{\"name\":\"La r\u00e9daction\",\"@id\":\"https:\\\/\\\/www.info-algerie.com\\\/actualites\\\/#\\\/schema\\\/person\\\/847aaec44920825b843a08f30ec6aa1e\"},\"headline\":\"Accord de si\u00e8ge pour le lancement des activit\u00e9s du Centre arabe de pr\u00e9vention des s\u00e9ismes et des catastrophes naturelles en Alg\u00e9rie\",\"datePublished\":\"2017-10-30T08:13:27+00:00\",\"mainEntityOfPage\":{\"@id\":\"https:\\\/\\\/www.info-algerie.com\\\/actualites\\\/accord-de-siege-pour-le-lancement-des-activites-du-centre-arabe-de-prevention-des-seismes-et-des-catastrophes-naturelles-en-algerie\\\/\"},\"wordCount\":659,\"commentCount\":0,\"publisher\":{\"@id\":\"https:\\\/\\\/www.info-algerie.com\\\/actualites\\\/#organization\"},\"image\":{\"@id\":\"https:\\\/\\\/www.info-algerie.com\\\/actualites\\\/accord-de-siege-pour-le-lancement-des-activites-du-centre-arabe-de-prevention-des-seismes-et-des-catastrophes-naturelles-en-algerie\\\/#primaryimage\"},\"thumbnailUrl\":\"https:\\\/\\\/www.info-algerie.com\\\/actualites\\\/wp-content\\\/uploads\\\/2017\\\/10\\\/1cb015a10069295b97e73cedb8cd1a46_S-1.jpg\",\"keywords\":[\"ONU\"],\"articleSection\":[\"infos\"],\"inLanguage\":\"fr-FR\",\"potentialAction\":[{\"@type\":\"CommentAction\",\"name\":\"Comment\",\"target\":[\"https:\\\/\\\/www.info-algerie.com\\\/actualites\\\/accord-de-siege-pour-le-lancement-des-activites-du-centre-arabe-de-prevention-des-seismes-et-des-catastrophes-naturelles-en-algerie\\\/#respond\"]}]},{\"@type\":\"WebPage\",\"@id\":\"https:\\\/\\\/www.info-algerie.com\\\/actualites\\\/accord-de-siege-pour-le-lancement-des-activites-du-centre-arabe-de-prevention-des-seismes-et-des-catastrophes-naturelles-en-algerie\\\/\",\"url\":\"https:\\\/\\\/www.info-algerie.com\\\/actualites\\\/accord-de-siege-pour-le-lancement-des-activites-du-centre-arabe-de-prevention-des-seismes-et-des-catastrophes-naturelles-en-algerie\\\/\",\"name\":\"Accord de si\u00e8ge pour le lancement des activit\u00e9s du Centre arabe de pr\u00e9vention des s\u00e9ismes et des catastrophes naturelles en Alg\u00e9rie - info algerie\",\"isPartOf\":{\"@id\":\"https:\\\/\\\/www.info-algerie.com\\\/actualites\\\/#website\"},\"primaryImageOfPage\":{\"@id\":\"https:\\\/\\\/www.info-algerie.com\\\/actualites\\\/accord-de-siege-pour-le-lancement-des-activites-du-centre-arabe-de-prevention-des-seismes-et-des-catastrophes-naturelles-en-algerie\\\/#primaryimage\"},\"image\":{\"@id\":\"https:\\\/\\\/www.info-algerie.com\\\/actualites\\\/accord-de-siege-pour-le-lancement-des-activites-du-centre-arabe-de-prevention-des-seismes-et-des-catastrophes-naturelles-en-algerie\\\/#primaryimage\"},\"thumbnailUrl\":\"https:\\\/\\\/www.info-algerie.com\\\/actualites\\\/wp-content\\\/uploads\\\/2017\\\/10\\\/1cb015a10069295b97e73cedb8cd1a46_S-1.jpg\",\"datePublished\":\"2017-10-30T08:13:27+00:00\",\"breadcrumb\":{\"@id\":\"https:\\\/\\\/www.info-algerie.com\\\/actualites\\\/accord-de-siege-pour-le-lancement-des-activites-du-centre-arabe-de-prevention-des-seismes-et-des-catastrophes-naturelles-en-algerie\\\/#breadcrumb\"},\"inLanguage\":\"fr-FR\",\"potentialAction\":[{\"@type\":\"ReadAction\",\"target\":[\"https:\\\/\\\/www.info-algerie.com\\\/actualites\\\/accord-de-siege-pour-le-lancement-des-activites-du-centre-arabe-de-prevention-des-seismes-et-des-catastrophes-naturelles-en-algerie\\\/\"]}]},{\"@type\":\"ImageObject\",\"inLanguage\":\"fr-FR\",\"@id\":\"https:\\\/\\\/www.info-algerie.com\\\/actualites\\\/accord-de-siege-pour-le-lancement-des-activites-du-centre-arabe-de-prevention-des-seismes-et-des-catastrophes-naturelles-en-algerie\\\/#primaryimage\",\"url\":\"https:\\\/\\\/www.info-algerie.com\\\/actualites\\\/wp-content\\\/uploads\\\/2017\\\/10\\\/1cb015a10069295b97e73cedb8cd1a46_S-1.jpg\",\"contentUrl\":\"https:\\\/\\\/www.info-algerie.com\\\/actualites\\\/wp-content\\\/uploads\\\/2017\\\/10\\\/1cb015a10069295b97e73cedb8cd1a46_S-1.jpg\",\"width\":280,\"height\":152},{\"@type\":\"BreadcrumbList\",\"@id\":\"https:\\\/\\\/www.info-algerie.com\\\/actualites\\\/accord-de-siege-pour-le-lancement-des-activites-du-centre-arabe-de-prevention-des-seismes-et-des-catastrophes-naturelles-en-algerie\\\/#breadcrumb\",\"itemListElement\":[{\"@type\":\"ListItem\",\"position\":1,\"name\":\"Accueil\",\"item\":\"https:\\\/\\\/www.info-algerie.com\\\/actualites\\\/\"},{\"@type\":\"ListItem\",\"position\":2,\"name\":\"Accord de si\u00e8ge pour le lancement des activit\u00e9s du Centre arabe de pr\u00e9vention des s\u00e9ismes et des catastrophes naturelles en Alg\u00e9rie\"}]},{\"@type\":\"WebSite\",\"@id\":\"https:\\\/\\\/www.info-algerie.com\\\/actualites\\\/#website\",\"url\":\"https:\\\/\\\/www.info-algerie.com\\\/actualites\\\/\",\"name\":\"info algerie\",\"description\":\"Toutes les actualit\u00e9s\",\"publisher\":{\"@id\":\"https:\\\/\\\/www.info-algerie.com\\\/actualites\\\/#organization\"},\"potentialAction\":[{\"@type\":\"SearchAction\",\"target\":{\"@type\":\"EntryPoint\",\"urlTemplate\":\"https:\\\/\\\/www.info-algerie.com\\\/actualites\\\/?s={search_term_string}\"},\"query-input\":{\"@type\":\"PropertyValueSpecification\",\"valueRequired\":true,\"valueName\":\"search_term_string\"}}],\"inLanguage\":\"fr-FR\"},{\"@type\":\"Organization\",\"@id\":\"https:\\\/\\\/www.info-algerie.com\\\/actualites\\\/#organization\",\"name\":\"info algerie\",\"url\":\"https:\\\/\\\/www.info-algerie.com\\\/actualites\\\/\",\"logo\":{\"@type\":\"ImageObject\",\"inLanguage\":\"fr-FR\",\"@id\":\"https:\\\/\\\/www.info-algerie.com\\\/actualites\\\/#\\\/schema\\\/logo\\\/image\\\/\",\"url\":\"https:\\\/\\\/www.info-algerie.com\\\/actualites\\\/wp-content\\\/uploads\\\/2022\\\/07\\\/logo-ia-120.png\",\"contentUrl\":\"https:\\\/\\\/www.info-algerie.com\\\/actualites\\\/wp-content\\\/uploads\\\/2022\\\/07\\\/logo-ia-120.png\",\"width\":120,\"height\":43,\"caption\":\"info algerie\"},\"image\":{\"@id\":\"https:\\\/\\\/www.info-algerie.com\\\/actualites\\\/#\\\/schema\\\/logo\\\/image\\\/\"},\"sameAs\":[\"https:\\\/\\\/www.facebook.com\\\/infoalgerieactu\",\"https:\\\/\\\/x.com\\\/infoalgerie1\"]},{\"@type\":\"Person\",\"@id\":\"https:\\\/\\\/www.info-algerie.com\\\/actualites\\\/#\\\/schema\\\/person\\\/847aaec44920825b843a08f30ec6aa1e\",\"name\":\"La r\u00e9daction\",\"image\":{\"@type\":\"ImageObject\",\"inLanguage\":\"fr-FR\",\"@id\":\"https:\\\/\\\/secure.gravatar.com\\\/avatar\\\/769db425c6f465158149f1ffd6cf61ce7a8a879d11dfbef8288af36dfddd418c?s=96&d=mm&r=g\",\"url\":\"https:\\\/\\\/secure.gravatar.com\\\/avatar\\\/769db425c6f465158149f1ffd6cf61ce7a8a879d11dfbef8288af36dfddd418c?s=96&d=mm&r=g\",\"contentUrl\":\"https:\\\/\\\/secure.gravatar.com\\\/avatar\\\/769db425c6f465158149f1ffd6cf61ce7a8a879d11dfbef8288af36dfddd418c?s=96&d=mm&r=g\",\"caption\":\"La r\u00e9daction\"},\"sameAs\":[\"http:\\\/\\\/www.lkeria.com\\\/\"],\"url\":\"https:\\\/\\\/www.info-algerie.com\\\/actualites\\\/author\\\/chakib32\\\/\"}]}<\/script>\n<!-- \/ Yoast SEO plugin. -->","yoast_head_json":{"title":"Accord de si\u00e8ge pour le lancement des activit\u00e9s du Centre arabe de pr\u00e9vention des s\u00e9ismes et des catastrophes naturelles en Alg\u00e9rie - info algerie","robots":{"index":"index","follow":"follow","max-snippet":"max-snippet:-1","max-image-preview":"max-image-preview:large","max-video-preview":"max-video-preview:-1"},"canonical":"https:\/\/www.info-algerie.com\/actualites\/accord-de-siege-pour-le-lancement-des-activites-du-centre-arabe-de-prevention-des-seismes-et-des-catastrophes-naturelles-en-algerie\/","og_locale":"fr_FR","og_type":"article","og_title":"Accord de si\u00e8ge pour le lancement des activit\u00e9s du Centre arabe de pr\u00e9vention des s\u00e9ismes et des catastrophes naturelles en Alg\u00e9rie - info algerie","og_description":"ALGER &#8211; Un accord de si\u00e8ge a \u00e9t\u00e9 sign\u00e9 dimanche \u00e0 Alger entre le gouvernement alg\u00e9rien et le Centre arabe de pr\u00e9vention des s\u00e9ismes et des catastrophes naturelles relevant de la Ligue arabe, marquant le lancement officiel des activit\u00e9s du centre sur le territoire national. &#013; &#013; L&rsquo;accord a \u00e9t\u00e9 sign\u00e9 par le directeur g\u00e9n\u00e9ral","og_url":"https:\/\/www.info-algerie.com\/actualites\/accord-de-siege-pour-le-lancement-des-activites-du-centre-arabe-de-prevention-des-seismes-et-des-catastrophes-naturelles-en-algerie\/","og_site_name":"info algerie","article_publisher":"https:\/\/www.facebook.com\/infoalgerieactu","article_published_time":"2017-10-30T08:13:27+00:00","og_image":[{"width":280,"height":152,"url":"https:\/\/www.info-algerie.com\/actualites\/wp-content\/uploads\/2017\/10\/1cb015a10069295b97e73cedb8cd1a46_S-1.jpg","type":"image\/jpeg"}],"author":"La r\u00e9daction","twitter_misc":{"\u00c9crit par":"La r\u00e9daction","Dur\u00e9e de lecture estim\u00e9e":"3 minutes"},"schema":{"@context":"https:\/\/schema.org","@graph":[{"@type":"Article","@id":"https:\/\/www.info-algerie.com\/actualites\/accord-de-siege-pour-le-lancement-des-activites-du-centre-arabe-de-prevention-des-seismes-et-des-catastrophes-naturelles-en-algerie\/#article","isPartOf":{"@id":"https:\/\/www.info-algerie.com\/actualites\/accord-de-siege-pour-le-lancement-des-activites-du-centre-arabe-de-prevention-des-seismes-et-des-catastrophes-naturelles-en-algerie\/"},"author":{"name":"La r\u00e9daction","@id":"https:\/\/www.info-algerie.com\/actualites\/#\/schema\/person\/847aaec44920825b843a08f30ec6aa1e"},"headline":"Accord de si\u00e8ge pour le lancement des activit\u00e9s du Centre arabe de pr\u00e9vention des s\u00e9ismes et des catastrophes naturelles en Alg\u00e9rie","datePublished":"2017-10-30T08:13:27+00:00","mainEntityOfPage":{"@id":"https:\/\/www.info-algerie.com\/actualites\/accord-de-siege-pour-le-lancement-des-activites-du-centre-arabe-de-prevention-des-seismes-et-des-catastrophes-naturelles-en-algerie\/"},"wordCount":659,"commentCount":0,"publisher":{"@id":"https:\/\/www.info-algerie.com\/actualites\/#organization"},"image":{"@id":"https:\/\/www.info-algerie.com\/actualites\/accord-de-siege-pour-le-lancement-des-activites-du-centre-arabe-de-prevention-des-seismes-et-des-catastrophes-naturelles-en-algerie\/#primaryimage"},"thumbnailUrl":"https:\/\/www.info-algerie.com\/actualites\/wp-content\/uploads\/2017\/10\/1cb015a10069295b97e73cedb8cd1a46_S-1.jpg","keywords":["ONU"],"articleSection":["infos"],"inLanguage":"fr-FR","potentialAction":[{"@type":"CommentAction","name":"Comment","target":["https:\/\/www.info-algerie.com\/actualites\/accord-de-siege-pour-le-lancement-des-activites-du-centre-arabe-de-prevention-des-seismes-et-des-catastrophes-naturelles-en-algerie\/#respond"]}]},{"@type":"WebPage","@id":"https:\/\/www.info-algerie.com\/actualites\/accord-de-siege-pour-le-lancement-des-activites-du-centre-arabe-de-prevention-des-seismes-et-des-catastrophes-naturelles-en-algerie\/","url":"https:\/\/www.info-algerie.com\/actualites\/accord-de-siege-pour-le-lancement-des-activites-du-centre-arabe-de-prevention-des-seismes-et-des-catastrophes-naturelles-en-algerie\/","name":"Accord de si\u00e8ge pour le lancement des activit\u00e9s du Centre arabe de pr\u00e9vention des s\u00e9ismes et des catastrophes naturelles en Alg\u00e9rie - info algerie","isPartOf":{"@id":"https:\/\/www.info-algerie.com\/actualites\/#website"},"primaryImageOfPage":{"@id":"https:\/\/www.info-algerie.com\/actualites\/accord-de-siege-pour-le-lancement-des-activites-du-centre-arabe-de-prevention-des-seismes-et-des-catastrophes-naturelles-en-algerie\/#primaryimage"},"image":{"@id":"https:\/\/www.info-algerie.com\/actualites\/accord-de-siege-pour-le-lancement-des-activites-du-centre-arabe-de-prevention-des-seismes-et-des-catastrophes-naturelles-en-algerie\/#primaryimage"},"thumbnailUrl":"https:\/\/www.info-algerie.com\/actualites\/wp-content\/uploads\/2017\/10\/1cb015a10069295b97e73cedb8cd1a46_S-1.jpg","datePublished":"2017-10-30T08:13:27+00:00","breadcrumb":{"@id":"https:\/\/www.info-algerie.com\/actualites\/accord-de-siege-pour-le-lancement-des-activites-du-centre-arabe-de-prevention-des-seismes-et-des-catastrophes-naturelles-en-algerie\/#breadcrumb"},"inLanguage":"fr-FR","potentialAction":[{"@type":"ReadAction","target":["https:\/\/www.info-algerie.com\/actualites\/accord-de-siege-pour-le-lancement-des-activites-du-centre-arabe-de-prevention-des-seismes-et-des-catastrophes-naturelles-en-algerie\/"]}]},{"@type":"ImageObject","inLanguage":"fr-FR","@id":"https:\/\/www.info-algerie.com\/actualites\/accord-de-siege-pour-le-lancement-des-activites-du-centre-arabe-de-prevention-des-seismes-et-des-catastrophes-naturelles-en-algerie\/#primaryimage","url":"https:\/\/www.info-algerie.com\/actualites\/wp-content\/uploads\/2017\/10\/1cb015a10069295b97e73cedb8cd1a46_S-1.jpg","contentUrl":"https:\/\/www.info-algerie.com\/actualites\/wp-content\/uploads\/2017\/10\/1cb015a10069295b97e73cedb8cd1a46_S-1.jpg","width":280,"height":152},{"@type":"BreadcrumbList","@id":"https:\/\/www.info-algerie.com\/actualites\/accord-de-siege-pour-le-lancement-des-activites-du-centre-arabe-de-prevention-des-seismes-et-des-catastrophes-naturelles-en-algerie\/#breadcrumb","itemListElement":[{"@type":"ListItem","position":1,"name":"Accueil","item":"https:\/\/www.info-algerie.com\/actualites\/"},{"@type":"ListItem","position":2,"name":"Accord de si\u00e8ge pour le lancement des activit\u00e9s du Centre arabe de pr\u00e9vention des s\u00e9ismes et des catastrophes naturelles en Alg\u00e9rie"}]},{"@type":"WebSite","@id":"https:\/\/www.info-algerie.com\/actualites\/#website","url":"https:\/\/www.info-algerie.com\/actualites\/","name":"info algerie","description":"Toutes les actualit\u00e9s","publisher":{"@id":"https:\/\/www.info-algerie.com\/actualites\/#organization"},"potentialAction":[{"@type":"SearchAction","target":{"@type":"EntryPoint","urlTemplate":"https:\/\/www.info-algerie.com\/actualites\/?s={search_term_string}"},"query-input":{"@type":"PropertyValueSpecification","valueRequired":true,"valueName":"search_term_string"}}],"inLanguage":"fr-FR"},{"@type":"Organization","@id":"https:\/\/www.info-algerie.com\/actualites\/#organization","name":"info algerie","url":"https:\/\/www.info-algerie.com\/actualites\/","logo":{"@type":"ImageObject","inLanguage":"fr-FR","@id":"https:\/\/www.info-algerie.com\/actualites\/#\/schema\/logo\/image\/","url":"https:\/\/www.info-algerie.com\/actualites\/wp-content\/uploads\/2022\/07\/logo-ia-120.png","contentUrl":"https:\/\/www.info-algerie.com\/actualites\/wp-content\/uploads\/2022\/07\/logo-ia-120.png","width":120,"height":43,"caption":"info algerie"},"image":{"@id":"https:\/\/www.info-algerie.com\/actualites\/#\/schema\/logo\/image\/"},"sameAs":["https:\/\/www.facebook.com\/infoalgerieactu","https:\/\/x.com\/infoalgerie1"]},{"@type":"Person","@id":"https:\/\/www.info-algerie.com\/actualites\/#\/schema\/person\/847aaec44920825b843a08f30ec6aa1e","name":"La r\u00e9daction","image":{"@type":"ImageObject","inLanguage":"fr-FR","@id":"https:\/\/secure.gravatar.com\/avatar\/769db425c6f465158149f1ffd6cf61ce7a8a879d11dfbef8288af36dfddd418c?s=96&d=mm&r=g","url":"https:\/\/secure.gravatar.com\/avatar\/769db425c6f465158149f1ffd6cf61ce7a8a879d11dfbef8288af36dfddd418c?s=96&d=mm&r=g","contentUrl":"https:\/\/secure.gravatar.com\/avatar\/769db425c6f465158149f1ffd6cf61ce7a8a879d11dfbef8288af36dfddd418c?s=96&d=mm&r=g","caption":"La r\u00e9daction"},"sameAs":["http:\/\/www.lkeria.com\/"],"url":"https:\/\/www.info-algerie.com\/actualites\/author\/chakib32\/"}]}},"_links":{"self":[{"href":"https:\/\/www.info-algerie.com\/actualites\/wp-json\/wp\/v2\/posts\/17399","targetHints":{"allow":["GET"]}}],"collection":[{"href":"https:\/\/www.info-algerie.com\/actualites\/wp-json\/wp\/v2\/posts"}],"about":[{"href":"https:\/\/www.info-algerie.com\/actualites\/wp-json\/wp\/v2\/types\/post"}],"author":[{"embeddable":true,"href":"https:\/\/www.info-algerie.com\/actualites\/wp-json\/wp\/v2\/users\/6"}],"replies":[{"embeddable":true,"href":"https:\/\/www.info-algerie.com\/actualites\/wp-json\/wp\/v2\/comments?post=17399"}],"version-history":[{"count":0,"href":"https:\/\/www.info-algerie.com\/actualites\/wp-json\/wp\/v2\/posts\/17399\/revisions"}],"wp:featuredmedia":[{"embeddable":true,"href":"https:\/\/www.info-algerie.com\/actualites\/wp-json\/wp\/v2\/media\/17400"}],"wp:attachment":[{"href":"https:\/\/www.info-algerie.com\/actualites\/wp-json\/wp\/v2\/media?parent=17399"}],"wp:term":[{"taxonomy":"category","embeddable":true,"href":"https:\/\/www.info-algerie.com\/actualites\/wp-json\/wp\/v2\/categories?post=17399"},{"taxonomy":"post_tag","embeddable":true,"href":"https:\/\/www.info-algerie.com\/actualites\/wp-json\/wp\/v2\/tags?post=17399"}],"curies":[{"name":"wp","href":"https:\/\/api.w.org\/{rel}","templated":true}]}}