{"id":17401,"date":"2017-10-30T09:11:19","date_gmt":"2017-10-30T08:11:19","guid":{"rendered":"http:\/\/www.info-algerie.com\/actualites\/le-peuple-algerien-premier-decideur-dans-le-choix-de-ses-representants-belaid\/"},"modified":"2017-10-30T09:11:19","modified_gmt":"2017-10-30T08:11:19","slug":"le-peuple-algerien-premier-decideur-dans-le-choix-de-ses-representants-belaid","status":"publish","type":"post","link":"https:\/\/www.info-algerie.com\/actualites\/le-peuple-algerien-premier-decideur-dans-le-choix-de-ses-representants-belaid\/","title":{"rendered":"Le peuple alg\u00e9rien, premier d\u00e9cideur dans le choix de ses repr\u00e9sentants (Belaid)"},"content":{"rendered":"<div class=\"K2FeedIntroText\">\n<p>TAMANRASSET &#8211; Le pr\u00e9sident du Front El-Moustakbel, Abdelaziz Belaid a indiqu\u00e9, dimanche \u00e0 Tamanrasset, que le peuple alg\u00e9rien \u00e9tait le premier d\u00e9cideur dans le choix de ses repr\u00e9sentants.<\/p>\n<p>&#013;\n<\/p><\/div>\n<div class=\"K2FeedFullText\">&#013;<\/p>\n<p>S\u2019exprimant lors d\u2019un meeting, au premier jour de la campagne \u00e9lectorale pour les locales du 23 novembre, M.Belaid a affirm\u00e9 que \u00ab\u00a0le peuple est le premier d\u00e9cideur dans le choix de ses repr\u00e9sentants, conform\u00e9ment \u00e0 la\u00a0 Constitution, et qu\u2019il faut que ces \u00e9lections soient transparentes et int\u00e8gres\u00a0\u00bb.<\/p>\n<p>&#013;<\/p>\n<p>Tout en assurant que le Front El-Moustakbel pr\u00e9sente des candidats \u00ab\u00a0comp\u00e9tents\u00a0\u00bb sur ses listes \u00e9lectorales, M.Belaid a indiqu\u00e9 que sa formation politique milite pour \u00ab\u00a0la lutte contre la corruption, place la ressource humaine comme priorit\u00e9 et ambitionne, \u00e0 travers son programme, de d\u00e9gager des solutions aux probl\u00e8mes de la r\u00e9gion\u00a0\u00bb.<\/p>\n<p>&#013;<\/p>\n<p>Apr\u00e8s avoir appel\u00e9 \u00e0 voter en faveur des candidats de son parti, le pr\u00e9sident du Front El-Moustakbel a plaid\u00e9 pour une r\u00e9partition \u00ab\u00a0juste\u00a0\u00bb des ressources nationales entre le Nord et le Sud du pays, et pour l\u2019engagement\u00a0 d\u2019une r\u00e9flexion sur la cr\u00e9ation d\u2019un fonds et d\u2019un programme sp\u00e9cial pour la r\u00e9gion, en plus de donner l\u2019opportunit\u00e9 aux cadres de la r\u00e9gion d\u2019acc\u00e9der aux postes sup\u00e9rieurs de gestion.<\/p>\n<p>&#013;<\/p>\n<p>Abdelaziz Belaid a, par ailleurs, soutenu que son parti aspirait \u00e0 la mise en place d\u2019une plateforme politique \u00ab\u00a0propre\u00a0\u00bb, bas\u00e9e sur la moralisation de l\u2019action politique et le respect de l\u2019homme, ainsi que sur l\u2019\u00e9dification d\u2019une soci\u00e9t\u00e9 \u00e9quilibr\u00e9e, sur le respect de l\u2019int\u00e9grit\u00e9 et l\u2019unit\u00e9 de l\u2019Alg\u00e9rie, et sur la cons\u00e9cration de la coh\u00e9sion entre les diff\u00e9rentes cat\u00e9gories du peuple alg\u00e9rien.<\/p>\n<p>&#013;<\/p>\n<p class=\"MsoNormal\">S\u2019agissant de la question de l\u2019exploitation du gaz de schiste, l\u2019orateur a estim\u00e9 qu\u2019il s\u2019agit d\u2019une ressource naturelle qu\u2019il appartient de \u00ab\u00a0ne pas exploiter et de la laisser aux g\u00e9n\u00e9rations futures\u00a0\u00bb.<\/p>\n<\/div>\n<p>&#013;<br \/>\nSource: <a href=\"http:\/\/www.aps.dz\/algerie\/64675-le-peuple-algerien-premier-decideur-dans-le-choix-de-ses-representants-belaid\" target=\"_blank\">Le peuple alg\u00e9rien, premier d\u00e9cideur dans le choix de ses repr\u00e9sentants (Belaid)<\/a><\/p>\n<!--CusAds0-->\n<div style=\"font-size: 0px; height: 0px; line-height: 0px; margin: 0; padding: 0; clear: both;\"><\/div>","protected":false},"excerpt":{"rendered":"<p>TAMANRASSET &#8211; Le pr\u00e9sident du Front El-Moustakbel, Abdelaziz Belaid a indiqu\u00e9, dimanche \u00e0 Tamanrasset, que le peuple alg\u00e9rien \u00e9tait le premier d\u00e9cideur dans le choix de ses repr\u00e9sentants. &#013; &#013; S\u2019exprimant lors d\u2019un meeting, au premier jour de la campagne \u00e9lectorale pour les locales du 23 novembre, M.Belaid a affirm\u00e9 que \u00ab\u00a0le peuple est le<\/p>\n","protected":false},"author":6,"featured_media":0,"comment_status":"open","ping_status":"open","sticky":false,"template":"","format":"standard","meta":{"footnotes":""},"categories":[22],"tags":[93],"class_list":["post-17401","post","type-post","status-publish","format-standard","hentry","category-infos","tag-onu"],"yoast_head":"<!-- This site is optimized with the Yoast SEO plugin v27.5 - https:\/\/yoast.com\/product\/yoast-seo-wordpress\/ -->\n<title>Le peuple alg\u00e9rien, premier d\u00e9cideur dans le choix de ses repr\u00e9sentants (Belaid) - info algerie<\/title>\n<meta name=\"robots\" content=\"index, follow, max-snippet:-1, max-image-preview:large, max-video-preview:-1\" \/>\n<link rel=\"canonical\" href=\"https:\/\/www.info-algerie.com\/actualites\/le-peuple-algerien-premier-decideur-dans-le-choix-de-ses-representants-belaid\/\" \/>\n<meta property=\"og:locale\" content=\"fr_FR\" \/>\n<meta property=\"og:type\" content=\"article\" \/>\n<meta property=\"og:title\" content=\"Le peuple alg\u00e9rien, premier d\u00e9cideur dans le choix de ses repr\u00e9sentants (Belaid) - info algerie\" \/>\n<meta property=\"og:description\" content=\"TAMANRASSET &#8211; Le pr\u00e9sident du Front El-Moustakbel, Abdelaziz Belaid a indiqu\u00e9, dimanche \u00e0 Tamanrasset, que le peuple alg\u00e9rien \u00e9tait le premier d\u00e9cideur dans le choix de ses repr\u00e9sentants. &#013; &#013; S\u2019exprimant lors d\u2019un meeting, au premier jour de la campagne \u00e9lectorale pour les locales du 23 novembre, M.Belaid a affirm\u00e9 que \u00ab\u00a0le peuple est le\" \/>\n<meta property=\"og:url\" content=\"https:\/\/www.info-algerie.com\/actualites\/le-peuple-algerien-premier-decideur-dans-le-choix-de-ses-representants-belaid\/\" \/>\n<meta property=\"og:site_name\" content=\"info algerie\" \/>\n<meta property=\"article:publisher\" content=\"https:\/\/www.facebook.com\/infoalgerieactu\" \/>\n<meta property=\"article:published_time\" content=\"2017-10-30T08:11:19+00:00\" \/>\n<meta name=\"author\" content=\"La r\u00e9daction\" \/>\n<meta name=\"twitter:label1\" content=\"\u00c9crit par\" \/>\n\t<meta name=\"twitter:data1\" content=\"La r\u00e9daction\" \/>\n\t<meta name=\"twitter:label2\" content=\"Dur\u00e9e de lecture estim\u00e9e\" \/>\n\t<meta name=\"twitter:data2\" content=\"2 minutes\" \/>\n<script type=\"application\/ld+json\" class=\"yoast-schema-graph\">{\"@context\":\"https:\\\/\\\/schema.org\",\"@graph\":[{\"@type\":\"Article\",\"@id\":\"https:\\\/\\\/www.info-algerie.com\\\/actualites\\\/le-peuple-algerien-premier-decideur-dans-le-choix-de-ses-representants-belaid\\\/#article\",\"isPartOf\":{\"@id\":\"https:\\\/\\\/www.info-algerie.com\\\/actualites\\\/le-peuple-algerien-premier-decideur-dans-le-choix-de-ses-representants-belaid\\\/\"},\"author\":{\"name\":\"La r\u00e9daction\",\"@id\":\"https:\\\/\\\/www.info-algerie.com\\\/actualites\\\/#\\\/schema\\\/person\\\/847aaec44920825b843a08f30ec6aa1e\"},\"headline\":\"Le peuple alg\u00e9rien, premier d\u00e9cideur dans le choix de ses repr\u00e9sentants (Belaid)\",\"datePublished\":\"2017-10-30T08:11:19+00:00\",\"mainEntityOfPage\":{\"@id\":\"https:\\\/\\\/www.info-algerie.com\\\/actualites\\\/le-peuple-algerien-premier-decideur-dans-le-choix-de-ses-representants-belaid\\\/\"},\"wordCount\":370,\"commentCount\":0,\"publisher\":{\"@id\":\"https:\\\/\\\/www.info-algerie.com\\\/actualites\\\/#organization\"},\"keywords\":[\"ONU\"],\"articleSection\":[\"infos\"],\"inLanguage\":\"fr-FR\",\"potentialAction\":[{\"@type\":\"CommentAction\",\"name\":\"Comment\",\"target\":[\"https:\\\/\\\/www.info-algerie.com\\\/actualites\\\/le-peuple-algerien-premier-decideur-dans-le-choix-de-ses-representants-belaid\\\/#respond\"]}]},{\"@type\":\"WebPage\",\"@id\":\"https:\\\/\\\/www.info-algerie.com\\\/actualites\\\/le-peuple-algerien-premier-decideur-dans-le-choix-de-ses-representants-belaid\\\/\",\"url\":\"https:\\\/\\\/www.info-algerie.com\\\/actualites\\\/le-peuple-algerien-premier-decideur-dans-le-choix-de-ses-representants-belaid\\\/\",\"name\":\"Le peuple alg\u00e9rien, premier d\u00e9cideur dans le choix de ses repr\u00e9sentants (Belaid) - info algerie\",\"isPartOf\":{\"@id\":\"https:\\\/\\\/www.info-algerie.com\\\/actualites\\\/#website\"},\"datePublished\":\"2017-10-30T08:11:19+00:00\",\"breadcrumb\":{\"@id\":\"https:\\\/\\\/www.info-algerie.com\\\/actualites\\\/le-peuple-algerien-premier-decideur-dans-le-choix-de-ses-representants-belaid\\\/#breadcrumb\"},\"inLanguage\":\"fr-FR\",\"potentialAction\":[{\"@type\":\"ReadAction\",\"target\":[\"https:\\\/\\\/www.info-algerie.com\\\/actualites\\\/le-peuple-algerien-premier-decideur-dans-le-choix-de-ses-representants-belaid\\\/\"]}]},{\"@type\":\"BreadcrumbList\",\"@id\":\"https:\\\/\\\/www.info-algerie.com\\\/actualites\\\/le-peuple-algerien-premier-decideur-dans-le-choix-de-ses-representants-belaid\\\/#breadcrumb\",\"itemListElement\":[{\"@type\":\"ListItem\",\"position\":1,\"name\":\"Accueil\",\"item\":\"https:\\\/\\\/www.info-algerie.com\\\/actualites\\\/\"},{\"@type\":\"ListItem\",\"position\":2,\"name\":\"Le peuple alg\u00e9rien, premier d\u00e9cideur dans le choix de ses repr\u00e9sentants (Belaid)\"}]},{\"@type\":\"WebSite\",\"@id\":\"https:\\\/\\\/www.info-algerie.com\\\/actualites\\\/#website\",\"url\":\"https:\\\/\\\/www.info-algerie.com\\\/actualites\\\/\",\"name\":\"info algerie\",\"description\":\"Toutes les actualit\u00e9s\",\"publisher\":{\"@id\":\"https:\\\/\\\/www.info-algerie.com\\\/actualites\\\/#organization\"},\"potentialAction\":[{\"@type\":\"SearchAction\",\"target\":{\"@type\":\"EntryPoint\",\"urlTemplate\":\"https:\\\/\\\/www.info-algerie.com\\\/actualites\\\/?s={search_term_string}\"},\"query-input\":{\"@type\":\"PropertyValueSpecification\",\"valueRequired\":true,\"valueName\":\"search_term_string\"}}],\"inLanguage\":\"fr-FR\"},{\"@type\":\"Organization\",\"@id\":\"https:\\\/\\\/www.info-algerie.com\\\/actualites\\\/#organization\",\"name\":\"info algerie\",\"url\":\"https:\\\/\\\/www.info-algerie.com\\\/actualites\\\/\",\"logo\":{\"@type\":\"ImageObject\",\"inLanguage\":\"fr-FR\",\"@id\":\"https:\\\/\\\/www.info-algerie.com\\\/actualites\\\/#\\\/schema\\\/logo\\\/image\\\/\",\"url\":\"https:\\\/\\\/www.info-algerie.com\\\/actualites\\\/wp-content\\\/uploads\\\/2022\\\/07\\\/logo-ia-120.png\",\"contentUrl\":\"https:\\\/\\\/www.info-algerie.com\\\/actualites\\\/wp-content\\\/uploads\\\/2022\\\/07\\\/logo-ia-120.png\",\"width\":120,\"height\":43,\"caption\":\"info algerie\"},\"image\":{\"@id\":\"https:\\\/\\\/www.info-algerie.com\\\/actualites\\\/#\\\/schema\\\/logo\\\/image\\\/\"},\"sameAs\":[\"https:\\\/\\\/www.facebook.com\\\/infoalgerieactu\",\"https:\\\/\\\/x.com\\\/infoalgerie1\"]},{\"@type\":\"Person\",\"@id\":\"https:\\\/\\\/www.info-algerie.com\\\/actualites\\\/#\\\/schema\\\/person\\\/847aaec44920825b843a08f30ec6aa1e\",\"name\":\"La r\u00e9daction\",\"image\":{\"@type\":\"ImageObject\",\"inLanguage\":\"fr-FR\",\"@id\":\"https:\\\/\\\/secure.gravatar.com\\\/avatar\\\/769db425c6f465158149f1ffd6cf61ce7a8a879d11dfbef8288af36dfddd418c?s=96&d=mm&r=g\",\"url\":\"https:\\\/\\\/secure.gravatar.com\\\/avatar\\\/769db425c6f465158149f1ffd6cf61ce7a8a879d11dfbef8288af36dfddd418c?s=96&d=mm&r=g\",\"contentUrl\":\"https:\\\/\\\/secure.gravatar.com\\\/avatar\\\/769db425c6f465158149f1ffd6cf61ce7a8a879d11dfbef8288af36dfddd418c?s=96&d=mm&r=g\",\"caption\":\"La r\u00e9daction\"},\"sameAs\":[\"http:\\\/\\\/www.lkeria.com\\\/\"],\"url\":\"https:\\\/\\\/www.info-algerie.com\\\/actualites\\\/author\\\/chakib32\\\/\"}]}<\/script>\n<!-- \/ Yoast SEO plugin. -->","yoast_head_json":{"title":"Le peuple alg\u00e9rien, premier d\u00e9cideur dans le choix de ses repr\u00e9sentants (Belaid) - info algerie","robots":{"index":"index","follow":"follow","max-snippet":"max-snippet:-1","max-image-preview":"max-image-preview:large","max-video-preview":"max-video-preview:-1"},"canonical":"https:\/\/www.info-algerie.com\/actualites\/le-peuple-algerien-premier-decideur-dans-le-choix-de-ses-representants-belaid\/","og_locale":"fr_FR","og_type":"article","og_title":"Le peuple alg\u00e9rien, premier d\u00e9cideur dans le choix de ses repr\u00e9sentants (Belaid) - info algerie","og_description":"TAMANRASSET &#8211; Le pr\u00e9sident du Front El-Moustakbel, Abdelaziz Belaid a indiqu\u00e9, dimanche \u00e0 Tamanrasset, que le peuple alg\u00e9rien \u00e9tait le premier d\u00e9cideur dans le choix de ses repr\u00e9sentants. &#013; &#013; S\u2019exprimant lors d\u2019un meeting, au premier jour de la campagne \u00e9lectorale pour les locales du 23 novembre, M.Belaid a affirm\u00e9 que \u00ab\u00a0le peuple est le","og_url":"https:\/\/www.info-algerie.com\/actualites\/le-peuple-algerien-premier-decideur-dans-le-choix-de-ses-representants-belaid\/","og_site_name":"info algerie","article_publisher":"https:\/\/www.facebook.com\/infoalgerieactu","article_published_time":"2017-10-30T08:11:19+00:00","author":"La r\u00e9daction","twitter_misc":{"\u00c9crit par":"La r\u00e9daction","Dur\u00e9e de lecture estim\u00e9e":"2 minutes"},"schema":{"@context":"https:\/\/schema.org","@graph":[{"@type":"Article","@id":"https:\/\/www.info-algerie.com\/actualites\/le-peuple-algerien-premier-decideur-dans-le-choix-de-ses-representants-belaid\/#article","isPartOf":{"@id":"https:\/\/www.info-algerie.com\/actualites\/le-peuple-algerien-premier-decideur-dans-le-choix-de-ses-representants-belaid\/"},"author":{"name":"La r\u00e9daction","@id":"https:\/\/www.info-algerie.com\/actualites\/#\/schema\/person\/847aaec44920825b843a08f30ec6aa1e"},"headline":"Le peuple alg\u00e9rien, premier d\u00e9cideur dans le choix de ses repr\u00e9sentants (Belaid)","datePublished":"2017-10-30T08:11:19+00:00","mainEntityOfPage":{"@id":"https:\/\/www.info-algerie.com\/actualites\/le-peuple-algerien-premier-decideur-dans-le-choix-de-ses-representants-belaid\/"},"wordCount":370,"commentCount":0,"publisher":{"@id":"https:\/\/www.info-algerie.com\/actualites\/#organization"},"keywords":["ONU"],"articleSection":["infos"],"inLanguage":"fr-FR","potentialAction":[{"@type":"CommentAction","name":"Comment","target":["https:\/\/www.info-algerie.com\/actualites\/le-peuple-algerien-premier-decideur-dans-le-choix-de-ses-representants-belaid\/#respond"]}]},{"@type":"WebPage","@id":"https:\/\/www.info-algerie.com\/actualites\/le-peuple-algerien-premier-decideur-dans-le-choix-de-ses-representants-belaid\/","url":"https:\/\/www.info-algerie.com\/actualites\/le-peuple-algerien-premier-decideur-dans-le-choix-de-ses-representants-belaid\/","name":"Le peuple alg\u00e9rien, premier d\u00e9cideur dans le choix de ses repr\u00e9sentants (Belaid) - info algerie","isPartOf":{"@id":"https:\/\/www.info-algerie.com\/actualites\/#website"},"datePublished":"2017-10-30T08:11:19+00:00","breadcrumb":{"@id":"https:\/\/www.info-algerie.com\/actualites\/le-peuple-algerien-premier-decideur-dans-le-choix-de-ses-representants-belaid\/#breadcrumb"},"inLanguage":"fr-FR","potentialAction":[{"@type":"ReadAction","target":["https:\/\/www.info-algerie.com\/actualites\/le-peuple-algerien-premier-decideur-dans-le-choix-de-ses-representants-belaid\/"]}]},{"@type":"BreadcrumbList","@id":"https:\/\/www.info-algerie.com\/actualites\/le-peuple-algerien-premier-decideur-dans-le-choix-de-ses-representants-belaid\/#breadcrumb","itemListElement":[{"@type":"ListItem","position":1,"name":"Accueil","item":"https:\/\/www.info-algerie.com\/actualites\/"},{"@type":"ListItem","position":2,"name":"Le peuple alg\u00e9rien, premier d\u00e9cideur dans le choix de ses repr\u00e9sentants (Belaid)"}]},{"@type":"WebSite","@id":"https:\/\/www.info-algerie.com\/actualites\/#website","url":"https:\/\/www.info-algerie.com\/actualites\/","name":"info algerie","description":"Toutes les actualit\u00e9s","publisher":{"@id":"https:\/\/www.info-algerie.com\/actualites\/#organization"},"potentialAction":[{"@type":"SearchAction","target":{"@type":"EntryPoint","urlTemplate":"https:\/\/www.info-algerie.com\/actualites\/?s={search_term_string}"},"query-input":{"@type":"PropertyValueSpecification","valueRequired":true,"valueName":"search_term_string"}}],"inLanguage":"fr-FR"},{"@type":"Organization","@id":"https:\/\/www.info-algerie.com\/actualites\/#organization","name":"info algerie","url":"https:\/\/www.info-algerie.com\/actualites\/","logo":{"@type":"ImageObject","inLanguage":"fr-FR","@id":"https:\/\/www.info-algerie.com\/actualites\/#\/schema\/logo\/image\/","url":"https:\/\/www.info-algerie.com\/actualites\/wp-content\/uploads\/2022\/07\/logo-ia-120.png","contentUrl":"https:\/\/www.info-algerie.com\/actualites\/wp-content\/uploads\/2022\/07\/logo-ia-120.png","width":120,"height":43,"caption":"info algerie"},"image":{"@id":"https:\/\/www.info-algerie.com\/actualites\/#\/schema\/logo\/image\/"},"sameAs":["https:\/\/www.facebook.com\/infoalgerieactu","https:\/\/x.com\/infoalgerie1"]},{"@type":"Person","@id":"https:\/\/www.info-algerie.com\/actualites\/#\/schema\/person\/847aaec44920825b843a08f30ec6aa1e","name":"La r\u00e9daction","image":{"@type":"ImageObject","inLanguage":"fr-FR","@id":"https:\/\/secure.gravatar.com\/avatar\/769db425c6f465158149f1ffd6cf61ce7a8a879d11dfbef8288af36dfddd418c?s=96&d=mm&r=g","url":"https:\/\/secure.gravatar.com\/avatar\/769db425c6f465158149f1ffd6cf61ce7a8a879d11dfbef8288af36dfddd418c?s=96&d=mm&r=g","contentUrl":"https:\/\/secure.gravatar.com\/avatar\/769db425c6f465158149f1ffd6cf61ce7a8a879d11dfbef8288af36dfddd418c?s=96&d=mm&r=g","caption":"La r\u00e9daction"},"sameAs":["http:\/\/www.lkeria.com\/"],"url":"https:\/\/www.info-algerie.com\/actualites\/author\/chakib32\/"}]}},"_links":{"self":[{"href":"https:\/\/www.info-algerie.com\/actualites\/wp-json\/wp\/v2\/posts\/17401","targetHints":{"allow":["GET"]}}],"collection":[{"href":"https:\/\/www.info-algerie.com\/actualites\/wp-json\/wp\/v2\/posts"}],"about":[{"href":"https:\/\/www.info-algerie.com\/actualites\/wp-json\/wp\/v2\/types\/post"}],"author":[{"embeddable":true,"href":"https:\/\/www.info-algerie.com\/actualites\/wp-json\/wp\/v2\/users\/6"}],"replies":[{"embeddable":true,"href":"https:\/\/www.info-algerie.com\/actualites\/wp-json\/wp\/v2\/comments?post=17401"}],"version-history":[{"count":0,"href":"https:\/\/www.info-algerie.com\/actualites\/wp-json\/wp\/v2\/posts\/17401\/revisions"}],"wp:attachment":[{"href":"https:\/\/www.info-algerie.com\/actualites\/wp-json\/wp\/v2\/media?parent=17401"}],"wp:term":[{"taxonomy":"category","embeddable":true,"href":"https:\/\/www.info-algerie.com\/actualites\/wp-json\/wp\/v2\/categories?post=17401"},{"taxonomy":"post_tag","embeddable":true,"href":"https:\/\/www.info-algerie.com\/actualites\/wp-json\/wp\/v2\/tags?post=17401"}],"curies":[{"name":"wp","href":"https:\/\/api.w.org\/{rel}","templated":true}]}}