{"id":17408,"date":"2017-10-30T10:05:32","date_gmt":"2017-10-30T09:05:32","guid":{"rendered":"http:\/\/www.info-algerie.com\/actualites\/des-belges-temoignent-de-leur-adhesion-a-la-guerre-de-liberation-nationale\/"},"modified":"2017-10-30T10:05:32","modified_gmt":"2017-10-30T09:05:32","slug":"des-belges-temoignent-de-leur-adhesion-a-la-guerre-de-liberation-nationale","status":"publish","type":"post","link":"https:\/\/www.info-algerie.com\/actualites\/des-belges-temoignent-de-leur-adhesion-a-la-guerre-de-liberation-nationale\/","title":{"rendered":"Des Belges t\u00e9moignent de leur adh\u00e9sion \u00e0 la guerre de lib\u00e9ration nationale"},"content":{"rendered":"<div class=\"K2FeedImage\"><img decoding=\"async\" src=\"https:\/\/www.info-algerie.com\/actualites\/wp-content\/uploads\/2017\/10\/599847212371c6bcd988969f1927db36_S.jpg\" alt=\"Des Belges t&#xE9;moignent de leur adh&#xE9;sion &#xE0; la guerre de lib&#xE9;ration nationale\" \/><\/div>\n<div class=\"K2FeedIntroText\">\n<p style=\"text-align: left\"><strong>ALGER &#8211; Des Belges ont t\u00e9moign\u00e9 dimanche \u00e0 Alger sur les circonstances de leur engagement en faveur de la guerre de lib\u00e9ration nationale en int\u00e9grant les r\u00e9seaux porteurs de valise, de passeurs de militants de la r\u00e9volution.<\/strong><\/p>\n<p>&#013;\n<\/p><\/div>\n<div class=\"K2FeedFullText\">&#013;<\/p>\n<p>Lors de la table-ronde tenue \u00e0 la Biblioth\u00e8que nationale \u00e0 l&rsquo;occasion du <strong><a href=\"http:\/\/www.aps.dz\/algerie\/64416-un-colloque-a-alger-pour-faire-connaitre-l-apport-de-belges-a-la-revolution-algerienne\">colloque international \u00ab\u00a0Le Front du Nord : des Belges et la guerre d&rsquo;Alg\u00e9rie (1954-1962)\u00a0\u00bb<\/a><\/strong>, organis\u00e9e par l&rsquo;ambassade de Belgique en Alg\u00e9rie, Adeline Liebman a soulign\u00e9 que son adh\u00e9sion \u00e0 la cause alg\u00e9rienne a \u00e9t\u00e9 motiv\u00e9e par \u00ab\u00a0le d\u00e9sir et la conviction d&rsquo;apporter du soutien et de l&rsquo;aide aux militants alg\u00e9riens qui luttaient pour l&rsquo;Ind\u00e9pendance de leur pays\u00a0\u00bb.<\/p>\n<p>&#013;<\/p>\n<hr \/>\n<h3>Lire aussi:\u00a0<a href=\"http:\/\/www.aps.dz\/algerie\/64656-le-colloque-sur-des-belges-et-la-guerre-d-algerie-est-un-devoir-de-memoire-commune\" target=\"_blank\" rel=\"noopener noreferrer\">Le colloque sur des Belges et la guerre d\u2019Alg\u00e9rie est un devoir de m\u00e9moire commune<\/a><\/h3>\n<p>&#013;<\/p>\n<hr \/>\n<p>Relevant qu&rsquo;aussi bien elle que son entourage \u00ab\u00a0ne connaissait ni l&rsquo;Alg\u00e9rie, ni les Alg\u00e9riens\u00a0\u00bb, cette universitaire a t\u00e9moign\u00e9 comment elle a servi de \u00ab\u00a0pr\u00eate-nom\u00a0\u00bb ayant permis au FLN de se procurer des v\u00e9hicules pour le d\u00e9placement de ses cadres entre des pays europ\u00e9ens comme la France, la Belgique et l&rsquo;Allemagne.<\/p>\n<p>&#013;<\/p>\n<p>Pour sa part, Marc Rayet a plant\u00e9 l&rsquo;activisme des \u00e9tudiants belges \u00e0 l&rsquo;Universit\u00e9 Libe de Bruxelles (ULB) au profit de la cause alg\u00e9rienne, faisant \u00e9tat d&rsquo;une \u00ab\u00a0certaine osmose\u00a0\u00bb entre les diff\u00e9rents r\u00e9seaux clandestins de soutien aux militants du FLN.<\/p>\n<p>&#013;<\/p>\n<p>De son c\u00f4t\u00e9, Anne Somerhausen a mis en relief l&rsquo;engagement de son \u00e9poux, Luc, qui avait mis en place, \u00e0 partir de 1959, un r\u00e9seau de soutien aux Alg\u00e9riens avant de devenir en 1960 le responsable du r\u00e9seau Jeansen en\u00a0 Belgique.<\/p>\n<p>&#013;<\/p>\n<hr \/>\n<h3>Lire aussi:\u00a0<a href=\"http:\/\/www.aps.dz\/algerie\/64593-les-belges-dans-la-guerre-d-algerie-une-des-belles-pages-de-l-histoire-de-la-lutte-du-peuple-algerien-association\" target=\"_blank\" rel=\"noopener noreferrer\">Les Belges dans la guerre d&rsquo;Alg\u00e9rie: \u00ab\u00a0une des belles pages de l\u2019histoire de la lutte du peuple alg\u00e9rien\u00a0\u00bb<\/a><\/h3>\n<p>&#013;<\/p>\n<hr \/>\n<h2><a href=\"http:\/\/www.aps.dz\/algerie\/64593-les-belges-dans-la-guerre-d-algerie-une-des-belles-pages-de-l-histoire-de-la-lutte-du-peuple-algerien-association\" target=\"_blank\" rel=\"noopener noreferrer\">\u00a0<\/a>Luc Somerhausen, d\u00e9c\u00e9d\u00e9 en 2008 et connu sous le nom de guerre d&rsquo;Alex, a fait passer les diff\u00e9rentes fronti\u00e8res entre la France et la Belgique \u00e0 des militants alg\u00e9riens, tout comme il a assur\u00e9 les passages clandestins de la\u00a0 fronti\u00e8re, la mise \u00e0 leur disposition des h\u00e9bergements, de faux papiers et le transport d&rsquo;arme, a soulign\u00e9 son \u00e9pouse qui a relev\u00e9 que Luc insistait souvent pour qu&rsquo;il y ait toujours \u00ab\u00a0une chambre pour h\u00e9berger un ami\u00a0 alg\u00e9rien\u00a0\u00bb.<\/h2>\n<p>&#013;<\/p>\n<p>Henriette Moureaux, l&rsquo;autre belge engag\u00e9e au profit de la cause alg\u00e9rienne, a lu, avec une forte dose d&rsquo;\u00e9motion \u00e0 l&rsquo;assistance, un message de son mari Serge Moureaux, fondateur du collectif des avocats belges, mais qui n&rsquo;a pas pu se d\u00e9placer \u00e0 l&rsquo;occasion de ce colloque pour des raisons de sant\u00e9, et dans lequel il a rendu hommage au sens de la lutte et du sacrifice qui a anim\u00e9 les militants du FLN.<\/p>\n<p>&#013;<\/p>\n<hr \/>\n<h3>Lire aussi:\u00a0<a href=\"http:\/\/www.aps.dz\/algerie\/64591-l-action-des-avocats-belges-etait-une-tentative-de-relayer-l-intelligence-d-un-peuple-reduit-a-l-esclavage-serge-moureaux\" target=\"_blank\" rel=\"noopener noreferrer\">L&rsquo;action des avocats belges \u00e9tait une tentative de \u00ab\u00a0relayer l&rsquo;intelligence d&rsquo;un peuple r\u00e9duit \u00e0 l&rsquo;esclavage\u00a0\u00bb (Serge Moureaux)<\/a><\/h3>\n<p>&#013;<\/p>\n<hr \/>\n<p>Pour sa part, Suzy Thuy Rosendor a racont\u00e9 ses contacts avec les membres du comit\u00e9 f\u00e9d\u00e9ral de la F\u00e9d\u00e9ration de France du FLN, comme elle a tent\u00e9 de partager avec l&rsquo;assistance ses sentiments quand elle assurait\u00a0 notamment le transport r\u00e9gulier des cadres et des militants de l&rsquo;Organisation sp\u00e9ciale (OS) vers Paris, Lille, Amesterdam ou Cologne, mais aussi les liaisons au-del\u00e0 des fronti\u00e8res en ayant plusieurs fois la charge des documents et archives du FLN.<\/p>\n<p>&#013;<\/p>\n<p>Dans son introduction historique des travaux du colloque, Ali Haroun a mis en \u00e9vidence la n\u00e9cessite de \u00ab\u00a0distinguer\u00a0\u00bb au sein du peuple belge de l&rsquo;\u00e9poque \u00ab\u00a0la petite minorit\u00e9, consciente de l&rsquo;\u00e9volution irr\u00e9pressible du\u00a0 monde vers la d\u00e9colonisation, avec la grande majorit\u00e9 abreuv\u00e9e aux sources officielles influenc\u00e9e par les m\u00e9dias \u00e9tatiques de l&rsquo;\u00e9poque\u00a0\u00bb.<\/p>\n<p>&#013;<\/p>\n<hr \/>\n<h3>Lire aussi:\u00a0<a style=\"color: #0000cc\" href=\"http:\/\/www.aps.dz\/algerie\/64592-guerre-de-liberation-mon-travail-sur-le-mouvement-de-solidarite-belge-avec-les-algeriens-un-devoir-de-memoire-le-paige\" target=\"_blank\" rel=\"noopener noreferrer\">Guerre de lib\u00e9ration: mon travail la solidarit\u00e9 belge avec les Alg\u00e9riens, un \u00ab\u00a0devoir de m\u00e9moire\u00a0\u00bb (Le Paige)<\/a><\/h3>\n<p>&#013;<\/p>\n<hr \/>\n<p>A l&rsquo;occasion de ce colloque, Hugues Le Paige, r\u00e9alisateur du documentaire \u00ab\u00a0Le Front du Nord: des Belges et la guerre d\u2019Alg\u00e9rie 1954-1962\u00a0\u00bb, a annonc\u00e9 que la radio-t\u00e9l\u00e9vision belge francophone (RTBF) a d\u00e9cid\u00e9 de c\u00e9der les\u00a0 droits \u00e0 la t\u00e9l\u00e9vision publique alg\u00e9rienne afin qu&rsquo;elle puisse diffuser le documentaire d&rsquo;environ une heure.<\/p>\n<p>&#013;<\/p>\n<p class=\"MsoNormal\">Le documentaire projet\u00e9 lors de cette rencontre retrace la participation d&rsquo;\u00e9l\u00e9ments belges et leur contribution \u00e0 la guerre de lib\u00e9ration nationale.<\/p>\n<p>&#013;<\/p>\n<hr \/>\n<h3 class=\"MsoNormal\">Lire aussi:\u00a0<a href=\"http:\/\/www.aps.dz\/algerie\/64589-les-belges-dans-la-guerre-d-algerie-une-solidarite-peu-connue\" target=\"_blank\" rel=\"noopener noreferrer\">Les Belges dans la guerre d&rsquo;Alg\u00e9rie: une solidarit\u00e9 peu connue<\/a><\/h3>\n<p>&#013;<\/p>\n<hr \/>\n<h2>\u00a0<\/h2>\n<\/div>\n<p>&#013;<br \/>\nSource: <a href=\"http:\/\/www.aps.dz\/algerie\/64683-des-belges-temoignent-de-leur-adhesion-a-la-guerre-de-liberation-nationale\" target=\"_blank\">Des Belges t\u00e9moignent de leur adh\u00e9sion \u00e0 la guerre de lib\u00e9ration nationale<\/a><\/p>\n<!--CusAds0-->\n<div style=\"font-size: 0px; height: 0px; line-height: 0px; margin: 0; padding: 0; clear: both;\"><\/div>","protected":false},"excerpt":{"rendered":"<p>ALGER &#8211; Des Belges ont t\u00e9moign\u00e9 dimanche \u00e0 Alger sur les circonstances de leur engagement en faveur de la guerre de lib\u00e9ration nationale en int\u00e9grant les r\u00e9seaux porteurs de valise, de passeurs de militants de la r\u00e9volution. &#013; &#013; Lors de la table-ronde tenue \u00e0 la Biblioth\u00e8que nationale \u00e0 l&rsquo;occasion du colloque international \u00ab\u00a0Le Front<\/p>\n","protected":false},"author":6,"featured_media":17409,"comment_status":"open","ping_status":"open","sticky":false,"template":"","format":"standard","meta":{"footnotes":""},"categories":[22],"tags":[93],"class_list":["post-17408","post","type-post","status-publish","format-standard","has-post-thumbnail","hentry","category-infos","tag-onu"],"yoast_head":"<!-- This site is optimized with the Yoast SEO plugin v27.5 - https:\/\/yoast.com\/product\/yoast-seo-wordpress\/ -->\n<title>Des Belges t\u00e9moignent de leur adh\u00e9sion \u00e0 la guerre de lib\u00e9ration nationale - info algerie<\/title>\n<meta name=\"robots\" content=\"index, follow, max-snippet:-1, max-image-preview:large, max-video-preview:-1\" \/>\n<link rel=\"canonical\" href=\"https:\/\/www.info-algerie.com\/actualites\/des-belges-temoignent-de-leur-adhesion-a-la-guerre-de-liberation-nationale\/\" \/>\n<meta property=\"og:locale\" content=\"fr_FR\" \/>\n<meta property=\"og:type\" content=\"article\" \/>\n<meta property=\"og:title\" content=\"Des Belges t\u00e9moignent de leur adh\u00e9sion \u00e0 la guerre de lib\u00e9ration nationale - info algerie\" \/>\n<meta property=\"og:description\" content=\"ALGER &#8211; Des Belges ont t\u00e9moign\u00e9 dimanche \u00e0 Alger sur les circonstances de leur engagement en faveur de la guerre de lib\u00e9ration nationale en int\u00e9grant les r\u00e9seaux porteurs de valise, de passeurs de militants de la r\u00e9volution. &#013; &#013; Lors de la table-ronde tenue \u00e0 la Biblioth\u00e8que nationale \u00e0 l&rsquo;occasion du colloque international \u00ab\u00a0Le Front\" \/>\n<meta property=\"og:url\" content=\"https:\/\/www.info-algerie.com\/actualites\/des-belges-temoignent-de-leur-adhesion-a-la-guerre-de-liberation-nationale\/\" \/>\n<meta property=\"og:site_name\" content=\"info algerie\" \/>\n<meta property=\"article:publisher\" content=\"https:\/\/www.facebook.com\/infoalgerieactu\" \/>\n<meta property=\"article:published_time\" content=\"2017-10-30T09:05:32+00:00\" \/>\n<meta property=\"og:image\" content=\"https:\/\/www.info-algerie.com\/actualites\/wp-content\/uploads\/2017\/10\/599847212371c6bcd988969f1927db36_S-1.jpg\" \/>\n\t<meta property=\"og:image:width\" content=\"280\" \/>\n\t<meta property=\"og:image:height\" content=\"169\" \/>\n\t<meta property=\"og:image:type\" content=\"image\/jpeg\" \/>\n<meta name=\"author\" content=\"La r\u00e9daction\" \/>\n<meta name=\"twitter:label1\" content=\"\u00c9crit par\" \/>\n\t<meta name=\"twitter:data1\" content=\"La r\u00e9daction\" \/>\n\t<meta name=\"twitter:label2\" content=\"Dur\u00e9e de lecture estim\u00e9e\" \/>\n\t<meta name=\"twitter:data2\" content=\"4 minutes\" \/>\n<script type=\"application\/ld+json\" class=\"yoast-schema-graph\">{\"@context\":\"https:\\\/\\\/schema.org\",\"@graph\":[{\"@type\":\"Article\",\"@id\":\"https:\\\/\\\/www.info-algerie.com\\\/actualites\\\/des-belges-temoignent-de-leur-adhesion-a-la-guerre-de-liberation-nationale\\\/#article\",\"isPartOf\":{\"@id\":\"https:\\\/\\\/www.info-algerie.com\\\/actualites\\\/des-belges-temoignent-de-leur-adhesion-a-la-guerre-de-liberation-nationale\\\/\"},\"author\":{\"name\":\"La r\u00e9daction\",\"@id\":\"https:\\\/\\\/www.info-algerie.com\\\/actualites\\\/#\\\/schema\\\/person\\\/847aaec44920825b843a08f30ec6aa1e\"},\"headline\":\"Des Belges t\u00e9moignent de leur adh\u00e9sion \u00e0 la guerre de lib\u00e9ration nationale\",\"datePublished\":\"2017-10-30T09:05:32+00:00\",\"mainEntityOfPage\":{\"@id\":\"https:\\\/\\\/www.info-algerie.com\\\/actualites\\\/des-belges-temoignent-de-leur-adhesion-a-la-guerre-de-liberation-nationale\\\/\"},\"wordCount\":794,\"commentCount\":0,\"publisher\":{\"@id\":\"https:\\\/\\\/www.info-algerie.com\\\/actualites\\\/#organization\"},\"image\":{\"@id\":\"https:\\\/\\\/www.info-algerie.com\\\/actualites\\\/des-belges-temoignent-de-leur-adhesion-a-la-guerre-de-liberation-nationale\\\/#primaryimage\"},\"thumbnailUrl\":\"https:\\\/\\\/www.info-algerie.com\\\/actualites\\\/wp-content\\\/uploads\\\/2017\\\/10\\\/599847212371c6bcd988969f1927db36_S-1.jpg\",\"keywords\":[\"ONU\"],\"articleSection\":[\"infos\"],\"inLanguage\":\"fr-FR\",\"potentialAction\":[{\"@type\":\"CommentAction\",\"name\":\"Comment\",\"target\":[\"https:\\\/\\\/www.info-algerie.com\\\/actualites\\\/des-belges-temoignent-de-leur-adhesion-a-la-guerre-de-liberation-nationale\\\/#respond\"]}]},{\"@type\":\"WebPage\",\"@id\":\"https:\\\/\\\/www.info-algerie.com\\\/actualites\\\/des-belges-temoignent-de-leur-adhesion-a-la-guerre-de-liberation-nationale\\\/\",\"url\":\"https:\\\/\\\/www.info-algerie.com\\\/actualites\\\/des-belges-temoignent-de-leur-adhesion-a-la-guerre-de-liberation-nationale\\\/\",\"name\":\"Des Belges t\u00e9moignent de leur adh\u00e9sion \u00e0 la guerre de lib\u00e9ration nationale - info algerie\",\"isPartOf\":{\"@id\":\"https:\\\/\\\/www.info-algerie.com\\\/actualites\\\/#website\"},\"primaryImageOfPage\":{\"@id\":\"https:\\\/\\\/www.info-algerie.com\\\/actualites\\\/des-belges-temoignent-de-leur-adhesion-a-la-guerre-de-liberation-nationale\\\/#primaryimage\"},\"image\":{\"@id\":\"https:\\\/\\\/www.info-algerie.com\\\/actualites\\\/des-belges-temoignent-de-leur-adhesion-a-la-guerre-de-liberation-nationale\\\/#primaryimage\"},\"thumbnailUrl\":\"https:\\\/\\\/www.info-algerie.com\\\/actualites\\\/wp-content\\\/uploads\\\/2017\\\/10\\\/599847212371c6bcd988969f1927db36_S-1.jpg\",\"datePublished\":\"2017-10-30T09:05:32+00:00\",\"breadcrumb\":{\"@id\":\"https:\\\/\\\/www.info-algerie.com\\\/actualites\\\/des-belges-temoignent-de-leur-adhesion-a-la-guerre-de-liberation-nationale\\\/#breadcrumb\"},\"inLanguage\":\"fr-FR\",\"potentialAction\":[{\"@type\":\"ReadAction\",\"target\":[\"https:\\\/\\\/www.info-algerie.com\\\/actualites\\\/des-belges-temoignent-de-leur-adhesion-a-la-guerre-de-liberation-nationale\\\/\"]}]},{\"@type\":\"ImageObject\",\"inLanguage\":\"fr-FR\",\"@id\":\"https:\\\/\\\/www.info-algerie.com\\\/actualites\\\/des-belges-temoignent-de-leur-adhesion-a-la-guerre-de-liberation-nationale\\\/#primaryimage\",\"url\":\"https:\\\/\\\/www.info-algerie.com\\\/actualites\\\/wp-content\\\/uploads\\\/2017\\\/10\\\/599847212371c6bcd988969f1927db36_S-1.jpg\",\"contentUrl\":\"https:\\\/\\\/www.info-algerie.com\\\/actualites\\\/wp-content\\\/uploads\\\/2017\\\/10\\\/599847212371c6bcd988969f1927db36_S-1.jpg\",\"width\":280,\"height\":169},{\"@type\":\"BreadcrumbList\",\"@id\":\"https:\\\/\\\/www.info-algerie.com\\\/actualites\\\/des-belges-temoignent-de-leur-adhesion-a-la-guerre-de-liberation-nationale\\\/#breadcrumb\",\"itemListElement\":[{\"@type\":\"ListItem\",\"position\":1,\"name\":\"Accueil\",\"item\":\"https:\\\/\\\/www.info-algerie.com\\\/actualites\\\/\"},{\"@type\":\"ListItem\",\"position\":2,\"name\":\"Des Belges t\u00e9moignent de leur adh\u00e9sion \u00e0 la guerre de lib\u00e9ration nationale\"}]},{\"@type\":\"WebSite\",\"@id\":\"https:\\\/\\\/www.info-algerie.com\\\/actualites\\\/#website\",\"url\":\"https:\\\/\\\/www.info-algerie.com\\\/actualites\\\/\",\"name\":\"info algerie\",\"description\":\"Toutes les actualit\u00e9s\",\"publisher\":{\"@id\":\"https:\\\/\\\/www.info-algerie.com\\\/actualites\\\/#organization\"},\"potentialAction\":[{\"@type\":\"SearchAction\",\"target\":{\"@type\":\"EntryPoint\",\"urlTemplate\":\"https:\\\/\\\/www.info-algerie.com\\\/actualites\\\/?s={search_term_string}\"},\"query-input\":{\"@type\":\"PropertyValueSpecification\",\"valueRequired\":true,\"valueName\":\"search_term_string\"}}],\"inLanguage\":\"fr-FR\"},{\"@type\":\"Organization\",\"@id\":\"https:\\\/\\\/www.info-algerie.com\\\/actualites\\\/#organization\",\"name\":\"info algerie\",\"url\":\"https:\\\/\\\/www.info-algerie.com\\\/actualites\\\/\",\"logo\":{\"@type\":\"ImageObject\",\"inLanguage\":\"fr-FR\",\"@id\":\"https:\\\/\\\/www.info-algerie.com\\\/actualites\\\/#\\\/schema\\\/logo\\\/image\\\/\",\"url\":\"https:\\\/\\\/www.info-algerie.com\\\/actualites\\\/wp-content\\\/uploads\\\/2022\\\/07\\\/logo-ia-120.png\",\"contentUrl\":\"https:\\\/\\\/www.info-algerie.com\\\/actualites\\\/wp-content\\\/uploads\\\/2022\\\/07\\\/logo-ia-120.png\",\"width\":120,\"height\":43,\"caption\":\"info algerie\"},\"image\":{\"@id\":\"https:\\\/\\\/www.info-algerie.com\\\/actualites\\\/#\\\/schema\\\/logo\\\/image\\\/\"},\"sameAs\":[\"https:\\\/\\\/www.facebook.com\\\/infoalgerieactu\",\"https:\\\/\\\/x.com\\\/infoalgerie1\"]},{\"@type\":\"Person\",\"@id\":\"https:\\\/\\\/www.info-algerie.com\\\/actualites\\\/#\\\/schema\\\/person\\\/847aaec44920825b843a08f30ec6aa1e\",\"name\":\"La r\u00e9daction\",\"image\":{\"@type\":\"ImageObject\",\"inLanguage\":\"fr-FR\",\"@id\":\"https:\\\/\\\/secure.gravatar.com\\\/avatar\\\/769db425c6f465158149f1ffd6cf61ce7a8a879d11dfbef8288af36dfddd418c?s=96&d=mm&r=g\",\"url\":\"https:\\\/\\\/secure.gravatar.com\\\/avatar\\\/769db425c6f465158149f1ffd6cf61ce7a8a879d11dfbef8288af36dfddd418c?s=96&d=mm&r=g\",\"contentUrl\":\"https:\\\/\\\/secure.gravatar.com\\\/avatar\\\/769db425c6f465158149f1ffd6cf61ce7a8a879d11dfbef8288af36dfddd418c?s=96&d=mm&r=g\",\"caption\":\"La r\u00e9daction\"},\"sameAs\":[\"http:\\\/\\\/www.lkeria.com\\\/\"],\"url\":\"https:\\\/\\\/www.info-algerie.com\\\/actualites\\\/author\\\/chakib32\\\/\"}]}<\/script>\n<!-- \/ Yoast SEO plugin. -->","yoast_head_json":{"title":"Des Belges t\u00e9moignent de leur adh\u00e9sion \u00e0 la guerre de lib\u00e9ration nationale - info algerie","robots":{"index":"index","follow":"follow","max-snippet":"max-snippet:-1","max-image-preview":"max-image-preview:large","max-video-preview":"max-video-preview:-1"},"canonical":"https:\/\/www.info-algerie.com\/actualites\/des-belges-temoignent-de-leur-adhesion-a-la-guerre-de-liberation-nationale\/","og_locale":"fr_FR","og_type":"article","og_title":"Des Belges t\u00e9moignent de leur adh\u00e9sion \u00e0 la guerre de lib\u00e9ration nationale - info algerie","og_description":"ALGER &#8211; Des Belges ont t\u00e9moign\u00e9 dimanche \u00e0 Alger sur les circonstances de leur engagement en faveur de la guerre de lib\u00e9ration nationale en int\u00e9grant les r\u00e9seaux porteurs de valise, de passeurs de militants de la r\u00e9volution. &#013; &#013; Lors de la table-ronde tenue \u00e0 la Biblioth\u00e8que nationale \u00e0 l&rsquo;occasion du colloque international \u00ab\u00a0Le Front","og_url":"https:\/\/www.info-algerie.com\/actualites\/des-belges-temoignent-de-leur-adhesion-a-la-guerre-de-liberation-nationale\/","og_site_name":"info algerie","article_publisher":"https:\/\/www.facebook.com\/infoalgerieactu","article_published_time":"2017-10-30T09:05:32+00:00","og_image":[{"width":280,"height":169,"url":"https:\/\/www.info-algerie.com\/actualites\/wp-content\/uploads\/2017\/10\/599847212371c6bcd988969f1927db36_S-1.jpg","type":"image\/jpeg"}],"author":"La r\u00e9daction","twitter_misc":{"\u00c9crit par":"La r\u00e9daction","Dur\u00e9e de lecture estim\u00e9e":"4 minutes"},"schema":{"@context":"https:\/\/schema.org","@graph":[{"@type":"Article","@id":"https:\/\/www.info-algerie.com\/actualites\/des-belges-temoignent-de-leur-adhesion-a-la-guerre-de-liberation-nationale\/#article","isPartOf":{"@id":"https:\/\/www.info-algerie.com\/actualites\/des-belges-temoignent-de-leur-adhesion-a-la-guerre-de-liberation-nationale\/"},"author":{"name":"La r\u00e9daction","@id":"https:\/\/www.info-algerie.com\/actualites\/#\/schema\/person\/847aaec44920825b843a08f30ec6aa1e"},"headline":"Des Belges t\u00e9moignent de leur adh\u00e9sion \u00e0 la guerre de lib\u00e9ration nationale","datePublished":"2017-10-30T09:05:32+00:00","mainEntityOfPage":{"@id":"https:\/\/www.info-algerie.com\/actualites\/des-belges-temoignent-de-leur-adhesion-a-la-guerre-de-liberation-nationale\/"},"wordCount":794,"commentCount":0,"publisher":{"@id":"https:\/\/www.info-algerie.com\/actualites\/#organization"},"image":{"@id":"https:\/\/www.info-algerie.com\/actualites\/des-belges-temoignent-de-leur-adhesion-a-la-guerre-de-liberation-nationale\/#primaryimage"},"thumbnailUrl":"https:\/\/www.info-algerie.com\/actualites\/wp-content\/uploads\/2017\/10\/599847212371c6bcd988969f1927db36_S-1.jpg","keywords":["ONU"],"articleSection":["infos"],"inLanguage":"fr-FR","potentialAction":[{"@type":"CommentAction","name":"Comment","target":["https:\/\/www.info-algerie.com\/actualites\/des-belges-temoignent-de-leur-adhesion-a-la-guerre-de-liberation-nationale\/#respond"]}]},{"@type":"WebPage","@id":"https:\/\/www.info-algerie.com\/actualites\/des-belges-temoignent-de-leur-adhesion-a-la-guerre-de-liberation-nationale\/","url":"https:\/\/www.info-algerie.com\/actualites\/des-belges-temoignent-de-leur-adhesion-a-la-guerre-de-liberation-nationale\/","name":"Des Belges t\u00e9moignent de leur adh\u00e9sion \u00e0 la guerre de lib\u00e9ration nationale - info algerie","isPartOf":{"@id":"https:\/\/www.info-algerie.com\/actualites\/#website"},"primaryImageOfPage":{"@id":"https:\/\/www.info-algerie.com\/actualites\/des-belges-temoignent-de-leur-adhesion-a-la-guerre-de-liberation-nationale\/#primaryimage"},"image":{"@id":"https:\/\/www.info-algerie.com\/actualites\/des-belges-temoignent-de-leur-adhesion-a-la-guerre-de-liberation-nationale\/#primaryimage"},"thumbnailUrl":"https:\/\/www.info-algerie.com\/actualites\/wp-content\/uploads\/2017\/10\/599847212371c6bcd988969f1927db36_S-1.jpg","datePublished":"2017-10-30T09:05:32+00:00","breadcrumb":{"@id":"https:\/\/www.info-algerie.com\/actualites\/des-belges-temoignent-de-leur-adhesion-a-la-guerre-de-liberation-nationale\/#breadcrumb"},"inLanguage":"fr-FR","potentialAction":[{"@type":"ReadAction","target":["https:\/\/www.info-algerie.com\/actualites\/des-belges-temoignent-de-leur-adhesion-a-la-guerre-de-liberation-nationale\/"]}]},{"@type":"ImageObject","inLanguage":"fr-FR","@id":"https:\/\/www.info-algerie.com\/actualites\/des-belges-temoignent-de-leur-adhesion-a-la-guerre-de-liberation-nationale\/#primaryimage","url":"https:\/\/www.info-algerie.com\/actualites\/wp-content\/uploads\/2017\/10\/599847212371c6bcd988969f1927db36_S-1.jpg","contentUrl":"https:\/\/www.info-algerie.com\/actualites\/wp-content\/uploads\/2017\/10\/599847212371c6bcd988969f1927db36_S-1.jpg","width":280,"height":169},{"@type":"BreadcrumbList","@id":"https:\/\/www.info-algerie.com\/actualites\/des-belges-temoignent-de-leur-adhesion-a-la-guerre-de-liberation-nationale\/#breadcrumb","itemListElement":[{"@type":"ListItem","position":1,"name":"Accueil","item":"https:\/\/www.info-algerie.com\/actualites\/"},{"@type":"ListItem","position":2,"name":"Des Belges t\u00e9moignent de leur adh\u00e9sion \u00e0 la guerre de lib\u00e9ration nationale"}]},{"@type":"WebSite","@id":"https:\/\/www.info-algerie.com\/actualites\/#website","url":"https:\/\/www.info-algerie.com\/actualites\/","name":"info algerie","description":"Toutes les actualit\u00e9s","publisher":{"@id":"https:\/\/www.info-algerie.com\/actualites\/#organization"},"potentialAction":[{"@type":"SearchAction","target":{"@type":"EntryPoint","urlTemplate":"https:\/\/www.info-algerie.com\/actualites\/?s={search_term_string}"},"query-input":{"@type":"PropertyValueSpecification","valueRequired":true,"valueName":"search_term_string"}}],"inLanguage":"fr-FR"},{"@type":"Organization","@id":"https:\/\/www.info-algerie.com\/actualites\/#organization","name":"info algerie","url":"https:\/\/www.info-algerie.com\/actualites\/","logo":{"@type":"ImageObject","inLanguage":"fr-FR","@id":"https:\/\/www.info-algerie.com\/actualites\/#\/schema\/logo\/image\/","url":"https:\/\/www.info-algerie.com\/actualites\/wp-content\/uploads\/2022\/07\/logo-ia-120.png","contentUrl":"https:\/\/www.info-algerie.com\/actualites\/wp-content\/uploads\/2022\/07\/logo-ia-120.png","width":120,"height":43,"caption":"info algerie"},"image":{"@id":"https:\/\/www.info-algerie.com\/actualites\/#\/schema\/logo\/image\/"},"sameAs":["https:\/\/www.facebook.com\/infoalgerieactu","https:\/\/x.com\/infoalgerie1"]},{"@type":"Person","@id":"https:\/\/www.info-algerie.com\/actualites\/#\/schema\/person\/847aaec44920825b843a08f30ec6aa1e","name":"La r\u00e9daction","image":{"@type":"ImageObject","inLanguage":"fr-FR","@id":"https:\/\/secure.gravatar.com\/avatar\/769db425c6f465158149f1ffd6cf61ce7a8a879d11dfbef8288af36dfddd418c?s=96&d=mm&r=g","url":"https:\/\/secure.gravatar.com\/avatar\/769db425c6f465158149f1ffd6cf61ce7a8a879d11dfbef8288af36dfddd418c?s=96&d=mm&r=g","contentUrl":"https:\/\/secure.gravatar.com\/avatar\/769db425c6f465158149f1ffd6cf61ce7a8a879d11dfbef8288af36dfddd418c?s=96&d=mm&r=g","caption":"La r\u00e9daction"},"sameAs":["http:\/\/www.lkeria.com\/"],"url":"https:\/\/www.info-algerie.com\/actualites\/author\/chakib32\/"}]}},"_links":{"self":[{"href":"https:\/\/www.info-algerie.com\/actualites\/wp-json\/wp\/v2\/posts\/17408","targetHints":{"allow":["GET"]}}],"collection":[{"href":"https:\/\/www.info-algerie.com\/actualites\/wp-json\/wp\/v2\/posts"}],"about":[{"href":"https:\/\/www.info-algerie.com\/actualites\/wp-json\/wp\/v2\/types\/post"}],"author":[{"embeddable":true,"href":"https:\/\/www.info-algerie.com\/actualites\/wp-json\/wp\/v2\/users\/6"}],"replies":[{"embeddable":true,"href":"https:\/\/www.info-algerie.com\/actualites\/wp-json\/wp\/v2\/comments?post=17408"}],"version-history":[{"count":0,"href":"https:\/\/www.info-algerie.com\/actualites\/wp-json\/wp\/v2\/posts\/17408\/revisions"}],"wp:featuredmedia":[{"embeddable":true,"href":"https:\/\/www.info-algerie.com\/actualites\/wp-json\/wp\/v2\/media\/17409"}],"wp:attachment":[{"href":"https:\/\/www.info-algerie.com\/actualites\/wp-json\/wp\/v2\/media?parent=17408"}],"wp:term":[{"taxonomy":"category","embeddable":true,"href":"https:\/\/www.info-algerie.com\/actualites\/wp-json\/wp\/v2\/categories?post=17408"},{"taxonomy":"post_tag","embeddable":true,"href":"https:\/\/www.info-algerie.com\/actualites\/wp-json\/wp\/v2\/tags?post=17408"}],"curies":[{"name":"wp","href":"https:\/\/api.w.org\/{rel}","templated":true}]}}