{"id":17420,"date":"2017-10-30T11:39:15","date_gmt":"2017-10-30T10:39:15","guid":{"rendered":"http:\/\/www.info-algerie.com\/actualites\/le-mouvement-el-islah-sengage-a-presenter-un-programme-local-complementaireghouini\/"},"modified":"2017-10-30T11:39:15","modified_gmt":"2017-10-30T10:39:15","slug":"le-mouvement-el-islah-sengage-a-presenter-un-programme-local-complementaireghouini","status":"publish","type":"post","link":"https:\/\/www.info-algerie.com\/actualites\/le-mouvement-el-islah-sengage-a-presenter-un-programme-local-complementaireghouini\/","title":{"rendered":"Le Mouvement El Islah s&#039;engage \u00e0 pr\u00e9senter un programme local compl\u00e9mentaire\/Ghouini"},"content":{"rendered":"<div class=\"K2FeedIntroText\">\n<p>BLIDA &#8211; Le pr\u00e9sident du Mouvement El Islah, Filali Ghouini, s&rsquo;est engag\u00e9 dimanche \u00e0 Blida, lors de son premier meeting, \u00e0 pr\u00e9senter un programme local compl\u00e9mentaire, r\u00e9alisable sur le terrain, appelant les citoyens \u00e0 choisir, le 23 novembre, les candidats de son parti pour les repr\u00e9senter aux Assembl\u00e9es populaires communales (APC) et aux Assembl\u00e9es populaires de wilaya (APW).<\/p>\n<p>&#013;\n<\/p><\/div>\n<div class=\"K2FeedFullText\">&#013;<\/p>\n<p>Lors d&rsquo;un meeting anim\u00e9 au centre culturel de la ville d\u2019Ouled Yaiche, au premier jour de la campagne \u00e9lectorale en perspective des \u00e9lections locales du 23 novembre prochain, M. Ghouini a expliqu\u00e9 que le programme de son parti s&rsquo;articulait autour de neuf axes en relation avec les pr\u00e9occupations quotidiennes des citoyens, notamment dans les domaines de la sant\u00e9, de l&rsquo;\u00e9ducation et de l&rsquo;environnement.<\/p>\n<p>&#013;<\/p>\n<p>Cette formation politique, pr\u00e9sentera lors de ce rendez-vous \u00e9lectoral, \u00ab\u00a0un nouveau mod\u00e8le dans l&rsquo;action de concertation bas\u00e9 sur la participation des citoyens dans la concr\u00e9tisation des plans de d\u00e9veloppement, a ajout\u00e9 M. Ghouini<\/p>\n<p>&#013;<\/p>\n<p>Le m\u00eame responsable a indiqu\u00e9 que les candidats du mouvement s&rsquo;engagent, dans le cas ou ils obtiendront des si\u00e8ges dans les APC et les APW, \u00e0 ouvrir les portes du dialogue au citoyen afin qu&rsquo;il soit une partie\u00a0 importante dans le processus de r\u00e9alisation du d\u00e9veloppement local, appelant les militants du parti \u00e0 convaincre les \u00e9lecteurs, notamment les jeunes \u00e0 se diriger en masse vers les urnes le 23 novembre pour accomplir leur devoir national et contribuer ainsi \u00e0 la r\u00e9alisation du d\u00e9veloppement national.<\/p>\n<p>&#013;<\/p>\n<p>A l&rsquo;issue de ce meeting, M.Ghouini a anim\u00e9 une rencontre de proximit\u00e9 avec les citoyens de Blida, qui ont pr\u00e9sent\u00e9 leurs pr\u00e9occupations.<\/p>\n<p>&#013;<\/p>\n<p class=\"MsoNormal\">Le Mouvement El Islah participera aux \u00e9lections locales dans plus de 100 communes au niveau de 22 wilayas. Les listes sont compos\u00e9 de cadres universitaires, dont la plupart sont des jeunes, a ajout\u00e9 M.Gouini.<\/p>\n<\/div>\n<p>&#013;<br \/>\nSource: <a href=\"http:\/\/www.aps.dz\/algerie\/64693-le-mouvement-el-islah-s-engage-a-presenter-un-programme-local-complementaire-ghouini\" target=\"_blank\">Le Mouvement El Islah s&rsquo;engage \u00e0 pr\u00e9senter un programme local compl\u00e9mentaire\/Ghouini<\/a><\/p>\n<!--CusAds0-->\n<div style=\"font-size: 0px; height: 0px; line-height: 0px; margin: 0; padding: 0; clear: both;\"><\/div>","protected":false},"excerpt":{"rendered":"<p>BLIDA &#8211; Le pr\u00e9sident du Mouvement El Islah, Filali Ghouini, s&rsquo;est engag\u00e9 dimanche \u00e0 Blida, lors de son premier meeting, \u00e0 pr\u00e9senter un programme local compl\u00e9mentaire, r\u00e9alisable sur le terrain, appelant les citoyens \u00e0 choisir, le 23 novembre, les candidats de son parti pour les repr\u00e9senter aux Assembl\u00e9es populaires communales (APC) et aux Assembl\u00e9es populaires<\/p>\n","protected":false},"author":6,"featured_media":0,"comment_status":"open","ping_status":"open","sticky":false,"template":"","format":"standard","meta":{"footnotes":""},"categories":[22],"tags":[93],"class_list":["post-17420","post","type-post","status-publish","format-standard","hentry","category-infos","tag-onu"],"yoast_head":"<!-- This site is optimized with the Yoast SEO plugin v27.5 - https:\/\/yoast.com\/product\/yoast-seo-wordpress\/ -->\n<title>Le Mouvement El Islah s&#039;engage \u00e0 pr\u00e9senter un programme local compl\u00e9mentaire\/Ghouini - info algerie<\/title>\n<meta name=\"robots\" content=\"index, follow, max-snippet:-1, max-image-preview:large, max-video-preview:-1\" \/>\n<link rel=\"canonical\" href=\"https:\/\/www.info-algerie.com\/actualites\/le-mouvement-el-islah-sengage-a-presenter-un-programme-local-complementaireghouini\/\" \/>\n<meta property=\"og:locale\" content=\"fr_FR\" \/>\n<meta property=\"og:type\" content=\"article\" \/>\n<meta property=\"og:title\" content=\"Le Mouvement El Islah s&#039;engage \u00e0 pr\u00e9senter un programme local compl\u00e9mentaire\/Ghouini - info algerie\" \/>\n<meta property=\"og:description\" content=\"BLIDA &#8211; Le pr\u00e9sident du Mouvement El Islah, Filali Ghouini, s&rsquo;est engag\u00e9 dimanche \u00e0 Blida, lors de son premier meeting, \u00e0 pr\u00e9senter un programme local compl\u00e9mentaire, r\u00e9alisable sur le terrain, appelant les citoyens \u00e0 choisir, le 23 novembre, les candidats de son parti pour les repr\u00e9senter aux Assembl\u00e9es populaires communales (APC) et aux Assembl\u00e9es populaires\" \/>\n<meta property=\"og:url\" content=\"https:\/\/www.info-algerie.com\/actualites\/le-mouvement-el-islah-sengage-a-presenter-un-programme-local-complementaireghouini\/\" \/>\n<meta property=\"og:site_name\" content=\"info algerie\" \/>\n<meta property=\"article:publisher\" content=\"https:\/\/www.facebook.com\/infoalgerieactu\" \/>\n<meta property=\"article:published_time\" content=\"2017-10-30T10:39:15+00:00\" \/>\n<meta name=\"author\" content=\"La r\u00e9daction\" \/>\n<meta name=\"twitter:label1\" content=\"\u00c9crit par\" \/>\n\t<meta name=\"twitter:data1\" content=\"La r\u00e9daction\" \/>\n\t<meta name=\"twitter:label2\" content=\"Dur\u00e9e de lecture estim\u00e9e\" \/>\n\t<meta name=\"twitter:data2\" content=\"2 minutes\" \/>\n<script type=\"application\/ld+json\" class=\"yoast-schema-graph\">{\"@context\":\"https:\\\/\\\/schema.org\",\"@graph\":[{\"@type\":\"Article\",\"@id\":\"https:\\\/\\\/www.info-algerie.com\\\/actualites\\\/le-mouvement-el-islah-sengage-a-presenter-un-programme-local-complementaireghouini\\\/#article\",\"isPartOf\":{\"@id\":\"https:\\\/\\\/www.info-algerie.com\\\/actualites\\\/le-mouvement-el-islah-sengage-a-presenter-un-programme-local-complementaireghouini\\\/\"},\"author\":{\"name\":\"La r\u00e9daction\",\"@id\":\"https:\\\/\\\/www.info-algerie.com\\\/actualites\\\/#\\\/schema\\\/person\\\/847aaec44920825b843a08f30ec6aa1e\"},\"headline\":\"Le Mouvement El Islah s&#039;engage \u00e0 pr\u00e9senter un programme local compl\u00e9mentaire\\\/Ghouini\",\"datePublished\":\"2017-10-30T10:39:15+00:00\",\"mainEntityOfPage\":{\"@id\":\"https:\\\/\\\/www.info-algerie.com\\\/actualites\\\/le-mouvement-el-islah-sengage-a-presenter-un-programme-local-complementaireghouini\\\/\"},\"wordCount\":343,\"commentCount\":0,\"publisher\":{\"@id\":\"https:\\\/\\\/www.info-algerie.com\\\/actualites\\\/#organization\"},\"keywords\":[\"ONU\"],\"articleSection\":[\"infos\"],\"inLanguage\":\"fr-FR\",\"potentialAction\":[{\"@type\":\"CommentAction\",\"name\":\"Comment\",\"target\":[\"https:\\\/\\\/www.info-algerie.com\\\/actualites\\\/le-mouvement-el-islah-sengage-a-presenter-un-programme-local-complementaireghouini\\\/#respond\"]}]},{\"@type\":\"WebPage\",\"@id\":\"https:\\\/\\\/www.info-algerie.com\\\/actualites\\\/le-mouvement-el-islah-sengage-a-presenter-un-programme-local-complementaireghouini\\\/\",\"url\":\"https:\\\/\\\/www.info-algerie.com\\\/actualites\\\/le-mouvement-el-islah-sengage-a-presenter-un-programme-local-complementaireghouini\\\/\",\"name\":\"Le Mouvement El Islah s&#039;engage \u00e0 pr\u00e9senter un programme local compl\u00e9mentaire\\\/Ghouini - info algerie\",\"isPartOf\":{\"@id\":\"https:\\\/\\\/www.info-algerie.com\\\/actualites\\\/#website\"},\"datePublished\":\"2017-10-30T10:39:15+00:00\",\"breadcrumb\":{\"@id\":\"https:\\\/\\\/www.info-algerie.com\\\/actualites\\\/le-mouvement-el-islah-sengage-a-presenter-un-programme-local-complementaireghouini\\\/#breadcrumb\"},\"inLanguage\":\"fr-FR\",\"potentialAction\":[{\"@type\":\"ReadAction\",\"target\":[\"https:\\\/\\\/www.info-algerie.com\\\/actualites\\\/le-mouvement-el-islah-sengage-a-presenter-un-programme-local-complementaireghouini\\\/\"]}]},{\"@type\":\"BreadcrumbList\",\"@id\":\"https:\\\/\\\/www.info-algerie.com\\\/actualites\\\/le-mouvement-el-islah-sengage-a-presenter-un-programme-local-complementaireghouini\\\/#breadcrumb\",\"itemListElement\":[{\"@type\":\"ListItem\",\"position\":1,\"name\":\"Accueil\",\"item\":\"https:\\\/\\\/www.info-algerie.com\\\/actualites\\\/\"},{\"@type\":\"ListItem\",\"position\":2,\"name\":\"Le Mouvement El Islah s&#039;engage \u00e0 pr\u00e9senter un programme local compl\u00e9mentaire\\\/Ghouini\"}]},{\"@type\":\"WebSite\",\"@id\":\"https:\\\/\\\/www.info-algerie.com\\\/actualites\\\/#website\",\"url\":\"https:\\\/\\\/www.info-algerie.com\\\/actualites\\\/\",\"name\":\"info algerie\",\"description\":\"Toutes les actualit\u00e9s\",\"publisher\":{\"@id\":\"https:\\\/\\\/www.info-algerie.com\\\/actualites\\\/#organization\"},\"potentialAction\":[{\"@type\":\"SearchAction\",\"target\":{\"@type\":\"EntryPoint\",\"urlTemplate\":\"https:\\\/\\\/www.info-algerie.com\\\/actualites\\\/?s={search_term_string}\"},\"query-input\":{\"@type\":\"PropertyValueSpecification\",\"valueRequired\":true,\"valueName\":\"search_term_string\"}}],\"inLanguage\":\"fr-FR\"},{\"@type\":\"Organization\",\"@id\":\"https:\\\/\\\/www.info-algerie.com\\\/actualites\\\/#organization\",\"name\":\"info algerie\",\"url\":\"https:\\\/\\\/www.info-algerie.com\\\/actualites\\\/\",\"logo\":{\"@type\":\"ImageObject\",\"inLanguage\":\"fr-FR\",\"@id\":\"https:\\\/\\\/www.info-algerie.com\\\/actualites\\\/#\\\/schema\\\/logo\\\/image\\\/\",\"url\":\"https:\\\/\\\/www.info-algerie.com\\\/actualites\\\/wp-content\\\/uploads\\\/2022\\\/07\\\/logo-ia-120.png\",\"contentUrl\":\"https:\\\/\\\/www.info-algerie.com\\\/actualites\\\/wp-content\\\/uploads\\\/2022\\\/07\\\/logo-ia-120.png\",\"width\":120,\"height\":43,\"caption\":\"info algerie\"},\"image\":{\"@id\":\"https:\\\/\\\/www.info-algerie.com\\\/actualites\\\/#\\\/schema\\\/logo\\\/image\\\/\"},\"sameAs\":[\"https:\\\/\\\/www.facebook.com\\\/infoalgerieactu\",\"https:\\\/\\\/x.com\\\/infoalgerie1\"]},{\"@type\":\"Person\",\"@id\":\"https:\\\/\\\/www.info-algerie.com\\\/actualites\\\/#\\\/schema\\\/person\\\/847aaec44920825b843a08f30ec6aa1e\",\"name\":\"La r\u00e9daction\",\"image\":{\"@type\":\"ImageObject\",\"inLanguage\":\"fr-FR\",\"@id\":\"https:\\\/\\\/secure.gravatar.com\\\/avatar\\\/769db425c6f465158149f1ffd6cf61ce7a8a879d11dfbef8288af36dfddd418c?s=96&d=mm&r=g\",\"url\":\"https:\\\/\\\/secure.gravatar.com\\\/avatar\\\/769db425c6f465158149f1ffd6cf61ce7a8a879d11dfbef8288af36dfddd418c?s=96&d=mm&r=g\",\"contentUrl\":\"https:\\\/\\\/secure.gravatar.com\\\/avatar\\\/769db425c6f465158149f1ffd6cf61ce7a8a879d11dfbef8288af36dfddd418c?s=96&d=mm&r=g\",\"caption\":\"La r\u00e9daction\"},\"sameAs\":[\"http:\\\/\\\/www.lkeria.com\\\/\"],\"url\":\"https:\\\/\\\/www.info-algerie.com\\\/actualites\\\/author\\\/chakib32\\\/\"}]}<\/script>\n<!-- \/ Yoast SEO plugin. -->","yoast_head_json":{"title":"Le Mouvement El Islah s&#039;engage \u00e0 pr\u00e9senter un programme local compl\u00e9mentaire\/Ghouini - info algerie","robots":{"index":"index","follow":"follow","max-snippet":"max-snippet:-1","max-image-preview":"max-image-preview:large","max-video-preview":"max-video-preview:-1"},"canonical":"https:\/\/www.info-algerie.com\/actualites\/le-mouvement-el-islah-sengage-a-presenter-un-programme-local-complementaireghouini\/","og_locale":"fr_FR","og_type":"article","og_title":"Le Mouvement El Islah s&#039;engage \u00e0 pr\u00e9senter un programme local compl\u00e9mentaire\/Ghouini - info algerie","og_description":"BLIDA &#8211; Le pr\u00e9sident du Mouvement El Islah, Filali Ghouini, s&rsquo;est engag\u00e9 dimanche \u00e0 Blida, lors de son premier meeting, \u00e0 pr\u00e9senter un programme local compl\u00e9mentaire, r\u00e9alisable sur le terrain, appelant les citoyens \u00e0 choisir, le 23 novembre, les candidats de son parti pour les repr\u00e9senter aux Assembl\u00e9es populaires communales (APC) et aux Assembl\u00e9es populaires","og_url":"https:\/\/www.info-algerie.com\/actualites\/le-mouvement-el-islah-sengage-a-presenter-un-programme-local-complementaireghouini\/","og_site_name":"info algerie","article_publisher":"https:\/\/www.facebook.com\/infoalgerieactu","article_published_time":"2017-10-30T10:39:15+00:00","author":"La r\u00e9daction","twitter_misc":{"\u00c9crit par":"La r\u00e9daction","Dur\u00e9e de lecture estim\u00e9e":"2 minutes"},"schema":{"@context":"https:\/\/schema.org","@graph":[{"@type":"Article","@id":"https:\/\/www.info-algerie.com\/actualites\/le-mouvement-el-islah-sengage-a-presenter-un-programme-local-complementaireghouini\/#article","isPartOf":{"@id":"https:\/\/www.info-algerie.com\/actualites\/le-mouvement-el-islah-sengage-a-presenter-un-programme-local-complementaireghouini\/"},"author":{"name":"La r\u00e9daction","@id":"https:\/\/www.info-algerie.com\/actualites\/#\/schema\/person\/847aaec44920825b843a08f30ec6aa1e"},"headline":"Le Mouvement El Islah s&#039;engage \u00e0 pr\u00e9senter un programme local compl\u00e9mentaire\/Ghouini","datePublished":"2017-10-30T10:39:15+00:00","mainEntityOfPage":{"@id":"https:\/\/www.info-algerie.com\/actualites\/le-mouvement-el-islah-sengage-a-presenter-un-programme-local-complementaireghouini\/"},"wordCount":343,"commentCount":0,"publisher":{"@id":"https:\/\/www.info-algerie.com\/actualites\/#organization"},"keywords":["ONU"],"articleSection":["infos"],"inLanguage":"fr-FR","potentialAction":[{"@type":"CommentAction","name":"Comment","target":["https:\/\/www.info-algerie.com\/actualites\/le-mouvement-el-islah-sengage-a-presenter-un-programme-local-complementaireghouini\/#respond"]}]},{"@type":"WebPage","@id":"https:\/\/www.info-algerie.com\/actualites\/le-mouvement-el-islah-sengage-a-presenter-un-programme-local-complementaireghouini\/","url":"https:\/\/www.info-algerie.com\/actualites\/le-mouvement-el-islah-sengage-a-presenter-un-programme-local-complementaireghouini\/","name":"Le Mouvement El Islah s&#039;engage \u00e0 pr\u00e9senter un programme local compl\u00e9mentaire\/Ghouini - info algerie","isPartOf":{"@id":"https:\/\/www.info-algerie.com\/actualites\/#website"},"datePublished":"2017-10-30T10:39:15+00:00","breadcrumb":{"@id":"https:\/\/www.info-algerie.com\/actualites\/le-mouvement-el-islah-sengage-a-presenter-un-programme-local-complementaireghouini\/#breadcrumb"},"inLanguage":"fr-FR","potentialAction":[{"@type":"ReadAction","target":["https:\/\/www.info-algerie.com\/actualites\/le-mouvement-el-islah-sengage-a-presenter-un-programme-local-complementaireghouini\/"]}]},{"@type":"BreadcrumbList","@id":"https:\/\/www.info-algerie.com\/actualites\/le-mouvement-el-islah-sengage-a-presenter-un-programme-local-complementaireghouini\/#breadcrumb","itemListElement":[{"@type":"ListItem","position":1,"name":"Accueil","item":"https:\/\/www.info-algerie.com\/actualites\/"},{"@type":"ListItem","position":2,"name":"Le Mouvement El Islah s&#039;engage \u00e0 pr\u00e9senter un programme local compl\u00e9mentaire\/Ghouini"}]},{"@type":"WebSite","@id":"https:\/\/www.info-algerie.com\/actualites\/#website","url":"https:\/\/www.info-algerie.com\/actualites\/","name":"info algerie","description":"Toutes les actualit\u00e9s","publisher":{"@id":"https:\/\/www.info-algerie.com\/actualites\/#organization"},"potentialAction":[{"@type":"SearchAction","target":{"@type":"EntryPoint","urlTemplate":"https:\/\/www.info-algerie.com\/actualites\/?s={search_term_string}"},"query-input":{"@type":"PropertyValueSpecification","valueRequired":true,"valueName":"search_term_string"}}],"inLanguage":"fr-FR"},{"@type":"Organization","@id":"https:\/\/www.info-algerie.com\/actualites\/#organization","name":"info algerie","url":"https:\/\/www.info-algerie.com\/actualites\/","logo":{"@type":"ImageObject","inLanguage":"fr-FR","@id":"https:\/\/www.info-algerie.com\/actualites\/#\/schema\/logo\/image\/","url":"https:\/\/www.info-algerie.com\/actualites\/wp-content\/uploads\/2022\/07\/logo-ia-120.png","contentUrl":"https:\/\/www.info-algerie.com\/actualites\/wp-content\/uploads\/2022\/07\/logo-ia-120.png","width":120,"height":43,"caption":"info algerie"},"image":{"@id":"https:\/\/www.info-algerie.com\/actualites\/#\/schema\/logo\/image\/"},"sameAs":["https:\/\/www.facebook.com\/infoalgerieactu","https:\/\/x.com\/infoalgerie1"]},{"@type":"Person","@id":"https:\/\/www.info-algerie.com\/actualites\/#\/schema\/person\/847aaec44920825b843a08f30ec6aa1e","name":"La r\u00e9daction","image":{"@type":"ImageObject","inLanguage":"fr-FR","@id":"https:\/\/secure.gravatar.com\/avatar\/769db425c6f465158149f1ffd6cf61ce7a8a879d11dfbef8288af36dfddd418c?s=96&d=mm&r=g","url":"https:\/\/secure.gravatar.com\/avatar\/769db425c6f465158149f1ffd6cf61ce7a8a879d11dfbef8288af36dfddd418c?s=96&d=mm&r=g","contentUrl":"https:\/\/secure.gravatar.com\/avatar\/769db425c6f465158149f1ffd6cf61ce7a8a879d11dfbef8288af36dfddd418c?s=96&d=mm&r=g","caption":"La r\u00e9daction"},"sameAs":["http:\/\/www.lkeria.com\/"],"url":"https:\/\/www.info-algerie.com\/actualites\/author\/chakib32\/"}]}},"_links":{"self":[{"href":"https:\/\/www.info-algerie.com\/actualites\/wp-json\/wp\/v2\/posts\/17420","targetHints":{"allow":["GET"]}}],"collection":[{"href":"https:\/\/www.info-algerie.com\/actualites\/wp-json\/wp\/v2\/posts"}],"about":[{"href":"https:\/\/www.info-algerie.com\/actualites\/wp-json\/wp\/v2\/types\/post"}],"author":[{"embeddable":true,"href":"https:\/\/www.info-algerie.com\/actualites\/wp-json\/wp\/v2\/users\/6"}],"replies":[{"embeddable":true,"href":"https:\/\/www.info-algerie.com\/actualites\/wp-json\/wp\/v2\/comments?post=17420"}],"version-history":[{"count":0,"href":"https:\/\/www.info-algerie.com\/actualites\/wp-json\/wp\/v2\/posts\/17420\/revisions"}],"wp:attachment":[{"href":"https:\/\/www.info-algerie.com\/actualites\/wp-json\/wp\/v2\/media?parent=17420"}],"wp:term":[{"taxonomy":"category","embeddable":true,"href":"https:\/\/www.info-algerie.com\/actualites\/wp-json\/wp\/v2\/categories?post=17420"},{"taxonomy":"post_tag","embeddable":true,"href":"https:\/\/www.info-algerie.com\/actualites\/wp-json\/wp\/v2\/tags?post=17420"}],"curies":[{"name":"wp","href":"https:\/\/api.w.org\/{rel}","templated":true}]}}