{"id":17424,"date":"2017-10-30T12:49:03","date_gmt":"2017-10-30T11:49:03","guid":{"rendered":"http:\/\/www.info-algerie.com\/actualites\/debut-timide-de-la-campagne-electorale\/"},"modified":"2017-10-30T12:49:03","modified_gmt":"2017-10-30T11:49:03","slug":"debut-timide-de-la-campagne-electorale","status":"publish","type":"post","link":"https:\/\/www.info-algerie.com\/actualites\/debut-timide-de-la-campagne-electorale\/","title":{"rendered":"D\u00e9but timide de la campagne \u00e9lectorale"},"content":{"rendered":"<div class=\"K2FeedImage\"><img decoding=\"async\" src=\"https:\/\/www.info-algerie.com\/actualites\/wp-content\/uploads\/2017\/10\/78be06a9725f1ae935ff3fab8d7e47d7_S.jpg\" alt=\"D&#xE9;but timide de la campagne &#xE9;lectorale\" \/><\/div>\n<div class=\"K2FeedIntroText\">\n<p><strong>ALGER &#8211; La campagne \u00e9lectorale en vue des \u00e9lections locales du 23 novembre prochain, dont le coup d&rsquo;envoi a \u00e9t\u00e9 donn\u00e9 ce dimanche, a d\u00e9marr\u00e9 timidement et les leaders des partis politiques, engag\u00e9s dans cette comp\u00e9tition, ont soulign\u00e9 l&rsquo;importance des assembl\u00e9es \u00e9lues dans le d\u00e9veloppement socio-\u00e9conomique du pays, appelant \u00e0 plus de pr\u00e9rogatives aux \u00e9lus locaux.<\/strong><\/p>\n<p>&#013;\n<\/p><\/div>\n<div class=\"K2FeedFullText\">&#013;<\/p>\n<p>\u00a0Dans ce contexte, le pr\u00e9sident du Mouvement populaire alg\u00e9rien (MPA), Amara Benyounes, a plaid\u00e9, depuis \u00e0 Tamanrasset o\u00f9 il a anim\u00e9 un meeting populaire, pour la r\u00e9cup\u00e9ration de la totalit\u00e9 des pr\u00e9rogatives de l\u2019\u00e9lu\u00a0 pour dynamiser sa mission localement.<\/p>\n<p>&#013;<\/p>\n<p>\u00a0M. Benyounes a indiqu\u00e9 qu&rsquo;il \u00e9tait \u00ab\u00a0important\u00a0\u00bb de r\u00e9cup\u00e9rer les attributions de l&rsquo;\u00e9lu et de mettre un terme \u00e0 l&rsquo;ing\u00e9rence de\u00a0 \u2019administration \u00ab\u00a0pour dynamiser le r\u00f4le de l&rsquo;\u00e9lu et lui permettre de mener \u00e0 bien sa mission et de contribuer \u00e0 la satisfaction des attentes des \u00e9lecteurs\u00a0\u00bb.<\/p>\n<p>&#013;<\/p>\n<hr \/>\n<h3>Lire aussi:\u00a0<a href=\"http:\/\/www.aps.dz\/algerie\/64610-debut-de-la-campagne-pour-les-elections-locales-du-23-novembre\" target=\"_blank\" rel=\"noopener noreferrer\">D\u00e9but de la campagne pour les \u00e9lections locales du 23 novembre<\/a><\/h3>\n<p>&#013;<\/p>\n<hr \/>\n<p>Depuis Boumerd\u00e8s, le porte-parole du Rassemblement nationale d\u00e9mocratique (RND), <strong><a href=\"http:\/\/www.aps.dz\/algerie\/64671-le-rnd-plaide-pour-un-developpement-territorial-equilibre-seddik-chihab\" target=\"_blank\" rel=\"noopener noreferrer\">Seddik Chihab<\/a><\/strong>, a plaid\u00e9 pour un d\u00e9veloppement territorial \u00e9quilibr\u00e9 \u00e0 m\u00eame de revitaliser l&rsquo;\u00e9conomie au niveau local.<\/p>\n<p>&#013;<\/p>\n<p>M. Chihab a insist\u00e9 sur la n\u00e9cessit\u00e9 de r\u00e9viser le Code communal et de wilaya \u00ab\u00a0en donnant plus de pr\u00e9rogatives aux Assembl\u00e9es locales et lib\u00e9rer l&rsquo;initiative d&rsquo;entreprendre et de cr\u00e9ation de richesse\u00a0\u00bb.<\/p>\n<p>&#013;<\/p>\n<p>\u00ab\u00a0Les Assembl\u00e9es populaires communales (APC) doivent continuer \u00e0 b\u00e9n\u00e9ficier du soutien de l&rsquo;Etat \u00e0 travers notamment l&rsquo;augmentation des enveloppes allou\u00e9es aux Plans communaux de d\u00e9veloppement (PCD)\u00a0\u00bb, a-t-il affirm\u00e9.<\/p>\n<p>&#013;<\/p>\n<p>Le pr\u00e9sident du Front national alg\u00e9rien (FNA), <strong><a href=\"http:\/\/www.aps.dz\/algerie\/64655-elections-locales-nous-sommes-avec-ceux-qui-defendent-l-unite-et-la-souverainete-nationale-touati\" target=\"_blank\" rel=\"noopener noreferrer\">Moussa Touati<\/a><\/strong> a \u00e9t\u00e9 actif lors de ce premier jour de campagne en animant deux meetings populaires \u00e0 Boumerd\u00e8s et Bouira, durant lesquels il a mis l\u2019accent aussi sur l&rsquo;imp\u00e9ratif de pr\u00e9server l&rsquo;unit\u00e9 et la stabilit\u00e9 du pays ainsi que de pr\u00e9server les valeurs nobles des martyrs de la r\u00e9volution nationale, appelant les citoyens \u00e0 s\u2019unir et \u00e0 \u00eatre conscients de l\u2019enjeu important des prochaines \u00e9lections locales du 23 novembre.\u00a0\u00ab\u00a0Nous devons sensibiliser les citoyens sur l&rsquo;importance que rev\u00eat le prochain scrutin\u00a0\u00bb, a-t-il affirm\u00e9.<\/p>\n<p>&#013;<\/p>\n<p>M. Touati a \u00e9galement appel\u00e9 les Alg\u00e9riens \u00e0 se rendre massivement aux urnes le 23 novembre prochain \u00ab\u00a0dans le but d\u2019oeuvrer ensemble pour b\u00e2tir un Etat de droit fond\u00e9 sur la justice et l\u2019\u00e9quit\u00e9 sociale\u00a0\u00bb, les invitant \u00e0\u00a0 choisir le <strong><a href=\"http:\/\/www.aps.dz\/algerie\/64643-elections-locales-le-fna-compte-associer-les-citoyens-a-la-gestion-des-assemblees-elues-programme\" target=\"_blank\" rel=\"noopener noreferrer\">programme du FNA<\/a><\/strong> \u00ab\u00a0qui aspire \u00e0 b\u00e2tir une Alg\u00e9rie forte bas\u00e9e sur la justice sociale et le respect des lois et de la Constitution.<\/p>\n<p>&#013;<\/p>\n<p>\u00a0<\/p>\n<p>&#013;<\/p>\n<p style=\"text-align: right\"><img decoding=\"async\" src=\"https:\/\/www.info-algerie.com\/actualites\/wp-content\/uploads\/2017\/10\/fln-1.jpg\" alt=\"\" \/><\/p>\n<p>&#013;<\/p>\n<p>\u00a0<\/p>\n<p>&#013;<\/p>\n<p>Pour sa part, le secr\u00e9taire g\u00e9n\u00e9ral du parti du Front de lib\u00e9ration nationale, Djamel Ould Abb\u00e8s a indiqu\u00e9, lors d&rsquo;une rencontre avec les candidats de la wilaya d&rsquo;Alger, que son parti aspirait \u00e0 remporter la majorit\u00e9 absolue des assembl\u00e9es locales lors du prochain scrutin.<\/p>\n<p>&#013;<\/p>\n<p>\u00ab\u00a0Nous sommes confiants et sereins et nous avons 700.000 militants mobilis\u00e9s pour la r\u00e9ussite du parti lors des prochaines \u00e9lections\u00a0\u00bb, a-t-il dit, appelant les candidats \u00e0 animer une campagne \u00ab\u00a0propre et civilis\u00e9e qui refl\u00e8te la position du parti qui constitue la colonne vert\u00e9brale de l&rsquo;Etat alg\u00e9rien\u00a0\u00bb.\u00a0<\/p>\n<p>&#013;<\/p>\n<p>A cette occasion, M. Ould Abb\u00e8s a donn\u00e9 des instructions aux animateurs de la campagne sur l&rsquo;importance des activit\u00e9s de proximit\u00e9 pour se rapprocher des citoyens et \u00e9couter leurs dol\u00e9ances et pr\u00e9occupations, r\u00e9affirmant que le programme \u00e9lectoral de son parti est le m\u00eame que celui du pr\u00e9sident de la R\u00e9publique.<\/p>\n<p>&#013;<\/p>\n<p>Le pr\u00e9sident du Mouvement El-Islah, Filali Ghouini, a affirm\u00e9, quant \u00e0 lui, lors d&rsquo;un meeting populaire \u00e0 Blida, que son parti dispose d&rsquo;un programme \u00e9lectoral complet r\u00e9alisable sur le terrain, appelant les \u00e9lecteurs \u00e0 voter en faveur des candidats de son parti pour les repr\u00e9senter au niveau des assembl\u00e9es \u00e9lues.<\/p>\n<p>&#013;<\/p>\n<p>Il a expliqu\u00e9 que le programme de son parti s&rsquo;articule autour de neuf axes en relation avec les pr\u00e9occupations quotidiennes des citoyens, notamment dans les domaines de la sant\u00e9, l&rsquo;\u00e9ducation et l&rsquo;environnement.<\/p>\n<p>&#013;<\/p>\n<p>\u00a0Pour sa part, le pr\u00e9sident du Front El-Moustakbel, Abdelaziz Belaid a indiqu\u00e9, depuis Tamanrasset, que le peuple alg\u00e9rien \u00e9tait le premier d\u00e9cideur dans le choix de ses repr\u00e9sentants.<\/p>\n<p>&#013;<\/p>\n<p class=\"MsoNormal\">S\u2019exprimant lors d\u2019un meeting, M. Belaid a affirm\u00e9 que \u00ab\u00a0le peuple est le premier d\u00e9cideur dans le choix de ses repr\u00e9sentants, conform\u00e9ment \u00e0 la Constitution, et qu\u2019il faut que ces \u00e9lections soient transparentes et int\u00e8gres\u00a0\u00bb.<\/p>\n<\/div>\n<p>&#013;<br \/>\nSource: <a href=\"http:\/\/www.aps.dz\/algerie\/64705-debut-timide-de-la-campagne-electorale-l-importance-du-prochain-scrutin-soulignee\" target=\"_blank\">D\u00e9but timide de la campagne \u00e9lectorale<\/a><\/p>\n<!--CusAds0-->\n<div style=\"font-size: 0px; height: 0px; line-height: 0px; margin: 0; padding: 0; clear: both;\"><\/div>","protected":false},"excerpt":{"rendered":"<p>ALGER &#8211; La campagne \u00e9lectorale en vue des \u00e9lections locales du 23 novembre prochain, dont le coup d&rsquo;envoi a \u00e9t\u00e9 donn\u00e9 ce dimanche, a d\u00e9marr\u00e9 timidement et les leaders des partis politiques, engag\u00e9s dans cette comp\u00e9tition, ont soulign\u00e9 l&rsquo;importance des assembl\u00e9es \u00e9lues dans le d\u00e9veloppement socio-\u00e9conomique du pays, appelant \u00e0 plus de pr\u00e9rogatives aux \u00e9lus<\/p>\n","protected":false},"author":6,"featured_media":17425,"comment_status":"open","ping_status":"open","sticky":false,"template":"","format":"standard","meta":{"footnotes":""},"categories":[22],"tags":[93],"class_list":["post-17424","post","type-post","status-publish","format-standard","has-post-thumbnail","hentry","category-infos","tag-onu"],"yoast_head":"<!-- This site is optimized with the Yoast SEO plugin v27.5 - https:\/\/yoast.com\/product\/yoast-seo-wordpress\/ -->\n<title>D\u00e9but timide de la campagne \u00e9lectorale - info algerie<\/title>\n<meta name=\"robots\" content=\"index, follow, max-snippet:-1, max-image-preview:large, max-video-preview:-1\" \/>\n<link rel=\"canonical\" href=\"https:\/\/www.info-algerie.com\/actualites\/debut-timide-de-la-campagne-electorale\/\" \/>\n<meta property=\"og:locale\" content=\"fr_FR\" \/>\n<meta property=\"og:type\" content=\"article\" \/>\n<meta property=\"og:title\" content=\"D\u00e9but timide de la campagne \u00e9lectorale - info algerie\" \/>\n<meta property=\"og:description\" content=\"ALGER &#8211; La campagne \u00e9lectorale en vue des \u00e9lections locales du 23 novembre prochain, dont le coup d&rsquo;envoi a \u00e9t\u00e9 donn\u00e9 ce dimanche, a d\u00e9marr\u00e9 timidement et les leaders des partis politiques, engag\u00e9s dans cette comp\u00e9tition, ont soulign\u00e9 l&rsquo;importance des assembl\u00e9es \u00e9lues dans le d\u00e9veloppement socio-\u00e9conomique du pays, appelant \u00e0 plus de pr\u00e9rogatives aux \u00e9lus\" \/>\n<meta property=\"og:url\" content=\"https:\/\/www.info-algerie.com\/actualites\/debut-timide-de-la-campagne-electorale\/\" \/>\n<meta property=\"og:site_name\" content=\"info algerie\" \/>\n<meta property=\"article:publisher\" content=\"https:\/\/www.facebook.com\/infoalgerieactu\" \/>\n<meta property=\"article:published_time\" content=\"2017-10-30T11:49:03+00:00\" \/>\n<meta property=\"og:image\" content=\"https:\/\/www.info-algerie.com\/actualites\/wp-content\/uploads\/2017\/10\/78be06a9725f1ae935ff3fab8d7e47d7_S-1.jpg\" \/>\n\t<meta property=\"og:image:width\" content=\"280\" \/>\n\t<meta property=\"og:image:height\" content=\"169\" \/>\n\t<meta property=\"og:image:type\" content=\"image\/jpeg\" \/>\n<meta name=\"author\" content=\"La r\u00e9daction\" \/>\n<meta name=\"twitter:label1\" content=\"\u00c9crit par\" \/>\n\t<meta name=\"twitter:data1\" content=\"La r\u00e9daction\" \/>\n\t<meta name=\"twitter:label2\" content=\"Dur\u00e9e de lecture estim\u00e9e\" \/>\n\t<meta name=\"twitter:data2\" content=\"4 minutes\" \/>\n<script type=\"application\/ld+json\" class=\"yoast-schema-graph\">{\"@context\":\"https:\\\/\\\/schema.org\",\"@graph\":[{\"@type\":\"Article\",\"@id\":\"https:\\\/\\\/www.info-algerie.com\\\/actualites\\\/debut-timide-de-la-campagne-electorale\\\/#article\",\"isPartOf\":{\"@id\":\"https:\\\/\\\/www.info-algerie.com\\\/actualites\\\/debut-timide-de-la-campagne-electorale\\\/\"},\"author\":{\"name\":\"La r\u00e9daction\",\"@id\":\"https:\\\/\\\/www.info-algerie.com\\\/actualites\\\/#\\\/schema\\\/person\\\/847aaec44920825b843a08f30ec6aa1e\"},\"headline\":\"D\u00e9but timide de la campagne \u00e9lectorale\",\"datePublished\":\"2017-10-30T11:49:03+00:00\",\"mainEntityOfPage\":{\"@id\":\"https:\\\/\\\/www.info-algerie.com\\\/actualites\\\/debut-timide-de-la-campagne-electorale\\\/\"},\"wordCount\":781,\"commentCount\":0,\"publisher\":{\"@id\":\"https:\\\/\\\/www.info-algerie.com\\\/actualites\\\/#organization\"},\"image\":{\"@id\":\"https:\\\/\\\/www.info-algerie.com\\\/actualites\\\/debut-timide-de-la-campagne-electorale\\\/#primaryimage\"},\"thumbnailUrl\":\"https:\\\/\\\/www.info-algerie.com\\\/actualites\\\/wp-content\\\/uploads\\\/2017\\\/10\\\/78be06a9725f1ae935ff3fab8d7e47d7_S-1.jpg\",\"keywords\":[\"ONU\"],\"articleSection\":[\"infos\"],\"inLanguage\":\"fr-FR\",\"potentialAction\":[{\"@type\":\"CommentAction\",\"name\":\"Comment\",\"target\":[\"https:\\\/\\\/www.info-algerie.com\\\/actualites\\\/debut-timide-de-la-campagne-electorale\\\/#respond\"]}]},{\"@type\":\"WebPage\",\"@id\":\"https:\\\/\\\/www.info-algerie.com\\\/actualites\\\/debut-timide-de-la-campagne-electorale\\\/\",\"url\":\"https:\\\/\\\/www.info-algerie.com\\\/actualites\\\/debut-timide-de-la-campagne-electorale\\\/\",\"name\":\"D\u00e9but timide de la campagne \u00e9lectorale - info algerie\",\"isPartOf\":{\"@id\":\"https:\\\/\\\/www.info-algerie.com\\\/actualites\\\/#website\"},\"primaryImageOfPage\":{\"@id\":\"https:\\\/\\\/www.info-algerie.com\\\/actualites\\\/debut-timide-de-la-campagne-electorale\\\/#primaryimage\"},\"image\":{\"@id\":\"https:\\\/\\\/www.info-algerie.com\\\/actualites\\\/debut-timide-de-la-campagne-electorale\\\/#primaryimage\"},\"thumbnailUrl\":\"https:\\\/\\\/www.info-algerie.com\\\/actualites\\\/wp-content\\\/uploads\\\/2017\\\/10\\\/78be06a9725f1ae935ff3fab8d7e47d7_S-1.jpg\",\"datePublished\":\"2017-10-30T11:49:03+00:00\",\"breadcrumb\":{\"@id\":\"https:\\\/\\\/www.info-algerie.com\\\/actualites\\\/debut-timide-de-la-campagne-electorale\\\/#breadcrumb\"},\"inLanguage\":\"fr-FR\",\"potentialAction\":[{\"@type\":\"ReadAction\",\"target\":[\"https:\\\/\\\/www.info-algerie.com\\\/actualites\\\/debut-timide-de-la-campagne-electorale\\\/\"]}]},{\"@type\":\"ImageObject\",\"inLanguage\":\"fr-FR\",\"@id\":\"https:\\\/\\\/www.info-algerie.com\\\/actualites\\\/debut-timide-de-la-campagne-electorale\\\/#primaryimage\",\"url\":\"https:\\\/\\\/www.info-algerie.com\\\/actualites\\\/wp-content\\\/uploads\\\/2017\\\/10\\\/78be06a9725f1ae935ff3fab8d7e47d7_S-1.jpg\",\"contentUrl\":\"https:\\\/\\\/www.info-algerie.com\\\/actualites\\\/wp-content\\\/uploads\\\/2017\\\/10\\\/78be06a9725f1ae935ff3fab8d7e47d7_S-1.jpg\",\"width\":280,\"height\":169},{\"@type\":\"BreadcrumbList\",\"@id\":\"https:\\\/\\\/www.info-algerie.com\\\/actualites\\\/debut-timide-de-la-campagne-electorale\\\/#breadcrumb\",\"itemListElement\":[{\"@type\":\"ListItem\",\"position\":1,\"name\":\"Accueil\",\"item\":\"https:\\\/\\\/www.info-algerie.com\\\/actualites\\\/\"},{\"@type\":\"ListItem\",\"position\":2,\"name\":\"D\u00e9but timide de la campagne \u00e9lectorale\"}]},{\"@type\":\"WebSite\",\"@id\":\"https:\\\/\\\/www.info-algerie.com\\\/actualites\\\/#website\",\"url\":\"https:\\\/\\\/www.info-algerie.com\\\/actualites\\\/\",\"name\":\"info algerie\",\"description\":\"Toutes les actualit\u00e9s\",\"publisher\":{\"@id\":\"https:\\\/\\\/www.info-algerie.com\\\/actualites\\\/#organization\"},\"potentialAction\":[{\"@type\":\"SearchAction\",\"target\":{\"@type\":\"EntryPoint\",\"urlTemplate\":\"https:\\\/\\\/www.info-algerie.com\\\/actualites\\\/?s={search_term_string}\"},\"query-input\":{\"@type\":\"PropertyValueSpecification\",\"valueRequired\":true,\"valueName\":\"search_term_string\"}}],\"inLanguage\":\"fr-FR\"},{\"@type\":\"Organization\",\"@id\":\"https:\\\/\\\/www.info-algerie.com\\\/actualites\\\/#organization\",\"name\":\"info algerie\",\"url\":\"https:\\\/\\\/www.info-algerie.com\\\/actualites\\\/\",\"logo\":{\"@type\":\"ImageObject\",\"inLanguage\":\"fr-FR\",\"@id\":\"https:\\\/\\\/www.info-algerie.com\\\/actualites\\\/#\\\/schema\\\/logo\\\/image\\\/\",\"url\":\"https:\\\/\\\/www.info-algerie.com\\\/actualites\\\/wp-content\\\/uploads\\\/2022\\\/07\\\/logo-ia-120.png\",\"contentUrl\":\"https:\\\/\\\/www.info-algerie.com\\\/actualites\\\/wp-content\\\/uploads\\\/2022\\\/07\\\/logo-ia-120.png\",\"width\":120,\"height\":43,\"caption\":\"info algerie\"},\"image\":{\"@id\":\"https:\\\/\\\/www.info-algerie.com\\\/actualites\\\/#\\\/schema\\\/logo\\\/image\\\/\"},\"sameAs\":[\"https:\\\/\\\/www.facebook.com\\\/infoalgerieactu\",\"https:\\\/\\\/x.com\\\/infoalgerie1\"]},{\"@type\":\"Person\",\"@id\":\"https:\\\/\\\/www.info-algerie.com\\\/actualites\\\/#\\\/schema\\\/person\\\/847aaec44920825b843a08f30ec6aa1e\",\"name\":\"La r\u00e9daction\",\"image\":{\"@type\":\"ImageObject\",\"inLanguage\":\"fr-FR\",\"@id\":\"https:\\\/\\\/secure.gravatar.com\\\/avatar\\\/769db425c6f465158149f1ffd6cf61ce7a8a879d11dfbef8288af36dfddd418c?s=96&d=mm&r=g\",\"url\":\"https:\\\/\\\/secure.gravatar.com\\\/avatar\\\/769db425c6f465158149f1ffd6cf61ce7a8a879d11dfbef8288af36dfddd418c?s=96&d=mm&r=g\",\"contentUrl\":\"https:\\\/\\\/secure.gravatar.com\\\/avatar\\\/769db425c6f465158149f1ffd6cf61ce7a8a879d11dfbef8288af36dfddd418c?s=96&d=mm&r=g\",\"caption\":\"La r\u00e9daction\"},\"sameAs\":[\"http:\\\/\\\/www.lkeria.com\\\/\"],\"url\":\"https:\\\/\\\/www.info-algerie.com\\\/actualites\\\/author\\\/chakib32\\\/\"}]}<\/script>\n<!-- \/ Yoast SEO plugin. -->","yoast_head_json":{"title":"D\u00e9but timide de la campagne \u00e9lectorale - info algerie","robots":{"index":"index","follow":"follow","max-snippet":"max-snippet:-1","max-image-preview":"max-image-preview:large","max-video-preview":"max-video-preview:-1"},"canonical":"https:\/\/www.info-algerie.com\/actualites\/debut-timide-de-la-campagne-electorale\/","og_locale":"fr_FR","og_type":"article","og_title":"D\u00e9but timide de la campagne \u00e9lectorale - info algerie","og_description":"ALGER &#8211; La campagne \u00e9lectorale en vue des \u00e9lections locales du 23 novembre prochain, dont le coup d&rsquo;envoi a \u00e9t\u00e9 donn\u00e9 ce dimanche, a d\u00e9marr\u00e9 timidement et les leaders des partis politiques, engag\u00e9s dans cette comp\u00e9tition, ont soulign\u00e9 l&rsquo;importance des assembl\u00e9es \u00e9lues dans le d\u00e9veloppement socio-\u00e9conomique du pays, appelant \u00e0 plus de pr\u00e9rogatives aux \u00e9lus","og_url":"https:\/\/www.info-algerie.com\/actualites\/debut-timide-de-la-campagne-electorale\/","og_site_name":"info algerie","article_publisher":"https:\/\/www.facebook.com\/infoalgerieactu","article_published_time":"2017-10-30T11:49:03+00:00","og_image":[{"width":280,"height":169,"url":"https:\/\/www.info-algerie.com\/actualites\/wp-content\/uploads\/2017\/10\/78be06a9725f1ae935ff3fab8d7e47d7_S-1.jpg","type":"image\/jpeg"}],"author":"La r\u00e9daction","twitter_misc":{"\u00c9crit par":"La r\u00e9daction","Dur\u00e9e de lecture estim\u00e9e":"4 minutes"},"schema":{"@context":"https:\/\/schema.org","@graph":[{"@type":"Article","@id":"https:\/\/www.info-algerie.com\/actualites\/debut-timide-de-la-campagne-electorale\/#article","isPartOf":{"@id":"https:\/\/www.info-algerie.com\/actualites\/debut-timide-de-la-campagne-electorale\/"},"author":{"name":"La r\u00e9daction","@id":"https:\/\/www.info-algerie.com\/actualites\/#\/schema\/person\/847aaec44920825b843a08f30ec6aa1e"},"headline":"D\u00e9but timide de la campagne \u00e9lectorale","datePublished":"2017-10-30T11:49:03+00:00","mainEntityOfPage":{"@id":"https:\/\/www.info-algerie.com\/actualites\/debut-timide-de-la-campagne-electorale\/"},"wordCount":781,"commentCount":0,"publisher":{"@id":"https:\/\/www.info-algerie.com\/actualites\/#organization"},"image":{"@id":"https:\/\/www.info-algerie.com\/actualites\/debut-timide-de-la-campagne-electorale\/#primaryimage"},"thumbnailUrl":"https:\/\/www.info-algerie.com\/actualites\/wp-content\/uploads\/2017\/10\/78be06a9725f1ae935ff3fab8d7e47d7_S-1.jpg","keywords":["ONU"],"articleSection":["infos"],"inLanguage":"fr-FR","potentialAction":[{"@type":"CommentAction","name":"Comment","target":["https:\/\/www.info-algerie.com\/actualites\/debut-timide-de-la-campagne-electorale\/#respond"]}]},{"@type":"WebPage","@id":"https:\/\/www.info-algerie.com\/actualites\/debut-timide-de-la-campagne-electorale\/","url":"https:\/\/www.info-algerie.com\/actualites\/debut-timide-de-la-campagne-electorale\/","name":"D\u00e9but timide de la campagne \u00e9lectorale - info algerie","isPartOf":{"@id":"https:\/\/www.info-algerie.com\/actualites\/#website"},"primaryImageOfPage":{"@id":"https:\/\/www.info-algerie.com\/actualites\/debut-timide-de-la-campagne-electorale\/#primaryimage"},"image":{"@id":"https:\/\/www.info-algerie.com\/actualites\/debut-timide-de-la-campagne-electorale\/#primaryimage"},"thumbnailUrl":"https:\/\/www.info-algerie.com\/actualites\/wp-content\/uploads\/2017\/10\/78be06a9725f1ae935ff3fab8d7e47d7_S-1.jpg","datePublished":"2017-10-30T11:49:03+00:00","breadcrumb":{"@id":"https:\/\/www.info-algerie.com\/actualites\/debut-timide-de-la-campagne-electorale\/#breadcrumb"},"inLanguage":"fr-FR","potentialAction":[{"@type":"ReadAction","target":["https:\/\/www.info-algerie.com\/actualites\/debut-timide-de-la-campagne-electorale\/"]}]},{"@type":"ImageObject","inLanguage":"fr-FR","@id":"https:\/\/www.info-algerie.com\/actualites\/debut-timide-de-la-campagne-electorale\/#primaryimage","url":"https:\/\/www.info-algerie.com\/actualites\/wp-content\/uploads\/2017\/10\/78be06a9725f1ae935ff3fab8d7e47d7_S-1.jpg","contentUrl":"https:\/\/www.info-algerie.com\/actualites\/wp-content\/uploads\/2017\/10\/78be06a9725f1ae935ff3fab8d7e47d7_S-1.jpg","width":280,"height":169},{"@type":"BreadcrumbList","@id":"https:\/\/www.info-algerie.com\/actualites\/debut-timide-de-la-campagne-electorale\/#breadcrumb","itemListElement":[{"@type":"ListItem","position":1,"name":"Accueil","item":"https:\/\/www.info-algerie.com\/actualites\/"},{"@type":"ListItem","position":2,"name":"D\u00e9but timide de la campagne \u00e9lectorale"}]},{"@type":"WebSite","@id":"https:\/\/www.info-algerie.com\/actualites\/#website","url":"https:\/\/www.info-algerie.com\/actualites\/","name":"info algerie","description":"Toutes les actualit\u00e9s","publisher":{"@id":"https:\/\/www.info-algerie.com\/actualites\/#organization"},"potentialAction":[{"@type":"SearchAction","target":{"@type":"EntryPoint","urlTemplate":"https:\/\/www.info-algerie.com\/actualites\/?s={search_term_string}"},"query-input":{"@type":"PropertyValueSpecification","valueRequired":true,"valueName":"search_term_string"}}],"inLanguage":"fr-FR"},{"@type":"Organization","@id":"https:\/\/www.info-algerie.com\/actualites\/#organization","name":"info algerie","url":"https:\/\/www.info-algerie.com\/actualites\/","logo":{"@type":"ImageObject","inLanguage":"fr-FR","@id":"https:\/\/www.info-algerie.com\/actualites\/#\/schema\/logo\/image\/","url":"https:\/\/www.info-algerie.com\/actualites\/wp-content\/uploads\/2022\/07\/logo-ia-120.png","contentUrl":"https:\/\/www.info-algerie.com\/actualites\/wp-content\/uploads\/2022\/07\/logo-ia-120.png","width":120,"height":43,"caption":"info algerie"},"image":{"@id":"https:\/\/www.info-algerie.com\/actualites\/#\/schema\/logo\/image\/"},"sameAs":["https:\/\/www.facebook.com\/infoalgerieactu","https:\/\/x.com\/infoalgerie1"]},{"@type":"Person","@id":"https:\/\/www.info-algerie.com\/actualites\/#\/schema\/person\/847aaec44920825b843a08f30ec6aa1e","name":"La r\u00e9daction","image":{"@type":"ImageObject","inLanguage":"fr-FR","@id":"https:\/\/secure.gravatar.com\/avatar\/769db425c6f465158149f1ffd6cf61ce7a8a879d11dfbef8288af36dfddd418c?s=96&d=mm&r=g","url":"https:\/\/secure.gravatar.com\/avatar\/769db425c6f465158149f1ffd6cf61ce7a8a879d11dfbef8288af36dfddd418c?s=96&d=mm&r=g","contentUrl":"https:\/\/secure.gravatar.com\/avatar\/769db425c6f465158149f1ffd6cf61ce7a8a879d11dfbef8288af36dfddd418c?s=96&d=mm&r=g","caption":"La r\u00e9daction"},"sameAs":["http:\/\/www.lkeria.com\/"],"url":"https:\/\/www.info-algerie.com\/actualites\/author\/chakib32\/"}]}},"_links":{"self":[{"href":"https:\/\/www.info-algerie.com\/actualites\/wp-json\/wp\/v2\/posts\/17424","targetHints":{"allow":["GET"]}}],"collection":[{"href":"https:\/\/www.info-algerie.com\/actualites\/wp-json\/wp\/v2\/posts"}],"about":[{"href":"https:\/\/www.info-algerie.com\/actualites\/wp-json\/wp\/v2\/types\/post"}],"author":[{"embeddable":true,"href":"https:\/\/www.info-algerie.com\/actualites\/wp-json\/wp\/v2\/users\/6"}],"replies":[{"embeddable":true,"href":"https:\/\/www.info-algerie.com\/actualites\/wp-json\/wp\/v2\/comments?post=17424"}],"version-history":[{"count":0,"href":"https:\/\/www.info-algerie.com\/actualites\/wp-json\/wp\/v2\/posts\/17424\/revisions"}],"wp:featuredmedia":[{"embeddable":true,"href":"https:\/\/www.info-algerie.com\/actualites\/wp-json\/wp\/v2\/media\/17425"}],"wp:attachment":[{"href":"https:\/\/www.info-algerie.com\/actualites\/wp-json\/wp\/v2\/media?parent=17424"}],"wp:term":[{"taxonomy":"category","embeddable":true,"href":"https:\/\/www.info-algerie.com\/actualites\/wp-json\/wp\/v2\/categories?post=17424"},{"taxonomy":"post_tag","embeddable":true,"href":"https:\/\/www.info-algerie.com\/actualites\/wp-json\/wp\/v2\/tags?post=17424"}],"curies":[{"name":"wp","href":"https:\/\/api.w.org\/{rel}","templated":true}]}}