{"id":17430,"date":"2017-10-30T13:50:20","date_gmt":"2017-10-30T12:50:20","guid":{"rendered":"http:\/\/www.info-algerie.com\/actualites\/la-prise-en-charge-des-preoccupations-des-citoyens-priorite-du-front-al-moustakbal\/"},"modified":"2017-10-30T13:50:20","modified_gmt":"2017-10-30T12:50:20","slug":"la-prise-en-charge-des-preoccupations-des-citoyens-priorite-du-front-al-moustakbal","status":"publish","type":"post","link":"https:\/\/www.info-algerie.com\/actualites\/la-prise-en-charge-des-preoccupations-des-citoyens-priorite-du-front-al-moustakbal\/","title":{"rendered":"La prise en charge des pr\u00e9occupations des citoyens : priorit\u00e9 du front Al-Moustakbal"},"content":{"rendered":"<div class=\"K2FeedIntroText\">\n<p><strong>ALGER &#8211; La lib\u00e9ration des initiatives des assembl\u00e9es locales en mati\u00e8re de d\u00e9veloppement et la prise en charge des pr\u00e9occupations des citoyens sont parmi les principales pr\u00e9occupations du front Al-Moustakbal, qui accorde aussi une grande importance aux jeunes dans son programme \u00e9lectoral pour les \u00e9lections locales du 23 novembre 2017.<\/strong><\/p>\n<p>&#013;\n<\/p><\/div>\n<div class=\"K2FeedFullText\">&#013;<\/p>\n<p>Le programme du front Al-Moustakbal pr\u00e9voit \u00e9galement l&rsquo;am\u00e9lioration du cadre de travail des \u00e9lus, le renforcement de la protection juridique du pr\u00e9sident de l&rsquo;Assembl\u00e9e populaire communale (P\/APC), et la d\u00e9finition de la relation juridique entre la tutelle et les \u00e9lus.<\/p>\n<p>&#013;<\/p>\n<p>Le parti a soulign\u00e9 la n\u00e9cessit\u00e9 d&rsquo;associer les associations de quartiers et des village dans la s\u00e9lection des projets \u00e0 r\u00e9aliser avant leur inscription dans les programmes de d\u00e9veloppement, impliquer les associations habilit\u00e9es dans le suivi de la r\u00e9alisation des projets de d\u00e9veloppement en tenant compte de leur remarques et propositions, et encourager les jeunes \u00e0 la cr\u00e9ation d&rsquo;associations dans les domaines de la protection de l&rsquo;environnement, des ressources naturelles, outre la pr\u00e9servation du patrimoine mat\u00e9riel et immat\u00e9riel notamment l&rsquo;artisanat, les arts, le th\u00e9\u00e2tre, la musique et la lutte contre la drogue et les diff\u00e9rents fl\u00e9aux.<\/p>\n<p>&#013;<\/p>\n<p>En mati\u00e8re de sant\u00e9 publique, le parti plaide notamment pour la promotion et la relance de la protection maternelle et infantile (PMI).<\/p>\n<p>&#013;<\/p>\n<p>.S&rsquo;agissant de la valorisation du patrimoine immobilier communal, le front Al-Moustakbal recommande la mise en place de nouveaux m\u00e9canismes pour la gestion des biens immobiliers communaux, la r\u00e9gularisation du programme des \u00ab\u00a0100 locaux pour chaque commune\u00a0\u00bb et leur transfert au profit des associations, la relance du programme de modernisation urbaine et la protection des terres agricole de l&rsquo;extension urbaine.<\/p>\n<p>&#013;<\/p>\n<p>Pour ce qui est de l&#8217;emploi, le parti compte encourager et financer la cr\u00e9ation de coop\u00e9ratives d&rsquo;artisanat et de services au profit des jeunes, r\u00e9habiliter les sites historiques et touristiques, promouvoir les micro-entreprises dans le domaine de la maintenance et la gestion des espaces verts ainsi que dans le domaine de la sous-traitance.<\/p>\n<p>&#013;<\/p>\n<p>Le front Al-Moustakbal a appel\u00e9, dans le domaine de la fiscalit\u00e9 locale, \u00e0 la r\u00e9vision de l&rsquo;aide financi\u00e8re\u00a0 accord\u00e9e aux communes d\u00e9favoris\u00e9es, la r\u00e9vision de l&rsquo;aide financi\u00e8re accord\u00e9e par le Fonds des collectivit\u00e9s\u00a0 locales, la n\u00e9cessit\u00e9 de s&rsquo;acquitter de la taxe de r\u00e9sidence au profit des communes, et la mise en place d&rsquo;un cr\u00e9dit sans int\u00e9r\u00eat pour l&rsquo;investissement dans les infrastructures.<\/p>\n<p>&#013;<\/p>\n<p class=\"MsoNormal\">Au volet jeunesse, le parti a appel\u00e9 \u00e0 la r\u00e9habilitation des structures culturelles, la mise en place d&rsquo;un syst\u00e8me de gestion souple au profit des communes et de m\u00e9canismes pour la d\u00e9signation d&rsquo;encadreurs au niveau des\u00a0 structures culturelles et sportives communales qui seront \u00e0 la charge des minist\u00e8res concern\u00e9s, l&rsquo;octroi d&rsquo;aides financi\u00e8res du budget de l&rsquo;Etat au profit des communes pauvres pour la restauration et la r\u00e9habilitation des\u00a0 structures sportives, et enfin la mise en place d&rsquo;une politique locale pour valoriser la culture populaire locale.<\/p>\n<\/div>\n<p>&#013;<br \/>\nSource: <a href=\"http:\/\/www.aps.dz\/algerie\/64718-locales-2017-la-liberation-des-initiatives-et-la-prise-en-charge-des-preoccupations-des-citoyens-et-des-jeunes-parmi-les-preoccupations-principales-du-front-al-moustakbal\" target=\"_blank\">La prise en charge des pr\u00e9occupations des citoyens : priorit\u00e9 du front Al-Moustakbal<\/a><\/p>\n<!--CusAds0-->\n<div style=\"font-size: 0px; height: 0px; line-height: 0px; margin: 0; padding: 0; clear: both;\"><\/div>","protected":false},"excerpt":{"rendered":"<p>ALGER &#8211; La lib\u00e9ration des initiatives des assembl\u00e9es locales en mati\u00e8re de d\u00e9veloppement et la prise en charge des pr\u00e9occupations des citoyens sont parmi les principales pr\u00e9occupations du front Al-Moustakbal, qui accorde aussi une grande importance aux jeunes dans son programme \u00e9lectoral pour les \u00e9lections locales du 23 novembre 2017. &#013; &#013; Le programme du<\/p>\n","protected":false},"author":6,"featured_media":0,"comment_status":"open","ping_status":"open","sticky":false,"template":"","format":"standard","meta":{"footnotes":""},"categories":[22],"tags":[93],"class_list":["post-17430","post","type-post","status-publish","format-standard","hentry","category-infos","tag-onu"],"yoast_head":"<!-- This site is optimized with the Yoast SEO plugin v27.5 - https:\/\/yoast.com\/product\/yoast-seo-wordpress\/ -->\n<title>La prise en charge des pr\u00e9occupations des citoyens : priorit\u00e9 du front Al-Moustakbal - info algerie<\/title>\n<meta name=\"robots\" content=\"index, follow, max-snippet:-1, max-image-preview:large, max-video-preview:-1\" \/>\n<link rel=\"canonical\" href=\"https:\/\/www.info-algerie.com\/actualites\/la-prise-en-charge-des-preoccupations-des-citoyens-priorite-du-front-al-moustakbal\/\" \/>\n<meta property=\"og:locale\" content=\"fr_FR\" \/>\n<meta property=\"og:type\" content=\"article\" \/>\n<meta property=\"og:title\" content=\"La prise en charge des pr\u00e9occupations des citoyens : priorit\u00e9 du front Al-Moustakbal - info algerie\" \/>\n<meta property=\"og:description\" content=\"ALGER &#8211; La lib\u00e9ration des initiatives des assembl\u00e9es locales en mati\u00e8re de d\u00e9veloppement et la prise en charge des pr\u00e9occupations des citoyens sont parmi les principales pr\u00e9occupations du front Al-Moustakbal, qui accorde aussi une grande importance aux jeunes dans son programme \u00e9lectoral pour les \u00e9lections locales du 23 novembre 2017. &#013; &#013; Le programme du\" \/>\n<meta property=\"og:url\" content=\"https:\/\/www.info-algerie.com\/actualites\/la-prise-en-charge-des-preoccupations-des-citoyens-priorite-du-front-al-moustakbal\/\" \/>\n<meta property=\"og:site_name\" content=\"info algerie\" \/>\n<meta property=\"article:publisher\" content=\"https:\/\/www.facebook.com\/infoalgerieactu\" \/>\n<meta property=\"article:published_time\" content=\"2017-10-30T12:50:20+00:00\" \/>\n<meta name=\"author\" content=\"La r\u00e9daction\" \/>\n<meta name=\"twitter:label1\" content=\"\u00c9crit par\" \/>\n\t<meta name=\"twitter:data1\" content=\"La r\u00e9daction\" \/>\n\t<meta name=\"twitter:label2\" content=\"Dur\u00e9e de lecture estim\u00e9e\" \/>\n\t<meta name=\"twitter:data2\" content=\"3 minutes\" \/>\n<script type=\"application\/ld+json\" class=\"yoast-schema-graph\">{\"@context\":\"https:\\\/\\\/schema.org\",\"@graph\":[{\"@type\":\"Article\",\"@id\":\"https:\\\/\\\/www.info-algerie.com\\\/actualites\\\/la-prise-en-charge-des-preoccupations-des-citoyens-priorite-du-front-al-moustakbal\\\/#article\",\"isPartOf\":{\"@id\":\"https:\\\/\\\/www.info-algerie.com\\\/actualites\\\/la-prise-en-charge-des-preoccupations-des-citoyens-priorite-du-front-al-moustakbal\\\/\"},\"author\":{\"name\":\"La r\u00e9daction\",\"@id\":\"https:\\\/\\\/www.info-algerie.com\\\/actualites\\\/#\\\/schema\\\/person\\\/847aaec44920825b843a08f30ec6aa1e\"},\"headline\":\"La prise en charge des pr\u00e9occupations des citoyens : priorit\u00e9 du front Al-Moustakbal\",\"datePublished\":\"2017-10-30T12:50:20+00:00\",\"mainEntityOfPage\":{\"@id\":\"https:\\\/\\\/www.info-algerie.com\\\/actualites\\\/la-prise-en-charge-des-preoccupations-des-citoyens-priorite-du-front-al-moustakbal\\\/\"},\"wordCount\":560,\"commentCount\":0,\"publisher\":{\"@id\":\"https:\\\/\\\/www.info-algerie.com\\\/actualites\\\/#organization\"},\"keywords\":[\"ONU\"],\"articleSection\":[\"infos\"],\"inLanguage\":\"fr-FR\",\"potentialAction\":[{\"@type\":\"CommentAction\",\"name\":\"Comment\",\"target\":[\"https:\\\/\\\/www.info-algerie.com\\\/actualites\\\/la-prise-en-charge-des-preoccupations-des-citoyens-priorite-du-front-al-moustakbal\\\/#respond\"]}]},{\"@type\":\"WebPage\",\"@id\":\"https:\\\/\\\/www.info-algerie.com\\\/actualites\\\/la-prise-en-charge-des-preoccupations-des-citoyens-priorite-du-front-al-moustakbal\\\/\",\"url\":\"https:\\\/\\\/www.info-algerie.com\\\/actualites\\\/la-prise-en-charge-des-preoccupations-des-citoyens-priorite-du-front-al-moustakbal\\\/\",\"name\":\"La prise en charge des pr\u00e9occupations des citoyens : priorit\u00e9 du front Al-Moustakbal - info algerie\",\"isPartOf\":{\"@id\":\"https:\\\/\\\/www.info-algerie.com\\\/actualites\\\/#website\"},\"datePublished\":\"2017-10-30T12:50:20+00:00\",\"breadcrumb\":{\"@id\":\"https:\\\/\\\/www.info-algerie.com\\\/actualites\\\/la-prise-en-charge-des-preoccupations-des-citoyens-priorite-du-front-al-moustakbal\\\/#breadcrumb\"},\"inLanguage\":\"fr-FR\",\"potentialAction\":[{\"@type\":\"ReadAction\",\"target\":[\"https:\\\/\\\/www.info-algerie.com\\\/actualites\\\/la-prise-en-charge-des-preoccupations-des-citoyens-priorite-du-front-al-moustakbal\\\/\"]}]},{\"@type\":\"BreadcrumbList\",\"@id\":\"https:\\\/\\\/www.info-algerie.com\\\/actualites\\\/la-prise-en-charge-des-preoccupations-des-citoyens-priorite-du-front-al-moustakbal\\\/#breadcrumb\",\"itemListElement\":[{\"@type\":\"ListItem\",\"position\":1,\"name\":\"Accueil\",\"item\":\"https:\\\/\\\/www.info-algerie.com\\\/actualites\\\/\"},{\"@type\":\"ListItem\",\"position\":2,\"name\":\"La prise en charge des pr\u00e9occupations des citoyens : priorit\u00e9 du front Al-Moustakbal\"}]},{\"@type\":\"WebSite\",\"@id\":\"https:\\\/\\\/www.info-algerie.com\\\/actualites\\\/#website\",\"url\":\"https:\\\/\\\/www.info-algerie.com\\\/actualites\\\/\",\"name\":\"info algerie\",\"description\":\"Toutes les actualit\u00e9s\",\"publisher\":{\"@id\":\"https:\\\/\\\/www.info-algerie.com\\\/actualites\\\/#organization\"},\"potentialAction\":[{\"@type\":\"SearchAction\",\"target\":{\"@type\":\"EntryPoint\",\"urlTemplate\":\"https:\\\/\\\/www.info-algerie.com\\\/actualites\\\/?s={search_term_string}\"},\"query-input\":{\"@type\":\"PropertyValueSpecification\",\"valueRequired\":true,\"valueName\":\"search_term_string\"}}],\"inLanguage\":\"fr-FR\"},{\"@type\":\"Organization\",\"@id\":\"https:\\\/\\\/www.info-algerie.com\\\/actualites\\\/#organization\",\"name\":\"info algerie\",\"url\":\"https:\\\/\\\/www.info-algerie.com\\\/actualites\\\/\",\"logo\":{\"@type\":\"ImageObject\",\"inLanguage\":\"fr-FR\",\"@id\":\"https:\\\/\\\/www.info-algerie.com\\\/actualites\\\/#\\\/schema\\\/logo\\\/image\\\/\",\"url\":\"https:\\\/\\\/www.info-algerie.com\\\/actualites\\\/wp-content\\\/uploads\\\/2022\\\/07\\\/logo-ia-120.png\",\"contentUrl\":\"https:\\\/\\\/www.info-algerie.com\\\/actualites\\\/wp-content\\\/uploads\\\/2022\\\/07\\\/logo-ia-120.png\",\"width\":120,\"height\":43,\"caption\":\"info algerie\"},\"image\":{\"@id\":\"https:\\\/\\\/www.info-algerie.com\\\/actualites\\\/#\\\/schema\\\/logo\\\/image\\\/\"},\"sameAs\":[\"https:\\\/\\\/www.facebook.com\\\/infoalgerieactu\",\"https:\\\/\\\/x.com\\\/infoalgerie1\"]},{\"@type\":\"Person\",\"@id\":\"https:\\\/\\\/www.info-algerie.com\\\/actualites\\\/#\\\/schema\\\/person\\\/847aaec44920825b843a08f30ec6aa1e\",\"name\":\"La r\u00e9daction\",\"image\":{\"@type\":\"ImageObject\",\"inLanguage\":\"fr-FR\",\"@id\":\"https:\\\/\\\/secure.gravatar.com\\\/avatar\\\/769db425c6f465158149f1ffd6cf61ce7a8a879d11dfbef8288af36dfddd418c?s=96&d=mm&r=g\",\"url\":\"https:\\\/\\\/secure.gravatar.com\\\/avatar\\\/769db425c6f465158149f1ffd6cf61ce7a8a879d11dfbef8288af36dfddd418c?s=96&d=mm&r=g\",\"contentUrl\":\"https:\\\/\\\/secure.gravatar.com\\\/avatar\\\/769db425c6f465158149f1ffd6cf61ce7a8a879d11dfbef8288af36dfddd418c?s=96&d=mm&r=g\",\"caption\":\"La r\u00e9daction\"},\"sameAs\":[\"http:\\\/\\\/www.lkeria.com\\\/\"],\"url\":\"https:\\\/\\\/www.info-algerie.com\\\/actualites\\\/author\\\/chakib32\\\/\"}]}<\/script>\n<!-- \/ Yoast SEO plugin. -->","yoast_head_json":{"title":"La prise en charge des pr\u00e9occupations des citoyens : priorit\u00e9 du front Al-Moustakbal - info algerie","robots":{"index":"index","follow":"follow","max-snippet":"max-snippet:-1","max-image-preview":"max-image-preview:large","max-video-preview":"max-video-preview:-1"},"canonical":"https:\/\/www.info-algerie.com\/actualites\/la-prise-en-charge-des-preoccupations-des-citoyens-priorite-du-front-al-moustakbal\/","og_locale":"fr_FR","og_type":"article","og_title":"La prise en charge des pr\u00e9occupations des citoyens : priorit\u00e9 du front Al-Moustakbal - info algerie","og_description":"ALGER &#8211; La lib\u00e9ration des initiatives des assembl\u00e9es locales en mati\u00e8re de d\u00e9veloppement et la prise en charge des pr\u00e9occupations des citoyens sont parmi les principales pr\u00e9occupations du front Al-Moustakbal, qui accorde aussi une grande importance aux jeunes dans son programme \u00e9lectoral pour les \u00e9lections locales du 23 novembre 2017. &#013; &#013; Le programme du","og_url":"https:\/\/www.info-algerie.com\/actualites\/la-prise-en-charge-des-preoccupations-des-citoyens-priorite-du-front-al-moustakbal\/","og_site_name":"info algerie","article_publisher":"https:\/\/www.facebook.com\/infoalgerieactu","article_published_time":"2017-10-30T12:50:20+00:00","author":"La r\u00e9daction","twitter_misc":{"\u00c9crit par":"La r\u00e9daction","Dur\u00e9e de lecture estim\u00e9e":"3 minutes"},"schema":{"@context":"https:\/\/schema.org","@graph":[{"@type":"Article","@id":"https:\/\/www.info-algerie.com\/actualites\/la-prise-en-charge-des-preoccupations-des-citoyens-priorite-du-front-al-moustakbal\/#article","isPartOf":{"@id":"https:\/\/www.info-algerie.com\/actualites\/la-prise-en-charge-des-preoccupations-des-citoyens-priorite-du-front-al-moustakbal\/"},"author":{"name":"La r\u00e9daction","@id":"https:\/\/www.info-algerie.com\/actualites\/#\/schema\/person\/847aaec44920825b843a08f30ec6aa1e"},"headline":"La prise en charge des pr\u00e9occupations des citoyens : priorit\u00e9 du front Al-Moustakbal","datePublished":"2017-10-30T12:50:20+00:00","mainEntityOfPage":{"@id":"https:\/\/www.info-algerie.com\/actualites\/la-prise-en-charge-des-preoccupations-des-citoyens-priorite-du-front-al-moustakbal\/"},"wordCount":560,"commentCount":0,"publisher":{"@id":"https:\/\/www.info-algerie.com\/actualites\/#organization"},"keywords":["ONU"],"articleSection":["infos"],"inLanguage":"fr-FR","potentialAction":[{"@type":"CommentAction","name":"Comment","target":["https:\/\/www.info-algerie.com\/actualites\/la-prise-en-charge-des-preoccupations-des-citoyens-priorite-du-front-al-moustakbal\/#respond"]}]},{"@type":"WebPage","@id":"https:\/\/www.info-algerie.com\/actualites\/la-prise-en-charge-des-preoccupations-des-citoyens-priorite-du-front-al-moustakbal\/","url":"https:\/\/www.info-algerie.com\/actualites\/la-prise-en-charge-des-preoccupations-des-citoyens-priorite-du-front-al-moustakbal\/","name":"La prise en charge des pr\u00e9occupations des citoyens : priorit\u00e9 du front Al-Moustakbal - info algerie","isPartOf":{"@id":"https:\/\/www.info-algerie.com\/actualites\/#website"},"datePublished":"2017-10-30T12:50:20+00:00","breadcrumb":{"@id":"https:\/\/www.info-algerie.com\/actualites\/la-prise-en-charge-des-preoccupations-des-citoyens-priorite-du-front-al-moustakbal\/#breadcrumb"},"inLanguage":"fr-FR","potentialAction":[{"@type":"ReadAction","target":["https:\/\/www.info-algerie.com\/actualites\/la-prise-en-charge-des-preoccupations-des-citoyens-priorite-du-front-al-moustakbal\/"]}]},{"@type":"BreadcrumbList","@id":"https:\/\/www.info-algerie.com\/actualites\/la-prise-en-charge-des-preoccupations-des-citoyens-priorite-du-front-al-moustakbal\/#breadcrumb","itemListElement":[{"@type":"ListItem","position":1,"name":"Accueil","item":"https:\/\/www.info-algerie.com\/actualites\/"},{"@type":"ListItem","position":2,"name":"La prise en charge des pr\u00e9occupations des citoyens : priorit\u00e9 du front Al-Moustakbal"}]},{"@type":"WebSite","@id":"https:\/\/www.info-algerie.com\/actualites\/#website","url":"https:\/\/www.info-algerie.com\/actualites\/","name":"info algerie","description":"Toutes les actualit\u00e9s","publisher":{"@id":"https:\/\/www.info-algerie.com\/actualites\/#organization"},"potentialAction":[{"@type":"SearchAction","target":{"@type":"EntryPoint","urlTemplate":"https:\/\/www.info-algerie.com\/actualites\/?s={search_term_string}"},"query-input":{"@type":"PropertyValueSpecification","valueRequired":true,"valueName":"search_term_string"}}],"inLanguage":"fr-FR"},{"@type":"Organization","@id":"https:\/\/www.info-algerie.com\/actualites\/#organization","name":"info algerie","url":"https:\/\/www.info-algerie.com\/actualites\/","logo":{"@type":"ImageObject","inLanguage":"fr-FR","@id":"https:\/\/www.info-algerie.com\/actualites\/#\/schema\/logo\/image\/","url":"https:\/\/www.info-algerie.com\/actualites\/wp-content\/uploads\/2022\/07\/logo-ia-120.png","contentUrl":"https:\/\/www.info-algerie.com\/actualites\/wp-content\/uploads\/2022\/07\/logo-ia-120.png","width":120,"height":43,"caption":"info algerie"},"image":{"@id":"https:\/\/www.info-algerie.com\/actualites\/#\/schema\/logo\/image\/"},"sameAs":["https:\/\/www.facebook.com\/infoalgerieactu","https:\/\/x.com\/infoalgerie1"]},{"@type":"Person","@id":"https:\/\/www.info-algerie.com\/actualites\/#\/schema\/person\/847aaec44920825b843a08f30ec6aa1e","name":"La r\u00e9daction","image":{"@type":"ImageObject","inLanguage":"fr-FR","@id":"https:\/\/secure.gravatar.com\/avatar\/769db425c6f465158149f1ffd6cf61ce7a8a879d11dfbef8288af36dfddd418c?s=96&d=mm&r=g","url":"https:\/\/secure.gravatar.com\/avatar\/769db425c6f465158149f1ffd6cf61ce7a8a879d11dfbef8288af36dfddd418c?s=96&d=mm&r=g","contentUrl":"https:\/\/secure.gravatar.com\/avatar\/769db425c6f465158149f1ffd6cf61ce7a8a879d11dfbef8288af36dfddd418c?s=96&d=mm&r=g","caption":"La r\u00e9daction"},"sameAs":["http:\/\/www.lkeria.com\/"],"url":"https:\/\/www.info-algerie.com\/actualites\/author\/chakib32\/"}]}},"_links":{"self":[{"href":"https:\/\/www.info-algerie.com\/actualites\/wp-json\/wp\/v2\/posts\/17430","targetHints":{"allow":["GET"]}}],"collection":[{"href":"https:\/\/www.info-algerie.com\/actualites\/wp-json\/wp\/v2\/posts"}],"about":[{"href":"https:\/\/www.info-algerie.com\/actualites\/wp-json\/wp\/v2\/types\/post"}],"author":[{"embeddable":true,"href":"https:\/\/www.info-algerie.com\/actualites\/wp-json\/wp\/v2\/users\/6"}],"replies":[{"embeddable":true,"href":"https:\/\/www.info-algerie.com\/actualites\/wp-json\/wp\/v2\/comments?post=17430"}],"version-history":[{"count":0,"href":"https:\/\/www.info-algerie.com\/actualites\/wp-json\/wp\/v2\/posts\/17430\/revisions"}],"wp:attachment":[{"href":"https:\/\/www.info-algerie.com\/actualites\/wp-json\/wp\/v2\/media?parent=17430"}],"wp:term":[{"taxonomy":"category","embeddable":true,"href":"https:\/\/www.info-algerie.com\/actualites\/wp-json\/wp\/v2\/categories?post=17430"},{"taxonomy":"post_tag","embeddable":true,"href":"https:\/\/www.info-algerie.com\/actualites\/wp-json\/wp\/v2\/tags?post=17430"}],"curies":[{"name":"wp","href":"https:\/\/api.w.org\/{rel}","templated":true}]}}