{"id":17440,"date":"2017-10-30T16:02:01","date_gmt":"2017-10-30T15:02:01","guid":{"rendered":"http:\/\/www.info-algerie.com\/actualites\/la-france-coloniale-na-pas-respecte-le-droit-international-humanitaire-durant-loccupation-de-lalgerie\/"},"modified":"2017-10-30T16:02:01","modified_gmt":"2017-10-30T15:02:01","slug":"la-france-coloniale-na-pas-respecte-le-droit-international-humanitaire-durant-loccupation-de-lalgerie","status":"publish","type":"post","link":"https:\/\/www.info-algerie.com\/actualites\/la-france-coloniale-na-pas-respecte-le-droit-international-humanitaire-durant-loccupation-de-lalgerie\/","title":{"rendered":"La France coloniale n\u2019a pas respect\u00e9 le droit international humanitaire durant l\u2019occupation de l\u2019Alg\u00e9rie"},"content":{"rendered":"<div class=\"K2FeedIntroText\">\n<p>BECHAR- La France coloniale n\u2019a pas respect\u00e9 les r\u00e8gles \u00e9l\u00e9mentaires du droit international humanitaire durant les 132 ans d\u2019occupation de l\u2019Alg\u00e9rie, ont soulign\u00e9, lundi \u00e0 Bechar, des participants \u00e0 une rencontre sur le th\u00e8me \u2018\u2018La r\u00e9volution Alg\u00e9rienne et le droit international humanitaire\u2019\u2019.<\/p>\n<p>&#013;\n<\/p><\/div>\n<div class=\"K2FeedFullText\">&#013;<\/p>\n<p>Le droit international humanitaire, notamment la convention de la Haye de 1907 limite, pour des raisons humanitaires, les effets des conflits arm\u00e9s, prot\u00e8ge les personnes qui ne participent pas ou plus aux combats et restreint les moyens et m\u00e9thodes de guerre, r\u00e8gles que la France coloniale n\u2019a jamais respect\u00e9 en Alg\u00e9rie, selon des intervenants.<\/p>\n<p>&#013;<\/p>\n<p>La France ne les a jamais respect\u00e9 en Alg\u00e9rie ou des massacres de populations enti\u00e8res ont \u00e9t\u00e9 perp\u00e9tr\u00e9s par son arm\u00e9e, police, gendarmerie\u00a0 et autres auxiliaires coloniaux comme cela a \u00e9t\u00e9 le cas le 08 mars 1945 ou l\u2019un des plus affreux et horribles massacres contre des populations civiles\u00a0 d\u00e9sarm\u00e9es a \u00e9t\u00e9 commis \u00e0 S\u00e9tif et Kherrata, ont-ils soulign\u00e9.<\/p>\n<p>&#013;<\/p>\n<p>Le droit international humanitaire a \u00e9t\u00e9 aussi totalement bafou\u00e9 durant les sept (7) longues ann\u00e9es de la r\u00e9volution du 1er novembre 1954, \u00e0 l\u2019exemple de celui du nord constantinois ou des milliers d\u2019Alg\u00e9riens sont froidement assassin\u00e9s par l\u2019arm\u00e9e coloniale et des milices civiles europ\u00e9enne, de m\u00eame que des villages ont \u00e9t\u00e9 bombard\u00e9s par l\u2019aviation fran\u00e7aise comme ce fut le de la r\u00e9gion de B\u00e9ni Malek, ont-ils signal\u00e9.<\/p>\n<p>&#013;<\/p>\n<p>Les arrestations arbitraires, la torture des militants et autres prisonniers politiques dans diff\u00e9rents centres de d\u00e9tention ont \u00e9t\u00e9 les autres pratiques inhumaines commises par le colonialisme fran\u00e7ais et qui ne sont nullement conformes aux r\u00e8gles du droit international humanitaire, ont-ils expliqu\u00e9 lors de cette rencontre qui s\u2019inscrit dans le cadre de la c\u00e9l\u00e9bration du 63\u00e8me anniversaire du d\u00e9clenchement de la r\u00e9volution du 1er Novembre 1954.<\/p>\n<p>&#013;<\/p>\n<p>Cette rencontre, initi\u00e9e par la direction locale des affaires religieuses et des wakfs, en coop\u00e9ration avec celles des moudjahidine, et qui a \u00e9t\u00e9 anim\u00e9e par plusieurs historiens et chercheurs en histoire, a \u00e9t\u00e9 marqu\u00e9e par la pr\u00e9sence des autorit\u00e9s de la wilaya, d\u2019\u00e9tudiants, des imams et des repr\u00e9sentants de la soci\u00e9t\u00e9 civile.<\/p>\n<\/div>\n<p>&#013;<br \/>\nSource: <a href=\"http:\/\/www.aps.dz\/algerie\/64725-la-france-coloniale-n-a-pas-respecte-le-droit-international-humanitaire-durant-l-occupation-de-l-algerie\" target=\"_blank\">La France coloniale n\u2019a pas respect\u00e9 le droit international humanitaire durant l\u2019occupation de l\u2019Alg\u00e9rie<\/a><\/p>\n<!--CusAds0-->\n<div style=\"font-size: 0px; height: 0px; line-height: 0px; margin: 0; padding: 0; clear: both;\"><\/div>","protected":false},"excerpt":{"rendered":"<p>BECHAR- La France coloniale n\u2019a pas respect\u00e9 les r\u00e8gles \u00e9l\u00e9mentaires du droit international humanitaire durant les 132 ans d\u2019occupation de l\u2019Alg\u00e9rie, ont soulign\u00e9, lundi \u00e0 Bechar, des participants \u00e0 une rencontre sur le th\u00e8me \u2018\u2018La r\u00e9volution Alg\u00e9rienne et le droit international humanitaire\u2019\u2019. &#013; &#013; Le droit international humanitaire, notamment la convention de la Haye de<\/p>\n","protected":false},"author":6,"featured_media":0,"comment_status":"open","ping_status":"open","sticky":false,"template":"","format":"standard","meta":{"footnotes":""},"categories":[22],"tags":[93],"class_list":["post-17440","post","type-post","status-publish","format-standard","hentry","category-infos","tag-onu"],"yoast_head":"<!-- This site is optimized with the Yoast SEO plugin v27.5 - https:\/\/yoast.com\/product\/yoast-seo-wordpress\/ -->\n<title>La France coloniale n\u2019a pas respect\u00e9 le droit international humanitaire durant l\u2019occupation de l\u2019Alg\u00e9rie - info algerie<\/title>\n<meta name=\"robots\" content=\"index, follow, max-snippet:-1, max-image-preview:large, max-video-preview:-1\" \/>\n<link rel=\"canonical\" href=\"https:\/\/www.info-algerie.com\/actualites\/la-france-coloniale-na-pas-respecte-le-droit-international-humanitaire-durant-loccupation-de-lalgerie\/\" \/>\n<meta property=\"og:locale\" content=\"fr_FR\" \/>\n<meta property=\"og:type\" content=\"article\" \/>\n<meta property=\"og:title\" content=\"La France coloniale n\u2019a pas respect\u00e9 le droit international humanitaire durant l\u2019occupation de l\u2019Alg\u00e9rie - info algerie\" \/>\n<meta property=\"og:description\" content=\"BECHAR- La France coloniale n\u2019a pas respect\u00e9 les r\u00e8gles \u00e9l\u00e9mentaires du droit international humanitaire durant les 132 ans d\u2019occupation de l\u2019Alg\u00e9rie, ont soulign\u00e9, lundi \u00e0 Bechar, des participants \u00e0 une rencontre sur le th\u00e8me \u2018\u2018La r\u00e9volution Alg\u00e9rienne et le droit international humanitaire\u2019\u2019. &#013; &#013; Le droit international humanitaire, notamment la convention de la Haye de\" \/>\n<meta property=\"og:url\" content=\"https:\/\/www.info-algerie.com\/actualites\/la-france-coloniale-na-pas-respecte-le-droit-international-humanitaire-durant-loccupation-de-lalgerie\/\" \/>\n<meta property=\"og:site_name\" content=\"info algerie\" \/>\n<meta property=\"article:publisher\" content=\"https:\/\/www.facebook.com\/infoalgerieactu\" \/>\n<meta property=\"article:published_time\" content=\"2017-10-30T15:02:01+00:00\" \/>\n<meta name=\"author\" content=\"La r\u00e9daction\" \/>\n<meta name=\"twitter:label1\" content=\"\u00c9crit par\" \/>\n\t<meta name=\"twitter:data1\" content=\"La r\u00e9daction\" \/>\n\t<meta name=\"twitter:label2\" content=\"Dur\u00e9e de lecture estim\u00e9e\" \/>\n\t<meta name=\"twitter:data2\" content=\"2 minutes\" \/>\n<script type=\"application\/ld+json\" class=\"yoast-schema-graph\">{\"@context\":\"https:\\\/\\\/schema.org\",\"@graph\":[{\"@type\":\"Article\",\"@id\":\"https:\\\/\\\/www.info-algerie.com\\\/actualites\\\/la-france-coloniale-na-pas-respecte-le-droit-international-humanitaire-durant-loccupation-de-lalgerie\\\/#article\",\"isPartOf\":{\"@id\":\"https:\\\/\\\/www.info-algerie.com\\\/actualites\\\/la-france-coloniale-na-pas-respecte-le-droit-international-humanitaire-durant-loccupation-de-lalgerie\\\/\"},\"author\":{\"name\":\"La r\u00e9daction\",\"@id\":\"https:\\\/\\\/www.info-algerie.com\\\/actualites\\\/#\\\/schema\\\/person\\\/847aaec44920825b843a08f30ec6aa1e\"},\"headline\":\"La France coloniale n\u2019a pas respect\u00e9 le droit international humanitaire durant l\u2019occupation de l\u2019Alg\u00e9rie\",\"datePublished\":\"2017-10-30T15:02:01+00:00\",\"mainEntityOfPage\":{\"@id\":\"https:\\\/\\\/www.info-algerie.com\\\/actualites\\\/la-france-coloniale-na-pas-respecte-le-droit-international-humanitaire-durant-loccupation-de-lalgerie\\\/\"},\"wordCount\":422,\"commentCount\":0,\"publisher\":{\"@id\":\"https:\\\/\\\/www.info-algerie.com\\\/actualites\\\/#organization\"},\"keywords\":[\"ONU\"],\"articleSection\":[\"infos\"],\"inLanguage\":\"fr-FR\",\"potentialAction\":[{\"@type\":\"CommentAction\",\"name\":\"Comment\",\"target\":[\"https:\\\/\\\/www.info-algerie.com\\\/actualites\\\/la-france-coloniale-na-pas-respecte-le-droit-international-humanitaire-durant-loccupation-de-lalgerie\\\/#respond\"]}]},{\"@type\":\"WebPage\",\"@id\":\"https:\\\/\\\/www.info-algerie.com\\\/actualites\\\/la-france-coloniale-na-pas-respecte-le-droit-international-humanitaire-durant-loccupation-de-lalgerie\\\/\",\"url\":\"https:\\\/\\\/www.info-algerie.com\\\/actualites\\\/la-france-coloniale-na-pas-respecte-le-droit-international-humanitaire-durant-loccupation-de-lalgerie\\\/\",\"name\":\"La France coloniale n\u2019a pas respect\u00e9 le droit international humanitaire durant l\u2019occupation de l\u2019Alg\u00e9rie - info algerie\",\"isPartOf\":{\"@id\":\"https:\\\/\\\/www.info-algerie.com\\\/actualites\\\/#website\"},\"datePublished\":\"2017-10-30T15:02:01+00:00\",\"breadcrumb\":{\"@id\":\"https:\\\/\\\/www.info-algerie.com\\\/actualites\\\/la-france-coloniale-na-pas-respecte-le-droit-international-humanitaire-durant-loccupation-de-lalgerie\\\/#breadcrumb\"},\"inLanguage\":\"fr-FR\",\"potentialAction\":[{\"@type\":\"ReadAction\",\"target\":[\"https:\\\/\\\/www.info-algerie.com\\\/actualites\\\/la-france-coloniale-na-pas-respecte-le-droit-international-humanitaire-durant-loccupation-de-lalgerie\\\/\"]}]},{\"@type\":\"BreadcrumbList\",\"@id\":\"https:\\\/\\\/www.info-algerie.com\\\/actualites\\\/la-france-coloniale-na-pas-respecte-le-droit-international-humanitaire-durant-loccupation-de-lalgerie\\\/#breadcrumb\",\"itemListElement\":[{\"@type\":\"ListItem\",\"position\":1,\"name\":\"Accueil\",\"item\":\"https:\\\/\\\/www.info-algerie.com\\\/actualites\\\/\"},{\"@type\":\"ListItem\",\"position\":2,\"name\":\"La France coloniale n\u2019a pas respect\u00e9 le droit international humanitaire durant l\u2019occupation de l\u2019Alg\u00e9rie\"}]},{\"@type\":\"WebSite\",\"@id\":\"https:\\\/\\\/www.info-algerie.com\\\/actualites\\\/#website\",\"url\":\"https:\\\/\\\/www.info-algerie.com\\\/actualites\\\/\",\"name\":\"info algerie\",\"description\":\"Toutes les actualit\u00e9s\",\"publisher\":{\"@id\":\"https:\\\/\\\/www.info-algerie.com\\\/actualites\\\/#organization\"},\"potentialAction\":[{\"@type\":\"SearchAction\",\"target\":{\"@type\":\"EntryPoint\",\"urlTemplate\":\"https:\\\/\\\/www.info-algerie.com\\\/actualites\\\/?s={search_term_string}\"},\"query-input\":{\"@type\":\"PropertyValueSpecification\",\"valueRequired\":true,\"valueName\":\"search_term_string\"}}],\"inLanguage\":\"fr-FR\"},{\"@type\":\"Organization\",\"@id\":\"https:\\\/\\\/www.info-algerie.com\\\/actualites\\\/#organization\",\"name\":\"info algerie\",\"url\":\"https:\\\/\\\/www.info-algerie.com\\\/actualites\\\/\",\"logo\":{\"@type\":\"ImageObject\",\"inLanguage\":\"fr-FR\",\"@id\":\"https:\\\/\\\/www.info-algerie.com\\\/actualites\\\/#\\\/schema\\\/logo\\\/image\\\/\",\"url\":\"https:\\\/\\\/www.info-algerie.com\\\/actualites\\\/wp-content\\\/uploads\\\/2022\\\/07\\\/logo-ia-120.png\",\"contentUrl\":\"https:\\\/\\\/www.info-algerie.com\\\/actualites\\\/wp-content\\\/uploads\\\/2022\\\/07\\\/logo-ia-120.png\",\"width\":120,\"height\":43,\"caption\":\"info algerie\"},\"image\":{\"@id\":\"https:\\\/\\\/www.info-algerie.com\\\/actualites\\\/#\\\/schema\\\/logo\\\/image\\\/\"},\"sameAs\":[\"https:\\\/\\\/www.facebook.com\\\/infoalgerieactu\",\"https:\\\/\\\/x.com\\\/infoalgerie1\"]},{\"@type\":\"Person\",\"@id\":\"https:\\\/\\\/www.info-algerie.com\\\/actualites\\\/#\\\/schema\\\/person\\\/847aaec44920825b843a08f30ec6aa1e\",\"name\":\"La r\u00e9daction\",\"image\":{\"@type\":\"ImageObject\",\"inLanguage\":\"fr-FR\",\"@id\":\"https:\\\/\\\/secure.gravatar.com\\\/avatar\\\/769db425c6f465158149f1ffd6cf61ce7a8a879d11dfbef8288af36dfddd418c?s=96&d=mm&r=g\",\"url\":\"https:\\\/\\\/secure.gravatar.com\\\/avatar\\\/769db425c6f465158149f1ffd6cf61ce7a8a879d11dfbef8288af36dfddd418c?s=96&d=mm&r=g\",\"contentUrl\":\"https:\\\/\\\/secure.gravatar.com\\\/avatar\\\/769db425c6f465158149f1ffd6cf61ce7a8a879d11dfbef8288af36dfddd418c?s=96&d=mm&r=g\",\"caption\":\"La r\u00e9daction\"},\"sameAs\":[\"http:\\\/\\\/www.lkeria.com\\\/\"],\"url\":\"https:\\\/\\\/www.info-algerie.com\\\/actualites\\\/author\\\/chakib32\\\/\"}]}<\/script>\n<!-- \/ Yoast SEO plugin. -->","yoast_head_json":{"title":"La France coloniale n\u2019a pas respect\u00e9 le droit international humanitaire durant l\u2019occupation de l\u2019Alg\u00e9rie - info algerie","robots":{"index":"index","follow":"follow","max-snippet":"max-snippet:-1","max-image-preview":"max-image-preview:large","max-video-preview":"max-video-preview:-1"},"canonical":"https:\/\/www.info-algerie.com\/actualites\/la-france-coloniale-na-pas-respecte-le-droit-international-humanitaire-durant-loccupation-de-lalgerie\/","og_locale":"fr_FR","og_type":"article","og_title":"La France coloniale n\u2019a pas respect\u00e9 le droit international humanitaire durant l\u2019occupation de l\u2019Alg\u00e9rie - info algerie","og_description":"BECHAR- La France coloniale n\u2019a pas respect\u00e9 les r\u00e8gles \u00e9l\u00e9mentaires du droit international humanitaire durant les 132 ans d\u2019occupation de l\u2019Alg\u00e9rie, ont soulign\u00e9, lundi \u00e0 Bechar, des participants \u00e0 une rencontre sur le th\u00e8me \u2018\u2018La r\u00e9volution Alg\u00e9rienne et le droit international humanitaire\u2019\u2019. &#013; &#013; Le droit international humanitaire, notamment la convention de la Haye de","og_url":"https:\/\/www.info-algerie.com\/actualites\/la-france-coloniale-na-pas-respecte-le-droit-international-humanitaire-durant-loccupation-de-lalgerie\/","og_site_name":"info algerie","article_publisher":"https:\/\/www.facebook.com\/infoalgerieactu","article_published_time":"2017-10-30T15:02:01+00:00","author":"La r\u00e9daction","twitter_misc":{"\u00c9crit par":"La r\u00e9daction","Dur\u00e9e de lecture estim\u00e9e":"2 minutes"},"schema":{"@context":"https:\/\/schema.org","@graph":[{"@type":"Article","@id":"https:\/\/www.info-algerie.com\/actualites\/la-france-coloniale-na-pas-respecte-le-droit-international-humanitaire-durant-loccupation-de-lalgerie\/#article","isPartOf":{"@id":"https:\/\/www.info-algerie.com\/actualites\/la-france-coloniale-na-pas-respecte-le-droit-international-humanitaire-durant-loccupation-de-lalgerie\/"},"author":{"name":"La r\u00e9daction","@id":"https:\/\/www.info-algerie.com\/actualites\/#\/schema\/person\/847aaec44920825b843a08f30ec6aa1e"},"headline":"La France coloniale n\u2019a pas respect\u00e9 le droit international humanitaire durant l\u2019occupation de l\u2019Alg\u00e9rie","datePublished":"2017-10-30T15:02:01+00:00","mainEntityOfPage":{"@id":"https:\/\/www.info-algerie.com\/actualites\/la-france-coloniale-na-pas-respecte-le-droit-international-humanitaire-durant-loccupation-de-lalgerie\/"},"wordCount":422,"commentCount":0,"publisher":{"@id":"https:\/\/www.info-algerie.com\/actualites\/#organization"},"keywords":["ONU"],"articleSection":["infos"],"inLanguage":"fr-FR","potentialAction":[{"@type":"CommentAction","name":"Comment","target":["https:\/\/www.info-algerie.com\/actualites\/la-france-coloniale-na-pas-respecte-le-droit-international-humanitaire-durant-loccupation-de-lalgerie\/#respond"]}]},{"@type":"WebPage","@id":"https:\/\/www.info-algerie.com\/actualites\/la-france-coloniale-na-pas-respecte-le-droit-international-humanitaire-durant-loccupation-de-lalgerie\/","url":"https:\/\/www.info-algerie.com\/actualites\/la-france-coloniale-na-pas-respecte-le-droit-international-humanitaire-durant-loccupation-de-lalgerie\/","name":"La France coloniale n\u2019a pas respect\u00e9 le droit international humanitaire durant l\u2019occupation de l\u2019Alg\u00e9rie - info algerie","isPartOf":{"@id":"https:\/\/www.info-algerie.com\/actualites\/#website"},"datePublished":"2017-10-30T15:02:01+00:00","breadcrumb":{"@id":"https:\/\/www.info-algerie.com\/actualites\/la-france-coloniale-na-pas-respecte-le-droit-international-humanitaire-durant-loccupation-de-lalgerie\/#breadcrumb"},"inLanguage":"fr-FR","potentialAction":[{"@type":"ReadAction","target":["https:\/\/www.info-algerie.com\/actualites\/la-france-coloniale-na-pas-respecte-le-droit-international-humanitaire-durant-loccupation-de-lalgerie\/"]}]},{"@type":"BreadcrumbList","@id":"https:\/\/www.info-algerie.com\/actualites\/la-france-coloniale-na-pas-respecte-le-droit-international-humanitaire-durant-loccupation-de-lalgerie\/#breadcrumb","itemListElement":[{"@type":"ListItem","position":1,"name":"Accueil","item":"https:\/\/www.info-algerie.com\/actualites\/"},{"@type":"ListItem","position":2,"name":"La France coloniale n\u2019a pas respect\u00e9 le droit international humanitaire durant l\u2019occupation de l\u2019Alg\u00e9rie"}]},{"@type":"WebSite","@id":"https:\/\/www.info-algerie.com\/actualites\/#website","url":"https:\/\/www.info-algerie.com\/actualites\/","name":"info algerie","description":"Toutes les actualit\u00e9s","publisher":{"@id":"https:\/\/www.info-algerie.com\/actualites\/#organization"},"potentialAction":[{"@type":"SearchAction","target":{"@type":"EntryPoint","urlTemplate":"https:\/\/www.info-algerie.com\/actualites\/?s={search_term_string}"},"query-input":{"@type":"PropertyValueSpecification","valueRequired":true,"valueName":"search_term_string"}}],"inLanguage":"fr-FR"},{"@type":"Organization","@id":"https:\/\/www.info-algerie.com\/actualites\/#organization","name":"info algerie","url":"https:\/\/www.info-algerie.com\/actualites\/","logo":{"@type":"ImageObject","inLanguage":"fr-FR","@id":"https:\/\/www.info-algerie.com\/actualites\/#\/schema\/logo\/image\/","url":"https:\/\/www.info-algerie.com\/actualites\/wp-content\/uploads\/2022\/07\/logo-ia-120.png","contentUrl":"https:\/\/www.info-algerie.com\/actualites\/wp-content\/uploads\/2022\/07\/logo-ia-120.png","width":120,"height":43,"caption":"info algerie"},"image":{"@id":"https:\/\/www.info-algerie.com\/actualites\/#\/schema\/logo\/image\/"},"sameAs":["https:\/\/www.facebook.com\/infoalgerieactu","https:\/\/x.com\/infoalgerie1"]},{"@type":"Person","@id":"https:\/\/www.info-algerie.com\/actualites\/#\/schema\/person\/847aaec44920825b843a08f30ec6aa1e","name":"La r\u00e9daction","image":{"@type":"ImageObject","inLanguage":"fr-FR","@id":"https:\/\/secure.gravatar.com\/avatar\/769db425c6f465158149f1ffd6cf61ce7a8a879d11dfbef8288af36dfddd418c?s=96&d=mm&r=g","url":"https:\/\/secure.gravatar.com\/avatar\/769db425c6f465158149f1ffd6cf61ce7a8a879d11dfbef8288af36dfddd418c?s=96&d=mm&r=g","contentUrl":"https:\/\/secure.gravatar.com\/avatar\/769db425c6f465158149f1ffd6cf61ce7a8a879d11dfbef8288af36dfddd418c?s=96&d=mm&r=g","caption":"La r\u00e9daction"},"sameAs":["http:\/\/www.lkeria.com\/"],"url":"https:\/\/www.info-algerie.com\/actualites\/author\/chakib32\/"}]}},"_links":{"self":[{"href":"https:\/\/www.info-algerie.com\/actualites\/wp-json\/wp\/v2\/posts\/17440","targetHints":{"allow":["GET"]}}],"collection":[{"href":"https:\/\/www.info-algerie.com\/actualites\/wp-json\/wp\/v2\/posts"}],"about":[{"href":"https:\/\/www.info-algerie.com\/actualites\/wp-json\/wp\/v2\/types\/post"}],"author":[{"embeddable":true,"href":"https:\/\/www.info-algerie.com\/actualites\/wp-json\/wp\/v2\/users\/6"}],"replies":[{"embeddable":true,"href":"https:\/\/www.info-algerie.com\/actualites\/wp-json\/wp\/v2\/comments?post=17440"}],"version-history":[{"count":0,"href":"https:\/\/www.info-algerie.com\/actualites\/wp-json\/wp\/v2\/posts\/17440\/revisions"}],"wp:attachment":[{"href":"https:\/\/www.info-algerie.com\/actualites\/wp-json\/wp\/v2\/media?parent=17440"}],"wp:term":[{"taxonomy":"category","embeddable":true,"href":"https:\/\/www.info-algerie.com\/actualites\/wp-json\/wp\/v2\/categories?post=17440"},{"taxonomy":"post_tag","embeddable":true,"href":"https:\/\/www.info-algerie.com\/actualites\/wp-json\/wp\/v2\/tags?post=17440"}],"curies":[{"name":"wp","href":"https:\/\/api.w.org\/{rel}","templated":true}]}}