{"id":17443,"date":"2017-10-30T16:39:26","date_gmt":"2017-10-30T15:39:26","guid":{"rendered":"http:\/\/www.info-algerie.com\/actualites\/lalgerie-reitere-son-attachement-a-lintegrite-et-a-lunite-de-lespagne\/"},"modified":"2017-10-30T16:39:26","modified_gmt":"2017-10-30T15:39:26","slug":"lalgerie-reitere-son-attachement-a-lintegrite-et-a-lunite-de-lespagne","status":"publish","type":"post","link":"https:\/\/www.info-algerie.com\/actualites\/lalgerie-reitere-son-attachement-a-lintegrite-et-a-lunite-de-lespagne\/","title":{"rendered":"L&#039;Alg\u00e9rie r\u00e9it\u00e8re son attachement \u00e0 l&#039;int\u00e9grit\u00e9 et \u00e0 l&#039;unit\u00e9 de l&#039;Espagne\u00a0 \u00a0"},"content":{"rendered":"<div class=\"K2FeedImage\"><img decoding=\"async\" src=\"https:\/\/www.info-algerie.com\/actualites\/wp-content\/uploads\/2017\/10\/217f08fdbb65a45f512c04c64f66b425_S.jpg\" alt=\"L'Alg&#xE9;rie r&#xE9;it&#xE8;re son attachement &#xE0; l'int&#xE9;grit&#xE9; et &#xE0; l'unit&#xE9; de l'Espagne&#xA0; &#xA0;\" \/><\/div>\n<div class=\"K2FeedIntroText\">\n<p>ALGER- L&rsquo;Alg\u00e9rie a r\u00e9it\u00e9r\u00e9 son attachement \u00e0 l&rsquo;int\u00e9grit\u00e9 et \u00e0 l&rsquo;unit\u00e9 du Royaume d&rsquo;Espagne, a affirm\u00e9 lundi le Porte-parole du minist\u00e8re des Affaires \u00e9trang\u00e8res, Abdelaziz Benali Cherif, en r\u00e9action aux<a href=\"http:\/\/www.aps.dz\/monde\/64578-crise-en-catalogne-rajoy-annonce-la-destitution-du-president-de-la-catalogne\"><strong> \u00e9v\u00e8nements en cours en Catalogne<\/strong><\/a> et \u00e0 la proclamation unilat\u00e9rale de\u00a0 l&rsquo;ind\u00e9pendance par le Parlement catalan.<\/p>\n<p>&#013;\n<\/p><\/div>\n<div class=\"K2FeedFullText\">&#013;<\/p>\n<p>Interrog\u00e9 sur les \u00e9v\u00e8nements en cours en <a href=\"http:\/\/www.aps.dz\/monde\/64663-espagne-les-partisans-de-l-unite-du-pays-manifestent-dans-les-rue-de-barcelone\"><strong>Catalogne<\/strong><\/a> et la proclamation unilat\u00e9rale de l&rsquo;ind\u00e9pendance par le Parlement catalan, le Porte-parole du MAE a indiqu\u00e9, dans une d\u00e9claration \u00e0 l&rsquo;APS, que l&rsquo;Alg\u00e9rie \u00ab\u00a0r\u00e9it\u00e8re son attachement \u00e0 l&rsquo;int\u00e9grit\u00e9 et \u00e0 l&rsquo;unit\u00e9 du Royaume d&rsquo;Espagne\u00a0\u00bb.\u00a0\u00a0<\/p>\n<p>&#013;<\/p>\n<blockquote><p>&#013;<\/p>\n<p><em><strong>Il a ajout\u00e9 que l\u00a0\u00bbAlg\u00e9rie, \u00ab\u00a0qui est li\u00e9e par un Trait\u00e9 d&rsquo;amiti\u00e9, de bon voisinage et de coop\u00e9ration avec l&rsquo;Espagne et par des relations traditionnelles importantes adoss\u00e9es \u00e0 un dialogue politique de haut niveau et \u00e0 une coop\u00e9ration \u00e9conomique substantielle, a pleine confiance dans la capacit\u00e9 du peuple et des autorit\u00e9s espagnoles \u00e0 surmonter la situation actuelle et \u00e0 r\u00e9gler la crise dans le cadre du respect de la constitution du Royaume d&rsquo;Espagne et de ses institutions d\u00e9mocratiques\u00a0\u00bb.<\/strong><\/em><\/p>\n<p>&#013;\n<\/p><\/blockquote>\n<\/div>\n<p>&#013;<br \/>\nSource: <a href=\"http:\/\/www.aps.dz\/algerie\/64727-l-algerie-reitere-son-attachement-a-l-integrite-et-a-l-unite-de-l-espagne\" target=\"_blank\">L&rsquo;Alg\u00e9rie r\u00e9it\u00e8re son attachement \u00e0 l&rsquo;int\u00e9grit\u00e9 et \u00e0 l&rsquo;unit\u00e9 de l&rsquo;Espagne\u00a0 \u00a0<\/a><\/p>\n<!--CusAds0-->\n<div style=\"font-size: 0px; height: 0px; line-height: 0px; margin: 0; padding: 0; clear: both;\"><\/div>","protected":false},"excerpt":{"rendered":"<p>ALGER- L&rsquo;Alg\u00e9rie a r\u00e9it\u00e9r\u00e9 son attachement \u00e0 l&rsquo;int\u00e9grit\u00e9 et \u00e0 l&rsquo;unit\u00e9 du Royaume d&rsquo;Espagne, a affirm\u00e9 lundi le Porte-parole du minist\u00e8re des Affaires \u00e9trang\u00e8res, Abdelaziz Benali Cherif, en r\u00e9action aux \u00e9v\u00e8nements en cours en Catalogne et \u00e0 la proclamation unilat\u00e9rale de\u00a0 l&rsquo;ind\u00e9pendance par le Parlement catalan. &#013; &#013; Interrog\u00e9 sur les \u00e9v\u00e8nements en cours en<\/p>\n","protected":false},"author":6,"featured_media":17444,"comment_status":"open","ping_status":"open","sticky":false,"template":"","format":"standard","meta":{"footnotes":""},"categories":[22],"tags":[93],"class_list":["post-17443","post","type-post","status-publish","format-standard","has-post-thumbnail","hentry","category-infos","tag-onu"],"yoast_head":"<!-- This site is optimized with the Yoast SEO plugin v27.5 - https:\/\/yoast.com\/product\/yoast-seo-wordpress\/ -->\n<title>L&#039;Alg\u00e9rie r\u00e9it\u00e8re son attachement \u00e0 l&#039;int\u00e9grit\u00e9 et \u00e0 l&#039;unit\u00e9 de l&#039;Espagne\u00a0 \u00a0 - info algerie<\/title>\n<meta name=\"robots\" content=\"index, follow, max-snippet:-1, max-image-preview:large, max-video-preview:-1\" \/>\n<link rel=\"canonical\" href=\"https:\/\/www.info-algerie.com\/actualites\/lalgerie-reitere-son-attachement-a-lintegrite-et-a-lunite-de-lespagne\/\" \/>\n<meta property=\"og:locale\" content=\"fr_FR\" \/>\n<meta property=\"og:type\" content=\"article\" \/>\n<meta property=\"og:title\" content=\"L&#039;Alg\u00e9rie r\u00e9it\u00e8re son attachement \u00e0 l&#039;int\u00e9grit\u00e9 et \u00e0 l&#039;unit\u00e9 de l&#039;Espagne\u00a0 \u00a0 - info algerie\" \/>\n<meta property=\"og:description\" content=\"ALGER- L&rsquo;Alg\u00e9rie a r\u00e9it\u00e9r\u00e9 son attachement \u00e0 l&rsquo;int\u00e9grit\u00e9 et \u00e0 l&rsquo;unit\u00e9 du Royaume d&rsquo;Espagne, a affirm\u00e9 lundi le Porte-parole du minist\u00e8re des Affaires \u00e9trang\u00e8res, Abdelaziz Benali Cherif, en r\u00e9action aux \u00e9v\u00e8nements en cours en Catalogne et \u00e0 la proclamation unilat\u00e9rale de\u00a0 l&rsquo;ind\u00e9pendance par le Parlement catalan. &#013; &#013; Interrog\u00e9 sur les \u00e9v\u00e8nements en cours en\" \/>\n<meta property=\"og:url\" content=\"https:\/\/www.info-algerie.com\/actualites\/lalgerie-reitere-son-attachement-a-lintegrite-et-a-lunite-de-lespagne\/\" \/>\n<meta property=\"og:site_name\" content=\"info algerie\" \/>\n<meta property=\"article:publisher\" content=\"https:\/\/www.facebook.com\/infoalgerieactu\" \/>\n<meta property=\"article:published_time\" content=\"2017-10-30T15:39:26+00:00\" \/>\n<meta property=\"og:image\" content=\"https:\/\/www.info-algerie.com\/actualites\/wp-content\/uploads\/2017\/10\/217f08fdbb65a45f512c04c64f66b425_S-1.jpg\" \/>\n\t<meta property=\"og:image:width\" content=\"280\" \/>\n\t<meta property=\"og:image:height\" content=\"174\" \/>\n\t<meta property=\"og:image:type\" content=\"image\/jpeg\" \/>\n<meta name=\"author\" content=\"La r\u00e9daction\" \/>\n<meta name=\"twitter:label1\" content=\"\u00c9crit par\" \/>\n\t<meta name=\"twitter:data1\" content=\"La r\u00e9daction\" \/>\n\t<meta name=\"twitter:label2\" content=\"Dur\u00e9e de lecture estim\u00e9e\" \/>\n\t<meta name=\"twitter:data2\" content=\"1 minute\" \/>\n<script type=\"application\/ld+json\" class=\"yoast-schema-graph\">{\"@context\":\"https:\\\/\\\/schema.org\",\"@graph\":[{\"@type\":\"Article\",\"@id\":\"https:\\\/\\\/www.info-algerie.com\\\/actualites\\\/lalgerie-reitere-son-attachement-a-lintegrite-et-a-lunite-de-lespagne\\\/#article\",\"isPartOf\":{\"@id\":\"https:\\\/\\\/www.info-algerie.com\\\/actualites\\\/lalgerie-reitere-son-attachement-a-lintegrite-et-a-lunite-de-lespagne\\\/\"},\"author\":{\"name\":\"La r\u00e9daction\",\"@id\":\"https:\\\/\\\/www.info-algerie.com\\\/actualites\\\/#\\\/schema\\\/person\\\/847aaec44920825b843a08f30ec6aa1e\"},\"headline\":\"L&#039;Alg\u00e9rie r\u00e9it\u00e8re son attachement \u00e0 l&#039;int\u00e9grit\u00e9 et \u00e0 l&#039;unit\u00e9 de l&#039;Espagne\u00a0 \u00a0\",\"datePublished\":\"2017-10-30T15:39:26+00:00\",\"mainEntityOfPage\":{\"@id\":\"https:\\\/\\\/www.info-algerie.com\\\/actualites\\\/lalgerie-reitere-son-attachement-a-lintegrite-et-a-lunite-de-lespagne\\\/\"},\"wordCount\":232,\"commentCount\":0,\"publisher\":{\"@id\":\"https:\\\/\\\/www.info-algerie.com\\\/actualites\\\/#organization\"},\"image\":{\"@id\":\"https:\\\/\\\/www.info-algerie.com\\\/actualites\\\/lalgerie-reitere-son-attachement-a-lintegrite-et-a-lunite-de-lespagne\\\/#primaryimage\"},\"thumbnailUrl\":\"https:\\\/\\\/www.info-algerie.com\\\/actualites\\\/wp-content\\\/uploads\\\/2017\\\/10\\\/217f08fdbb65a45f512c04c64f66b425_S-1.jpg\",\"keywords\":[\"ONU\"],\"articleSection\":[\"infos\"],\"inLanguage\":\"fr-FR\",\"potentialAction\":[{\"@type\":\"CommentAction\",\"name\":\"Comment\",\"target\":[\"https:\\\/\\\/www.info-algerie.com\\\/actualites\\\/lalgerie-reitere-son-attachement-a-lintegrite-et-a-lunite-de-lespagne\\\/#respond\"]}]},{\"@type\":\"WebPage\",\"@id\":\"https:\\\/\\\/www.info-algerie.com\\\/actualites\\\/lalgerie-reitere-son-attachement-a-lintegrite-et-a-lunite-de-lespagne\\\/\",\"url\":\"https:\\\/\\\/www.info-algerie.com\\\/actualites\\\/lalgerie-reitere-son-attachement-a-lintegrite-et-a-lunite-de-lespagne\\\/\",\"name\":\"L&#039;Alg\u00e9rie r\u00e9it\u00e8re son attachement \u00e0 l&#039;int\u00e9grit\u00e9 et \u00e0 l&#039;unit\u00e9 de l&#039;Espagne\u00a0 \u00a0 - info algerie\",\"isPartOf\":{\"@id\":\"https:\\\/\\\/www.info-algerie.com\\\/actualites\\\/#website\"},\"primaryImageOfPage\":{\"@id\":\"https:\\\/\\\/www.info-algerie.com\\\/actualites\\\/lalgerie-reitere-son-attachement-a-lintegrite-et-a-lunite-de-lespagne\\\/#primaryimage\"},\"image\":{\"@id\":\"https:\\\/\\\/www.info-algerie.com\\\/actualites\\\/lalgerie-reitere-son-attachement-a-lintegrite-et-a-lunite-de-lespagne\\\/#primaryimage\"},\"thumbnailUrl\":\"https:\\\/\\\/www.info-algerie.com\\\/actualites\\\/wp-content\\\/uploads\\\/2017\\\/10\\\/217f08fdbb65a45f512c04c64f66b425_S-1.jpg\",\"datePublished\":\"2017-10-30T15:39:26+00:00\",\"breadcrumb\":{\"@id\":\"https:\\\/\\\/www.info-algerie.com\\\/actualites\\\/lalgerie-reitere-son-attachement-a-lintegrite-et-a-lunite-de-lespagne\\\/#breadcrumb\"},\"inLanguage\":\"fr-FR\",\"potentialAction\":[{\"@type\":\"ReadAction\",\"target\":[\"https:\\\/\\\/www.info-algerie.com\\\/actualites\\\/lalgerie-reitere-son-attachement-a-lintegrite-et-a-lunite-de-lespagne\\\/\"]}]},{\"@type\":\"ImageObject\",\"inLanguage\":\"fr-FR\",\"@id\":\"https:\\\/\\\/www.info-algerie.com\\\/actualites\\\/lalgerie-reitere-son-attachement-a-lintegrite-et-a-lunite-de-lespagne\\\/#primaryimage\",\"url\":\"https:\\\/\\\/www.info-algerie.com\\\/actualites\\\/wp-content\\\/uploads\\\/2017\\\/10\\\/217f08fdbb65a45f512c04c64f66b425_S-1.jpg\",\"contentUrl\":\"https:\\\/\\\/www.info-algerie.com\\\/actualites\\\/wp-content\\\/uploads\\\/2017\\\/10\\\/217f08fdbb65a45f512c04c64f66b425_S-1.jpg\",\"width\":280,\"height\":174},{\"@type\":\"BreadcrumbList\",\"@id\":\"https:\\\/\\\/www.info-algerie.com\\\/actualites\\\/lalgerie-reitere-son-attachement-a-lintegrite-et-a-lunite-de-lespagne\\\/#breadcrumb\",\"itemListElement\":[{\"@type\":\"ListItem\",\"position\":1,\"name\":\"Accueil\",\"item\":\"https:\\\/\\\/www.info-algerie.com\\\/actualites\\\/\"},{\"@type\":\"ListItem\",\"position\":2,\"name\":\"L&#039;Alg\u00e9rie r\u00e9it\u00e8re son attachement \u00e0 l&#039;int\u00e9grit\u00e9 et \u00e0 l&#039;unit\u00e9 de l&#039;Espagne\u00a0 \u00a0\"}]},{\"@type\":\"WebSite\",\"@id\":\"https:\\\/\\\/www.info-algerie.com\\\/actualites\\\/#website\",\"url\":\"https:\\\/\\\/www.info-algerie.com\\\/actualites\\\/\",\"name\":\"info algerie\",\"description\":\"Toutes les actualit\u00e9s\",\"publisher\":{\"@id\":\"https:\\\/\\\/www.info-algerie.com\\\/actualites\\\/#organization\"},\"potentialAction\":[{\"@type\":\"SearchAction\",\"target\":{\"@type\":\"EntryPoint\",\"urlTemplate\":\"https:\\\/\\\/www.info-algerie.com\\\/actualites\\\/?s={search_term_string}\"},\"query-input\":{\"@type\":\"PropertyValueSpecification\",\"valueRequired\":true,\"valueName\":\"search_term_string\"}}],\"inLanguage\":\"fr-FR\"},{\"@type\":\"Organization\",\"@id\":\"https:\\\/\\\/www.info-algerie.com\\\/actualites\\\/#organization\",\"name\":\"info algerie\",\"url\":\"https:\\\/\\\/www.info-algerie.com\\\/actualites\\\/\",\"logo\":{\"@type\":\"ImageObject\",\"inLanguage\":\"fr-FR\",\"@id\":\"https:\\\/\\\/www.info-algerie.com\\\/actualites\\\/#\\\/schema\\\/logo\\\/image\\\/\",\"url\":\"https:\\\/\\\/www.info-algerie.com\\\/actualites\\\/wp-content\\\/uploads\\\/2022\\\/07\\\/logo-ia-120.png\",\"contentUrl\":\"https:\\\/\\\/www.info-algerie.com\\\/actualites\\\/wp-content\\\/uploads\\\/2022\\\/07\\\/logo-ia-120.png\",\"width\":120,\"height\":43,\"caption\":\"info algerie\"},\"image\":{\"@id\":\"https:\\\/\\\/www.info-algerie.com\\\/actualites\\\/#\\\/schema\\\/logo\\\/image\\\/\"},\"sameAs\":[\"https:\\\/\\\/www.facebook.com\\\/infoalgerieactu\",\"https:\\\/\\\/x.com\\\/infoalgerie1\"]},{\"@type\":\"Person\",\"@id\":\"https:\\\/\\\/www.info-algerie.com\\\/actualites\\\/#\\\/schema\\\/person\\\/847aaec44920825b843a08f30ec6aa1e\",\"name\":\"La r\u00e9daction\",\"image\":{\"@type\":\"ImageObject\",\"inLanguage\":\"fr-FR\",\"@id\":\"https:\\\/\\\/secure.gravatar.com\\\/avatar\\\/769db425c6f465158149f1ffd6cf61ce7a8a879d11dfbef8288af36dfddd418c?s=96&d=mm&r=g\",\"url\":\"https:\\\/\\\/secure.gravatar.com\\\/avatar\\\/769db425c6f465158149f1ffd6cf61ce7a8a879d11dfbef8288af36dfddd418c?s=96&d=mm&r=g\",\"contentUrl\":\"https:\\\/\\\/secure.gravatar.com\\\/avatar\\\/769db425c6f465158149f1ffd6cf61ce7a8a879d11dfbef8288af36dfddd418c?s=96&d=mm&r=g\",\"caption\":\"La r\u00e9daction\"},\"sameAs\":[\"http:\\\/\\\/www.lkeria.com\\\/\"],\"url\":\"https:\\\/\\\/www.info-algerie.com\\\/actualites\\\/author\\\/chakib32\\\/\"}]}<\/script>\n<!-- \/ Yoast SEO plugin. -->","yoast_head_json":{"title":"L&#039;Alg\u00e9rie r\u00e9it\u00e8re son attachement \u00e0 l&#039;int\u00e9grit\u00e9 et \u00e0 l&#039;unit\u00e9 de l&#039;Espagne\u00a0 \u00a0 - info algerie","robots":{"index":"index","follow":"follow","max-snippet":"max-snippet:-1","max-image-preview":"max-image-preview:large","max-video-preview":"max-video-preview:-1"},"canonical":"https:\/\/www.info-algerie.com\/actualites\/lalgerie-reitere-son-attachement-a-lintegrite-et-a-lunite-de-lespagne\/","og_locale":"fr_FR","og_type":"article","og_title":"L&#039;Alg\u00e9rie r\u00e9it\u00e8re son attachement \u00e0 l&#039;int\u00e9grit\u00e9 et \u00e0 l&#039;unit\u00e9 de l&#039;Espagne\u00a0 \u00a0 - info algerie","og_description":"ALGER- L&rsquo;Alg\u00e9rie a r\u00e9it\u00e9r\u00e9 son attachement \u00e0 l&rsquo;int\u00e9grit\u00e9 et \u00e0 l&rsquo;unit\u00e9 du Royaume d&rsquo;Espagne, a affirm\u00e9 lundi le Porte-parole du minist\u00e8re des Affaires \u00e9trang\u00e8res, Abdelaziz Benali Cherif, en r\u00e9action aux \u00e9v\u00e8nements en cours en Catalogne et \u00e0 la proclamation unilat\u00e9rale de\u00a0 l&rsquo;ind\u00e9pendance par le Parlement catalan. &#013; &#013; Interrog\u00e9 sur les \u00e9v\u00e8nements en cours en","og_url":"https:\/\/www.info-algerie.com\/actualites\/lalgerie-reitere-son-attachement-a-lintegrite-et-a-lunite-de-lespagne\/","og_site_name":"info algerie","article_publisher":"https:\/\/www.facebook.com\/infoalgerieactu","article_published_time":"2017-10-30T15:39:26+00:00","og_image":[{"width":280,"height":174,"url":"https:\/\/www.info-algerie.com\/actualites\/wp-content\/uploads\/2017\/10\/217f08fdbb65a45f512c04c64f66b425_S-1.jpg","type":"image\/jpeg"}],"author":"La r\u00e9daction","twitter_misc":{"\u00c9crit par":"La r\u00e9daction","Dur\u00e9e de lecture estim\u00e9e":"1 minute"},"schema":{"@context":"https:\/\/schema.org","@graph":[{"@type":"Article","@id":"https:\/\/www.info-algerie.com\/actualites\/lalgerie-reitere-son-attachement-a-lintegrite-et-a-lunite-de-lespagne\/#article","isPartOf":{"@id":"https:\/\/www.info-algerie.com\/actualites\/lalgerie-reitere-son-attachement-a-lintegrite-et-a-lunite-de-lespagne\/"},"author":{"name":"La r\u00e9daction","@id":"https:\/\/www.info-algerie.com\/actualites\/#\/schema\/person\/847aaec44920825b843a08f30ec6aa1e"},"headline":"L&#039;Alg\u00e9rie r\u00e9it\u00e8re son attachement \u00e0 l&#039;int\u00e9grit\u00e9 et \u00e0 l&#039;unit\u00e9 de l&#039;Espagne\u00a0 \u00a0","datePublished":"2017-10-30T15:39:26+00:00","mainEntityOfPage":{"@id":"https:\/\/www.info-algerie.com\/actualites\/lalgerie-reitere-son-attachement-a-lintegrite-et-a-lunite-de-lespagne\/"},"wordCount":232,"commentCount":0,"publisher":{"@id":"https:\/\/www.info-algerie.com\/actualites\/#organization"},"image":{"@id":"https:\/\/www.info-algerie.com\/actualites\/lalgerie-reitere-son-attachement-a-lintegrite-et-a-lunite-de-lespagne\/#primaryimage"},"thumbnailUrl":"https:\/\/www.info-algerie.com\/actualites\/wp-content\/uploads\/2017\/10\/217f08fdbb65a45f512c04c64f66b425_S-1.jpg","keywords":["ONU"],"articleSection":["infos"],"inLanguage":"fr-FR","potentialAction":[{"@type":"CommentAction","name":"Comment","target":["https:\/\/www.info-algerie.com\/actualites\/lalgerie-reitere-son-attachement-a-lintegrite-et-a-lunite-de-lespagne\/#respond"]}]},{"@type":"WebPage","@id":"https:\/\/www.info-algerie.com\/actualites\/lalgerie-reitere-son-attachement-a-lintegrite-et-a-lunite-de-lespagne\/","url":"https:\/\/www.info-algerie.com\/actualites\/lalgerie-reitere-son-attachement-a-lintegrite-et-a-lunite-de-lespagne\/","name":"L&#039;Alg\u00e9rie r\u00e9it\u00e8re son attachement \u00e0 l&#039;int\u00e9grit\u00e9 et \u00e0 l&#039;unit\u00e9 de l&#039;Espagne\u00a0 \u00a0 - info algerie","isPartOf":{"@id":"https:\/\/www.info-algerie.com\/actualites\/#website"},"primaryImageOfPage":{"@id":"https:\/\/www.info-algerie.com\/actualites\/lalgerie-reitere-son-attachement-a-lintegrite-et-a-lunite-de-lespagne\/#primaryimage"},"image":{"@id":"https:\/\/www.info-algerie.com\/actualites\/lalgerie-reitere-son-attachement-a-lintegrite-et-a-lunite-de-lespagne\/#primaryimage"},"thumbnailUrl":"https:\/\/www.info-algerie.com\/actualites\/wp-content\/uploads\/2017\/10\/217f08fdbb65a45f512c04c64f66b425_S-1.jpg","datePublished":"2017-10-30T15:39:26+00:00","breadcrumb":{"@id":"https:\/\/www.info-algerie.com\/actualites\/lalgerie-reitere-son-attachement-a-lintegrite-et-a-lunite-de-lespagne\/#breadcrumb"},"inLanguage":"fr-FR","potentialAction":[{"@type":"ReadAction","target":["https:\/\/www.info-algerie.com\/actualites\/lalgerie-reitere-son-attachement-a-lintegrite-et-a-lunite-de-lespagne\/"]}]},{"@type":"ImageObject","inLanguage":"fr-FR","@id":"https:\/\/www.info-algerie.com\/actualites\/lalgerie-reitere-son-attachement-a-lintegrite-et-a-lunite-de-lespagne\/#primaryimage","url":"https:\/\/www.info-algerie.com\/actualites\/wp-content\/uploads\/2017\/10\/217f08fdbb65a45f512c04c64f66b425_S-1.jpg","contentUrl":"https:\/\/www.info-algerie.com\/actualites\/wp-content\/uploads\/2017\/10\/217f08fdbb65a45f512c04c64f66b425_S-1.jpg","width":280,"height":174},{"@type":"BreadcrumbList","@id":"https:\/\/www.info-algerie.com\/actualites\/lalgerie-reitere-son-attachement-a-lintegrite-et-a-lunite-de-lespagne\/#breadcrumb","itemListElement":[{"@type":"ListItem","position":1,"name":"Accueil","item":"https:\/\/www.info-algerie.com\/actualites\/"},{"@type":"ListItem","position":2,"name":"L&#039;Alg\u00e9rie r\u00e9it\u00e8re son attachement \u00e0 l&#039;int\u00e9grit\u00e9 et \u00e0 l&#039;unit\u00e9 de l&#039;Espagne\u00a0 \u00a0"}]},{"@type":"WebSite","@id":"https:\/\/www.info-algerie.com\/actualites\/#website","url":"https:\/\/www.info-algerie.com\/actualites\/","name":"info algerie","description":"Toutes les actualit\u00e9s","publisher":{"@id":"https:\/\/www.info-algerie.com\/actualites\/#organization"},"potentialAction":[{"@type":"SearchAction","target":{"@type":"EntryPoint","urlTemplate":"https:\/\/www.info-algerie.com\/actualites\/?s={search_term_string}"},"query-input":{"@type":"PropertyValueSpecification","valueRequired":true,"valueName":"search_term_string"}}],"inLanguage":"fr-FR"},{"@type":"Organization","@id":"https:\/\/www.info-algerie.com\/actualites\/#organization","name":"info algerie","url":"https:\/\/www.info-algerie.com\/actualites\/","logo":{"@type":"ImageObject","inLanguage":"fr-FR","@id":"https:\/\/www.info-algerie.com\/actualites\/#\/schema\/logo\/image\/","url":"https:\/\/www.info-algerie.com\/actualites\/wp-content\/uploads\/2022\/07\/logo-ia-120.png","contentUrl":"https:\/\/www.info-algerie.com\/actualites\/wp-content\/uploads\/2022\/07\/logo-ia-120.png","width":120,"height":43,"caption":"info algerie"},"image":{"@id":"https:\/\/www.info-algerie.com\/actualites\/#\/schema\/logo\/image\/"},"sameAs":["https:\/\/www.facebook.com\/infoalgerieactu","https:\/\/x.com\/infoalgerie1"]},{"@type":"Person","@id":"https:\/\/www.info-algerie.com\/actualites\/#\/schema\/person\/847aaec44920825b843a08f30ec6aa1e","name":"La r\u00e9daction","image":{"@type":"ImageObject","inLanguage":"fr-FR","@id":"https:\/\/secure.gravatar.com\/avatar\/769db425c6f465158149f1ffd6cf61ce7a8a879d11dfbef8288af36dfddd418c?s=96&d=mm&r=g","url":"https:\/\/secure.gravatar.com\/avatar\/769db425c6f465158149f1ffd6cf61ce7a8a879d11dfbef8288af36dfddd418c?s=96&d=mm&r=g","contentUrl":"https:\/\/secure.gravatar.com\/avatar\/769db425c6f465158149f1ffd6cf61ce7a8a879d11dfbef8288af36dfddd418c?s=96&d=mm&r=g","caption":"La r\u00e9daction"},"sameAs":["http:\/\/www.lkeria.com\/"],"url":"https:\/\/www.info-algerie.com\/actualites\/author\/chakib32\/"}]}},"_links":{"self":[{"href":"https:\/\/www.info-algerie.com\/actualites\/wp-json\/wp\/v2\/posts\/17443","targetHints":{"allow":["GET"]}}],"collection":[{"href":"https:\/\/www.info-algerie.com\/actualites\/wp-json\/wp\/v2\/posts"}],"about":[{"href":"https:\/\/www.info-algerie.com\/actualites\/wp-json\/wp\/v2\/types\/post"}],"author":[{"embeddable":true,"href":"https:\/\/www.info-algerie.com\/actualites\/wp-json\/wp\/v2\/users\/6"}],"replies":[{"embeddable":true,"href":"https:\/\/www.info-algerie.com\/actualites\/wp-json\/wp\/v2\/comments?post=17443"}],"version-history":[{"count":0,"href":"https:\/\/www.info-algerie.com\/actualites\/wp-json\/wp\/v2\/posts\/17443\/revisions"}],"wp:featuredmedia":[{"embeddable":true,"href":"https:\/\/www.info-algerie.com\/actualites\/wp-json\/wp\/v2\/media\/17444"}],"wp:attachment":[{"href":"https:\/\/www.info-algerie.com\/actualites\/wp-json\/wp\/v2\/media?parent=17443"}],"wp:term":[{"taxonomy":"category","embeddable":true,"href":"https:\/\/www.info-algerie.com\/actualites\/wp-json\/wp\/v2\/categories?post=17443"},{"taxonomy":"post_tag","embeddable":true,"href":"https:\/\/www.info-algerie.com\/actualites\/wp-json\/wp\/v2\/tags?post=17443"}],"curies":[{"name":"wp","href":"https:\/\/api.w.org\/{rel}","templated":true}]}}