{"id":17447,"date":"2017-10-30T18:15:26","date_gmt":"2017-10-30T17:15:26","guid":{"rendered":"http:\/\/www.info-algerie.com\/actualites\/mettre-en-place-une-assise-saine-a-lexercice-de-la-pratique-politique-belaid\/"},"modified":"2017-10-30T18:15:26","modified_gmt":"2017-10-30T17:15:26","slug":"mettre-en-place-une-assise-saine-a-lexercice-de-la-pratique-politique-belaid","status":"publish","type":"post","link":"https:\/\/www.info-algerie.com\/actualites\/mettre-en-place-une-assise-saine-a-lexercice-de-la-pratique-politique-belaid\/","title":{"rendered":"Mettre en place une assise &quot;saine&quot; \u00e0 l\u2019exercice de la pratique politique (Belaid)"},"content":{"rendered":"<div class=\"K2FeedIntroText\">\n<p class=\"MsoNoSpacing\">ILLIZI &#8211; Le pr\u00e9sident du Front El-Moustakbel, Abdelaziz Belaid, a affirm\u00e9 lundi \u00e0 Djanet (Illizi) que sa formation politique oeuvrait \u00e0 la mise en place d\u2019une \u00ab\u00a0assise saine\u00a0\u00bb pour l&rsquo;exercice de la politique dans le pays.<\/p>\n<p>&#013;\n<\/p><\/div>\n<div class=\"K2FeedFullText\">&#013;<\/p>\n<p>Animant un meeting de campagne pour les \u00e9lections locales du 23 novembre, M. Belaid a indiqu\u00e9 que le Front El-Moustakbel oeuvre \u00e0 la mise en place d\u2019une \u00ab\u00a0assise saine pour l\u2019exercice politique en vue de changer certaines mentalit\u00e9s et de contribuer \u00e0 la pr\u00e9servation de l\u2019int\u00e9r\u00eat sup\u00e9rieur du pays\u00a0\u00bb.<\/p>\n<p>&#013;<\/p>\n<p>Devant une assistance compos\u00e9e de partisans et de sympathisants, il a exhort\u00e9 les candidats de sa formation politique \u00e0 oeuvrer au respect des fondements du parti, \u00e0 ne pas faire de fausses promesses aux citoyens lors de la campagne \u00e9lectorale et \u00e0 opter pour un discours de v\u00e9rit\u00e9 afin de gagner la confiance des diff\u00e9rentes cat\u00e9gories du peuple.<\/p>\n<p>&#013;<\/p>\n<p>Au volet \u00e9conomique, l\u2019orateur a mis en exergue l\u2019importance d\u2019aller vers l\u2019\u00e9conomie verte que repr\u00e9sente l\u2019agriculture, \u00e0 travers l\u2019exploitation de toutes les potentialit\u00e9s existantes dans ce secteur, notamment dans le Sud qui a donn\u00e9, ces derni\u00e8res ann\u00e9es, une production diversifi\u00e9e et abondante permettant \u00e0 l\u2019Alg\u00e9rie, a-t-il dit, de se lib\u00e9rer de la d\u00e9pendance des hydrocarbures.<\/p>\n<p>&#013;<\/p>\n<p>Mettant l\u2019accent sur le soutien de l\u2019Etat \u00e0 l\u2019investissement touristique dans les r\u00e9gions du Sud qui regorgent d\u2019importants atouts, Abdelaziz Belaid a appel\u00e9 \u00e0 changer la politique de gestion \u00ab\u00a0centralis\u00e9e\u00a0\u00bb pour relancer cet important secteur.<\/p>\n<p>&#013;<\/p>\n<p>\u00ab\u00a0Les wilayas frontali\u00e8res demeurent en qu\u00eate d\u2019un bond qualitatif en termes de d\u00e9veloppement\u00a0\u00bb, a-t-il estim\u00e9, avant d\u2019appeler \u00e0 davantage d\u2019efforts pour promouvoir le d\u00e9veloppement local et ouvrir de nouvelles perspectives \u00e0 m\u00eame de lutter contre le ch\u00f4mage en milieu des jeunes.<\/p>\n<p>&#013;<\/p>\n<p>M.Belaid a, dans ce contexte, qualifi\u00e9 le gel des op\u00e9rations de d\u00e9veloppement dans ces wilayas d\u2019 \u00ab\u00a0illogique\u00a0\u00bb, eu \u00e9gard \u00e0 leur besoin pressant en d\u00e9veloppement.<\/p>\n<p>&#013;<\/p>\n<p>Le pr\u00e9sident du front El-Moustakbel a, au terme de son intervention, valoris\u00e9 le r\u00f4le des diff\u00e9rents corps s\u00e9curitaires, \u00e0 leur t\u00eate l\u2019Arm\u00e9e nationale populaire, pour la protection des fronti\u00e8res nationales, notamment dans le Sud du pays, avant d\u2019appeler l\u2019ensemble \u00e0 contribuer efficacement \u00e0 la pr\u00e9servation de la bande frontali\u00e8re, afin d\u2019assurer la paix et la stabilit\u00e9 du pays.<\/p>\n<\/div>\n<p>&#013;<br \/>\nSource: <a href=\"http:\/\/www.aps.dz\/algerie\/64735-mettre-en-place-une-assise-saine-a-l-exercice-de-la-pratique-politique-belaid\" target=\"_blank\">Mettre en place une assise \u00ab\u00a0saine\u00a0\u00bb \u00e0 l\u2019exercice de la pratique politique (Belaid)<\/a><\/p>\n<!--CusAds0-->\n<div style=\"font-size: 0px; height: 0px; line-height: 0px; margin: 0; padding: 0; clear: both;\"><\/div>","protected":false},"excerpt":{"rendered":"<p>ILLIZI &#8211; Le pr\u00e9sident du Front El-Moustakbel, Abdelaziz Belaid, a affirm\u00e9 lundi \u00e0 Djanet (Illizi) que sa formation politique oeuvrait \u00e0 la mise en place d\u2019une \u00ab\u00a0assise saine\u00a0\u00bb pour l&rsquo;exercice de la politique dans le pays. &#013; &#013; Animant un meeting de campagne pour les \u00e9lections locales du 23 novembre, M. Belaid a indiqu\u00e9 que<\/p>\n","protected":false},"author":6,"featured_media":0,"comment_status":"open","ping_status":"open","sticky":false,"template":"","format":"standard","meta":{"footnotes":""},"categories":[22],"tags":[93],"class_list":["post-17447","post","type-post","status-publish","format-standard","hentry","category-infos","tag-onu"],"yoast_head":"<!-- This site is optimized with the Yoast SEO plugin v27.5 - https:\/\/yoast.com\/product\/yoast-seo-wordpress\/ -->\n<title>Mettre en place une assise &quot;saine&quot; \u00e0 l\u2019exercice de la pratique politique (Belaid) - info algerie<\/title>\n<meta name=\"robots\" content=\"index, follow, max-snippet:-1, max-image-preview:large, max-video-preview:-1\" \/>\n<link rel=\"canonical\" href=\"https:\/\/www.info-algerie.com\/actualites\/mettre-en-place-une-assise-saine-a-lexercice-de-la-pratique-politique-belaid\/\" \/>\n<meta property=\"og:locale\" content=\"fr_FR\" \/>\n<meta property=\"og:type\" content=\"article\" \/>\n<meta property=\"og:title\" content=\"Mettre en place une assise &quot;saine&quot; \u00e0 l\u2019exercice de la pratique politique (Belaid) - info algerie\" \/>\n<meta property=\"og:description\" content=\"ILLIZI &#8211; Le pr\u00e9sident du Front El-Moustakbel, Abdelaziz Belaid, a affirm\u00e9 lundi \u00e0 Djanet (Illizi) que sa formation politique oeuvrait \u00e0 la mise en place d\u2019une \u00ab\u00a0assise saine\u00a0\u00bb pour l&rsquo;exercice de la politique dans le pays. &#013; &#013; Animant un meeting de campagne pour les \u00e9lections locales du 23 novembre, M. Belaid a indiqu\u00e9 que\" \/>\n<meta property=\"og:url\" content=\"https:\/\/www.info-algerie.com\/actualites\/mettre-en-place-une-assise-saine-a-lexercice-de-la-pratique-politique-belaid\/\" \/>\n<meta property=\"og:site_name\" content=\"info algerie\" \/>\n<meta property=\"article:publisher\" content=\"https:\/\/www.facebook.com\/infoalgerieactu\" \/>\n<meta property=\"article:published_time\" content=\"2017-10-30T17:15:26+00:00\" \/>\n<meta name=\"author\" content=\"La r\u00e9daction\" \/>\n<meta name=\"twitter:label1\" content=\"\u00c9crit par\" \/>\n\t<meta name=\"twitter:data1\" content=\"La r\u00e9daction\" \/>\n\t<meta name=\"twitter:label2\" content=\"Dur\u00e9e de lecture estim\u00e9e\" \/>\n\t<meta name=\"twitter:data2\" content=\"2 minutes\" \/>\n<script type=\"application\/ld+json\" class=\"yoast-schema-graph\">{\"@context\":\"https:\\\/\\\/schema.org\",\"@graph\":[{\"@type\":\"Article\",\"@id\":\"https:\\\/\\\/www.info-algerie.com\\\/actualites\\\/mettre-en-place-une-assise-saine-a-lexercice-de-la-pratique-politique-belaid\\\/#article\",\"isPartOf\":{\"@id\":\"https:\\\/\\\/www.info-algerie.com\\\/actualites\\\/mettre-en-place-une-assise-saine-a-lexercice-de-la-pratique-politique-belaid\\\/\"},\"author\":{\"name\":\"La r\u00e9daction\",\"@id\":\"https:\\\/\\\/www.info-algerie.com\\\/actualites\\\/#\\\/schema\\\/person\\\/847aaec44920825b843a08f30ec6aa1e\"},\"headline\":\"Mettre en place une assise &quot;saine&quot; \u00e0 l\u2019exercice de la pratique politique (Belaid)\",\"datePublished\":\"2017-10-30T17:15:26+00:00\",\"mainEntityOfPage\":{\"@id\":\"https:\\\/\\\/www.info-algerie.com\\\/actualites\\\/mettre-en-place-une-assise-saine-a-lexercice-de-la-pratique-politique-belaid\\\/\"},\"wordCount\":430,\"commentCount\":0,\"publisher\":{\"@id\":\"https:\\\/\\\/www.info-algerie.com\\\/actualites\\\/#organization\"},\"keywords\":[\"ONU\"],\"articleSection\":[\"infos\"],\"inLanguage\":\"fr-FR\",\"potentialAction\":[{\"@type\":\"CommentAction\",\"name\":\"Comment\",\"target\":[\"https:\\\/\\\/www.info-algerie.com\\\/actualites\\\/mettre-en-place-une-assise-saine-a-lexercice-de-la-pratique-politique-belaid\\\/#respond\"]}]},{\"@type\":\"WebPage\",\"@id\":\"https:\\\/\\\/www.info-algerie.com\\\/actualites\\\/mettre-en-place-une-assise-saine-a-lexercice-de-la-pratique-politique-belaid\\\/\",\"url\":\"https:\\\/\\\/www.info-algerie.com\\\/actualites\\\/mettre-en-place-une-assise-saine-a-lexercice-de-la-pratique-politique-belaid\\\/\",\"name\":\"Mettre en place une assise &quot;saine&quot; \u00e0 l\u2019exercice de la pratique politique (Belaid) - info algerie\",\"isPartOf\":{\"@id\":\"https:\\\/\\\/www.info-algerie.com\\\/actualites\\\/#website\"},\"datePublished\":\"2017-10-30T17:15:26+00:00\",\"breadcrumb\":{\"@id\":\"https:\\\/\\\/www.info-algerie.com\\\/actualites\\\/mettre-en-place-une-assise-saine-a-lexercice-de-la-pratique-politique-belaid\\\/#breadcrumb\"},\"inLanguage\":\"fr-FR\",\"potentialAction\":[{\"@type\":\"ReadAction\",\"target\":[\"https:\\\/\\\/www.info-algerie.com\\\/actualites\\\/mettre-en-place-une-assise-saine-a-lexercice-de-la-pratique-politique-belaid\\\/\"]}]},{\"@type\":\"BreadcrumbList\",\"@id\":\"https:\\\/\\\/www.info-algerie.com\\\/actualites\\\/mettre-en-place-une-assise-saine-a-lexercice-de-la-pratique-politique-belaid\\\/#breadcrumb\",\"itemListElement\":[{\"@type\":\"ListItem\",\"position\":1,\"name\":\"Accueil\",\"item\":\"https:\\\/\\\/www.info-algerie.com\\\/actualites\\\/\"},{\"@type\":\"ListItem\",\"position\":2,\"name\":\"Mettre en place une assise &quot;saine&quot; \u00e0 l\u2019exercice de la pratique politique (Belaid)\"}]},{\"@type\":\"WebSite\",\"@id\":\"https:\\\/\\\/www.info-algerie.com\\\/actualites\\\/#website\",\"url\":\"https:\\\/\\\/www.info-algerie.com\\\/actualites\\\/\",\"name\":\"info algerie\",\"description\":\"Toutes les actualit\u00e9s\",\"publisher\":{\"@id\":\"https:\\\/\\\/www.info-algerie.com\\\/actualites\\\/#organization\"},\"potentialAction\":[{\"@type\":\"SearchAction\",\"target\":{\"@type\":\"EntryPoint\",\"urlTemplate\":\"https:\\\/\\\/www.info-algerie.com\\\/actualites\\\/?s={search_term_string}\"},\"query-input\":{\"@type\":\"PropertyValueSpecification\",\"valueRequired\":true,\"valueName\":\"search_term_string\"}}],\"inLanguage\":\"fr-FR\"},{\"@type\":\"Organization\",\"@id\":\"https:\\\/\\\/www.info-algerie.com\\\/actualites\\\/#organization\",\"name\":\"info algerie\",\"url\":\"https:\\\/\\\/www.info-algerie.com\\\/actualites\\\/\",\"logo\":{\"@type\":\"ImageObject\",\"inLanguage\":\"fr-FR\",\"@id\":\"https:\\\/\\\/www.info-algerie.com\\\/actualites\\\/#\\\/schema\\\/logo\\\/image\\\/\",\"url\":\"https:\\\/\\\/www.info-algerie.com\\\/actualites\\\/wp-content\\\/uploads\\\/2022\\\/07\\\/logo-ia-120.png\",\"contentUrl\":\"https:\\\/\\\/www.info-algerie.com\\\/actualites\\\/wp-content\\\/uploads\\\/2022\\\/07\\\/logo-ia-120.png\",\"width\":120,\"height\":43,\"caption\":\"info algerie\"},\"image\":{\"@id\":\"https:\\\/\\\/www.info-algerie.com\\\/actualites\\\/#\\\/schema\\\/logo\\\/image\\\/\"},\"sameAs\":[\"https:\\\/\\\/www.facebook.com\\\/infoalgerieactu\",\"https:\\\/\\\/x.com\\\/infoalgerie1\"]},{\"@type\":\"Person\",\"@id\":\"https:\\\/\\\/www.info-algerie.com\\\/actualites\\\/#\\\/schema\\\/person\\\/847aaec44920825b843a08f30ec6aa1e\",\"name\":\"La r\u00e9daction\",\"image\":{\"@type\":\"ImageObject\",\"inLanguage\":\"fr-FR\",\"@id\":\"https:\\\/\\\/secure.gravatar.com\\\/avatar\\\/769db425c6f465158149f1ffd6cf61ce7a8a879d11dfbef8288af36dfddd418c?s=96&d=mm&r=g\",\"url\":\"https:\\\/\\\/secure.gravatar.com\\\/avatar\\\/769db425c6f465158149f1ffd6cf61ce7a8a879d11dfbef8288af36dfddd418c?s=96&d=mm&r=g\",\"contentUrl\":\"https:\\\/\\\/secure.gravatar.com\\\/avatar\\\/769db425c6f465158149f1ffd6cf61ce7a8a879d11dfbef8288af36dfddd418c?s=96&d=mm&r=g\",\"caption\":\"La r\u00e9daction\"},\"sameAs\":[\"http:\\\/\\\/www.lkeria.com\\\/\"],\"url\":\"https:\\\/\\\/www.info-algerie.com\\\/actualites\\\/author\\\/chakib32\\\/\"}]}<\/script>\n<!-- \/ Yoast SEO plugin. -->","yoast_head_json":{"title":"Mettre en place une assise &quot;saine&quot; \u00e0 l\u2019exercice de la pratique politique (Belaid) - info algerie","robots":{"index":"index","follow":"follow","max-snippet":"max-snippet:-1","max-image-preview":"max-image-preview:large","max-video-preview":"max-video-preview:-1"},"canonical":"https:\/\/www.info-algerie.com\/actualites\/mettre-en-place-une-assise-saine-a-lexercice-de-la-pratique-politique-belaid\/","og_locale":"fr_FR","og_type":"article","og_title":"Mettre en place une assise &quot;saine&quot; \u00e0 l\u2019exercice de la pratique politique (Belaid) - info algerie","og_description":"ILLIZI &#8211; Le pr\u00e9sident du Front El-Moustakbel, Abdelaziz Belaid, a affirm\u00e9 lundi \u00e0 Djanet (Illizi) que sa formation politique oeuvrait \u00e0 la mise en place d\u2019une \u00ab\u00a0assise saine\u00a0\u00bb pour l&rsquo;exercice de la politique dans le pays. &#013; &#013; Animant un meeting de campagne pour les \u00e9lections locales du 23 novembre, M. Belaid a indiqu\u00e9 que","og_url":"https:\/\/www.info-algerie.com\/actualites\/mettre-en-place-une-assise-saine-a-lexercice-de-la-pratique-politique-belaid\/","og_site_name":"info algerie","article_publisher":"https:\/\/www.facebook.com\/infoalgerieactu","article_published_time":"2017-10-30T17:15:26+00:00","author":"La r\u00e9daction","twitter_misc":{"\u00c9crit par":"La r\u00e9daction","Dur\u00e9e de lecture estim\u00e9e":"2 minutes"},"schema":{"@context":"https:\/\/schema.org","@graph":[{"@type":"Article","@id":"https:\/\/www.info-algerie.com\/actualites\/mettre-en-place-une-assise-saine-a-lexercice-de-la-pratique-politique-belaid\/#article","isPartOf":{"@id":"https:\/\/www.info-algerie.com\/actualites\/mettre-en-place-une-assise-saine-a-lexercice-de-la-pratique-politique-belaid\/"},"author":{"name":"La r\u00e9daction","@id":"https:\/\/www.info-algerie.com\/actualites\/#\/schema\/person\/847aaec44920825b843a08f30ec6aa1e"},"headline":"Mettre en place une assise &quot;saine&quot; \u00e0 l\u2019exercice de la pratique politique (Belaid)","datePublished":"2017-10-30T17:15:26+00:00","mainEntityOfPage":{"@id":"https:\/\/www.info-algerie.com\/actualites\/mettre-en-place-une-assise-saine-a-lexercice-de-la-pratique-politique-belaid\/"},"wordCount":430,"commentCount":0,"publisher":{"@id":"https:\/\/www.info-algerie.com\/actualites\/#organization"},"keywords":["ONU"],"articleSection":["infos"],"inLanguage":"fr-FR","potentialAction":[{"@type":"CommentAction","name":"Comment","target":["https:\/\/www.info-algerie.com\/actualites\/mettre-en-place-une-assise-saine-a-lexercice-de-la-pratique-politique-belaid\/#respond"]}]},{"@type":"WebPage","@id":"https:\/\/www.info-algerie.com\/actualites\/mettre-en-place-une-assise-saine-a-lexercice-de-la-pratique-politique-belaid\/","url":"https:\/\/www.info-algerie.com\/actualites\/mettre-en-place-une-assise-saine-a-lexercice-de-la-pratique-politique-belaid\/","name":"Mettre en place une assise &quot;saine&quot; \u00e0 l\u2019exercice de la pratique politique (Belaid) - info algerie","isPartOf":{"@id":"https:\/\/www.info-algerie.com\/actualites\/#website"},"datePublished":"2017-10-30T17:15:26+00:00","breadcrumb":{"@id":"https:\/\/www.info-algerie.com\/actualites\/mettre-en-place-une-assise-saine-a-lexercice-de-la-pratique-politique-belaid\/#breadcrumb"},"inLanguage":"fr-FR","potentialAction":[{"@type":"ReadAction","target":["https:\/\/www.info-algerie.com\/actualites\/mettre-en-place-une-assise-saine-a-lexercice-de-la-pratique-politique-belaid\/"]}]},{"@type":"BreadcrumbList","@id":"https:\/\/www.info-algerie.com\/actualites\/mettre-en-place-une-assise-saine-a-lexercice-de-la-pratique-politique-belaid\/#breadcrumb","itemListElement":[{"@type":"ListItem","position":1,"name":"Accueil","item":"https:\/\/www.info-algerie.com\/actualites\/"},{"@type":"ListItem","position":2,"name":"Mettre en place une assise &quot;saine&quot; \u00e0 l\u2019exercice de la pratique politique (Belaid)"}]},{"@type":"WebSite","@id":"https:\/\/www.info-algerie.com\/actualites\/#website","url":"https:\/\/www.info-algerie.com\/actualites\/","name":"info algerie","description":"Toutes les actualit\u00e9s","publisher":{"@id":"https:\/\/www.info-algerie.com\/actualites\/#organization"},"potentialAction":[{"@type":"SearchAction","target":{"@type":"EntryPoint","urlTemplate":"https:\/\/www.info-algerie.com\/actualites\/?s={search_term_string}"},"query-input":{"@type":"PropertyValueSpecification","valueRequired":true,"valueName":"search_term_string"}}],"inLanguage":"fr-FR"},{"@type":"Organization","@id":"https:\/\/www.info-algerie.com\/actualites\/#organization","name":"info algerie","url":"https:\/\/www.info-algerie.com\/actualites\/","logo":{"@type":"ImageObject","inLanguage":"fr-FR","@id":"https:\/\/www.info-algerie.com\/actualites\/#\/schema\/logo\/image\/","url":"https:\/\/www.info-algerie.com\/actualites\/wp-content\/uploads\/2022\/07\/logo-ia-120.png","contentUrl":"https:\/\/www.info-algerie.com\/actualites\/wp-content\/uploads\/2022\/07\/logo-ia-120.png","width":120,"height":43,"caption":"info algerie"},"image":{"@id":"https:\/\/www.info-algerie.com\/actualites\/#\/schema\/logo\/image\/"},"sameAs":["https:\/\/www.facebook.com\/infoalgerieactu","https:\/\/x.com\/infoalgerie1"]},{"@type":"Person","@id":"https:\/\/www.info-algerie.com\/actualites\/#\/schema\/person\/847aaec44920825b843a08f30ec6aa1e","name":"La r\u00e9daction","image":{"@type":"ImageObject","inLanguage":"fr-FR","@id":"https:\/\/secure.gravatar.com\/avatar\/769db425c6f465158149f1ffd6cf61ce7a8a879d11dfbef8288af36dfddd418c?s=96&d=mm&r=g","url":"https:\/\/secure.gravatar.com\/avatar\/769db425c6f465158149f1ffd6cf61ce7a8a879d11dfbef8288af36dfddd418c?s=96&d=mm&r=g","contentUrl":"https:\/\/secure.gravatar.com\/avatar\/769db425c6f465158149f1ffd6cf61ce7a8a879d11dfbef8288af36dfddd418c?s=96&d=mm&r=g","caption":"La r\u00e9daction"},"sameAs":["http:\/\/www.lkeria.com\/"],"url":"https:\/\/www.info-algerie.com\/actualites\/author\/chakib32\/"}]}},"_links":{"self":[{"href":"https:\/\/www.info-algerie.com\/actualites\/wp-json\/wp\/v2\/posts\/17447","targetHints":{"allow":["GET"]}}],"collection":[{"href":"https:\/\/www.info-algerie.com\/actualites\/wp-json\/wp\/v2\/posts"}],"about":[{"href":"https:\/\/www.info-algerie.com\/actualites\/wp-json\/wp\/v2\/types\/post"}],"author":[{"embeddable":true,"href":"https:\/\/www.info-algerie.com\/actualites\/wp-json\/wp\/v2\/users\/6"}],"replies":[{"embeddable":true,"href":"https:\/\/www.info-algerie.com\/actualites\/wp-json\/wp\/v2\/comments?post=17447"}],"version-history":[{"count":0,"href":"https:\/\/www.info-algerie.com\/actualites\/wp-json\/wp\/v2\/posts\/17447\/revisions"}],"wp:attachment":[{"href":"https:\/\/www.info-algerie.com\/actualites\/wp-json\/wp\/v2\/media?parent=17447"}],"wp:term":[{"taxonomy":"category","embeddable":true,"href":"https:\/\/www.info-algerie.com\/actualites\/wp-json\/wp\/v2\/categories?post=17447"},{"taxonomy":"post_tag","embeddable":true,"href":"https:\/\/www.info-algerie.com\/actualites\/wp-json\/wp\/v2\/tags?post=17447"}],"curies":[{"name":"wp","href":"https:\/\/api.w.org\/{rel}","templated":true}]}}