{"id":17628,"date":"2017-11-04T12:50:29","date_gmt":"2017-11-04T11:50:29","guid":{"rendered":"http:\/\/www.info-algerie.com\/actualites\/locales-le-pt-appelle-a-lamelioration-du-statut-des-travailleurs-communaux-et-a-la-restitution-du-foncier-des-communes\/"},"modified":"2017-11-04T12:50:29","modified_gmt":"2017-11-04T11:50:29","slug":"locales-le-pt-appelle-a-lamelioration-du-statut-des-travailleurs-communaux-et-a-la-restitution-du-foncier-des-communes","status":"publish","type":"post","link":"https:\/\/www.info-algerie.com\/actualites\/locales-le-pt-appelle-a-lamelioration-du-statut-des-travailleurs-communaux-et-a-la-restitution-du-foncier-des-communes\/","title":{"rendered":"Locales: le PT appelle \u00e0 l&#039;am\u00e9lioration du statut des travailleurs communaux et \u00e0 la restitution du foncier des communes"},"content":{"rendered":"<div class=\"K2FeedIntroText\">\n<p>ALGER &#8211; L&rsquo;am\u00e9lioration du statut des travailleurs communaux et des collectivit\u00e9s locales, l&rsquo;effacement des dettes des communes et la restitution du patrimoine foncier et immobilier des communes constituent les trois points essentiels sur lesquels est b\u00e2ti le programme de campagne \u00e9lectoral du Parti des Travailleurs, pour les \u00e9lections du 23 novembre prochain.<\/p>\n<p>&#013;\n<\/p><\/div>\n<div class=\"K2FeedFullText\">&#013;<\/p>\n<p>Le PT promet ainsi de militer pour l\u2019am\u00e9lioration du statut des travailleurs communaux, et plus g\u00e9n\u00e9ralement des collectivit\u00e9s locales pour la satisfaction de leurs revendications et la prise en charge des besoins de la jeunesse majoritaire\u00a0\u00bb.<\/p>\n<p>&#013;<\/p>\n<p>Il s&rsquo;engage aussi en faveur du renforcement des pr\u00e9rogatives des \u00e9lus locaux, pour l\u2019effacement de toutes les dettes des communes ainsi que pour la mise \u00e0 disposition des budgets suffisants d\u00e9termin\u00e9s \u00e0 partir des besoins de chaque commune.<\/p>\n<p>&#013;<\/p>\n<p>\u00ab\u00a0Nous militerons pour que la quote-part des imp\u00f4ts dus par les unit\u00e9s de production, soit vers\u00e9e aux communes o\u00f9 elles se trouvent et que les fonds destin\u00e9s \u00e0 la solidarit\u00e9 communale soient r\u00e9serv\u00e9s exclusivement au d\u00e9veloppement local\u00a0\u00bb, lit-on dans son programme du PT qui plaide aussi pour \u00ab\u00a0la restitution du patrimoine foncier et immobilier des communes, d\u00e9tourn\u00e9s de sa vocation ou brad\u00e9\u00a0\u00bb.<\/p>\n<p>&#013;<\/p>\n<p>Sur le plan sociale, le PT \u0153uvrera \u00e0 combattre le travail des enfants, l\u2019exploitation des jeunes dipl\u00f4m\u00e9s et la pr\u00e9carit\u00e9 au travail.<\/p>\n<p>&#013;<\/p>\n<p>\u00ab\u00a0Nous nous engageons \u00e0 accorder une attention particuli\u00e8re aux personnes handicap\u00e9es et aux personnes \u00e2g\u00e9es, en \u0153uvrant pour la construction des infrastructures n\u00e9cessaires \u00e0 leur accueil et lutterons pour que les femmes seules et les jeunes travailleurs b\u00e9n\u00e9ficient de conditions d\u2019h\u00e9bergement qui prot\u00e8gent leur dignit\u00e9\u00a0\u00bb, ajoute le parti de Louisa Hanoune.<\/p>\n<p>&#013;<\/p>\n<p>Parmi les autres axes principaux du PT, on peut trouver \u00ab\u00a0la lutte contre la d\u00e9r\u00e9glementation et l\u2019anarchie en mati\u00e8re de construction, le combat de l\u2019habitat pr\u00e9caire et la lutte pour la construction de logements sociaux\u00a0 dans les villes et les campagnes, en nombre suffisant afin de r\u00e9sorber\u00a0\u00bb, explique-t-on, le d\u00e9ficit qui provoque \u00e0 chaque distribution de logements des \u00e9meutes, et pour fixer les paysans sur leurs terres\u00a0\u00bb.<\/p>\n<p>&#013;<\/p>\n<p>Ce parti exprime par la m\u00eame occasion, sa \u00ab\u00a0disponibilit\u00e9\u00a0\u00bb \u00e0 travailler avec les autres formations politiques au sein des Assembl\u00e9es \u00e9lues.<\/p>\n<p>&#013;<\/p>\n<p>\u00ab\u00a0Minoritaires ou majoritaires nous travaillerons dans l\u2019unit\u00e9, car seule compte pour nous l\u2019obligation de r\u00e9pondre aux attentes des habitants, de soulager les souffrances des couches vuln\u00e9rables\u00a0\u00bb, est-il \u00e9crit.<\/p>\n<p>&#013;<\/p>\n<p class=\"MsoNormal\">Le Parti des travailleurs consid\u00e8re que l\u00a0\u00bb\u2018am\u00e9lioration des prestations sociales, et des rapports entre les citoyens et l\u2019administration, appelle au moins le doublement du nombre des communes tenant compte de l\u2019\u00e9volution\u00a0 d\u00e9mographique et de l\u2019\u00e9tendue du territoire de notre pays\u00a0\u00bb.<\/p>\n<\/div>\n<p>&#013;<br \/>\nSource: <a href=\"http:\/\/www.aps.dz\/algerie\/64960-locales-le-pt-appelle-a-l-amelioration-du-statut-des-travailleurs-communaux-et-a-la-restitution-du-foncier-des-communes\" target=\"_blank\">Locales: le PT appelle \u00e0 l&rsquo;am\u00e9lioration du statut des travailleurs communaux et \u00e0 la restitution du foncier des communes<\/a><\/p>\n<!--CusAds0-->\n<div style=\"font-size: 0px; height: 0px; line-height: 0px; margin: 0; padding: 0; clear: both;\"><\/div>","protected":false},"excerpt":{"rendered":"<p>ALGER &#8211; L&rsquo;am\u00e9lioration du statut des travailleurs communaux et des collectivit\u00e9s locales, l&rsquo;effacement des dettes des communes et la restitution du patrimoine foncier et immobilier des communes constituent les trois points essentiels sur lesquels est b\u00e2ti le programme de campagne \u00e9lectoral du Parti des Travailleurs, pour les \u00e9lections du 23 novembre prochain. &#013; &#013; Le<\/p>\n","protected":false},"author":6,"featured_media":0,"comment_status":"open","ping_status":"open","sticky":false,"template":"","format":"standard","meta":{"footnotes":""},"categories":[22],"tags":[93],"class_list":["post-17628","post","type-post","status-publish","format-standard","hentry","category-infos","tag-onu"],"yoast_head":"<!-- This site is optimized with the Yoast SEO plugin v27.5 - https:\/\/yoast.com\/product\/yoast-seo-wordpress\/ -->\n<title>Locales: le PT appelle \u00e0 l&#039;am\u00e9lioration du statut des travailleurs communaux et \u00e0 la restitution du foncier des communes - info algerie<\/title>\n<meta name=\"robots\" content=\"index, follow, max-snippet:-1, max-image-preview:large, max-video-preview:-1\" \/>\n<link rel=\"canonical\" href=\"https:\/\/www.info-algerie.com\/actualites\/locales-le-pt-appelle-a-lamelioration-du-statut-des-travailleurs-communaux-et-a-la-restitution-du-foncier-des-communes\/\" \/>\n<meta property=\"og:locale\" content=\"fr_FR\" \/>\n<meta property=\"og:type\" content=\"article\" \/>\n<meta property=\"og:title\" content=\"Locales: le PT appelle \u00e0 l&#039;am\u00e9lioration du statut des travailleurs communaux et \u00e0 la restitution du foncier des communes - info algerie\" \/>\n<meta property=\"og:description\" content=\"ALGER &#8211; L&rsquo;am\u00e9lioration du statut des travailleurs communaux et des collectivit\u00e9s locales, l&rsquo;effacement des dettes des communes et la restitution du patrimoine foncier et immobilier des communes constituent les trois points essentiels sur lesquels est b\u00e2ti le programme de campagne \u00e9lectoral du Parti des Travailleurs, pour les \u00e9lections du 23 novembre prochain. &#013; &#013; Le\" \/>\n<meta property=\"og:url\" content=\"https:\/\/www.info-algerie.com\/actualites\/locales-le-pt-appelle-a-lamelioration-du-statut-des-travailleurs-communaux-et-a-la-restitution-du-foncier-des-communes\/\" \/>\n<meta property=\"og:site_name\" content=\"info algerie\" \/>\n<meta property=\"article:publisher\" content=\"https:\/\/www.facebook.com\/infoalgerieactu\" \/>\n<meta property=\"article:published_time\" content=\"2017-11-04T11:50:29+00:00\" \/>\n<meta name=\"author\" content=\"La r\u00e9daction\" \/>\n<meta name=\"twitter:label1\" content=\"\u00c9crit par\" \/>\n\t<meta name=\"twitter:data1\" content=\"La r\u00e9daction\" \/>\n\t<meta name=\"twitter:label2\" content=\"Dur\u00e9e de lecture estim\u00e9e\" \/>\n\t<meta name=\"twitter:data2\" content=\"2 minutes\" \/>\n<script type=\"application\/ld+json\" class=\"yoast-schema-graph\">{\"@context\":\"https:\\\/\\\/schema.org\",\"@graph\":[{\"@type\":\"Article\",\"@id\":\"https:\\\/\\\/www.info-algerie.com\\\/actualites\\\/locales-le-pt-appelle-a-lamelioration-du-statut-des-travailleurs-communaux-et-a-la-restitution-du-foncier-des-communes\\\/#article\",\"isPartOf\":{\"@id\":\"https:\\\/\\\/www.info-algerie.com\\\/actualites\\\/locales-le-pt-appelle-a-lamelioration-du-statut-des-travailleurs-communaux-et-a-la-restitution-du-foncier-des-communes\\\/\"},\"author\":{\"name\":\"La r\u00e9daction\",\"@id\":\"https:\\\/\\\/www.info-algerie.com\\\/actualites\\\/#\\\/schema\\\/person\\\/847aaec44920825b843a08f30ec6aa1e\"},\"headline\":\"Locales: le PT appelle \u00e0 l&#039;am\u00e9lioration du statut des travailleurs communaux et \u00e0 la restitution du foncier des communes\",\"datePublished\":\"2017-11-04T11:50:29+00:00\",\"mainEntityOfPage\":{\"@id\":\"https:\\\/\\\/www.info-algerie.com\\\/actualites\\\/locales-le-pt-appelle-a-lamelioration-du-statut-des-travailleurs-communaux-et-a-la-restitution-du-foncier-des-communes\\\/\"},\"wordCount\":505,\"commentCount\":0,\"publisher\":{\"@id\":\"https:\\\/\\\/www.info-algerie.com\\\/actualites\\\/#organization\"},\"keywords\":[\"ONU\"],\"articleSection\":[\"infos\"],\"inLanguage\":\"fr-FR\",\"potentialAction\":[{\"@type\":\"CommentAction\",\"name\":\"Comment\",\"target\":[\"https:\\\/\\\/www.info-algerie.com\\\/actualites\\\/locales-le-pt-appelle-a-lamelioration-du-statut-des-travailleurs-communaux-et-a-la-restitution-du-foncier-des-communes\\\/#respond\"]}]},{\"@type\":\"WebPage\",\"@id\":\"https:\\\/\\\/www.info-algerie.com\\\/actualites\\\/locales-le-pt-appelle-a-lamelioration-du-statut-des-travailleurs-communaux-et-a-la-restitution-du-foncier-des-communes\\\/\",\"url\":\"https:\\\/\\\/www.info-algerie.com\\\/actualites\\\/locales-le-pt-appelle-a-lamelioration-du-statut-des-travailleurs-communaux-et-a-la-restitution-du-foncier-des-communes\\\/\",\"name\":\"Locales: le PT appelle \u00e0 l&#039;am\u00e9lioration du statut des travailleurs communaux et \u00e0 la restitution du foncier des communes - info algerie\",\"isPartOf\":{\"@id\":\"https:\\\/\\\/www.info-algerie.com\\\/actualites\\\/#website\"},\"datePublished\":\"2017-11-04T11:50:29+00:00\",\"breadcrumb\":{\"@id\":\"https:\\\/\\\/www.info-algerie.com\\\/actualites\\\/locales-le-pt-appelle-a-lamelioration-du-statut-des-travailleurs-communaux-et-a-la-restitution-du-foncier-des-communes\\\/#breadcrumb\"},\"inLanguage\":\"fr-FR\",\"potentialAction\":[{\"@type\":\"ReadAction\",\"target\":[\"https:\\\/\\\/www.info-algerie.com\\\/actualites\\\/locales-le-pt-appelle-a-lamelioration-du-statut-des-travailleurs-communaux-et-a-la-restitution-du-foncier-des-communes\\\/\"]}]},{\"@type\":\"BreadcrumbList\",\"@id\":\"https:\\\/\\\/www.info-algerie.com\\\/actualites\\\/locales-le-pt-appelle-a-lamelioration-du-statut-des-travailleurs-communaux-et-a-la-restitution-du-foncier-des-communes\\\/#breadcrumb\",\"itemListElement\":[{\"@type\":\"ListItem\",\"position\":1,\"name\":\"Accueil\",\"item\":\"https:\\\/\\\/www.info-algerie.com\\\/actualites\\\/\"},{\"@type\":\"ListItem\",\"position\":2,\"name\":\"Locales: le PT appelle \u00e0 l&#039;am\u00e9lioration du statut des travailleurs communaux et \u00e0 la restitution du foncier des communes\"}]},{\"@type\":\"WebSite\",\"@id\":\"https:\\\/\\\/www.info-algerie.com\\\/actualites\\\/#website\",\"url\":\"https:\\\/\\\/www.info-algerie.com\\\/actualites\\\/\",\"name\":\"info algerie\",\"description\":\"Toutes les actualit\u00e9s\",\"publisher\":{\"@id\":\"https:\\\/\\\/www.info-algerie.com\\\/actualites\\\/#organization\"},\"potentialAction\":[{\"@type\":\"SearchAction\",\"target\":{\"@type\":\"EntryPoint\",\"urlTemplate\":\"https:\\\/\\\/www.info-algerie.com\\\/actualites\\\/?s={search_term_string}\"},\"query-input\":{\"@type\":\"PropertyValueSpecification\",\"valueRequired\":true,\"valueName\":\"search_term_string\"}}],\"inLanguage\":\"fr-FR\"},{\"@type\":\"Organization\",\"@id\":\"https:\\\/\\\/www.info-algerie.com\\\/actualites\\\/#organization\",\"name\":\"info algerie\",\"url\":\"https:\\\/\\\/www.info-algerie.com\\\/actualites\\\/\",\"logo\":{\"@type\":\"ImageObject\",\"inLanguage\":\"fr-FR\",\"@id\":\"https:\\\/\\\/www.info-algerie.com\\\/actualites\\\/#\\\/schema\\\/logo\\\/image\\\/\",\"url\":\"https:\\\/\\\/www.info-algerie.com\\\/actualites\\\/wp-content\\\/uploads\\\/2022\\\/07\\\/logo-ia-120.png\",\"contentUrl\":\"https:\\\/\\\/www.info-algerie.com\\\/actualites\\\/wp-content\\\/uploads\\\/2022\\\/07\\\/logo-ia-120.png\",\"width\":120,\"height\":43,\"caption\":\"info algerie\"},\"image\":{\"@id\":\"https:\\\/\\\/www.info-algerie.com\\\/actualites\\\/#\\\/schema\\\/logo\\\/image\\\/\"},\"sameAs\":[\"https:\\\/\\\/www.facebook.com\\\/infoalgerieactu\",\"https:\\\/\\\/x.com\\\/infoalgerie1\"]},{\"@type\":\"Person\",\"@id\":\"https:\\\/\\\/www.info-algerie.com\\\/actualites\\\/#\\\/schema\\\/person\\\/847aaec44920825b843a08f30ec6aa1e\",\"name\":\"La r\u00e9daction\",\"image\":{\"@type\":\"ImageObject\",\"inLanguage\":\"fr-FR\",\"@id\":\"https:\\\/\\\/secure.gravatar.com\\\/avatar\\\/769db425c6f465158149f1ffd6cf61ce7a8a879d11dfbef8288af36dfddd418c?s=96&d=mm&r=g\",\"url\":\"https:\\\/\\\/secure.gravatar.com\\\/avatar\\\/769db425c6f465158149f1ffd6cf61ce7a8a879d11dfbef8288af36dfddd418c?s=96&d=mm&r=g\",\"contentUrl\":\"https:\\\/\\\/secure.gravatar.com\\\/avatar\\\/769db425c6f465158149f1ffd6cf61ce7a8a879d11dfbef8288af36dfddd418c?s=96&d=mm&r=g\",\"caption\":\"La r\u00e9daction\"},\"sameAs\":[\"http:\\\/\\\/www.lkeria.com\\\/\"],\"url\":\"https:\\\/\\\/www.info-algerie.com\\\/actualites\\\/author\\\/chakib32\\\/\"}]}<\/script>\n<!-- \/ Yoast SEO plugin. -->","yoast_head_json":{"title":"Locales: le PT appelle \u00e0 l&#039;am\u00e9lioration du statut des travailleurs communaux et \u00e0 la restitution du foncier des communes - info algerie","robots":{"index":"index","follow":"follow","max-snippet":"max-snippet:-1","max-image-preview":"max-image-preview:large","max-video-preview":"max-video-preview:-1"},"canonical":"https:\/\/www.info-algerie.com\/actualites\/locales-le-pt-appelle-a-lamelioration-du-statut-des-travailleurs-communaux-et-a-la-restitution-du-foncier-des-communes\/","og_locale":"fr_FR","og_type":"article","og_title":"Locales: le PT appelle \u00e0 l&#039;am\u00e9lioration du statut des travailleurs communaux et \u00e0 la restitution du foncier des communes - info algerie","og_description":"ALGER &#8211; L&rsquo;am\u00e9lioration du statut des travailleurs communaux et des collectivit\u00e9s locales, l&rsquo;effacement des dettes des communes et la restitution du patrimoine foncier et immobilier des communes constituent les trois points essentiels sur lesquels est b\u00e2ti le programme de campagne \u00e9lectoral du Parti des Travailleurs, pour les \u00e9lections du 23 novembre prochain. &#013; &#013; Le","og_url":"https:\/\/www.info-algerie.com\/actualites\/locales-le-pt-appelle-a-lamelioration-du-statut-des-travailleurs-communaux-et-a-la-restitution-du-foncier-des-communes\/","og_site_name":"info algerie","article_publisher":"https:\/\/www.facebook.com\/infoalgerieactu","article_published_time":"2017-11-04T11:50:29+00:00","author":"La r\u00e9daction","twitter_misc":{"\u00c9crit par":"La r\u00e9daction","Dur\u00e9e de lecture estim\u00e9e":"2 minutes"},"schema":{"@context":"https:\/\/schema.org","@graph":[{"@type":"Article","@id":"https:\/\/www.info-algerie.com\/actualites\/locales-le-pt-appelle-a-lamelioration-du-statut-des-travailleurs-communaux-et-a-la-restitution-du-foncier-des-communes\/#article","isPartOf":{"@id":"https:\/\/www.info-algerie.com\/actualites\/locales-le-pt-appelle-a-lamelioration-du-statut-des-travailleurs-communaux-et-a-la-restitution-du-foncier-des-communes\/"},"author":{"name":"La r\u00e9daction","@id":"https:\/\/www.info-algerie.com\/actualites\/#\/schema\/person\/847aaec44920825b843a08f30ec6aa1e"},"headline":"Locales: le PT appelle \u00e0 l&#039;am\u00e9lioration du statut des travailleurs communaux et \u00e0 la restitution du foncier des communes","datePublished":"2017-11-04T11:50:29+00:00","mainEntityOfPage":{"@id":"https:\/\/www.info-algerie.com\/actualites\/locales-le-pt-appelle-a-lamelioration-du-statut-des-travailleurs-communaux-et-a-la-restitution-du-foncier-des-communes\/"},"wordCount":505,"commentCount":0,"publisher":{"@id":"https:\/\/www.info-algerie.com\/actualites\/#organization"},"keywords":["ONU"],"articleSection":["infos"],"inLanguage":"fr-FR","potentialAction":[{"@type":"CommentAction","name":"Comment","target":["https:\/\/www.info-algerie.com\/actualites\/locales-le-pt-appelle-a-lamelioration-du-statut-des-travailleurs-communaux-et-a-la-restitution-du-foncier-des-communes\/#respond"]}]},{"@type":"WebPage","@id":"https:\/\/www.info-algerie.com\/actualites\/locales-le-pt-appelle-a-lamelioration-du-statut-des-travailleurs-communaux-et-a-la-restitution-du-foncier-des-communes\/","url":"https:\/\/www.info-algerie.com\/actualites\/locales-le-pt-appelle-a-lamelioration-du-statut-des-travailleurs-communaux-et-a-la-restitution-du-foncier-des-communes\/","name":"Locales: le PT appelle \u00e0 l&#039;am\u00e9lioration du statut des travailleurs communaux et \u00e0 la restitution du foncier des communes - info algerie","isPartOf":{"@id":"https:\/\/www.info-algerie.com\/actualites\/#website"},"datePublished":"2017-11-04T11:50:29+00:00","breadcrumb":{"@id":"https:\/\/www.info-algerie.com\/actualites\/locales-le-pt-appelle-a-lamelioration-du-statut-des-travailleurs-communaux-et-a-la-restitution-du-foncier-des-communes\/#breadcrumb"},"inLanguage":"fr-FR","potentialAction":[{"@type":"ReadAction","target":["https:\/\/www.info-algerie.com\/actualites\/locales-le-pt-appelle-a-lamelioration-du-statut-des-travailleurs-communaux-et-a-la-restitution-du-foncier-des-communes\/"]}]},{"@type":"BreadcrumbList","@id":"https:\/\/www.info-algerie.com\/actualites\/locales-le-pt-appelle-a-lamelioration-du-statut-des-travailleurs-communaux-et-a-la-restitution-du-foncier-des-communes\/#breadcrumb","itemListElement":[{"@type":"ListItem","position":1,"name":"Accueil","item":"https:\/\/www.info-algerie.com\/actualites\/"},{"@type":"ListItem","position":2,"name":"Locales: le PT appelle \u00e0 l&#039;am\u00e9lioration du statut des travailleurs communaux et \u00e0 la restitution du foncier des communes"}]},{"@type":"WebSite","@id":"https:\/\/www.info-algerie.com\/actualites\/#website","url":"https:\/\/www.info-algerie.com\/actualites\/","name":"info algerie","description":"Toutes les actualit\u00e9s","publisher":{"@id":"https:\/\/www.info-algerie.com\/actualites\/#organization"},"potentialAction":[{"@type":"SearchAction","target":{"@type":"EntryPoint","urlTemplate":"https:\/\/www.info-algerie.com\/actualites\/?s={search_term_string}"},"query-input":{"@type":"PropertyValueSpecification","valueRequired":true,"valueName":"search_term_string"}}],"inLanguage":"fr-FR"},{"@type":"Organization","@id":"https:\/\/www.info-algerie.com\/actualites\/#organization","name":"info algerie","url":"https:\/\/www.info-algerie.com\/actualites\/","logo":{"@type":"ImageObject","inLanguage":"fr-FR","@id":"https:\/\/www.info-algerie.com\/actualites\/#\/schema\/logo\/image\/","url":"https:\/\/www.info-algerie.com\/actualites\/wp-content\/uploads\/2022\/07\/logo-ia-120.png","contentUrl":"https:\/\/www.info-algerie.com\/actualites\/wp-content\/uploads\/2022\/07\/logo-ia-120.png","width":120,"height":43,"caption":"info algerie"},"image":{"@id":"https:\/\/www.info-algerie.com\/actualites\/#\/schema\/logo\/image\/"},"sameAs":["https:\/\/www.facebook.com\/infoalgerieactu","https:\/\/x.com\/infoalgerie1"]},{"@type":"Person","@id":"https:\/\/www.info-algerie.com\/actualites\/#\/schema\/person\/847aaec44920825b843a08f30ec6aa1e","name":"La r\u00e9daction","image":{"@type":"ImageObject","inLanguage":"fr-FR","@id":"https:\/\/secure.gravatar.com\/avatar\/769db425c6f465158149f1ffd6cf61ce7a8a879d11dfbef8288af36dfddd418c?s=96&d=mm&r=g","url":"https:\/\/secure.gravatar.com\/avatar\/769db425c6f465158149f1ffd6cf61ce7a8a879d11dfbef8288af36dfddd418c?s=96&d=mm&r=g","contentUrl":"https:\/\/secure.gravatar.com\/avatar\/769db425c6f465158149f1ffd6cf61ce7a8a879d11dfbef8288af36dfddd418c?s=96&d=mm&r=g","caption":"La r\u00e9daction"},"sameAs":["http:\/\/www.lkeria.com\/"],"url":"https:\/\/www.info-algerie.com\/actualites\/author\/chakib32\/"}]}},"_links":{"self":[{"href":"https:\/\/www.info-algerie.com\/actualites\/wp-json\/wp\/v2\/posts\/17628","targetHints":{"allow":["GET"]}}],"collection":[{"href":"https:\/\/www.info-algerie.com\/actualites\/wp-json\/wp\/v2\/posts"}],"about":[{"href":"https:\/\/www.info-algerie.com\/actualites\/wp-json\/wp\/v2\/types\/post"}],"author":[{"embeddable":true,"href":"https:\/\/www.info-algerie.com\/actualites\/wp-json\/wp\/v2\/users\/6"}],"replies":[{"embeddable":true,"href":"https:\/\/www.info-algerie.com\/actualites\/wp-json\/wp\/v2\/comments?post=17628"}],"version-history":[{"count":0,"href":"https:\/\/www.info-algerie.com\/actualites\/wp-json\/wp\/v2\/posts\/17628\/revisions"}],"wp:attachment":[{"href":"https:\/\/www.info-algerie.com\/actualites\/wp-json\/wp\/v2\/media?parent=17628"}],"wp:term":[{"taxonomy":"category","embeddable":true,"href":"https:\/\/www.info-algerie.com\/actualites\/wp-json\/wp\/v2\/categories?post=17628"},{"taxonomy":"post_tag","embeddable":true,"href":"https:\/\/www.info-algerie.com\/actualites\/wp-json\/wp\/v2\/tags?post=17628"}],"curies":[{"name":"wp","href":"https:\/\/api.w.org\/{rel}","templated":true}]}}