{"id":18002,"date":"2017-11-14T18:23:26","date_gmt":"2017-11-14T17:23:26","guid":{"rendered":"http:\/\/www.info-algerie.com\/actualites\/nous-avons-besoin-dun-front-interieur-solide-et-soude-benabdessalem\/"},"modified":"2017-11-14T18:23:26","modified_gmt":"2017-11-14T17:23:26","slug":"nous-avons-besoin-dun-front-interieur-solide-et-soude-benabdessalem","status":"publish","type":"post","link":"https:\/\/www.info-algerie.com\/actualites\/nous-avons-besoin-dun-front-interieur-solide-et-soude-benabdessalem\/","title":{"rendered":"Nous avons besoin d\u2019un front int\u00e9rieur &quot;solide et soud\u00e9&quot; (Benabdessalem)"},"content":{"rendered":"<div class=\"K2FeedIntroText\">\n<p><strong>LAGHOUAT &#8211; Le pr\u00e9sident du Front Alg\u00e9rie Nouvelle (FAN), Djamel Benabdessalem, a estim\u00e9, mardi \u00e0 Aflou (Laghouat), que \u00ab\u00a0nous avons besoin, en tant qu\u2019alg\u00e9riens, d\u2019un front int\u00e9rieur solide et soud\u00e9\u00a0\u00bb.<\/strong><\/p>\n<p>&#013;\n<\/p><\/div>\n<div class=\"K2FeedFullText\">&#013;<\/p>\n<p>Animant un meeting \u00e0 la biblioth\u00e8que \u00ab\u00a0Chahid Cheriet Mohamed\u00a0\u00bb dans le cadre de la campagne des \u00e9lections locales du 23 novembre, M. Benabdessalem a indiqu\u00e9 que \u00ab\u00a0ce front int\u00e9rieur devra \u00eatre accompagn\u00e9 d\u2019une vaste mobilisation populaire patriotique pour faire face \u00e0 tous les dangers qui guettent le pays\u2019\u2019.<\/p>\n<p>&#013;<\/p>\n<p>\u00ab\u00a0Le pr\u00e9sident du FAN a, devant un parterre de militants et de sympathisants de sa formation, soulign\u00e9 que \u00ab\u00a0l\u2019Arm\u00e9e nationale populaire d\u00e9ploie de louables efforts dans la protection de la Nation et de notre stabilit\u00e9\u00a0\u00bb, ce qui n\u00e9cessite, a-t-il soulign\u00e9, une adh\u00e9sion de toutes les forces de la soci\u00e9t\u00e9 pour soutenir cette mobilisation de l\u2019arm\u00e9e.<\/p>\n<p>&#013;<\/p>\n<p>Il a indiqu\u00e9, en outre, que \u2018\u2018le pays est en qu\u00eate \u00e9galement d\u2019une sage gouvernance \u00e0 \u00e9chelle centrale et au niveau des collectivit\u00e9s locales, \u00e0 travers une strat\u00e9gie nationale globale susceptible de servir le projet de d\u00e9veloppement national et de surmonter les difficult\u00e9s \u00e9conomiques\u2019\u2019.<\/p>\n<p>&#013;<\/p>\n<p>D\u00e9fendant la vision du FAN consistant en une compl\u00e9mentarit\u00e9 de cette strat\u00e9gie avec les plans communaux de d\u00e9veloppement, Djamel Benabdessalem a estim\u00e9 que \u2018\u2018ce d\u00e9veloppement est l\u2019\u00e9l\u00e9ment essentiel pour faire face aux multiples probl\u00e8mes \u00e0 \u00e9chelles locale et nationale\u2019\u2019.<\/p>\n<p>&#013;<\/p>\n<p>Il a soutenu, \u00e0 ce titre, que son parti a \u00e9t\u00e9 cr\u00e9\u00e9 pour atteindre deux objectifs consistant en \u00ab\u00a0l\u2019\u00e9dification d\u2019un Etat fort\u00a0\u00bb et \u00ab\u00a0la continuit\u00e9 du message de la R\u00e9volution du 1er Novembre et la pr\u00e9servation des sacrifices des Chouhada\u00a0\u00bb.<\/p>\n<p>&#013;<\/p>\n<p>Le pr\u00e9sident du FAN a, au terme de son intervention, exhort\u00e9 les citoyens \u00e0 se rendre aux urnes et d\u2019\u00e9lire \u2018\u2018le meilleur\u2019\u2019 des programmes \u00e9lectoraux.\u00a0\u00a0<\/p>\n<\/div>\n<p>&#013;<br \/>\nSource: <a href=\"http:\/\/www.aps.dz\/algerie\/65614-nous-avons-besoin-d-un-front-interieur-solide-et-soude-benabdessalem\" target=\"_blank\">Nous avons besoin d\u2019un front int\u00e9rieur \u00ab\u00a0solide et soud\u00e9\u00a0\u00bb (Benabdessalem)<\/a><\/p>\n<!--CusAds0-->\n<div style=\"font-size: 0px; height: 0px; line-height: 0px; margin: 0; padding: 0; clear: both;\"><\/div>","protected":false},"excerpt":{"rendered":"<p>LAGHOUAT &#8211; Le pr\u00e9sident du Front Alg\u00e9rie Nouvelle (FAN), Djamel Benabdessalem, a estim\u00e9, mardi \u00e0 Aflou (Laghouat), que \u00ab\u00a0nous avons besoin, en tant qu\u2019alg\u00e9riens, d\u2019un front int\u00e9rieur solide et soud\u00e9\u00a0\u00bb. &#013; &#013; Animant un meeting \u00e0 la biblioth\u00e8que \u00ab\u00a0Chahid Cheriet Mohamed\u00a0\u00bb dans le cadre de la campagne des \u00e9lections locales du 23 novembre, M. Benabdessalem<\/p>\n","protected":false},"author":6,"featured_media":0,"comment_status":"open","ping_status":"open","sticky":false,"template":"","format":"standard","meta":{"footnotes":""},"categories":[22],"tags":[93],"class_list":["post-18002","post","type-post","status-publish","format-standard","hentry","category-infos","tag-onu"],"yoast_head":"<!-- This site is optimized with the Yoast SEO plugin v27.5 - https:\/\/yoast.com\/product\/yoast-seo-wordpress\/ -->\n<title>Nous avons besoin d\u2019un front int\u00e9rieur &quot;solide et soud\u00e9&quot; (Benabdessalem) - info algerie<\/title>\n<meta name=\"robots\" content=\"index, follow, max-snippet:-1, max-image-preview:large, max-video-preview:-1\" \/>\n<link rel=\"canonical\" href=\"https:\/\/www.info-algerie.com\/actualites\/nous-avons-besoin-dun-front-interieur-solide-et-soude-benabdessalem\/\" \/>\n<meta property=\"og:locale\" content=\"fr_FR\" \/>\n<meta property=\"og:type\" content=\"article\" \/>\n<meta property=\"og:title\" content=\"Nous avons besoin d\u2019un front int\u00e9rieur &quot;solide et soud\u00e9&quot; (Benabdessalem) - info algerie\" \/>\n<meta property=\"og:description\" content=\"LAGHOUAT &#8211; Le pr\u00e9sident du Front Alg\u00e9rie Nouvelle (FAN), Djamel Benabdessalem, a estim\u00e9, mardi \u00e0 Aflou (Laghouat), que \u00ab\u00a0nous avons besoin, en tant qu\u2019alg\u00e9riens, d\u2019un front int\u00e9rieur solide et soud\u00e9\u00a0\u00bb. &#013; &#013; Animant un meeting \u00e0 la biblioth\u00e8que \u00ab\u00a0Chahid Cheriet Mohamed\u00a0\u00bb dans le cadre de la campagne des \u00e9lections locales du 23 novembre, M. Benabdessalem\" \/>\n<meta property=\"og:url\" content=\"https:\/\/www.info-algerie.com\/actualites\/nous-avons-besoin-dun-front-interieur-solide-et-soude-benabdessalem\/\" \/>\n<meta property=\"og:site_name\" content=\"info algerie\" \/>\n<meta property=\"article:publisher\" content=\"https:\/\/www.facebook.com\/infoalgerieactu\" \/>\n<meta property=\"article:published_time\" content=\"2017-11-14T17:23:26+00:00\" \/>\n<meta name=\"author\" content=\"La r\u00e9daction\" \/>\n<meta name=\"twitter:label1\" content=\"\u00c9crit par\" \/>\n\t<meta name=\"twitter:data1\" content=\"La r\u00e9daction\" \/>\n\t<meta name=\"twitter:label2\" content=\"Dur\u00e9e de lecture estim\u00e9e\" \/>\n\t<meta name=\"twitter:data2\" content=\"2 minutes\" \/>\n<script type=\"application\/ld+json\" class=\"yoast-schema-graph\">{\"@context\":\"https:\\\/\\\/schema.org\",\"@graph\":[{\"@type\":\"Article\",\"@id\":\"https:\\\/\\\/www.info-algerie.com\\\/actualites\\\/nous-avons-besoin-dun-front-interieur-solide-et-soude-benabdessalem\\\/#article\",\"isPartOf\":{\"@id\":\"https:\\\/\\\/www.info-algerie.com\\\/actualites\\\/nous-avons-besoin-dun-front-interieur-solide-et-soude-benabdessalem\\\/\"},\"author\":{\"name\":\"La r\u00e9daction\",\"@id\":\"https:\\\/\\\/www.info-algerie.com\\\/actualites\\\/#\\\/schema\\\/person\\\/847aaec44920825b843a08f30ec6aa1e\"},\"headline\":\"Nous avons besoin d\u2019un front int\u00e9rieur &quot;solide et soud\u00e9&quot; (Benabdessalem)\",\"datePublished\":\"2017-11-14T17:23:26+00:00\",\"mainEntityOfPage\":{\"@id\":\"https:\\\/\\\/www.info-algerie.com\\\/actualites\\\/nous-avons-besoin-dun-front-interieur-solide-et-soude-benabdessalem\\\/\"},\"wordCount\":337,\"commentCount\":0,\"publisher\":{\"@id\":\"https:\\\/\\\/www.info-algerie.com\\\/actualites\\\/#organization\"},\"keywords\":[\"ONU\"],\"articleSection\":[\"infos\"],\"inLanguage\":\"fr-FR\",\"potentialAction\":[{\"@type\":\"CommentAction\",\"name\":\"Comment\",\"target\":[\"https:\\\/\\\/www.info-algerie.com\\\/actualites\\\/nous-avons-besoin-dun-front-interieur-solide-et-soude-benabdessalem\\\/#respond\"]}]},{\"@type\":\"WebPage\",\"@id\":\"https:\\\/\\\/www.info-algerie.com\\\/actualites\\\/nous-avons-besoin-dun-front-interieur-solide-et-soude-benabdessalem\\\/\",\"url\":\"https:\\\/\\\/www.info-algerie.com\\\/actualites\\\/nous-avons-besoin-dun-front-interieur-solide-et-soude-benabdessalem\\\/\",\"name\":\"Nous avons besoin d\u2019un front int\u00e9rieur &quot;solide et soud\u00e9&quot; (Benabdessalem) - info algerie\",\"isPartOf\":{\"@id\":\"https:\\\/\\\/www.info-algerie.com\\\/actualites\\\/#website\"},\"datePublished\":\"2017-11-14T17:23:26+00:00\",\"breadcrumb\":{\"@id\":\"https:\\\/\\\/www.info-algerie.com\\\/actualites\\\/nous-avons-besoin-dun-front-interieur-solide-et-soude-benabdessalem\\\/#breadcrumb\"},\"inLanguage\":\"fr-FR\",\"potentialAction\":[{\"@type\":\"ReadAction\",\"target\":[\"https:\\\/\\\/www.info-algerie.com\\\/actualites\\\/nous-avons-besoin-dun-front-interieur-solide-et-soude-benabdessalem\\\/\"]}]},{\"@type\":\"BreadcrumbList\",\"@id\":\"https:\\\/\\\/www.info-algerie.com\\\/actualites\\\/nous-avons-besoin-dun-front-interieur-solide-et-soude-benabdessalem\\\/#breadcrumb\",\"itemListElement\":[{\"@type\":\"ListItem\",\"position\":1,\"name\":\"Accueil\",\"item\":\"https:\\\/\\\/www.info-algerie.com\\\/actualites\\\/\"},{\"@type\":\"ListItem\",\"position\":2,\"name\":\"Nous avons besoin d\u2019un front int\u00e9rieur &quot;solide et soud\u00e9&quot; (Benabdessalem)\"}]},{\"@type\":\"WebSite\",\"@id\":\"https:\\\/\\\/www.info-algerie.com\\\/actualites\\\/#website\",\"url\":\"https:\\\/\\\/www.info-algerie.com\\\/actualites\\\/\",\"name\":\"info algerie\",\"description\":\"Toutes les actualit\u00e9s\",\"publisher\":{\"@id\":\"https:\\\/\\\/www.info-algerie.com\\\/actualites\\\/#organization\"},\"potentialAction\":[{\"@type\":\"SearchAction\",\"target\":{\"@type\":\"EntryPoint\",\"urlTemplate\":\"https:\\\/\\\/www.info-algerie.com\\\/actualites\\\/?s={search_term_string}\"},\"query-input\":{\"@type\":\"PropertyValueSpecification\",\"valueRequired\":true,\"valueName\":\"search_term_string\"}}],\"inLanguage\":\"fr-FR\"},{\"@type\":\"Organization\",\"@id\":\"https:\\\/\\\/www.info-algerie.com\\\/actualites\\\/#organization\",\"name\":\"info algerie\",\"url\":\"https:\\\/\\\/www.info-algerie.com\\\/actualites\\\/\",\"logo\":{\"@type\":\"ImageObject\",\"inLanguage\":\"fr-FR\",\"@id\":\"https:\\\/\\\/www.info-algerie.com\\\/actualites\\\/#\\\/schema\\\/logo\\\/image\\\/\",\"url\":\"https:\\\/\\\/www.info-algerie.com\\\/actualites\\\/wp-content\\\/uploads\\\/2022\\\/07\\\/logo-ia-120.png\",\"contentUrl\":\"https:\\\/\\\/www.info-algerie.com\\\/actualites\\\/wp-content\\\/uploads\\\/2022\\\/07\\\/logo-ia-120.png\",\"width\":120,\"height\":43,\"caption\":\"info algerie\"},\"image\":{\"@id\":\"https:\\\/\\\/www.info-algerie.com\\\/actualites\\\/#\\\/schema\\\/logo\\\/image\\\/\"},\"sameAs\":[\"https:\\\/\\\/www.facebook.com\\\/infoalgerieactu\",\"https:\\\/\\\/x.com\\\/infoalgerie1\"]},{\"@type\":\"Person\",\"@id\":\"https:\\\/\\\/www.info-algerie.com\\\/actualites\\\/#\\\/schema\\\/person\\\/847aaec44920825b843a08f30ec6aa1e\",\"name\":\"La r\u00e9daction\",\"image\":{\"@type\":\"ImageObject\",\"inLanguage\":\"fr-FR\",\"@id\":\"https:\\\/\\\/secure.gravatar.com\\\/avatar\\\/769db425c6f465158149f1ffd6cf61ce7a8a879d11dfbef8288af36dfddd418c?s=96&d=mm&r=g\",\"url\":\"https:\\\/\\\/secure.gravatar.com\\\/avatar\\\/769db425c6f465158149f1ffd6cf61ce7a8a879d11dfbef8288af36dfddd418c?s=96&d=mm&r=g\",\"contentUrl\":\"https:\\\/\\\/secure.gravatar.com\\\/avatar\\\/769db425c6f465158149f1ffd6cf61ce7a8a879d11dfbef8288af36dfddd418c?s=96&d=mm&r=g\",\"caption\":\"La r\u00e9daction\"},\"sameAs\":[\"http:\\\/\\\/www.lkeria.com\\\/\"],\"url\":\"https:\\\/\\\/www.info-algerie.com\\\/actualites\\\/author\\\/chakib32\\\/\"}]}<\/script>\n<!-- \/ Yoast SEO plugin. -->","yoast_head_json":{"title":"Nous avons besoin d\u2019un front int\u00e9rieur &quot;solide et soud\u00e9&quot; (Benabdessalem) - info algerie","robots":{"index":"index","follow":"follow","max-snippet":"max-snippet:-1","max-image-preview":"max-image-preview:large","max-video-preview":"max-video-preview:-1"},"canonical":"https:\/\/www.info-algerie.com\/actualites\/nous-avons-besoin-dun-front-interieur-solide-et-soude-benabdessalem\/","og_locale":"fr_FR","og_type":"article","og_title":"Nous avons besoin d\u2019un front int\u00e9rieur &quot;solide et soud\u00e9&quot; (Benabdessalem) - info algerie","og_description":"LAGHOUAT &#8211; Le pr\u00e9sident du Front Alg\u00e9rie Nouvelle (FAN), Djamel Benabdessalem, a estim\u00e9, mardi \u00e0 Aflou (Laghouat), que \u00ab\u00a0nous avons besoin, en tant qu\u2019alg\u00e9riens, d\u2019un front int\u00e9rieur solide et soud\u00e9\u00a0\u00bb. &#013; &#013; Animant un meeting \u00e0 la biblioth\u00e8que \u00ab\u00a0Chahid Cheriet Mohamed\u00a0\u00bb dans le cadre de la campagne des \u00e9lections locales du 23 novembre, M. Benabdessalem","og_url":"https:\/\/www.info-algerie.com\/actualites\/nous-avons-besoin-dun-front-interieur-solide-et-soude-benabdessalem\/","og_site_name":"info algerie","article_publisher":"https:\/\/www.facebook.com\/infoalgerieactu","article_published_time":"2017-11-14T17:23:26+00:00","author":"La r\u00e9daction","twitter_misc":{"\u00c9crit par":"La r\u00e9daction","Dur\u00e9e de lecture estim\u00e9e":"2 minutes"},"schema":{"@context":"https:\/\/schema.org","@graph":[{"@type":"Article","@id":"https:\/\/www.info-algerie.com\/actualites\/nous-avons-besoin-dun-front-interieur-solide-et-soude-benabdessalem\/#article","isPartOf":{"@id":"https:\/\/www.info-algerie.com\/actualites\/nous-avons-besoin-dun-front-interieur-solide-et-soude-benabdessalem\/"},"author":{"name":"La r\u00e9daction","@id":"https:\/\/www.info-algerie.com\/actualites\/#\/schema\/person\/847aaec44920825b843a08f30ec6aa1e"},"headline":"Nous avons besoin d\u2019un front int\u00e9rieur &quot;solide et soud\u00e9&quot; (Benabdessalem)","datePublished":"2017-11-14T17:23:26+00:00","mainEntityOfPage":{"@id":"https:\/\/www.info-algerie.com\/actualites\/nous-avons-besoin-dun-front-interieur-solide-et-soude-benabdessalem\/"},"wordCount":337,"commentCount":0,"publisher":{"@id":"https:\/\/www.info-algerie.com\/actualites\/#organization"},"keywords":["ONU"],"articleSection":["infos"],"inLanguage":"fr-FR","potentialAction":[{"@type":"CommentAction","name":"Comment","target":["https:\/\/www.info-algerie.com\/actualites\/nous-avons-besoin-dun-front-interieur-solide-et-soude-benabdessalem\/#respond"]}]},{"@type":"WebPage","@id":"https:\/\/www.info-algerie.com\/actualites\/nous-avons-besoin-dun-front-interieur-solide-et-soude-benabdessalem\/","url":"https:\/\/www.info-algerie.com\/actualites\/nous-avons-besoin-dun-front-interieur-solide-et-soude-benabdessalem\/","name":"Nous avons besoin d\u2019un front int\u00e9rieur &quot;solide et soud\u00e9&quot; (Benabdessalem) - info algerie","isPartOf":{"@id":"https:\/\/www.info-algerie.com\/actualites\/#website"},"datePublished":"2017-11-14T17:23:26+00:00","breadcrumb":{"@id":"https:\/\/www.info-algerie.com\/actualites\/nous-avons-besoin-dun-front-interieur-solide-et-soude-benabdessalem\/#breadcrumb"},"inLanguage":"fr-FR","potentialAction":[{"@type":"ReadAction","target":["https:\/\/www.info-algerie.com\/actualites\/nous-avons-besoin-dun-front-interieur-solide-et-soude-benabdessalem\/"]}]},{"@type":"BreadcrumbList","@id":"https:\/\/www.info-algerie.com\/actualites\/nous-avons-besoin-dun-front-interieur-solide-et-soude-benabdessalem\/#breadcrumb","itemListElement":[{"@type":"ListItem","position":1,"name":"Accueil","item":"https:\/\/www.info-algerie.com\/actualites\/"},{"@type":"ListItem","position":2,"name":"Nous avons besoin d\u2019un front int\u00e9rieur &quot;solide et soud\u00e9&quot; (Benabdessalem)"}]},{"@type":"WebSite","@id":"https:\/\/www.info-algerie.com\/actualites\/#website","url":"https:\/\/www.info-algerie.com\/actualites\/","name":"info algerie","description":"Toutes les actualit\u00e9s","publisher":{"@id":"https:\/\/www.info-algerie.com\/actualites\/#organization"},"potentialAction":[{"@type":"SearchAction","target":{"@type":"EntryPoint","urlTemplate":"https:\/\/www.info-algerie.com\/actualites\/?s={search_term_string}"},"query-input":{"@type":"PropertyValueSpecification","valueRequired":true,"valueName":"search_term_string"}}],"inLanguage":"fr-FR"},{"@type":"Organization","@id":"https:\/\/www.info-algerie.com\/actualites\/#organization","name":"info algerie","url":"https:\/\/www.info-algerie.com\/actualites\/","logo":{"@type":"ImageObject","inLanguage":"fr-FR","@id":"https:\/\/www.info-algerie.com\/actualites\/#\/schema\/logo\/image\/","url":"https:\/\/www.info-algerie.com\/actualites\/wp-content\/uploads\/2022\/07\/logo-ia-120.png","contentUrl":"https:\/\/www.info-algerie.com\/actualites\/wp-content\/uploads\/2022\/07\/logo-ia-120.png","width":120,"height":43,"caption":"info algerie"},"image":{"@id":"https:\/\/www.info-algerie.com\/actualites\/#\/schema\/logo\/image\/"},"sameAs":["https:\/\/www.facebook.com\/infoalgerieactu","https:\/\/x.com\/infoalgerie1"]},{"@type":"Person","@id":"https:\/\/www.info-algerie.com\/actualites\/#\/schema\/person\/847aaec44920825b843a08f30ec6aa1e","name":"La r\u00e9daction","image":{"@type":"ImageObject","inLanguage":"fr-FR","@id":"https:\/\/secure.gravatar.com\/avatar\/769db425c6f465158149f1ffd6cf61ce7a8a879d11dfbef8288af36dfddd418c?s=96&d=mm&r=g","url":"https:\/\/secure.gravatar.com\/avatar\/769db425c6f465158149f1ffd6cf61ce7a8a879d11dfbef8288af36dfddd418c?s=96&d=mm&r=g","contentUrl":"https:\/\/secure.gravatar.com\/avatar\/769db425c6f465158149f1ffd6cf61ce7a8a879d11dfbef8288af36dfddd418c?s=96&d=mm&r=g","caption":"La r\u00e9daction"},"sameAs":["http:\/\/www.lkeria.com\/"],"url":"https:\/\/www.info-algerie.com\/actualites\/author\/chakib32\/"}]}},"_links":{"self":[{"href":"https:\/\/www.info-algerie.com\/actualites\/wp-json\/wp\/v2\/posts\/18002","targetHints":{"allow":["GET"]}}],"collection":[{"href":"https:\/\/www.info-algerie.com\/actualites\/wp-json\/wp\/v2\/posts"}],"about":[{"href":"https:\/\/www.info-algerie.com\/actualites\/wp-json\/wp\/v2\/types\/post"}],"author":[{"embeddable":true,"href":"https:\/\/www.info-algerie.com\/actualites\/wp-json\/wp\/v2\/users\/6"}],"replies":[{"embeddable":true,"href":"https:\/\/www.info-algerie.com\/actualites\/wp-json\/wp\/v2\/comments?post=18002"}],"version-history":[{"count":0,"href":"https:\/\/www.info-algerie.com\/actualites\/wp-json\/wp\/v2\/posts\/18002\/revisions"}],"wp:attachment":[{"href":"https:\/\/www.info-algerie.com\/actualites\/wp-json\/wp\/v2\/media?parent=18002"}],"wp:term":[{"taxonomy":"category","embeddable":true,"href":"https:\/\/www.info-algerie.com\/actualites\/wp-json\/wp\/v2\/categories?post=18002"},{"taxonomy":"post_tag","embeddable":true,"href":"https:\/\/www.info-algerie.com\/actualites\/wp-json\/wp\/v2\/tags?post=18002"}],"curies":[{"name":"wp","href":"https:\/\/api.w.org\/{rel}","templated":true}]}}