{"id":18018,"date":"2017-11-15T09:03:07","date_gmt":"2017-11-15T08:03:07","guid":{"rendered":"http:\/\/www.info-algerie.com\/actualites\/elections-locales-tous-les-moyens-materiels-et-humains-reunis-bedoui\/"},"modified":"2017-11-15T09:03:07","modified_gmt":"2017-11-15T08:03:07","slug":"elections-locales-tous-les-moyens-materiels-et-humains-reunis-bedoui","status":"publish","type":"post","link":"https:\/\/www.info-algerie.com\/actualites\/elections-locales-tous-les-moyens-materiels-et-humains-reunis-bedoui\/","title":{"rendered":"Elections locales: tous les moyens mat\u00e9riels et humains r\u00e9unis (Bedoui)"},"content":{"rendered":"<div class=\"K2FeedImage\"><img decoding=\"async\" src=\"https:\/\/www.info-algerie.com\/actualites\/wp-content\/uploads\/2017\/11\/3a8ecce18de12a195fbf3d89816f6999_S.jpg\" alt=\"Elections locales: tous les moyens mat&#xE9;riels et humains r&#xE9;unis (Bedoui)\" \/><\/div>\n<div class=\"K2FeedIntroText\">\n<p><strong>ALGER &#8211; Le ministre de l&rsquo;Int\u00e9rieur, des Collectivit\u00e9s locales et de l&rsquo;Am\u00e9nagement du territoire, Noureddine Bedoui, a affirm\u00e9 mardi \u00e0 Alger que tous les moyens mat\u00e9riels et humains \u00e9taient r\u00e9unis en pr\u00e9vision des \u00e9lections locales du 23 novembre.<\/strong><\/p>\n<p>&#013;\n<\/p><\/div>\n<div class=\"K2FeedFullText\">&#013;<\/p>\n<p>\u00ab\u00a0Les pr\u00e9paratifs des \u00e9lections locales vont bon train et tous les moyens mat\u00e9riels et humains ont \u00e9t\u00e9 r\u00e9unis\u00a0\u00bb pour ce rendez-vous \u00e9lectoral, a d\u00e9clar\u00e9 M. Bedoui \u00e0 la presse en marge de sa visite d&rsquo;inspection au projet \u00ab\u00a0commune \u00e9lectronique-z\u00e9ro papier\u00a0\u00bb initi\u00e9 par la Direction g\u00e9n\u00e9rale de la modernisation, de la documentation et des archives \u00e0 Dar El Beida, ajoutant que le minist\u00e8re \u00e9tait en passe d&rsquo;\u00e9laborer les bulletins de vote.<\/p>\n<p>&#013;<\/p>\n<p>D&rsquo;autre part, M. Bedoui a exprim\u00e9 sa satisfaction quant au d\u00e9roulement de la campagne \u00e9lectorale qualifi\u00e9e de \u00ab\u00a0bonne\u00a0\u00bb et marqu\u00e9e par l&rsquo;action de proximit\u00e9, pr\u00e9cisant qu'\u00a0\u00bbune cellule a \u00e9t\u00e9 install\u00e9e au niveau du minist\u00e8re de l&rsquo;Int\u00e9rieur pour l&rsquo;examen et le suivi de toutes les propositions soumises par les candidats durant la campagne \u00e9lectorale\u00a0\u00bb.<\/p>\n<p>&#013;<\/p>\n<hr \/>\n<h3>Lire aussi:\u00a0<a href=\"http:\/\/www.aps.dz\/algerie\/65596-locales-2017-caravane-de-sensibilisation-sur-l-importance-des-elections-pour-la-construction-de-l-avenir\" target=\"_blank\" rel=\"noopener noreferrer\">Locales 2017: caravane de sensibilisation sur l&rsquo;importance des \u00e9lections pour \u00ab\u00a0la construction de l&rsquo;avenir\u00a0\u00bb<\/a><\/h3>\n<p>&#013;<\/p>\n<hr \/>\n<p>\u00ab\u00a0Initialement, toutes les propositions soumises sont consid\u00e9r\u00e9es comme des id\u00e9es positives par excellence, \u00e9tant au service du pays\u00a0\u00bb, \u00e0 l&rsquo;instar de la d\u00e9mocratie participative, des finances locales, de la fiscalit\u00e9 locale et de la r\u00e9vision du code communal et de wilaya, a ajout\u00e9 M. Bedoui.<\/p>\n<p>&#013;<\/p>\n<p>Le ministre a indiqu\u00e9 que la majorit\u00e9 des propositions de la campagne \u00ab\u00a0seront d\u00e9battues \u00e0 l&rsquo;occasion d&rsquo;un grand chantier, \u00e0 l&rsquo;instar du code communal et de wilaya, qui fait actuellement l&rsquo;objet d&rsquo;un chantier ouvert au niveau du Gouvernement\u00a0\u00bb, annon\u00e7ant un autre projet de loi relatif \u00e0 la d\u00e9mocratie participative, lequel sera \u00ab\u00a0pr\u00e9sent\u00e9 prochainement en Conseil de gouvernement\u00a0\u00bb.<\/p>\n<p>&#013;<\/p>\n<p>A une question sur le taux de participation aux \u00e9lections, M. Bedoui a indiqu\u00e9 que \u00ab\u00a0ce taux est li\u00e9 \u00e0 la prise de conscience par le peuple alg\u00e9rien quant au r\u00f4le important de l&rsquo;APC\u00a0\u00bb, a pr\u00e9cis\u00e9, estimant que la participation \u00ab\u00a0est un message sur la n\u00e9cessit\u00e9 d&rsquo;aller de l&rsquo;avant sur la voie de la concr\u00e9tisation des multiples r\u00e9formes initi\u00e9es par le pr\u00e9sident Bouteflika\u00a0\u00bb.<\/p>\n<p>&#013;<\/p>\n<hr \/>\n<h3>Lire aussi:\u00a0<a href=\"http:\/\/www.aps.dz\/algerie\/65476-locales-2017-647-interventions-effectuees-par-la-hiise-derbal\" target=\"_blank\" rel=\"noopener noreferrer\">Locales 2017:\u00a0 647 interventions effectu\u00e9es par la HIISE (Derbal)<\/a><\/h3>\n<p>&#013;<\/p>\n<hr \/>\n<p>Par ailleurs, le ministre a soulign\u00e9 la n\u00e9cessit\u00e9 de se concentrer sur la campagne \u00e9lectorale actuelle au lieu de faire une campagne anticip\u00e9e de la pr\u00e9sidentielle\u00a0\u00bb, rappelant dans ce sens que \u00ab\u00a0nous devons accorder davantage\u00a0 int\u00e9r\u00eat au citoyens, \u00e0 ses ambitions et \u00e0 ses attentes. Nous pr\u00e9parons actuellement des \u00e9lections locales, La Pr\u00e9sidentielle aura ses propres \u00e9ch\u00e9ances\u00a0\u00bb.<\/p>\n<p>&#013;<\/p>\n<p>Au sujet les affiches choisies par certains candidats, inscrites parmi \u00ab\u00a0les points faibles de la campagne \u00e9lectorale\u00a0\u00bb, M. Bedoui a indiqu\u00e9 qu&rsquo;il ne fallait pas focaliser sur cette questions mais plut\u00f4t sur les propositions soumises, exprimant son souhait de voir la situation s&rsquo;am\u00e9liorer \u00e0 l&rsquo;avenir \u00e0 travers \u00ab\u00a0la mise en place de m\u00e9canismes en coordination avec la Haute instance ind\u00e9pendante de surveillance des \u00e9lections (HIISE)\u00a0\u00bb.<\/p>\n<p>&#013;<\/p>\n<p class=\"MsoNormal\">\u00ab\u00a0Seulement 200 pr\u00e9sidents d&rsquo;APC sont poursuivis en justice parmi les quelque 25.000 \u00e9lus\u00a0\u00bb, a-t-il rassur\u00e9, ajoutant qu&rsquo;il y avait pr\u00e8s de 400 \u00e9lus acquitt\u00e9s par la justice.<\/p>\n<\/div>\n<p>&#013;<br \/>\nSource: <a href=\"http:\/\/www.aps.dz\/algerie\/65619-elections-locales-tous-les-moyens-materiels-et-humains-reunis-bedoui\" target=\"_blank\">Elections locales: tous les moyens mat\u00e9riels et humains r\u00e9unis (Bedoui)<\/a><\/p>\n<!--CusAds0-->\n<div style=\"font-size: 0px; height: 0px; line-height: 0px; margin: 0; padding: 0; clear: both;\"><\/div>","protected":false},"excerpt":{"rendered":"<p>ALGER &#8211; Le ministre de l&rsquo;Int\u00e9rieur, des Collectivit\u00e9s locales et de l&rsquo;Am\u00e9nagement du territoire, Noureddine Bedoui, a affirm\u00e9 mardi \u00e0 Alger que tous les moyens mat\u00e9riels et humains \u00e9taient r\u00e9unis en pr\u00e9vision des \u00e9lections locales du 23 novembre. &#013; &#013; \u00ab\u00a0Les pr\u00e9paratifs des \u00e9lections locales vont bon train et tous les moyens mat\u00e9riels et humains<\/p>\n","protected":false},"author":6,"featured_media":18019,"comment_status":"open","ping_status":"open","sticky":false,"template":"","format":"standard","meta":{"footnotes":""},"categories":[22],"tags":[93],"class_list":["post-18018","post","type-post","status-publish","format-standard","has-post-thumbnail","hentry","category-infos","tag-onu"],"yoast_head":"<!-- This site is optimized with the Yoast SEO plugin v27.5 - https:\/\/yoast.com\/product\/yoast-seo-wordpress\/ -->\n<title>Elections locales: tous les moyens mat\u00e9riels et humains r\u00e9unis (Bedoui) - info algerie<\/title>\n<meta name=\"robots\" content=\"index, follow, max-snippet:-1, max-image-preview:large, max-video-preview:-1\" \/>\n<link rel=\"canonical\" href=\"https:\/\/www.info-algerie.com\/actualites\/elections-locales-tous-les-moyens-materiels-et-humains-reunis-bedoui\/\" \/>\n<meta property=\"og:locale\" content=\"fr_FR\" \/>\n<meta property=\"og:type\" content=\"article\" \/>\n<meta property=\"og:title\" content=\"Elections locales: tous les moyens mat\u00e9riels et humains r\u00e9unis (Bedoui) - info algerie\" \/>\n<meta property=\"og:description\" content=\"ALGER &#8211; Le ministre de l&rsquo;Int\u00e9rieur, des Collectivit\u00e9s locales et de l&rsquo;Am\u00e9nagement du territoire, Noureddine Bedoui, a affirm\u00e9 mardi \u00e0 Alger que tous les moyens mat\u00e9riels et humains \u00e9taient r\u00e9unis en pr\u00e9vision des \u00e9lections locales du 23 novembre. &#013; &#013; \u00ab\u00a0Les pr\u00e9paratifs des \u00e9lections locales vont bon train et tous les moyens mat\u00e9riels et humains\" \/>\n<meta property=\"og:url\" content=\"https:\/\/www.info-algerie.com\/actualites\/elections-locales-tous-les-moyens-materiels-et-humains-reunis-bedoui\/\" \/>\n<meta property=\"og:site_name\" content=\"info algerie\" \/>\n<meta property=\"article:publisher\" content=\"https:\/\/www.facebook.com\/infoalgerieactu\" \/>\n<meta property=\"article:published_time\" content=\"2017-11-15T08:03:07+00:00\" \/>\n<meta property=\"og:image\" content=\"https:\/\/www.info-algerie.com\/actualites\/wp-content\/uploads\/2017\/11\/3a8ecce18de12a195fbf3d89816f6999_S-1.jpg\" \/>\n\t<meta property=\"og:image:width\" content=\"280\" \/>\n\t<meta property=\"og:image:height\" content=\"169\" \/>\n\t<meta property=\"og:image:type\" content=\"image\/jpeg\" \/>\n<meta name=\"author\" content=\"La r\u00e9daction\" \/>\n<meta name=\"twitter:label1\" content=\"\u00c9crit par\" \/>\n\t<meta name=\"twitter:data1\" content=\"La r\u00e9daction\" \/>\n\t<meta name=\"twitter:label2\" content=\"Dur\u00e9e de lecture estim\u00e9e\" \/>\n\t<meta name=\"twitter:data2\" content=\"3 minutes\" \/>\n<script type=\"application\/ld+json\" class=\"yoast-schema-graph\">{\"@context\":\"https:\\\/\\\/schema.org\",\"@graph\":[{\"@type\":\"Article\",\"@id\":\"https:\\\/\\\/www.info-algerie.com\\\/actualites\\\/elections-locales-tous-les-moyens-materiels-et-humains-reunis-bedoui\\\/#article\",\"isPartOf\":{\"@id\":\"https:\\\/\\\/www.info-algerie.com\\\/actualites\\\/elections-locales-tous-les-moyens-materiels-et-humains-reunis-bedoui\\\/\"},\"author\":{\"name\":\"La r\u00e9daction\",\"@id\":\"https:\\\/\\\/www.info-algerie.com\\\/actualites\\\/#\\\/schema\\\/person\\\/847aaec44920825b843a08f30ec6aa1e\"},\"headline\":\"Elections locales: tous les moyens mat\u00e9riels et humains r\u00e9unis (Bedoui)\",\"datePublished\":\"2017-11-15T08:03:07+00:00\",\"mainEntityOfPage\":{\"@id\":\"https:\\\/\\\/www.info-algerie.com\\\/actualites\\\/elections-locales-tous-les-moyens-materiels-et-humains-reunis-bedoui\\\/\"},\"wordCount\":587,\"commentCount\":0,\"publisher\":{\"@id\":\"https:\\\/\\\/www.info-algerie.com\\\/actualites\\\/#organization\"},\"image\":{\"@id\":\"https:\\\/\\\/www.info-algerie.com\\\/actualites\\\/elections-locales-tous-les-moyens-materiels-et-humains-reunis-bedoui\\\/#primaryimage\"},\"thumbnailUrl\":\"https:\\\/\\\/www.info-algerie.com\\\/actualites\\\/wp-content\\\/uploads\\\/2017\\\/11\\\/3a8ecce18de12a195fbf3d89816f6999_S-1.jpg\",\"keywords\":[\"ONU\"],\"articleSection\":[\"infos\"],\"inLanguage\":\"fr-FR\",\"potentialAction\":[{\"@type\":\"CommentAction\",\"name\":\"Comment\",\"target\":[\"https:\\\/\\\/www.info-algerie.com\\\/actualites\\\/elections-locales-tous-les-moyens-materiels-et-humains-reunis-bedoui\\\/#respond\"]}]},{\"@type\":\"WebPage\",\"@id\":\"https:\\\/\\\/www.info-algerie.com\\\/actualites\\\/elections-locales-tous-les-moyens-materiels-et-humains-reunis-bedoui\\\/\",\"url\":\"https:\\\/\\\/www.info-algerie.com\\\/actualites\\\/elections-locales-tous-les-moyens-materiels-et-humains-reunis-bedoui\\\/\",\"name\":\"Elections locales: tous les moyens mat\u00e9riels et humains r\u00e9unis (Bedoui) - info algerie\",\"isPartOf\":{\"@id\":\"https:\\\/\\\/www.info-algerie.com\\\/actualites\\\/#website\"},\"primaryImageOfPage\":{\"@id\":\"https:\\\/\\\/www.info-algerie.com\\\/actualites\\\/elections-locales-tous-les-moyens-materiels-et-humains-reunis-bedoui\\\/#primaryimage\"},\"image\":{\"@id\":\"https:\\\/\\\/www.info-algerie.com\\\/actualites\\\/elections-locales-tous-les-moyens-materiels-et-humains-reunis-bedoui\\\/#primaryimage\"},\"thumbnailUrl\":\"https:\\\/\\\/www.info-algerie.com\\\/actualites\\\/wp-content\\\/uploads\\\/2017\\\/11\\\/3a8ecce18de12a195fbf3d89816f6999_S-1.jpg\",\"datePublished\":\"2017-11-15T08:03:07+00:00\",\"breadcrumb\":{\"@id\":\"https:\\\/\\\/www.info-algerie.com\\\/actualites\\\/elections-locales-tous-les-moyens-materiels-et-humains-reunis-bedoui\\\/#breadcrumb\"},\"inLanguage\":\"fr-FR\",\"potentialAction\":[{\"@type\":\"ReadAction\",\"target\":[\"https:\\\/\\\/www.info-algerie.com\\\/actualites\\\/elections-locales-tous-les-moyens-materiels-et-humains-reunis-bedoui\\\/\"]}]},{\"@type\":\"ImageObject\",\"inLanguage\":\"fr-FR\",\"@id\":\"https:\\\/\\\/www.info-algerie.com\\\/actualites\\\/elections-locales-tous-les-moyens-materiels-et-humains-reunis-bedoui\\\/#primaryimage\",\"url\":\"https:\\\/\\\/www.info-algerie.com\\\/actualites\\\/wp-content\\\/uploads\\\/2017\\\/11\\\/3a8ecce18de12a195fbf3d89816f6999_S-1.jpg\",\"contentUrl\":\"https:\\\/\\\/www.info-algerie.com\\\/actualites\\\/wp-content\\\/uploads\\\/2017\\\/11\\\/3a8ecce18de12a195fbf3d89816f6999_S-1.jpg\",\"width\":280,\"height\":169},{\"@type\":\"BreadcrumbList\",\"@id\":\"https:\\\/\\\/www.info-algerie.com\\\/actualites\\\/elections-locales-tous-les-moyens-materiels-et-humains-reunis-bedoui\\\/#breadcrumb\",\"itemListElement\":[{\"@type\":\"ListItem\",\"position\":1,\"name\":\"Accueil\",\"item\":\"https:\\\/\\\/www.info-algerie.com\\\/actualites\\\/\"},{\"@type\":\"ListItem\",\"position\":2,\"name\":\"Elections locales: tous les moyens mat\u00e9riels et humains r\u00e9unis (Bedoui)\"}]},{\"@type\":\"WebSite\",\"@id\":\"https:\\\/\\\/www.info-algerie.com\\\/actualites\\\/#website\",\"url\":\"https:\\\/\\\/www.info-algerie.com\\\/actualites\\\/\",\"name\":\"info algerie\",\"description\":\"Toutes les actualit\u00e9s\",\"publisher\":{\"@id\":\"https:\\\/\\\/www.info-algerie.com\\\/actualites\\\/#organization\"},\"potentialAction\":[{\"@type\":\"SearchAction\",\"target\":{\"@type\":\"EntryPoint\",\"urlTemplate\":\"https:\\\/\\\/www.info-algerie.com\\\/actualites\\\/?s={search_term_string}\"},\"query-input\":{\"@type\":\"PropertyValueSpecification\",\"valueRequired\":true,\"valueName\":\"search_term_string\"}}],\"inLanguage\":\"fr-FR\"},{\"@type\":\"Organization\",\"@id\":\"https:\\\/\\\/www.info-algerie.com\\\/actualites\\\/#organization\",\"name\":\"info algerie\",\"url\":\"https:\\\/\\\/www.info-algerie.com\\\/actualites\\\/\",\"logo\":{\"@type\":\"ImageObject\",\"inLanguage\":\"fr-FR\",\"@id\":\"https:\\\/\\\/www.info-algerie.com\\\/actualites\\\/#\\\/schema\\\/logo\\\/image\\\/\",\"url\":\"https:\\\/\\\/www.info-algerie.com\\\/actualites\\\/wp-content\\\/uploads\\\/2022\\\/07\\\/logo-ia-120.png\",\"contentUrl\":\"https:\\\/\\\/www.info-algerie.com\\\/actualites\\\/wp-content\\\/uploads\\\/2022\\\/07\\\/logo-ia-120.png\",\"width\":120,\"height\":43,\"caption\":\"info algerie\"},\"image\":{\"@id\":\"https:\\\/\\\/www.info-algerie.com\\\/actualites\\\/#\\\/schema\\\/logo\\\/image\\\/\"},\"sameAs\":[\"https:\\\/\\\/www.facebook.com\\\/infoalgerieactu\",\"https:\\\/\\\/x.com\\\/infoalgerie1\"]},{\"@type\":\"Person\",\"@id\":\"https:\\\/\\\/www.info-algerie.com\\\/actualites\\\/#\\\/schema\\\/person\\\/847aaec44920825b843a08f30ec6aa1e\",\"name\":\"La r\u00e9daction\",\"image\":{\"@type\":\"ImageObject\",\"inLanguage\":\"fr-FR\",\"@id\":\"https:\\\/\\\/secure.gravatar.com\\\/avatar\\\/769db425c6f465158149f1ffd6cf61ce7a8a879d11dfbef8288af36dfddd418c?s=96&d=mm&r=g\",\"url\":\"https:\\\/\\\/secure.gravatar.com\\\/avatar\\\/769db425c6f465158149f1ffd6cf61ce7a8a879d11dfbef8288af36dfddd418c?s=96&d=mm&r=g\",\"contentUrl\":\"https:\\\/\\\/secure.gravatar.com\\\/avatar\\\/769db425c6f465158149f1ffd6cf61ce7a8a879d11dfbef8288af36dfddd418c?s=96&d=mm&r=g\",\"caption\":\"La r\u00e9daction\"},\"sameAs\":[\"http:\\\/\\\/www.lkeria.com\\\/\"],\"url\":\"https:\\\/\\\/www.info-algerie.com\\\/actualites\\\/author\\\/chakib32\\\/\"}]}<\/script>\n<!-- \/ Yoast SEO plugin. -->","yoast_head_json":{"title":"Elections locales: tous les moyens mat\u00e9riels et humains r\u00e9unis (Bedoui) - info algerie","robots":{"index":"index","follow":"follow","max-snippet":"max-snippet:-1","max-image-preview":"max-image-preview:large","max-video-preview":"max-video-preview:-1"},"canonical":"https:\/\/www.info-algerie.com\/actualites\/elections-locales-tous-les-moyens-materiels-et-humains-reunis-bedoui\/","og_locale":"fr_FR","og_type":"article","og_title":"Elections locales: tous les moyens mat\u00e9riels et humains r\u00e9unis (Bedoui) - info algerie","og_description":"ALGER &#8211; Le ministre de l&rsquo;Int\u00e9rieur, des Collectivit\u00e9s locales et de l&rsquo;Am\u00e9nagement du territoire, Noureddine Bedoui, a affirm\u00e9 mardi \u00e0 Alger que tous les moyens mat\u00e9riels et humains \u00e9taient r\u00e9unis en pr\u00e9vision des \u00e9lections locales du 23 novembre. &#013; &#013; \u00ab\u00a0Les pr\u00e9paratifs des \u00e9lections locales vont bon train et tous les moyens mat\u00e9riels et humains","og_url":"https:\/\/www.info-algerie.com\/actualites\/elections-locales-tous-les-moyens-materiels-et-humains-reunis-bedoui\/","og_site_name":"info algerie","article_publisher":"https:\/\/www.facebook.com\/infoalgerieactu","article_published_time":"2017-11-15T08:03:07+00:00","og_image":[{"width":280,"height":169,"url":"https:\/\/www.info-algerie.com\/actualites\/wp-content\/uploads\/2017\/11\/3a8ecce18de12a195fbf3d89816f6999_S-1.jpg","type":"image\/jpeg"}],"author":"La r\u00e9daction","twitter_misc":{"\u00c9crit par":"La r\u00e9daction","Dur\u00e9e de lecture estim\u00e9e":"3 minutes"},"schema":{"@context":"https:\/\/schema.org","@graph":[{"@type":"Article","@id":"https:\/\/www.info-algerie.com\/actualites\/elections-locales-tous-les-moyens-materiels-et-humains-reunis-bedoui\/#article","isPartOf":{"@id":"https:\/\/www.info-algerie.com\/actualites\/elections-locales-tous-les-moyens-materiels-et-humains-reunis-bedoui\/"},"author":{"name":"La r\u00e9daction","@id":"https:\/\/www.info-algerie.com\/actualites\/#\/schema\/person\/847aaec44920825b843a08f30ec6aa1e"},"headline":"Elections locales: tous les moyens mat\u00e9riels et humains r\u00e9unis (Bedoui)","datePublished":"2017-11-15T08:03:07+00:00","mainEntityOfPage":{"@id":"https:\/\/www.info-algerie.com\/actualites\/elections-locales-tous-les-moyens-materiels-et-humains-reunis-bedoui\/"},"wordCount":587,"commentCount":0,"publisher":{"@id":"https:\/\/www.info-algerie.com\/actualites\/#organization"},"image":{"@id":"https:\/\/www.info-algerie.com\/actualites\/elections-locales-tous-les-moyens-materiels-et-humains-reunis-bedoui\/#primaryimage"},"thumbnailUrl":"https:\/\/www.info-algerie.com\/actualites\/wp-content\/uploads\/2017\/11\/3a8ecce18de12a195fbf3d89816f6999_S-1.jpg","keywords":["ONU"],"articleSection":["infos"],"inLanguage":"fr-FR","potentialAction":[{"@type":"CommentAction","name":"Comment","target":["https:\/\/www.info-algerie.com\/actualites\/elections-locales-tous-les-moyens-materiels-et-humains-reunis-bedoui\/#respond"]}]},{"@type":"WebPage","@id":"https:\/\/www.info-algerie.com\/actualites\/elections-locales-tous-les-moyens-materiels-et-humains-reunis-bedoui\/","url":"https:\/\/www.info-algerie.com\/actualites\/elections-locales-tous-les-moyens-materiels-et-humains-reunis-bedoui\/","name":"Elections locales: tous les moyens mat\u00e9riels et humains r\u00e9unis (Bedoui) - info algerie","isPartOf":{"@id":"https:\/\/www.info-algerie.com\/actualites\/#website"},"primaryImageOfPage":{"@id":"https:\/\/www.info-algerie.com\/actualites\/elections-locales-tous-les-moyens-materiels-et-humains-reunis-bedoui\/#primaryimage"},"image":{"@id":"https:\/\/www.info-algerie.com\/actualites\/elections-locales-tous-les-moyens-materiels-et-humains-reunis-bedoui\/#primaryimage"},"thumbnailUrl":"https:\/\/www.info-algerie.com\/actualites\/wp-content\/uploads\/2017\/11\/3a8ecce18de12a195fbf3d89816f6999_S-1.jpg","datePublished":"2017-11-15T08:03:07+00:00","breadcrumb":{"@id":"https:\/\/www.info-algerie.com\/actualites\/elections-locales-tous-les-moyens-materiels-et-humains-reunis-bedoui\/#breadcrumb"},"inLanguage":"fr-FR","potentialAction":[{"@type":"ReadAction","target":["https:\/\/www.info-algerie.com\/actualites\/elections-locales-tous-les-moyens-materiels-et-humains-reunis-bedoui\/"]}]},{"@type":"ImageObject","inLanguage":"fr-FR","@id":"https:\/\/www.info-algerie.com\/actualites\/elections-locales-tous-les-moyens-materiels-et-humains-reunis-bedoui\/#primaryimage","url":"https:\/\/www.info-algerie.com\/actualites\/wp-content\/uploads\/2017\/11\/3a8ecce18de12a195fbf3d89816f6999_S-1.jpg","contentUrl":"https:\/\/www.info-algerie.com\/actualites\/wp-content\/uploads\/2017\/11\/3a8ecce18de12a195fbf3d89816f6999_S-1.jpg","width":280,"height":169},{"@type":"BreadcrumbList","@id":"https:\/\/www.info-algerie.com\/actualites\/elections-locales-tous-les-moyens-materiels-et-humains-reunis-bedoui\/#breadcrumb","itemListElement":[{"@type":"ListItem","position":1,"name":"Accueil","item":"https:\/\/www.info-algerie.com\/actualites\/"},{"@type":"ListItem","position":2,"name":"Elections locales: tous les moyens mat\u00e9riels et humains r\u00e9unis (Bedoui)"}]},{"@type":"WebSite","@id":"https:\/\/www.info-algerie.com\/actualites\/#website","url":"https:\/\/www.info-algerie.com\/actualites\/","name":"info algerie","description":"Toutes les actualit\u00e9s","publisher":{"@id":"https:\/\/www.info-algerie.com\/actualites\/#organization"},"potentialAction":[{"@type":"SearchAction","target":{"@type":"EntryPoint","urlTemplate":"https:\/\/www.info-algerie.com\/actualites\/?s={search_term_string}"},"query-input":{"@type":"PropertyValueSpecification","valueRequired":true,"valueName":"search_term_string"}}],"inLanguage":"fr-FR"},{"@type":"Organization","@id":"https:\/\/www.info-algerie.com\/actualites\/#organization","name":"info algerie","url":"https:\/\/www.info-algerie.com\/actualites\/","logo":{"@type":"ImageObject","inLanguage":"fr-FR","@id":"https:\/\/www.info-algerie.com\/actualites\/#\/schema\/logo\/image\/","url":"https:\/\/www.info-algerie.com\/actualites\/wp-content\/uploads\/2022\/07\/logo-ia-120.png","contentUrl":"https:\/\/www.info-algerie.com\/actualites\/wp-content\/uploads\/2022\/07\/logo-ia-120.png","width":120,"height":43,"caption":"info algerie"},"image":{"@id":"https:\/\/www.info-algerie.com\/actualites\/#\/schema\/logo\/image\/"},"sameAs":["https:\/\/www.facebook.com\/infoalgerieactu","https:\/\/x.com\/infoalgerie1"]},{"@type":"Person","@id":"https:\/\/www.info-algerie.com\/actualites\/#\/schema\/person\/847aaec44920825b843a08f30ec6aa1e","name":"La r\u00e9daction","image":{"@type":"ImageObject","inLanguage":"fr-FR","@id":"https:\/\/secure.gravatar.com\/avatar\/769db425c6f465158149f1ffd6cf61ce7a8a879d11dfbef8288af36dfddd418c?s=96&d=mm&r=g","url":"https:\/\/secure.gravatar.com\/avatar\/769db425c6f465158149f1ffd6cf61ce7a8a879d11dfbef8288af36dfddd418c?s=96&d=mm&r=g","contentUrl":"https:\/\/secure.gravatar.com\/avatar\/769db425c6f465158149f1ffd6cf61ce7a8a879d11dfbef8288af36dfddd418c?s=96&d=mm&r=g","caption":"La r\u00e9daction"},"sameAs":["http:\/\/www.lkeria.com\/"],"url":"https:\/\/www.info-algerie.com\/actualites\/author\/chakib32\/"}]}},"_links":{"self":[{"href":"https:\/\/www.info-algerie.com\/actualites\/wp-json\/wp\/v2\/posts\/18018","targetHints":{"allow":["GET"]}}],"collection":[{"href":"https:\/\/www.info-algerie.com\/actualites\/wp-json\/wp\/v2\/posts"}],"about":[{"href":"https:\/\/www.info-algerie.com\/actualites\/wp-json\/wp\/v2\/types\/post"}],"author":[{"embeddable":true,"href":"https:\/\/www.info-algerie.com\/actualites\/wp-json\/wp\/v2\/users\/6"}],"replies":[{"embeddable":true,"href":"https:\/\/www.info-algerie.com\/actualites\/wp-json\/wp\/v2\/comments?post=18018"}],"version-history":[{"count":0,"href":"https:\/\/www.info-algerie.com\/actualites\/wp-json\/wp\/v2\/posts\/18018\/revisions"}],"wp:featuredmedia":[{"embeddable":true,"href":"https:\/\/www.info-algerie.com\/actualites\/wp-json\/wp\/v2\/media\/18019"}],"wp:attachment":[{"href":"https:\/\/www.info-algerie.com\/actualites\/wp-json\/wp\/v2\/media?parent=18018"}],"wp:term":[{"taxonomy":"category","embeddable":true,"href":"https:\/\/www.info-algerie.com\/actualites\/wp-json\/wp\/v2\/categories?post=18018"},{"taxonomy":"post_tag","embeddable":true,"href":"https:\/\/www.info-algerie.com\/actualites\/wp-json\/wp\/v2\/tags?post=18018"}],"curies":[{"name":"wp","href":"https:\/\/api.w.org\/{rel}","templated":true}]}}