{"id":18030,"date":"2017-11-15T10:52:51","date_gmt":"2017-11-15T09:52:51","guid":{"rendered":"http:\/\/www.info-algerie.com\/actualites\/appel-a-la-revision-des-mecanismes-de-gestion-du-systeme-de-la-securite-sociale\/"},"modified":"2017-11-15T10:52:51","modified_gmt":"2017-11-15T09:52:51","slug":"appel-a-la-revision-des-mecanismes-de-gestion-du-systeme-de-la-securite-sociale","status":"publish","type":"post","link":"https:\/\/www.info-algerie.com\/actualites\/appel-a-la-revision-des-mecanismes-de-gestion-du-systeme-de-la-securite-sociale\/","title":{"rendered":"Appel \u00e0 la r\u00e9vision des m\u00e9canismes de gestion du syst\u00e8me de la s\u00e9curit\u00e9 sociale"},"content":{"rendered":"<div class=\"K2FeedImage\"><img decoding=\"async\" src=\"https:\/\/www.info-algerie.com\/actualites\/wp-content\/uploads\/2017\/11\/3b8465539c7775143cff19279c98caa1_S.jpg\" alt=\"Appel &#xE0; la r&#xE9;vision des m&#xE9;canismes de gestion du syst&#xE8;me de la s&#xE9;curit&#xE9; sociale\" \/><\/div>\n<div class=\"K2FeedIntroText\">\n<p><strong>ALGER &#8211; Le ministre du Travail, de l&#8217;emploi et de la s\u00e9curit\u00e9 sociale, Mourad Zemali, a appel\u00e9 mardi \u00e0 Alger \u00e0 l&rsquo;imp\u00e9ratif de \u00ab\u00a0r\u00e9viser les m\u00e9thodes de gestion du syst\u00e8me de la s\u00e9curit\u00e9 sociale et organiser les ressources humaines en se focalisant sur un recouvrement plus large des cotisations\u00a0\u00bb, indiquant que la r\u00e9solution des probl\u00e8mes financiers exigeait la volont\u00e9 et la participation de tous les partenaires \u00e9conomiques et sociaux.<\/strong><\/p>\n<p>&#013;\n<\/p><\/div>\n<div class=\"K2FeedFullText\">&#013;<\/p>\n<p>Intervenant lors d&rsquo;une rencontre ayant regroup\u00e9 quelques responsables des caisses de s\u00e9curit\u00e9 sociale, des partenaires sociaux et \u00e9conomiques ainsi que des cadres du minist\u00e8re, organis\u00e9e \u00e0 l&rsquo;Ecole sup\u00e9rieure de la s\u00e9curit\u00e9 sociale \u00e0 Alger, dans le but d&rsquo;examiner les pr\u00e9occupations li\u00e9es au domaine de l&#8217;emploi et les questions relatives au secteur, le ministre a affirm\u00e9 que cette rencontre \u00ab\u00a0vise \u00e0 tisser et \u00e9tablir des relations de confiance\u00a0 entre les caisses de la s\u00e9curit\u00e9 sociale et les partenaires socio-\u00e9conomiques, tout en initiant un dialogue permanent autour des questions d&rsquo;int\u00e9r\u00eat commun, lequel sera marqu\u00e9 par la franchise, la responsabilit\u00e9 et la transparence\u00a0\u00bb.<\/p>\n<p>&#013;<\/p>\n<p>\u00ab\u00a0Trouver des solutions n\u00e9cessite la volont\u00e9 et la disponibilit\u00e9 de toutes les parties pour m\u00fbrir les r\u00e9flexions et chercher des solutions \u00e0 tous les probl\u00e8mes relatifs \u00e0 la s\u00e9curit\u00e9 sociale\u00a0\u00bb ajoute le ministre.<\/p>\n<p>&#013;<\/p>\n<p>Il a indiqu\u00e9, \u00e0 ce propos, que le syst\u00e8me national de la s\u00e9curit\u00e9 sociale connaissait actuellement un dysfonctionnement au niveau de ses \u00e9quilibres financiers occasionn\u00e9 par un important d\u00e9ficit croissant qui affecte la branche de la retraite qui compte actuellement plus de 2 millions d&rsquo;adh\u00e9rents.<\/p>\n<p>&#013;<\/p>\n<p>\u00ab\u00a0C&rsquo;est \u00e0 partir de l&rsquo;optique du Gouvernement visant \u00e0 maintenir le caract\u00e8re social de l&rsquo;Etat qu&rsquo;une aide financi\u00e8re estim\u00e9e \u00e0 500 milliards de dinars a \u00e9t\u00e9 accord\u00e9e par l&rsquo;Etat au titre de l&rsquo;exercice 2018 dans le but de recouvrer les \u00e9quilibres financiers du syst\u00e8me de la s\u00e9curit\u00e9 sociale\u00a0\u00bb, rel\u00e8ve M. Zemali.<\/p>\n<p>&#013;<\/p>\n<p>En vue d&rsquo;accompagner les efforts consentis pour pr\u00e9server les \u00e9quilibres et assurer leur p\u00e9rennit\u00e9, le ministre a insist\u00e9 sur l&rsquo;imp\u00e9ratif de \u00ab\u00a0revoir les m\u00e9thodes de gestion du syst\u00e8me de la s\u00e9curit\u00e9 sociale et organiser les\u00a0 ressources humaine en focalisant sur le recouvrement des cotisations\u00a0\u00bb.<\/p>\n<p>&#013;<\/p>\n<p>Pour sa part, le pr\u00e9sident de la Conf\u00e9d\u00e9ration nationale du Patronat alg\u00e9rien, Nait Abdelaziz, a estim\u00e9 que cette rencontre constituait une opportunit\u00e9 pour soulever les pr\u00e9occupations des partenaires \u00e9conomiques et sociaux \u00e0 la tutelle charg\u00e9e du secteur en vue de les prendre en charge\u00a0\u00bb.<\/p>\n<p>&#013;<\/p>\n<p>Les partenaires \u00e9conomiques (investisseurs, PME et autres) repr\u00e9sentent pr\u00e8s de 35% de l&rsquo;ensemble des affili\u00e9s aux diff\u00e9rentes caisses de s\u00e9curit\u00e9 sociale. Ainsi, ils contribuent fortement aux recettes de ces caisses, d&rsquo;o\u00f9 la n\u00e9cessit\u00e9 de prendre en charge leurs pr\u00e9occupations, a-t-il estim\u00e9.<\/p>\n<p>&#013;<\/p>\n<p>La principale pr\u00e9occupation des partenaires socio\u00e9conomiques et du patronat est directement li\u00e9e \u00e0 la majoration de retard du paiement des cotisations, qui constitue un r\u00e9el handicap plus particuli\u00e8rement pour les start-up, a-t-il pr\u00e9cis\u00e9.<\/p>\n<p>&#013;<\/p>\n<p>Le Directeur g\u00e9n\u00e9ral de la s\u00e9curit\u00e9 sociale au minist\u00e8re du travail a affirm\u00e9 pour sa part que ses services ne m\u00e9nageaient aucun effort en vue d&rsquo;accorder toutes les facilit\u00e9s aux affili\u00e9s de la CNAS, notamment en leur fournissant les explications n\u00e9cessaires et en proc\u00e9dant \u00e0 l&rsquo;\u00e9chelonnement de leurs cotisations. Ces Caisses, aussi bien la CNAS que la CASNOS, aident ses partenaires s\u00e9rieux, en r\u00e9duisant de 50% leur majoration de retard.<\/p>\n<p>&#013;<\/p>\n<p>Par ailleurs, le directeur g\u00e9n\u00e9ral de la CACOBATPH, M. Chekakri a indiqu\u00e9 que la caisse avait fait preuve d&rsquo;une grande souplesse envers les retardataires (paiement des cotisations), car elle n&rsquo;a pas pris de sanctions \u00e0 leur encontre quant au recouvrement des cotisations qui leur sont dues au premier semestre 2017. Mieux encore, elle a cr\u00e9\u00e9 des espaces de communication et de dialogue avec ces partenaires \u00e9conomiques en vue de trouver des solutions consensuelles, a-t-il dit.<\/p>\n<p>&#013;<\/p>\n<p class=\"MsoNormal\">L&rsquo;inspecteur g\u00e9n\u00e9ral du travail, Zoubir Djegham a mis l&rsquo;accent sur l&rsquo;action engag\u00e9e sur le terrain par les inspections du travail au niveau national et leur r\u00f4le en mati\u00e8re de contr\u00f4le du respect des lois et r\u00e8glements relatifs aux conditions et aux relations de travail.<\/p>\n<\/div>\n<p>&#013;<br \/>\nSource: <a href=\"http:\/\/www.aps.dz\/algerie\/65634-appel-a-la-revision-des-mecanismes-de-gestion-du-systeme-de-la-securite-sociale\" target=\"_blank\">Appel \u00e0 la r\u00e9vision des m\u00e9canismes de gestion du syst\u00e8me de la s\u00e9curit\u00e9 sociale<\/a><\/p>\n<!--CusAds0-->\n<div style=\"font-size: 0px; height: 0px; line-height: 0px; margin: 0; padding: 0; clear: both;\"><\/div>","protected":false},"excerpt":{"rendered":"<p>ALGER &#8211; Le ministre du Travail, de l&#8217;emploi et de la s\u00e9curit\u00e9 sociale, Mourad Zemali, a appel\u00e9 mardi \u00e0 Alger \u00e0 l&rsquo;imp\u00e9ratif de \u00ab\u00a0r\u00e9viser les m\u00e9thodes de gestion du syst\u00e8me de la s\u00e9curit\u00e9 sociale et organiser les ressources humaines en se focalisant sur un recouvrement plus large des cotisations\u00a0\u00bb, indiquant que la r\u00e9solution des probl\u00e8mes<\/p>\n","protected":false},"author":6,"featured_media":18031,"comment_status":"open","ping_status":"open","sticky":false,"template":"","format":"standard","meta":{"footnotes":""},"categories":[22],"tags":[93],"class_list":["post-18030","post","type-post","status-publish","format-standard","has-post-thumbnail","hentry","category-infos","tag-onu"],"yoast_head":"<!-- This site is optimized with the Yoast SEO plugin v27.5 - https:\/\/yoast.com\/product\/yoast-seo-wordpress\/ -->\n<title>Appel \u00e0 la r\u00e9vision des m\u00e9canismes de gestion du syst\u00e8me de la s\u00e9curit\u00e9 sociale - info algerie<\/title>\n<meta name=\"robots\" content=\"index, follow, max-snippet:-1, max-image-preview:large, max-video-preview:-1\" \/>\n<link rel=\"canonical\" href=\"https:\/\/www.info-algerie.com\/actualites\/appel-a-la-revision-des-mecanismes-de-gestion-du-systeme-de-la-securite-sociale\/\" \/>\n<meta property=\"og:locale\" content=\"fr_FR\" \/>\n<meta property=\"og:type\" content=\"article\" \/>\n<meta property=\"og:title\" content=\"Appel \u00e0 la r\u00e9vision des m\u00e9canismes de gestion du syst\u00e8me de la s\u00e9curit\u00e9 sociale - info algerie\" \/>\n<meta property=\"og:description\" content=\"ALGER &#8211; Le ministre du Travail, de l&#8217;emploi et de la s\u00e9curit\u00e9 sociale, Mourad Zemali, a appel\u00e9 mardi \u00e0 Alger \u00e0 l&rsquo;imp\u00e9ratif de \u00ab\u00a0r\u00e9viser les m\u00e9thodes de gestion du syst\u00e8me de la s\u00e9curit\u00e9 sociale et organiser les ressources humaines en se focalisant sur un recouvrement plus large des cotisations\u00a0\u00bb, indiquant que la r\u00e9solution des probl\u00e8mes\" \/>\n<meta property=\"og:url\" content=\"https:\/\/www.info-algerie.com\/actualites\/appel-a-la-revision-des-mecanismes-de-gestion-du-systeme-de-la-securite-sociale\/\" \/>\n<meta property=\"og:site_name\" content=\"info algerie\" \/>\n<meta property=\"article:publisher\" content=\"https:\/\/www.facebook.com\/infoalgerieactu\" \/>\n<meta property=\"article:published_time\" content=\"2017-11-15T09:52:51+00:00\" \/>\n<meta property=\"og:image\" content=\"https:\/\/www.info-algerie.com\/actualites\/wp-content\/uploads\/2017\/11\/3b8465539c7775143cff19279c98caa1_S-1.jpg\" \/>\n\t<meta property=\"og:image:width\" content=\"280\" \/>\n\t<meta property=\"og:image:height\" content=\"169\" \/>\n\t<meta property=\"og:image:type\" content=\"image\/jpeg\" \/>\n<meta name=\"author\" content=\"La r\u00e9daction\" \/>\n<meta name=\"twitter:label1\" content=\"\u00c9crit par\" \/>\n\t<meta name=\"twitter:data1\" content=\"La r\u00e9daction\" \/>\n\t<meta name=\"twitter:label2\" content=\"Dur\u00e9e de lecture estim\u00e9e\" \/>\n\t<meta name=\"twitter:data2\" content=\"4 minutes\" \/>\n<script type=\"application\/ld+json\" class=\"yoast-schema-graph\">{\"@context\":\"https:\\\/\\\/schema.org\",\"@graph\":[{\"@type\":\"Article\",\"@id\":\"https:\\\/\\\/www.info-algerie.com\\\/actualites\\\/appel-a-la-revision-des-mecanismes-de-gestion-du-systeme-de-la-securite-sociale\\\/#article\",\"isPartOf\":{\"@id\":\"https:\\\/\\\/www.info-algerie.com\\\/actualites\\\/appel-a-la-revision-des-mecanismes-de-gestion-du-systeme-de-la-securite-sociale\\\/\"},\"author\":{\"name\":\"La r\u00e9daction\",\"@id\":\"https:\\\/\\\/www.info-algerie.com\\\/actualites\\\/#\\\/schema\\\/person\\\/847aaec44920825b843a08f30ec6aa1e\"},\"headline\":\"Appel \u00e0 la r\u00e9vision des m\u00e9canismes de gestion du syst\u00e8me de la s\u00e9curit\u00e9 sociale\",\"datePublished\":\"2017-11-15T09:52:51+00:00\",\"mainEntityOfPage\":{\"@id\":\"https:\\\/\\\/www.info-algerie.com\\\/actualites\\\/appel-a-la-revision-des-mecanismes-de-gestion-du-systeme-de-la-securite-sociale\\\/\"},\"wordCount\":768,\"commentCount\":0,\"publisher\":{\"@id\":\"https:\\\/\\\/www.info-algerie.com\\\/actualites\\\/#organization\"},\"image\":{\"@id\":\"https:\\\/\\\/www.info-algerie.com\\\/actualites\\\/appel-a-la-revision-des-mecanismes-de-gestion-du-systeme-de-la-securite-sociale\\\/#primaryimage\"},\"thumbnailUrl\":\"https:\\\/\\\/www.info-algerie.com\\\/actualites\\\/wp-content\\\/uploads\\\/2017\\\/11\\\/3b8465539c7775143cff19279c98caa1_S-1.jpg\",\"keywords\":[\"ONU\"],\"articleSection\":[\"infos\"],\"inLanguage\":\"fr-FR\",\"potentialAction\":[{\"@type\":\"CommentAction\",\"name\":\"Comment\",\"target\":[\"https:\\\/\\\/www.info-algerie.com\\\/actualites\\\/appel-a-la-revision-des-mecanismes-de-gestion-du-systeme-de-la-securite-sociale\\\/#respond\"]}]},{\"@type\":\"WebPage\",\"@id\":\"https:\\\/\\\/www.info-algerie.com\\\/actualites\\\/appel-a-la-revision-des-mecanismes-de-gestion-du-systeme-de-la-securite-sociale\\\/\",\"url\":\"https:\\\/\\\/www.info-algerie.com\\\/actualites\\\/appel-a-la-revision-des-mecanismes-de-gestion-du-systeme-de-la-securite-sociale\\\/\",\"name\":\"Appel \u00e0 la r\u00e9vision des m\u00e9canismes de gestion du syst\u00e8me de la s\u00e9curit\u00e9 sociale - info algerie\",\"isPartOf\":{\"@id\":\"https:\\\/\\\/www.info-algerie.com\\\/actualites\\\/#website\"},\"primaryImageOfPage\":{\"@id\":\"https:\\\/\\\/www.info-algerie.com\\\/actualites\\\/appel-a-la-revision-des-mecanismes-de-gestion-du-systeme-de-la-securite-sociale\\\/#primaryimage\"},\"image\":{\"@id\":\"https:\\\/\\\/www.info-algerie.com\\\/actualites\\\/appel-a-la-revision-des-mecanismes-de-gestion-du-systeme-de-la-securite-sociale\\\/#primaryimage\"},\"thumbnailUrl\":\"https:\\\/\\\/www.info-algerie.com\\\/actualites\\\/wp-content\\\/uploads\\\/2017\\\/11\\\/3b8465539c7775143cff19279c98caa1_S-1.jpg\",\"datePublished\":\"2017-11-15T09:52:51+00:00\",\"breadcrumb\":{\"@id\":\"https:\\\/\\\/www.info-algerie.com\\\/actualites\\\/appel-a-la-revision-des-mecanismes-de-gestion-du-systeme-de-la-securite-sociale\\\/#breadcrumb\"},\"inLanguage\":\"fr-FR\",\"potentialAction\":[{\"@type\":\"ReadAction\",\"target\":[\"https:\\\/\\\/www.info-algerie.com\\\/actualites\\\/appel-a-la-revision-des-mecanismes-de-gestion-du-systeme-de-la-securite-sociale\\\/\"]}]},{\"@type\":\"ImageObject\",\"inLanguage\":\"fr-FR\",\"@id\":\"https:\\\/\\\/www.info-algerie.com\\\/actualites\\\/appel-a-la-revision-des-mecanismes-de-gestion-du-systeme-de-la-securite-sociale\\\/#primaryimage\",\"url\":\"https:\\\/\\\/www.info-algerie.com\\\/actualites\\\/wp-content\\\/uploads\\\/2017\\\/11\\\/3b8465539c7775143cff19279c98caa1_S-1.jpg\",\"contentUrl\":\"https:\\\/\\\/www.info-algerie.com\\\/actualites\\\/wp-content\\\/uploads\\\/2017\\\/11\\\/3b8465539c7775143cff19279c98caa1_S-1.jpg\",\"width\":280,\"height\":169},{\"@type\":\"BreadcrumbList\",\"@id\":\"https:\\\/\\\/www.info-algerie.com\\\/actualites\\\/appel-a-la-revision-des-mecanismes-de-gestion-du-systeme-de-la-securite-sociale\\\/#breadcrumb\",\"itemListElement\":[{\"@type\":\"ListItem\",\"position\":1,\"name\":\"Accueil\",\"item\":\"https:\\\/\\\/www.info-algerie.com\\\/actualites\\\/\"},{\"@type\":\"ListItem\",\"position\":2,\"name\":\"Appel \u00e0 la r\u00e9vision des m\u00e9canismes de gestion du syst\u00e8me de la s\u00e9curit\u00e9 sociale\"}]},{\"@type\":\"WebSite\",\"@id\":\"https:\\\/\\\/www.info-algerie.com\\\/actualites\\\/#website\",\"url\":\"https:\\\/\\\/www.info-algerie.com\\\/actualites\\\/\",\"name\":\"info algerie\",\"description\":\"Toutes les actualit\u00e9s\",\"publisher\":{\"@id\":\"https:\\\/\\\/www.info-algerie.com\\\/actualites\\\/#organization\"},\"potentialAction\":[{\"@type\":\"SearchAction\",\"target\":{\"@type\":\"EntryPoint\",\"urlTemplate\":\"https:\\\/\\\/www.info-algerie.com\\\/actualites\\\/?s={search_term_string}\"},\"query-input\":{\"@type\":\"PropertyValueSpecification\",\"valueRequired\":true,\"valueName\":\"search_term_string\"}}],\"inLanguage\":\"fr-FR\"},{\"@type\":\"Organization\",\"@id\":\"https:\\\/\\\/www.info-algerie.com\\\/actualites\\\/#organization\",\"name\":\"info algerie\",\"url\":\"https:\\\/\\\/www.info-algerie.com\\\/actualites\\\/\",\"logo\":{\"@type\":\"ImageObject\",\"inLanguage\":\"fr-FR\",\"@id\":\"https:\\\/\\\/www.info-algerie.com\\\/actualites\\\/#\\\/schema\\\/logo\\\/image\\\/\",\"url\":\"https:\\\/\\\/www.info-algerie.com\\\/actualites\\\/wp-content\\\/uploads\\\/2022\\\/07\\\/logo-ia-120.png\",\"contentUrl\":\"https:\\\/\\\/www.info-algerie.com\\\/actualites\\\/wp-content\\\/uploads\\\/2022\\\/07\\\/logo-ia-120.png\",\"width\":120,\"height\":43,\"caption\":\"info algerie\"},\"image\":{\"@id\":\"https:\\\/\\\/www.info-algerie.com\\\/actualites\\\/#\\\/schema\\\/logo\\\/image\\\/\"},\"sameAs\":[\"https:\\\/\\\/www.facebook.com\\\/infoalgerieactu\",\"https:\\\/\\\/x.com\\\/infoalgerie1\"]},{\"@type\":\"Person\",\"@id\":\"https:\\\/\\\/www.info-algerie.com\\\/actualites\\\/#\\\/schema\\\/person\\\/847aaec44920825b843a08f30ec6aa1e\",\"name\":\"La r\u00e9daction\",\"image\":{\"@type\":\"ImageObject\",\"inLanguage\":\"fr-FR\",\"@id\":\"https:\\\/\\\/secure.gravatar.com\\\/avatar\\\/769db425c6f465158149f1ffd6cf61ce7a8a879d11dfbef8288af36dfddd418c?s=96&d=mm&r=g\",\"url\":\"https:\\\/\\\/secure.gravatar.com\\\/avatar\\\/769db425c6f465158149f1ffd6cf61ce7a8a879d11dfbef8288af36dfddd418c?s=96&d=mm&r=g\",\"contentUrl\":\"https:\\\/\\\/secure.gravatar.com\\\/avatar\\\/769db425c6f465158149f1ffd6cf61ce7a8a879d11dfbef8288af36dfddd418c?s=96&d=mm&r=g\",\"caption\":\"La r\u00e9daction\"},\"sameAs\":[\"http:\\\/\\\/www.lkeria.com\\\/\"],\"url\":\"https:\\\/\\\/www.info-algerie.com\\\/actualites\\\/author\\\/chakib32\\\/\"}]}<\/script>\n<!-- \/ Yoast SEO plugin. -->","yoast_head_json":{"title":"Appel \u00e0 la r\u00e9vision des m\u00e9canismes de gestion du syst\u00e8me de la s\u00e9curit\u00e9 sociale - info algerie","robots":{"index":"index","follow":"follow","max-snippet":"max-snippet:-1","max-image-preview":"max-image-preview:large","max-video-preview":"max-video-preview:-1"},"canonical":"https:\/\/www.info-algerie.com\/actualites\/appel-a-la-revision-des-mecanismes-de-gestion-du-systeme-de-la-securite-sociale\/","og_locale":"fr_FR","og_type":"article","og_title":"Appel \u00e0 la r\u00e9vision des m\u00e9canismes de gestion du syst\u00e8me de la s\u00e9curit\u00e9 sociale - info algerie","og_description":"ALGER &#8211; Le ministre du Travail, de l&#8217;emploi et de la s\u00e9curit\u00e9 sociale, Mourad Zemali, a appel\u00e9 mardi \u00e0 Alger \u00e0 l&rsquo;imp\u00e9ratif de \u00ab\u00a0r\u00e9viser les m\u00e9thodes de gestion du syst\u00e8me de la s\u00e9curit\u00e9 sociale et organiser les ressources humaines en se focalisant sur un recouvrement plus large des cotisations\u00a0\u00bb, indiquant que la r\u00e9solution des probl\u00e8mes","og_url":"https:\/\/www.info-algerie.com\/actualites\/appel-a-la-revision-des-mecanismes-de-gestion-du-systeme-de-la-securite-sociale\/","og_site_name":"info algerie","article_publisher":"https:\/\/www.facebook.com\/infoalgerieactu","article_published_time":"2017-11-15T09:52:51+00:00","og_image":[{"width":280,"height":169,"url":"https:\/\/www.info-algerie.com\/actualites\/wp-content\/uploads\/2017\/11\/3b8465539c7775143cff19279c98caa1_S-1.jpg","type":"image\/jpeg"}],"author":"La r\u00e9daction","twitter_misc":{"\u00c9crit par":"La r\u00e9daction","Dur\u00e9e de lecture estim\u00e9e":"4 minutes"},"schema":{"@context":"https:\/\/schema.org","@graph":[{"@type":"Article","@id":"https:\/\/www.info-algerie.com\/actualites\/appel-a-la-revision-des-mecanismes-de-gestion-du-systeme-de-la-securite-sociale\/#article","isPartOf":{"@id":"https:\/\/www.info-algerie.com\/actualites\/appel-a-la-revision-des-mecanismes-de-gestion-du-systeme-de-la-securite-sociale\/"},"author":{"name":"La r\u00e9daction","@id":"https:\/\/www.info-algerie.com\/actualites\/#\/schema\/person\/847aaec44920825b843a08f30ec6aa1e"},"headline":"Appel \u00e0 la r\u00e9vision des m\u00e9canismes de gestion du syst\u00e8me de la s\u00e9curit\u00e9 sociale","datePublished":"2017-11-15T09:52:51+00:00","mainEntityOfPage":{"@id":"https:\/\/www.info-algerie.com\/actualites\/appel-a-la-revision-des-mecanismes-de-gestion-du-systeme-de-la-securite-sociale\/"},"wordCount":768,"commentCount":0,"publisher":{"@id":"https:\/\/www.info-algerie.com\/actualites\/#organization"},"image":{"@id":"https:\/\/www.info-algerie.com\/actualites\/appel-a-la-revision-des-mecanismes-de-gestion-du-systeme-de-la-securite-sociale\/#primaryimage"},"thumbnailUrl":"https:\/\/www.info-algerie.com\/actualites\/wp-content\/uploads\/2017\/11\/3b8465539c7775143cff19279c98caa1_S-1.jpg","keywords":["ONU"],"articleSection":["infos"],"inLanguage":"fr-FR","potentialAction":[{"@type":"CommentAction","name":"Comment","target":["https:\/\/www.info-algerie.com\/actualites\/appel-a-la-revision-des-mecanismes-de-gestion-du-systeme-de-la-securite-sociale\/#respond"]}]},{"@type":"WebPage","@id":"https:\/\/www.info-algerie.com\/actualites\/appel-a-la-revision-des-mecanismes-de-gestion-du-systeme-de-la-securite-sociale\/","url":"https:\/\/www.info-algerie.com\/actualites\/appel-a-la-revision-des-mecanismes-de-gestion-du-systeme-de-la-securite-sociale\/","name":"Appel \u00e0 la r\u00e9vision des m\u00e9canismes de gestion du syst\u00e8me de la s\u00e9curit\u00e9 sociale - info algerie","isPartOf":{"@id":"https:\/\/www.info-algerie.com\/actualites\/#website"},"primaryImageOfPage":{"@id":"https:\/\/www.info-algerie.com\/actualites\/appel-a-la-revision-des-mecanismes-de-gestion-du-systeme-de-la-securite-sociale\/#primaryimage"},"image":{"@id":"https:\/\/www.info-algerie.com\/actualites\/appel-a-la-revision-des-mecanismes-de-gestion-du-systeme-de-la-securite-sociale\/#primaryimage"},"thumbnailUrl":"https:\/\/www.info-algerie.com\/actualites\/wp-content\/uploads\/2017\/11\/3b8465539c7775143cff19279c98caa1_S-1.jpg","datePublished":"2017-11-15T09:52:51+00:00","breadcrumb":{"@id":"https:\/\/www.info-algerie.com\/actualites\/appel-a-la-revision-des-mecanismes-de-gestion-du-systeme-de-la-securite-sociale\/#breadcrumb"},"inLanguage":"fr-FR","potentialAction":[{"@type":"ReadAction","target":["https:\/\/www.info-algerie.com\/actualites\/appel-a-la-revision-des-mecanismes-de-gestion-du-systeme-de-la-securite-sociale\/"]}]},{"@type":"ImageObject","inLanguage":"fr-FR","@id":"https:\/\/www.info-algerie.com\/actualites\/appel-a-la-revision-des-mecanismes-de-gestion-du-systeme-de-la-securite-sociale\/#primaryimage","url":"https:\/\/www.info-algerie.com\/actualites\/wp-content\/uploads\/2017\/11\/3b8465539c7775143cff19279c98caa1_S-1.jpg","contentUrl":"https:\/\/www.info-algerie.com\/actualites\/wp-content\/uploads\/2017\/11\/3b8465539c7775143cff19279c98caa1_S-1.jpg","width":280,"height":169},{"@type":"BreadcrumbList","@id":"https:\/\/www.info-algerie.com\/actualites\/appel-a-la-revision-des-mecanismes-de-gestion-du-systeme-de-la-securite-sociale\/#breadcrumb","itemListElement":[{"@type":"ListItem","position":1,"name":"Accueil","item":"https:\/\/www.info-algerie.com\/actualites\/"},{"@type":"ListItem","position":2,"name":"Appel \u00e0 la r\u00e9vision des m\u00e9canismes de gestion du syst\u00e8me de la s\u00e9curit\u00e9 sociale"}]},{"@type":"WebSite","@id":"https:\/\/www.info-algerie.com\/actualites\/#website","url":"https:\/\/www.info-algerie.com\/actualites\/","name":"info algerie","description":"Toutes les actualit\u00e9s","publisher":{"@id":"https:\/\/www.info-algerie.com\/actualites\/#organization"},"potentialAction":[{"@type":"SearchAction","target":{"@type":"EntryPoint","urlTemplate":"https:\/\/www.info-algerie.com\/actualites\/?s={search_term_string}"},"query-input":{"@type":"PropertyValueSpecification","valueRequired":true,"valueName":"search_term_string"}}],"inLanguage":"fr-FR"},{"@type":"Organization","@id":"https:\/\/www.info-algerie.com\/actualites\/#organization","name":"info algerie","url":"https:\/\/www.info-algerie.com\/actualites\/","logo":{"@type":"ImageObject","inLanguage":"fr-FR","@id":"https:\/\/www.info-algerie.com\/actualites\/#\/schema\/logo\/image\/","url":"https:\/\/www.info-algerie.com\/actualites\/wp-content\/uploads\/2022\/07\/logo-ia-120.png","contentUrl":"https:\/\/www.info-algerie.com\/actualites\/wp-content\/uploads\/2022\/07\/logo-ia-120.png","width":120,"height":43,"caption":"info algerie"},"image":{"@id":"https:\/\/www.info-algerie.com\/actualites\/#\/schema\/logo\/image\/"},"sameAs":["https:\/\/www.facebook.com\/infoalgerieactu","https:\/\/x.com\/infoalgerie1"]},{"@type":"Person","@id":"https:\/\/www.info-algerie.com\/actualites\/#\/schema\/person\/847aaec44920825b843a08f30ec6aa1e","name":"La r\u00e9daction","image":{"@type":"ImageObject","inLanguage":"fr-FR","@id":"https:\/\/secure.gravatar.com\/avatar\/769db425c6f465158149f1ffd6cf61ce7a8a879d11dfbef8288af36dfddd418c?s=96&d=mm&r=g","url":"https:\/\/secure.gravatar.com\/avatar\/769db425c6f465158149f1ffd6cf61ce7a8a879d11dfbef8288af36dfddd418c?s=96&d=mm&r=g","contentUrl":"https:\/\/secure.gravatar.com\/avatar\/769db425c6f465158149f1ffd6cf61ce7a8a879d11dfbef8288af36dfddd418c?s=96&d=mm&r=g","caption":"La r\u00e9daction"},"sameAs":["http:\/\/www.lkeria.com\/"],"url":"https:\/\/www.info-algerie.com\/actualites\/author\/chakib32\/"}]}},"_links":{"self":[{"href":"https:\/\/www.info-algerie.com\/actualites\/wp-json\/wp\/v2\/posts\/18030","targetHints":{"allow":["GET"]}}],"collection":[{"href":"https:\/\/www.info-algerie.com\/actualites\/wp-json\/wp\/v2\/posts"}],"about":[{"href":"https:\/\/www.info-algerie.com\/actualites\/wp-json\/wp\/v2\/types\/post"}],"author":[{"embeddable":true,"href":"https:\/\/www.info-algerie.com\/actualites\/wp-json\/wp\/v2\/users\/6"}],"replies":[{"embeddable":true,"href":"https:\/\/www.info-algerie.com\/actualites\/wp-json\/wp\/v2\/comments?post=18030"}],"version-history":[{"count":0,"href":"https:\/\/www.info-algerie.com\/actualites\/wp-json\/wp\/v2\/posts\/18030\/revisions"}],"wp:featuredmedia":[{"embeddable":true,"href":"https:\/\/www.info-algerie.com\/actualites\/wp-json\/wp\/v2\/media\/18031"}],"wp:attachment":[{"href":"https:\/\/www.info-algerie.com\/actualites\/wp-json\/wp\/v2\/media?parent=18030"}],"wp:term":[{"taxonomy":"category","embeddable":true,"href":"https:\/\/www.info-algerie.com\/actualites\/wp-json\/wp\/v2\/categories?post=18030"},{"taxonomy":"post_tag","embeddable":true,"href":"https:\/\/www.info-algerie.com\/actualites\/wp-json\/wp\/v2\/tags?post=18030"}],"curies":[{"name":"wp","href":"https:\/\/api.w.org\/{rel}","templated":true}]}}