{"id":18033,"date":"2017-11-15T10:46:32","date_gmt":"2017-11-15T09:46:32","guid":{"rendered":"http:\/\/www.info-algerie.com\/actualites\/locales-2017-belmahdi-plaide-a-adrar-pour-la-creation-dun-marche-economique-africain\/"},"modified":"2017-11-15T10:46:32","modified_gmt":"2017-11-15T09:46:32","slug":"locales-2017-belmahdi-plaide-a-adrar-pour-la-creation-dun-marche-economique-africain","status":"publish","type":"post","link":"https:\/\/www.info-algerie.com\/actualites\/locales-2017-belmahdi-plaide-a-adrar-pour-la-creation-dun-marche-economique-africain\/","title":{"rendered":"Locales 2017: Belmahdi plaide \u00e0 Adrar pour la cr\u00e9ation d\u2019un march\u00e9 \u00e9conomique africain"},"content":{"rendered":"<div class=\"K2FeedIntroText\">\n<p>ADRAR &#8211; Le pr\u00e9sident du Mouvement el Bina, Mustapha Belmahdi, a plaid\u00e9 mardi \u00e0 Adrar, pour la cr\u00e9ation d\u2019un \u00ab\u00a0march\u00e9 \u00e9conomique africain\u00a0\u00bb dans cette r\u00e9gion, pour contribuer \u00e0 la concr\u00e9tisation des besoins de d\u00e9veloppement.<\/p>\n<p>&#013;\n<\/p><\/div>\n<div class=\"K2FeedFullText\">&#013;<\/p>\n<p>Animant un meeting de campagne \u00e9lectorale pour les locales du 23 novembre, au profit de l\u2019Union Nahda-Bina-Adala, M.Belmahdi a indiqu\u00e9 que la cr\u00e9ation d\u2019un \u2018\u2018march\u00e9 \u00e9conomique africain\u2019\u2019 dans la r\u00e9gion d\u2019Adrar\u00a0 devra permettre de r\u00e9pondre \u00e0 des exigences de d\u00e9veloppement \u2018\u2018global\u2019\u2019, et de mettre en \u00e9chec les mouvements extr\u00e9mistes, le terrorisme et le crime organis\u00e9 transfrontalier.<\/p>\n<p>&#013;<\/p>\n<p>L\u2019orateur a, en outre, mis l\u2019accent sur la n\u00e9cessit\u00e9 de tenir compte des attentes des habitants du Sud en mati\u00e8re de d\u00e9veloppement \u2018\u2018\u00e9quitable\u2019\u2019 \u00a0et d\u2019att\u00e9nuer leurs \u2018\u2018difficiles\u2019\u2019 conditions de vie, avant d\u2019appeler \u00e0 veiller, dans la nouvelle Loi de Finances, \u00e0 la pr\u00e9servation du pouvoir d\u2019achat du citoyen pour r\u00e9tablir \u2018\u2018sa confiance\u2019\u2019 envers son Etat et le mobiliser pour faire face \u00e0 la crise en cette conjoncture \u2018\u2018d\u00e9licate\u2019\u2019.<\/p>\n<p>&#013;<\/p>\n<p>L\u2019histoire de la r\u00e9gion porte le t\u00e9moignage du g\u00e9nie de l\u2019homme qui a con\u00e7u le syst\u00e8me des Foggaras, a soulign\u00e9 le m\u00eame responsable partisan qui estime que ce g\u00e9nie des habitants de la r\u00e9gion, qui ont endur\u00e9 les affres du colonialisme dont les essais nucl\u00e9aires commis dans la r\u00e9gion, peut renaitre pour peu que les conditions n\u00e9cessaires lui soient r\u00e9unies.<\/p>\n<p>&#013;<\/p>\n<p>Adrar est aussi un centre de rayonnement religieux, dans son courant mod\u00e9r\u00e9 inspir\u00e9 du r\u00e9f\u00e9rentiel du d\u00e9funt Cheikh Sidi Mohamed Belkebir, a fait remarquer M.Belmahdi en appelant \u00e0 consolider ce r\u00e9f\u00e9rentiel et le valoriser dans l\u2019int\u00e9r\u00eat du pays.<\/p>\n<p>&#013;<\/p>\n<p class=\"MsoNormal\">Le pr\u00e9sident du MEN a indiqu\u00e9, au terme de son intervention, que les prochaines \u00e9lections constituent une opportunit\u00e9 pour construire un avenir radieux avec moins de risques, \u2018\u2018loin du sentiment de d\u00e9sespoir que\u00a0 certaines parties tentent de semer dans l\u2019esprit du peuple alg\u00e9rien\u2019\u2019.<\/p>\n<\/div>\n<p>&#013;<br \/>\nSource: <a href=\"http:\/\/www.aps.dz\/algerie\/65632-locales-2017-belmahdi-plaide-a-adrar-pour-la-creation-d-un-marche-economique-africain\" target=\"_blank\">Locales 2017: Belmahdi plaide \u00e0 Adrar pour la cr\u00e9ation d\u2019un march\u00e9 \u00e9conomique africain<\/a><\/p>\n<!--CusAds0-->\n<div style=\"font-size: 0px; height: 0px; line-height: 0px; margin: 0; padding: 0; clear: both;\"><\/div>","protected":false},"excerpt":{"rendered":"<p>ADRAR &#8211; Le pr\u00e9sident du Mouvement el Bina, Mustapha Belmahdi, a plaid\u00e9 mardi \u00e0 Adrar, pour la cr\u00e9ation d\u2019un \u00ab\u00a0march\u00e9 \u00e9conomique africain\u00a0\u00bb dans cette r\u00e9gion, pour contribuer \u00e0 la concr\u00e9tisation des besoins de d\u00e9veloppement. &#013; &#013; Animant un meeting de campagne \u00e9lectorale pour les locales du 23 novembre, au profit de l\u2019Union Nahda-Bina-Adala, M.Belmahdi a<\/p>\n","protected":false},"author":6,"featured_media":0,"comment_status":"open","ping_status":"open","sticky":false,"template":"","format":"standard","meta":{"footnotes":""},"categories":[22],"tags":[93],"class_list":["post-18033","post","type-post","status-publish","format-standard","hentry","category-infos","tag-onu"],"yoast_head":"<!-- This site is optimized with the Yoast SEO plugin v27.5 - https:\/\/yoast.com\/product\/yoast-seo-wordpress\/ -->\n<title>Locales 2017: Belmahdi plaide \u00e0 Adrar pour la cr\u00e9ation d\u2019un march\u00e9 \u00e9conomique africain - info algerie<\/title>\n<meta name=\"robots\" content=\"index, follow, max-snippet:-1, max-image-preview:large, max-video-preview:-1\" \/>\n<link rel=\"canonical\" href=\"https:\/\/www.info-algerie.com\/actualites\/locales-2017-belmahdi-plaide-a-adrar-pour-la-creation-dun-marche-economique-africain\/\" \/>\n<meta property=\"og:locale\" content=\"fr_FR\" \/>\n<meta property=\"og:type\" content=\"article\" \/>\n<meta property=\"og:title\" content=\"Locales 2017: Belmahdi plaide \u00e0 Adrar pour la cr\u00e9ation d\u2019un march\u00e9 \u00e9conomique africain - info algerie\" \/>\n<meta property=\"og:description\" content=\"ADRAR &#8211; Le pr\u00e9sident du Mouvement el Bina, Mustapha Belmahdi, a plaid\u00e9 mardi \u00e0 Adrar, pour la cr\u00e9ation d\u2019un \u00ab\u00a0march\u00e9 \u00e9conomique africain\u00a0\u00bb dans cette r\u00e9gion, pour contribuer \u00e0 la concr\u00e9tisation des besoins de d\u00e9veloppement. &#013; &#013; Animant un meeting de campagne \u00e9lectorale pour les locales du 23 novembre, au profit de l\u2019Union Nahda-Bina-Adala, M.Belmahdi a\" \/>\n<meta property=\"og:url\" content=\"https:\/\/www.info-algerie.com\/actualites\/locales-2017-belmahdi-plaide-a-adrar-pour-la-creation-dun-marche-economique-africain\/\" \/>\n<meta property=\"og:site_name\" content=\"info algerie\" \/>\n<meta property=\"article:publisher\" content=\"https:\/\/www.facebook.com\/infoalgerieactu\" \/>\n<meta property=\"article:published_time\" content=\"2017-11-15T09:46:32+00:00\" \/>\n<meta name=\"author\" content=\"La r\u00e9daction\" \/>\n<meta name=\"twitter:label1\" content=\"\u00c9crit par\" \/>\n\t<meta name=\"twitter:data1\" content=\"La r\u00e9daction\" \/>\n\t<meta name=\"twitter:label2\" content=\"Dur\u00e9e de lecture estim\u00e9e\" \/>\n\t<meta name=\"twitter:data2\" content=\"2 minutes\" \/>\n<script type=\"application\/ld+json\" class=\"yoast-schema-graph\">{\"@context\":\"https:\\\/\\\/schema.org\",\"@graph\":[{\"@type\":\"Article\",\"@id\":\"https:\\\/\\\/www.info-algerie.com\\\/actualites\\\/locales-2017-belmahdi-plaide-a-adrar-pour-la-creation-dun-marche-economique-africain\\\/#article\",\"isPartOf\":{\"@id\":\"https:\\\/\\\/www.info-algerie.com\\\/actualites\\\/locales-2017-belmahdi-plaide-a-adrar-pour-la-creation-dun-marche-economique-africain\\\/\"},\"author\":{\"name\":\"La r\u00e9daction\",\"@id\":\"https:\\\/\\\/www.info-algerie.com\\\/actualites\\\/#\\\/schema\\\/person\\\/847aaec44920825b843a08f30ec6aa1e\"},\"headline\":\"Locales 2017: Belmahdi plaide \u00e0 Adrar pour la cr\u00e9ation d\u2019un march\u00e9 \u00e9conomique africain\",\"datePublished\":\"2017-11-15T09:46:32+00:00\",\"mainEntityOfPage\":{\"@id\":\"https:\\\/\\\/www.info-algerie.com\\\/actualites\\\/locales-2017-belmahdi-plaide-a-adrar-pour-la-creation-dun-marche-economique-africain\\\/\"},\"wordCount\":373,\"commentCount\":0,\"publisher\":{\"@id\":\"https:\\\/\\\/www.info-algerie.com\\\/actualites\\\/#organization\"},\"keywords\":[\"ONU\"],\"articleSection\":[\"infos\"],\"inLanguage\":\"fr-FR\",\"potentialAction\":[{\"@type\":\"CommentAction\",\"name\":\"Comment\",\"target\":[\"https:\\\/\\\/www.info-algerie.com\\\/actualites\\\/locales-2017-belmahdi-plaide-a-adrar-pour-la-creation-dun-marche-economique-africain\\\/#respond\"]}]},{\"@type\":\"WebPage\",\"@id\":\"https:\\\/\\\/www.info-algerie.com\\\/actualites\\\/locales-2017-belmahdi-plaide-a-adrar-pour-la-creation-dun-marche-economique-africain\\\/\",\"url\":\"https:\\\/\\\/www.info-algerie.com\\\/actualites\\\/locales-2017-belmahdi-plaide-a-adrar-pour-la-creation-dun-marche-economique-africain\\\/\",\"name\":\"Locales 2017: Belmahdi plaide \u00e0 Adrar pour la cr\u00e9ation d\u2019un march\u00e9 \u00e9conomique africain - info algerie\",\"isPartOf\":{\"@id\":\"https:\\\/\\\/www.info-algerie.com\\\/actualites\\\/#website\"},\"datePublished\":\"2017-11-15T09:46:32+00:00\",\"breadcrumb\":{\"@id\":\"https:\\\/\\\/www.info-algerie.com\\\/actualites\\\/locales-2017-belmahdi-plaide-a-adrar-pour-la-creation-dun-marche-economique-africain\\\/#breadcrumb\"},\"inLanguage\":\"fr-FR\",\"potentialAction\":[{\"@type\":\"ReadAction\",\"target\":[\"https:\\\/\\\/www.info-algerie.com\\\/actualites\\\/locales-2017-belmahdi-plaide-a-adrar-pour-la-creation-dun-marche-economique-africain\\\/\"]}]},{\"@type\":\"BreadcrumbList\",\"@id\":\"https:\\\/\\\/www.info-algerie.com\\\/actualites\\\/locales-2017-belmahdi-plaide-a-adrar-pour-la-creation-dun-marche-economique-africain\\\/#breadcrumb\",\"itemListElement\":[{\"@type\":\"ListItem\",\"position\":1,\"name\":\"Accueil\",\"item\":\"https:\\\/\\\/www.info-algerie.com\\\/actualites\\\/\"},{\"@type\":\"ListItem\",\"position\":2,\"name\":\"Locales 2017: Belmahdi plaide \u00e0 Adrar pour la cr\u00e9ation d\u2019un march\u00e9 \u00e9conomique africain\"}]},{\"@type\":\"WebSite\",\"@id\":\"https:\\\/\\\/www.info-algerie.com\\\/actualites\\\/#website\",\"url\":\"https:\\\/\\\/www.info-algerie.com\\\/actualites\\\/\",\"name\":\"info algerie\",\"description\":\"Toutes les actualit\u00e9s\",\"publisher\":{\"@id\":\"https:\\\/\\\/www.info-algerie.com\\\/actualites\\\/#organization\"},\"potentialAction\":[{\"@type\":\"SearchAction\",\"target\":{\"@type\":\"EntryPoint\",\"urlTemplate\":\"https:\\\/\\\/www.info-algerie.com\\\/actualites\\\/?s={search_term_string}\"},\"query-input\":{\"@type\":\"PropertyValueSpecification\",\"valueRequired\":true,\"valueName\":\"search_term_string\"}}],\"inLanguage\":\"fr-FR\"},{\"@type\":\"Organization\",\"@id\":\"https:\\\/\\\/www.info-algerie.com\\\/actualites\\\/#organization\",\"name\":\"info algerie\",\"url\":\"https:\\\/\\\/www.info-algerie.com\\\/actualites\\\/\",\"logo\":{\"@type\":\"ImageObject\",\"inLanguage\":\"fr-FR\",\"@id\":\"https:\\\/\\\/www.info-algerie.com\\\/actualites\\\/#\\\/schema\\\/logo\\\/image\\\/\",\"url\":\"https:\\\/\\\/www.info-algerie.com\\\/actualites\\\/wp-content\\\/uploads\\\/2022\\\/07\\\/logo-ia-120.png\",\"contentUrl\":\"https:\\\/\\\/www.info-algerie.com\\\/actualites\\\/wp-content\\\/uploads\\\/2022\\\/07\\\/logo-ia-120.png\",\"width\":120,\"height\":43,\"caption\":\"info algerie\"},\"image\":{\"@id\":\"https:\\\/\\\/www.info-algerie.com\\\/actualites\\\/#\\\/schema\\\/logo\\\/image\\\/\"},\"sameAs\":[\"https:\\\/\\\/www.facebook.com\\\/infoalgerieactu\",\"https:\\\/\\\/x.com\\\/infoalgerie1\"]},{\"@type\":\"Person\",\"@id\":\"https:\\\/\\\/www.info-algerie.com\\\/actualites\\\/#\\\/schema\\\/person\\\/847aaec44920825b843a08f30ec6aa1e\",\"name\":\"La r\u00e9daction\",\"image\":{\"@type\":\"ImageObject\",\"inLanguage\":\"fr-FR\",\"@id\":\"https:\\\/\\\/secure.gravatar.com\\\/avatar\\\/769db425c6f465158149f1ffd6cf61ce7a8a879d11dfbef8288af36dfddd418c?s=96&d=mm&r=g\",\"url\":\"https:\\\/\\\/secure.gravatar.com\\\/avatar\\\/769db425c6f465158149f1ffd6cf61ce7a8a879d11dfbef8288af36dfddd418c?s=96&d=mm&r=g\",\"contentUrl\":\"https:\\\/\\\/secure.gravatar.com\\\/avatar\\\/769db425c6f465158149f1ffd6cf61ce7a8a879d11dfbef8288af36dfddd418c?s=96&d=mm&r=g\",\"caption\":\"La r\u00e9daction\"},\"sameAs\":[\"http:\\\/\\\/www.lkeria.com\\\/\"],\"url\":\"https:\\\/\\\/www.info-algerie.com\\\/actualites\\\/author\\\/chakib32\\\/\"}]}<\/script>\n<!-- \/ Yoast SEO plugin. -->","yoast_head_json":{"title":"Locales 2017: Belmahdi plaide \u00e0 Adrar pour la cr\u00e9ation d\u2019un march\u00e9 \u00e9conomique africain - info algerie","robots":{"index":"index","follow":"follow","max-snippet":"max-snippet:-1","max-image-preview":"max-image-preview:large","max-video-preview":"max-video-preview:-1"},"canonical":"https:\/\/www.info-algerie.com\/actualites\/locales-2017-belmahdi-plaide-a-adrar-pour-la-creation-dun-marche-economique-africain\/","og_locale":"fr_FR","og_type":"article","og_title":"Locales 2017: Belmahdi plaide \u00e0 Adrar pour la cr\u00e9ation d\u2019un march\u00e9 \u00e9conomique africain - info algerie","og_description":"ADRAR &#8211; Le pr\u00e9sident du Mouvement el Bina, Mustapha Belmahdi, a plaid\u00e9 mardi \u00e0 Adrar, pour la cr\u00e9ation d\u2019un \u00ab\u00a0march\u00e9 \u00e9conomique africain\u00a0\u00bb dans cette r\u00e9gion, pour contribuer \u00e0 la concr\u00e9tisation des besoins de d\u00e9veloppement. &#013; &#013; Animant un meeting de campagne \u00e9lectorale pour les locales du 23 novembre, au profit de l\u2019Union Nahda-Bina-Adala, M.Belmahdi a","og_url":"https:\/\/www.info-algerie.com\/actualites\/locales-2017-belmahdi-plaide-a-adrar-pour-la-creation-dun-marche-economique-africain\/","og_site_name":"info algerie","article_publisher":"https:\/\/www.facebook.com\/infoalgerieactu","article_published_time":"2017-11-15T09:46:32+00:00","author":"La r\u00e9daction","twitter_misc":{"\u00c9crit par":"La r\u00e9daction","Dur\u00e9e de lecture estim\u00e9e":"2 minutes"},"schema":{"@context":"https:\/\/schema.org","@graph":[{"@type":"Article","@id":"https:\/\/www.info-algerie.com\/actualites\/locales-2017-belmahdi-plaide-a-adrar-pour-la-creation-dun-marche-economique-africain\/#article","isPartOf":{"@id":"https:\/\/www.info-algerie.com\/actualites\/locales-2017-belmahdi-plaide-a-adrar-pour-la-creation-dun-marche-economique-africain\/"},"author":{"name":"La r\u00e9daction","@id":"https:\/\/www.info-algerie.com\/actualites\/#\/schema\/person\/847aaec44920825b843a08f30ec6aa1e"},"headline":"Locales 2017: Belmahdi plaide \u00e0 Adrar pour la cr\u00e9ation d\u2019un march\u00e9 \u00e9conomique africain","datePublished":"2017-11-15T09:46:32+00:00","mainEntityOfPage":{"@id":"https:\/\/www.info-algerie.com\/actualites\/locales-2017-belmahdi-plaide-a-adrar-pour-la-creation-dun-marche-economique-africain\/"},"wordCount":373,"commentCount":0,"publisher":{"@id":"https:\/\/www.info-algerie.com\/actualites\/#organization"},"keywords":["ONU"],"articleSection":["infos"],"inLanguage":"fr-FR","potentialAction":[{"@type":"CommentAction","name":"Comment","target":["https:\/\/www.info-algerie.com\/actualites\/locales-2017-belmahdi-plaide-a-adrar-pour-la-creation-dun-marche-economique-africain\/#respond"]}]},{"@type":"WebPage","@id":"https:\/\/www.info-algerie.com\/actualites\/locales-2017-belmahdi-plaide-a-adrar-pour-la-creation-dun-marche-economique-africain\/","url":"https:\/\/www.info-algerie.com\/actualites\/locales-2017-belmahdi-plaide-a-adrar-pour-la-creation-dun-marche-economique-africain\/","name":"Locales 2017: Belmahdi plaide \u00e0 Adrar pour la cr\u00e9ation d\u2019un march\u00e9 \u00e9conomique africain - info algerie","isPartOf":{"@id":"https:\/\/www.info-algerie.com\/actualites\/#website"},"datePublished":"2017-11-15T09:46:32+00:00","breadcrumb":{"@id":"https:\/\/www.info-algerie.com\/actualites\/locales-2017-belmahdi-plaide-a-adrar-pour-la-creation-dun-marche-economique-africain\/#breadcrumb"},"inLanguage":"fr-FR","potentialAction":[{"@type":"ReadAction","target":["https:\/\/www.info-algerie.com\/actualites\/locales-2017-belmahdi-plaide-a-adrar-pour-la-creation-dun-marche-economique-africain\/"]}]},{"@type":"BreadcrumbList","@id":"https:\/\/www.info-algerie.com\/actualites\/locales-2017-belmahdi-plaide-a-adrar-pour-la-creation-dun-marche-economique-africain\/#breadcrumb","itemListElement":[{"@type":"ListItem","position":1,"name":"Accueil","item":"https:\/\/www.info-algerie.com\/actualites\/"},{"@type":"ListItem","position":2,"name":"Locales 2017: Belmahdi plaide \u00e0 Adrar pour la cr\u00e9ation d\u2019un march\u00e9 \u00e9conomique africain"}]},{"@type":"WebSite","@id":"https:\/\/www.info-algerie.com\/actualites\/#website","url":"https:\/\/www.info-algerie.com\/actualites\/","name":"info algerie","description":"Toutes les actualit\u00e9s","publisher":{"@id":"https:\/\/www.info-algerie.com\/actualites\/#organization"},"potentialAction":[{"@type":"SearchAction","target":{"@type":"EntryPoint","urlTemplate":"https:\/\/www.info-algerie.com\/actualites\/?s={search_term_string}"},"query-input":{"@type":"PropertyValueSpecification","valueRequired":true,"valueName":"search_term_string"}}],"inLanguage":"fr-FR"},{"@type":"Organization","@id":"https:\/\/www.info-algerie.com\/actualites\/#organization","name":"info algerie","url":"https:\/\/www.info-algerie.com\/actualites\/","logo":{"@type":"ImageObject","inLanguage":"fr-FR","@id":"https:\/\/www.info-algerie.com\/actualites\/#\/schema\/logo\/image\/","url":"https:\/\/www.info-algerie.com\/actualites\/wp-content\/uploads\/2022\/07\/logo-ia-120.png","contentUrl":"https:\/\/www.info-algerie.com\/actualites\/wp-content\/uploads\/2022\/07\/logo-ia-120.png","width":120,"height":43,"caption":"info algerie"},"image":{"@id":"https:\/\/www.info-algerie.com\/actualites\/#\/schema\/logo\/image\/"},"sameAs":["https:\/\/www.facebook.com\/infoalgerieactu","https:\/\/x.com\/infoalgerie1"]},{"@type":"Person","@id":"https:\/\/www.info-algerie.com\/actualites\/#\/schema\/person\/847aaec44920825b843a08f30ec6aa1e","name":"La r\u00e9daction","image":{"@type":"ImageObject","inLanguage":"fr-FR","@id":"https:\/\/secure.gravatar.com\/avatar\/769db425c6f465158149f1ffd6cf61ce7a8a879d11dfbef8288af36dfddd418c?s=96&d=mm&r=g","url":"https:\/\/secure.gravatar.com\/avatar\/769db425c6f465158149f1ffd6cf61ce7a8a879d11dfbef8288af36dfddd418c?s=96&d=mm&r=g","contentUrl":"https:\/\/secure.gravatar.com\/avatar\/769db425c6f465158149f1ffd6cf61ce7a8a879d11dfbef8288af36dfddd418c?s=96&d=mm&r=g","caption":"La r\u00e9daction"},"sameAs":["http:\/\/www.lkeria.com\/"],"url":"https:\/\/www.info-algerie.com\/actualites\/author\/chakib32\/"}]}},"_links":{"self":[{"href":"https:\/\/www.info-algerie.com\/actualites\/wp-json\/wp\/v2\/posts\/18033","targetHints":{"allow":["GET"]}}],"collection":[{"href":"https:\/\/www.info-algerie.com\/actualites\/wp-json\/wp\/v2\/posts"}],"about":[{"href":"https:\/\/www.info-algerie.com\/actualites\/wp-json\/wp\/v2\/types\/post"}],"author":[{"embeddable":true,"href":"https:\/\/www.info-algerie.com\/actualites\/wp-json\/wp\/v2\/users\/6"}],"replies":[{"embeddable":true,"href":"https:\/\/www.info-algerie.com\/actualites\/wp-json\/wp\/v2\/comments?post=18033"}],"version-history":[{"count":0,"href":"https:\/\/www.info-algerie.com\/actualites\/wp-json\/wp\/v2\/posts\/18033\/revisions"}],"wp:attachment":[{"href":"https:\/\/www.info-algerie.com\/actualites\/wp-json\/wp\/v2\/media?parent=18033"}],"wp:term":[{"taxonomy":"category","embeddable":true,"href":"https:\/\/www.info-algerie.com\/actualites\/wp-json\/wp\/v2\/categories?post=18033"},{"taxonomy":"post_tag","embeddable":true,"href":"https:\/\/www.info-algerie.com\/actualites\/wp-json\/wp\/v2\/tags?post=18033"}],"curies":[{"name":"wp","href":"https:\/\/api.w.org\/{rel}","templated":true}]}}