{"id":18037,"date":"2017-11-15T12:17:13","date_gmt":"2017-11-15T11:17:13","guid":{"rendered":"http:\/\/www.info-algerie.com\/actualites\/algerie-pays-bas-appel-a-une-cooperation-entre-les-cours-des-comptes-des-deux-pays\/"},"modified":"2017-11-15T12:17:13","modified_gmt":"2017-11-15T11:17:13","slug":"algerie-pays-bas-appel-a-une-cooperation-entre-les-cours-des-comptes-des-deux-pays","status":"publish","type":"post","link":"https:\/\/www.info-algerie.com\/actualites\/algerie-pays-bas-appel-a-une-cooperation-entre-les-cours-des-comptes-des-deux-pays\/","title":{"rendered":"Alg\u00e9rie-Pays-Bas: appel \u00e0 une coop\u00e9ration entre les Cours des comptes des deux pays"},"content":{"rendered":"<div class=\"K2FeedImage\"><img decoding=\"async\" src=\"https:\/\/www.info-algerie.com\/actualites\/wp-content\/uploads\/2017\/11\/c40fea65bf8644ce406651b8657ae359_S.jpg\" alt=\"Alg&#xE9;rie-Pays-Bas: appel &#xE0; une coop&#xE9;ration entre les Cours des comptes des deux pays\" \/><\/div>\n<div class=\"K2FeedIntroText\">\n<p><strong>ALGER &#8211; Le pr\u00e9sident de la Commission de finances et du budget \u00e0 l&rsquo;Assembl\u00e9e populaire nationale (APN), Toufik Tor\u00e8che et la vice-pr\u00e9sidente de la Cour des comptes des Pays-Bas, Francine Giskes, se sont entretenus mardi sur l&rsquo;importance de l&rsquo;\u00e9change d&rsquo;exp\u00e9riences entre les Cours des comptes des deux pays, a indiqu\u00e9 un communiqu\u00e9 de l&rsquo;APN.<\/strong><\/p>\n<p>&#013;\n<\/p><\/div>\n<div class=\"K2FeedFullText\">&#013;<\/p>\n<p>Lors de la rencontre qui s&rsquo;est d\u00e9roul\u00e9e au si\u00e8ge de l&rsquo;APN en pr\u00e9sence du Secr\u00e9taire g\u00e9n\u00e9ral de la Cour des comptes, Mohamed Salim Ben Maarouf et de l&rsquo;ambassadeur des Pays-Bas \u00e0 Alger, Mme. Giskes a mis en avant\u00a0 \u00ab\u00a0l&rsquo;importance de l&rsquo;\u00e9change d&rsquo;exp\u00e9riences entre les Cours des comptes des deux pays, permettant \u00e0 ces deux institutions de consolider davantage les opportunit\u00e9s de coop\u00e9ration et l&rsquo;action commune en mati\u00e8re de contr\u00f4le des fonds publiques\u00a0\u00bb, a pr\u00e9cis\u00e9 la m\u00eame source.<\/p>\n<p>&#013;<\/p>\n<p>La responsable hollandaise a fait savoir que sa visite en Alg\u00e9rie s&rsquo;inscrivait dans le cadre de la concr\u00e9tisation du programme de partenariat entre la Cour des comptes hollandaise et celles des pays nord-africains et ceux du Moyen orient en vue de d\u00e9velopper l&rsquo;action et la performance des cours des comptes de ces pays\u00a0\u00bb. Mme. Giskes a pr\u00e9sent\u00e9 un aper\u00e7u sur la relation entre la Cour des comptes de son pays et la Commission de finances du parlement hollandais.<\/p>\n<p>&#013;<\/p>\n<p>Pour sa part, le pr\u00e9sident de la Commission des finances et du budget a pr\u00e9cis\u00e9 que la Cour des comptes en Alg\u00e9rie, \u00e9tant un des principaux dispositifs de contr\u00f4le des d\u00e9penses publiques,\u00a0 jouait un r\u00f4le essentiel dans la protection de l&rsquo;\u00e9conomie nationale, soulignant \u00ab\u00a0l&rsquo;importance de l&rsquo;\u00e9troite collaboration entre la Cour des comptes et les organes parlementaires \u00e0 m\u00eame de r\u00e9duire le foss\u00e9 entre les politiques et les d\u00e9penses, particuli\u00e8rement en mati\u00e8re de d\u00e9pense budg\u00e9taires, de contr\u00f4le des d\u00e9penses publiques et de lutte contre la mauvaise gestion financi\u00e8re\u00a0\u00bb.<\/p>\n<p>&#013;<\/p>\n<p>De son c\u00f4t\u00e9, M. Tor\u00e8che a pr\u00e9sent\u00e9 un expos\u00e9 sur \u00ab\u00a0la relation entre la Cour des comptes alg\u00e9rienne et la Commission des finances et du budget de l&rsquo;APN\u00a0\u00bb, mettant en avant que la nouvelle Constitution avait accord\u00e9\u00a0 davantage d&rsquo;importance \u00e0 cette institution, tenue \u00e0 pr\u00e9senter un rapport annuel au pr\u00e9sident de la R\u00e9publique ainsi qu&rsquo;aux pr\u00e9sidents des deux chambres du Parlement\u00a0\u00bb.<\/p>\n<p>&#013;<\/p>\n<p class=\"MsoNormal\">La rencontre a constitu\u00e9 une opportunit\u00e9 de mettre en exergue les potentiels \u00e9conomiques que rec\u00e8lent les deux pays et d&rsquo;aborder les moyens d&rsquo;encourager les investissements des deux c\u00f4t\u00e9s\u00a0\u00bb, conclut le communiqu\u00e9.<\/p>\n<\/div>\n<p>&#013;<br \/>\nSource: <a href=\"http:\/\/www.aps.dz\/algerie\/65647-algerie-pays-bas-appel-a-une-cooperation-entre-les-cours-des-comptes-des-deux-pays\" target=\"_blank\">Alg\u00e9rie-Pays-Bas: appel \u00e0 une coop\u00e9ration entre les Cours des comptes des deux pays<\/a><\/p>\n<!--CusAds0-->\n<div style=\"font-size: 0px; height: 0px; line-height: 0px; margin: 0; padding: 0; clear: both;\"><\/div>","protected":false},"excerpt":{"rendered":"<p>ALGER &#8211; Le pr\u00e9sident de la Commission de finances et du budget \u00e0 l&rsquo;Assembl\u00e9e populaire nationale (APN), Toufik Tor\u00e8che et la vice-pr\u00e9sidente de la Cour des comptes des Pays-Bas, Francine Giskes, se sont entretenus mardi sur l&rsquo;importance de l&rsquo;\u00e9change d&rsquo;exp\u00e9riences entre les Cours des comptes des deux pays, a indiqu\u00e9 un communiqu\u00e9 de l&rsquo;APN. &#013;<\/p>\n","protected":false},"author":6,"featured_media":18038,"comment_status":"open","ping_status":"open","sticky":false,"template":"","format":"standard","meta":{"footnotes":""},"categories":[22],"tags":[93],"class_list":["post-18037","post","type-post","status-publish","format-standard","has-post-thumbnail","hentry","category-infos","tag-onu"],"yoast_head":"<!-- This site is optimized with the Yoast SEO plugin v27.4 - https:\/\/yoast.com\/product\/yoast-seo-wordpress\/ -->\n<title>Alg\u00e9rie-Pays-Bas: appel \u00e0 une coop\u00e9ration entre les Cours des comptes des deux pays - info algerie<\/title>\n<meta name=\"robots\" content=\"index, follow, max-snippet:-1, max-image-preview:large, max-video-preview:-1\" \/>\n<link rel=\"canonical\" href=\"https:\/\/www.info-algerie.com\/actualites\/algerie-pays-bas-appel-a-une-cooperation-entre-les-cours-des-comptes-des-deux-pays\/\" \/>\n<meta property=\"og:locale\" content=\"fr_FR\" \/>\n<meta property=\"og:type\" content=\"article\" \/>\n<meta property=\"og:title\" content=\"Alg\u00e9rie-Pays-Bas: appel \u00e0 une coop\u00e9ration entre les Cours des comptes des deux pays - info algerie\" \/>\n<meta property=\"og:description\" content=\"ALGER &#8211; Le pr\u00e9sident de la Commission de finances et du budget \u00e0 l&rsquo;Assembl\u00e9e populaire nationale (APN), Toufik Tor\u00e8che et la vice-pr\u00e9sidente de la Cour des comptes des Pays-Bas, Francine Giskes, se sont entretenus mardi sur l&rsquo;importance de l&rsquo;\u00e9change d&rsquo;exp\u00e9riences entre les Cours des comptes des deux pays, a indiqu\u00e9 un communiqu\u00e9 de l&rsquo;APN. &#013;\" \/>\n<meta property=\"og:url\" content=\"https:\/\/www.info-algerie.com\/actualites\/algerie-pays-bas-appel-a-une-cooperation-entre-les-cours-des-comptes-des-deux-pays\/\" \/>\n<meta property=\"og:site_name\" content=\"info algerie\" \/>\n<meta property=\"article:publisher\" content=\"https:\/\/www.facebook.com\/infoalgerieactu\" \/>\n<meta property=\"article:published_time\" content=\"2017-11-15T11:17:13+00:00\" \/>\n<meta property=\"og:image\" content=\"https:\/\/www.info-algerie.com\/actualites\/wp-content\/uploads\/2017\/11\/c40fea65bf8644ce406651b8657ae359_S-1.jpg\" \/>\n\t<meta property=\"og:image:width\" content=\"280\" \/>\n\t<meta property=\"og:image:height\" content=\"169\" \/>\n\t<meta property=\"og:image:type\" content=\"image\/jpeg\" \/>\n<meta name=\"author\" content=\"La r\u00e9daction\" \/>\n<meta name=\"twitter:label1\" content=\"\u00c9crit par\" \/>\n\t<meta name=\"twitter:data1\" content=\"La r\u00e9daction\" \/>\n\t<meta name=\"twitter:label2\" content=\"Dur\u00e9e de lecture estim\u00e9e\" \/>\n\t<meta name=\"twitter:data2\" content=\"2 minutes\" \/>\n<script type=\"application\/ld+json\" class=\"yoast-schema-graph\">{\"@context\":\"https:\\\/\\\/schema.org\",\"@graph\":[{\"@type\":\"Article\",\"@id\":\"https:\\\/\\\/www.info-algerie.com\\\/actualites\\\/algerie-pays-bas-appel-a-une-cooperation-entre-les-cours-des-comptes-des-deux-pays\\\/#article\",\"isPartOf\":{\"@id\":\"https:\\\/\\\/www.info-algerie.com\\\/actualites\\\/algerie-pays-bas-appel-a-une-cooperation-entre-les-cours-des-comptes-des-deux-pays\\\/\"},\"author\":{\"name\":\"La r\u00e9daction\",\"@id\":\"https:\\\/\\\/www.info-algerie.com\\\/actualites\\\/#\\\/schema\\\/person\\\/847aaec44920825b843a08f30ec6aa1e\"},\"headline\":\"Alg\u00e9rie-Pays-Bas: appel \u00e0 une coop\u00e9ration entre les Cours des comptes des deux pays\",\"datePublished\":\"2017-11-15T11:17:13+00:00\",\"mainEntityOfPage\":{\"@id\":\"https:\\\/\\\/www.info-algerie.com\\\/actualites\\\/algerie-pays-bas-appel-a-une-cooperation-entre-les-cours-des-comptes-des-deux-pays\\\/\"},\"wordCount\":484,\"commentCount\":0,\"publisher\":{\"@id\":\"https:\\\/\\\/www.info-algerie.com\\\/actualites\\\/#organization\"},\"image\":{\"@id\":\"https:\\\/\\\/www.info-algerie.com\\\/actualites\\\/algerie-pays-bas-appel-a-une-cooperation-entre-les-cours-des-comptes-des-deux-pays\\\/#primaryimage\"},\"thumbnailUrl\":\"https:\\\/\\\/www.info-algerie.com\\\/actualites\\\/wp-content\\\/uploads\\\/2017\\\/11\\\/c40fea65bf8644ce406651b8657ae359_S-1.jpg\",\"keywords\":[\"ONU\"],\"articleSection\":[\"infos\"],\"inLanguage\":\"fr-FR\",\"potentialAction\":[{\"@type\":\"CommentAction\",\"name\":\"Comment\",\"target\":[\"https:\\\/\\\/www.info-algerie.com\\\/actualites\\\/algerie-pays-bas-appel-a-une-cooperation-entre-les-cours-des-comptes-des-deux-pays\\\/#respond\"]}]},{\"@type\":\"WebPage\",\"@id\":\"https:\\\/\\\/www.info-algerie.com\\\/actualites\\\/algerie-pays-bas-appel-a-une-cooperation-entre-les-cours-des-comptes-des-deux-pays\\\/\",\"url\":\"https:\\\/\\\/www.info-algerie.com\\\/actualites\\\/algerie-pays-bas-appel-a-une-cooperation-entre-les-cours-des-comptes-des-deux-pays\\\/\",\"name\":\"Alg\u00e9rie-Pays-Bas: appel \u00e0 une coop\u00e9ration entre les Cours des comptes des deux pays - info algerie\",\"isPartOf\":{\"@id\":\"https:\\\/\\\/www.info-algerie.com\\\/actualites\\\/#website\"},\"primaryImageOfPage\":{\"@id\":\"https:\\\/\\\/www.info-algerie.com\\\/actualites\\\/algerie-pays-bas-appel-a-une-cooperation-entre-les-cours-des-comptes-des-deux-pays\\\/#primaryimage\"},\"image\":{\"@id\":\"https:\\\/\\\/www.info-algerie.com\\\/actualites\\\/algerie-pays-bas-appel-a-une-cooperation-entre-les-cours-des-comptes-des-deux-pays\\\/#primaryimage\"},\"thumbnailUrl\":\"https:\\\/\\\/www.info-algerie.com\\\/actualites\\\/wp-content\\\/uploads\\\/2017\\\/11\\\/c40fea65bf8644ce406651b8657ae359_S-1.jpg\",\"datePublished\":\"2017-11-15T11:17:13+00:00\",\"breadcrumb\":{\"@id\":\"https:\\\/\\\/www.info-algerie.com\\\/actualites\\\/algerie-pays-bas-appel-a-une-cooperation-entre-les-cours-des-comptes-des-deux-pays\\\/#breadcrumb\"},\"inLanguage\":\"fr-FR\",\"potentialAction\":[{\"@type\":\"ReadAction\",\"target\":[\"https:\\\/\\\/www.info-algerie.com\\\/actualites\\\/algerie-pays-bas-appel-a-une-cooperation-entre-les-cours-des-comptes-des-deux-pays\\\/\"]}]},{\"@type\":\"ImageObject\",\"inLanguage\":\"fr-FR\",\"@id\":\"https:\\\/\\\/www.info-algerie.com\\\/actualites\\\/algerie-pays-bas-appel-a-une-cooperation-entre-les-cours-des-comptes-des-deux-pays\\\/#primaryimage\",\"url\":\"https:\\\/\\\/www.info-algerie.com\\\/actualites\\\/wp-content\\\/uploads\\\/2017\\\/11\\\/c40fea65bf8644ce406651b8657ae359_S-1.jpg\",\"contentUrl\":\"https:\\\/\\\/www.info-algerie.com\\\/actualites\\\/wp-content\\\/uploads\\\/2017\\\/11\\\/c40fea65bf8644ce406651b8657ae359_S-1.jpg\",\"width\":280,\"height\":169},{\"@type\":\"BreadcrumbList\",\"@id\":\"https:\\\/\\\/www.info-algerie.com\\\/actualites\\\/algerie-pays-bas-appel-a-une-cooperation-entre-les-cours-des-comptes-des-deux-pays\\\/#breadcrumb\",\"itemListElement\":[{\"@type\":\"ListItem\",\"position\":1,\"name\":\"Accueil\",\"item\":\"https:\\\/\\\/www.info-algerie.com\\\/actualites\\\/\"},{\"@type\":\"ListItem\",\"position\":2,\"name\":\"Alg\u00e9rie-Pays-Bas: appel \u00e0 une coop\u00e9ration entre les Cours des comptes des deux pays\"}]},{\"@type\":\"WebSite\",\"@id\":\"https:\\\/\\\/www.info-algerie.com\\\/actualites\\\/#website\",\"url\":\"https:\\\/\\\/www.info-algerie.com\\\/actualites\\\/\",\"name\":\"info algerie\",\"description\":\"Toutes les actualit\u00e9s\",\"publisher\":{\"@id\":\"https:\\\/\\\/www.info-algerie.com\\\/actualites\\\/#organization\"},\"potentialAction\":[{\"@type\":\"SearchAction\",\"target\":{\"@type\":\"EntryPoint\",\"urlTemplate\":\"https:\\\/\\\/www.info-algerie.com\\\/actualites\\\/?s={search_term_string}\"},\"query-input\":{\"@type\":\"PropertyValueSpecification\",\"valueRequired\":true,\"valueName\":\"search_term_string\"}}],\"inLanguage\":\"fr-FR\"},{\"@type\":\"Organization\",\"@id\":\"https:\\\/\\\/www.info-algerie.com\\\/actualites\\\/#organization\",\"name\":\"info algerie\",\"url\":\"https:\\\/\\\/www.info-algerie.com\\\/actualites\\\/\",\"logo\":{\"@type\":\"ImageObject\",\"inLanguage\":\"fr-FR\",\"@id\":\"https:\\\/\\\/www.info-algerie.com\\\/actualites\\\/#\\\/schema\\\/logo\\\/image\\\/\",\"url\":\"https:\\\/\\\/www.info-algerie.com\\\/actualites\\\/wp-content\\\/uploads\\\/2022\\\/07\\\/logo-ia-120.png\",\"contentUrl\":\"https:\\\/\\\/www.info-algerie.com\\\/actualites\\\/wp-content\\\/uploads\\\/2022\\\/07\\\/logo-ia-120.png\",\"width\":120,\"height\":43,\"caption\":\"info algerie\"},\"image\":{\"@id\":\"https:\\\/\\\/www.info-algerie.com\\\/actualites\\\/#\\\/schema\\\/logo\\\/image\\\/\"},\"sameAs\":[\"https:\\\/\\\/www.facebook.com\\\/infoalgerieactu\",\"https:\\\/\\\/x.com\\\/infoalgerie1\"]},{\"@type\":\"Person\",\"@id\":\"https:\\\/\\\/www.info-algerie.com\\\/actualites\\\/#\\\/schema\\\/person\\\/847aaec44920825b843a08f30ec6aa1e\",\"name\":\"La r\u00e9daction\",\"image\":{\"@type\":\"ImageObject\",\"inLanguage\":\"fr-FR\",\"@id\":\"https:\\\/\\\/secure.gravatar.com\\\/avatar\\\/769db425c6f465158149f1ffd6cf61ce7a8a879d11dfbef8288af36dfddd418c?s=96&d=mm&r=g\",\"url\":\"https:\\\/\\\/secure.gravatar.com\\\/avatar\\\/769db425c6f465158149f1ffd6cf61ce7a8a879d11dfbef8288af36dfddd418c?s=96&d=mm&r=g\",\"contentUrl\":\"https:\\\/\\\/secure.gravatar.com\\\/avatar\\\/769db425c6f465158149f1ffd6cf61ce7a8a879d11dfbef8288af36dfddd418c?s=96&d=mm&r=g\",\"caption\":\"La r\u00e9daction\"},\"sameAs\":[\"http:\\\/\\\/www.lkeria.com\\\/\"],\"url\":\"https:\\\/\\\/www.info-algerie.com\\\/actualites\\\/author\\\/chakib32\\\/\"}]}<\/script>\n<!-- \/ Yoast SEO plugin. -->","yoast_head_json":{"title":"Alg\u00e9rie-Pays-Bas: appel \u00e0 une coop\u00e9ration entre les Cours des comptes des deux pays - info algerie","robots":{"index":"index","follow":"follow","max-snippet":"max-snippet:-1","max-image-preview":"max-image-preview:large","max-video-preview":"max-video-preview:-1"},"canonical":"https:\/\/www.info-algerie.com\/actualites\/algerie-pays-bas-appel-a-une-cooperation-entre-les-cours-des-comptes-des-deux-pays\/","og_locale":"fr_FR","og_type":"article","og_title":"Alg\u00e9rie-Pays-Bas: appel \u00e0 une coop\u00e9ration entre les Cours des comptes des deux pays - info algerie","og_description":"ALGER &#8211; Le pr\u00e9sident de la Commission de finances et du budget \u00e0 l&rsquo;Assembl\u00e9e populaire nationale (APN), Toufik Tor\u00e8che et la vice-pr\u00e9sidente de la Cour des comptes des Pays-Bas, Francine Giskes, se sont entretenus mardi sur l&rsquo;importance de l&rsquo;\u00e9change d&rsquo;exp\u00e9riences entre les Cours des comptes des deux pays, a indiqu\u00e9 un communiqu\u00e9 de l&rsquo;APN. &#013;","og_url":"https:\/\/www.info-algerie.com\/actualites\/algerie-pays-bas-appel-a-une-cooperation-entre-les-cours-des-comptes-des-deux-pays\/","og_site_name":"info algerie","article_publisher":"https:\/\/www.facebook.com\/infoalgerieactu","article_published_time":"2017-11-15T11:17:13+00:00","og_image":[{"width":280,"height":169,"url":"https:\/\/www.info-algerie.com\/actualites\/wp-content\/uploads\/2017\/11\/c40fea65bf8644ce406651b8657ae359_S-1.jpg","type":"image\/jpeg"}],"author":"La r\u00e9daction","twitter_misc":{"\u00c9crit par":"La r\u00e9daction","Dur\u00e9e de lecture estim\u00e9e":"2 minutes"},"schema":{"@context":"https:\/\/schema.org","@graph":[{"@type":"Article","@id":"https:\/\/www.info-algerie.com\/actualites\/algerie-pays-bas-appel-a-une-cooperation-entre-les-cours-des-comptes-des-deux-pays\/#article","isPartOf":{"@id":"https:\/\/www.info-algerie.com\/actualites\/algerie-pays-bas-appel-a-une-cooperation-entre-les-cours-des-comptes-des-deux-pays\/"},"author":{"name":"La r\u00e9daction","@id":"https:\/\/www.info-algerie.com\/actualites\/#\/schema\/person\/847aaec44920825b843a08f30ec6aa1e"},"headline":"Alg\u00e9rie-Pays-Bas: appel \u00e0 une coop\u00e9ration entre les Cours des comptes des deux pays","datePublished":"2017-11-15T11:17:13+00:00","mainEntityOfPage":{"@id":"https:\/\/www.info-algerie.com\/actualites\/algerie-pays-bas-appel-a-une-cooperation-entre-les-cours-des-comptes-des-deux-pays\/"},"wordCount":484,"commentCount":0,"publisher":{"@id":"https:\/\/www.info-algerie.com\/actualites\/#organization"},"image":{"@id":"https:\/\/www.info-algerie.com\/actualites\/algerie-pays-bas-appel-a-une-cooperation-entre-les-cours-des-comptes-des-deux-pays\/#primaryimage"},"thumbnailUrl":"https:\/\/www.info-algerie.com\/actualites\/wp-content\/uploads\/2017\/11\/c40fea65bf8644ce406651b8657ae359_S-1.jpg","keywords":["ONU"],"articleSection":["infos"],"inLanguage":"fr-FR","potentialAction":[{"@type":"CommentAction","name":"Comment","target":["https:\/\/www.info-algerie.com\/actualites\/algerie-pays-bas-appel-a-une-cooperation-entre-les-cours-des-comptes-des-deux-pays\/#respond"]}]},{"@type":"WebPage","@id":"https:\/\/www.info-algerie.com\/actualites\/algerie-pays-bas-appel-a-une-cooperation-entre-les-cours-des-comptes-des-deux-pays\/","url":"https:\/\/www.info-algerie.com\/actualites\/algerie-pays-bas-appel-a-une-cooperation-entre-les-cours-des-comptes-des-deux-pays\/","name":"Alg\u00e9rie-Pays-Bas: appel \u00e0 une coop\u00e9ration entre les Cours des comptes des deux pays - info algerie","isPartOf":{"@id":"https:\/\/www.info-algerie.com\/actualites\/#website"},"primaryImageOfPage":{"@id":"https:\/\/www.info-algerie.com\/actualites\/algerie-pays-bas-appel-a-une-cooperation-entre-les-cours-des-comptes-des-deux-pays\/#primaryimage"},"image":{"@id":"https:\/\/www.info-algerie.com\/actualites\/algerie-pays-bas-appel-a-une-cooperation-entre-les-cours-des-comptes-des-deux-pays\/#primaryimage"},"thumbnailUrl":"https:\/\/www.info-algerie.com\/actualites\/wp-content\/uploads\/2017\/11\/c40fea65bf8644ce406651b8657ae359_S-1.jpg","datePublished":"2017-11-15T11:17:13+00:00","breadcrumb":{"@id":"https:\/\/www.info-algerie.com\/actualites\/algerie-pays-bas-appel-a-une-cooperation-entre-les-cours-des-comptes-des-deux-pays\/#breadcrumb"},"inLanguage":"fr-FR","potentialAction":[{"@type":"ReadAction","target":["https:\/\/www.info-algerie.com\/actualites\/algerie-pays-bas-appel-a-une-cooperation-entre-les-cours-des-comptes-des-deux-pays\/"]}]},{"@type":"ImageObject","inLanguage":"fr-FR","@id":"https:\/\/www.info-algerie.com\/actualites\/algerie-pays-bas-appel-a-une-cooperation-entre-les-cours-des-comptes-des-deux-pays\/#primaryimage","url":"https:\/\/www.info-algerie.com\/actualites\/wp-content\/uploads\/2017\/11\/c40fea65bf8644ce406651b8657ae359_S-1.jpg","contentUrl":"https:\/\/www.info-algerie.com\/actualites\/wp-content\/uploads\/2017\/11\/c40fea65bf8644ce406651b8657ae359_S-1.jpg","width":280,"height":169},{"@type":"BreadcrumbList","@id":"https:\/\/www.info-algerie.com\/actualites\/algerie-pays-bas-appel-a-une-cooperation-entre-les-cours-des-comptes-des-deux-pays\/#breadcrumb","itemListElement":[{"@type":"ListItem","position":1,"name":"Accueil","item":"https:\/\/www.info-algerie.com\/actualites\/"},{"@type":"ListItem","position":2,"name":"Alg\u00e9rie-Pays-Bas: appel \u00e0 une coop\u00e9ration entre les Cours des comptes des deux pays"}]},{"@type":"WebSite","@id":"https:\/\/www.info-algerie.com\/actualites\/#website","url":"https:\/\/www.info-algerie.com\/actualites\/","name":"info algerie","description":"Toutes les actualit\u00e9s","publisher":{"@id":"https:\/\/www.info-algerie.com\/actualites\/#organization"},"potentialAction":[{"@type":"SearchAction","target":{"@type":"EntryPoint","urlTemplate":"https:\/\/www.info-algerie.com\/actualites\/?s={search_term_string}"},"query-input":{"@type":"PropertyValueSpecification","valueRequired":true,"valueName":"search_term_string"}}],"inLanguage":"fr-FR"},{"@type":"Organization","@id":"https:\/\/www.info-algerie.com\/actualites\/#organization","name":"info algerie","url":"https:\/\/www.info-algerie.com\/actualites\/","logo":{"@type":"ImageObject","inLanguage":"fr-FR","@id":"https:\/\/www.info-algerie.com\/actualites\/#\/schema\/logo\/image\/","url":"https:\/\/www.info-algerie.com\/actualites\/wp-content\/uploads\/2022\/07\/logo-ia-120.png","contentUrl":"https:\/\/www.info-algerie.com\/actualites\/wp-content\/uploads\/2022\/07\/logo-ia-120.png","width":120,"height":43,"caption":"info algerie"},"image":{"@id":"https:\/\/www.info-algerie.com\/actualites\/#\/schema\/logo\/image\/"},"sameAs":["https:\/\/www.facebook.com\/infoalgerieactu","https:\/\/x.com\/infoalgerie1"]},{"@type":"Person","@id":"https:\/\/www.info-algerie.com\/actualites\/#\/schema\/person\/847aaec44920825b843a08f30ec6aa1e","name":"La r\u00e9daction","image":{"@type":"ImageObject","inLanguage":"fr-FR","@id":"https:\/\/secure.gravatar.com\/avatar\/769db425c6f465158149f1ffd6cf61ce7a8a879d11dfbef8288af36dfddd418c?s=96&d=mm&r=g","url":"https:\/\/secure.gravatar.com\/avatar\/769db425c6f465158149f1ffd6cf61ce7a8a879d11dfbef8288af36dfddd418c?s=96&d=mm&r=g","contentUrl":"https:\/\/secure.gravatar.com\/avatar\/769db425c6f465158149f1ffd6cf61ce7a8a879d11dfbef8288af36dfddd418c?s=96&d=mm&r=g","caption":"La r\u00e9daction"},"sameAs":["http:\/\/www.lkeria.com\/"],"url":"https:\/\/www.info-algerie.com\/actualites\/author\/chakib32\/"}]}},"_links":{"self":[{"href":"https:\/\/www.info-algerie.com\/actualites\/wp-json\/wp\/v2\/posts\/18037","targetHints":{"allow":["GET"]}}],"collection":[{"href":"https:\/\/www.info-algerie.com\/actualites\/wp-json\/wp\/v2\/posts"}],"about":[{"href":"https:\/\/www.info-algerie.com\/actualites\/wp-json\/wp\/v2\/types\/post"}],"author":[{"embeddable":true,"href":"https:\/\/www.info-algerie.com\/actualites\/wp-json\/wp\/v2\/users\/6"}],"replies":[{"embeddable":true,"href":"https:\/\/www.info-algerie.com\/actualites\/wp-json\/wp\/v2\/comments?post=18037"}],"version-history":[{"count":0,"href":"https:\/\/www.info-algerie.com\/actualites\/wp-json\/wp\/v2\/posts\/18037\/revisions"}],"wp:featuredmedia":[{"embeddable":true,"href":"https:\/\/www.info-algerie.com\/actualites\/wp-json\/wp\/v2\/media\/18038"}],"wp:attachment":[{"href":"https:\/\/www.info-algerie.com\/actualites\/wp-json\/wp\/v2\/media?parent=18037"}],"wp:term":[{"taxonomy":"category","embeddable":true,"href":"https:\/\/www.info-algerie.com\/actualites\/wp-json\/wp\/v2\/categories?post=18037"},{"taxonomy":"post_tag","embeddable":true,"href":"https:\/\/www.info-algerie.com\/actualites\/wp-json\/wp\/v2\/tags?post=18037"}],"curies":[{"name":"wp","href":"https:\/\/api.w.org\/{rel}","templated":true}]}}