{"id":18043,"date":"2017-11-15T14:14:20","date_gmt":"2017-11-15T13:14:20","guid":{"rendered":"http:\/\/www.info-algerie.com\/actualites\/locales2017-deux-experts-economiques-abordent-la-problematique-du-financement-des-collectivites-locales-trois-questions\/"},"modified":"2017-11-15T14:14:20","modified_gmt":"2017-11-15T13:14:20","slug":"locales2017-deux-experts-economiques-abordent-la-problematique-du-financement-des-collectivites-locales-trois-questions","status":"publish","type":"post","link":"https:\/\/www.info-algerie.com\/actualites\/locales2017-deux-experts-economiques-abordent-la-problematique-du-financement-des-collectivites-locales-trois-questions\/","title":{"rendered":"Locales2017: deux experts \u00e9conomiques abordent la probl\u00e9matique du financement des collectivit\u00e9s locales (TROIS QUESTIONS)"},"content":{"rendered":"<div class=\"K2FeedIntroText\">\n<p>\u00a0<\/p>\n<p>&#013;<\/p>\n<p><strong>ALGER &#8211; Deux experts \u00e9conomiques, Mustapha Mekideche et Mourad Goumiri, s&rsquo;expriment, dans un entretien accord\u00e9 \u00e0 l&rsquo;APS, sur la probl\u00e9matique de la forte d\u00e9pendance des collectivit\u00e9s locales aux dotations budg\u00e9taires de l&rsquo;Etat et sur les moyens d&rsquo;optimiser les ressources financi\u00e8res locales.<\/strong><\/p>\n<p>&#013;\n<\/p><\/div>\n<div class=\"K2FeedFullText\">&#013;<\/p>\n<p><strong>-QUESTION:<\/strong> Les Collectivit\u00e9s locales demeurent fortement d\u00e9pendantes des dotations budg\u00e9taires de l\u2019Etat. Comment expliquez-vous cette situation?<\/p>\n<p>&#013;<\/p>\n<p>\u00a0<\/p>\n<p>&#013;<\/p>\n<p><strong>&#8211; MUSTAPHA MEKIDECHE:<\/strong> Vous savez que l\u2019Alg\u00e9rie a conserv\u00e9 les traditions jacobines centralisatrices de l\u2019Etat fran\u00e7ais que nous avons renforc\u00e9es au moment, d\u2019ailleurs, o\u00f9 ce dernier a fait sa mue dans ce domaine. Au niveau local et r\u00e9gional, l\u2019investisseur quasi exclusif reste l\u2019Etat par les instruments budg\u00e9taires que sont le Plan communal de d\u00e9veloppement (PCD) et le Programme sectoriel de d\u00e9veloppement (PSD). Les projets financ\u00e9s\u00a0 directement par les collectivit\u00e9s locales restent marginaux compte tenu de la faiblesse structurelle de leurs ressources humaines et financi\u00e8res.<\/p>\n<p>&#013;<\/p>\n<p>Mais avec la chute drastique de nos ressources budg\u00e9taires, la probl\u00e9matique du financement du d\u00e9veloppement territorial est pos\u00e9e dans toute sa difficult\u00e9 et sa complexit\u00e9. Donc, c\u2019est le moment de r\u00e9former.<\/p>\n<p>&#013;<\/p>\n<p><strong>&#8211; MOURAD GOUMIRI:<\/strong> Cette situation d\u00e9pend de deux facteurs convergents.<\/p>\n<p>&#013;<\/p>\n<p>Le premier est li\u00e9 aux pr\u00e9rogatives attribu\u00e9es par l&rsquo;Etat aux collectivit\u00e9s locales. Si vous comparez celles-ci \u00e0 celles qui \u00e9taient les leurs dans les ann\u00e9es 60 et 70, vous allez remarquer que l&rsquo;Etat n&rsquo;a cess\u00e9 de r\u00e9duire la marge de manoeuvre des collectivit\u00e9s locales \u00e0 son profit.<\/p>\n<p>&#013;<\/p>\n<p>Le second facteur se situe dans la capacit\u00e9 de gouvernance des \u00e9quipes communales et le niveau technique des \u00e9lus et des administrateurs. Ces deux \u00e9l\u00e9ments combin\u00e9s font que la d\u00e9pendance au pouvoir central, c&rsquo;est-\u00e0-dire\u00a0 aux dotations budg\u00e9taires et \u00e0 l&rsquo;expertise technique, va \u00eatre de plus en plus forte, rendant au fur et \u00e0 mesure les collectivit\u00e9s locales \u00ab\u00a0mineures\u00a0\u00bb et n&rsquo;ayant aucun moyen d&rsquo;intervention.<\/p>\n<p>&#013;<\/p>\n<p>Enfin, la r\u00e9partition in\u00e9galitaire des deniers publics entre les 1.541 communes va accentuer les d\u00e9s\u00e9quilibres entre r\u00e9gions et aggraver la d\u00e9pendance.<\/p>\n<p>&#013;<\/p>\n<p>Aussi, les plans sp\u00e9ciaux de wilaya qui permettaient, \u00e0 l&rsquo;\u00e9poque, de r\u00e9\u00e9quilibrer le d\u00e9veloppement local, ont \u00e9t\u00e9 interrompus. Ce qui a particip\u00e9 \u00e0 la cr\u00e9ation de \u00ab\u00a0poches de pauvret\u00e9\u00a0\u00bb dans certaines r\u00e9gions alors que dans d&rsquo;autres, le d\u00e9veloppement s&rsquo;acc\u00e9l\u00e8re.<\/p>\n<p>&#013;<\/p>\n<p>\u00a0<\/p>\n<p>&#013;<\/p>\n<p><strong>-QUESTION:<\/strong> Comment diversifier le financement local en g\u00e9n\u00e9ral et la fiscalit\u00e9 locale en particulier? Ne pensez-vous pas que d&rsquo;importantes \u00a0\u00bbniches fiscales dormantes\u00a0\u00bb locales existent?<\/p>\n<p>&#013;<\/p>\n<p>\u00a0<\/p>\n<p>&#013;<\/p>\n<p><strong>-MUSTAPHA MEKIDECHE:<\/strong> Avant de parler de diversification des sources de financement local, il faut s\u2019interroger sur les raisons des mauvaises performances du syst\u00e8me de financement local en vigueur. Il est en grande difficult\u00e9 avant l\u2019apparition de la crise financi\u00e8re du pays qui a commenc\u00e9 le deuxi\u00e8me semestre 2014.<\/p>\n<p>&#013;<\/p>\n<p>Il y a, comme vous le savez, 21 imp\u00f4ts dont les rendements sont faibles mais variables. Voyons les deux plus importants: la TVA (35%) et surtout la TAP (58%) qui repr\u00e9sentent \u00e0 eux deux 93% des ressources des APC. La TAP a \u00e9t\u00e9 divis\u00e9e par deux et certains souhaitent m\u00eame la voir supprim\u00e9e. C\u2019est cela qui a plomb\u00e9 les finances locales. J\u2019avais attir\u00e9 l\u2019attention en son temps.<\/p>\n<p>&#013;<\/p>\n<p>Le dernier point qui reste probl\u00e9matique est l\u2019imp\u00f4t forfaitaire unique-IFU- (2%) et l\u2019IRG foncier (1%) qui ne participent que de fa\u00e7on d\u00e9risoire au financement local. Pour conclure sur ce point je vous donne mes sources. Ces donn\u00e9es sont celles du Comit\u00e9 interminist\u00e9riel charg\u00e9 de la finance et de la fiscalit\u00e9 locale, install\u00e9 pr\u00e9cis\u00e9ment pour r\u00e9former l\u2019ensemble du dispositif.<\/p>\n<p>&#013;<\/p>\n<p>Pour les \u00ab\u00a0niches fiscales\u00a0\u00bb, oui bien s\u00fbr elles existent. D\u2019ailleurs pas seulement au niveau local. C\u2019est d\u2019ailleurs l\u2019ensemble des performances du syst\u00e8me fiscal qu\u2019il faudra r\u00e9\u00e9valuer.<\/p>\n<p>&#013;<\/p>\n<p>Au niveau local, il faudra faire sauter les niches de rentes: sous-fiscalisation des biens communaux c\u00e9d\u00e9s ou conc\u00e9d\u00e9s, sous-valorisation des biens fonciers communaux et aussi sous-\u00e9valuation des services locaux marchands sous oublier l\u2019\u00e9vasion fiscale. Donc les solutions existent. Le tout est de les mettre en oeuvre.<\/p>\n<p>&#013;<\/p>\n<p>\u00a0<\/p>\n<p>&#013;<\/p>\n<p><strong>&#8211; MOURAD GOUMIRI:\u00a0<\/strong> Avant de parler de diversification du financement local et de la fiscalit\u00e9 locale, il faut d&rsquo;abord rendre aux autorit\u00e9s locales leurs pr\u00e9rogatives en la mati\u00e8re.<\/p>\n<p>&#013;<\/p>\n<p>Certaines collectivit\u00e9s locales ont des ressources extr\u00eamement importantes (Hassi Messaoud par exemple), mais toutes ces ressources r\u00e9colt\u00e9es par l&rsquo;Etat tombent dans la trappe du Fonds commun des collectivit\u00e9s locales\u00a0 (FCCL) puis sont r\u00e9parties par l&rsquo;Etat aux communes sur des crit\u00e8res non transparents. D\u00e8s lors, il y a une d\u00e9mobilisation des acteurs locaux au profit du pouvoir central, les d\u00e9cisions se prenant dans les centres de\u00a0 d\u00e9cision, loin des pr\u00e9occupations locales.<\/p>\n<p>&#013;<\/p>\n<p>En outre, l&rsquo;injection de cadres sup\u00e9rieurs administratifs et techniques ne s&rsquo;est pas r\u00e9alis\u00e9e suffisamment (Dipl\u00f4m\u00e9s de l&rsquo;ENA, ing\u00e9nieurs&#8230;). Ce qui rend les \u00e9lus (avec un niveau faible en g\u00e9n\u00e9ral) compl\u00e8tement\u00a0 inefficaces dans leurs interventions et leurs projets de d\u00e9veloppement.<\/p>\n<p>&#013;<\/p>\n<p>Pour les \u00ab\u00a0niches fiscales\u00a0\u00bb, le patrimoine des collectivit\u00e9s locales existe bel et bien \u00ab\u00a0potentiellement\u00a0\u00bb, mais quant \u00e0 sa gestion, elle est totalement inefficace, voire dans certains cas absente.<\/p>\n<p>&#013;<\/p>\n<p>Un recensement de tous les biens communaux doit \u00eatre entrepris de mani\u00e8re \u00e0 \u00e9viter son ali\u00e9nation aux pr\u00e9dateurs qui en jouissent. En outre, il faut les valoriser (cr\u00e9ation de march\u00e9s, aires de loisirs, de sports et de\u00a0 stationnement&#8230;) et les d\u00e9velopper \u00e9conomiquement (pr\u00eats bancaires) puis les mettre \u00e0 la disposition des besoins des citoyens de la commune, en temps et en heure.<\/p>\n<p>&#013;<\/p>\n<p>Que ce soit le patrimoine forestier, les plages, les sites touristiques, de la faune et de la flore, ainsi que l&rsquo;immobilier, le patrimoine communal doit faire l&rsquo;objet d&rsquo;une gestion active qui est elle-m\u00eame g\u00e9n\u00e9ratrice de\u00a0 ressources fiscales cons\u00e9quentes.<\/p>\n<p>&#013;<\/p>\n<p>\u00a0<\/p>\n<p>&#013;<\/p>\n<p><strong>&#8211; QUESTION:<\/strong> Un \u00e9largissement des pr\u00e9rogatives du pr\u00e9sident de l&rsquo;APC pour optimiser les ressources financi\u00e8res locales serait-elle une des solutions?<\/p>\n<p>&#013;<\/p>\n<p>\u00a0<\/p>\n<p>&#013;<\/p>\n<p><strong>&#8211; MUSTAPHA MEKIDECHE: <\/strong>L&rsquo;\u00e9largissement des pr\u00e9rogatives du maire ne peut \u00eatre trait\u00e9 de fa\u00e7on isol\u00e9e et ponctuelle. Il devra \u00eatre trait\u00e9 dans le contexte des nouvelles logiques de d\u00e9veloppement territorial car il faudra\u00a0 \u00e9galement \u00e9largir les pr\u00e9rogatives de l\u2019APW et de son pr\u00e9sident. Cela en tenant compte non seulement du principe de subsidiarit\u00e9 mais aussi de la disponibilit\u00e9, \u00e0 pr\u00e9sent, d\u2019\u00e9lites territoriales qui n\u2019ont rien \u00e0 envier aux \u00e9lites de la capitale. Cela nous l\u2019avions dit il y a quelques ann\u00e9es dans le rapport du CNES sur le d\u00e9veloppement local et les attentes citoyennes, rapport \u00e9tabli sur saisine du Pr\u00e9sident de la R\u00e9publique.<\/p>\n<p>&#013;<\/p>\n<p>\u00a0<\/p>\n<p>&#013;<\/p>\n<p><strong>&#8211; MOURAD GOUMIRI:<\/strong> Pas seulement. Il faut repenser compl\u00e8tement la relation des collectivit\u00e9s locales avec l&rsquo;Etat sous la forme de partenariat et de relations contractuelles consenties.<\/p>\n<p>&#013;<\/p>\n<p>Une d\u00e9finition plus pointue des pr\u00e9rogatives des uns et des autres est souhaitable afin d&rsquo;\u00e9viter les chevauchements et autres zones d&rsquo;ombres.<\/p>\n<p>&#013;<\/p>\n<p>\u00a0<\/p>\n<p>&#013;<\/p>\n<p class=\"MsoNormal\">Les ressources financi\u00e8res locales existent mais il faut les optimiser. Et pour ce faire, il est \u00e9vident qu&rsquo;il faut injecter des gens dipl\u00f4m\u00e9s dans les administrations locales en valorisant les postes sup\u00e9rieurs. Si vous \u00e9largissez les pr\u00e9rogatives sur rien du tout, le r\u00e9sultat est rien du tout.<\/p>\n<\/div>\n<p>&#013;<br \/>\nSource: <a href=\"http:\/\/www.aps.dz\/algerie\/65673-locales2017-deux-experts-economiques-abordent-la-problematique-du-financement-des-collectivites-locales-trois-questions\" target=\"_blank\">Locales2017: deux experts \u00e9conomiques abordent la probl\u00e9matique du financement des collectivit\u00e9s locales (TROIS QUESTIONS)<\/a><\/p>\n<!--CusAds0-->\n<div style=\"font-size: 0px; height: 0px; line-height: 0px; margin: 0; padding: 0; clear: both;\"><\/div>","protected":false},"excerpt":{"rendered":"<p>\u00a0 &#013; ALGER &#8211; Deux experts \u00e9conomiques, Mustapha Mekideche et Mourad Goumiri, s&rsquo;expriment, dans un entretien accord\u00e9 \u00e0 l&rsquo;APS, sur la probl\u00e9matique de la forte d\u00e9pendance des collectivit\u00e9s locales aux dotations budg\u00e9taires de l&rsquo;Etat et sur les moyens d&rsquo;optimiser les ressources financi\u00e8res locales. &#013; &#013; -QUESTION: Les Collectivit\u00e9s locales demeurent fortement d\u00e9pendantes des dotations budg\u00e9taires<\/p>\n","protected":false},"author":6,"featured_media":0,"comment_status":"open","ping_status":"open","sticky":false,"template":"","format":"standard","meta":{"footnotes":""},"categories":[22],"tags":[93],"class_list":["post-18043","post","type-post","status-publish","format-standard","hentry","category-infos","tag-onu"],"yoast_head":"<!-- This site is optimized with the Yoast SEO plugin v27.4 - https:\/\/yoast.com\/product\/yoast-seo-wordpress\/ -->\n<title>Locales2017: deux experts \u00e9conomiques abordent la probl\u00e9matique du financement des collectivit\u00e9s locales (TROIS QUESTIONS) - info algerie<\/title>\n<meta name=\"robots\" content=\"index, follow, max-snippet:-1, max-image-preview:large, max-video-preview:-1\" \/>\n<link rel=\"canonical\" href=\"https:\/\/www.info-algerie.com\/actualites\/locales2017-deux-experts-economiques-abordent-la-problematique-du-financement-des-collectivites-locales-trois-questions\/\" \/>\n<meta property=\"og:locale\" content=\"fr_FR\" \/>\n<meta property=\"og:type\" content=\"article\" \/>\n<meta property=\"og:title\" content=\"Locales2017: deux experts \u00e9conomiques abordent la probl\u00e9matique du financement des collectivit\u00e9s locales (TROIS QUESTIONS) - info algerie\" \/>\n<meta property=\"og:description\" content=\"\u00a0 &#013; ALGER &#8211; Deux experts \u00e9conomiques, Mustapha Mekideche et Mourad Goumiri, s&rsquo;expriment, dans un entretien accord\u00e9 \u00e0 l&rsquo;APS, sur la probl\u00e9matique de la forte d\u00e9pendance des collectivit\u00e9s locales aux dotations budg\u00e9taires de l&rsquo;Etat et sur les moyens d&rsquo;optimiser les ressources financi\u00e8res locales. &#013; &#013; -QUESTION: Les Collectivit\u00e9s locales demeurent fortement d\u00e9pendantes des dotations budg\u00e9taires\" \/>\n<meta property=\"og:url\" content=\"https:\/\/www.info-algerie.com\/actualites\/locales2017-deux-experts-economiques-abordent-la-problematique-du-financement-des-collectivites-locales-trois-questions\/\" \/>\n<meta property=\"og:site_name\" content=\"info algerie\" \/>\n<meta property=\"article:publisher\" content=\"https:\/\/www.facebook.com\/infoalgerieactu\" \/>\n<meta property=\"article:published_time\" content=\"2017-11-15T13:14:20+00:00\" \/>\n<meta name=\"author\" content=\"La r\u00e9daction\" \/>\n<meta name=\"twitter:label1\" content=\"\u00c9crit par\" \/>\n\t<meta name=\"twitter:data1\" content=\"La r\u00e9daction\" \/>\n\t<meta name=\"twitter:label2\" content=\"Dur\u00e9e de lecture estim\u00e9e\" \/>\n\t<meta name=\"twitter:data2\" content=\"6 minutes\" \/>\n<script type=\"application\/ld+json\" class=\"yoast-schema-graph\">{\"@context\":\"https:\\\/\\\/schema.org\",\"@graph\":[{\"@type\":\"Article\",\"@id\":\"https:\\\/\\\/www.info-algerie.com\\\/actualites\\\/locales2017-deux-experts-economiques-abordent-la-problematique-du-financement-des-collectivites-locales-trois-questions\\\/#article\",\"isPartOf\":{\"@id\":\"https:\\\/\\\/www.info-algerie.com\\\/actualites\\\/locales2017-deux-experts-economiques-abordent-la-problematique-du-financement-des-collectivites-locales-trois-questions\\\/\"},\"author\":{\"name\":\"La r\u00e9daction\",\"@id\":\"https:\\\/\\\/www.info-algerie.com\\\/actualites\\\/#\\\/schema\\\/person\\\/847aaec44920825b843a08f30ec6aa1e\"},\"headline\":\"Locales2017: deux experts \u00e9conomiques abordent la probl\u00e9matique du financement des collectivit\u00e9s locales (TROIS QUESTIONS)\",\"datePublished\":\"2017-11-15T13:14:20+00:00\",\"mainEntityOfPage\":{\"@id\":\"https:\\\/\\\/www.info-algerie.com\\\/actualites\\\/locales2017-deux-experts-economiques-abordent-la-problematique-du-financement-des-collectivites-locales-trois-questions\\\/\"},\"wordCount\":1306,\"commentCount\":0,\"publisher\":{\"@id\":\"https:\\\/\\\/www.info-algerie.com\\\/actualites\\\/#organization\"},\"keywords\":[\"ONU\"],\"articleSection\":[\"infos\"],\"inLanguage\":\"fr-FR\",\"potentialAction\":[{\"@type\":\"CommentAction\",\"name\":\"Comment\",\"target\":[\"https:\\\/\\\/www.info-algerie.com\\\/actualites\\\/locales2017-deux-experts-economiques-abordent-la-problematique-du-financement-des-collectivites-locales-trois-questions\\\/#respond\"]}]},{\"@type\":\"WebPage\",\"@id\":\"https:\\\/\\\/www.info-algerie.com\\\/actualites\\\/locales2017-deux-experts-economiques-abordent-la-problematique-du-financement-des-collectivites-locales-trois-questions\\\/\",\"url\":\"https:\\\/\\\/www.info-algerie.com\\\/actualites\\\/locales2017-deux-experts-economiques-abordent-la-problematique-du-financement-des-collectivites-locales-trois-questions\\\/\",\"name\":\"Locales2017: deux experts \u00e9conomiques abordent la probl\u00e9matique du financement des collectivit\u00e9s locales (TROIS QUESTIONS) - info algerie\",\"isPartOf\":{\"@id\":\"https:\\\/\\\/www.info-algerie.com\\\/actualites\\\/#website\"},\"datePublished\":\"2017-11-15T13:14:20+00:00\",\"breadcrumb\":{\"@id\":\"https:\\\/\\\/www.info-algerie.com\\\/actualites\\\/locales2017-deux-experts-economiques-abordent-la-problematique-du-financement-des-collectivites-locales-trois-questions\\\/#breadcrumb\"},\"inLanguage\":\"fr-FR\",\"potentialAction\":[{\"@type\":\"ReadAction\",\"target\":[\"https:\\\/\\\/www.info-algerie.com\\\/actualites\\\/locales2017-deux-experts-economiques-abordent-la-problematique-du-financement-des-collectivites-locales-trois-questions\\\/\"]}]},{\"@type\":\"BreadcrumbList\",\"@id\":\"https:\\\/\\\/www.info-algerie.com\\\/actualites\\\/locales2017-deux-experts-economiques-abordent-la-problematique-du-financement-des-collectivites-locales-trois-questions\\\/#breadcrumb\",\"itemListElement\":[{\"@type\":\"ListItem\",\"position\":1,\"name\":\"Accueil\",\"item\":\"https:\\\/\\\/www.info-algerie.com\\\/actualites\\\/\"},{\"@type\":\"ListItem\",\"position\":2,\"name\":\"Locales2017: deux experts \u00e9conomiques abordent la probl\u00e9matique du financement des collectivit\u00e9s locales (TROIS QUESTIONS)\"}]},{\"@type\":\"WebSite\",\"@id\":\"https:\\\/\\\/www.info-algerie.com\\\/actualites\\\/#website\",\"url\":\"https:\\\/\\\/www.info-algerie.com\\\/actualites\\\/\",\"name\":\"info algerie\",\"description\":\"Toutes les actualit\u00e9s\",\"publisher\":{\"@id\":\"https:\\\/\\\/www.info-algerie.com\\\/actualites\\\/#organization\"},\"potentialAction\":[{\"@type\":\"SearchAction\",\"target\":{\"@type\":\"EntryPoint\",\"urlTemplate\":\"https:\\\/\\\/www.info-algerie.com\\\/actualites\\\/?s={search_term_string}\"},\"query-input\":{\"@type\":\"PropertyValueSpecification\",\"valueRequired\":true,\"valueName\":\"search_term_string\"}}],\"inLanguage\":\"fr-FR\"},{\"@type\":\"Organization\",\"@id\":\"https:\\\/\\\/www.info-algerie.com\\\/actualites\\\/#organization\",\"name\":\"info algerie\",\"url\":\"https:\\\/\\\/www.info-algerie.com\\\/actualites\\\/\",\"logo\":{\"@type\":\"ImageObject\",\"inLanguage\":\"fr-FR\",\"@id\":\"https:\\\/\\\/www.info-algerie.com\\\/actualites\\\/#\\\/schema\\\/logo\\\/image\\\/\",\"url\":\"https:\\\/\\\/www.info-algerie.com\\\/actualites\\\/wp-content\\\/uploads\\\/2022\\\/07\\\/logo-ia-120.png\",\"contentUrl\":\"https:\\\/\\\/www.info-algerie.com\\\/actualites\\\/wp-content\\\/uploads\\\/2022\\\/07\\\/logo-ia-120.png\",\"width\":120,\"height\":43,\"caption\":\"info algerie\"},\"image\":{\"@id\":\"https:\\\/\\\/www.info-algerie.com\\\/actualites\\\/#\\\/schema\\\/logo\\\/image\\\/\"},\"sameAs\":[\"https:\\\/\\\/www.facebook.com\\\/infoalgerieactu\",\"https:\\\/\\\/x.com\\\/infoalgerie1\"]},{\"@type\":\"Person\",\"@id\":\"https:\\\/\\\/www.info-algerie.com\\\/actualites\\\/#\\\/schema\\\/person\\\/847aaec44920825b843a08f30ec6aa1e\",\"name\":\"La r\u00e9daction\",\"image\":{\"@type\":\"ImageObject\",\"inLanguage\":\"fr-FR\",\"@id\":\"https:\\\/\\\/secure.gravatar.com\\\/avatar\\\/769db425c6f465158149f1ffd6cf61ce7a8a879d11dfbef8288af36dfddd418c?s=96&d=mm&r=g\",\"url\":\"https:\\\/\\\/secure.gravatar.com\\\/avatar\\\/769db425c6f465158149f1ffd6cf61ce7a8a879d11dfbef8288af36dfddd418c?s=96&d=mm&r=g\",\"contentUrl\":\"https:\\\/\\\/secure.gravatar.com\\\/avatar\\\/769db425c6f465158149f1ffd6cf61ce7a8a879d11dfbef8288af36dfddd418c?s=96&d=mm&r=g\",\"caption\":\"La r\u00e9daction\"},\"sameAs\":[\"http:\\\/\\\/www.lkeria.com\\\/\"],\"url\":\"https:\\\/\\\/www.info-algerie.com\\\/actualites\\\/author\\\/chakib32\\\/\"}]}<\/script>\n<!-- \/ Yoast SEO plugin. -->","yoast_head_json":{"title":"Locales2017: deux experts \u00e9conomiques abordent la probl\u00e9matique du financement des collectivit\u00e9s locales (TROIS QUESTIONS) - info algerie","robots":{"index":"index","follow":"follow","max-snippet":"max-snippet:-1","max-image-preview":"max-image-preview:large","max-video-preview":"max-video-preview:-1"},"canonical":"https:\/\/www.info-algerie.com\/actualites\/locales2017-deux-experts-economiques-abordent-la-problematique-du-financement-des-collectivites-locales-trois-questions\/","og_locale":"fr_FR","og_type":"article","og_title":"Locales2017: deux experts \u00e9conomiques abordent la probl\u00e9matique du financement des collectivit\u00e9s locales (TROIS QUESTIONS) - info algerie","og_description":"\u00a0 &#013; ALGER &#8211; Deux experts \u00e9conomiques, Mustapha Mekideche et Mourad Goumiri, s&rsquo;expriment, dans un entretien accord\u00e9 \u00e0 l&rsquo;APS, sur la probl\u00e9matique de la forte d\u00e9pendance des collectivit\u00e9s locales aux dotations budg\u00e9taires de l&rsquo;Etat et sur les moyens d&rsquo;optimiser les ressources financi\u00e8res locales. &#013; &#013; -QUESTION: Les Collectivit\u00e9s locales demeurent fortement d\u00e9pendantes des dotations budg\u00e9taires","og_url":"https:\/\/www.info-algerie.com\/actualites\/locales2017-deux-experts-economiques-abordent-la-problematique-du-financement-des-collectivites-locales-trois-questions\/","og_site_name":"info algerie","article_publisher":"https:\/\/www.facebook.com\/infoalgerieactu","article_published_time":"2017-11-15T13:14:20+00:00","author":"La r\u00e9daction","twitter_misc":{"\u00c9crit par":"La r\u00e9daction","Dur\u00e9e de lecture estim\u00e9e":"6 minutes"},"schema":{"@context":"https:\/\/schema.org","@graph":[{"@type":"Article","@id":"https:\/\/www.info-algerie.com\/actualites\/locales2017-deux-experts-economiques-abordent-la-problematique-du-financement-des-collectivites-locales-trois-questions\/#article","isPartOf":{"@id":"https:\/\/www.info-algerie.com\/actualites\/locales2017-deux-experts-economiques-abordent-la-problematique-du-financement-des-collectivites-locales-trois-questions\/"},"author":{"name":"La r\u00e9daction","@id":"https:\/\/www.info-algerie.com\/actualites\/#\/schema\/person\/847aaec44920825b843a08f30ec6aa1e"},"headline":"Locales2017: deux experts \u00e9conomiques abordent la probl\u00e9matique du financement des collectivit\u00e9s locales (TROIS QUESTIONS)","datePublished":"2017-11-15T13:14:20+00:00","mainEntityOfPage":{"@id":"https:\/\/www.info-algerie.com\/actualites\/locales2017-deux-experts-economiques-abordent-la-problematique-du-financement-des-collectivites-locales-trois-questions\/"},"wordCount":1306,"commentCount":0,"publisher":{"@id":"https:\/\/www.info-algerie.com\/actualites\/#organization"},"keywords":["ONU"],"articleSection":["infos"],"inLanguage":"fr-FR","potentialAction":[{"@type":"CommentAction","name":"Comment","target":["https:\/\/www.info-algerie.com\/actualites\/locales2017-deux-experts-economiques-abordent-la-problematique-du-financement-des-collectivites-locales-trois-questions\/#respond"]}]},{"@type":"WebPage","@id":"https:\/\/www.info-algerie.com\/actualites\/locales2017-deux-experts-economiques-abordent-la-problematique-du-financement-des-collectivites-locales-trois-questions\/","url":"https:\/\/www.info-algerie.com\/actualites\/locales2017-deux-experts-economiques-abordent-la-problematique-du-financement-des-collectivites-locales-trois-questions\/","name":"Locales2017: deux experts \u00e9conomiques abordent la probl\u00e9matique du financement des collectivit\u00e9s locales (TROIS QUESTIONS) - info algerie","isPartOf":{"@id":"https:\/\/www.info-algerie.com\/actualites\/#website"},"datePublished":"2017-11-15T13:14:20+00:00","breadcrumb":{"@id":"https:\/\/www.info-algerie.com\/actualites\/locales2017-deux-experts-economiques-abordent-la-problematique-du-financement-des-collectivites-locales-trois-questions\/#breadcrumb"},"inLanguage":"fr-FR","potentialAction":[{"@type":"ReadAction","target":["https:\/\/www.info-algerie.com\/actualites\/locales2017-deux-experts-economiques-abordent-la-problematique-du-financement-des-collectivites-locales-trois-questions\/"]}]},{"@type":"BreadcrumbList","@id":"https:\/\/www.info-algerie.com\/actualites\/locales2017-deux-experts-economiques-abordent-la-problematique-du-financement-des-collectivites-locales-trois-questions\/#breadcrumb","itemListElement":[{"@type":"ListItem","position":1,"name":"Accueil","item":"https:\/\/www.info-algerie.com\/actualites\/"},{"@type":"ListItem","position":2,"name":"Locales2017: deux experts \u00e9conomiques abordent la probl\u00e9matique du financement des collectivit\u00e9s locales (TROIS QUESTIONS)"}]},{"@type":"WebSite","@id":"https:\/\/www.info-algerie.com\/actualites\/#website","url":"https:\/\/www.info-algerie.com\/actualites\/","name":"info algerie","description":"Toutes les actualit\u00e9s","publisher":{"@id":"https:\/\/www.info-algerie.com\/actualites\/#organization"},"potentialAction":[{"@type":"SearchAction","target":{"@type":"EntryPoint","urlTemplate":"https:\/\/www.info-algerie.com\/actualites\/?s={search_term_string}"},"query-input":{"@type":"PropertyValueSpecification","valueRequired":true,"valueName":"search_term_string"}}],"inLanguage":"fr-FR"},{"@type":"Organization","@id":"https:\/\/www.info-algerie.com\/actualites\/#organization","name":"info algerie","url":"https:\/\/www.info-algerie.com\/actualites\/","logo":{"@type":"ImageObject","inLanguage":"fr-FR","@id":"https:\/\/www.info-algerie.com\/actualites\/#\/schema\/logo\/image\/","url":"https:\/\/www.info-algerie.com\/actualites\/wp-content\/uploads\/2022\/07\/logo-ia-120.png","contentUrl":"https:\/\/www.info-algerie.com\/actualites\/wp-content\/uploads\/2022\/07\/logo-ia-120.png","width":120,"height":43,"caption":"info algerie"},"image":{"@id":"https:\/\/www.info-algerie.com\/actualites\/#\/schema\/logo\/image\/"},"sameAs":["https:\/\/www.facebook.com\/infoalgerieactu","https:\/\/x.com\/infoalgerie1"]},{"@type":"Person","@id":"https:\/\/www.info-algerie.com\/actualites\/#\/schema\/person\/847aaec44920825b843a08f30ec6aa1e","name":"La r\u00e9daction","image":{"@type":"ImageObject","inLanguage":"fr-FR","@id":"https:\/\/secure.gravatar.com\/avatar\/769db425c6f465158149f1ffd6cf61ce7a8a879d11dfbef8288af36dfddd418c?s=96&d=mm&r=g","url":"https:\/\/secure.gravatar.com\/avatar\/769db425c6f465158149f1ffd6cf61ce7a8a879d11dfbef8288af36dfddd418c?s=96&d=mm&r=g","contentUrl":"https:\/\/secure.gravatar.com\/avatar\/769db425c6f465158149f1ffd6cf61ce7a8a879d11dfbef8288af36dfddd418c?s=96&d=mm&r=g","caption":"La r\u00e9daction"},"sameAs":["http:\/\/www.lkeria.com\/"],"url":"https:\/\/www.info-algerie.com\/actualites\/author\/chakib32\/"}]}},"_links":{"self":[{"href":"https:\/\/www.info-algerie.com\/actualites\/wp-json\/wp\/v2\/posts\/18043","targetHints":{"allow":["GET"]}}],"collection":[{"href":"https:\/\/www.info-algerie.com\/actualites\/wp-json\/wp\/v2\/posts"}],"about":[{"href":"https:\/\/www.info-algerie.com\/actualites\/wp-json\/wp\/v2\/types\/post"}],"author":[{"embeddable":true,"href":"https:\/\/www.info-algerie.com\/actualites\/wp-json\/wp\/v2\/users\/6"}],"replies":[{"embeddable":true,"href":"https:\/\/www.info-algerie.com\/actualites\/wp-json\/wp\/v2\/comments?post=18043"}],"version-history":[{"count":0,"href":"https:\/\/www.info-algerie.com\/actualites\/wp-json\/wp\/v2\/posts\/18043\/revisions"}],"wp:attachment":[{"href":"https:\/\/www.info-algerie.com\/actualites\/wp-json\/wp\/v2\/media?parent=18043"}],"wp:term":[{"taxonomy":"category","embeddable":true,"href":"https:\/\/www.info-algerie.com\/actualites\/wp-json\/wp\/v2\/categories?post=18043"},{"taxonomy":"post_tag","embeddable":true,"href":"https:\/\/www.info-algerie.com\/actualites\/wp-json\/wp\/v2\/tags?post=18043"}],"curies":[{"name":"wp","href":"https:\/\/api.w.org\/{rel}","templated":true}]}}