{"id":18051,"date":"2017-11-15T15:59:02","date_gmt":"2017-11-15T14:59:02","guid":{"rendered":"http:\/\/www.info-algerie.com\/actualites\/les-candidats-du-pt-capables-de-consacrer-lunion-au-sein-des-assemblees-locales-hanoune\/"},"modified":"2017-11-15T15:59:02","modified_gmt":"2017-11-15T14:59:02","slug":"les-candidats-du-pt-capables-de-consacrer-lunion-au-sein-des-assemblees-locales-hanoune","status":"publish","type":"post","link":"https:\/\/www.info-algerie.com\/actualites\/les-candidats-du-pt-capables-de-consacrer-lunion-au-sein-des-assemblees-locales-hanoune\/","title":{"rendered":"Les candidats du PT &quot;capables&quot; de consacrer l\u2019union au sein des Assembl\u00e9es locales (Hanoune)"},"content":{"rendered":"<div class=\"K2FeedIntroText\">\n<p class=\"MsoNormal\"><strong>DJELFA &#8211; La secr\u00e9taire g\u00e9nale du Parti des travailleurs (PT), Louisa Hanoune, a soutenu mercredi \u00e0 partir de Djelfa que les candidats du PT en lice pour le rendez vous des locales du 23 novembre \u00ab\u00a0sont capables de consacrer l\u2019union au sein des Assembl\u00e9es locales\u00a0\u00bb.<\/strong><\/p>\n<p>&#013;\n<\/p><\/div>\n<div class=\"K2FeedFullText\">&#013;<\/p>\n<p class=\"MsoNormal\">Dans son discours \u00e0 un meeting populaire anim\u00e9 \u00e0 la salle omnisports de la cit\u00e9 du 5 juillet de Djelfa, pour le compte de la campagne pour les \u00e9lections locales, Mme Hanoune a assur\u00e9 que les candidats de son parti ont l'\u00a0\u00bbaudace et l\u2019esprit nationaliste n\u00e9cessaires\u00a0\u00bb pour \u0153uvrer en vue de restituer les biens \u00ab\u00a0spoli\u00e9s\u00a0\u00bb des communes et de la wilaya.<\/p>\n<p>&#013;<\/p>\n<p class=\"MsoNormal\">\u00ab\u00a0Nos candidats peuvent, \u00e9galement, consacrer l\u2019union au sein des Assembl\u00e9es communales et de wilaya afin de faire face \u00e0 la politique d\u2019aust\u00e9rit\u00e9\u00a0\u00bb, a-t-elle ajout\u00e9, soulignant, en outre, que son parti n\u2019est pas pour la d\u00e9mocratie participative qui veut dire, selon elle, l'\u00a0\u00bban\u00e9antissement de la d\u00e9mocratie du mandat et la gestion de l\u2019aust\u00e9rit\u00e9\u00a0\u00bb, en exposant les \u00e9lus \u00e0 la vindicte populaire.<\/p>\n<p>&#013;<\/p>\n<p class=\"MsoNormal\">\u00ab\u00a0Le r\u00f4le des \u00e9lus est de d\u00e9fendre la d\u00e9mocratie de base, et de lutter contre la pauvret\u00e9 et les disparit\u00e9s\u00a0\u00bb, a-t-elle soutenu.<\/p>\n<p>&#013;<\/p>\n<p class=\"MsoNormal\">La secr\u00e9taire g\u00e9nale du PT a, par ailleurs, longuement abord\u00e9 le projet de la loi de finances 2018, estimant que son adoption programm\u00e9e pour le 26 novembre prochain, voudra dire la poursuite de la d\u00e9gradation dans de nombreux domaines, laquelle d\u00e9gradation est le \u00ab\u00a0fait d\u2019une fausse majorit\u00e9 au Parlement\u00a0\u00bb.<\/p>\n<p>&#013;<\/p>\n<p class=\"MsoNormal\">Pour Mme Hanoune, le Gouvernement n\u2019a fait qu\u2019approfondir les disparit\u00e9s sociales entre une minorit\u00e9 riche, une majorit\u00e9 d\u00e9sh\u00e9rit\u00e9e et la classe moyenne.\u00a0<\/p>\n<p>&#013;<\/p>\n<p class=\"MsoNormal\">\u00ab\u00a0Le pouvoir d\u2019achat s\u2019est \u00e9croul\u00e9\u00a0\u00bb, a-t-elle ajout\u00e9, soulignant que la r\u00e9duction de 38,3% pr\u00e9vue dans le budget de fonctionnement de la loi de finances 2018, est une d\u00e9claration de mort, dont l\u2019impact sera visible parmi la classe travailleuse et les jeunes pr\u00e9tendant \u00e0 un emploi, car il s\u2019agit l\u00e0, a t-elle poursuivi, du \u00ab\u00a0budget destin\u00e9 \u00e0 la masse salariale, au moment ou il n\u2019est pas proc\u00e9d\u00e9 au remplacement du grand nombre de d\u00e9parts \u00e0 la retraite\u00a0\u00bb, a-t-elle assur\u00e9.<\/p>\n<\/div>\n<p>&#013;<br \/>\nSource: <a href=\"http:\/\/www.aps.dz\/algerie\/65687-les-candidats-du-pt-capables-de-consacrer-l-union-au-sein-des-assemblees-locales-hanoune\" target=\"_blank\">Les candidats du PT \u00ab\u00a0capables\u00a0\u00bb de consacrer l\u2019union au sein des Assembl\u00e9es locales (Hanoune)<\/a><\/p>\n<!--CusAds0-->\n<div style=\"font-size: 0px; height: 0px; line-height: 0px; margin: 0; padding: 0; clear: both;\"><\/div>","protected":false},"excerpt":{"rendered":"<p>DJELFA &#8211; La secr\u00e9taire g\u00e9nale du Parti des travailleurs (PT), Louisa Hanoune, a soutenu mercredi \u00e0 partir de Djelfa que les candidats du PT en lice pour le rendez vous des locales du 23 novembre \u00ab\u00a0sont capables de consacrer l\u2019union au sein des Assembl\u00e9es locales\u00a0\u00bb. &#013; &#013; Dans son discours \u00e0 un meeting populaire anim\u00e9<\/p>\n","protected":false},"author":6,"featured_media":0,"comment_status":"open","ping_status":"open","sticky":false,"template":"","format":"standard","meta":{"footnotes":""},"categories":[22],"tags":[93],"class_list":["post-18051","post","type-post","status-publish","format-standard","hentry","category-infos","tag-onu"],"yoast_head":"<!-- This site is optimized with the Yoast SEO plugin v27.4 - https:\/\/yoast.com\/product\/yoast-seo-wordpress\/ -->\n<title>Les candidats du PT &quot;capables&quot; de consacrer l\u2019union au sein des Assembl\u00e9es locales (Hanoune) - info algerie<\/title>\n<meta name=\"robots\" content=\"index, follow, max-snippet:-1, max-image-preview:large, max-video-preview:-1\" \/>\n<link rel=\"canonical\" href=\"https:\/\/www.info-algerie.com\/actualites\/les-candidats-du-pt-capables-de-consacrer-lunion-au-sein-des-assemblees-locales-hanoune\/\" \/>\n<meta property=\"og:locale\" content=\"fr_FR\" \/>\n<meta property=\"og:type\" content=\"article\" \/>\n<meta property=\"og:title\" content=\"Les candidats du PT &quot;capables&quot; de consacrer l\u2019union au sein des Assembl\u00e9es locales (Hanoune) - info algerie\" \/>\n<meta property=\"og:description\" content=\"DJELFA &#8211; La secr\u00e9taire g\u00e9nale du Parti des travailleurs (PT), Louisa Hanoune, a soutenu mercredi \u00e0 partir de Djelfa que les candidats du PT en lice pour le rendez vous des locales du 23 novembre \u00ab\u00a0sont capables de consacrer l\u2019union au sein des Assembl\u00e9es locales\u00a0\u00bb. &#013; &#013; Dans son discours \u00e0 un meeting populaire anim\u00e9\" \/>\n<meta property=\"og:url\" content=\"https:\/\/www.info-algerie.com\/actualites\/les-candidats-du-pt-capables-de-consacrer-lunion-au-sein-des-assemblees-locales-hanoune\/\" \/>\n<meta property=\"og:site_name\" content=\"info algerie\" \/>\n<meta property=\"article:publisher\" content=\"https:\/\/www.facebook.com\/infoalgerieactu\" \/>\n<meta property=\"article:published_time\" content=\"2017-11-15T14:59:02+00:00\" \/>\n<meta name=\"author\" content=\"La r\u00e9daction\" \/>\n<meta name=\"twitter:label1\" content=\"\u00c9crit par\" \/>\n\t<meta name=\"twitter:data1\" content=\"La r\u00e9daction\" \/>\n\t<meta name=\"twitter:label2\" content=\"Dur\u00e9e de lecture estim\u00e9e\" \/>\n\t<meta name=\"twitter:data2\" content=\"2 minutes\" \/>\n<script type=\"application\/ld+json\" class=\"yoast-schema-graph\">{\"@context\":\"https:\\\/\\\/schema.org\",\"@graph\":[{\"@type\":\"Article\",\"@id\":\"https:\\\/\\\/www.info-algerie.com\\\/actualites\\\/les-candidats-du-pt-capables-de-consacrer-lunion-au-sein-des-assemblees-locales-hanoune\\\/#article\",\"isPartOf\":{\"@id\":\"https:\\\/\\\/www.info-algerie.com\\\/actualites\\\/les-candidats-du-pt-capables-de-consacrer-lunion-au-sein-des-assemblees-locales-hanoune\\\/\"},\"author\":{\"name\":\"La r\u00e9daction\",\"@id\":\"https:\\\/\\\/www.info-algerie.com\\\/actualites\\\/#\\\/schema\\\/person\\\/847aaec44920825b843a08f30ec6aa1e\"},\"headline\":\"Les candidats du PT &quot;capables&quot; de consacrer l\u2019union au sein des Assembl\u00e9es locales (Hanoune)\",\"datePublished\":\"2017-11-15T14:59:02+00:00\",\"mainEntityOfPage\":{\"@id\":\"https:\\\/\\\/www.info-algerie.com\\\/actualites\\\/les-candidats-du-pt-capables-de-consacrer-lunion-au-sein-des-assemblees-locales-hanoune\\\/\"},\"wordCount\":404,\"commentCount\":0,\"publisher\":{\"@id\":\"https:\\\/\\\/www.info-algerie.com\\\/actualites\\\/#organization\"},\"keywords\":[\"ONU\"],\"articleSection\":[\"infos\"],\"inLanguage\":\"fr-FR\",\"potentialAction\":[{\"@type\":\"CommentAction\",\"name\":\"Comment\",\"target\":[\"https:\\\/\\\/www.info-algerie.com\\\/actualites\\\/les-candidats-du-pt-capables-de-consacrer-lunion-au-sein-des-assemblees-locales-hanoune\\\/#respond\"]}]},{\"@type\":\"WebPage\",\"@id\":\"https:\\\/\\\/www.info-algerie.com\\\/actualites\\\/les-candidats-du-pt-capables-de-consacrer-lunion-au-sein-des-assemblees-locales-hanoune\\\/\",\"url\":\"https:\\\/\\\/www.info-algerie.com\\\/actualites\\\/les-candidats-du-pt-capables-de-consacrer-lunion-au-sein-des-assemblees-locales-hanoune\\\/\",\"name\":\"Les candidats du PT &quot;capables&quot; de consacrer l\u2019union au sein des Assembl\u00e9es locales (Hanoune) - info algerie\",\"isPartOf\":{\"@id\":\"https:\\\/\\\/www.info-algerie.com\\\/actualites\\\/#website\"},\"datePublished\":\"2017-11-15T14:59:02+00:00\",\"breadcrumb\":{\"@id\":\"https:\\\/\\\/www.info-algerie.com\\\/actualites\\\/les-candidats-du-pt-capables-de-consacrer-lunion-au-sein-des-assemblees-locales-hanoune\\\/#breadcrumb\"},\"inLanguage\":\"fr-FR\",\"potentialAction\":[{\"@type\":\"ReadAction\",\"target\":[\"https:\\\/\\\/www.info-algerie.com\\\/actualites\\\/les-candidats-du-pt-capables-de-consacrer-lunion-au-sein-des-assemblees-locales-hanoune\\\/\"]}]},{\"@type\":\"BreadcrumbList\",\"@id\":\"https:\\\/\\\/www.info-algerie.com\\\/actualites\\\/les-candidats-du-pt-capables-de-consacrer-lunion-au-sein-des-assemblees-locales-hanoune\\\/#breadcrumb\",\"itemListElement\":[{\"@type\":\"ListItem\",\"position\":1,\"name\":\"Accueil\",\"item\":\"https:\\\/\\\/www.info-algerie.com\\\/actualites\\\/\"},{\"@type\":\"ListItem\",\"position\":2,\"name\":\"Les candidats du PT &quot;capables&quot; de consacrer l\u2019union au sein des Assembl\u00e9es locales (Hanoune)\"}]},{\"@type\":\"WebSite\",\"@id\":\"https:\\\/\\\/www.info-algerie.com\\\/actualites\\\/#website\",\"url\":\"https:\\\/\\\/www.info-algerie.com\\\/actualites\\\/\",\"name\":\"info algerie\",\"description\":\"Toutes les actualit\u00e9s\",\"publisher\":{\"@id\":\"https:\\\/\\\/www.info-algerie.com\\\/actualites\\\/#organization\"},\"potentialAction\":[{\"@type\":\"SearchAction\",\"target\":{\"@type\":\"EntryPoint\",\"urlTemplate\":\"https:\\\/\\\/www.info-algerie.com\\\/actualites\\\/?s={search_term_string}\"},\"query-input\":{\"@type\":\"PropertyValueSpecification\",\"valueRequired\":true,\"valueName\":\"search_term_string\"}}],\"inLanguage\":\"fr-FR\"},{\"@type\":\"Organization\",\"@id\":\"https:\\\/\\\/www.info-algerie.com\\\/actualites\\\/#organization\",\"name\":\"info algerie\",\"url\":\"https:\\\/\\\/www.info-algerie.com\\\/actualites\\\/\",\"logo\":{\"@type\":\"ImageObject\",\"inLanguage\":\"fr-FR\",\"@id\":\"https:\\\/\\\/www.info-algerie.com\\\/actualites\\\/#\\\/schema\\\/logo\\\/image\\\/\",\"url\":\"https:\\\/\\\/www.info-algerie.com\\\/actualites\\\/wp-content\\\/uploads\\\/2022\\\/07\\\/logo-ia-120.png\",\"contentUrl\":\"https:\\\/\\\/www.info-algerie.com\\\/actualites\\\/wp-content\\\/uploads\\\/2022\\\/07\\\/logo-ia-120.png\",\"width\":120,\"height\":43,\"caption\":\"info algerie\"},\"image\":{\"@id\":\"https:\\\/\\\/www.info-algerie.com\\\/actualites\\\/#\\\/schema\\\/logo\\\/image\\\/\"},\"sameAs\":[\"https:\\\/\\\/www.facebook.com\\\/infoalgerieactu\",\"https:\\\/\\\/x.com\\\/infoalgerie1\"]},{\"@type\":\"Person\",\"@id\":\"https:\\\/\\\/www.info-algerie.com\\\/actualites\\\/#\\\/schema\\\/person\\\/847aaec44920825b843a08f30ec6aa1e\",\"name\":\"La r\u00e9daction\",\"image\":{\"@type\":\"ImageObject\",\"inLanguage\":\"fr-FR\",\"@id\":\"https:\\\/\\\/secure.gravatar.com\\\/avatar\\\/769db425c6f465158149f1ffd6cf61ce7a8a879d11dfbef8288af36dfddd418c?s=96&d=mm&r=g\",\"url\":\"https:\\\/\\\/secure.gravatar.com\\\/avatar\\\/769db425c6f465158149f1ffd6cf61ce7a8a879d11dfbef8288af36dfddd418c?s=96&d=mm&r=g\",\"contentUrl\":\"https:\\\/\\\/secure.gravatar.com\\\/avatar\\\/769db425c6f465158149f1ffd6cf61ce7a8a879d11dfbef8288af36dfddd418c?s=96&d=mm&r=g\",\"caption\":\"La r\u00e9daction\"},\"sameAs\":[\"http:\\\/\\\/www.lkeria.com\\\/\"],\"url\":\"https:\\\/\\\/www.info-algerie.com\\\/actualites\\\/author\\\/chakib32\\\/\"}]}<\/script>\n<!-- \/ Yoast SEO plugin. -->","yoast_head_json":{"title":"Les candidats du PT &quot;capables&quot; de consacrer l\u2019union au sein des Assembl\u00e9es locales (Hanoune) - info algerie","robots":{"index":"index","follow":"follow","max-snippet":"max-snippet:-1","max-image-preview":"max-image-preview:large","max-video-preview":"max-video-preview:-1"},"canonical":"https:\/\/www.info-algerie.com\/actualites\/les-candidats-du-pt-capables-de-consacrer-lunion-au-sein-des-assemblees-locales-hanoune\/","og_locale":"fr_FR","og_type":"article","og_title":"Les candidats du PT &quot;capables&quot; de consacrer l\u2019union au sein des Assembl\u00e9es locales (Hanoune) - info algerie","og_description":"DJELFA &#8211; La secr\u00e9taire g\u00e9nale du Parti des travailleurs (PT), Louisa Hanoune, a soutenu mercredi \u00e0 partir de Djelfa que les candidats du PT en lice pour le rendez vous des locales du 23 novembre \u00ab\u00a0sont capables de consacrer l\u2019union au sein des Assembl\u00e9es locales\u00a0\u00bb. &#013; &#013; Dans son discours \u00e0 un meeting populaire anim\u00e9","og_url":"https:\/\/www.info-algerie.com\/actualites\/les-candidats-du-pt-capables-de-consacrer-lunion-au-sein-des-assemblees-locales-hanoune\/","og_site_name":"info algerie","article_publisher":"https:\/\/www.facebook.com\/infoalgerieactu","article_published_time":"2017-11-15T14:59:02+00:00","author":"La r\u00e9daction","twitter_misc":{"\u00c9crit par":"La r\u00e9daction","Dur\u00e9e de lecture estim\u00e9e":"2 minutes"},"schema":{"@context":"https:\/\/schema.org","@graph":[{"@type":"Article","@id":"https:\/\/www.info-algerie.com\/actualites\/les-candidats-du-pt-capables-de-consacrer-lunion-au-sein-des-assemblees-locales-hanoune\/#article","isPartOf":{"@id":"https:\/\/www.info-algerie.com\/actualites\/les-candidats-du-pt-capables-de-consacrer-lunion-au-sein-des-assemblees-locales-hanoune\/"},"author":{"name":"La r\u00e9daction","@id":"https:\/\/www.info-algerie.com\/actualites\/#\/schema\/person\/847aaec44920825b843a08f30ec6aa1e"},"headline":"Les candidats du PT &quot;capables&quot; de consacrer l\u2019union au sein des Assembl\u00e9es locales (Hanoune)","datePublished":"2017-11-15T14:59:02+00:00","mainEntityOfPage":{"@id":"https:\/\/www.info-algerie.com\/actualites\/les-candidats-du-pt-capables-de-consacrer-lunion-au-sein-des-assemblees-locales-hanoune\/"},"wordCount":404,"commentCount":0,"publisher":{"@id":"https:\/\/www.info-algerie.com\/actualites\/#organization"},"keywords":["ONU"],"articleSection":["infos"],"inLanguage":"fr-FR","potentialAction":[{"@type":"CommentAction","name":"Comment","target":["https:\/\/www.info-algerie.com\/actualites\/les-candidats-du-pt-capables-de-consacrer-lunion-au-sein-des-assemblees-locales-hanoune\/#respond"]}]},{"@type":"WebPage","@id":"https:\/\/www.info-algerie.com\/actualites\/les-candidats-du-pt-capables-de-consacrer-lunion-au-sein-des-assemblees-locales-hanoune\/","url":"https:\/\/www.info-algerie.com\/actualites\/les-candidats-du-pt-capables-de-consacrer-lunion-au-sein-des-assemblees-locales-hanoune\/","name":"Les candidats du PT &quot;capables&quot; de consacrer l\u2019union au sein des Assembl\u00e9es locales (Hanoune) - info algerie","isPartOf":{"@id":"https:\/\/www.info-algerie.com\/actualites\/#website"},"datePublished":"2017-11-15T14:59:02+00:00","breadcrumb":{"@id":"https:\/\/www.info-algerie.com\/actualites\/les-candidats-du-pt-capables-de-consacrer-lunion-au-sein-des-assemblees-locales-hanoune\/#breadcrumb"},"inLanguage":"fr-FR","potentialAction":[{"@type":"ReadAction","target":["https:\/\/www.info-algerie.com\/actualites\/les-candidats-du-pt-capables-de-consacrer-lunion-au-sein-des-assemblees-locales-hanoune\/"]}]},{"@type":"BreadcrumbList","@id":"https:\/\/www.info-algerie.com\/actualites\/les-candidats-du-pt-capables-de-consacrer-lunion-au-sein-des-assemblees-locales-hanoune\/#breadcrumb","itemListElement":[{"@type":"ListItem","position":1,"name":"Accueil","item":"https:\/\/www.info-algerie.com\/actualites\/"},{"@type":"ListItem","position":2,"name":"Les candidats du PT &quot;capables&quot; de consacrer l\u2019union au sein des Assembl\u00e9es locales (Hanoune)"}]},{"@type":"WebSite","@id":"https:\/\/www.info-algerie.com\/actualites\/#website","url":"https:\/\/www.info-algerie.com\/actualites\/","name":"info algerie","description":"Toutes les actualit\u00e9s","publisher":{"@id":"https:\/\/www.info-algerie.com\/actualites\/#organization"},"potentialAction":[{"@type":"SearchAction","target":{"@type":"EntryPoint","urlTemplate":"https:\/\/www.info-algerie.com\/actualites\/?s={search_term_string}"},"query-input":{"@type":"PropertyValueSpecification","valueRequired":true,"valueName":"search_term_string"}}],"inLanguage":"fr-FR"},{"@type":"Organization","@id":"https:\/\/www.info-algerie.com\/actualites\/#organization","name":"info algerie","url":"https:\/\/www.info-algerie.com\/actualites\/","logo":{"@type":"ImageObject","inLanguage":"fr-FR","@id":"https:\/\/www.info-algerie.com\/actualites\/#\/schema\/logo\/image\/","url":"https:\/\/www.info-algerie.com\/actualites\/wp-content\/uploads\/2022\/07\/logo-ia-120.png","contentUrl":"https:\/\/www.info-algerie.com\/actualites\/wp-content\/uploads\/2022\/07\/logo-ia-120.png","width":120,"height":43,"caption":"info algerie"},"image":{"@id":"https:\/\/www.info-algerie.com\/actualites\/#\/schema\/logo\/image\/"},"sameAs":["https:\/\/www.facebook.com\/infoalgerieactu","https:\/\/x.com\/infoalgerie1"]},{"@type":"Person","@id":"https:\/\/www.info-algerie.com\/actualites\/#\/schema\/person\/847aaec44920825b843a08f30ec6aa1e","name":"La r\u00e9daction","image":{"@type":"ImageObject","inLanguage":"fr-FR","@id":"https:\/\/secure.gravatar.com\/avatar\/769db425c6f465158149f1ffd6cf61ce7a8a879d11dfbef8288af36dfddd418c?s=96&d=mm&r=g","url":"https:\/\/secure.gravatar.com\/avatar\/769db425c6f465158149f1ffd6cf61ce7a8a879d11dfbef8288af36dfddd418c?s=96&d=mm&r=g","contentUrl":"https:\/\/secure.gravatar.com\/avatar\/769db425c6f465158149f1ffd6cf61ce7a8a879d11dfbef8288af36dfddd418c?s=96&d=mm&r=g","caption":"La r\u00e9daction"},"sameAs":["http:\/\/www.lkeria.com\/"],"url":"https:\/\/www.info-algerie.com\/actualites\/author\/chakib32\/"}]}},"_links":{"self":[{"href":"https:\/\/www.info-algerie.com\/actualites\/wp-json\/wp\/v2\/posts\/18051","targetHints":{"allow":["GET"]}}],"collection":[{"href":"https:\/\/www.info-algerie.com\/actualites\/wp-json\/wp\/v2\/posts"}],"about":[{"href":"https:\/\/www.info-algerie.com\/actualites\/wp-json\/wp\/v2\/types\/post"}],"author":[{"embeddable":true,"href":"https:\/\/www.info-algerie.com\/actualites\/wp-json\/wp\/v2\/users\/6"}],"replies":[{"embeddable":true,"href":"https:\/\/www.info-algerie.com\/actualites\/wp-json\/wp\/v2\/comments?post=18051"}],"version-history":[{"count":0,"href":"https:\/\/www.info-algerie.com\/actualites\/wp-json\/wp\/v2\/posts\/18051\/revisions"}],"wp:attachment":[{"href":"https:\/\/www.info-algerie.com\/actualites\/wp-json\/wp\/v2\/media?parent=18051"}],"wp:term":[{"taxonomy":"category","embeddable":true,"href":"https:\/\/www.info-algerie.com\/actualites\/wp-json\/wp\/v2\/categories?post=18051"},{"taxonomy":"post_tag","embeddable":true,"href":"https:\/\/www.info-algerie.com\/actualites\/wp-json\/wp\/v2\/tags?post=18051"}],"curies":[{"name":"wp","href":"https:\/\/api.w.org\/{rel}","templated":true}]}}