{"id":18062,"date":"2017-11-15T17:39:56","date_gmt":"2017-11-15T16:39:56","guid":{"rendered":"http:\/\/www.info-algerie.com\/actualites\/lancement-officiel-de-la-technique-du-bracelet-electronique-pour-les-individus-poursuivis-en-justice\/"},"modified":"2017-11-15T17:39:56","modified_gmt":"2017-11-15T16:39:56","slug":"lancement-officiel-de-la-technique-du-bracelet-electronique-pour-les-individus-poursuivis-en-justice","status":"publish","type":"post","link":"https:\/\/www.info-algerie.com\/actualites\/lancement-officiel-de-la-technique-du-bracelet-electronique-pour-les-individus-poursuivis-en-justice\/","title":{"rendered":"Lancement officiel de la technique du bracelet \u00e9lectronique pour les individus poursuivis en justice"},"content":{"rendered":"<div class=\"K2FeedImage\"><img decoding=\"async\" src=\"https:\/\/www.info-algerie.com\/actualites\/wp-content\/uploads\/2017\/11\/212e40804952a947dbfcf5e6867e5c8f_S.jpg\" alt=\"Lancement officiel de la technique du bracelet &#xE9;lectronique pour les individus poursuivis en justice\" \/><\/div>\n<div class=\"K2FeedIntroText\">\n<p><strong>ALGER &#8211; La technique du <a href=\"http:\/\/www.aps.dz\/algerie\/65610-controle-judiciaire-le-bracelet-electronique-en-vigueur-a-partir-de-mercredi\" target=\"_blank\" rel=\"noopener noreferrer\">bracelet \u00e9lectronique<\/a> dont b\u00e9n\u00e9ficieront les individus poursuivis en justice en attendant que leur dossiers soient tranch\u00e9s par les juridictions comp\u00e9tentes, dans le cadre du respect du principe de la pr\u00e9somption d`innocence et en appui au caract\u00e8re exceptionnel de la d\u00e9tention provisoire, a \u00e9t\u00e9 officiellement lanc\u00e9e mercredi au tribunal de Bir Mourad Ra\u00efs.\u00a0<\/strong><\/p>\n<p>&#013;\n<\/p><\/div>\n<div class=\"K2FeedFullText\">&#013;<\/p>\n<p>Le Directeur de la prospection et de l&rsquo;organisation au minist\u00e8re de la Justice, Zerouala Kilani -qui a assist\u00e9 \u00e0 l&rsquo;utilisation de cette nouvelle technique sur un individu poursuivi en justice- a indiqu\u00e9 que \u00ab\u00a0cette mesure qui intervient dans le cadre des derniers amendements contenus dans le Code de proc\u00e9dure p\u00e9nale est \u00e0 m\u00eame de renforcer les libert\u00e9s individuelles et consacrer le principe de pr\u00e9somption d`innocence, en rempla\u00e7ant la surveillance judiciaire classique par une surveillance \u00e9lectronique qui sera g\u00e9n\u00e9ralis\u00e9e l&rsquo;ann\u00e9e prochaine aux autres tribunaux de la R\u00e9publique\u00a0\u00bb.\u00a0\u00a0<\/p>\n<p>&#013;<\/p>\n<p>\u00a0La mise de l&rsquo;individu poursuivi en justice -et non celui qui a \u00e9t\u00e9 condamn\u00e9 d\u00e9finitivement- sous surveillance \u00e9lectronique en attendant son proc\u00e8s lui \u00e9vitera le d\u00e9placement aux tribunaux et aux services de la police judiciaire pour la signature, dans le cadre de la surveillance judiciaire classique jusqu&rsquo;\u00e0 ce que son dossier soit tranch\u00e9 par les instances judiciaires, a-t-il indiqu\u00e9, rappelant que l&rsquo;Alg\u00e9rie est le deuxi\u00e8me pays, apr\u00e8s l&rsquo;Afrique du Sud, \u00e0 avoir adopt\u00e9 cette technique d\u00e9velopp\u00e9e.<\/p>\n<p>&#013;<\/p>\n<p>Le juge en charge du dossier est seul habilit\u00e9 \u00e0 d\u00e9signer les individus poursuivis en justice pouvant b\u00e9n\u00e9ficier de cette technique, indiquant que \u00ab\u00a0toute personne qui r\u00e9pond aux conditions de contr\u00f4le judiciaire, qui a un lieu de r\u00e9sidence d\u00e9termin\u00e9 et ne repr\u00e9sente aucun danger pour la soci\u00e9t\u00e9, pourrait en b\u00e9n\u00e9ficier\u00a0\u00bb.<\/p>\n<p>&#013;<\/p>\n<hr \/>\n<h3>Lire aussi : <a href=\"http:\/\/www.aps.dz\/algerie\/63999-louh-le-gouvernement-examinera-prochainement-un-projet-de-loi-relatif-a-la-protection-des-donnees-personnelles\" target=\"_blank\" rel=\"noopener noreferrer\">Le gouvernement examinera \u00ab\u00a0prochainement\u00a0\u00bb un projet de loi relatif \u00e0 la protection des donn\u00e9es personnelles<\/a><\/h3>\n<p>&#013;<\/p>\n<hr \/>\n<p>Le bracelet \u00e9lectronique comporte une puce \u00e9lectronique, des syst\u00e8mes de g\u00e9olocalisation et une batterie. Le bureau de surveillance est dot\u00e9 d&rsquo;un tableau de bord informatis\u00e9 permettant la surveillance de tous les d\u00e9placements du porteur du bracelet.\u00a0<\/p>\n<p>&#013;<\/p>\n<p>Les personnes mises sous surveillance \u00e9lectronique sont g\u00e9r\u00e9es par un programme informatique permettant la synchronisation des d\u00e9placements (lieux et heures) du pr\u00e9venu.<\/p>\n<p>&#013;<\/p>\n<p>Le porteur du bracelet \u00e9lectronique est tenu, durant toute la p\u00e9riode, de ne pas quitter la zone territoriale qui lui a \u00e9t\u00e9\u00a0 d\u00e9limit\u00e9e, sauf sur autorisation d\u00e9livr\u00e9e par le juge auteur de la m\u00eame d\u00e9cision, de ne pas se rendre sur les lieux pr\u00e9alablement fix\u00e9s dans la d\u00e9cision, et de ne pas aller \u00e0 la rencontre des personnes cit\u00e9es par le m\u00eame juge.\u00a0<\/p>\n<p>&#013;<\/p>\n<p>En cas de non-respect des conditions impos\u00e9es, il est fait application des m\u00eames peines classiques inflig\u00e9es pour les cas de contr\u00f4le judiciaire, \u00e0 savoir la convocation de la personne concern\u00e9e et son arrestation.\u00a0<\/p>\n<p>&#013;<\/p>\n<p>Outre le respect du principe de la pr\u00e9somption d&rsquo;innocence et de la libert\u00e9 des personnes poursuivies en justice, cette nouvelle technique contribuera \u00e9galement \u00e0 \u00e9viter la r\u00e9cidive, \u00e0 all\u00e9ger la pression sur les \u00e9tablissements p\u00e9nitenciers et \u00e0 rationaliser les d\u00e9penses, a estim\u00e9 le m\u00eame responsable.<\/p>\n<p>&#013;<\/p>\n<hr \/>\n<h3>Lire aussi : <a href=\"http:\/\/www.aps.dz\/algerie\/55923-r%C3%A9sultats-positifs-r%C3%A9alis%C3%A9s-par-l-alg%C3%A9rie-en-mati%C3%A8re-de-r%C3%A9insertion-des-prisonniers\" target=\"_blank\" rel=\"noopener noreferrer\">R\u00e9sultats positifs r\u00e9alis\u00e9s par l&rsquo;Alg\u00e9rie en mati\u00e8re de r\u00e9insertion des prisonniers<\/a><\/h3>\n<p>&#013;<\/p>\n<hr \/>\n<p>Il a, \u00e0 ce propos, fait savoir que le co\u00fbt li\u00e9 \u00e0 la mise au point de ce bracelet utilisable pour une dur\u00e9e de 10 ans,\u00a0 et qui ne d\u00e9passait pas les 10 milliards de centimes, \u00e9tait \u00ab\u00a0minime\u00a0\u00bb par rapport aux autres pays.\u00a0<\/p>\n<p>&#013;<\/p>\n<p>Le repr\u00e9sentant du minist\u00e8re de la Justice a, par ailleurs, rappel\u00e9 qu&rsquo;un autre projet de loi portant organisation des \u00e9tablissements p\u00e9nitentiaires et r\u00e9insertion sociale des d\u00e9tenus et qui a \u00e9t\u00e9 adopt\u00e9 en Conseil de ministres, en septembre dernier, pr\u00e9voit le placement sous surveillance \u00e9lectronique des d\u00e9tenus condamn\u00e9s \u00e0 des peines privatives de libert\u00e9.\u00a0<\/p>\n<p>&#013;<\/p>\n<p>Ce projet de loi qui sera pr\u00e9sent\u00e9 prochainement au parlement, devra autoriser le d\u00e9tenu condamn\u00e9 d\u00e9finitivement \u00e0 une peine ne d\u00e9passant pas trois (3) ans, peut \u00e0 sa demande ou sur d\u00e9cision du juge de l&rsquo;application des peines, \u00eatre lib\u00e9r\u00e9 et plac\u00e9 sous surveillance \u00e9lectronique, \u00e0 l&rsquo;aide d&rsquo;un bracelet \u00e9lectronique , et de ce fait, au lieu de purger le restant de sa peine en prison, le d\u00e9tenu peut le purger en dehors de l&rsquo;\u00e9tablissement p\u00e9nitentiaire et sera ainsi surveill\u00e9 par le biais de ce m\u00eame bracelet\u00a0\u00bb.\u00a0<\/p>\n<p>&#013;<\/p>\n<p class=\"MsoNormal\">Selon le m\u00eame texte de projet de loi, le d\u00e9tenu condamn\u00e9 \u00e0 une peine de plus de (3) ans,\u00a0\u00bb peut b\u00e9n\u00e9ficier de ce dispositif \u00e9lectronique, lorsque le restant de sa peine est de trois ann\u00e9es ou moins\u00a0\u00bb.\u00a0<\/p>\n<\/div>\n<p>&#013;<br \/>\nSource: <a href=\"http:\/\/www.aps.dz\/algerie\/65690-lancement-officiel-de-la-technique-du-bracelet-electronique-pour-les-individus-poursuivis-en-justice\" target=\"_blank\">Lancement officiel de la technique du bracelet \u00e9lectronique pour les individus poursuivis en justice<\/a><\/p>\n<!--CusAds0-->\n<div style=\"font-size: 0px; height: 0px; line-height: 0px; margin: 0; padding: 0; clear: both;\"><\/div>","protected":false},"excerpt":{"rendered":"<p>ALGER &#8211; La technique du bracelet \u00e9lectronique dont b\u00e9n\u00e9ficieront les individus poursuivis en justice en attendant que leur dossiers soient tranch\u00e9s par les juridictions comp\u00e9tentes, dans le cadre du respect du principe de la pr\u00e9somption d`innocence et en appui au caract\u00e8re exceptionnel de la d\u00e9tention provisoire, a \u00e9t\u00e9 officiellement lanc\u00e9e mercredi au tribunal de Bir<\/p>\n","protected":false},"author":6,"featured_media":18063,"comment_status":"open","ping_status":"open","sticky":false,"template":"","format":"standard","meta":{"footnotes":""},"categories":[22],"tags":[93],"class_list":["post-18062","post","type-post","status-publish","format-standard","has-post-thumbnail","hentry","category-infos","tag-onu"],"yoast_head":"<!-- This site is optimized with the Yoast SEO plugin v27.4 - https:\/\/yoast.com\/product\/yoast-seo-wordpress\/ -->\n<title>Lancement officiel de la technique du bracelet \u00e9lectronique pour les individus poursuivis en justice - info algerie<\/title>\n<meta name=\"robots\" content=\"index, follow, max-snippet:-1, max-image-preview:large, max-video-preview:-1\" \/>\n<link rel=\"canonical\" href=\"https:\/\/www.info-algerie.com\/actualites\/lancement-officiel-de-la-technique-du-bracelet-electronique-pour-les-individus-poursuivis-en-justice\/\" \/>\n<meta property=\"og:locale\" content=\"fr_FR\" \/>\n<meta property=\"og:type\" content=\"article\" \/>\n<meta property=\"og:title\" content=\"Lancement officiel de la technique du bracelet \u00e9lectronique pour les individus poursuivis en justice - info algerie\" \/>\n<meta property=\"og:description\" content=\"ALGER &#8211; La technique du bracelet \u00e9lectronique dont b\u00e9n\u00e9ficieront les individus poursuivis en justice en attendant que leur dossiers soient tranch\u00e9s par les juridictions comp\u00e9tentes, dans le cadre du respect du principe de la pr\u00e9somption d`innocence et en appui au caract\u00e8re exceptionnel de la d\u00e9tention provisoire, a \u00e9t\u00e9 officiellement lanc\u00e9e mercredi au tribunal de Bir\" \/>\n<meta property=\"og:url\" content=\"https:\/\/www.info-algerie.com\/actualites\/lancement-officiel-de-la-technique-du-bracelet-electronique-pour-les-individus-poursuivis-en-justice\/\" \/>\n<meta property=\"og:site_name\" content=\"info algerie\" \/>\n<meta property=\"article:publisher\" content=\"https:\/\/www.facebook.com\/infoalgerieactu\" \/>\n<meta property=\"article:published_time\" content=\"2017-11-15T16:39:56+00:00\" \/>\n<meta property=\"og:image\" content=\"https:\/\/www.info-algerie.com\/actualites\/wp-content\/uploads\/2017\/11\/212e40804952a947dbfcf5e6867e5c8f_S-1.jpg\" \/>\n\t<meta property=\"og:image:width\" content=\"280\" \/>\n\t<meta property=\"og:image:height\" content=\"169\" \/>\n\t<meta property=\"og:image:type\" content=\"image\/jpeg\" \/>\n<meta name=\"author\" content=\"La r\u00e9daction\" \/>\n<meta name=\"twitter:label1\" content=\"\u00c9crit par\" \/>\n\t<meta name=\"twitter:data1\" content=\"La r\u00e9daction\" \/>\n\t<meta name=\"twitter:label2\" content=\"Dur\u00e9e de lecture estim\u00e9e\" \/>\n\t<meta name=\"twitter:data2\" content=\"4 minutes\" \/>\n<script type=\"application\/ld+json\" class=\"yoast-schema-graph\">{\"@context\":\"https:\\\/\\\/schema.org\",\"@graph\":[{\"@type\":\"Article\",\"@id\":\"https:\\\/\\\/www.info-algerie.com\\\/actualites\\\/lancement-officiel-de-la-technique-du-bracelet-electronique-pour-les-individus-poursuivis-en-justice\\\/#article\",\"isPartOf\":{\"@id\":\"https:\\\/\\\/www.info-algerie.com\\\/actualites\\\/lancement-officiel-de-la-technique-du-bracelet-electronique-pour-les-individus-poursuivis-en-justice\\\/\"},\"author\":{\"name\":\"La r\u00e9daction\",\"@id\":\"https:\\\/\\\/www.info-algerie.com\\\/actualites\\\/#\\\/schema\\\/person\\\/847aaec44920825b843a08f30ec6aa1e\"},\"headline\":\"Lancement officiel de la technique du bracelet \u00e9lectronique pour les individus poursuivis en justice\",\"datePublished\":\"2017-11-15T16:39:56+00:00\",\"mainEntityOfPage\":{\"@id\":\"https:\\\/\\\/www.info-algerie.com\\\/actualites\\\/lancement-officiel-de-la-technique-du-bracelet-electronique-pour-les-individus-poursuivis-en-justice\\\/\"},\"wordCount\":843,\"commentCount\":0,\"publisher\":{\"@id\":\"https:\\\/\\\/www.info-algerie.com\\\/actualites\\\/#organization\"},\"image\":{\"@id\":\"https:\\\/\\\/www.info-algerie.com\\\/actualites\\\/lancement-officiel-de-la-technique-du-bracelet-electronique-pour-les-individus-poursuivis-en-justice\\\/#primaryimage\"},\"thumbnailUrl\":\"https:\\\/\\\/www.info-algerie.com\\\/actualites\\\/wp-content\\\/uploads\\\/2017\\\/11\\\/212e40804952a947dbfcf5e6867e5c8f_S-1.jpg\",\"keywords\":[\"ONU\"],\"articleSection\":[\"infos\"],\"inLanguage\":\"fr-FR\",\"potentialAction\":[{\"@type\":\"CommentAction\",\"name\":\"Comment\",\"target\":[\"https:\\\/\\\/www.info-algerie.com\\\/actualites\\\/lancement-officiel-de-la-technique-du-bracelet-electronique-pour-les-individus-poursuivis-en-justice\\\/#respond\"]}]},{\"@type\":\"WebPage\",\"@id\":\"https:\\\/\\\/www.info-algerie.com\\\/actualites\\\/lancement-officiel-de-la-technique-du-bracelet-electronique-pour-les-individus-poursuivis-en-justice\\\/\",\"url\":\"https:\\\/\\\/www.info-algerie.com\\\/actualites\\\/lancement-officiel-de-la-technique-du-bracelet-electronique-pour-les-individus-poursuivis-en-justice\\\/\",\"name\":\"Lancement officiel de la technique du bracelet \u00e9lectronique pour les individus poursuivis en justice - info algerie\",\"isPartOf\":{\"@id\":\"https:\\\/\\\/www.info-algerie.com\\\/actualites\\\/#website\"},\"primaryImageOfPage\":{\"@id\":\"https:\\\/\\\/www.info-algerie.com\\\/actualites\\\/lancement-officiel-de-la-technique-du-bracelet-electronique-pour-les-individus-poursuivis-en-justice\\\/#primaryimage\"},\"image\":{\"@id\":\"https:\\\/\\\/www.info-algerie.com\\\/actualites\\\/lancement-officiel-de-la-technique-du-bracelet-electronique-pour-les-individus-poursuivis-en-justice\\\/#primaryimage\"},\"thumbnailUrl\":\"https:\\\/\\\/www.info-algerie.com\\\/actualites\\\/wp-content\\\/uploads\\\/2017\\\/11\\\/212e40804952a947dbfcf5e6867e5c8f_S-1.jpg\",\"datePublished\":\"2017-11-15T16:39:56+00:00\",\"breadcrumb\":{\"@id\":\"https:\\\/\\\/www.info-algerie.com\\\/actualites\\\/lancement-officiel-de-la-technique-du-bracelet-electronique-pour-les-individus-poursuivis-en-justice\\\/#breadcrumb\"},\"inLanguage\":\"fr-FR\",\"potentialAction\":[{\"@type\":\"ReadAction\",\"target\":[\"https:\\\/\\\/www.info-algerie.com\\\/actualites\\\/lancement-officiel-de-la-technique-du-bracelet-electronique-pour-les-individus-poursuivis-en-justice\\\/\"]}]},{\"@type\":\"ImageObject\",\"inLanguage\":\"fr-FR\",\"@id\":\"https:\\\/\\\/www.info-algerie.com\\\/actualites\\\/lancement-officiel-de-la-technique-du-bracelet-electronique-pour-les-individus-poursuivis-en-justice\\\/#primaryimage\",\"url\":\"https:\\\/\\\/www.info-algerie.com\\\/actualites\\\/wp-content\\\/uploads\\\/2017\\\/11\\\/212e40804952a947dbfcf5e6867e5c8f_S-1.jpg\",\"contentUrl\":\"https:\\\/\\\/www.info-algerie.com\\\/actualites\\\/wp-content\\\/uploads\\\/2017\\\/11\\\/212e40804952a947dbfcf5e6867e5c8f_S-1.jpg\",\"width\":280,\"height\":169},{\"@type\":\"BreadcrumbList\",\"@id\":\"https:\\\/\\\/www.info-algerie.com\\\/actualites\\\/lancement-officiel-de-la-technique-du-bracelet-electronique-pour-les-individus-poursuivis-en-justice\\\/#breadcrumb\",\"itemListElement\":[{\"@type\":\"ListItem\",\"position\":1,\"name\":\"Accueil\",\"item\":\"https:\\\/\\\/www.info-algerie.com\\\/actualites\\\/\"},{\"@type\":\"ListItem\",\"position\":2,\"name\":\"Lancement officiel de la technique du bracelet \u00e9lectronique pour les individus poursuivis en justice\"}]},{\"@type\":\"WebSite\",\"@id\":\"https:\\\/\\\/www.info-algerie.com\\\/actualites\\\/#website\",\"url\":\"https:\\\/\\\/www.info-algerie.com\\\/actualites\\\/\",\"name\":\"info algerie\",\"description\":\"Toutes les actualit\u00e9s\",\"publisher\":{\"@id\":\"https:\\\/\\\/www.info-algerie.com\\\/actualites\\\/#organization\"},\"potentialAction\":[{\"@type\":\"SearchAction\",\"target\":{\"@type\":\"EntryPoint\",\"urlTemplate\":\"https:\\\/\\\/www.info-algerie.com\\\/actualites\\\/?s={search_term_string}\"},\"query-input\":{\"@type\":\"PropertyValueSpecification\",\"valueRequired\":true,\"valueName\":\"search_term_string\"}}],\"inLanguage\":\"fr-FR\"},{\"@type\":\"Organization\",\"@id\":\"https:\\\/\\\/www.info-algerie.com\\\/actualites\\\/#organization\",\"name\":\"info algerie\",\"url\":\"https:\\\/\\\/www.info-algerie.com\\\/actualites\\\/\",\"logo\":{\"@type\":\"ImageObject\",\"inLanguage\":\"fr-FR\",\"@id\":\"https:\\\/\\\/www.info-algerie.com\\\/actualites\\\/#\\\/schema\\\/logo\\\/image\\\/\",\"url\":\"https:\\\/\\\/www.info-algerie.com\\\/actualites\\\/wp-content\\\/uploads\\\/2022\\\/07\\\/logo-ia-120.png\",\"contentUrl\":\"https:\\\/\\\/www.info-algerie.com\\\/actualites\\\/wp-content\\\/uploads\\\/2022\\\/07\\\/logo-ia-120.png\",\"width\":120,\"height\":43,\"caption\":\"info algerie\"},\"image\":{\"@id\":\"https:\\\/\\\/www.info-algerie.com\\\/actualites\\\/#\\\/schema\\\/logo\\\/image\\\/\"},\"sameAs\":[\"https:\\\/\\\/www.facebook.com\\\/infoalgerieactu\",\"https:\\\/\\\/x.com\\\/infoalgerie1\"]},{\"@type\":\"Person\",\"@id\":\"https:\\\/\\\/www.info-algerie.com\\\/actualites\\\/#\\\/schema\\\/person\\\/847aaec44920825b843a08f30ec6aa1e\",\"name\":\"La r\u00e9daction\",\"image\":{\"@type\":\"ImageObject\",\"inLanguage\":\"fr-FR\",\"@id\":\"https:\\\/\\\/secure.gravatar.com\\\/avatar\\\/769db425c6f465158149f1ffd6cf61ce7a8a879d11dfbef8288af36dfddd418c?s=96&d=mm&r=g\",\"url\":\"https:\\\/\\\/secure.gravatar.com\\\/avatar\\\/769db425c6f465158149f1ffd6cf61ce7a8a879d11dfbef8288af36dfddd418c?s=96&d=mm&r=g\",\"contentUrl\":\"https:\\\/\\\/secure.gravatar.com\\\/avatar\\\/769db425c6f465158149f1ffd6cf61ce7a8a879d11dfbef8288af36dfddd418c?s=96&d=mm&r=g\",\"caption\":\"La r\u00e9daction\"},\"sameAs\":[\"http:\\\/\\\/www.lkeria.com\\\/\"],\"url\":\"https:\\\/\\\/www.info-algerie.com\\\/actualites\\\/author\\\/chakib32\\\/\"}]}<\/script>\n<!-- \/ Yoast SEO plugin. -->","yoast_head_json":{"title":"Lancement officiel de la technique du bracelet \u00e9lectronique pour les individus poursuivis en justice - info algerie","robots":{"index":"index","follow":"follow","max-snippet":"max-snippet:-1","max-image-preview":"max-image-preview:large","max-video-preview":"max-video-preview:-1"},"canonical":"https:\/\/www.info-algerie.com\/actualites\/lancement-officiel-de-la-technique-du-bracelet-electronique-pour-les-individus-poursuivis-en-justice\/","og_locale":"fr_FR","og_type":"article","og_title":"Lancement officiel de la technique du bracelet \u00e9lectronique pour les individus poursuivis en justice - info algerie","og_description":"ALGER &#8211; La technique du bracelet \u00e9lectronique dont b\u00e9n\u00e9ficieront les individus poursuivis en justice en attendant que leur dossiers soient tranch\u00e9s par les juridictions comp\u00e9tentes, dans le cadre du respect du principe de la pr\u00e9somption d`innocence et en appui au caract\u00e8re exceptionnel de la d\u00e9tention provisoire, a \u00e9t\u00e9 officiellement lanc\u00e9e mercredi au tribunal de Bir","og_url":"https:\/\/www.info-algerie.com\/actualites\/lancement-officiel-de-la-technique-du-bracelet-electronique-pour-les-individus-poursuivis-en-justice\/","og_site_name":"info algerie","article_publisher":"https:\/\/www.facebook.com\/infoalgerieactu","article_published_time":"2017-11-15T16:39:56+00:00","og_image":[{"width":280,"height":169,"url":"https:\/\/www.info-algerie.com\/actualites\/wp-content\/uploads\/2017\/11\/212e40804952a947dbfcf5e6867e5c8f_S-1.jpg","type":"image\/jpeg"}],"author":"La r\u00e9daction","twitter_misc":{"\u00c9crit par":"La r\u00e9daction","Dur\u00e9e de lecture estim\u00e9e":"4 minutes"},"schema":{"@context":"https:\/\/schema.org","@graph":[{"@type":"Article","@id":"https:\/\/www.info-algerie.com\/actualites\/lancement-officiel-de-la-technique-du-bracelet-electronique-pour-les-individus-poursuivis-en-justice\/#article","isPartOf":{"@id":"https:\/\/www.info-algerie.com\/actualites\/lancement-officiel-de-la-technique-du-bracelet-electronique-pour-les-individus-poursuivis-en-justice\/"},"author":{"name":"La r\u00e9daction","@id":"https:\/\/www.info-algerie.com\/actualites\/#\/schema\/person\/847aaec44920825b843a08f30ec6aa1e"},"headline":"Lancement officiel de la technique du bracelet \u00e9lectronique pour les individus poursuivis en justice","datePublished":"2017-11-15T16:39:56+00:00","mainEntityOfPage":{"@id":"https:\/\/www.info-algerie.com\/actualites\/lancement-officiel-de-la-technique-du-bracelet-electronique-pour-les-individus-poursuivis-en-justice\/"},"wordCount":843,"commentCount":0,"publisher":{"@id":"https:\/\/www.info-algerie.com\/actualites\/#organization"},"image":{"@id":"https:\/\/www.info-algerie.com\/actualites\/lancement-officiel-de-la-technique-du-bracelet-electronique-pour-les-individus-poursuivis-en-justice\/#primaryimage"},"thumbnailUrl":"https:\/\/www.info-algerie.com\/actualites\/wp-content\/uploads\/2017\/11\/212e40804952a947dbfcf5e6867e5c8f_S-1.jpg","keywords":["ONU"],"articleSection":["infos"],"inLanguage":"fr-FR","potentialAction":[{"@type":"CommentAction","name":"Comment","target":["https:\/\/www.info-algerie.com\/actualites\/lancement-officiel-de-la-technique-du-bracelet-electronique-pour-les-individus-poursuivis-en-justice\/#respond"]}]},{"@type":"WebPage","@id":"https:\/\/www.info-algerie.com\/actualites\/lancement-officiel-de-la-technique-du-bracelet-electronique-pour-les-individus-poursuivis-en-justice\/","url":"https:\/\/www.info-algerie.com\/actualites\/lancement-officiel-de-la-technique-du-bracelet-electronique-pour-les-individus-poursuivis-en-justice\/","name":"Lancement officiel de la technique du bracelet \u00e9lectronique pour les individus poursuivis en justice - info algerie","isPartOf":{"@id":"https:\/\/www.info-algerie.com\/actualites\/#website"},"primaryImageOfPage":{"@id":"https:\/\/www.info-algerie.com\/actualites\/lancement-officiel-de-la-technique-du-bracelet-electronique-pour-les-individus-poursuivis-en-justice\/#primaryimage"},"image":{"@id":"https:\/\/www.info-algerie.com\/actualites\/lancement-officiel-de-la-technique-du-bracelet-electronique-pour-les-individus-poursuivis-en-justice\/#primaryimage"},"thumbnailUrl":"https:\/\/www.info-algerie.com\/actualites\/wp-content\/uploads\/2017\/11\/212e40804952a947dbfcf5e6867e5c8f_S-1.jpg","datePublished":"2017-11-15T16:39:56+00:00","breadcrumb":{"@id":"https:\/\/www.info-algerie.com\/actualites\/lancement-officiel-de-la-technique-du-bracelet-electronique-pour-les-individus-poursuivis-en-justice\/#breadcrumb"},"inLanguage":"fr-FR","potentialAction":[{"@type":"ReadAction","target":["https:\/\/www.info-algerie.com\/actualites\/lancement-officiel-de-la-technique-du-bracelet-electronique-pour-les-individus-poursuivis-en-justice\/"]}]},{"@type":"ImageObject","inLanguage":"fr-FR","@id":"https:\/\/www.info-algerie.com\/actualites\/lancement-officiel-de-la-technique-du-bracelet-electronique-pour-les-individus-poursuivis-en-justice\/#primaryimage","url":"https:\/\/www.info-algerie.com\/actualites\/wp-content\/uploads\/2017\/11\/212e40804952a947dbfcf5e6867e5c8f_S-1.jpg","contentUrl":"https:\/\/www.info-algerie.com\/actualites\/wp-content\/uploads\/2017\/11\/212e40804952a947dbfcf5e6867e5c8f_S-1.jpg","width":280,"height":169},{"@type":"BreadcrumbList","@id":"https:\/\/www.info-algerie.com\/actualites\/lancement-officiel-de-la-technique-du-bracelet-electronique-pour-les-individus-poursuivis-en-justice\/#breadcrumb","itemListElement":[{"@type":"ListItem","position":1,"name":"Accueil","item":"https:\/\/www.info-algerie.com\/actualites\/"},{"@type":"ListItem","position":2,"name":"Lancement officiel de la technique du bracelet \u00e9lectronique pour les individus poursuivis en justice"}]},{"@type":"WebSite","@id":"https:\/\/www.info-algerie.com\/actualites\/#website","url":"https:\/\/www.info-algerie.com\/actualites\/","name":"info algerie","description":"Toutes les actualit\u00e9s","publisher":{"@id":"https:\/\/www.info-algerie.com\/actualites\/#organization"},"potentialAction":[{"@type":"SearchAction","target":{"@type":"EntryPoint","urlTemplate":"https:\/\/www.info-algerie.com\/actualites\/?s={search_term_string}"},"query-input":{"@type":"PropertyValueSpecification","valueRequired":true,"valueName":"search_term_string"}}],"inLanguage":"fr-FR"},{"@type":"Organization","@id":"https:\/\/www.info-algerie.com\/actualites\/#organization","name":"info algerie","url":"https:\/\/www.info-algerie.com\/actualites\/","logo":{"@type":"ImageObject","inLanguage":"fr-FR","@id":"https:\/\/www.info-algerie.com\/actualites\/#\/schema\/logo\/image\/","url":"https:\/\/www.info-algerie.com\/actualites\/wp-content\/uploads\/2022\/07\/logo-ia-120.png","contentUrl":"https:\/\/www.info-algerie.com\/actualites\/wp-content\/uploads\/2022\/07\/logo-ia-120.png","width":120,"height":43,"caption":"info algerie"},"image":{"@id":"https:\/\/www.info-algerie.com\/actualites\/#\/schema\/logo\/image\/"},"sameAs":["https:\/\/www.facebook.com\/infoalgerieactu","https:\/\/x.com\/infoalgerie1"]},{"@type":"Person","@id":"https:\/\/www.info-algerie.com\/actualites\/#\/schema\/person\/847aaec44920825b843a08f30ec6aa1e","name":"La r\u00e9daction","image":{"@type":"ImageObject","inLanguage":"fr-FR","@id":"https:\/\/secure.gravatar.com\/avatar\/769db425c6f465158149f1ffd6cf61ce7a8a879d11dfbef8288af36dfddd418c?s=96&d=mm&r=g","url":"https:\/\/secure.gravatar.com\/avatar\/769db425c6f465158149f1ffd6cf61ce7a8a879d11dfbef8288af36dfddd418c?s=96&d=mm&r=g","contentUrl":"https:\/\/secure.gravatar.com\/avatar\/769db425c6f465158149f1ffd6cf61ce7a8a879d11dfbef8288af36dfddd418c?s=96&d=mm&r=g","caption":"La r\u00e9daction"},"sameAs":["http:\/\/www.lkeria.com\/"],"url":"https:\/\/www.info-algerie.com\/actualites\/author\/chakib32\/"}]}},"_links":{"self":[{"href":"https:\/\/www.info-algerie.com\/actualites\/wp-json\/wp\/v2\/posts\/18062","targetHints":{"allow":["GET"]}}],"collection":[{"href":"https:\/\/www.info-algerie.com\/actualites\/wp-json\/wp\/v2\/posts"}],"about":[{"href":"https:\/\/www.info-algerie.com\/actualites\/wp-json\/wp\/v2\/types\/post"}],"author":[{"embeddable":true,"href":"https:\/\/www.info-algerie.com\/actualites\/wp-json\/wp\/v2\/users\/6"}],"replies":[{"embeddable":true,"href":"https:\/\/www.info-algerie.com\/actualites\/wp-json\/wp\/v2\/comments?post=18062"}],"version-history":[{"count":0,"href":"https:\/\/www.info-algerie.com\/actualites\/wp-json\/wp\/v2\/posts\/18062\/revisions"}],"wp:featuredmedia":[{"embeddable":true,"href":"https:\/\/www.info-algerie.com\/actualites\/wp-json\/wp\/v2\/media\/18063"}],"wp:attachment":[{"href":"https:\/\/www.info-algerie.com\/actualites\/wp-json\/wp\/v2\/media?parent=18062"}],"wp:term":[{"taxonomy":"category","embeddable":true,"href":"https:\/\/www.info-algerie.com\/actualites\/wp-json\/wp\/v2\/categories?post=18062"},{"taxonomy":"post_tag","embeddable":true,"href":"https:\/\/www.info-algerie.com\/actualites\/wp-json\/wp\/v2\/tags?post=18062"}],"curies":[{"name":"wp","href":"https:\/\/api.w.org\/{rel}","templated":true}]}}