{"id":18073,"date":"2017-11-16T08:55:08","date_gmt":"2017-11-16T07:55:08","guid":{"rendered":"http:\/\/www.info-algerie.com\/actualites\/developpement-et-protection-sociale-lalgerie-a-franchi-de-grands-pas\/"},"modified":"2017-11-16T08:55:08","modified_gmt":"2017-11-16T07:55:08","slug":"developpement-et-protection-sociale-lalgerie-a-franchi-de-grands-pas","status":"publish","type":"post","link":"https:\/\/www.info-algerie.com\/actualites\/developpement-et-protection-sociale-lalgerie-a-franchi-de-grands-pas\/","title":{"rendered":"D\u00e9veloppement et protection sociale: l&#039;Alg\u00e9rie a franchi de &quot;grands pas&quot;"},"content":{"rendered":"<div class=\"K2FeedImage\"><img decoding=\"async\" src=\"https:\/\/www.info-algerie.com\/actualites\/wp-content\/uploads\/2017\/11\/5891b3aef5453bed60bde919b82e17fe_S.jpg\" \/><\/div>\n<div class=\"K2FeedIntroText\">\n<p><strong>ALGER &#8211; La ministre de la Solidarit\u00e9 nationale, de la Famille et de la Condition de la femme, Ghania Eddalia, a affirm\u00e9 \u00e0 Kowe\u00eft que l&rsquo;Alg\u00e9rie avait franchi de \u00ab\u00a0grandes pas\u00a0\u00bb en mati\u00e8re de d\u00e9veloppement et de protection sociale, y compris la lutte contre la <a href=\"http:\/\/www.aps.dz\/monde\/65656-fao-le-changement-climatique-responsable-de-la-faim-et-de-la-pauvrete-de-millions-de-personnes\">pauvret\u00e9<\/a>.<\/strong><\/p>\n<p>&#013;\n<\/p><\/div>\n<div class=\"K2FeedFullText\">&#013;<\/p>\n<p>Dans une allocution lors de la 37e session du Conseil des ministres arabes des affaires sociales qui se tient \u00e0 Kowe\u00eft city du 12 au 14 novembre en cours, Mme Eddalia a pr\u00e9cis\u00e9 que l&rsquo;Alg\u00e9rie \u00ab\u00a0a franchi de grands pas en\u00a0 mati\u00e8re de d\u00e9veloppement et de protection sociale, y compris la lutte contre la <strong><a href=\"http:\/\/www.aps.dz\/economie\/64300-afrique-la-bad-developpe-une-nouvelle-initiative-contre-la-pauvrete\">pauvret\u00e9<\/a><\/strong>, en application de la politique judicieuse du pr\u00e9sident de la R\u00e9publique, Abdelaziz Bouteflika, reposant sur la protection de toutes les composantes de la soci\u00e9t\u00e9\u00a0\u00bb.<\/p>\n<p>&#013;<\/p>\n<blockquote><p>&#013;<\/p>\n<p><strong><em>\u00ab\u00a0L&rsquo;Alg\u00e9rie a fait du d\u00e9veloppement humain avec toutes ses dimensions une fin en soi dans sa politique socio-\u00e9conomique, ce qui a permis d&rsquo;atteindre plusieurs objectifs sociaux dans plusieurs domaines, notamment la sant\u00e9,\u00a0 l&rsquo;enseignement, l&rsquo;habitat, l&rsquo;\u00e9radication de la pauvret\u00e9 et du ch\u00f4mage\u00a0\u00bb.<\/em><\/strong><\/p>\n<p>&#013;\n<\/p><\/blockquote>\n<p>&#013;<\/p>\n<hr \/>\n<h3>Lire aussi:\u00a0<a href=\"http:\/\/www.aps.dz\/societe\/64060-politique-nationale-de-solidarite-plus-de-3-millions-de-personnes-ont-beneficie-d-aide-et-d-emploi\" target=\"_blank\" rel=\"noopener noreferrer\">Politique nationale de solidarit\u00e9: plus de 3 millions de personnes ont b\u00e9n\u00e9fici\u00e9 d&rsquo;aide et d&#8217;emploi<\/a><\/h3>\n<p>&#013;<\/p>\n<hr \/>\n<p>La ministre a mis l&rsquo;accent dans son intervention sur le \u00ab\u00a0soutien de l&rsquo;Alg\u00e9rie \u00e0 toutes les initiatives arabes et \u00e0 l&rsquo;\u00e9change des exp\u00e9riences dans diff\u00e9rents domaines relevant du secteur de la solidarit\u00e9\u00a0\u00bb.<\/p>\n<p>&#013;<\/p>\n<blockquote><p>&#013;<\/p>\n<p><em><strong>\u00ab\u00a0L&rsquo;Alg\u00e9rie soutient les initiatives visant l&rsquo;\u00e9radication de la <a href=\"http:\/\/www.aps.dz\/monde\/64072-l-onu-appelle-a-combattre-la-faim-la-pauvrete-et-les-conflits-dans-le-monde\">pauvret\u00e9<\/a> pluridimensionnelle, la <a href=\"http:\/\/www.aps.dz\/algerie\/58902-personnes-agees-l-applicabilite-du-dispositif-juridique-en-question-cndh\">prise en charge effective des cat\u00e9gories d\u00e9munies<\/a> dans la soci\u00e9t\u00e9 et le soutien et le renforcement des capacit\u00e9s de la femme arabe sur les plans socio-\u00e9conomique et politique. Elle ouvre \u00e9galement \u00e0 dynamiser la question li\u00e9e \u00e0 la parit\u00e9 homme\/femme et \u00e0 l&rsquo;\u00e9galit\u00e9 des chances\u00a0\u00bb, a-t-elle soutenu.<\/strong><\/em><\/p>\n<p>&#013;\n<\/p><\/blockquote>\n<p>&#013;<\/p>\n<p>Mme <strong><a href=\"http:\/\/www.aps.dz\/societe\/58975-solidarite-nationale-un-guide-de-protection-des-personnes-agees-publie-sur-le-site-web-du-ministere\">Eddalia<\/a><\/strong> a rappel\u00e9 en outre que l&rsquo;Alg\u00e9rie \u00ab\u00a0appuie les initiatives arabes ayant pour objectif de renforcer le r\u00f4le de la famille dans la soci\u00e9t\u00e9 pour promouvoir les hautes valeurs par souci de pr\u00e9servation de la coh\u00e9sion sociale, la prise en charge des enfants et la promotion de leurs droits, la prise en charge des <a href=\"http:\/\/www.aps.dz\/societe\/63517-nous-oeuvrons-a-donner-la-plus-grande-autonomie-possible-aux-personnes-handicapees\"><strong>personnes aux besoins sp\u00e9cifiques<\/strong> <\/a>et la protection des <strong><a href=\"http:\/\/www.aps.dz\/regions\/63451-mecanisme-de-mediation-familiale-net-recul-du-nombre-de-pensionnaires-des-foyers-pour-personnes-agees-a-alger\">personnes \u00e2g\u00e9es<\/a><\/strong>\u00ab\u00a0.<\/p>\n<p>&#013;<\/p>\n<p>La ministre a inform\u00e9 les participants \u00e0 cette session de la \u00ab\u00a0r\u00e9forme radicale de la politique sociale de l&rsquo;Etat, y compris la consolidation de l&rsquo;action sociale de l&rsquo;Etat \u00e0 travers la cr\u00e9ation de l&rsquo;Agence de d\u00e9veloppement social (ADS), charg\u00e9e de la gestion et du suivi des programmes sociaux destin\u00e9s aux diff\u00e9rentes cat\u00e9gories qui se trouvent en difficult\u00e9 sociale\u00a0\u00bb.<\/p>\n<p>&#013;<\/p>\n<hr \/>\n<h3>Lire aussi:\u00a0<a href=\"http:\/\/www.aps.dz\/algerie\/62728-plan-d-action-du-gouvernement-poursuivre-la-politique-nationale-de-developpement-social\" target=\"_blank\" rel=\"noopener noreferrer\">Plan d&rsquo;action du gouvernement: poursuivre la politique nationale de d\u00e9veloppement social<\/a><\/h3>\n<p>&#013;<\/p>\n<hr \/>\n<p>Dans son intervention, la ministre a pr\u00e9sent\u00e9 les objectifs de l&rsquo;ADS, \u00e0 savoir \u00ab\u00a0la protection sociale des personnes\u00a0 qui se trouvent en situation difficile, notamment les jeunes ch\u00f4meurs, l&rsquo;adaptation sociale des personnes handicap\u00e9es, l&rsquo;int\u00e9gration sociale des personnes qui ont perdu les liens sociaux avec leur entourage pour diff\u00e9rentes raisons, ainsi que la promotion sociale des personnes qui disposent les capacit\u00e9s d&rsquo;am\u00e9liorer leurs conditions de vie\u00a0\u00bb.<\/p>\n<p>&#013;<\/p>\n<p>Par ailleurs, la ministre a mis l&rsquo;accent sur la politique du micro-cr\u00e9dit adopt\u00e9e par l&rsquo;Alg\u00e9rie pour lutter contre la <strong><a href=\"http:\/\/www.aps.dz\/monde\/62547-la-pauvrete-et-les-conflits-ont-entrave-les-progres-en-matiere-de-scolarisation-dans-le-monde\">pauvret\u00e9<\/a><\/strong> \u00e0 travers la cr\u00e9ation de l&rsquo;Agence nationale de gestion du Microcr\u00e9dit (ANGEM), qui est un outil d&rsquo;aide aux personnes en ch\u00f4mage, qui ont un travail instable ou ceux qui n&rsquo;ont pas de revenu, notamment les femmes.<\/p>\n<p>&#013;<\/p>\n<p class=\"MsoNormal\">La ministre a consacr\u00e9 une partie de son intervention\u00a0 pour expliquer la politique alg\u00e9rienne en mati\u00e8re de prise en charge et de protection des personnes \u00e2g\u00e9es, soulignant l&rsquo;arsenal juridique mis en place pour prot\u00e9ger les personnes \u00e2g\u00e9es et pr\u00e9server leur place sociale et leur dignit\u00e9.<\/p>\n<\/div>\n<p>&#013;<br \/>\nSource: <a href=\"http:\/\/www.aps.dz\/algerie\/65701-developpement-et-protection-sociale-l-algerie-a-franchi-de-grands-pas\" target=\"_blank\">D\u00e9veloppement et protection sociale: l&rsquo;Alg\u00e9rie a franchi de \u00ab\u00a0grands pas\u00a0\u00bb<\/a><\/p>\n<!--CusAds0-->\n<div style=\"font-size: 0px; height: 0px; line-height: 0px; margin: 0; padding: 0; clear: both;\"><\/div>","protected":false},"excerpt":{"rendered":"<p>ALGER &#8211; La ministre de la Solidarit\u00e9 nationale, de la Famille et de la Condition de la femme, Ghania Eddalia, a affirm\u00e9 \u00e0 Kowe\u00eft que l&rsquo;Alg\u00e9rie avait franchi de \u00ab\u00a0grandes pas\u00a0\u00bb en mati\u00e8re de d\u00e9veloppement et de protection sociale, y compris la lutte contre la pauvret\u00e9. &#013; &#013; Dans une allocution lors de la 37e<\/p>\n","protected":false},"author":6,"featured_media":18074,"comment_status":"open","ping_status":"open","sticky":false,"template":"","format":"standard","meta":{"footnotes":""},"categories":[22],"tags":[93],"class_list":["post-18073","post","type-post","status-publish","format-standard","has-post-thumbnail","hentry","category-infos","tag-onu"],"yoast_head":"<!-- This site is optimized with the Yoast SEO plugin v27.4 - https:\/\/yoast.com\/product\/yoast-seo-wordpress\/ -->\n<title>D\u00e9veloppement et protection sociale: l&#039;Alg\u00e9rie a franchi de &quot;grands pas&quot; - info algerie<\/title>\n<meta name=\"robots\" content=\"index, follow, max-snippet:-1, max-image-preview:large, max-video-preview:-1\" \/>\n<link rel=\"canonical\" href=\"https:\/\/www.info-algerie.com\/actualites\/developpement-et-protection-sociale-lalgerie-a-franchi-de-grands-pas\/\" \/>\n<meta property=\"og:locale\" content=\"fr_FR\" \/>\n<meta property=\"og:type\" content=\"article\" \/>\n<meta property=\"og:title\" content=\"D\u00e9veloppement et protection sociale: l&#039;Alg\u00e9rie a franchi de &quot;grands pas&quot; - info algerie\" \/>\n<meta property=\"og:description\" content=\"ALGER &#8211; La ministre de la Solidarit\u00e9 nationale, de la Famille et de la Condition de la femme, Ghania Eddalia, a affirm\u00e9 \u00e0 Kowe\u00eft que l&rsquo;Alg\u00e9rie avait franchi de \u00ab\u00a0grandes pas\u00a0\u00bb en mati\u00e8re de d\u00e9veloppement et de protection sociale, y compris la lutte contre la pauvret\u00e9. &#013; &#013; Dans une allocution lors de la 37e\" \/>\n<meta property=\"og:url\" content=\"https:\/\/www.info-algerie.com\/actualites\/developpement-et-protection-sociale-lalgerie-a-franchi-de-grands-pas\/\" \/>\n<meta property=\"og:site_name\" content=\"info algerie\" \/>\n<meta property=\"article:publisher\" content=\"https:\/\/www.facebook.com\/infoalgerieactu\" \/>\n<meta property=\"article:published_time\" content=\"2017-11-16T07:55:08+00:00\" \/>\n<meta property=\"og:image\" content=\"https:\/\/www.info-algerie.com\/actualites\/wp-content\/uploads\/2017\/11\/5891b3aef5453bed60bde919b82e17fe_S-1.jpg\" \/>\n\t<meta property=\"og:image:width\" content=\"280\" \/>\n\t<meta property=\"og:image:height\" content=\"169\" \/>\n\t<meta property=\"og:image:type\" content=\"image\/jpeg\" \/>\n<meta name=\"author\" content=\"La r\u00e9daction\" \/>\n<meta name=\"twitter:label1\" content=\"\u00c9crit par\" \/>\n\t<meta name=\"twitter:data1\" content=\"La r\u00e9daction\" \/>\n\t<meta name=\"twitter:label2\" content=\"Dur\u00e9e de lecture estim\u00e9e\" \/>\n\t<meta name=\"twitter:data2\" content=\"3 minutes\" \/>\n<script type=\"application\/ld+json\" class=\"yoast-schema-graph\">{\"@context\":\"https:\\\/\\\/schema.org\",\"@graph\":[{\"@type\":\"Article\",\"@id\":\"https:\\\/\\\/www.info-algerie.com\\\/actualites\\\/developpement-et-protection-sociale-lalgerie-a-franchi-de-grands-pas\\\/#article\",\"isPartOf\":{\"@id\":\"https:\\\/\\\/www.info-algerie.com\\\/actualites\\\/developpement-et-protection-sociale-lalgerie-a-franchi-de-grands-pas\\\/\"},\"author\":{\"name\":\"La r\u00e9daction\",\"@id\":\"https:\\\/\\\/www.info-algerie.com\\\/actualites\\\/#\\\/schema\\\/person\\\/847aaec44920825b843a08f30ec6aa1e\"},\"headline\":\"D\u00e9veloppement et protection sociale: l&#039;Alg\u00e9rie a franchi de &quot;grands pas&quot;\",\"datePublished\":\"2017-11-16T07:55:08+00:00\",\"mainEntityOfPage\":{\"@id\":\"https:\\\/\\\/www.info-algerie.com\\\/actualites\\\/developpement-et-protection-sociale-lalgerie-a-franchi-de-grands-pas\\\/\"},\"wordCount\":684,\"commentCount\":0,\"publisher\":{\"@id\":\"https:\\\/\\\/www.info-algerie.com\\\/actualites\\\/#organization\"},\"image\":{\"@id\":\"https:\\\/\\\/www.info-algerie.com\\\/actualites\\\/developpement-et-protection-sociale-lalgerie-a-franchi-de-grands-pas\\\/#primaryimage\"},\"thumbnailUrl\":\"https:\\\/\\\/www.info-algerie.com\\\/actualites\\\/wp-content\\\/uploads\\\/2017\\\/11\\\/5891b3aef5453bed60bde919b82e17fe_S-1.jpg\",\"keywords\":[\"ONU\"],\"articleSection\":[\"infos\"],\"inLanguage\":\"fr-FR\",\"potentialAction\":[{\"@type\":\"CommentAction\",\"name\":\"Comment\",\"target\":[\"https:\\\/\\\/www.info-algerie.com\\\/actualites\\\/developpement-et-protection-sociale-lalgerie-a-franchi-de-grands-pas\\\/#respond\"]}]},{\"@type\":\"WebPage\",\"@id\":\"https:\\\/\\\/www.info-algerie.com\\\/actualites\\\/developpement-et-protection-sociale-lalgerie-a-franchi-de-grands-pas\\\/\",\"url\":\"https:\\\/\\\/www.info-algerie.com\\\/actualites\\\/developpement-et-protection-sociale-lalgerie-a-franchi-de-grands-pas\\\/\",\"name\":\"D\u00e9veloppement et protection sociale: l&#039;Alg\u00e9rie a franchi de &quot;grands pas&quot; - info algerie\",\"isPartOf\":{\"@id\":\"https:\\\/\\\/www.info-algerie.com\\\/actualites\\\/#website\"},\"primaryImageOfPage\":{\"@id\":\"https:\\\/\\\/www.info-algerie.com\\\/actualites\\\/developpement-et-protection-sociale-lalgerie-a-franchi-de-grands-pas\\\/#primaryimage\"},\"image\":{\"@id\":\"https:\\\/\\\/www.info-algerie.com\\\/actualites\\\/developpement-et-protection-sociale-lalgerie-a-franchi-de-grands-pas\\\/#primaryimage\"},\"thumbnailUrl\":\"https:\\\/\\\/www.info-algerie.com\\\/actualites\\\/wp-content\\\/uploads\\\/2017\\\/11\\\/5891b3aef5453bed60bde919b82e17fe_S-1.jpg\",\"datePublished\":\"2017-11-16T07:55:08+00:00\",\"breadcrumb\":{\"@id\":\"https:\\\/\\\/www.info-algerie.com\\\/actualites\\\/developpement-et-protection-sociale-lalgerie-a-franchi-de-grands-pas\\\/#breadcrumb\"},\"inLanguage\":\"fr-FR\",\"potentialAction\":[{\"@type\":\"ReadAction\",\"target\":[\"https:\\\/\\\/www.info-algerie.com\\\/actualites\\\/developpement-et-protection-sociale-lalgerie-a-franchi-de-grands-pas\\\/\"]}]},{\"@type\":\"ImageObject\",\"inLanguage\":\"fr-FR\",\"@id\":\"https:\\\/\\\/www.info-algerie.com\\\/actualites\\\/developpement-et-protection-sociale-lalgerie-a-franchi-de-grands-pas\\\/#primaryimage\",\"url\":\"https:\\\/\\\/www.info-algerie.com\\\/actualites\\\/wp-content\\\/uploads\\\/2017\\\/11\\\/5891b3aef5453bed60bde919b82e17fe_S-1.jpg\",\"contentUrl\":\"https:\\\/\\\/www.info-algerie.com\\\/actualites\\\/wp-content\\\/uploads\\\/2017\\\/11\\\/5891b3aef5453bed60bde919b82e17fe_S-1.jpg\",\"width\":280,\"height\":169},{\"@type\":\"BreadcrumbList\",\"@id\":\"https:\\\/\\\/www.info-algerie.com\\\/actualites\\\/developpement-et-protection-sociale-lalgerie-a-franchi-de-grands-pas\\\/#breadcrumb\",\"itemListElement\":[{\"@type\":\"ListItem\",\"position\":1,\"name\":\"Accueil\",\"item\":\"https:\\\/\\\/www.info-algerie.com\\\/actualites\\\/\"},{\"@type\":\"ListItem\",\"position\":2,\"name\":\"D\u00e9veloppement et protection sociale: l&#039;Alg\u00e9rie a franchi de &quot;grands pas&quot;\"}]},{\"@type\":\"WebSite\",\"@id\":\"https:\\\/\\\/www.info-algerie.com\\\/actualites\\\/#website\",\"url\":\"https:\\\/\\\/www.info-algerie.com\\\/actualites\\\/\",\"name\":\"info algerie\",\"description\":\"Toutes les actualit\u00e9s\",\"publisher\":{\"@id\":\"https:\\\/\\\/www.info-algerie.com\\\/actualites\\\/#organization\"},\"potentialAction\":[{\"@type\":\"SearchAction\",\"target\":{\"@type\":\"EntryPoint\",\"urlTemplate\":\"https:\\\/\\\/www.info-algerie.com\\\/actualites\\\/?s={search_term_string}\"},\"query-input\":{\"@type\":\"PropertyValueSpecification\",\"valueRequired\":true,\"valueName\":\"search_term_string\"}}],\"inLanguage\":\"fr-FR\"},{\"@type\":\"Organization\",\"@id\":\"https:\\\/\\\/www.info-algerie.com\\\/actualites\\\/#organization\",\"name\":\"info algerie\",\"url\":\"https:\\\/\\\/www.info-algerie.com\\\/actualites\\\/\",\"logo\":{\"@type\":\"ImageObject\",\"inLanguage\":\"fr-FR\",\"@id\":\"https:\\\/\\\/www.info-algerie.com\\\/actualites\\\/#\\\/schema\\\/logo\\\/image\\\/\",\"url\":\"https:\\\/\\\/www.info-algerie.com\\\/actualites\\\/wp-content\\\/uploads\\\/2022\\\/07\\\/logo-ia-120.png\",\"contentUrl\":\"https:\\\/\\\/www.info-algerie.com\\\/actualites\\\/wp-content\\\/uploads\\\/2022\\\/07\\\/logo-ia-120.png\",\"width\":120,\"height\":43,\"caption\":\"info algerie\"},\"image\":{\"@id\":\"https:\\\/\\\/www.info-algerie.com\\\/actualites\\\/#\\\/schema\\\/logo\\\/image\\\/\"},\"sameAs\":[\"https:\\\/\\\/www.facebook.com\\\/infoalgerieactu\",\"https:\\\/\\\/x.com\\\/infoalgerie1\"]},{\"@type\":\"Person\",\"@id\":\"https:\\\/\\\/www.info-algerie.com\\\/actualites\\\/#\\\/schema\\\/person\\\/847aaec44920825b843a08f30ec6aa1e\",\"name\":\"La r\u00e9daction\",\"image\":{\"@type\":\"ImageObject\",\"inLanguage\":\"fr-FR\",\"@id\":\"https:\\\/\\\/secure.gravatar.com\\\/avatar\\\/769db425c6f465158149f1ffd6cf61ce7a8a879d11dfbef8288af36dfddd418c?s=96&d=mm&r=g\",\"url\":\"https:\\\/\\\/secure.gravatar.com\\\/avatar\\\/769db425c6f465158149f1ffd6cf61ce7a8a879d11dfbef8288af36dfddd418c?s=96&d=mm&r=g\",\"contentUrl\":\"https:\\\/\\\/secure.gravatar.com\\\/avatar\\\/769db425c6f465158149f1ffd6cf61ce7a8a879d11dfbef8288af36dfddd418c?s=96&d=mm&r=g\",\"caption\":\"La r\u00e9daction\"},\"sameAs\":[\"http:\\\/\\\/www.lkeria.com\\\/\"],\"url\":\"https:\\\/\\\/www.info-algerie.com\\\/actualites\\\/author\\\/chakib32\\\/\"}]}<\/script>\n<!-- \/ Yoast SEO plugin. -->","yoast_head_json":{"title":"D\u00e9veloppement et protection sociale: l&#039;Alg\u00e9rie a franchi de &quot;grands pas&quot; - info algerie","robots":{"index":"index","follow":"follow","max-snippet":"max-snippet:-1","max-image-preview":"max-image-preview:large","max-video-preview":"max-video-preview:-1"},"canonical":"https:\/\/www.info-algerie.com\/actualites\/developpement-et-protection-sociale-lalgerie-a-franchi-de-grands-pas\/","og_locale":"fr_FR","og_type":"article","og_title":"D\u00e9veloppement et protection sociale: l&#039;Alg\u00e9rie a franchi de &quot;grands pas&quot; - info algerie","og_description":"ALGER &#8211; La ministre de la Solidarit\u00e9 nationale, de la Famille et de la Condition de la femme, Ghania Eddalia, a affirm\u00e9 \u00e0 Kowe\u00eft que l&rsquo;Alg\u00e9rie avait franchi de \u00ab\u00a0grandes pas\u00a0\u00bb en mati\u00e8re de d\u00e9veloppement et de protection sociale, y compris la lutte contre la pauvret\u00e9. &#013; &#013; Dans une allocution lors de la 37e","og_url":"https:\/\/www.info-algerie.com\/actualites\/developpement-et-protection-sociale-lalgerie-a-franchi-de-grands-pas\/","og_site_name":"info algerie","article_publisher":"https:\/\/www.facebook.com\/infoalgerieactu","article_published_time":"2017-11-16T07:55:08+00:00","og_image":[{"width":280,"height":169,"url":"https:\/\/www.info-algerie.com\/actualites\/wp-content\/uploads\/2017\/11\/5891b3aef5453bed60bde919b82e17fe_S-1.jpg","type":"image\/jpeg"}],"author":"La r\u00e9daction","twitter_misc":{"\u00c9crit par":"La r\u00e9daction","Dur\u00e9e de lecture estim\u00e9e":"3 minutes"},"schema":{"@context":"https:\/\/schema.org","@graph":[{"@type":"Article","@id":"https:\/\/www.info-algerie.com\/actualites\/developpement-et-protection-sociale-lalgerie-a-franchi-de-grands-pas\/#article","isPartOf":{"@id":"https:\/\/www.info-algerie.com\/actualites\/developpement-et-protection-sociale-lalgerie-a-franchi-de-grands-pas\/"},"author":{"name":"La r\u00e9daction","@id":"https:\/\/www.info-algerie.com\/actualites\/#\/schema\/person\/847aaec44920825b843a08f30ec6aa1e"},"headline":"D\u00e9veloppement et protection sociale: l&#039;Alg\u00e9rie a franchi de &quot;grands pas&quot;","datePublished":"2017-11-16T07:55:08+00:00","mainEntityOfPage":{"@id":"https:\/\/www.info-algerie.com\/actualites\/developpement-et-protection-sociale-lalgerie-a-franchi-de-grands-pas\/"},"wordCount":684,"commentCount":0,"publisher":{"@id":"https:\/\/www.info-algerie.com\/actualites\/#organization"},"image":{"@id":"https:\/\/www.info-algerie.com\/actualites\/developpement-et-protection-sociale-lalgerie-a-franchi-de-grands-pas\/#primaryimage"},"thumbnailUrl":"https:\/\/www.info-algerie.com\/actualites\/wp-content\/uploads\/2017\/11\/5891b3aef5453bed60bde919b82e17fe_S-1.jpg","keywords":["ONU"],"articleSection":["infos"],"inLanguage":"fr-FR","potentialAction":[{"@type":"CommentAction","name":"Comment","target":["https:\/\/www.info-algerie.com\/actualites\/developpement-et-protection-sociale-lalgerie-a-franchi-de-grands-pas\/#respond"]}]},{"@type":"WebPage","@id":"https:\/\/www.info-algerie.com\/actualites\/developpement-et-protection-sociale-lalgerie-a-franchi-de-grands-pas\/","url":"https:\/\/www.info-algerie.com\/actualites\/developpement-et-protection-sociale-lalgerie-a-franchi-de-grands-pas\/","name":"D\u00e9veloppement et protection sociale: l&#039;Alg\u00e9rie a franchi de &quot;grands pas&quot; - info algerie","isPartOf":{"@id":"https:\/\/www.info-algerie.com\/actualites\/#website"},"primaryImageOfPage":{"@id":"https:\/\/www.info-algerie.com\/actualites\/developpement-et-protection-sociale-lalgerie-a-franchi-de-grands-pas\/#primaryimage"},"image":{"@id":"https:\/\/www.info-algerie.com\/actualites\/developpement-et-protection-sociale-lalgerie-a-franchi-de-grands-pas\/#primaryimage"},"thumbnailUrl":"https:\/\/www.info-algerie.com\/actualites\/wp-content\/uploads\/2017\/11\/5891b3aef5453bed60bde919b82e17fe_S-1.jpg","datePublished":"2017-11-16T07:55:08+00:00","breadcrumb":{"@id":"https:\/\/www.info-algerie.com\/actualites\/developpement-et-protection-sociale-lalgerie-a-franchi-de-grands-pas\/#breadcrumb"},"inLanguage":"fr-FR","potentialAction":[{"@type":"ReadAction","target":["https:\/\/www.info-algerie.com\/actualites\/developpement-et-protection-sociale-lalgerie-a-franchi-de-grands-pas\/"]}]},{"@type":"ImageObject","inLanguage":"fr-FR","@id":"https:\/\/www.info-algerie.com\/actualites\/developpement-et-protection-sociale-lalgerie-a-franchi-de-grands-pas\/#primaryimage","url":"https:\/\/www.info-algerie.com\/actualites\/wp-content\/uploads\/2017\/11\/5891b3aef5453bed60bde919b82e17fe_S-1.jpg","contentUrl":"https:\/\/www.info-algerie.com\/actualites\/wp-content\/uploads\/2017\/11\/5891b3aef5453bed60bde919b82e17fe_S-1.jpg","width":280,"height":169},{"@type":"BreadcrumbList","@id":"https:\/\/www.info-algerie.com\/actualites\/developpement-et-protection-sociale-lalgerie-a-franchi-de-grands-pas\/#breadcrumb","itemListElement":[{"@type":"ListItem","position":1,"name":"Accueil","item":"https:\/\/www.info-algerie.com\/actualites\/"},{"@type":"ListItem","position":2,"name":"D\u00e9veloppement et protection sociale: l&#039;Alg\u00e9rie a franchi de &quot;grands pas&quot;"}]},{"@type":"WebSite","@id":"https:\/\/www.info-algerie.com\/actualites\/#website","url":"https:\/\/www.info-algerie.com\/actualites\/","name":"info algerie","description":"Toutes les actualit\u00e9s","publisher":{"@id":"https:\/\/www.info-algerie.com\/actualites\/#organization"},"potentialAction":[{"@type":"SearchAction","target":{"@type":"EntryPoint","urlTemplate":"https:\/\/www.info-algerie.com\/actualites\/?s={search_term_string}"},"query-input":{"@type":"PropertyValueSpecification","valueRequired":true,"valueName":"search_term_string"}}],"inLanguage":"fr-FR"},{"@type":"Organization","@id":"https:\/\/www.info-algerie.com\/actualites\/#organization","name":"info algerie","url":"https:\/\/www.info-algerie.com\/actualites\/","logo":{"@type":"ImageObject","inLanguage":"fr-FR","@id":"https:\/\/www.info-algerie.com\/actualites\/#\/schema\/logo\/image\/","url":"https:\/\/www.info-algerie.com\/actualites\/wp-content\/uploads\/2022\/07\/logo-ia-120.png","contentUrl":"https:\/\/www.info-algerie.com\/actualites\/wp-content\/uploads\/2022\/07\/logo-ia-120.png","width":120,"height":43,"caption":"info algerie"},"image":{"@id":"https:\/\/www.info-algerie.com\/actualites\/#\/schema\/logo\/image\/"},"sameAs":["https:\/\/www.facebook.com\/infoalgerieactu","https:\/\/x.com\/infoalgerie1"]},{"@type":"Person","@id":"https:\/\/www.info-algerie.com\/actualites\/#\/schema\/person\/847aaec44920825b843a08f30ec6aa1e","name":"La r\u00e9daction","image":{"@type":"ImageObject","inLanguage":"fr-FR","@id":"https:\/\/secure.gravatar.com\/avatar\/769db425c6f465158149f1ffd6cf61ce7a8a879d11dfbef8288af36dfddd418c?s=96&d=mm&r=g","url":"https:\/\/secure.gravatar.com\/avatar\/769db425c6f465158149f1ffd6cf61ce7a8a879d11dfbef8288af36dfddd418c?s=96&d=mm&r=g","contentUrl":"https:\/\/secure.gravatar.com\/avatar\/769db425c6f465158149f1ffd6cf61ce7a8a879d11dfbef8288af36dfddd418c?s=96&d=mm&r=g","caption":"La r\u00e9daction"},"sameAs":["http:\/\/www.lkeria.com\/"],"url":"https:\/\/www.info-algerie.com\/actualites\/author\/chakib32\/"}]}},"_links":{"self":[{"href":"https:\/\/www.info-algerie.com\/actualites\/wp-json\/wp\/v2\/posts\/18073","targetHints":{"allow":["GET"]}}],"collection":[{"href":"https:\/\/www.info-algerie.com\/actualites\/wp-json\/wp\/v2\/posts"}],"about":[{"href":"https:\/\/www.info-algerie.com\/actualites\/wp-json\/wp\/v2\/types\/post"}],"author":[{"embeddable":true,"href":"https:\/\/www.info-algerie.com\/actualites\/wp-json\/wp\/v2\/users\/6"}],"replies":[{"embeddable":true,"href":"https:\/\/www.info-algerie.com\/actualites\/wp-json\/wp\/v2\/comments?post=18073"}],"version-history":[{"count":0,"href":"https:\/\/www.info-algerie.com\/actualites\/wp-json\/wp\/v2\/posts\/18073\/revisions"}],"wp:featuredmedia":[{"embeddable":true,"href":"https:\/\/www.info-algerie.com\/actualites\/wp-json\/wp\/v2\/media\/18074"}],"wp:attachment":[{"href":"https:\/\/www.info-algerie.com\/actualites\/wp-json\/wp\/v2\/media?parent=18073"}],"wp:term":[{"taxonomy":"category","embeddable":true,"href":"https:\/\/www.info-algerie.com\/actualites\/wp-json\/wp\/v2\/categories?post=18073"},{"taxonomy":"post_tag","embeddable":true,"href":"https:\/\/www.info-algerie.com\/actualites\/wp-json\/wp\/v2\/tags?post=18073"}],"curies":[{"name":"wp","href":"https:\/\/api.w.org\/{rel}","templated":true}]}}