{"id":18077,"date":"2017-11-16T11:10:21","date_gmt":"2017-11-16T10:10:21","guid":{"rendered":"http:\/\/www.info-algerie.com\/actualites\/locales-2017-nous-avons-une-vision-strategique-pour-gerer-les-collectivites-locales-ben-abdessalam\/"},"modified":"2017-11-16T11:10:21","modified_gmt":"2017-11-16T10:10:21","slug":"locales-2017-nous-avons-une-vision-strategique-pour-gerer-les-collectivites-locales-ben-abdessalam","status":"publish","type":"post","link":"https:\/\/www.info-algerie.com\/actualites\/locales-2017-nous-avons-une-vision-strategique-pour-gerer-les-collectivites-locales-ben-abdessalam\/","title":{"rendered":"Locales 2017: &quot;Nous avons une vision strat\u00e9gique pour g\u00e9rer les collectivit\u00e9s locales&quot; (Ben Abdessalam)"},"content":{"rendered":"<div class=\"K2FeedIntroText\">\n<p>CHLEF &#8211; Le pr\u00e9sident du Front Alg\u00e9rie Nouvelle (FAN), Djamel Ben Abdessalem, a affirm\u00e9\u00a0 mercredi \u00e0 Chlef que son parti avait une vision strat\u00e9gique pour g\u00e9rer les collectivit\u00e9s locales dans le but de consacrer d\u00e9veloppement et la stabilit\u00e9.<\/p>\n<p>&#013;\n<\/p><\/div>\n<div class=\"K2FeedFullText\">&#013;<\/p>\n<p>Animant un meeting populaire \u00e0 la salle multisports dans la commune de Boukadir dans le cadre de la campagne \u00e9lectorale des \u00e9lections locales du 23 novembre, M. Ben Abdessalem a affirm\u00e9 que \u00ab\u00a0le FAN a une vision\u00a0 strat\u00e9gique pour g\u00e9rer les collectivit\u00e9s locales\u00a0\u00bb, indiquant que cet objectif visait \u00e0 revaloriser\u00a0 les assembl\u00e9s \u00e9lues \u00e0 m\u00eame de reconstruire les relations entre les \u00e9lus et les citoyens.<\/p>\n<p>&#013;<\/p>\n<p>Il a en outre ajout\u00e9 que son front tendait \u00e0 consacrer la souverainet\u00e9 du peuple \u00e0 travers la cons\u00e9cration du d\u00e9veloppement local et la r\u00e9alisation des communes pilotes, appelant \u00e0 une participation efficace des citoyen en\u00a0 accomplissant leur devoir \u00e9lectoral.<\/p>\n<p>&#013;<\/p>\n<p>Evoquant les situations que connait le pays actuellement, le pr\u00e9sident du FAN a indiqu\u00e9 que l&rsquo;Alg\u00e9rie confronte de nombreux d\u00e9fis dont la situation s\u00e9curitaire locale et r\u00e9gionale, tout en saluant les efforts de l&rsquo;Arm\u00e9e\u00a0 nationale populaire (ANP) et les organes de s\u00e9curit\u00e9s qui veillent \u00e0 la stabilit\u00e9 du pays.<\/p>\n<p>&#013;<\/p>\n<p>M. Ben Abdessalem a \u00e9galement soulign\u00e9 la situation sociale marqu\u00e9e par la croissance de criminalit\u00e9\u00a0 et la division familiale tout en mettant l&rsquo;accent sur la conjoncture \u00e9conomique occasionn\u00e9 par les gouvernements\u00a0 successifs qui ont \u00e9chou\u00e9 \u00e0 mettre en place une strat\u00e9gie nationale inclusive capable d&rsquo;assurer le d\u00e9veloppement.<\/p>\n<p>&#013;<\/p>\n<p class=\"MsoNormal\">A l&rsquo;issue de son rassemblement, le pr\u00e9sident du FNA a exhort\u00e9 les citoyens \u00e0 placer leur confiance en les candidats de son parti pour assurer le changement \u00e0 m\u00eame de prendre en charge leurs pr\u00e9occupations.<\/p>\n<\/div>\n<p>&#013;<br \/>\nSource: <a href=\"http:\/\/www.aps.dz\/algerie\/65708-locales-2017-nous-avons-une-vision-strategique-pour-gerer-les-collectivites-locales-ben-abdessalam\" target=\"_blank\">Locales 2017: \u00ab\u00a0Nous avons une vision strat\u00e9gique pour g\u00e9rer les collectivit\u00e9s locales\u00a0\u00bb (Ben Abdessalam)<\/a><\/p>\n<!--CusAds0-->\n<div style=\"font-size: 0px; height: 0px; line-height: 0px; margin: 0; padding: 0; clear: both;\"><\/div>","protected":false},"excerpt":{"rendered":"<p>CHLEF &#8211; Le pr\u00e9sident du Front Alg\u00e9rie Nouvelle (FAN), Djamel Ben Abdessalem, a affirm\u00e9\u00a0 mercredi \u00e0 Chlef que son parti avait une vision strat\u00e9gique pour g\u00e9rer les collectivit\u00e9s locales dans le but de consacrer d\u00e9veloppement et la stabilit\u00e9. &#013; &#013; Animant un meeting populaire \u00e0 la salle multisports dans la commune de Boukadir dans le<\/p>\n","protected":false},"author":6,"featured_media":0,"comment_status":"open","ping_status":"open","sticky":false,"template":"","format":"standard","meta":{"footnotes":""},"categories":[22],"tags":[93],"class_list":["post-18077","post","type-post","status-publish","format-standard","hentry","category-infos","tag-onu"],"yoast_head":"<!-- This site is optimized with the Yoast SEO plugin v27.4 - https:\/\/yoast.com\/product\/yoast-seo-wordpress\/ -->\n<title>Locales 2017: &quot;Nous avons une vision strat\u00e9gique pour g\u00e9rer les collectivit\u00e9s locales&quot; (Ben Abdessalam) - info algerie<\/title>\n<meta name=\"robots\" content=\"index, follow, max-snippet:-1, max-image-preview:large, max-video-preview:-1\" \/>\n<link rel=\"canonical\" href=\"https:\/\/www.info-algerie.com\/actualites\/locales-2017-nous-avons-une-vision-strategique-pour-gerer-les-collectivites-locales-ben-abdessalam\/\" \/>\n<meta property=\"og:locale\" content=\"fr_FR\" \/>\n<meta property=\"og:type\" content=\"article\" \/>\n<meta property=\"og:title\" content=\"Locales 2017: &quot;Nous avons une vision strat\u00e9gique pour g\u00e9rer les collectivit\u00e9s locales&quot; (Ben Abdessalam) - info algerie\" \/>\n<meta property=\"og:description\" content=\"CHLEF &#8211; Le pr\u00e9sident du Front Alg\u00e9rie Nouvelle (FAN), Djamel Ben Abdessalem, a affirm\u00e9\u00a0 mercredi \u00e0 Chlef que son parti avait une vision strat\u00e9gique pour g\u00e9rer les collectivit\u00e9s locales dans le but de consacrer d\u00e9veloppement et la stabilit\u00e9. &#013; &#013; Animant un meeting populaire \u00e0 la salle multisports dans la commune de Boukadir dans le\" \/>\n<meta property=\"og:url\" content=\"https:\/\/www.info-algerie.com\/actualites\/locales-2017-nous-avons-une-vision-strategique-pour-gerer-les-collectivites-locales-ben-abdessalam\/\" \/>\n<meta property=\"og:site_name\" content=\"info algerie\" \/>\n<meta property=\"article:publisher\" content=\"https:\/\/www.facebook.com\/infoalgerieactu\" \/>\n<meta property=\"article:published_time\" content=\"2017-11-16T10:10:21+00:00\" \/>\n<meta name=\"author\" content=\"La r\u00e9daction\" \/>\n<meta name=\"twitter:label1\" content=\"\u00c9crit par\" \/>\n\t<meta name=\"twitter:data1\" content=\"La r\u00e9daction\" \/>\n\t<meta name=\"twitter:label2\" content=\"Dur\u00e9e de lecture estim\u00e9e\" \/>\n\t<meta name=\"twitter:data2\" content=\"2 minutes\" \/>\n<script type=\"application\/ld+json\" class=\"yoast-schema-graph\">{\"@context\":\"https:\\\/\\\/schema.org\",\"@graph\":[{\"@type\":\"Article\",\"@id\":\"https:\\\/\\\/www.info-algerie.com\\\/actualites\\\/locales-2017-nous-avons-une-vision-strategique-pour-gerer-les-collectivites-locales-ben-abdessalam\\\/#article\",\"isPartOf\":{\"@id\":\"https:\\\/\\\/www.info-algerie.com\\\/actualites\\\/locales-2017-nous-avons-une-vision-strategique-pour-gerer-les-collectivites-locales-ben-abdessalam\\\/\"},\"author\":{\"name\":\"La r\u00e9daction\",\"@id\":\"https:\\\/\\\/www.info-algerie.com\\\/actualites\\\/#\\\/schema\\\/person\\\/847aaec44920825b843a08f30ec6aa1e\"},\"headline\":\"Locales 2017: &quot;Nous avons une vision strat\u00e9gique pour g\u00e9rer les collectivit\u00e9s locales&quot; (Ben Abdessalam)\",\"datePublished\":\"2017-11-16T10:10:21+00:00\",\"mainEntityOfPage\":{\"@id\":\"https:\\\/\\\/www.info-algerie.com\\\/actualites\\\/locales-2017-nous-avons-une-vision-strategique-pour-gerer-les-collectivites-locales-ben-abdessalam\\\/\"},\"wordCount\":330,\"commentCount\":0,\"publisher\":{\"@id\":\"https:\\\/\\\/www.info-algerie.com\\\/actualites\\\/#organization\"},\"keywords\":[\"ONU\"],\"articleSection\":[\"infos\"],\"inLanguage\":\"fr-FR\",\"potentialAction\":[{\"@type\":\"CommentAction\",\"name\":\"Comment\",\"target\":[\"https:\\\/\\\/www.info-algerie.com\\\/actualites\\\/locales-2017-nous-avons-une-vision-strategique-pour-gerer-les-collectivites-locales-ben-abdessalam\\\/#respond\"]}]},{\"@type\":\"WebPage\",\"@id\":\"https:\\\/\\\/www.info-algerie.com\\\/actualites\\\/locales-2017-nous-avons-une-vision-strategique-pour-gerer-les-collectivites-locales-ben-abdessalam\\\/\",\"url\":\"https:\\\/\\\/www.info-algerie.com\\\/actualites\\\/locales-2017-nous-avons-une-vision-strategique-pour-gerer-les-collectivites-locales-ben-abdessalam\\\/\",\"name\":\"Locales 2017: &quot;Nous avons une vision strat\u00e9gique pour g\u00e9rer les collectivit\u00e9s locales&quot; (Ben Abdessalam) - info algerie\",\"isPartOf\":{\"@id\":\"https:\\\/\\\/www.info-algerie.com\\\/actualites\\\/#website\"},\"datePublished\":\"2017-11-16T10:10:21+00:00\",\"breadcrumb\":{\"@id\":\"https:\\\/\\\/www.info-algerie.com\\\/actualites\\\/locales-2017-nous-avons-une-vision-strategique-pour-gerer-les-collectivites-locales-ben-abdessalam\\\/#breadcrumb\"},\"inLanguage\":\"fr-FR\",\"potentialAction\":[{\"@type\":\"ReadAction\",\"target\":[\"https:\\\/\\\/www.info-algerie.com\\\/actualites\\\/locales-2017-nous-avons-une-vision-strategique-pour-gerer-les-collectivites-locales-ben-abdessalam\\\/\"]}]},{\"@type\":\"BreadcrumbList\",\"@id\":\"https:\\\/\\\/www.info-algerie.com\\\/actualites\\\/locales-2017-nous-avons-une-vision-strategique-pour-gerer-les-collectivites-locales-ben-abdessalam\\\/#breadcrumb\",\"itemListElement\":[{\"@type\":\"ListItem\",\"position\":1,\"name\":\"Accueil\",\"item\":\"https:\\\/\\\/www.info-algerie.com\\\/actualites\\\/\"},{\"@type\":\"ListItem\",\"position\":2,\"name\":\"Locales 2017: &quot;Nous avons une vision strat\u00e9gique pour g\u00e9rer les collectivit\u00e9s locales&quot; (Ben Abdessalam)\"}]},{\"@type\":\"WebSite\",\"@id\":\"https:\\\/\\\/www.info-algerie.com\\\/actualites\\\/#website\",\"url\":\"https:\\\/\\\/www.info-algerie.com\\\/actualites\\\/\",\"name\":\"info algerie\",\"description\":\"Toutes les actualit\u00e9s\",\"publisher\":{\"@id\":\"https:\\\/\\\/www.info-algerie.com\\\/actualites\\\/#organization\"},\"potentialAction\":[{\"@type\":\"SearchAction\",\"target\":{\"@type\":\"EntryPoint\",\"urlTemplate\":\"https:\\\/\\\/www.info-algerie.com\\\/actualites\\\/?s={search_term_string}\"},\"query-input\":{\"@type\":\"PropertyValueSpecification\",\"valueRequired\":true,\"valueName\":\"search_term_string\"}}],\"inLanguage\":\"fr-FR\"},{\"@type\":\"Organization\",\"@id\":\"https:\\\/\\\/www.info-algerie.com\\\/actualites\\\/#organization\",\"name\":\"info algerie\",\"url\":\"https:\\\/\\\/www.info-algerie.com\\\/actualites\\\/\",\"logo\":{\"@type\":\"ImageObject\",\"inLanguage\":\"fr-FR\",\"@id\":\"https:\\\/\\\/www.info-algerie.com\\\/actualites\\\/#\\\/schema\\\/logo\\\/image\\\/\",\"url\":\"https:\\\/\\\/www.info-algerie.com\\\/actualites\\\/wp-content\\\/uploads\\\/2022\\\/07\\\/logo-ia-120.png\",\"contentUrl\":\"https:\\\/\\\/www.info-algerie.com\\\/actualites\\\/wp-content\\\/uploads\\\/2022\\\/07\\\/logo-ia-120.png\",\"width\":120,\"height\":43,\"caption\":\"info algerie\"},\"image\":{\"@id\":\"https:\\\/\\\/www.info-algerie.com\\\/actualites\\\/#\\\/schema\\\/logo\\\/image\\\/\"},\"sameAs\":[\"https:\\\/\\\/www.facebook.com\\\/infoalgerieactu\",\"https:\\\/\\\/x.com\\\/infoalgerie1\"]},{\"@type\":\"Person\",\"@id\":\"https:\\\/\\\/www.info-algerie.com\\\/actualites\\\/#\\\/schema\\\/person\\\/847aaec44920825b843a08f30ec6aa1e\",\"name\":\"La r\u00e9daction\",\"image\":{\"@type\":\"ImageObject\",\"inLanguage\":\"fr-FR\",\"@id\":\"https:\\\/\\\/secure.gravatar.com\\\/avatar\\\/769db425c6f465158149f1ffd6cf61ce7a8a879d11dfbef8288af36dfddd418c?s=96&d=mm&r=g\",\"url\":\"https:\\\/\\\/secure.gravatar.com\\\/avatar\\\/769db425c6f465158149f1ffd6cf61ce7a8a879d11dfbef8288af36dfddd418c?s=96&d=mm&r=g\",\"contentUrl\":\"https:\\\/\\\/secure.gravatar.com\\\/avatar\\\/769db425c6f465158149f1ffd6cf61ce7a8a879d11dfbef8288af36dfddd418c?s=96&d=mm&r=g\",\"caption\":\"La r\u00e9daction\"},\"sameAs\":[\"http:\\\/\\\/www.lkeria.com\\\/\"],\"url\":\"https:\\\/\\\/www.info-algerie.com\\\/actualites\\\/author\\\/chakib32\\\/\"}]}<\/script>\n<!-- \/ Yoast SEO plugin. -->","yoast_head_json":{"title":"Locales 2017: &quot;Nous avons une vision strat\u00e9gique pour g\u00e9rer les collectivit\u00e9s locales&quot; (Ben Abdessalam) - info algerie","robots":{"index":"index","follow":"follow","max-snippet":"max-snippet:-1","max-image-preview":"max-image-preview:large","max-video-preview":"max-video-preview:-1"},"canonical":"https:\/\/www.info-algerie.com\/actualites\/locales-2017-nous-avons-une-vision-strategique-pour-gerer-les-collectivites-locales-ben-abdessalam\/","og_locale":"fr_FR","og_type":"article","og_title":"Locales 2017: &quot;Nous avons une vision strat\u00e9gique pour g\u00e9rer les collectivit\u00e9s locales&quot; (Ben Abdessalam) - info algerie","og_description":"CHLEF &#8211; Le pr\u00e9sident du Front Alg\u00e9rie Nouvelle (FAN), Djamel Ben Abdessalem, a affirm\u00e9\u00a0 mercredi \u00e0 Chlef que son parti avait une vision strat\u00e9gique pour g\u00e9rer les collectivit\u00e9s locales dans le but de consacrer d\u00e9veloppement et la stabilit\u00e9. &#013; &#013; Animant un meeting populaire \u00e0 la salle multisports dans la commune de Boukadir dans le","og_url":"https:\/\/www.info-algerie.com\/actualites\/locales-2017-nous-avons-une-vision-strategique-pour-gerer-les-collectivites-locales-ben-abdessalam\/","og_site_name":"info algerie","article_publisher":"https:\/\/www.facebook.com\/infoalgerieactu","article_published_time":"2017-11-16T10:10:21+00:00","author":"La r\u00e9daction","twitter_misc":{"\u00c9crit par":"La r\u00e9daction","Dur\u00e9e de lecture estim\u00e9e":"2 minutes"},"schema":{"@context":"https:\/\/schema.org","@graph":[{"@type":"Article","@id":"https:\/\/www.info-algerie.com\/actualites\/locales-2017-nous-avons-une-vision-strategique-pour-gerer-les-collectivites-locales-ben-abdessalam\/#article","isPartOf":{"@id":"https:\/\/www.info-algerie.com\/actualites\/locales-2017-nous-avons-une-vision-strategique-pour-gerer-les-collectivites-locales-ben-abdessalam\/"},"author":{"name":"La r\u00e9daction","@id":"https:\/\/www.info-algerie.com\/actualites\/#\/schema\/person\/847aaec44920825b843a08f30ec6aa1e"},"headline":"Locales 2017: &quot;Nous avons une vision strat\u00e9gique pour g\u00e9rer les collectivit\u00e9s locales&quot; (Ben Abdessalam)","datePublished":"2017-11-16T10:10:21+00:00","mainEntityOfPage":{"@id":"https:\/\/www.info-algerie.com\/actualites\/locales-2017-nous-avons-une-vision-strategique-pour-gerer-les-collectivites-locales-ben-abdessalam\/"},"wordCount":330,"commentCount":0,"publisher":{"@id":"https:\/\/www.info-algerie.com\/actualites\/#organization"},"keywords":["ONU"],"articleSection":["infos"],"inLanguage":"fr-FR","potentialAction":[{"@type":"CommentAction","name":"Comment","target":["https:\/\/www.info-algerie.com\/actualites\/locales-2017-nous-avons-une-vision-strategique-pour-gerer-les-collectivites-locales-ben-abdessalam\/#respond"]}]},{"@type":"WebPage","@id":"https:\/\/www.info-algerie.com\/actualites\/locales-2017-nous-avons-une-vision-strategique-pour-gerer-les-collectivites-locales-ben-abdessalam\/","url":"https:\/\/www.info-algerie.com\/actualites\/locales-2017-nous-avons-une-vision-strategique-pour-gerer-les-collectivites-locales-ben-abdessalam\/","name":"Locales 2017: &quot;Nous avons une vision strat\u00e9gique pour g\u00e9rer les collectivit\u00e9s locales&quot; (Ben Abdessalam) - info algerie","isPartOf":{"@id":"https:\/\/www.info-algerie.com\/actualites\/#website"},"datePublished":"2017-11-16T10:10:21+00:00","breadcrumb":{"@id":"https:\/\/www.info-algerie.com\/actualites\/locales-2017-nous-avons-une-vision-strategique-pour-gerer-les-collectivites-locales-ben-abdessalam\/#breadcrumb"},"inLanguage":"fr-FR","potentialAction":[{"@type":"ReadAction","target":["https:\/\/www.info-algerie.com\/actualites\/locales-2017-nous-avons-une-vision-strategique-pour-gerer-les-collectivites-locales-ben-abdessalam\/"]}]},{"@type":"BreadcrumbList","@id":"https:\/\/www.info-algerie.com\/actualites\/locales-2017-nous-avons-une-vision-strategique-pour-gerer-les-collectivites-locales-ben-abdessalam\/#breadcrumb","itemListElement":[{"@type":"ListItem","position":1,"name":"Accueil","item":"https:\/\/www.info-algerie.com\/actualites\/"},{"@type":"ListItem","position":2,"name":"Locales 2017: &quot;Nous avons une vision strat\u00e9gique pour g\u00e9rer les collectivit\u00e9s locales&quot; (Ben Abdessalam)"}]},{"@type":"WebSite","@id":"https:\/\/www.info-algerie.com\/actualites\/#website","url":"https:\/\/www.info-algerie.com\/actualites\/","name":"info algerie","description":"Toutes les actualit\u00e9s","publisher":{"@id":"https:\/\/www.info-algerie.com\/actualites\/#organization"},"potentialAction":[{"@type":"SearchAction","target":{"@type":"EntryPoint","urlTemplate":"https:\/\/www.info-algerie.com\/actualites\/?s={search_term_string}"},"query-input":{"@type":"PropertyValueSpecification","valueRequired":true,"valueName":"search_term_string"}}],"inLanguage":"fr-FR"},{"@type":"Organization","@id":"https:\/\/www.info-algerie.com\/actualites\/#organization","name":"info algerie","url":"https:\/\/www.info-algerie.com\/actualites\/","logo":{"@type":"ImageObject","inLanguage":"fr-FR","@id":"https:\/\/www.info-algerie.com\/actualites\/#\/schema\/logo\/image\/","url":"https:\/\/www.info-algerie.com\/actualites\/wp-content\/uploads\/2022\/07\/logo-ia-120.png","contentUrl":"https:\/\/www.info-algerie.com\/actualites\/wp-content\/uploads\/2022\/07\/logo-ia-120.png","width":120,"height":43,"caption":"info algerie"},"image":{"@id":"https:\/\/www.info-algerie.com\/actualites\/#\/schema\/logo\/image\/"},"sameAs":["https:\/\/www.facebook.com\/infoalgerieactu","https:\/\/x.com\/infoalgerie1"]},{"@type":"Person","@id":"https:\/\/www.info-algerie.com\/actualites\/#\/schema\/person\/847aaec44920825b843a08f30ec6aa1e","name":"La r\u00e9daction","image":{"@type":"ImageObject","inLanguage":"fr-FR","@id":"https:\/\/secure.gravatar.com\/avatar\/769db425c6f465158149f1ffd6cf61ce7a8a879d11dfbef8288af36dfddd418c?s=96&d=mm&r=g","url":"https:\/\/secure.gravatar.com\/avatar\/769db425c6f465158149f1ffd6cf61ce7a8a879d11dfbef8288af36dfddd418c?s=96&d=mm&r=g","contentUrl":"https:\/\/secure.gravatar.com\/avatar\/769db425c6f465158149f1ffd6cf61ce7a8a879d11dfbef8288af36dfddd418c?s=96&d=mm&r=g","caption":"La r\u00e9daction"},"sameAs":["http:\/\/www.lkeria.com\/"],"url":"https:\/\/www.info-algerie.com\/actualites\/author\/chakib32\/"}]}},"_links":{"self":[{"href":"https:\/\/www.info-algerie.com\/actualites\/wp-json\/wp\/v2\/posts\/18077","targetHints":{"allow":["GET"]}}],"collection":[{"href":"https:\/\/www.info-algerie.com\/actualites\/wp-json\/wp\/v2\/posts"}],"about":[{"href":"https:\/\/www.info-algerie.com\/actualites\/wp-json\/wp\/v2\/types\/post"}],"author":[{"embeddable":true,"href":"https:\/\/www.info-algerie.com\/actualites\/wp-json\/wp\/v2\/users\/6"}],"replies":[{"embeddable":true,"href":"https:\/\/www.info-algerie.com\/actualites\/wp-json\/wp\/v2\/comments?post=18077"}],"version-history":[{"count":0,"href":"https:\/\/www.info-algerie.com\/actualites\/wp-json\/wp\/v2\/posts\/18077\/revisions"}],"wp:attachment":[{"href":"https:\/\/www.info-algerie.com\/actualites\/wp-json\/wp\/v2\/media?parent=18077"}],"wp:term":[{"taxonomy":"category","embeddable":true,"href":"https:\/\/www.info-algerie.com\/actualites\/wp-json\/wp\/v2\/categories?post=18077"},{"taxonomy":"post_tag","embeddable":true,"href":"https:\/\/www.info-algerie.com\/actualites\/wp-json\/wp\/v2\/tags?post=18077"}],"curies":[{"name":"wp","href":"https:\/\/api.w.org\/{rel}","templated":true}]}}