{"id":18082,"date":"2017-11-16T13:11:52","date_gmt":"2017-11-16T12:11:52","guid":{"rendered":"http:\/\/www.info-algerie.com\/actualites\/lalgerie-suit-avec-preoccupation-les-developpements-de-la-situation-au-zimbabwe\/"},"modified":"2017-11-16T13:11:52","modified_gmt":"2017-11-16T12:11:52","slug":"lalgerie-suit-avec-preoccupation-les-developpements-de-la-situation-au-zimbabwe","status":"publish","type":"post","link":"https:\/\/www.info-algerie.com\/actualites\/lalgerie-suit-avec-preoccupation-les-developpements-de-la-situation-au-zimbabwe\/","title":{"rendered":"L&#039;Alg\u00e9rie suit avec pr\u00e9occupation les d\u00e9veloppements de la situation au Zimbabwe"},"content":{"rendered":"<div class=\"K2FeedImage\"><img decoding=\"async\" src=\"https:\/\/www.info-algerie.com\/actualites\/wp-content\/uploads\/2017\/11\/bd3acf124775ceda70f29ca8cec15544_S.jpg\" alt=\"L'Alg&#xE9;rie suit avec pr&#xE9;occupation les d&#xE9;veloppements de la situation au Zimbabwe\" \/><\/div>\n<div class=\"K2FeedIntroText\">\n<p><strong>ALGER &#8211; L&rsquo;Alg\u00e9rie suit \u00ab\u00a0avec pr\u00e9occupation\u00a0\u00bb les d\u00e9veloppements \u00ab\u00a0inqui\u00e9tants\u00a0\u00bb de la situation au Zimbabwe et exhorte l\u2019ensemble des acteurs en pr\u00e9sence \u00e0 \u00ab\u00a0veiller au respect de l\u2019ordre constitutionnel\u00a0\u00bb, a indiqu\u00e9 jeudi le porte-parole du minist\u00e8re des Affaires \u00e9trang\u00e8res, Abdelaziz Benali Cherif.<\/strong><\/p>\n<p>&#013;\n<\/p><\/div>\n<div class=\"K2FeedFullText\">&#013;<\/p>\n<p>\u00ab\u00a0Nous suivons avec pr\u00e9occupation les derniers d\u00e9veloppements de la situation au Zimbabwe\u00a0\u00bb, a affirm\u00e9 M. Benali Cherif dans une d\u00e9claration \u00e0 l&rsquo;APS.<\/p>\n<p>&#013;<\/p>\n<hr \/>\n<h3>Lire aussi:\u00a0<a href=\"http:\/\/www.aps.dz\/monde\/65704-zimbabwe-guterres-appelle-a-la-retenue\" target=\"_blank\" rel=\"noopener noreferrer\">Zimbabwe: Guterres appelle \u00e0 \u00ab\u00a0la retenue\u00a0\u00bb<\/a><\/h3>\n<p>&#013;<\/p>\n<hr \/>\n<blockquote><p>&#013;<\/p>\n<p><strong><em>\u00ab\u00a0Nous appelons au calme et \u00e0 la retenue et exhortons l\u2019ensemble des acteurs en pr\u00e9sence \u00e0 veiller au respect de l\u2019ordre constitutionnel et \u00e0 \u00e9viter tout d\u00e9rapage susceptible d\u2019\u00eatre pr\u00e9judiciable au Zimbabwe et \u00e0 son peuple\u00a0\u00bb, a-t-il ajout\u00e9.<\/em><\/strong><\/p>\n<p>&#013;\n<\/p><\/blockquote>\n<p>&#013;<\/p>\n<p class=\"MsoNormal\">\u00ab\u00a0Nous appuyons les efforts entrepris par les pays de la r\u00e9gion dans le cadre de la Communaut\u00e9 de d\u00e9veloppement d&rsquo;Afrique australe (SADC) pour favoriser un retour rapide \u00e0 la normalit\u00e9\u00a0\u00bb, a conclu M. Benali Cherif.<\/p>\n<\/div>\n<p>&#013;<br \/>\nSource: <a href=\"http:\/\/www.aps.dz\/algerie\/65723-l-algerie-suit-avec-preoccupation-les-developpements-de-la-situation-au-zimbabwe\" target=\"_blank\">L&rsquo;Alg\u00e9rie suit avec pr\u00e9occupation les d\u00e9veloppements de la situation au Zimbabwe<\/a><\/p>\n<!--CusAds0-->\n<div style=\"font-size: 0px; height: 0px; line-height: 0px; margin: 0; padding: 0; clear: both;\"><\/div>","protected":false},"excerpt":{"rendered":"<p>ALGER &#8211; L&rsquo;Alg\u00e9rie suit \u00ab\u00a0avec pr\u00e9occupation\u00a0\u00bb les d\u00e9veloppements \u00ab\u00a0inqui\u00e9tants\u00a0\u00bb de la situation au Zimbabwe et exhorte l\u2019ensemble des acteurs en pr\u00e9sence \u00e0 \u00ab\u00a0veiller au respect de l\u2019ordre constitutionnel\u00a0\u00bb, a indiqu\u00e9 jeudi le porte-parole du minist\u00e8re des Affaires \u00e9trang\u00e8res, Abdelaziz Benali Cherif. &#013; &#013; \u00ab\u00a0Nous suivons avec pr\u00e9occupation les derniers d\u00e9veloppements de la situation au Zimbabwe\u00a0\u00bb,<\/p>\n","protected":false},"author":6,"featured_media":18083,"comment_status":"open","ping_status":"open","sticky":false,"template":"","format":"standard","meta":{"footnotes":""},"categories":[22],"tags":[93],"class_list":["post-18082","post","type-post","status-publish","format-standard","has-post-thumbnail","hentry","category-infos","tag-onu"],"yoast_head":"<!-- This site is optimized with the Yoast SEO plugin v27.4 - https:\/\/yoast.com\/product\/yoast-seo-wordpress\/ -->\n<title>L&#039;Alg\u00e9rie suit avec pr\u00e9occupation les d\u00e9veloppements de la situation au Zimbabwe - info algerie<\/title>\n<meta name=\"robots\" content=\"index, follow, max-snippet:-1, max-image-preview:large, max-video-preview:-1\" \/>\n<link rel=\"canonical\" href=\"https:\/\/www.info-algerie.com\/actualites\/lalgerie-suit-avec-preoccupation-les-developpements-de-la-situation-au-zimbabwe\/\" \/>\n<meta property=\"og:locale\" content=\"fr_FR\" \/>\n<meta property=\"og:type\" content=\"article\" \/>\n<meta property=\"og:title\" content=\"L&#039;Alg\u00e9rie suit avec pr\u00e9occupation les d\u00e9veloppements de la situation au Zimbabwe - info algerie\" \/>\n<meta property=\"og:description\" content=\"ALGER &#8211; L&rsquo;Alg\u00e9rie suit \u00ab\u00a0avec pr\u00e9occupation\u00a0\u00bb les d\u00e9veloppements \u00ab\u00a0inqui\u00e9tants\u00a0\u00bb de la situation au Zimbabwe et exhorte l\u2019ensemble des acteurs en pr\u00e9sence \u00e0 \u00ab\u00a0veiller au respect de l\u2019ordre constitutionnel\u00a0\u00bb, a indiqu\u00e9 jeudi le porte-parole du minist\u00e8re des Affaires \u00e9trang\u00e8res, Abdelaziz Benali Cherif. &#013; &#013; \u00ab\u00a0Nous suivons avec pr\u00e9occupation les derniers d\u00e9veloppements de la situation au Zimbabwe\u00a0\u00bb,\" \/>\n<meta property=\"og:url\" content=\"https:\/\/www.info-algerie.com\/actualites\/lalgerie-suit-avec-preoccupation-les-developpements-de-la-situation-au-zimbabwe\/\" \/>\n<meta property=\"og:site_name\" content=\"info algerie\" \/>\n<meta property=\"article:publisher\" content=\"https:\/\/www.facebook.com\/infoalgerieactu\" \/>\n<meta property=\"article:published_time\" content=\"2017-11-16T12:11:52+00:00\" \/>\n<meta property=\"og:image\" content=\"https:\/\/www.info-algerie.com\/actualites\/wp-content\/uploads\/2017\/11\/bd3acf124775ceda70f29ca8cec15544_S-1.jpg\" \/>\n\t<meta property=\"og:image:width\" content=\"280\" \/>\n\t<meta property=\"og:image:height\" content=\"169\" \/>\n\t<meta property=\"og:image:type\" content=\"image\/jpeg\" \/>\n<meta name=\"author\" content=\"La r\u00e9daction\" \/>\n<meta name=\"twitter:label1\" content=\"\u00c9crit par\" \/>\n\t<meta name=\"twitter:data1\" content=\"La r\u00e9daction\" \/>\n\t<meta name=\"twitter:label2\" content=\"Dur\u00e9e de lecture estim\u00e9e\" \/>\n\t<meta name=\"twitter:data2\" content=\"1 minute\" \/>\n<script type=\"application\/ld+json\" class=\"yoast-schema-graph\">{\"@context\":\"https:\\\/\\\/schema.org\",\"@graph\":[{\"@type\":\"Article\",\"@id\":\"https:\\\/\\\/www.info-algerie.com\\\/actualites\\\/lalgerie-suit-avec-preoccupation-les-developpements-de-la-situation-au-zimbabwe\\\/#article\",\"isPartOf\":{\"@id\":\"https:\\\/\\\/www.info-algerie.com\\\/actualites\\\/lalgerie-suit-avec-preoccupation-les-developpements-de-la-situation-au-zimbabwe\\\/\"},\"author\":{\"name\":\"La r\u00e9daction\",\"@id\":\"https:\\\/\\\/www.info-algerie.com\\\/actualites\\\/#\\\/schema\\\/person\\\/847aaec44920825b843a08f30ec6aa1e\"},\"headline\":\"L&#039;Alg\u00e9rie suit avec pr\u00e9occupation les d\u00e9veloppements de la situation au Zimbabwe\",\"datePublished\":\"2017-11-16T12:11:52+00:00\",\"mainEntityOfPage\":{\"@id\":\"https:\\\/\\\/www.info-algerie.com\\\/actualites\\\/lalgerie-suit-avec-preoccupation-les-developpements-de-la-situation-au-zimbabwe\\\/\"},\"wordCount\":190,\"commentCount\":0,\"publisher\":{\"@id\":\"https:\\\/\\\/www.info-algerie.com\\\/actualites\\\/#organization\"},\"image\":{\"@id\":\"https:\\\/\\\/www.info-algerie.com\\\/actualites\\\/lalgerie-suit-avec-preoccupation-les-developpements-de-la-situation-au-zimbabwe\\\/#primaryimage\"},\"thumbnailUrl\":\"https:\\\/\\\/www.info-algerie.com\\\/actualites\\\/wp-content\\\/uploads\\\/2017\\\/11\\\/bd3acf124775ceda70f29ca8cec15544_S-1.jpg\",\"keywords\":[\"ONU\"],\"articleSection\":[\"infos\"],\"inLanguage\":\"fr-FR\",\"potentialAction\":[{\"@type\":\"CommentAction\",\"name\":\"Comment\",\"target\":[\"https:\\\/\\\/www.info-algerie.com\\\/actualites\\\/lalgerie-suit-avec-preoccupation-les-developpements-de-la-situation-au-zimbabwe\\\/#respond\"]}]},{\"@type\":\"WebPage\",\"@id\":\"https:\\\/\\\/www.info-algerie.com\\\/actualites\\\/lalgerie-suit-avec-preoccupation-les-developpements-de-la-situation-au-zimbabwe\\\/\",\"url\":\"https:\\\/\\\/www.info-algerie.com\\\/actualites\\\/lalgerie-suit-avec-preoccupation-les-developpements-de-la-situation-au-zimbabwe\\\/\",\"name\":\"L&#039;Alg\u00e9rie suit avec pr\u00e9occupation les d\u00e9veloppements de la situation au Zimbabwe - info algerie\",\"isPartOf\":{\"@id\":\"https:\\\/\\\/www.info-algerie.com\\\/actualites\\\/#website\"},\"primaryImageOfPage\":{\"@id\":\"https:\\\/\\\/www.info-algerie.com\\\/actualites\\\/lalgerie-suit-avec-preoccupation-les-developpements-de-la-situation-au-zimbabwe\\\/#primaryimage\"},\"image\":{\"@id\":\"https:\\\/\\\/www.info-algerie.com\\\/actualites\\\/lalgerie-suit-avec-preoccupation-les-developpements-de-la-situation-au-zimbabwe\\\/#primaryimage\"},\"thumbnailUrl\":\"https:\\\/\\\/www.info-algerie.com\\\/actualites\\\/wp-content\\\/uploads\\\/2017\\\/11\\\/bd3acf124775ceda70f29ca8cec15544_S-1.jpg\",\"datePublished\":\"2017-11-16T12:11:52+00:00\",\"breadcrumb\":{\"@id\":\"https:\\\/\\\/www.info-algerie.com\\\/actualites\\\/lalgerie-suit-avec-preoccupation-les-developpements-de-la-situation-au-zimbabwe\\\/#breadcrumb\"},\"inLanguage\":\"fr-FR\",\"potentialAction\":[{\"@type\":\"ReadAction\",\"target\":[\"https:\\\/\\\/www.info-algerie.com\\\/actualites\\\/lalgerie-suit-avec-preoccupation-les-developpements-de-la-situation-au-zimbabwe\\\/\"]}]},{\"@type\":\"ImageObject\",\"inLanguage\":\"fr-FR\",\"@id\":\"https:\\\/\\\/www.info-algerie.com\\\/actualites\\\/lalgerie-suit-avec-preoccupation-les-developpements-de-la-situation-au-zimbabwe\\\/#primaryimage\",\"url\":\"https:\\\/\\\/www.info-algerie.com\\\/actualites\\\/wp-content\\\/uploads\\\/2017\\\/11\\\/bd3acf124775ceda70f29ca8cec15544_S-1.jpg\",\"contentUrl\":\"https:\\\/\\\/www.info-algerie.com\\\/actualites\\\/wp-content\\\/uploads\\\/2017\\\/11\\\/bd3acf124775ceda70f29ca8cec15544_S-1.jpg\",\"width\":280,\"height\":169},{\"@type\":\"BreadcrumbList\",\"@id\":\"https:\\\/\\\/www.info-algerie.com\\\/actualites\\\/lalgerie-suit-avec-preoccupation-les-developpements-de-la-situation-au-zimbabwe\\\/#breadcrumb\",\"itemListElement\":[{\"@type\":\"ListItem\",\"position\":1,\"name\":\"Accueil\",\"item\":\"https:\\\/\\\/www.info-algerie.com\\\/actualites\\\/\"},{\"@type\":\"ListItem\",\"position\":2,\"name\":\"L&#039;Alg\u00e9rie suit avec pr\u00e9occupation les d\u00e9veloppements de la situation au Zimbabwe\"}]},{\"@type\":\"WebSite\",\"@id\":\"https:\\\/\\\/www.info-algerie.com\\\/actualites\\\/#website\",\"url\":\"https:\\\/\\\/www.info-algerie.com\\\/actualites\\\/\",\"name\":\"info algerie\",\"description\":\"Toutes les actualit\u00e9s\",\"publisher\":{\"@id\":\"https:\\\/\\\/www.info-algerie.com\\\/actualites\\\/#organization\"},\"potentialAction\":[{\"@type\":\"SearchAction\",\"target\":{\"@type\":\"EntryPoint\",\"urlTemplate\":\"https:\\\/\\\/www.info-algerie.com\\\/actualites\\\/?s={search_term_string}\"},\"query-input\":{\"@type\":\"PropertyValueSpecification\",\"valueRequired\":true,\"valueName\":\"search_term_string\"}}],\"inLanguage\":\"fr-FR\"},{\"@type\":\"Organization\",\"@id\":\"https:\\\/\\\/www.info-algerie.com\\\/actualites\\\/#organization\",\"name\":\"info algerie\",\"url\":\"https:\\\/\\\/www.info-algerie.com\\\/actualites\\\/\",\"logo\":{\"@type\":\"ImageObject\",\"inLanguage\":\"fr-FR\",\"@id\":\"https:\\\/\\\/www.info-algerie.com\\\/actualites\\\/#\\\/schema\\\/logo\\\/image\\\/\",\"url\":\"https:\\\/\\\/www.info-algerie.com\\\/actualites\\\/wp-content\\\/uploads\\\/2022\\\/07\\\/logo-ia-120.png\",\"contentUrl\":\"https:\\\/\\\/www.info-algerie.com\\\/actualites\\\/wp-content\\\/uploads\\\/2022\\\/07\\\/logo-ia-120.png\",\"width\":120,\"height\":43,\"caption\":\"info algerie\"},\"image\":{\"@id\":\"https:\\\/\\\/www.info-algerie.com\\\/actualites\\\/#\\\/schema\\\/logo\\\/image\\\/\"},\"sameAs\":[\"https:\\\/\\\/www.facebook.com\\\/infoalgerieactu\",\"https:\\\/\\\/x.com\\\/infoalgerie1\"]},{\"@type\":\"Person\",\"@id\":\"https:\\\/\\\/www.info-algerie.com\\\/actualites\\\/#\\\/schema\\\/person\\\/847aaec44920825b843a08f30ec6aa1e\",\"name\":\"La r\u00e9daction\",\"image\":{\"@type\":\"ImageObject\",\"inLanguage\":\"fr-FR\",\"@id\":\"https:\\\/\\\/secure.gravatar.com\\\/avatar\\\/769db425c6f465158149f1ffd6cf61ce7a8a879d11dfbef8288af36dfddd418c?s=96&d=mm&r=g\",\"url\":\"https:\\\/\\\/secure.gravatar.com\\\/avatar\\\/769db425c6f465158149f1ffd6cf61ce7a8a879d11dfbef8288af36dfddd418c?s=96&d=mm&r=g\",\"contentUrl\":\"https:\\\/\\\/secure.gravatar.com\\\/avatar\\\/769db425c6f465158149f1ffd6cf61ce7a8a879d11dfbef8288af36dfddd418c?s=96&d=mm&r=g\",\"caption\":\"La r\u00e9daction\"},\"sameAs\":[\"http:\\\/\\\/www.lkeria.com\\\/\"],\"url\":\"https:\\\/\\\/www.info-algerie.com\\\/actualites\\\/author\\\/chakib32\\\/\"}]}<\/script>\n<!-- \/ Yoast SEO plugin. -->","yoast_head_json":{"title":"L&#039;Alg\u00e9rie suit avec pr\u00e9occupation les d\u00e9veloppements de la situation au Zimbabwe - info algerie","robots":{"index":"index","follow":"follow","max-snippet":"max-snippet:-1","max-image-preview":"max-image-preview:large","max-video-preview":"max-video-preview:-1"},"canonical":"https:\/\/www.info-algerie.com\/actualites\/lalgerie-suit-avec-preoccupation-les-developpements-de-la-situation-au-zimbabwe\/","og_locale":"fr_FR","og_type":"article","og_title":"L&#039;Alg\u00e9rie suit avec pr\u00e9occupation les d\u00e9veloppements de la situation au Zimbabwe - info algerie","og_description":"ALGER &#8211; L&rsquo;Alg\u00e9rie suit \u00ab\u00a0avec pr\u00e9occupation\u00a0\u00bb les d\u00e9veloppements \u00ab\u00a0inqui\u00e9tants\u00a0\u00bb de la situation au Zimbabwe et exhorte l\u2019ensemble des acteurs en pr\u00e9sence \u00e0 \u00ab\u00a0veiller au respect de l\u2019ordre constitutionnel\u00a0\u00bb, a indiqu\u00e9 jeudi le porte-parole du minist\u00e8re des Affaires \u00e9trang\u00e8res, Abdelaziz Benali Cherif. &#013; &#013; \u00ab\u00a0Nous suivons avec pr\u00e9occupation les derniers d\u00e9veloppements de la situation au Zimbabwe\u00a0\u00bb,","og_url":"https:\/\/www.info-algerie.com\/actualites\/lalgerie-suit-avec-preoccupation-les-developpements-de-la-situation-au-zimbabwe\/","og_site_name":"info algerie","article_publisher":"https:\/\/www.facebook.com\/infoalgerieactu","article_published_time":"2017-11-16T12:11:52+00:00","og_image":[{"width":280,"height":169,"url":"https:\/\/www.info-algerie.com\/actualites\/wp-content\/uploads\/2017\/11\/bd3acf124775ceda70f29ca8cec15544_S-1.jpg","type":"image\/jpeg"}],"author":"La r\u00e9daction","twitter_misc":{"\u00c9crit par":"La r\u00e9daction","Dur\u00e9e de lecture estim\u00e9e":"1 minute"},"schema":{"@context":"https:\/\/schema.org","@graph":[{"@type":"Article","@id":"https:\/\/www.info-algerie.com\/actualites\/lalgerie-suit-avec-preoccupation-les-developpements-de-la-situation-au-zimbabwe\/#article","isPartOf":{"@id":"https:\/\/www.info-algerie.com\/actualites\/lalgerie-suit-avec-preoccupation-les-developpements-de-la-situation-au-zimbabwe\/"},"author":{"name":"La r\u00e9daction","@id":"https:\/\/www.info-algerie.com\/actualites\/#\/schema\/person\/847aaec44920825b843a08f30ec6aa1e"},"headline":"L&#039;Alg\u00e9rie suit avec pr\u00e9occupation les d\u00e9veloppements de la situation au Zimbabwe","datePublished":"2017-11-16T12:11:52+00:00","mainEntityOfPage":{"@id":"https:\/\/www.info-algerie.com\/actualites\/lalgerie-suit-avec-preoccupation-les-developpements-de-la-situation-au-zimbabwe\/"},"wordCount":190,"commentCount":0,"publisher":{"@id":"https:\/\/www.info-algerie.com\/actualites\/#organization"},"image":{"@id":"https:\/\/www.info-algerie.com\/actualites\/lalgerie-suit-avec-preoccupation-les-developpements-de-la-situation-au-zimbabwe\/#primaryimage"},"thumbnailUrl":"https:\/\/www.info-algerie.com\/actualites\/wp-content\/uploads\/2017\/11\/bd3acf124775ceda70f29ca8cec15544_S-1.jpg","keywords":["ONU"],"articleSection":["infos"],"inLanguage":"fr-FR","potentialAction":[{"@type":"CommentAction","name":"Comment","target":["https:\/\/www.info-algerie.com\/actualites\/lalgerie-suit-avec-preoccupation-les-developpements-de-la-situation-au-zimbabwe\/#respond"]}]},{"@type":"WebPage","@id":"https:\/\/www.info-algerie.com\/actualites\/lalgerie-suit-avec-preoccupation-les-developpements-de-la-situation-au-zimbabwe\/","url":"https:\/\/www.info-algerie.com\/actualites\/lalgerie-suit-avec-preoccupation-les-developpements-de-la-situation-au-zimbabwe\/","name":"L&#039;Alg\u00e9rie suit avec pr\u00e9occupation les d\u00e9veloppements de la situation au Zimbabwe - info algerie","isPartOf":{"@id":"https:\/\/www.info-algerie.com\/actualites\/#website"},"primaryImageOfPage":{"@id":"https:\/\/www.info-algerie.com\/actualites\/lalgerie-suit-avec-preoccupation-les-developpements-de-la-situation-au-zimbabwe\/#primaryimage"},"image":{"@id":"https:\/\/www.info-algerie.com\/actualites\/lalgerie-suit-avec-preoccupation-les-developpements-de-la-situation-au-zimbabwe\/#primaryimage"},"thumbnailUrl":"https:\/\/www.info-algerie.com\/actualites\/wp-content\/uploads\/2017\/11\/bd3acf124775ceda70f29ca8cec15544_S-1.jpg","datePublished":"2017-11-16T12:11:52+00:00","breadcrumb":{"@id":"https:\/\/www.info-algerie.com\/actualites\/lalgerie-suit-avec-preoccupation-les-developpements-de-la-situation-au-zimbabwe\/#breadcrumb"},"inLanguage":"fr-FR","potentialAction":[{"@type":"ReadAction","target":["https:\/\/www.info-algerie.com\/actualites\/lalgerie-suit-avec-preoccupation-les-developpements-de-la-situation-au-zimbabwe\/"]}]},{"@type":"ImageObject","inLanguage":"fr-FR","@id":"https:\/\/www.info-algerie.com\/actualites\/lalgerie-suit-avec-preoccupation-les-developpements-de-la-situation-au-zimbabwe\/#primaryimage","url":"https:\/\/www.info-algerie.com\/actualites\/wp-content\/uploads\/2017\/11\/bd3acf124775ceda70f29ca8cec15544_S-1.jpg","contentUrl":"https:\/\/www.info-algerie.com\/actualites\/wp-content\/uploads\/2017\/11\/bd3acf124775ceda70f29ca8cec15544_S-1.jpg","width":280,"height":169},{"@type":"BreadcrumbList","@id":"https:\/\/www.info-algerie.com\/actualites\/lalgerie-suit-avec-preoccupation-les-developpements-de-la-situation-au-zimbabwe\/#breadcrumb","itemListElement":[{"@type":"ListItem","position":1,"name":"Accueil","item":"https:\/\/www.info-algerie.com\/actualites\/"},{"@type":"ListItem","position":2,"name":"L&#039;Alg\u00e9rie suit avec pr\u00e9occupation les d\u00e9veloppements de la situation au Zimbabwe"}]},{"@type":"WebSite","@id":"https:\/\/www.info-algerie.com\/actualites\/#website","url":"https:\/\/www.info-algerie.com\/actualites\/","name":"info algerie","description":"Toutes les actualit\u00e9s","publisher":{"@id":"https:\/\/www.info-algerie.com\/actualites\/#organization"},"potentialAction":[{"@type":"SearchAction","target":{"@type":"EntryPoint","urlTemplate":"https:\/\/www.info-algerie.com\/actualites\/?s={search_term_string}"},"query-input":{"@type":"PropertyValueSpecification","valueRequired":true,"valueName":"search_term_string"}}],"inLanguage":"fr-FR"},{"@type":"Organization","@id":"https:\/\/www.info-algerie.com\/actualites\/#organization","name":"info algerie","url":"https:\/\/www.info-algerie.com\/actualites\/","logo":{"@type":"ImageObject","inLanguage":"fr-FR","@id":"https:\/\/www.info-algerie.com\/actualites\/#\/schema\/logo\/image\/","url":"https:\/\/www.info-algerie.com\/actualites\/wp-content\/uploads\/2022\/07\/logo-ia-120.png","contentUrl":"https:\/\/www.info-algerie.com\/actualites\/wp-content\/uploads\/2022\/07\/logo-ia-120.png","width":120,"height":43,"caption":"info algerie"},"image":{"@id":"https:\/\/www.info-algerie.com\/actualites\/#\/schema\/logo\/image\/"},"sameAs":["https:\/\/www.facebook.com\/infoalgerieactu","https:\/\/x.com\/infoalgerie1"]},{"@type":"Person","@id":"https:\/\/www.info-algerie.com\/actualites\/#\/schema\/person\/847aaec44920825b843a08f30ec6aa1e","name":"La r\u00e9daction","image":{"@type":"ImageObject","inLanguage":"fr-FR","@id":"https:\/\/secure.gravatar.com\/avatar\/769db425c6f465158149f1ffd6cf61ce7a8a879d11dfbef8288af36dfddd418c?s=96&d=mm&r=g","url":"https:\/\/secure.gravatar.com\/avatar\/769db425c6f465158149f1ffd6cf61ce7a8a879d11dfbef8288af36dfddd418c?s=96&d=mm&r=g","contentUrl":"https:\/\/secure.gravatar.com\/avatar\/769db425c6f465158149f1ffd6cf61ce7a8a879d11dfbef8288af36dfddd418c?s=96&d=mm&r=g","caption":"La r\u00e9daction"},"sameAs":["http:\/\/www.lkeria.com\/"],"url":"https:\/\/www.info-algerie.com\/actualites\/author\/chakib32\/"}]}},"_links":{"self":[{"href":"https:\/\/www.info-algerie.com\/actualites\/wp-json\/wp\/v2\/posts\/18082","targetHints":{"allow":["GET"]}}],"collection":[{"href":"https:\/\/www.info-algerie.com\/actualites\/wp-json\/wp\/v2\/posts"}],"about":[{"href":"https:\/\/www.info-algerie.com\/actualites\/wp-json\/wp\/v2\/types\/post"}],"author":[{"embeddable":true,"href":"https:\/\/www.info-algerie.com\/actualites\/wp-json\/wp\/v2\/users\/6"}],"replies":[{"embeddable":true,"href":"https:\/\/www.info-algerie.com\/actualites\/wp-json\/wp\/v2\/comments?post=18082"}],"version-history":[{"count":0,"href":"https:\/\/www.info-algerie.com\/actualites\/wp-json\/wp\/v2\/posts\/18082\/revisions"}],"wp:featuredmedia":[{"embeddable":true,"href":"https:\/\/www.info-algerie.com\/actualites\/wp-json\/wp\/v2\/media\/18083"}],"wp:attachment":[{"href":"https:\/\/www.info-algerie.com\/actualites\/wp-json\/wp\/v2\/media?parent=18082"}],"wp:term":[{"taxonomy":"category","embeddable":true,"href":"https:\/\/www.info-algerie.com\/actualites\/wp-json\/wp\/v2\/categories?post=18082"},{"taxonomy":"post_tag","embeddable":true,"href":"https:\/\/www.info-algerie.com\/actualites\/wp-json\/wp\/v2\/tags?post=18082"}],"curies":[{"name":"wp","href":"https:\/\/api.w.org\/{rel}","templated":true}]}}