{"id":18085,"date":"2017-11-16T13:00:59","date_gmt":"2017-11-16T12:00:59","guid":{"rendered":"http:\/\/www.info-algerie.com\/actualites\/nigeria-lalgerie-condamne-avec-force-la-quadruple-attaque-terroriste\/"},"modified":"2017-11-16T13:00:59","modified_gmt":"2017-11-16T12:00:59","slug":"nigeria-lalgerie-condamne-avec-force-la-quadruple-attaque-terroriste","status":"publish","type":"post","link":"https:\/\/www.info-algerie.com\/actualites\/nigeria-lalgerie-condamne-avec-force-la-quadruple-attaque-terroriste\/","title":{"rendered":"Nig\u00e9ria: l&#039;Alg\u00e9rie condamne avec &quot;force&quot; la quadruple attaque terroriste"},"content":{"rendered":"<div class=\"K2FeedImage\"><img decoding=\"async\" src=\"https:\/\/www.info-algerie.com\/actualites\/wp-content\/uploads\/2017\/11\/c0ca929c31da6569655eb946d788726e_S.jpg\" \/><\/div>\n<div class=\"K2FeedIntroText\">\n<p><strong>ALGER &#8211; L&rsquo;Alg\u00e9rie a condamn\u00e9 avec \u00ab\u00a0force\u00a0\u00bb la quadruple attaque terroriste qui a cibl\u00e9 mercredi de paisibles citoyens au quartier de Muna Garage \u00e0 Maiduguri, dans le nord-est du Nigeria, a indiqu\u00e9 jeudi le parole-parole du minist\u00e8re des Affaires \u00e9trang\u00e8res, Abdelaziz Benali Cherif.<\/strong><\/p>\n<p>&#013;\n<\/p><\/div>\n<div class=\"K2FeedFullText\">&#013;<\/p>\n<blockquote><p>&#013;<\/p>\n<p><strong><em>\u00ab\u00a0Nous demeurons convaincus que cet acharnement terroriste notamment sur les populations civiles ne saura entamer la d\u00e9termination du Gouvernement, de l\u2019arm\u00e9e et des forces de s\u00e9curit\u00e9 de ce pays de d\u00e9faire le terrorisme de Boko Haram qui fait peser une menace permanente sur le Nig\u00e9ria et les pays de la r\u00e9gion\u00a0\u00bb, a pr\u00e9cis\u00e9 M. Benali Cherif dans une d\u00e9claration \u00e0 l&rsquo;APS.<\/em><\/strong><\/p>\n<p>&#013;\n<\/p><\/blockquote>\n<p>&#013;<\/p>\n<p>M. Benali Cherif a soutenu que l\u2019Alg\u00e9rie qui a toujours appel\u00e9 \u00e0 \u00ab\u00a0davantage de coordination entre les pays africains en g\u00e9n\u00e9ral et les pays de la r\u00e9gion en particulier pour faire face au fl\u00e9au terroriste est convaincue que les efforts soutenus et collectifs des pays du continent finiront par avoir raison du terrorisme et de ses ramifications dans la r\u00e9gion\u00a0\u00bb.<\/p>\n<p>&#013;<\/p>\n<p class=\"MsoNormal\">\u00ab\u00a0Tout en nous inclinant devant la m\u00e9moire des innocentes victimes, nous pr\u00e9sentons \u00e0 leurs familles et au Gouvernement du Nigeria nos sinc\u00e8res condol\u00e9ances et les assurons de notre solidarit\u00e9\u00a0\u00bb, a-t-il dit.<\/p>\n<\/div>\n<p>&#013;<br \/>\nSource: <a href=\"http:\/\/www.aps.dz\/algerie\/65722-nigeria-l-algerie-condamne-avec-force-la-quadruple-attaque-terroriste\" target=\"_blank\">Nig\u00e9ria: l&rsquo;Alg\u00e9rie condamne avec \u00ab\u00a0force\u00a0\u00bb la quadruple attaque terroriste<\/a><\/p>\n<!--CusAds0-->\n<div style=\"font-size: 0px; height: 0px; line-height: 0px; margin: 0; padding: 0; clear: both;\"><\/div>","protected":false},"excerpt":{"rendered":"<p>ALGER &#8211; L&rsquo;Alg\u00e9rie a condamn\u00e9 avec \u00ab\u00a0force\u00a0\u00bb la quadruple attaque terroriste qui a cibl\u00e9 mercredi de paisibles citoyens au quartier de Muna Garage \u00e0 Maiduguri, dans le nord-est du Nigeria, a indiqu\u00e9 jeudi le parole-parole du minist\u00e8re des Affaires \u00e9trang\u00e8res, Abdelaziz Benali Cherif. &#013; &#013; &#013; \u00ab\u00a0Nous demeurons convaincus que cet acharnement terroriste notamment sur<\/p>\n","protected":false},"author":6,"featured_media":18086,"comment_status":"open","ping_status":"open","sticky":false,"template":"","format":"standard","meta":{"footnotes":""},"categories":[22],"tags":[93],"class_list":["post-18085","post","type-post","status-publish","format-standard","has-post-thumbnail","hentry","category-infos","tag-onu"],"yoast_head":"<!-- This site is optimized with the Yoast SEO plugin v27.4 - https:\/\/yoast.com\/product\/yoast-seo-wordpress\/ -->\n<title>Nig\u00e9ria: l&#039;Alg\u00e9rie condamne avec &quot;force&quot; la quadruple attaque terroriste - info algerie<\/title>\n<meta name=\"robots\" content=\"index, follow, max-snippet:-1, max-image-preview:large, max-video-preview:-1\" \/>\n<link rel=\"canonical\" href=\"https:\/\/www.info-algerie.com\/actualites\/nigeria-lalgerie-condamne-avec-force-la-quadruple-attaque-terroriste\/\" \/>\n<meta property=\"og:locale\" content=\"fr_FR\" \/>\n<meta property=\"og:type\" content=\"article\" \/>\n<meta property=\"og:title\" content=\"Nig\u00e9ria: l&#039;Alg\u00e9rie condamne avec &quot;force&quot; la quadruple attaque terroriste - info algerie\" \/>\n<meta property=\"og:description\" content=\"ALGER &#8211; L&rsquo;Alg\u00e9rie a condamn\u00e9 avec \u00ab\u00a0force\u00a0\u00bb la quadruple attaque terroriste qui a cibl\u00e9 mercredi de paisibles citoyens au quartier de Muna Garage \u00e0 Maiduguri, dans le nord-est du Nigeria, a indiqu\u00e9 jeudi le parole-parole du minist\u00e8re des Affaires \u00e9trang\u00e8res, Abdelaziz Benali Cherif. &#013; &#013; &#013; \u00ab\u00a0Nous demeurons convaincus que cet acharnement terroriste notamment sur\" \/>\n<meta property=\"og:url\" content=\"https:\/\/www.info-algerie.com\/actualites\/nigeria-lalgerie-condamne-avec-force-la-quadruple-attaque-terroriste\/\" \/>\n<meta property=\"og:site_name\" content=\"info algerie\" \/>\n<meta property=\"article:publisher\" content=\"https:\/\/www.facebook.com\/infoalgerieactu\" \/>\n<meta property=\"article:published_time\" content=\"2017-11-16T12:00:59+00:00\" \/>\n<meta property=\"og:image\" content=\"https:\/\/www.info-algerie.com\/actualites\/wp-content\/uploads\/2017\/11\/c0ca929c31da6569655eb946d788726e_S-1.jpg\" \/>\n\t<meta property=\"og:image:width\" content=\"280\" \/>\n\t<meta property=\"og:image:height\" content=\"169\" \/>\n\t<meta property=\"og:image:type\" content=\"image\/jpeg\" \/>\n<meta name=\"author\" content=\"La r\u00e9daction\" \/>\n<meta name=\"twitter:label1\" content=\"\u00c9crit par\" \/>\n\t<meta name=\"twitter:data1\" content=\"La r\u00e9daction\" \/>\n\t<meta name=\"twitter:label2\" content=\"Dur\u00e9e de lecture estim\u00e9e\" \/>\n\t<meta name=\"twitter:data2\" content=\"1 minute\" \/>\n<script type=\"application\/ld+json\" class=\"yoast-schema-graph\">{\"@context\":\"https:\\\/\\\/schema.org\",\"@graph\":[{\"@type\":\"Article\",\"@id\":\"https:\\\/\\\/www.info-algerie.com\\\/actualites\\\/nigeria-lalgerie-condamne-avec-force-la-quadruple-attaque-terroriste\\\/#article\",\"isPartOf\":{\"@id\":\"https:\\\/\\\/www.info-algerie.com\\\/actualites\\\/nigeria-lalgerie-condamne-avec-force-la-quadruple-attaque-terroriste\\\/\"},\"author\":{\"name\":\"La r\u00e9daction\",\"@id\":\"https:\\\/\\\/www.info-algerie.com\\\/actualites\\\/#\\\/schema\\\/person\\\/847aaec44920825b843a08f30ec6aa1e\"},\"headline\":\"Nig\u00e9ria: l&#039;Alg\u00e9rie condamne avec &quot;force&quot; la quadruple attaque terroriste\",\"datePublished\":\"2017-11-16T12:00:59+00:00\",\"mainEntityOfPage\":{\"@id\":\"https:\\\/\\\/www.info-algerie.com\\\/actualites\\\/nigeria-lalgerie-condamne-avec-force-la-quadruple-attaque-terroriste\\\/\"},\"wordCount\":243,\"commentCount\":0,\"publisher\":{\"@id\":\"https:\\\/\\\/www.info-algerie.com\\\/actualites\\\/#organization\"},\"image\":{\"@id\":\"https:\\\/\\\/www.info-algerie.com\\\/actualites\\\/nigeria-lalgerie-condamne-avec-force-la-quadruple-attaque-terroriste\\\/#primaryimage\"},\"thumbnailUrl\":\"https:\\\/\\\/www.info-algerie.com\\\/actualites\\\/wp-content\\\/uploads\\\/2017\\\/11\\\/c0ca929c31da6569655eb946d788726e_S-1.jpg\",\"keywords\":[\"ONU\"],\"articleSection\":[\"infos\"],\"inLanguage\":\"fr-FR\",\"potentialAction\":[{\"@type\":\"CommentAction\",\"name\":\"Comment\",\"target\":[\"https:\\\/\\\/www.info-algerie.com\\\/actualites\\\/nigeria-lalgerie-condamne-avec-force-la-quadruple-attaque-terroriste\\\/#respond\"]}]},{\"@type\":\"WebPage\",\"@id\":\"https:\\\/\\\/www.info-algerie.com\\\/actualites\\\/nigeria-lalgerie-condamne-avec-force-la-quadruple-attaque-terroriste\\\/\",\"url\":\"https:\\\/\\\/www.info-algerie.com\\\/actualites\\\/nigeria-lalgerie-condamne-avec-force-la-quadruple-attaque-terroriste\\\/\",\"name\":\"Nig\u00e9ria: l&#039;Alg\u00e9rie condamne avec &quot;force&quot; la quadruple attaque terroriste - info algerie\",\"isPartOf\":{\"@id\":\"https:\\\/\\\/www.info-algerie.com\\\/actualites\\\/#website\"},\"primaryImageOfPage\":{\"@id\":\"https:\\\/\\\/www.info-algerie.com\\\/actualites\\\/nigeria-lalgerie-condamne-avec-force-la-quadruple-attaque-terroriste\\\/#primaryimage\"},\"image\":{\"@id\":\"https:\\\/\\\/www.info-algerie.com\\\/actualites\\\/nigeria-lalgerie-condamne-avec-force-la-quadruple-attaque-terroriste\\\/#primaryimage\"},\"thumbnailUrl\":\"https:\\\/\\\/www.info-algerie.com\\\/actualites\\\/wp-content\\\/uploads\\\/2017\\\/11\\\/c0ca929c31da6569655eb946d788726e_S-1.jpg\",\"datePublished\":\"2017-11-16T12:00:59+00:00\",\"breadcrumb\":{\"@id\":\"https:\\\/\\\/www.info-algerie.com\\\/actualites\\\/nigeria-lalgerie-condamne-avec-force-la-quadruple-attaque-terroriste\\\/#breadcrumb\"},\"inLanguage\":\"fr-FR\",\"potentialAction\":[{\"@type\":\"ReadAction\",\"target\":[\"https:\\\/\\\/www.info-algerie.com\\\/actualites\\\/nigeria-lalgerie-condamne-avec-force-la-quadruple-attaque-terroriste\\\/\"]}]},{\"@type\":\"ImageObject\",\"inLanguage\":\"fr-FR\",\"@id\":\"https:\\\/\\\/www.info-algerie.com\\\/actualites\\\/nigeria-lalgerie-condamne-avec-force-la-quadruple-attaque-terroriste\\\/#primaryimage\",\"url\":\"https:\\\/\\\/www.info-algerie.com\\\/actualites\\\/wp-content\\\/uploads\\\/2017\\\/11\\\/c0ca929c31da6569655eb946d788726e_S-1.jpg\",\"contentUrl\":\"https:\\\/\\\/www.info-algerie.com\\\/actualites\\\/wp-content\\\/uploads\\\/2017\\\/11\\\/c0ca929c31da6569655eb946d788726e_S-1.jpg\",\"width\":280,\"height\":169},{\"@type\":\"BreadcrumbList\",\"@id\":\"https:\\\/\\\/www.info-algerie.com\\\/actualites\\\/nigeria-lalgerie-condamne-avec-force-la-quadruple-attaque-terroriste\\\/#breadcrumb\",\"itemListElement\":[{\"@type\":\"ListItem\",\"position\":1,\"name\":\"Accueil\",\"item\":\"https:\\\/\\\/www.info-algerie.com\\\/actualites\\\/\"},{\"@type\":\"ListItem\",\"position\":2,\"name\":\"Nig\u00e9ria: l&#039;Alg\u00e9rie condamne avec &quot;force&quot; la quadruple attaque terroriste\"}]},{\"@type\":\"WebSite\",\"@id\":\"https:\\\/\\\/www.info-algerie.com\\\/actualites\\\/#website\",\"url\":\"https:\\\/\\\/www.info-algerie.com\\\/actualites\\\/\",\"name\":\"info algerie\",\"description\":\"Toutes les actualit\u00e9s\",\"publisher\":{\"@id\":\"https:\\\/\\\/www.info-algerie.com\\\/actualites\\\/#organization\"},\"potentialAction\":[{\"@type\":\"SearchAction\",\"target\":{\"@type\":\"EntryPoint\",\"urlTemplate\":\"https:\\\/\\\/www.info-algerie.com\\\/actualites\\\/?s={search_term_string}\"},\"query-input\":{\"@type\":\"PropertyValueSpecification\",\"valueRequired\":true,\"valueName\":\"search_term_string\"}}],\"inLanguage\":\"fr-FR\"},{\"@type\":\"Organization\",\"@id\":\"https:\\\/\\\/www.info-algerie.com\\\/actualites\\\/#organization\",\"name\":\"info algerie\",\"url\":\"https:\\\/\\\/www.info-algerie.com\\\/actualites\\\/\",\"logo\":{\"@type\":\"ImageObject\",\"inLanguage\":\"fr-FR\",\"@id\":\"https:\\\/\\\/www.info-algerie.com\\\/actualites\\\/#\\\/schema\\\/logo\\\/image\\\/\",\"url\":\"https:\\\/\\\/www.info-algerie.com\\\/actualites\\\/wp-content\\\/uploads\\\/2022\\\/07\\\/logo-ia-120.png\",\"contentUrl\":\"https:\\\/\\\/www.info-algerie.com\\\/actualites\\\/wp-content\\\/uploads\\\/2022\\\/07\\\/logo-ia-120.png\",\"width\":120,\"height\":43,\"caption\":\"info algerie\"},\"image\":{\"@id\":\"https:\\\/\\\/www.info-algerie.com\\\/actualites\\\/#\\\/schema\\\/logo\\\/image\\\/\"},\"sameAs\":[\"https:\\\/\\\/www.facebook.com\\\/infoalgerieactu\",\"https:\\\/\\\/x.com\\\/infoalgerie1\"]},{\"@type\":\"Person\",\"@id\":\"https:\\\/\\\/www.info-algerie.com\\\/actualites\\\/#\\\/schema\\\/person\\\/847aaec44920825b843a08f30ec6aa1e\",\"name\":\"La r\u00e9daction\",\"image\":{\"@type\":\"ImageObject\",\"inLanguage\":\"fr-FR\",\"@id\":\"https:\\\/\\\/secure.gravatar.com\\\/avatar\\\/769db425c6f465158149f1ffd6cf61ce7a8a879d11dfbef8288af36dfddd418c?s=96&d=mm&r=g\",\"url\":\"https:\\\/\\\/secure.gravatar.com\\\/avatar\\\/769db425c6f465158149f1ffd6cf61ce7a8a879d11dfbef8288af36dfddd418c?s=96&d=mm&r=g\",\"contentUrl\":\"https:\\\/\\\/secure.gravatar.com\\\/avatar\\\/769db425c6f465158149f1ffd6cf61ce7a8a879d11dfbef8288af36dfddd418c?s=96&d=mm&r=g\",\"caption\":\"La r\u00e9daction\"},\"sameAs\":[\"http:\\\/\\\/www.lkeria.com\\\/\"],\"url\":\"https:\\\/\\\/www.info-algerie.com\\\/actualites\\\/author\\\/chakib32\\\/\"}]}<\/script>\n<!-- \/ Yoast SEO plugin. -->","yoast_head_json":{"title":"Nig\u00e9ria: l&#039;Alg\u00e9rie condamne avec &quot;force&quot; la quadruple attaque terroriste - info algerie","robots":{"index":"index","follow":"follow","max-snippet":"max-snippet:-1","max-image-preview":"max-image-preview:large","max-video-preview":"max-video-preview:-1"},"canonical":"https:\/\/www.info-algerie.com\/actualites\/nigeria-lalgerie-condamne-avec-force-la-quadruple-attaque-terroriste\/","og_locale":"fr_FR","og_type":"article","og_title":"Nig\u00e9ria: l&#039;Alg\u00e9rie condamne avec &quot;force&quot; la quadruple attaque terroriste - info algerie","og_description":"ALGER &#8211; L&rsquo;Alg\u00e9rie a condamn\u00e9 avec \u00ab\u00a0force\u00a0\u00bb la quadruple attaque terroriste qui a cibl\u00e9 mercredi de paisibles citoyens au quartier de Muna Garage \u00e0 Maiduguri, dans le nord-est du Nigeria, a indiqu\u00e9 jeudi le parole-parole du minist\u00e8re des Affaires \u00e9trang\u00e8res, Abdelaziz Benali Cherif. &#013; &#013; &#013; \u00ab\u00a0Nous demeurons convaincus que cet acharnement terroriste notamment sur","og_url":"https:\/\/www.info-algerie.com\/actualites\/nigeria-lalgerie-condamne-avec-force-la-quadruple-attaque-terroriste\/","og_site_name":"info algerie","article_publisher":"https:\/\/www.facebook.com\/infoalgerieactu","article_published_time":"2017-11-16T12:00:59+00:00","og_image":[{"width":280,"height":169,"url":"https:\/\/www.info-algerie.com\/actualites\/wp-content\/uploads\/2017\/11\/c0ca929c31da6569655eb946d788726e_S-1.jpg","type":"image\/jpeg"}],"author":"La r\u00e9daction","twitter_misc":{"\u00c9crit par":"La r\u00e9daction","Dur\u00e9e de lecture estim\u00e9e":"1 minute"},"schema":{"@context":"https:\/\/schema.org","@graph":[{"@type":"Article","@id":"https:\/\/www.info-algerie.com\/actualites\/nigeria-lalgerie-condamne-avec-force-la-quadruple-attaque-terroriste\/#article","isPartOf":{"@id":"https:\/\/www.info-algerie.com\/actualites\/nigeria-lalgerie-condamne-avec-force-la-quadruple-attaque-terroriste\/"},"author":{"name":"La r\u00e9daction","@id":"https:\/\/www.info-algerie.com\/actualites\/#\/schema\/person\/847aaec44920825b843a08f30ec6aa1e"},"headline":"Nig\u00e9ria: l&#039;Alg\u00e9rie condamne avec &quot;force&quot; la quadruple attaque terroriste","datePublished":"2017-11-16T12:00:59+00:00","mainEntityOfPage":{"@id":"https:\/\/www.info-algerie.com\/actualites\/nigeria-lalgerie-condamne-avec-force-la-quadruple-attaque-terroriste\/"},"wordCount":243,"commentCount":0,"publisher":{"@id":"https:\/\/www.info-algerie.com\/actualites\/#organization"},"image":{"@id":"https:\/\/www.info-algerie.com\/actualites\/nigeria-lalgerie-condamne-avec-force-la-quadruple-attaque-terroriste\/#primaryimage"},"thumbnailUrl":"https:\/\/www.info-algerie.com\/actualites\/wp-content\/uploads\/2017\/11\/c0ca929c31da6569655eb946d788726e_S-1.jpg","keywords":["ONU"],"articleSection":["infos"],"inLanguage":"fr-FR","potentialAction":[{"@type":"CommentAction","name":"Comment","target":["https:\/\/www.info-algerie.com\/actualites\/nigeria-lalgerie-condamne-avec-force-la-quadruple-attaque-terroriste\/#respond"]}]},{"@type":"WebPage","@id":"https:\/\/www.info-algerie.com\/actualites\/nigeria-lalgerie-condamne-avec-force-la-quadruple-attaque-terroriste\/","url":"https:\/\/www.info-algerie.com\/actualites\/nigeria-lalgerie-condamne-avec-force-la-quadruple-attaque-terroriste\/","name":"Nig\u00e9ria: l&#039;Alg\u00e9rie condamne avec &quot;force&quot; la quadruple attaque terroriste - info algerie","isPartOf":{"@id":"https:\/\/www.info-algerie.com\/actualites\/#website"},"primaryImageOfPage":{"@id":"https:\/\/www.info-algerie.com\/actualites\/nigeria-lalgerie-condamne-avec-force-la-quadruple-attaque-terroriste\/#primaryimage"},"image":{"@id":"https:\/\/www.info-algerie.com\/actualites\/nigeria-lalgerie-condamne-avec-force-la-quadruple-attaque-terroriste\/#primaryimage"},"thumbnailUrl":"https:\/\/www.info-algerie.com\/actualites\/wp-content\/uploads\/2017\/11\/c0ca929c31da6569655eb946d788726e_S-1.jpg","datePublished":"2017-11-16T12:00:59+00:00","breadcrumb":{"@id":"https:\/\/www.info-algerie.com\/actualites\/nigeria-lalgerie-condamne-avec-force-la-quadruple-attaque-terroriste\/#breadcrumb"},"inLanguage":"fr-FR","potentialAction":[{"@type":"ReadAction","target":["https:\/\/www.info-algerie.com\/actualites\/nigeria-lalgerie-condamne-avec-force-la-quadruple-attaque-terroriste\/"]}]},{"@type":"ImageObject","inLanguage":"fr-FR","@id":"https:\/\/www.info-algerie.com\/actualites\/nigeria-lalgerie-condamne-avec-force-la-quadruple-attaque-terroriste\/#primaryimage","url":"https:\/\/www.info-algerie.com\/actualites\/wp-content\/uploads\/2017\/11\/c0ca929c31da6569655eb946d788726e_S-1.jpg","contentUrl":"https:\/\/www.info-algerie.com\/actualites\/wp-content\/uploads\/2017\/11\/c0ca929c31da6569655eb946d788726e_S-1.jpg","width":280,"height":169},{"@type":"BreadcrumbList","@id":"https:\/\/www.info-algerie.com\/actualites\/nigeria-lalgerie-condamne-avec-force-la-quadruple-attaque-terroriste\/#breadcrumb","itemListElement":[{"@type":"ListItem","position":1,"name":"Accueil","item":"https:\/\/www.info-algerie.com\/actualites\/"},{"@type":"ListItem","position":2,"name":"Nig\u00e9ria: l&#039;Alg\u00e9rie condamne avec &quot;force&quot; la quadruple attaque terroriste"}]},{"@type":"WebSite","@id":"https:\/\/www.info-algerie.com\/actualites\/#website","url":"https:\/\/www.info-algerie.com\/actualites\/","name":"info algerie","description":"Toutes les actualit\u00e9s","publisher":{"@id":"https:\/\/www.info-algerie.com\/actualites\/#organization"},"potentialAction":[{"@type":"SearchAction","target":{"@type":"EntryPoint","urlTemplate":"https:\/\/www.info-algerie.com\/actualites\/?s={search_term_string}"},"query-input":{"@type":"PropertyValueSpecification","valueRequired":true,"valueName":"search_term_string"}}],"inLanguage":"fr-FR"},{"@type":"Organization","@id":"https:\/\/www.info-algerie.com\/actualites\/#organization","name":"info algerie","url":"https:\/\/www.info-algerie.com\/actualites\/","logo":{"@type":"ImageObject","inLanguage":"fr-FR","@id":"https:\/\/www.info-algerie.com\/actualites\/#\/schema\/logo\/image\/","url":"https:\/\/www.info-algerie.com\/actualites\/wp-content\/uploads\/2022\/07\/logo-ia-120.png","contentUrl":"https:\/\/www.info-algerie.com\/actualites\/wp-content\/uploads\/2022\/07\/logo-ia-120.png","width":120,"height":43,"caption":"info algerie"},"image":{"@id":"https:\/\/www.info-algerie.com\/actualites\/#\/schema\/logo\/image\/"},"sameAs":["https:\/\/www.facebook.com\/infoalgerieactu","https:\/\/x.com\/infoalgerie1"]},{"@type":"Person","@id":"https:\/\/www.info-algerie.com\/actualites\/#\/schema\/person\/847aaec44920825b843a08f30ec6aa1e","name":"La r\u00e9daction","image":{"@type":"ImageObject","inLanguage":"fr-FR","@id":"https:\/\/secure.gravatar.com\/avatar\/769db425c6f465158149f1ffd6cf61ce7a8a879d11dfbef8288af36dfddd418c?s=96&d=mm&r=g","url":"https:\/\/secure.gravatar.com\/avatar\/769db425c6f465158149f1ffd6cf61ce7a8a879d11dfbef8288af36dfddd418c?s=96&d=mm&r=g","contentUrl":"https:\/\/secure.gravatar.com\/avatar\/769db425c6f465158149f1ffd6cf61ce7a8a879d11dfbef8288af36dfddd418c?s=96&d=mm&r=g","caption":"La r\u00e9daction"},"sameAs":["http:\/\/www.lkeria.com\/"],"url":"https:\/\/www.info-algerie.com\/actualites\/author\/chakib32\/"}]}},"_links":{"self":[{"href":"https:\/\/www.info-algerie.com\/actualites\/wp-json\/wp\/v2\/posts\/18085","targetHints":{"allow":["GET"]}}],"collection":[{"href":"https:\/\/www.info-algerie.com\/actualites\/wp-json\/wp\/v2\/posts"}],"about":[{"href":"https:\/\/www.info-algerie.com\/actualites\/wp-json\/wp\/v2\/types\/post"}],"author":[{"embeddable":true,"href":"https:\/\/www.info-algerie.com\/actualites\/wp-json\/wp\/v2\/users\/6"}],"replies":[{"embeddable":true,"href":"https:\/\/www.info-algerie.com\/actualites\/wp-json\/wp\/v2\/comments?post=18085"}],"version-history":[{"count":0,"href":"https:\/\/www.info-algerie.com\/actualites\/wp-json\/wp\/v2\/posts\/18085\/revisions"}],"wp:featuredmedia":[{"embeddable":true,"href":"https:\/\/www.info-algerie.com\/actualites\/wp-json\/wp\/v2\/media\/18086"}],"wp:attachment":[{"href":"https:\/\/www.info-algerie.com\/actualites\/wp-json\/wp\/v2\/media?parent=18085"}],"wp:term":[{"taxonomy":"category","embeddable":true,"href":"https:\/\/www.info-algerie.com\/actualites\/wp-json\/wp\/v2\/categories?post=18085"},{"taxonomy":"post_tag","embeddable":true,"href":"https:\/\/www.info-algerie.com\/actualites\/wp-json\/wp\/v2\/tags?post=18085"}],"curies":[{"name":"wp","href":"https:\/\/api.w.org\/{rel}","templated":true}]}}