{"id":18091,"date":"2017-11-16T16:16:12","date_gmt":"2017-11-16T15:16:12","guid":{"rendered":"http:\/\/www.info-algerie.com\/actualites\/mohamed-said-defend-les-listes-de-son-parti-en-lice\/"},"modified":"2017-11-16T16:16:12","modified_gmt":"2017-11-16T15:16:12","slug":"mohamed-said-defend-les-listes-de-son-parti-en-lice","status":"publish","type":"post","link":"https:\/\/www.info-algerie.com\/actualites\/mohamed-said-defend-les-listes-de-son-parti-en-lice\/","title":{"rendered":"Mohamed Sa\u00efd d\u00e9fend les listes de son parti en lice"},"content":{"rendered":"<div class=\"K2FeedIntroText\">\n<p>\u00a0<\/p>\n<p>&#013;<\/p>\n<p><strong>DJELFA &#8211; Le pr\u00e9sident du Parti de la libert\u00e9 et de la justice (PLJ), Mohamed Sa\u00efd, a d\u00e9fendu, jeudi \u00e0 Djelfa, les listes de candidature de sa formation politique pour les prochaines \u00e9lections locales, assurant qu\u2019elles ont \u00e9t\u00e9 \u00e9labor\u00e9es \u00ab\u00a0dans le respect des crit\u00e8res de comp\u00e9tence, d\u2019int\u00e9grit\u00e9, de d\u00e9vouement et du sens de la responsabilit\u00e9\u00a0\u00bb, n\u00e9cessaires pour servir le citoyen.<\/strong><\/p>\n<p>&#013;\n<\/p><\/div>\n<div class=\"K2FeedFullText\">&#013;<\/p>\n<p>\u00ab\u00a0S\u2019ils sont \u00e9lus, les candidats du PLJ \u0153uvreront dans l\u2019int\u00e9r\u00eat g\u00e9n\u00e9ral de toute la soci\u00e9t\u00e9, sans consid\u00e9ration aucune pour les orientations politiques de tout un chacun, car la rivalit\u00e9 politique s\u2019arr\u00eatera avec la fin de la campagne \u00e9lectorale\u00a0\u00bb, a affirm\u00e9 Mohamed Sa\u00efd dans un meeting populaire anim\u00e9 \u00e0 la salle de conf\u00e9rences Tahar-Belakef de Messa\u00e2d (\u00e0 75 km au sud de Djelfa), pour le compte de la troisi\u00e8me et derni\u00e8re semaine de la campagne pour les locales du 23 novembre .<\/p>\n<p>&#013;<\/p>\n<p>Il a justifi\u00e9 le fait que son parti ne soit pas en lice au niveau de toutes les wilayas, par sa d\u00e9cision \u00e0 pr\u00e9senter des candidats \u00ab\u00a0comp\u00e9tents et int\u00e8gres qui privil\u00e9gieront l\u2019int\u00e9r\u00eat g\u00e9n\u00e9ral, en conformit\u00e9 avec les principes du PLJ\u00a0\u00bb, ajoutant que ce type de candidats allait \u00ab\u00a0contribuer au changement du mode de fonctionnement des communes\u00a0\u00bb et \u00ab\u00a0constituer une valeur ajout\u00e9e pour elles\u00a0\u00bb.<\/p>\n<p>&#013;<\/p>\n<p>Poursuivant sur sa lanc\u00e9e, Mohamed Sa\u00efd a appel\u00e9 les citoyens \u00e0 \u00ab\u00a0assumer leurs responsabilit\u00e9s envers ce scrutin, ne serait-ce qu\u2019en votant avec un bulletin blanc, et ce afin d\u2019exprimer au pouvoir leur message, qui est que +Le sort de notre pays nous int\u00e9resse+\u00a0\u00bb.<\/p>\n<p>&#013;<\/p>\n<p>Au volet \u00e9conomique, le chef de file du PLJ a estim\u00e9 que les incidences de la chute des cours du p\u00e9trole \u00ab\u00a0auront s\u00fbrement un impact sur le pouvoir d\u2019achat du citoyen en 2018\u00a0\u00bb.<\/p>\n<p>&#013;<\/p>\n<p>Il a, en outre, plaid\u00e9 pour l\u2019ouverture d\u2019un dialogue avec tous les courants politiques, soulignant la n\u00e9cessit\u00e9 de \u00ab\u00a0dire la v\u00e9rit\u00e9\u00a0\u00bb afin que \u00ab\u00a0nous puissions d\u00e9passer la crise, par un plan de travail commun susceptible de sauver le pays, du moment que c\u2019est notre voeu \u00e0 tous\u00a0\u00bb.<\/p>\n<\/div>\n<p>&#013;<br \/>\nSource: <a href=\"http:\/\/www.aps.dz\/algerie\/65735-mohamed-said-defend-les-listes-de-son-parti-en-lice\" target=\"_blank\">Mohamed Sa\u00efd d\u00e9fend les listes de son parti en lice<\/a><\/p>\n<!--CusAds0-->\n<div style=\"font-size: 0px; height: 0px; line-height: 0px; margin: 0; padding: 0; clear: both;\"><\/div>","protected":false},"excerpt":{"rendered":"<p>\u00a0 &#013; DJELFA &#8211; Le pr\u00e9sident du Parti de la libert\u00e9 et de la justice (PLJ), Mohamed Sa\u00efd, a d\u00e9fendu, jeudi \u00e0 Djelfa, les listes de candidature de sa formation politique pour les prochaines \u00e9lections locales, assurant qu\u2019elles ont \u00e9t\u00e9 \u00e9labor\u00e9es \u00ab\u00a0dans le respect des crit\u00e8res de comp\u00e9tence, d\u2019int\u00e9grit\u00e9, de d\u00e9vouement et du sens de<\/p>\n","protected":false},"author":6,"featured_media":0,"comment_status":"open","ping_status":"open","sticky":false,"template":"","format":"standard","meta":{"footnotes":""},"categories":[22],"tags":[93],"class_list":["post-18091","post","type-post","status-publish","format-standard","hentry","category-infos","tag-onu"],"yoast_head":"<!-- This site is optimized with the Yoast SEO plugin v27.4 - https:\/\/yoast.com\/product\/yoast-seo-wordpress\/ -->\n<title>Mohamed Sa\u00efd d\u00e9fend les listes de son parti en lice - info algerie<\/title>\n<meta name=\"robots\" content=\"index, follow, max-snippet:-1, max-image-preview:large, max-video-preview:-1\" \/>\n<link rel=\"canonical\" href=\"https:\/\/www.info-algerie.com\/actualites\/mohamed-said-defend-les-listes-de-son-parti-en-lice\/\" \/>\n<meta property=\"og:locale\" content=\"fr_FR\" \/>\n<meta property=\"og:type\" content=\"article\" \/>\n<meta property=\"og:title\" content=\"Mohamed Sa\u00efd d\u00e9fend les listes de son parti en lice - info algerie\" \/>\n<meta property=\"og:description\" content=\"\u00a0 &#013; DJELFA &#8211; Le pr\u00e9sident du Parti de la libert\u00e9 et de la justice (PLJ), Mohamed Sa\u00efd, a d\u00e9fendu, jeudi \u00e0 Djelfa, les listes de candidature de sa formation politique pour les prochaines \u00e9lections locales, assurant qu\u2019elles ont \u00e9t\u00e9 \u00e9labor\u00e9es \u00ab\u00a0dans le respect des crit\u00e8res de comp\u00e9tence, d\u2019int\u00e9grit\u00e9, de d\u00e9vouement et du sens de\" \/>\n<meta property=\"og:url\" content=\"https:\/\/www.info-algerie.com\/actualites\/mohamed-said-defend-les-listes-de-son-parti-en-lice\/\" \/>\n<meta property=\"og:site_name\" content=\"info algerie\" \/>\n<meta property=\"article:publisher\" content=\"https:\/\/www.facebook.com\/infoalgerieactu\" \/>\n<meta property=\"article:published_time\" content=\"2017-11-16T15:16:12+00:00\" \/>\n<meta name=\"author\" content=\"La r\u00e9daction\" \/>\n<meta name=\"twitter:label1\" content=\"\u00c9crit par\" \/>\n\t<meta name=\"twitter:data1\" content=\"La r\u00e9daction\" \/>\n\t<meta name=\"twitter:label2\" content=\"Dur\u00e9e de lecture estim\u00e9e\" \/>\n\t<meta name=\"twitter:data2\" content=\"2 minutes\" \/>\n<script type=\"application\/ld+json\" class=\"yoast-schema-graph\">{\"@context\":\"https:\\\/\\\/schema.org\",\"@graph\":[{\"@type\":\"Article\",\"@id\":\"https:\\\/\\\/www.info-algerie.com\\\/actualites\\\/mohamed-said-defend-les-listes-de-son-parti-en-lice\\\/#article\",\"isPartOf\":{\"@id\":\"https:\\\/\\\/www.info-algerie.com\\\/actualites\\\/mohamed-said-defend-les-listes-de-son-parti-en-lice\\\/\"},\"author\":{\"name\":\"La r\u00e9daction\",\"@id\":\"https:\\\/\\\/www.info-algerie.com\\\/actualites\\\/#\\\/schema\\\/person\\\/847aaec44920825b843a08f30ec6aa1e\"},\"headline\":\"Mohamed Sa\u00efd d\u00e9fend les listes de son parti en lice\",\"datePublished\":\"2017-11-16T15:16:12+00:00\",\"mainEntityOfPage\":{\"@id\":\"https:\\\/\\\/www.info-algerie.com\\\/actualites\\\/mohamed-said-defend-les-listes-de-son-parti-en-lice\\\/\"},\"wordCount\":394,\"commentCount\":0,\"publisher\":{\"@id\":\"https:\\\/\\\/www.info-algerie.com\\\/actualites\\\/#organization\"},\"keywords\":[\"ONU\"],\"articleSection\":[\"infos\"],\"inLanguage\":\"fr-FR\",\"potentialAction\":[{\"@type\":\"CommentAction\",\"name\":\"Comment\",\"target\":[\"https:\\\/\\\/www.info-algerie.com\\\/actualites\\\/mohamed-said-defend-les-listes-de-son-parti-en-lice\\\/#respond\"]}]},{\"@type\":\"WebPage\",\"@id\":\"https:\\\/\\\/www.info-algerie.com\\\/actualites\\\/mohamed-said-defend-les-listes-de-son-parti-en-lice\\\/\",\"url\":\"https:\\\/\\\/www.info-algerie.com\\\/actualites\\\/mohamed-said-defend-les-listes-de-son-parti-en-lice\\\/\",\"name\":\"Mohamed Sa\u00efd d\u00e9fend les listes de son parti en lice - info algerie\",\"isPartOf\":{\"@id\":\"https:\\\/\\\/www.info-algerie.com\\\/actualites\\\/#website\"},\"datePublished\":\"2017-11-16T15:16:12+00:00\",\"breadcrumb\":{\"@id\":\"https:\\\/\\\/www.info-algerie.com\\\/actualites\\\/mohamed-said-defend-les-listes-de-son-parti-en-lice\\\/#breadcrumb\"},\"inLanguage\":\"fr-FR\",\"potentialAction\":[{\"@type\":\"ReadAction\",\"target\":[\"https:\\\/\\\/www.info-algerie.com\\\/actualites\\\/mohamed-said-defend-les-listes-de-son-parti-en-lice\\\/\"]}]},{\"@type\":\"BreadcrumbList\",\"@id\":\"https:\\\/\\\/www.info-algerie.com\\\/actualites\\\/mohamed-said-defend-les-listes-de-son-parti-en-lice\\\/#breadcrumb\",\"itemListElement\":[{\"@type\":\"ListItem\",\"position\":1,\"name\":\"Accueil\",\"item\":\"https:\\\/\\\/www.info-algerie.com\\\/actualites\\\/\"},{\"@type\":\"ListItem\",\"position\":2,\"name\":\"Mohamed Sa\u00efd d\u00e9fend les listes de son parti en lice\"}]},{\"@type\":\"WebSite\",\"@id\":\"https:\\\/\\\/www.info-algerie.com\\\/actualites\\\/#website\",\"url\":\"https:\\\/\\\/www.info-algerie.com\\\/actualites\\\/\",\"name\":\"info algerie\",\"description\":\"Toutes les actualit\u00e9s\",\"publisher\":{\"@id\":\"https:\\\/\\\/www.info-algerie.com\\\/actualites\\\/#organization\"},\"potentialAction\":[{\"@type\":\"SearchAction\",\"target\":{\"@type\":\"EntryPoint\",\"urlTemplate\":\"https:\\\/\\\/www.info-algerie.com\\\/actualites\\\/?s={search_term_string}\"},\"query-input\":{\"@type\":\"PropertyValueSpecification\",\"valueRequired\":true,\"valueName\":\"search_term_string\"}}],\"inLanguage\":\"fr-FR\"},{\"@type\":\"Organization\",\"@id\":\"https:\\\/\\\/www.info-algerie.com\\\/actualites\\\/#organization\",\"name\":\"info algerie\",\"url\":\"https:\\\/\\\/www.info-algerie.com\\\/actualites\\\/\",\"logo\":{\"@type\":\"ImageObject\",\"inLanguage\":\"fr-FR\",\"@id\":\"https:\\\/\\\/www.info-algerie.com\\\/actualites\\\/#\\\/schema\\\/logo\\\/image\\\/\",\"url\":\"https:\\\/\\\/www.info-algerie.com\\\/actualites\\\/wp-content\\\/uploads\\\/2022\\\/07\\\/logo-ia-120.png\",\"contentUrl\":\"https:\\\/\\\/www.info-algerie.com\\\/actualites\\\/wp-content\\\/uploads\\\/2022\\\/07\\\/logo-ia-120.png\",\"width\":120,\"height\":43,\"caption\":\"info algerie\"},\"image\":{\"@id\":\"https:\\\/\\\/www.info-algerie.com\\\/actualites\\\/#\\\/schema\\\/logo\\\/image\\\/\"},\"sameAs\":[\"https:\\\/\\\/www.facebook.com\\\/infoalgerieactu\",\"https:\\\/\\\/x.com\\\/infoalgerie1\"]},{\"@type\":\"Person\",\"@id\":\"https:\\\/\\\/www.info-algerie.com\\\/actualites\\\/#\\\/schema\\\/person\\\/847aaec44920825b843a08f30ec6aa1e\",\"name\":\"La r\u00e9daction\",\"image\":{\"@type\":\"ImageObject\",\"inLanguage\":\"fr-FR\",\"@id\":\"https:\\\/\\\/secure.gravatar.com\\\/avatar\\\/769db425c6f465158149f1ffd6cf61ce7a8a879d11dfbef8288af36dfddd418c?s=96&d=mm&r=g\",\"url\":\"https:\\\/\\\/secure.gravatar.com\\\/avatar\\\/769db425c6f465158149f1ffd6cf61ce7a8a879d11dfbef8288af36dfddd418c?s=96&d=mm&r=g\",\"contentUrl\":\"https:\\\/\\\/secure.gravatar.com\\\/avatar\\\/769db425c6f465158149f1ffd6cf61ce7a8a879d11dfbef8288af36dfddd418c?s=96&d=mm&r=g\",\"caption\":\"La r\u00e9daction\"},\"sameAs\":[\"http:\\\/\\\/www.lkeria.com\\\/\"],\"url\":\"https:\\\/\\\/www.info-algerie.com\\\/actualites\\\/author\\\/chakib32\\\/\"}]}<\/script>\n<!-- \/ Yoast SEO plugin. -->","yoast_head_json":{"title":"Mohamed Sa\u00efd d\u00e9fend les listes de son parti en lice - info algerie","robots":{"index":"index","follow":"follow","max-snippet":"max-snippet:-1","max-image-preview":"max-image-preview:large","max-video-preview":"max-video-preview:-1"},"canonical":"https:\/\/www.info-algerie.com\/actualites\/mohamed-said-defend-les-listes-de-son-parti-en-lice\/","og_locale":"fr_FR","og_type":"article","og_title":"Mohamed Sa\u00efd d\u00e9fend les listes de son parti en lice - info algerie","og_description":"\u00a0 &#013; DJELFA &#8211; Le pr\u00e9sident du Parti de la libert\u00e9 et de la justice (PLJ), Mohamed Sa\u00efd, a d\u00e9fendu, jeudi \u00e0 Djelfa, les listes de candidature de sa formation politique pour les prochaines \u00e9lections locales, assurant qu\u2019elles ont \u00e9t\u00e9 \u00e9labor\u00e9es \u00ab\u00a0dans le respect des crit\u00e8res de comp\u00e9tence, d\u2019int\u00e9grit\u00e9, de d\u00e9vouement et du sens de","og_url":"https:\/\/www.info-algerie.com\/actualites\/mohamed-said-defend-les-listes-de-son-parti-en-lice\/","og_site_name":"info algerie","article_publisher":"https:\/\/www.facebook.com\/infoalgerieactu","article_published_time":"2017-11-16T15:16:12+00:00","author":"La r\u00e9daction","twitter_misc":{"\u00c9crit par":"La r\u00e9daction","Dur\u00e9e de lecture estim\u00e9e":"2 minutes"},"schema":{"@context":"https:\/\/schema.org","@graph":[{"@type":"Article","@id":"https:\/\/www.info-algerie.com\/actualites\/mohamed-said-defend-les-listes-de-son-parti-en-lice\/#article","isPartOf":{"@id":"https:\/\/www.info-algerie.com\/actualites\/mohamed-said-defend-les-listes-de-son-parti-en-lice\/"},"author":{"name":"La r\u00e9daction","@id":"https:\/\/www.info-algerie.com\/actualites\/#\/schema\/person\/847aaec44920825b843a08f30ec6aa1e"},"headline":"Mohamed Sa\u00efd d\u00e9fend les listes de son parti en lice","datePublished":"2017-11-16T15:16:12+00:00","mainEntityOfPage":{"@id":"https:\/\/www.info-algerie.com\/actualites\/mohamed-said-defend-les-listes-de-son-parti-en-lice\/"},"wordCount":394,"commentCount":0,"publisher":{"@id":"https:\/\/www.info-algerie.com\/actualites\/#organization"},"keywords":["ONU"],"articleSection":["infos"],"inLanguage":"fr-FR","potentialAction":[{"@type":"CommentAction","name":"Comment","target":["https:\/\/www.info-algerie.com\/actualites\/mohamed-said-defend-les-listes-de-son-parti-en-lice\/#respond"]}]},{"@type":"WebPage","@id":"https:\/\/www.info-algerie.com\/actualites\/mohamed-said-defend-les-listes-de-son-parti-en-lice\/","url":"https:\/\/www.info-algerie.com\/actualites\/mohamed-said-defend-les-listes-de-son-parti-en-lice\/","name":"Mohamed Sa\u00efd d\u00e9fend les listes de son parti en lice - info algerie","isPartOf":{"@id":"https:\/\/www.info-algerie.com\/actualites\/#website"},"datePublished":"2017-11-16T15:16:12+00:00","breadcrumb":{"@id":"https:\/\/www.info-algerie.com\/actualites\/mohamed-said-defend-les-listes-de-son-parti-en-lice\/#breadcrumb"},"inLanguage":"fr-FR","potentialAction":[{"@type":"ReadAction","target":["https:\/\/www.info-algerie.com\/actualites\/mohamed-said-defend-les-listes-de-son-parti-en-lice\/"]}]},{"@type":"BreadcrumbList","@id":"https:\/\/www.info-algerie.com\/actualites\/mohamed-said-defend-les-listes-de-son-parti-en-lice\/#breadcrumb","itemListElement":[{"@type":"ListItem","position":1,"name":"Accueil","item":"https:\/\/www.info-algerie.com\/actualites\/"},{"@type":"ListItem","position":2,"name":"Mohamed Sa\u00efd d\u00e9fend les listes de son parti en lice"}]},{"@type":"WebSite","@id":"https:\/\/www.info-algerie.com\/actualites\/#website","url":"https:\/\/www.info-algerie.com\/actualites\/","name":"info algerie","description":"Toutes les actualit\u00e9s","publisher":{"@id":"https:\/\/www.info-algerie.com\/actualites\/#organization"},"potentialAction":[{"@type":"SearchAction","target":{"@type":"EntryPoint","urlTemplate":"https:\/\/www.info-algerie.com\/actualites\/?s={search_term_string}"},"query-input":{"@type":"PropertyValueSpecification","valueRequired":true,"valueName":"search_term_string"}}],"inLanguage":"fr-FR"},{"@type":"Organization","@id":"https:\/\/www.info-algerie.com\/actualites\/#organization","name":"info algerie","url":"https:\/\/www.info-algerie.com\/actualites\/","logo":{"@type":"ImageObject","inLanguage":"fr-FR","@id":"https:\/\/www.info-algerie.com\/actualites\/#\/schema\/logo\/image\/","url":"https:\/\/www.info-algerie.com\/actualites\/wp-content\/uploads\/2022\/07\/logo-ia-120.png","contentUrl":"https:\/\/www.info-algerie.com\/actualites\/wp-content\/uploads\/2022\/07\/logo-ia-120.png","width":120,"height":43,"caption":"info algerie"},"image":{"@id":"https:\/\/www.info-algerie.com\/actualites\/#\/schema\/logo\/image\/"},"sameAs":["https:\/\/www.facebook.com\/infoalgerieactu","https:\/\/x.com\/infoalgerie1"]},{"@type":"Person","@id":"https:\/\/www.info-algerie.com\/actualites\/#\/schema\/person\/847aaec44920825b843a08f30ec6aa1e","name":"La r\u00e9daction","image":{"@type":"ImageObject","inLanguage":"fr-FR","@id":"https:\/\/secure.gravatar.com\/avatar\/769db425c6f465158149f1ffd6cf61ce7a8a879d11dfbef8288af36dfddd418c?s=96&d=mm&r=g","url":"https:\/\/secure.gravatar.com\/avatar\/769db425c6f465158149f1ffd6cf61ce7a8a879d11dfbef8288af36dfddd418c?s=96&d=mm&r=g","contentUrl":"https:\/\/secure.gravatar.com\/avatar\/769db425c6f465158149f1ffd6cf61ce7a8a879d11dfbef8288af36dfddd418c?s=96&d=mm&r=g","caption":"La r\u00e9daction"},"sameAs":["http:\/\/www.lkeria.com\/"],"url":"https:\/\/www.info-algerie.com\/actualites\/author\/chakib32\/"}]}},"_links":{"self":[{"href":"https:\/\/www.info-algerie.com\/actualites\/wp-json\/wp\/v2\/posts\/18091","targetHints":{"allow":["GET"]}}],"collection":[{"href":"https:\/\/www.info-algerie.com\/actualites\/wp-json\/wp\/v2\/posts"}],"about":[{"href":"https:\/\/www.info-algerie.com\/actualites\/wp-json\/wp\/v2\/types\/post"}],"author":[{"embeddable":true,"href":"https:\/\/www.info-algerie.com\/actualites\/wp-json\/wp\/v2\/users\/6"}],"replies":[{"embeddable":true,"href":"https:\/\/www.info-algerie.com\/actualites\/wp-json\/wp\/v2\/comments?post=18091"}],"version-history":[{"count":0,"href":"https:\/\/www.info-algerie.com\/actualites\/wp-json\/wp\/v2\/posts\/18091\/revisions"}],"wp:attachment":[{"href":"https:\/\/www.info-algerie.com\/actualites\/wp-json\/wp\/v2\/media?parent=18091"}],"wp:term":[{"taxonomy":"category","embeddable":true,"href":"https:\/\/www.info-algerie.com\/actualites\/wp-json\/wp\/v2\/categories?post=18091"},{"taxonomy":"post_tag","embeddable":true,"href":"https:\/\/www.info-algerie.com\/actualites\/wp-json\/wp\/v2\/tags?post=18091"}],"curies":[{"name":"wp","href":"https:\/\/api.w.org\/{rel}","templated":true}]}}