{"id":18100,"date":"2017-11-17T14:57:23","date_gmt":"2017-11-17T13:57:23","guid":{"rendered":"http:\/\/www.info-algerie.com\/actualites\/la-democratie-participative-une-revendication-populaire-consacree-par-la-constitution\/"},"modified":"2017-11-17T14:57:23","modified_gmt":"2017-11-17T13:57:23","slug":"la-democratie-participative-une-revendication-populaire-consacree-par-la-constitution","status":"publish","type":"post","link":"https:\/\/www.info-algerie.com\/actualites\/la-democratie-participative-une-revendication-populaire-consacree-par-la-constitution\/","title":{"rendered":"La d\u00e9mocratie participative, une revendication populaire consacr\u00e9e par la Constitution"},"content":{"rendered":"<div class=\"K2FeedImage\"><img decoding=\"async\" src=\"https:\/\/www.info-algerie.com\/actualites\/wp-content\/uploads\/2017\/11\/52571c923fa3275ea193321657adcb28_S.jpg\" alt=\"La d&#xE9;mocratie participative, une revendication populaire consacr&#xE9;e par la Constitution\" \/><\/div>\n<div class=\"K2FeedIntroText\">\n<p class=\"MsoNoSpacing\">SOUK AHRAS- Le ministre de l\u2019Int\u00e9rieur, des Collectivit\u00e9s locales et de l\u2019Am\u00e9nagement du territoire, Noureddine Bedoui, a affirm\u00e9, jeudi \u00e0 S\u00e9drata (50 km \u00e0 l&rsquo;est de Souk Ahras), que la d\u00e9mocratie participative, \u00ab\u00a0l\u2019une des revendications populaires a \u00e9t\u00e9 consacr\u00e9e par la Constitution\u00a0\u00bb.<\/p>\n<p>&#013;\n<\/p><\/div>\n<div class=\"K2FeedFullText\">&#013;<\/p>\n<p class=\"MsoNoSpacing\">La premi\u00e8re phase de l\u2019atelier de la d\u00e9mocratie participative au niveau du gouvernement a \u00e9t\u00e9 achev\u00e9e pour permettre la prise en charge des pr\u00e9occupations du citoyen \u00e0 travers ses repr\u00e9sentants dans les comit\u00e9s de quartiers et le mouvement associatif, a indiqu\u00e9 le ministre devant les stagiaires de l\u2019Institut national sp\u00e9cialis\u00e9 de formation professionnelle (INSFP) qu\u2019il a inaugur\u00e9 \u00e0 Sedrata dans le cadre de sa visite de deux jours dans cette wilaya.<\/p>\n<p>&#013;<\/p>\n<blockquote><p>&#013;<\/p>\n<p class=\"MsoNoSpacing\"><em><strong>\u00ab\u00a0Le citoyen est aujourd\u2019hui plac\u00e9 au coeur de toutes les r\u00e9formes engag\u00e9es par les pouvoirs publics dans le pays\u00a0\u00bb, a assur\u00e9 M. B\u00e9doui qui a rappel\u00e9 l\u2019insistance du Pr\u00e9sident de la R\u00e9publique, M. Abdelaziz Bouteflika, \u00e0 servir le citoyen n\u2019importe o\u00f9 au pays, dans les endroits les plus profonds et lointains, \u00e0 travers des r\u00e9gions frontali\u00e8res et dans le Sud.<\/strong><\/em><\/p>\n<p>&#013;\n<\/p><\/blockquote>\n<p>&#013;<\/p>\n<p class=\"MsoNoSpacing\">\u00a0\u00bbToutes ces r\u00e9gions sont aujourd\u2019hui travers\u00e9es par les r\u00e9seaux d\u2019\u00e9lectricit\u00e9 et de gaz et des milliers de kilom\u00e8tres de routes y ont \u00e9t\u00e9 ouverts et des \u00e9coles y ont \u00e9t\u00e9 construites\u00a0\u00bb, a relev\u00e9 le ministre,\u00a0 soulignant toutefois que certaines insuffisances demeurent enregistr\u00e9es.<\/p>\n<p>&#013;<\/p>\n<blockquote><p>&#013;<\/p>\n<p class=\"MsoNoSpacing\"><em><strong>\u00a0\u00bbLa commune repr\u00e9sente la cellule fondamentale de l\u2019Etat et le moteur du d\u00e9veloppement durable\u00a0\u00bb, a indiqu\u00e9 Bedoui, estimant que \u00a0\u00bbl\u2019\u00e9lection \u00e0 la commune n\u2019est pas un poste, mais une responsabilit\u00e9 qui, \u00e0 l\u2019avenir, se concr\u00e9tisera \u00e0 travers un code qui reliera le citoyen \u00e0 l\u2019\u00e9lu\u00a0\u00bb.<\/strong><\/em><\/p>\n<p>&#013;\n<\/p><\/blockquote>\n<p>&#013;<\/p>\n<p class=\"MsoNoSpacing\">Il a en outre estim\u00e9 n\u00e9cessaire que les citoyens prennent conscience des dangers qui menacent le pays et de la n\u00e9cessit\u00e9 de pr\u00e9server sa s\u00e9curit\u00e9 et sa stabilit\u00e9 et cela, a-t-il ajout\u00e9, implique \u00a0\u00bbune participation massive aux prochaines \u00e9lections\u00a0\u00bb.<\/p>\n<p>&#013;<\/p>\n<hr \/>\n<p><a href=\"http:\/\/www.aps.dz\/economie\/65400-hausse-des-investissements-enregistres-sur-les-9-premiers-mois-de-2017\">Lire aussi\u00a0: La presse nationale met l&rsquo;accent sur les conditions de d\u00e9roulement de la campagne \u00e9lectorale<\/a><\/p>\n<p>&#013;<\/p>\n<hr \/>\n<p>S\u2019adressant aux stagiaires, le ministre a indiqu\u00e9 que l\u2019Alg\u00e9rie a besoin de techniciens sup\u00e9rieurs et d\u2019une main d\u2019oeuvre qualifi\u00e9e et sp\u00e9cialis\u00e9e, qualifiant le secteur de la formation professionnelle de \u00ab\u00a0strat\u00e9gique\u00a0\u00bb du moment o\u00f9 80 % de ses dipl\u00f4m\u00e9s obtiennent des emplois, a-t-il not\u00e9.<\/p>\n<p>&#013;<\/p>\n<p class=\"MsoNoSpacing\">M. Bedoui a promis l\u2019octroi de nouveaux \u00e9quipements pour l\u2019INSFP de Sedrata qui a une capacit\u00e9 de 300 places p\u00e9dagogiques, un internat de 120 lits et accueille des stagiaires de Souk Ahras, T\u00e9bessa, Guelma, El Tarf, Khenchela et Oum El Bouaghi.<\/p>\n<p>&#013;<\/p>\n<p class=\"MsoNoSpacing\">Le ministre a visit\u00e9, dans la m\u00eame commune, l\u2019exploitation agricole Abdelmadjid Mansouri sp\u00e9cialis\u00e9e dans la culture intensive des c\u00e9r\u00e9ales et l\u2019\u00e9levage bovin pratiqu\u00e9s sur 300 hectares.<\/p>\n<p>&#013;<\/p>\n<p>Une centrale solaire d\u2019une capacit\u00e9 de 15 m\u00e9gawatts, install\u00e9e sur 30 hectares, a \u00e9t\u00e9 inaugur\u00e9e par le ministre \u00e0 Oued Kebrit, r\u00e9gion class\u00e9e dans la zone des Hauts plateaux. Il devait \u00e9galement pr\u00e9sider la mise en service du projet d\u2019alimentation en eau potable de la commune d\u2019Oum\u00a0 La\u00e2dhayem, visiter le poste frontalier mixte (Police-Douane) \u00e0 Fouidh, dans la commune d\u2019Ouled Moum\u00e8ne, et tenir une r\u00e9union avec les repr\u00e9sentants de la soci\u00e9t\u00e9 civile \u00e0 la salle Miloud Tahri du chef-lieu de wilaya .<\/p>\n<\/div>\n<p>&#013;<br \/>\nSource: <a href=\"http:\/\/www.aps.dz\/algerie\/65746-la-democratie-participative-une-revendication-populaire-consacree-par-la-constitution\" target=\"_blank\">La d\u00e9mocratie participative, une revendication populaire consacr\u00e9e par la Constitution<\/a><\/p>\n<!--CusAds0-->\n<div style=\"font-size: 0px; height: 0px; line-height: 0px; margin: 0; padding: 0; clear: both;\"><\/div>","protected":false},"excerpt":{"rendered":"<p>SOUK AHRAS- Le ministre de l\u2019Int\u00e9rieur, des Collectivit\u00e9s locales et de l\u2019Am\u00e9nagement du territoire, Noureddine Bedoui, a affirm\u00e9, jeudi \u00e0 S\u00e9drata (50 km \u00e0 l&rsquo;est de Souk Ahras), que la d\u00e9mocratie participative, \u00ab\u00a0l\u2019une des revendications populaires a \u00e9t\u00e9 consacr\u00e9e par la Constitution\u00a0\u00bb. &#013; &#013; La premi\u00e8re phase de l\u2019atelier de la d\u00e9mocratie participative au niveau<\/p>\n","protected":false},"author":6,"featured_media":18101,"comment_status":"open","ping_status":"open","sticky":false,"template":"","format":"standard","meta":{"footnotes":""},"categories":[22],"tags":[93],"class_list":["post-18100","post","type-post","status-publish","format-standard","has-post-thumbnail","hentry","category-infos","tag-onu"],"yoast_head":"<!-- This site is optimized with the Yoast SEO plugin v27.4 - https:\/\/yoast.com\/product\/yoast-seo-wordpress\/ -->\n<title>La d\u00e9mocratie participative, une revendication populaire consacr\u00e9e par la Constitution - info algerie<\/title>\n<meta name=\"robots\" content=\"index, follow, max-snippet:-1, max-image-preview:large, max-video-preview:-1\" \/>\n<link rel=\"canonical\" href=\"https:\/\/www.info-algerie.com\/actualites\/la-democratie-participative-une-revendication-populaire-consacree-par-la-constitution\/\" \/>\n<meta property=\"og:locale\" content=\"fr_FR\" \/>\n<meta property=\"og:type\" content=\"article\" \/>\n<meta property=\"og:title\" content=\"La d\u00e9mocratie participative, une revendication populaire consacr\u00e9e par la Constitution - info algerie\" \/>\n<meta property=\"og:description\" content=\"SOUK AHRAS- Le ministre de l\u2019Int\u00e9rieur, des Collectivit\u00e9s locales et de l\u2019Am\u00e9nagement du territoire, Noureddine Bedoui, a affirm\u00e9, jeudi \u00e0 S\u00e9drata (50 km \u00e0 l&rsquo;est de Souk Ahras), que la d\u00e9mocratie participative, \u00ab\u00a0l\u2019une des revendications populaires a \u00e9t\u00e9 consacr\u00e9e par la Constitution\u00a0\u00bb. &#013; &#013; La premi\u00e8re phase de l\u2019atelier de la d\u00e9mocratie participative au niveau\" \/>\n<meta property=\"og:url\" content=\"https:\/\/www.info-algerie.com\/actualites\/la-democratie-participative-une-revendication-populaire-consacree-par-la-constitution\/\" \/>\n<meta property=\"og:site_name\" content=\"info algerie\" \/>\n<meta property=\"article:publisher\" content=\"https:\/\/www.facebook.com\/infoalgerieactu\" \/>\n<meta property=\"article:published_time\" content=\"2017-11-17T13:57:23+00:00\" \/>\n<meta property=\"og:image\" content=\"https:\/\/www.info-algerie.com\/actualites\/wp-content\/uploads\/2017\/11\/52571c923fa3275ea193321657adcb28_S-1.jpg\" \/>\n\t<meta property=\"og:image:width\" content=\"280\" \/>\n\t<meta property=\"og:image:height\" content=\"160\" \/>\n\t<meta property=\"og:image:type\" content=\"image\/jpeg\" \/>\n<meta name=\"author\" content=\"La r\u00e9daction\" \/>\n<meta name=\"twitter:label1\" content=\"\u00c9crit par\" \/>\n\t<meta name=\"twitter:data1\" content=\"La r\u00e9daction\" \/>\n\t<meta name=\"twitter:label2\" content=\"Dur\u00e9e de lecture estim\u00e9e\" \/>\n\t<meta name=\"twitter:data2\" content=\"3 minutes\" \/>\n<script type=\"application\/ld+json\" class=\"yoast-schema-graph\">{\"@context\":\"https:\\\/\\\/schema.org\",\"@graph\":[{\"@type\":\"Article\",\"@id\":\"https:\\\/\\\/www.info-algerie.com\\\/actualites\\\/la-democratie-participative-une-revendication-populaire-consacree-par-la-constitution\\\/#article\",\"isPartOf\":{\"@id\":\"https:\\\/\\\/www.info-algerie.com\\\/actualites\\\/la-democratie-participative-une-revendication-populaire-consacree-par-la-constitution\\\/\"},\"author\":{\"name\":\"La r\u00e9daction\",\"@id\":\"https:\\\/\\\/www.info-algerie.com\\\/actualites\\\/#\\\/schema\\\/person\\\/847aaec44920825b843a08f30ec6aa1e\"},\"headline\":\"La d\u00e9mocratie participative, une revendication populaire consacr\u00e9e par la Constitution\",\"datePublished\":\"2017-11-17T13:57:23+00:00\",\"mainEntityOfPage\":{\"@id\":\"https:\\\/\\\/www.info-algerie.com\\\/actualites\\\/la-democratie-participative-une-revendication-populaire-consacree-par-la-constitution\\\/\"},\"wordCount\":600,\"commentCount\":0,\"publisher\":{\"@id\":\"https:\\\/\\\/www.info-algerie.com\\\/actualites\\\/#organization\"},\"image\":{\"@id\":\"https:\\\/\\\/www.info-algerie.com\\\/actualites\\\/la-democratie-participative-une-revendication-populaire-consacree-par-la-constitution\\\/#primaryimage\"},\"thumbnailUrl\":\"https:\\\/\\\/www.info-algerie.com\\\/actualites\\\/wp-content\\\/uploads\\\/2017\\\/11\\\/52571c923fa3275ea193321657adcb28_S-1.jpg\",\"keywords\":[\"ONU\"],\"articleSection\":[\"infos\"],\"inLanguage\":\"fr-FR\",\"potentialAction\":[{\"@type\":\"CommentAction\",\"name\":\"Comment\",\"target\":[\"https:\\\/\\\/www.info-algerie.com\\\/actualites\\\/la-democratie-participative-une-revendication-populaire-consacree-par-la-constitution\\\/#respond\"]}]},{\"@type\":\"WebPage\",\"@id\":\"https:\\\/\\\/www.info-algerie.com\\\/actualites\\\/la-democratie-participative-une-revendication-populaire-consacree-par-la-constitution\\\/\",\"url\":\"https:\\\/\\\/www.info-algerie.com\\\/actualites\\\/la-democratie-participative-une-revendication-populaire-consacree-par-la-constitution\\\/\",\"name\":\"La d\u00e9mocratie participative, une revendication populaire consacr\u00e9e par la Constitution - info algerie\",\"isPartOf\":{\"@id\":\"https:\\\/\\\/www.info-algerie.com\\\/actualites\\\/#website\"},\"primaryImageOfPage\":{\"@id\":\"https:\\\/\\\/www.info-algerie.com\\\/actualites\\\/la-democratie-participative-une-revendication-populaire-consacree-par-la-constitution\\\/#primaryimage\"},\"image\":{\"@id\":\"https:\\\/\\\/www.info-algerie.com\\\/actualites\\\/la-democratie-participative-une-revendication-populaire-consacree-par-la-constitution\\\/#primaryimage\"},\"thumbnailUrl\":\"https:\\\/\\\/www.info-algerie.com\\\/actualites\\\/wp-content\\\/uploads\\\/2017\\\/11\\\/52571c923fa3275ea193321657adcb28_S-1.jpg\",\"datePublished\":\"2017-11-17T13:57:23+00:00\",\"breadcrumb\":{\"@id\":\"https:\\\/\\\/www.info-algerie.com\\\/actualites\\\/la-democratie-participative-une-revendication-populaire-consacree-par-la-constitution\\\/#breadcrumb\"},\"inLanguage\":\"fr-FR\",\"potentialAction\":[{\"@type\":\"ReadAction\",\"target\":[\"https:\\\/\\\/www.info-algerie.com\\\/actualites\\\/la-democratie-participative-une-revendication-populaire-consacree-par-la-constitution\\\/\"]}]},{\"@type\":\"ImageObject\",\"inLanguage\":\"fr-FR\",\"@id\":\"https:\\\/\\\/www.info-algerie.com\\\/actualites\\\/la-democratie-participative-une-revendication-populaire-consacree-par-la-constitution\\\/#primaryimage\",\"url\":\"https:\\\/\\\/www.info-algerie.com\\\/actualites\\\/wp-content\\\/uploads\\\/2017\\\/11\\\/52571c923fa3275ea193321657adcb28_S-1.jpg\",\"contentUrl\":\"https:\\\/\\\/www.info-algerie.com\\\/actualites\\\/wp-content\\\/uploads\\\/2017\\\/11\\\/52571c923fa3275ea193321657adcb28_S-1.jpg\",\"width\":280,\"height\":160},{\"@type\":\"BreadcrumbList\",\"@id\":\"https:\\\/\\\/www.info-algerie.com\\\/actualites\\\/la-democratie-participative-une-revendication-populaire-consacree-par-la-constitution\\\/#breadcrumb\",\"itemListElement\":[{\"@type\":\"ListItem\",\"position\":1,\"name\":\"Accueil\",\"item\":\"https:\\\/\\\/www.info-algerie.com\\\/actualites\\\/\"},{\"@type\":\"ListItem\",\"position\":2,\"name\":\"La d\u00e9mocratie participative, une revendication populaire consacr\u00e9e par la Constitution\"}]},{\"@type\":\"WebSite\",\"@id\":\"https:\\\/\\\/www.info-algerie.com\\\/actualites\\\/#website\",\"url\":\"https:\\\/\\\/www.info-algerie.com\\\/actualites\\\/\",\"name\":\"info algerie\",\"description\":\"Toutes les actualit\u00e9s\",\"publisher\":{\"@id\":\"https:\\\/\\\/www.info-algerie.com\\\/actualites\\\/#organization\"},\"potentialAction\":[{\"@type\":\"SearchAction\",\"target\":{\"@type\":\"EntryPoint\",\"urlTemplate\":\"https:\\\/\\\/www.info-algerie.com\\\/actualites\\\/?s={search_term_string}\"},\"query-input\":{\"@type\":\"PropertyValueSpecification\",\"valueRequired\":true,\"valueName\":\"search_term_string\"}}],\"inLanguage\":\"fr-FR\"},{\"@type\":\"Organization\",\"@id\":\"https:\\\/\\\/www.info-algerie.com\\\/actualites\\\/#organization\",\"name\":\"info algerie\",\"url\":\"https:\\\/\\\/www.info-algerie.com\\\/actualites\\\/\",\"logo\":{\"@type\":\"ImageObject\",\"inLanguage\":\"fr-FR\",\"@id\":\"https:\\\/\\\/www.info-algerie.com\\\/actualites\\\/#\\\/schema\\\/logo\\\/image\\\/\",\"url\":\"https:\\\/\\\/www.info-algerie.com\\\/actualites\\\/wp-content\\\/uploads\\\/2022\\\/07\\\/logo-ia-120.png\",\"contentUrl\":\"https:\\\/\\\/www.info-algerie.com\\\/actualites\\\/wp-content\\\/uploads\\\/2022\\\/07\\\/logo-ia-120.png\",\"width\":120,\"height\":43,\"caption\":\"info algerie\"},\"image\":{\"@id\":\"https:\\\/\\\/www.info-algerie.com\\\/actualites\\\/#\\\/schema\\\/logo\\\/image\\\/\"},\"sameAs\":[\"https:\\\/\\\/www.facebook.com\\\/infoalgerieactu\",\"https:\\\/\\\/x.com\\\/infoalgerie1\"]},{\"@type\":\"Person\",\"@id\":\"https:\\\/\\\/www.info-algerie.com\\\/actualites\\\/#\\\/schema\\\/person\\\/847aaec44920825b843a08f30ec6aa1e\",\"name\":\"La r\u00e9daction\",\"image\":{\"@type\":\"ImageObject\",\"inLanguage\":\"fr-FR\",\"@id\":\"https:\\\/\\\/secure.gravatar.com\\\/avatar\\\/769db425c6f465158149f1ffd6cf61ce7a8a879d11dfbef8288af36dfddd418c?s=96&d=mm&r=g\",\"url\":\"https:\\\/\\\/secure.gravatar.com\\\/avatar\\\/769db425c6f465158149f1ffd6cf61ce7a8a879d11dfbef8288af36dfddd418c?s=96&d=mm&r=g\",\"contentUrl\":\"https:\\\/\\\/secure.gravatar.com\\\/avatar\\\/769db425c6f465158149f1ffd6cf61ce7a8a879d11dfbef8288af36dfddd418c?s=96&d=mm&r=g\",\"caption\":\"La r\u00e9daction\"},\"sameAs\":[\"http:\\\/\\\/www.lkeria.com\\\/\"],\"url\":\"https:\\\/\\\/www.info-algerie.com\\\/actualites\\\/author\\\/chakib32\\\/\"}]}<\/script>\n<!-- \/ Yoast SEO plugin. -->","yoast_head_json":{"title":"La d\u00e9mocratie participative, une revendication populaire consacr\u00e9e par la Constitution - info algerie","robots":{"index":"index","follow":"follow","max-snippet":"max-snippet:-1","max-image-preview":"max-image-preview:large","max-video-preview":"max-video-preview:-1"},"canonical":"https:\/\/www.info-algerie.com\/actualites\/la-democratie-participative-une-revendication-populaire-consacree-par-la-constitution\/","og_locale":"fr_FR","og_type":"article","og_title":"La d\u00e9mocratie participative, une revendication populaire consacr\u00e9e par la Constitution - info algerie","og_description":"SOUK AHRAS- Le ministre de l\u2019Int\u00e9rieur, des Collectivit\u00e9s locales et de l\u2019Am\u00e9nagement du territoire, Noureddine Bedoui, a affirm\u00e9, jeudi \u00e0 S\u00e9drata (50 km \u00e0 l&rsquo;est de Souk Ahras), que la d\u00e9mocratie participative, \u00ab\u00a0l\u2019une des revendications populaires a \u00e9t\u00e9 consacr\u00e9e par la Constitution\u00a0\u00bb. &#013; &#013; La premi\u00e8re phase de l\u2019atelier de la d\u00e9mocratie participative au niveau","og_url":"https:\/\/www.info-algerie.com\/actualites\/la-democratie-participative-une-revendication-populaire-consacree-par-la-constitution\/","og_site_name":"info algerie","article_publisher":"https:\/\/www.facebook.com\/infoalgerieactu","article_published_time":"2017-11-17T13:57:23+00:00","og_image":[{"width":280,"height":160,"url":"https:\/\/www.info-algerie.com\/actualites\/wp-content\/uploads\/2017\/11\/52571c923fa3275ea193321657adcb28_S-1.jpg","type":"image\/jpeg"}],"author":"La r\u00e9daction","twitter_misc":{"\u00c9crit par":"La r\u00e9daction","Dur\u00e9e de lecture estim\u00e9e":"3 minutes"},"schema":{"@context":"https:\/\/schema.org","@graph":[{"@type":"Article","@id":"https:\/\/www.info-algerie.com\/actualites\/la-democratie-participative-une-revendication-populaire-consacree-par-la-constitution\/#article","isPartOf":{"@id":"https:\/\/www.info-algerie.com\/actualites\/la-democratie-participative-une-revendication-populaire-consacree-par-la-constitution\/"},"author":{"name":"La r\u00e9daction","@id":"https:\/\/www.info-algerie.com\/actualites\/#\/schema\/person\/847aaec44920825b843a08f30ec6aa1e"},"headline":"La d\u00e9mocratie participative, une revendication populaire consacr\u00e9e par la Constitution","datePublished":"2017-11-17T13:57:23+00:00","mainEntityOfPage":{"@id":"https:\/\/www.info-algerie.com\/actualites\/la-democratie-participative-une-revendication-populaire-consacree-par-la-constitution\/"},"wordCount":600,"commentCount":0,"publisher":{"@id":"https:\/\/www.info-algerie.com\/actualites\/#organization"},"image":{"@id":"https:\/\/www.info-algerie.com\/actualites\/la-democratie-participative-une-revendication-populaire-consacree-par-la-constitution\/#primaryimage"},"thumbnailUrl":"https:\/\/www.info-algerie.com\/actualites\/wp-content\/uploads\/2017\/11\/52571c923fa3275ea193321657adcb28_S-1.jpg","keywords":["ONU"],"articleSection":["infos"],"inLanguage":"fr-FR","potentialAction":[{"@type":"CommentAction","name":"Comment","target":["https:\/\/www.info-algerie.com\/actualites\/la-democratie-participative-une-revendication-populaire-consacree-par-la-constitution\/#respond"]}]},{"@type":"WebPage","@id":"https:\/\/www.info-algerie.com\/actualites\/la-democratie-participative-une-revendication-populaire-consacree-par-la-constitution\/","url":"https:\/\/www.info-algerie.com\/actualites\/la-democratie-participative-une-revendication-populaire-consacree-par-la-constitution\/","name":"La d\u00e9mocratie participative, une revendication populaire consacr\u00e9e par la Constitution - info algerie","isPartOf":{"@id":"https:\/\/www.info-algerie.com\/actualites\/#website"},"primaryImageOfPage":{"@id":"https:\/\/www.info-algerie.com\/actualites\/la-democratie-participative-une-revendication-populaire-consacree-par-la-constitution\/#primaryimage"},"image":{"@id":"https:\/\/www.info-algerie.com\/actualites\/la-democratie-participative-une-revendication-populaire-consacree-par-la-constitution\/#primaryimage"},"thumbnailUrl":"https:\/\/www.info-algerie.com\/actualites\/wp-content\/uploads\/2017\/11\/52571c923fa3275ea193321657adcb28_S-1.jpg","datePublished":"2017-11-17T13:57:23+00:00","breadcrumb":{"@id":"https:\/\/www.info-algerie.com\/actualites\/la-democratie-participative-une-revendication-populaire-consacree-par-la-constitution\/#breadcrumb"},"inLanguage":"fr-FR","potentialAction":[{"@type":"ReadAction","target":["https:\/\/www.info-algerie.com\/actualites\/la-democratie-participative-une-revendication-populaire-consacree-par-la-constitution\/"]}]},{"@type":"ImageObject","inLanguage":"fr-FR","@id":"https:\/\/www.info-algerie.com\/actualites\/la-democratie-participative-une-revendication-populaire-consacree-par-la-constitution\/#primaryimage","url":"https:\/\/www.info-algerie.com\/actualites\/wp-content\/uploads\/2017\/11\/52571c923fa3275ea193321657adcb28_S-1.jpg","contentUrl":"https:\/\/www.info-algerie.com\/actualites\/wp-content\/uploads\/2017\/11\/52571c923fa3275ea193321657adcb28_S-1.jpg","width":280,"height":160},{"@type":"BreadcrumbList","@id":"https:\/\/www.info-algerie.com\/actualites\/la-democratie-participative-une-revendication-populaire-consacree-par-la-constitution\/#breadcrumb","itemListElement":[{"@type":"ListItem","position":1,"name":"Accueil","item":"https:\/\/www.info-algerie.com\/actualites\/"},{"@type":"ListItem","position":2,"name":"La d\u00e9mocratie participative, une revendication populaire consacr\u00e9e par la Constitution"}]},{"@type":"WebSite","@id":"https:\/\/www.info-algerie.com\/actualites\/#website","url":"https:\/\/www.info-algerie.com\/actualites\/","name":"info algerie","description":"Toutes les actualit\u00e9s","publisher":{"@id":"https:\/\/www.info-algerie.com\/actualites\/#organization"},"potentialAction":[{"@type":"SearchAction","target":{"@type":"EntryPoint","urlTemplate":"https:\/\/www.info-algerie.com\/actualites\/?s={search_term_string}"},"query-input":{"@type":"PropertyValueSpecification","valueRequired":true,"valueName":"search_term_string"}}],"inLanguage":"fr-FR"},{"@type":"Organization","@id":"https:\/\/www.info-algerie.com\/actualites\/#organization","name":"info algerie","url":"https:\/\/www.info-algerie.com\/actualites\/","logo":{"@type":"ImageObject","inLanguage":"fr-FR","@id":"https:\/\/www.info-algerie.com\/actualites\/#\/schema\/logo\/image\/","url":"https:\/\/www.info-algerie.com\/actualites\/wp-content\/uploads\/2022\/07\/logo-ia-120.png","contentUrl":"https:\/\/www.info-algerie.com\/actualites\/wp-content\/uploads\/2022\/07\/logo-ia-120.png","width":120,"height":43,"caption":"info algerie"},"image":{"@id":"https:\/\/www.info-algerie.com\/actualites\/#\/schema\/logo\/image\/"},"sameAs":["https:\/\/www.facebook.com\/infoalgerieactu","https:\/\/x.com\/infoalgerie1"]},{"@type":"Person","@id":"https:\/\/www.info-algerie.com\/actualites\/#\/schema\/person\/847aaec44920825b843a08f30ec6aa1e","name":"La r\u00e9daction","image":{"@type":"ImageObject","inLanguage":"fr-FR","@id":"https:\/\/secure.gravatar.com\/avatar\/769db425c6f465158149f1ffd6cf61ce7a8a879d11dfbef8288af36dfddd418c?s=96&d=mm&r=g","url":"https:\/\/secure.gravatar.com\/avatar\/769db425c6f465158149f1ffd6cf61ce7a8a879d11dfbef8288af36dfddd418c?s=96&d=mm&r=g","contentUrl":"https:\/\/secure.gravatar.com\/avatar\/769db425c6f465158149f1ffd6cf61ce7a8a879d11dfbef8288af36dfddd418c?s=96&d=mm&r=g","caption":"La r\u00e9daction"},"sameAs":["http:\/\/www.lkeria.com\/"],"url":"https:\/\/www.info-algerie.com\/actualites\/author\/chakib32\/"}]}},"_links":{"self":[{"href":"https:\/\/www.info-algerie.com\/actualites\/wp-json\/wp\/v2\/posts\/18100","targetHints":{"allow":["GET"]}}],"collection":[{"href":"https:\/\/www.info-algerie.com\/actualites\/wp-json\/wp\/v2\/posts"}],"about":[{"href":"https:\/\/www.info-algerie.com\/actualites\/wp-json\/wp\/v2\/types\/post"}],"author":[{"embeddable":true,"href":"https:\/\/www.info-algerie.com\/actualites\/wp-json\/wp\/v2\/users\/6"}],"replies":[{"embeddable":true,"href":"https:\/\/www.info-algerie.com\/actualites\/wp-json\/wp\/v2\/comments?post=18100"}],"version-history":[{"count":0,"href":"https:\/\/www.info-algerie.com\/actualites\/wp-json\/wp\/v2\/posts\/18100\/revisions"}],"wp:featuredmedia":[{"embeddable":true,"href":"https:\/\/www.info-algerie.com\/actualites\/wp-json\/wp\/v2\/media\/18101"}],"wp:attachment":[{"href":"https:\/\/www.info-algerie.com\/actualites\/wp-json\/wp\/v2\/media?parent=18100"}],"wp:term":[{"taxonomy":"category","embeddable":true,"href":"https:\/\/www.info-algerie.com\/actualites\/wp-json\/wp\/v2\/categories?post=18100"},{"taxonomy":"post_tag","embeddable":true,"href":"https:\/\/www.info-algerie.com\/actualites\/wp-json\/wp\/v2\/tags?post=18100"}],"curies":[{"name":"wp","href":"https:\/\/api.w.org\/{rel}","templated":true}]}}