{"id":18111,"date":"2017-11-17T16:58:13","date_gmt":"2017-11-17T15:58:13","guid":{"rendered":"http:\/\/www.info-algerie.com\/actualites\/locales-2017-amara-benyounes-pour-une-reprise-totale-des-prerogatives-par-les-papc\/"},"modified":"2017-11-17T16:58:13","modified_gmt":"2017-11-17T15:58:13","slug":"locales-2017-amara-benyounes-pour-une-reprise-totale-des-prerogatives-par-les-papc","status":"publish","type":"post","link":"https:\/\/www.info-algerie.com\/actualites\/locales-2017-amara-benyounes-pour-une-reprise-totale-des-prerogatives-par-les-papc\/","title":{"rendered":"Locales 2017: Amara Benyoun\u00e8s pour une reprise &quot;totale&quot; des pr\u00e9rogatives\u00a0 par les P\/APC"},"content":{"rendered":"<div class=\"K2FeedIntroText\">\n<p class=\"MsoNoSpacing\">ALGER- Le pr\u00e9sident du Mouvement populaire alg\u00e9rien (MPA), Amara Benyoun\u00e8s, a plaid\u00e9 vendredi \u00e0 Alger pour une reprise \u00ab\u00a0totale\u00a0\u00bb des pr\u00e9rogatives par les pr\u00e9sidents des Assembl\u00e9es populaires communales (APC) afin de \u00ab\u00a0lib\u00e9rer l\u2019investissement, frein\u00e9 en grande partie par le probl\u00e8me de foncier\u00a0\u00bb.<\/p>\n<p>&#013;\n<\/p><\/div>\n<div class=\"K2FeedFullText\">&#013;<\/p>\n<p class=\"MsoNoSpacing\">\u00ab\u00a0Le maire est le premier magistrat de la commune. Trouvez-vous normal que les d\u00e9cisions prises par le pr\u00e9sident d&rsquo;APC, en concertation avec son assembl\u00e9e, ne soient pas applicables sans l\u2019aval du chef de da\u00efra ?\u00a0\u00bb, s&rsquo;est demand\u00e9 M. Benyoun\u00e8s lors d\u2019un meeting populaire anim\u00e9 \u00e0 la salle de sports\u00a0<span style=\"font-size: 12.16px\">de Ch\u00e9raga (Ouest d\u2019Alger), en pr\u00e9vision des \u00e9lections locales de jeudi prochain.<\/span><\/p>\n<p>&#013;<\/p>\n<p class=\"MsoNoSpacing\">\u00ab\u00a0Dans les d\u00e9mocraties modernes, la priorit\u00e9 n\u2019est pas pour le fonctionnaire mais plut\u00f4t pour l\u2019\u00e9lu fort de sa l\u00e9gitimit\u00e9 populaire. Les pr\u00e9rogatives repr\u00e9sentent des obligations et une lourde responsabilit\u00e9, non un privil\u00e8ge\u00a0\u00bb, a encha\u00een\u00e9 M. Benyoun\u00e8s, rappelant que l\u2019\u00e9lu ne devait pas \u00eatre non plus au-dessus des lois de la R\u00e9publique.<\/p>\n<p>&#013;<\/p>\n<p class=\"MsoNoSpacing\">Le patron du MPA s\u2019est longtemps \u00e9tal\u00e9 sur la question du foncier qui constitue, selon lui, \u00ab\u00a0un v\u00e9ritable probl\u00e8me pour les investisseurs\u00a0\u00bb.<\/p>\n<p>&#013;<\/p>\n<p class=\"MsoNoSpacing\">\u00ab\u00a0C\u2019est compr\u00e9hensible de dire que les assiettes de terrain sont rares au niveau de la capitale, mais avancer cet argument pour les hauts-plateaux et les autres r\u00e9gions d\u2019un pays dont la superficie est cinq fois plus grande que la France, n\u2019est pas raisonnable\u00a0\u00bb, a-t-il ajout\u00e9, soulignant \u00ab\u00a0la n\u00e9cessit\u00e9 d\u2019un divorce d\u00e9finitif avec le mod\u00e8le \u00e9conomique socialiste qui a montr\u00e9 ses limites\u00a0\u00bb.<\/p>\n<p>&#013;<\/p>\n<p class=\"MsoNoSpacing\">Il a, dans ce cadre, \u00e9voqu\u00e9 la question des h\u00f4tels et complexes touristiques dont plusieurs continuent d&rsquo;\u00eatre g\u00e9r\u00e9s en Alg\u00e9rie par l\u2019Etat.<\/p>\n<p>&#013;<\/p>\n<p class=\"MsoNoSpacing\">\u00ab\u00a0Dans le tourisme moderne, ce sont les priv\u00e9s qui s\u2019occupent du tourisme. On ne g\u00e8re pas un h\u00f4tel avec un employ\u00e9 standard, mais en recourant \u00e0 un personnel qualifi\u00e9. Les pouvoirs publics doivent se d\u00e9charger d\u00e9finitivement de cette mission\u00a0\u00bb, a-t-il encore insist\u00e9.<\/p>\n<p>&#013;<\/p>\n<p class=\"MsoNoSpacing\">Le premier responsable du MPA a, d\u2019autre part, fustig\u00e9 ceux qui \u00ab\u00a0veulent s\u2019accaparer du pouvoir en dehors de la l\u00e9gitimit\u00e9 d\u00e9mocratique\u00a0\u00bb.<\/p>\n<p>&#013;<\/p>\n<p class=\"MsoNoSpacing\">\u00ab\u00a0En politique, il n\u2019existe pas de personnalit\u00e9s nationales, mais des hommes et femmes qui militent au sein de partis. C\u2019est le peuple qui d\u00e9cide de son pr\u00e9sident de la R\u00e9publique. Les Alg\u00e9riens ont d\u00e9j\u00e0 dit leur mot en votant et soutenant le moudjahed Abdelaziz Bouteflika. Celui qui veut tenter sa chance n\u2019a qu\u2019\u00e0 attendre 2019\u00a0\u00bb, a-t-il dit.<\/p>\n<p>&#013;<\/p>\n<p class=\"MsoNoSpacing\">Sur le volet financier, Amara Benyoun\u00e8s a d\u00e9fendu l\u2019\u00a0\u00bbendettement int\u00e9rieur qui, estime-t-il, est in\u00e9vitable dans la conjoncture \u00e9conomique actuelle\u00a0\u00bb.<\/p>\n<p>&#013;<\/p>\n<p>\u00ab\u00a0Nous n\u2019avons pas d&rsquo;autres choix que le financement non-conventionnel qui n\u2019est pas, certes, la solution optimale, mais une option interm\u00e9diaire sur le chemin d\u2019une profonde restructuration de l\u2019\u00e9conomie nationale\u00a0\u00bb, a-t-il conclu .<\/p>\n<\/div>\n<p>&#013;<br \/>\nSource: <a href=\"http:\/\/www.aps.dz\/algerie\/65758-locales-2017-amara-benyounes-pour-une-reprise-totale-des-prerogatives-par-les-p-apc\" target=\"_blank\">Locales 2017: Amara Benyoun\u00e8s pour une reprise \u00ab\u00a0totale\u00a0\u00bb des pr\u00e9rogatives\u00a0 par les P\/APC<\/a><\/p>\n<!--CusAds0-->\n<div style=\"font-size: 0px; height: 0px; line-height: 0px; margin: 0; padding: 0; clear: both;\"><\/div>","protected":false},"excerpt":{"rendered":"<p>ALGER- Le pr\u00e9sident du Mouvement populaire alg\u00e9rien (MPA), Amara Benyoun\u00e8s, a plaid\u00e9 vendredi \u00e0 Alger pour une reprise \u00ab\u00a0totale\u00a0\u00bb des pr\u00e9rogatives par les pr\u00e9sidents des Assembl\u00e9es populaires communales (APC) afin de \u00ab\u00a0lib\u00e9rer l\u2019investissement, frein\u00e9 en grande partie par le probl\u00e8me de foncier\u00a0\u00bb. &#013; &#013; \u00ab\u00a0Le maire est le premier magistrat de la commune. Trouvez-vous normal<\/p>\n","protected":false},"author":6,"featured_media":0,"comment_status":"open","ping_status":"open","sticky":false,"template":"","format":"standard","meta":{"footnotes":""},"categories":[22],"tags":[93],"class_list":["post-18111","post","type-post","status-publish","format-standard","hentry","category-infos","tag-onu"],"yoast_head":"<!-- This site is optimized with the Yoast SEO plugin v27.4 - https:\/\/yoast.com\/product\/yoast-seo-wordpress\/ -->\n<title>Locales 2017: Amara Benyoun\u00e8s pour une reprise &quot;totale&quot; des pr\u00e9rogatives\u00a0 par les P\/APC - info algerie<\/title>\n<meta name=\"robots\" content=\"index, follow, max-snippet:-1, max-image-preview:large, max-video-preview:-1\" \/>\n<link rel=\"canonical\" href=\"https:\/\/www.info-algerie.com\/actualites\/locales-2017-amara-benyounes-pour-une-reprise-totale-des-prerogatives-par-les-papc\/\" \/>\n<meta property=\"og:locale\" content=\"fr_FR\" \/>\n<meta property=\"og:type\" content=\"article\" \/>\n<meta property=\"og:title\" content=\"Locales 2017: Amara Benyoun\u00e8s pour une reprise &quot;totale&quot; des pr\u00e9rogatives\u00a0 par les P\/APC - info algerie\" \/>\n<meta property=\"og:description\" content=\"ALGER- Le pr\u00e9sident du Mouvement populaire alg\u00e9rien (MPA), Amara Benyoun\u00e8s, a plaid\u00e9 vendredi \u00e0 Alger pour une reprise \u00ab\u00a0totale\u00a0\u00bb des pr\u00e9rogatives par les pr\u00e9sidents des Assembl\u00e9es populaires communales (APC) afin de \u00ab\u00a0lib\u00e9rer l\u2019investissement, frein\u00e9 en grande partie par le probl\u00e8me de foncier\u00a0\u00bb. &#013; &#013; \u00ab\u00a0Le maire est le premier magistrat de la commune. Trouvez-vous normal\" \/>\n<meta property=\"og:url\" content=\"https:\/\/www.info-algerie.com\/actualites\/locales-2017-amara-benyounes-pour-une-reprise-totale-des-prerogatives-par-les-papc\/\" \/>\n<meta property=\"og:site_name\" content=\"info algerie\" \/>\n<meta property=\"article:publisher\" content=\"https:\/\/www.facebook.com\/infoalgerieactu\" \/>\n<meta property=\"article:published_time\" content=\"2017-11-17T15:58:13+00:00\" \/>\n<meta name=\"author\" content=\"La r\u00e9daction\" \/>\n<meta name=\"twitter:label1\" content=\"\u00c9crit par\" \/>\n\t<meta name=\"twitter:data1\" content=\"La r\u00e9daction\" \/>\n\t<meta name=\"twitter:label2\" content=\"Dur\u00e9e de lecture estim\u00e9e\" \/>\n\t<meta name=\"twitter:data2\" content=\"3 minutes\" \/>\n<script type=\"application\/ld+json\" class=\"yoast-schema-graph\">{\"@context\":\"https:\\\/\\\/schema.org\",\"@graph\":[{\"@type\":\"Article\",\"@id\":\"https:\\\/\\\/www.info-algerie.com\\\/actualites\\\/locales-2017-amara-benyounes-pour-une-reprise-totale-des-prerogatives-par-les-papc\\\/#article\",\"isPartOf\":{\"@id\":\"https:\\\/\\\/www.info-algerie.com\\\/actualites\\\/locales-2017-amara-benyounes-pour-une-reprise-totale-des-prerogatives-par-les-papc\\\/\"},\"author\":{\"name\":\"La r\u00e9daction\",\"@id\":\"https:\\\/\\\/www.info-algerie.com\\\/actualites\\\/#\\\/schema\\\/person\\\/847aaec44920825b843a08f30ec6aa1e\"},\"headline\":\"Locales 2017: Amara Benyoun\u00e8s pour une reprise &quot;totale&quot; des pr\u00e9rogatives\u00a0 par les P\\\/APC\",\"datePublished\":\"2017-11-17T15:58:13+00:00\",\"mainEntityOfPage\":{\"@id\":\"https:\\\/\\\/www.info-algerie.com\\\/actualites\\\/locales-2017-amara-benyounes-pour-une-reprise-totale-des-prerogatives-par-les-papc\\\/\"},\"wordCount\":538,\"commentCount\":0,\"publisher\":{\"@id\":\"https:\\\/\\\/www.info-algerie.com\\\/actualites\\\/#organization\"},\"keywords\":[\"ONU\"],\"articleSection\":[\"infos\"],\"inLanguage\":\"fr-FR\",\"potentialAction\":[{\"@type\":\"CommentAction\",\"name\":\"Comment\",\"target\":[\"https:\\\/\\\/www.info-algerie.com\\\/actualites\\\/locales-2017-amara-benyounes-pour-une-reprise-totale-des-prerogatives-par-les-papc\\\/#respond\"]}]},{\"@type\":\"WebPage\",\"@id\":\"https:\\\/\\\/www.info-algerie.com\\\/actualites\\\/locales-2017-amara-benyounes-pour-une-reprise-totale-des-prerogatives-par-les-papc\\\/\",\"url\":\"https:\\\/\\\/www.info-algerie.com\\\/actualites\\\/locales-2017-amara-benyounes-pour-une-reprise-totale-des-prerogatives-par-les-papc\\\/\",\"name\":\"Locales 2017: Amara Benyoun\u00e8s pour une reprise &quot;totale&quot; des pr\u00e9rogatives\u00a0 par les P\\\/APC - info algerie\",\"isPartOf\":{\"@id\":\"https:\\\/\\\/www.info-algerie.com\\\/actualites\\\/#website\"},\"datePublished\":\"2017-11-17T15:58:13+00:00\",\"breadcrumb\":{\"@id\":\"https:\\\/\\\/www.info-algerie.com\\\/actualites\\\/locales-2017-amara-benyounes-pour-une-reprise-totale-des-prerogatives-par-les-papc\\\/#breadcrumb\"},\"inLanguage\":\"fr-FR\",\"potentialAction\":[{\"@type\":\"ReadAction\",\"target\":[\"https:\\\/\\\/www.info-algerie.com\\\/actualites\\\/locales-2017-amara-benyounes-pour-une-reprise-totale-des-prerogatives-par-les-papc\\\/\"]}]},{\"@type\":\"BreadcrumbList\",\"@id\":\"https:\\\/\\\/www.info-algerie.com\\\/actualites\\\/locales-2017-amara-benyounes-pour-une-reprise-totale-des-prerogatives-par-les-papc\\\/#breadcrumb\",\"itemListElement\":[{\"@type\":\"ListItem\",\"position\":1,\"name\":\"Accueil\",\"item\":\"https:\\\/\\\/www.info-algerie.com\\\/actualites\\\/\"},{\"@type\":\"ListItem\",\"position\":2,\"name\":\"Locales 2017: Amara Benyoun\u00e8s pour une reprise &quot;totale&quot; des pr\u00e9rogatives\u00a0 par les P\\\/APC\"}]},{\"@type\":\"WebSite\",\"@id\":\"https:\\\/\\\/www.info-algerie.com\\\/actualites\\\/#website\",\"url\":\"https:\\\/\\\/www.info-algerie.com\\\/actualites\\\/\",\"name\":\"info algerie\",\"description\":\"Toutes les actualit\u00e9s\",\"publisher\":{\"@id\":\"https:\\\/\\\/www.info-algerie.com\\\/actualites\\\/#organization\"},\"potentialAction\":[{\"@type\":\"SearchAction\",\"target\":{\"@type\":\"EntryPoint\",\"urlTemplate\":\"https:\\\/\\\/www.info-algerie.com\\\/actualites\\\/?s={search_term_string}\"},\"query-input\":{\"@type\":\"PropertyValueSpecification\",\"valueRequired\":true,\"valueName\":\"search_term_string\"}}],\"inLanguage\":\"fr-FR\"},{\"@type\":\"Organization\",\"@id\":\"https:\\\/\\\/www.info-algerie.com\\\/actualites\\\/#organization\",\"name\":\"info algerie\",\"url\":\"https:\\\/\\\/www.info-algerie.com\\\/actualites\\\/\",\"logo\":{\"@type\":\"ImageObject\",\"inLanguage\":\"fr-FR\",\"@id\":\"https:\\\/\\\/www.info-algerie.com\\\/actualites\\\/#\\\/schema\\\/logo\\\/image\\\/\",\"url\":\"https:\\\/\\\/www.info-algerie.com\\\/actualites\\\/wp-content\\\/uploads\\\/2022\\\/07\\\/logo-ia-120.png\",\"contentUrl\":\"https:\\\/\\\/www.info-algerie.com\\\/actualites\\\/wp-content\\\/uploads\\\/2022\\\/07\\\/logo-ia-120.png\",\"width\":120,\"height\":43,\"caption\":\"info algerie\"},\"image\":{\"@id\":\"https:\\\/\\\/www.info-algerie.com\\\/actualites\\\/#\\\/schema\\\/logo\\\/image\\\/\"},\"sameAs\":[\"https:\\\/\\\/www.facebook.com\\\/infoalgerieactu\",\"https:\\\/\\\/x.com\\\/infoalgerie1\"]},{\"@type\":\"Person\",\"@id\":\"https:\\\/\\\/www.info-algerie.com\\\/actualites\\\/#\\\/schema\\\/person\\\/847aaec44920825b843a08f30ec6aa1e\",\"name\":\"La r\u00e9daction\",\"image\":{\"@type\":\"ImageObject\",\"inLanguage\":\"fr-FR\",\"@id\":\"https:\\\/\\\/secure.gravatar.com\\\/avatar\\\/769db425c6f465158149f1ffd6cf61ce7a8a879d11dfbef8288af36dfddd418c?s=96&d=mm&r=g\",\"url\":\"https:\\\/\\\/secure.gravatar.com\\\/avatar\\\/769db425c6f465158149f1ffd6cf61ce7a8a879d11dfbef8288af36dfddd418c?s=96&d=mm&r=g\",\"contentUrl\":\"https:\\\/\\\/secure.gravatar.com\\\/avatar\\\/769db425c6f465158149f1ffd6cf61ce7a8a879d11dfbef8288af36dfddd418c?s=96&d=mm&r=g\",\"caption\":\"La r\u00e9daction\"},\"sameAs\":[\"http:\\\/\\\/www.lkeria.com\\\/\"],\"url\":\"https:\\\/\\\/www.info-algerie.com\\\/actualites\\\/author\\\/chakib32\\\/\"}]}<\/script>\n<!-- \/ Yoast SEO plugin. -->","yoast_head_json":{"title":"Locales 2017: Amara Benyoun\u00e8s pour une reprise &quot;totale&quot; des pr\u00e9rogatives\u00a0 par les P\/APC - info algerie","robots":{"index":"index","follow":"follow","max-snippet":"max-snippet:-1","max-image-preview":"max-image-preview:large","max-video-preview":"max-video-preview:-1"},"canonical":"https:\/\/www.info-algerie.com\/actualites\/locales-2017-amara-benyounes-pour-une-reprise-totale-des-prerogatives-par-les-papc\/","og_locale":"fr_FR","og_type":"article","og_title":"Locales 2017: Amara Benyoun\u00e8s pour une reprise &quot;totale&quot; des pr\u00e9rogatives\u00a0 par les P\/APC - info algerie","og_description":"ALGER- Le pr\u00e9sident du Mouvement populaire alg\u00e9rien (MPA), Amara Benyoun\u00e8s, a plaid\u00e9 vendredi \u00e0 Alger pour une reprise \u00ab\u00a0totale\u00a0\u00bb des pr\u00e9rogatives par les pr\u00e9sidents des Assembl\u00e9es populaires communales (APC) afin de \u00ab\u00a0lib\u00e9rer l\u2019investissement, frein\u00e9 en grande partie par le probl\u00e8me de foncier\u00a0\u00bb. &#013; &#013; \u00ab\u00a0Le maire est le premier magistrat de la commune. Trouvez-vous normal","og_url":"https:\/\/www.info-algerie.com\/actualites\/locales-2017-amara-benyounes-pour-une-reprise-totale-des-prerogatives-par-les-papc\/","og_site_name":"info algerie","article_publisher":"https:\/\/www.facebook.com\/infoalgerieactu","article_published_time":"2017-11-17T15:58:13+00:00","author":"La r\u00e9daction","twitter_misc":{"\u00c9crit par":"La r\u00e9daction","Dur\u00e9e de lecture estim\u00e9e":"3 minutes"},"schema":{"@context":"https:\/\/schema.org","@graph":[{"@type":"Article","@id":"https:\/\/www.info-algerie.com\/actualites\/locales-2017-amara-benyounes-pour-une-reprise-totale-des-prerogatives-par-les-papc\/#article","isPartOf":{"@id":"https:\/\/www.info-algerie.com\/actualites\/locales-2017-amara-benyounes-pour-une-reprise-totale-des-prerogatives-par-les-papc\/"},"author":{"name":"La r\u00e9daction","@id":"https:\/\/www.info-algerie.com\/actualites\/#\/schema\/person\/847aaec44920825b843a08f30ec6aa1e"},"headline":"Locales 2017: Amara Benyoun\u00e8s pour une reprise &quot;totale&quot; des pr\u00e9rogatives\u00a0 par les P\/APC","datePublished":"2017-11-17T15:58:13+00:00","mainEntityOfPage":{"@id":"https:\/\/www.info-algerie.com\/actualites\/locales-2017-amara-benyounes-pour-une-reprise-totale-des-prerogatives-par-les-papc\/"},"wordCount":538,"commentCount":0,"publisher":{"@id":"https:\/\/www.info-algerie.com\/actualites\/#organization"},"keywords":["ONU"],"articleSection":["infos"],"inLanguage":"fr-FR","potentialAction":[{"@type":"CommentAction","name":"Comment","target":["https:\/\/www.info-algerie.com\/actualites\/locales-2017-amara-benyounes-pour-une-reprise-totale-des-prerogatives-par-les-papc\/#respond"]}]},{"@type":"WebPage","@id":"https:\/\/www.info-algerie.com\/actualites\/locales-2017-amara-benyounes-pour-une-reprise-totale-des-prerogatives-par-les-papc\/","url":"https:\/\/www.info-algerie.com\/actualites\/locales-2017-amara-benyounes-pour-une-reprise-totale-des-prerogatives-par-les-papc\/","name":"Locales 2017: Amara Benyoun\u00e8s pour une reprise &quot;totale&quot; des pr\u00e9rogatives\u00a0 par les P\/APC - info algerie","isPartOf":{"@id":"https:\/\/www.info-algerie.com\/actualites\/#website"},"datePublished":"2017-11-17T15:58:13+00:00","breadcrumb":{"@id":"https:\/\/www.info-algerie.com\/actualites\/locales-2017-amara-benyounes-pour-une-reprise-totale-des-prerogatives-par-les-papc\/#breadcrumb"},"inLanguage":"fr-FR","potentialAction":[{"@type":"ReadAction","target":["https:\/\/www.info-algerie.com\/actualites\/locales-2017-amara-benyounes-pour-une-reprise-totale-des-prerogatives-par-les-papc\/"]}]},{"@type":"BreadcrumbList","@id":"https:\/\/www.info-algerie.com\/actualites\/locales-2017-amara-benyounes-pour-une-reprise-totale-des-prerogatives-par-les-papc\/#breadcrumb","itemListElement":[{"@type":"ListItem","position":1,"name":"Accueil","item":"https:\/\/www.info-algerie.com\/actualites\/"},{"@type":"ListItem","position":2,"name":"Locales 2017: Amara Benyoun\u00e8s pour une reprise &quot;totale&quot; des pr\u00e9rogatives\u00a0 par les P\/APC"}]},{"@type":"WebSite","@id":"https:\/\/www.info-algerie.com\/actualites\/#website","url":"https:\/\/www.info-algerie.com\/actualites\/","name":"info algerie","description":"Toutes les actualit\u00e9s","publisher":{"@id":"https:\/\/www.info-algerie.com\/actualites\/#organization"},"potentialAction":[{"@type":"SearchAction","target":{"@type":"EntryPoint","urlTemplate":"https:\/\/www.info-algerie.com\/actualites\/?s={search_term_string}"},"query-input":{"@type":"PropertyValueSpecification","valueRequired":true,"valueName":"search_term_string"}}],"inLanguage":"fr-FR"},{"@type":"Organization","@id":"https:\/\/www.info-algerie.com\/actualites\/#organization","name":"info algerie","url":"https:\/\/www.info-algerie.com\/actualites\/","logo":{"@type":"ImageObject","inLanguage":"fr-FR","@id":"https:\/\/www.info-algerie.com\/actualites\/#\/schema\/logo\/image\/","url":"https:\/\/www.info-algerie.com\/actualites\/wp-content\/uploads\/2022\/07\/logo-ia-120.png","contentUrl":"https:\/\/www.info-algerie.com\/actualites\/wp-content\/uploads\/2022\/07\/logo-ia-120.png","width":120,"height":43,"caption":"info algerie"},"image":{"@id":"https:\/\/www.info-algerie.com\/actualites\/#\/schema\/logo\/image\/"},"sameAs":["https:\/\/www.facebook.com\/infoalgerieactu","https:\/\/x.com\/infoalgerie1"]},{"@type":"Person","@id":"https:\/\/www.info-algerie.com\/actualites\/#\/schema\/person\/847aaec44920825b843a08f30ec6aa1e","name":"La r\u00e9daction","image":{"@type":"ImageObject","inLanguage":"fr-FR","@id":"https:\/\/secure.gravatar.com\/avatar\/769db425c6f465158149f1ffd6cf61ce7a8a879d11dfbef8288af36dfddd418c?s=96&d=mm&r=g","url":"https:\/\/secure.gravatar.com\/avatar\/769db425c6f465158149f1ffd6cf61ce7a8a879d11dfbef8288af36dfddd418c?s=96&d=mm&r=g","contentUrl":"https:\/\/secure.gravatar.com\/avatar\/769db425c6f465158149f1ffd6cf61ce7a8a879d11dfbef8288af36dfddd418c?s=96&d=mm&r=g","caption":"La r\u00e9daction"},"sameAs":["http:\/\/www.lkeria.com\/"],"url":"https:\/\/www.info-algerie.com\/actualites\/author\/chakib32\/"}]}},"_links":{"self":[{"href":"https:\/\/www.info-algerie.com\/actualites\/wp-json\/wp\/v2\/posts\/18111","targetHints":{"allow":["GET"]}}],"collection":[{"href":"https:\/\/www.info-algerie.com\/actualites\/wp-json\/wp\/v2\/posts"}],"about":[{"href":"https:\/\/www.info-algerie.com\/actualites\/wp-json\/wp\/v2\/types\/post"}],"author":[{"embeddable":true,"href":"https:\/\/www.info-algerie.com\/actualites\/wp-json\/wp\/v2\/users\/6"}],"replies":[{"embeddable":true,"href":"https:\/\/www.info-algerie.com\/actualites\/wp-json\/wp\/v2\/comments?post=18111"}],"version-history":[{"count":0,"href":"https:\/\/www.info-algerie.com\/actualites\/wp-json\/wp\/v2\/posts\/18111\/revisions"}],"wp:attachment":[{"href":"https:\/\/www.info-algerie.com\/actualites\/wp-json\/wp\/v2\/media?parent=18111"}],"wp:term":[{"taxonomy":"category","embeddable":true,"href":"https:\/\/www.info-algerie.com\/actualites\/wp-json\/wp\/v2\/categories?post=18111"},{"taxonomy":"post_tag","embeddable":true,"href":"https:\/\/www.info-algerie.com\/actualites\/wp-json\/wp\/v2\/tags?post=18111"}],"curies":[{"name":"wp","href":"https:\/\/api.w.org\/{rel}","templated":true}]}}