{"id":18116,"date":"2017-11-17T16:31:15","date_gmt":"2017-11-17T15:31:15","guid":{"rendered":"http:\/\/www.info-algerie.com\/actualites\/la-cooperation-bilaterale-et-les-questions-regionales-et-internationales-dinteret-commun-objet-de-discussions-entre-bouguerra-et-satterfield\/"},"modified":"2017-11-17T16:31:15","modified_gmt":"2017-11-17T15:31:15","slug":"la-cooperation-bilaterale-et-les-questions-regionales-et-internationales-dinteret-commun-objet-de-discussions-entre-bouguerra-et-satterfield","status":"publish","type":"post","link":"https:\/\/www.info-algerie.com\/actualites\/la-cooperation-bilaterale-et-les-questions-regionales-et-internationales-dinteret-commun-objet-de-discussions-entre-bouguerra-et-satterfield\/","title":{"rendered":"La coop\u00e9ration bilat\u00e9rale et les questions r\u00e9gionales et internationales\u00a0 d\u2019int\u00e9r\u00eat commun objet de discussions entre Bouguerra et Satterfield"},"content":{"rendered":"<div class=\"K2FeedIntroText\">\n<p>WASHINGTON-La coop\u00e9ration bilat\u00e9rale et les questions r\u00e9gionales et internationales d\u2019int\u00e9r\u00eat commun, ont \u00e9t\u00e9 au centre de l&rsquo; entretien qu&rsquo; &lsquo; a eu jeudi l&rsquo;ambassadeur d\u2019Alg\u00e9rie \u00e0 Washington, Madjid Bouguerra avec le secr\u00e9taire d\u2019Etat adjoint pour le Proche-Orient, David Satterfield.<\/p>\n<p>&#013;\n<\/p><\/div>\n<div class=\"K2FeedFullText\">&#013;<\/p>\n<p>Les discussions ont permis de \u00ab\u00a0faire le point sur les relations alg\u00e9ro-am\u00e9ricaines\u00a0\u00bb, a indiqu\u00e9 M. Bouguerra dans une d\u00e9claration \u00e0 l\u2019APS en pr\u00e9cisant que M. Satterfield a exprim\u00e9, \u00e0 cette occasion, \u00ab\u00a0la satisfaction des Etats-Unis quant \u00e0 la qualit\u00e9 des relations bilat\u00e9rales\u00a0\u00bb.<\/p>\n<p>&#013;<\/p>\n<p>\u00ab\u00a0Pour la partie am\u00e9ricaine, l&rsquo;Alg\u00e9rie est l\u2019alli\u00e9 le plus fiable dans la r\u00e9gion et eu \u00e9gard \u00e0 son poids, son r\u00f4le et son influence, elle peut aider davantage \u00e0 la r\u00e9solution des crises r\u00e9gionales et \u00e0 un renforcement de la coop\u00e9ration dans la lutte contre le terrorisme et l\u2019extr\u00e9misme violent\u00a0\u00bb, a\u00a0 ajout\u00e9 l\u2019ambassadeur.<\/p>\n<p>&#013;<\/p>\n<p>Par ailleurs, les deux parties ont abord\u00e9 les moyens d\u2019acc\u00e9l\u00e9rer le r\u00e8glement de la crise en Libye.<\/p>\n<p>&#013;<\/p>\n<p>Le secr\u00e9taire d\u2019Etat adjoint a fait part de son souhait de voir d\u2019autres parties joindre leurs efforts \u00e0 ceux de l&rsquo;Alg\u00e9rie et des Etats-Unis pour parvenir \u00e0 un r\u00e8glement n\u00e9goci\u00e9 de la crise, soulignant qu\u2019Alger et Washington sont, \u00e0 ce titre, totalement engag\u00e9s avec l\u2019\u00e9missaire de l\u2019ONU pour la Libye.<\/p>\n<p>&#013;<\/p>\n<p>\u00ab\u00a0La partie am\u00e9ricaine estime que le travail men\u00e9 par l\u2019Alg\u00e9rie avec les voisins de la Libye et d\u2019autres acteurs pourrait contribuer \u00e0 cet objectif \u00ab\u00a0,\u00a0 a-t-il relev\u00e9.<\/p>\n<p>&#013;<\/p>\n<p>L\u2019entretien a \u00e9galement port\u00e9 sur la situation au Sahel ainsi que sur les efforts attendus des Etats-Unis pour soutenir la mise en oeuvre de l&rsquo;Accord de paix au Mali, issu du processus d\u2019Alger, notamment le r\u00f4le que pourrait jouer l\u2019institut Carter \u00e0 cet \u00e9gard, a fait savoir l\u2019ambassadeur.<\/p>\n<p>&#013;<\/p>\n<p>A ce propos, les deux diplomates ont discut\u00e9 des moyens \u00e0 mobiliser pour permettre au centre Carter de s\u2019acquitter de sa mission pour laquelle il a \u00e9t\u00e9 d\u00e9sign\u00e9 dans le cadre de l\u2019accord de paix au Mali.<\/p>\n<p>&#013;<\/p>\n<p>Les deux parties ont eu \u00e9galement un \u00e9change sur \u00ab\u00a0les solutions r\u00e9elles\u00a0\u00bb qui doivent \u00eatre apport\u00e9es \u00e0 la question de l&rsquo;immigration clandestine.<\/p>\n<\/div>\n<p>&#013;<br \/>\nSource: <a href=\"http:\/\/www.aps.dz\/algerie\/65754-la-cooperation-bilaterale-et-les-questions-regionales-et-internationales-d-interet-commun-objet-de-discussions-entre-bouguerra-et-satterfield\" target=\"_blank\">La coop\u00e9ration bilat\u00e9rale et les questions r\u00e9gionales et internationales\u00a0 d\u2019int\u00e9r\u00eat commun objet de discussions entre Bouguerra et Satterfield<\/a><\/p>\n<!--CusAds0-->\n<div style=\"font-size: 0px; height: 0px; line-height: 0px; margin: 0; padding: 0; clear: both;\"><\/div>","protected":false},"excerpt":{"rendered":"<p>WASHINGTON-La coop\u00e9ration bilat\u00e9rale et les questions r\u00e9gionales et internationales d\u2019int\u00e9r\u00eat commun, ont \u00e9t\u00e9 au centre de l&rsquo; entretien qu&rsquo; &lsquo; a eu jeudi l&rsquo;ambassadeur d\u2019Alg\u00e9rie \u00e0 Washington, Madjid Bouguerra avec le secr\u00e9taire d\u2019Etat adjoint pour le Proche-Orient, David Satterfield. &#013; &#013; Les discussions ont permis de \u00ab\u00a0faire le point sur les relations alg\u00e9ro-am\u00e9ricaines\u00a0\u00bb, a indiqu\u00e9<\/p>\n","protected":false},"author":6,"featured_media":0,"comment_status":"open","ping_status":"open","sticky":false,"template":"","format":"standard","meta":{"footnotes":""},"categories":[22],"tags":[93],"class_list":["post-18116","post","type-post","status-publish","format-standard","hentry","category-infos","tag-onu"],"yoast_head":"<!-- This site is optimized with the Yoast SEO plugin v27.4 - https:\/\/yoast.com\/product\/yoast-seo-wordpress\/ -->\n<title>La coop\u00e9ration bilat\u00e9rale et les questions r\u00e9gionales et internationales\u00a0 d\u2019int\u00e9r\u00eat commun objet de discussions entre Bouguerra et Satterfield - info algerie<\/title>\n<meta name=\"robots\" content=\"index, follow, max-snippet:-1, max-image-preview:large, max-video-preview:-1\" \/>\n<link rel=\"canonical\" href=\"https:\/\/www.info-algerie.com\/actualites\/la-cooperation-bilaterale-et-les-questions-regionales-et-internationales-dinteret-commun-objet-de-discussions-entre-bouguerra-et-satterfield\/\" \/>\n<meta property=\"og:locale\" content=\"fr_FR\" \/>\n<meta property=\"og:type\" content=\"article\" \/>\n<meta property=\"og:title\" content=\"La coop\u00e9ration bilat\u00e9rale et les questions r\u00e9gionales et internationales\u00a0 d\u2019int\u00e9r\u00eat commun objet de discussions entre Bouguerra et Satterfield - info algerie\" \/>\n<meta property=\"og:description\" content=\"WASHINGTON-La coop\u00e9ration bilat\u00e9rale et les questions r\u00e9gionales et internationales d\u2019int\u00e9r\u00eat commun, ont \u00e9t\u00e9 au centre de l&rsquo; entretien qu&rsquo; &lsquo; a eu jeudi l&rsquo;ambassadeur d\u2019Alg\u00e9rie \u00e0 Washington, Madjid Bouguerra avec le secr\u00e9taire d\u2019Etat adjoint pour le Proche-Orient, David Satterfield. &#013; &#013; Les discussions ont permis de \u00ab\u00a0faire le point sur les relations alg\u00e9ro-am\u00e9ricaines\u00a0\u00bb, a indiqu\u00e9\" \/>\n<meta property=\"og:url\" content=\"https:\/\/www.info-algerie.com\/actualites\/la-cooperation-bilaterale-et-les-questions-regionales-et-internationales-dinteret-commun-objet-de-discussions-entre-bouguerra-et-satterfield\/\" \/>\n<meta property=\"og:site_name\" content=\"info algerie\" \/>\n<meta property=\"article:publisher\" content=\"https:\/\/www.facebook.com\/infoalgerieactu\" \/>\n<meta property=\"article:published_time\" content=\"2017-11-17T15:31:15+00:00\" \/>\n<meta name=\"author\" content=\"La r\u00e9daction\" \/>\n<meta name=\"twitter:label1\" content=\"\u00c9crit par\" \/>\n\t<meta name=\"twitter:data1\" content=\"La r\u00e9daction\" \/>\n\t<meta name=\"twitter:label2\" content=\"Dur\u00e9e de lecture estim\u00e9e\" \/>\n\t<meta name=\"twitter:data2\" content=\"2 minutes\" \/>\n<script type=\"application\/ld+json\" class=\"yoast-schema-graph\">{\"@context\":\"https:\\\/\\\/schema.org\",\"@graph\":[{\"@type\":\"Article\",\"@id\":\"https:\\\/\\\/www.info-algerie.com\\\/actualites\\\/la-cooperation-bilaterale-et-les-questions-regionales-et-internationales-dinteret-commun-objet-de-discussions-entre-bouguerra-et-satterfield\\\/#article\",\"isPartOf\":{\"@id\":\"https:\\\/\\\/www.info-algerie.com\\\/actualites\\\/la-cooperation-bilaterale-et-les-questions-regionales-et-internationales-dinteret-commun-objet-de-discussions-entre-bouguerra-et-satterfield\\\/\"},\"author\":{\"name\":\"La r\u00e9daction\",\"@id\":\"https:\\\/\\\/www.info-algerie.com\\\/actualites\\\/#\\\/schema\\\/person\\\/847aaec44920825b843a08f30ec6aa1e\"},\"headline\":\"La coop\u00e9ration bilat\u00e9rale et les questions r\u00e9gionales et internationales\u00a0 d\u2019int\u00e9r\u00eat commun objet de discussions entre Bouguerra et Satterfield\",\"datePublished\":\"2017-11-17T15:31:15+00:00\",\"mainEntityOfPage\":{\"@id\":\"https:\\\/\\\/www.info-algerie.com\\\/actualites\\\/la-cooperation-bilaterale-et-les-questions-regionales-et-internationales-dinteret-commun-objet-de-discussions-entre-bouguerra-et-satterfield\\\/\"},\"wordCount\":428,\"commentCount\":0,\"publisher\":{\"@id\":\"https:\\\/\\\/www.info-algerie.com\\\/actualites\\\/#organization\"},\"keywords\":[\"ONU\"],\"articleSection\":[\"infos\"],\"inLanguage\":\"fr-FR\",\"potentialAction\":[{\"@type\":\"CommentAction\",\"name\":\"Comment\",\"target\":[\"https:\\\/\\\/www.info-algerie.com\\\/actualites\\\/la-cooperation-bilaterale-et-les-questions-regionales-et-internationales-dinteret-commun-objet-de-discussions-entre-bouguerra-et-satterfield\\\/#respond\"]}]},{\"@type\":\"WebPage\",\"@id\":\"https:\\\/\\\/www.info-algerie.com\\\/actualites\\\/la-cooperation-bilaterale-et-les-questions-regionales-et-internationales-dinteret-commun-objet-de-discussions-entre-bouguerra-et-satterfield\\\/\",\"url\":\"https:\\\/\\\/www.info-algerie.com\\\/actualites\\\/la-cooperation-bilaterale-et-les-questions-regionales-et-internationales-dinteret-commun-objet-de-discussions-entre-bouguerra-et-satterfield\\\/\",\"name\":\"La coop\u00e9ration bilat\u00e9rale et les questions r\u00e9gionales et internationales\u00a0 d\u2019int\u00e9r\u00eat commun objet de discussions entre Bouguerra et Satterfield - info algerie\",\"isPartOf\":{\"@id\":\"https:\\\/\\\/www.info-algerie.com\\\/actualites\\\/#website\"},\"datePublished\":\"2017-11-17T15:31:15+00:00\",\"breadcrumb\":{\"@id\":\"https:\\\/\\\/www.info-algerie.com\\\/actualites\\\/la-cooperation-bilaterale-et-les-questions-regionales-et-internationales-dinteret-commun-objet-de-discussions-entre-bouguerra-et-satterfield\\\/#breadcrumb\"},\"inLanguage\":\"fr-FR\",\"potentialAction\":[{\"@type\":\"ReadAction\",\"target\":[\"https:\\\/\\\/www.info-algerie.com\\\/actualites\\\/la-cooperation-bilaterale-et-les-questions-regionales-et-internationales-dinteret-commun-objet-de-discussions-entre-bouguerra-et-satterfield\\\/\"]}]},{\"@type\":\"BreadcrumbList\",\"@id\":\"https:\\\/\\\/www.info-algerie.com\\\/actualites\\\/la-cooperation-bilaterale-et-les-questions-regionales-et-internationales-dinteret-commun-objet-de-discussions-entre-bouguerra-et-satterfield\\\/#breadcrumb\",\"itemListElement\":[{\"@type\":\"ListItem\",\"position\":1,\"name\":\"Accueil\",\"item\":\"https:\\\/\\\/www.info-algerie.com\\\/actualites\\\/\"},{\"@type\":\"ListItem\",\"position\":2,\"name\":\"La coop\u00e9ration bilat\u00e9rale et les questions r\u00e9gionales et internationales\u00a0 d\u2019int\u00e9r\u00eat commun objet de discussions entre Bouguerra et Satterfield\"}]},{\"@type\":\"WebSite\",\"@id\":\"https:\\\/\\\/www.info-algerie.com\\\/actualites\\\/#website\",\"url\":\"https:\\\/\\\/www.info-algerie.com\\\/actualites\\\/\",\"name\":\"info algerie\",\"description\":\"Toutes les actualit\u00e9s\",\"publisher\":{\"@id\":\"https:\\\/\\\/www.info-algerie.com\\\/actualites\\\/#organization\"},\"potentialAction\":[{\"@type\":\"SearchAction\",\"target\":{\"@type\":\"EntryPoint\",\"urlTemplate\":\"https:\\\/\\\/www.info-algerie.com\\\/actualites\\\/?s={search_term_string}\"},\"query-input\":{\"@type\":\"PropertyValueSpecification\",\"valueRequired\":true,\"valueName\":\"search_term_string\"}}],\"inLanguage\":\"fr-FR\"},{\"@type\":\"Organization\",\"@id\":\"https:\\\/\\\/www.info-algerie.com\\\/actualites\\\/#organization\",\"name\":\"info algerie\",\"url\":\"https:\\\/\\\/www.info-algerie.com\\\/actualites\\\/\",\"logo\":{\"@type\":\"ImageObject\",\"inLanguage\":\"fr-FR\",\"@id\":\"https:\\\/\\\/www.info-algerie.com\\\/actualites\\\/#\\\/schema\\\/logo\\\/image\\\/\",\"url\":\"https:\\\/\\\/www.info-algerie.com\\\/actualites\\\/wp-content\\\/uploads\\\/2022\\\/07\\\/logo-ia-120.png\",\"contentUrl\":\"https:\\\/\\\/www.info-algerie.com\\\/actualites\\\/wp-content\\\/uploads\\\/2022\\\/07\\\/logo-ia-120.png\",\"width\":120,\"height\":43,\"caption\":\"info algerie\"},\"image\":{\"@id\":\"https:\\\/\\\/www.info-algerie.com\\\/actualites\\\/#\\\/schema\\\/logo\\\/image\\\/\"},\"sameAs\":[\"https:\\\/\\\/www.facebook.com\\\/infoalgerieactu\",\"https:\\\/\\\/x.com\\\/infoalgerie1\"]},{\"@type\":\"Person\",\"@id\":\"https:\\\/\\\/www.info-algerie.com\\\/actualites\\\/#\\\/schema\\\/person\\\/847aaec44920825b843a08f30ec6aa1e\",\"name\":\"La r\u00e9daction\",\"image\":{\"@type\":\"ImageObject\",\"inLanguage\":\"fr-FR\",\"@id\":\"https:\\\/\\\/secure.gravatar.com\\\/avatar\\\/769db425c6f465158149f1ffd6cf61ce7a8a879d11dfbef8288af36dfddd418c?s=96&d=mm&r=g\",\"url\":\"https:\\\/\\\/secure.gravatar.com\\\/avatar\\\/769db425c6f465158149f1ffd6cf61ce7a8a879d11dfbef8288af36dfddd418c?s=96&d=mm&r=g\",\"contentUrl\":\"https:\\\/\\\/secure.gravatar.com\\\/avatar\\\/769db425c6f465158149f1ffd6cf61ce7a8a879d11dfbef8288af36dfddd418c?s=96&d=mm&r=g\",\"caption\":\"La r\u00e9daction\"},\"sameAs\":[\"http:\\\/\\\/www.lkeria.com\\\/\"],\"url\":\"https:\\\/\\\/www.info-algerie.com\\\/actualites\\\/author\\\/chakib32\\\/\"}]}<\/script>\n<!-- \/ Yoast SEO plugin. -->","yoast_head_json":{"title":"La coop\u00e9ration bilat\u00e9rale et les questions r\u00e9gionales et internationales\u00a0 d\u2019int\u00e9r\u00eat commun objet de discussions entre Bouguerra et Satterfield - info algerie","robots":{"index":"index","follow":"follow","max-snippet":"max-snippet:-1","max-image-preview":"max-image-preview:large","max-video-preview":"max-video-preview:-1"},"canonical":"https:\/\/www.info-algerie.com\/actualites\/la-cooperation-bilaterale-et-les-questions-regionales-et-internationales-dinteret-commun-objet-de-discussions-entre-bouguerra-et-satterfield\/","og_locale":"fr_FR","og_type":"article","og_title":"La coop\u00e9ration bilat\u00e9rale et les questions r\u00e9gionales et internationales\u00a0 d\u2019int\u00e9r\u00eat commun objet de discussions entre Bouguerra et Satterfield - info algerie","og_description":"WASHINGTON-La coop\u00e9ration bilat\u00e9rale et les questions r\u00e9gionales et internationales d\u2019int\u00e9r\u00eat commun, ont \u00e9t\u00e9 au centre de l&rsquo; entretien qu&rsquo; &lsquo; a eu jeudi l&rsquo;ambassadeur d\u2019Alg\u00e9rie \u00e0 Washington, Madjid Bouguerra avec le secr\u00e9taire d\u2019Etat adjoint pour le Proche-Orient, David Satterfield. &#013; &#013; Les discussions ont permis de \u00ab\u00a0faire le point sur les relations alg\u00e9ro-am\u00e9ricaines\u00a0\u00bb, a indiqu\u00e9","og_url":"https:\/\/www.info-algerie.com\/actualites\/la-cooperation-bilaterale-et-les-questions-regionales-et-internationales-dinteret-commun-objet-de-discussions-entre-bouguerra-et-satterfield\/","og_site_name":"info algerie","article_publisher":"https:\/\/www.facebook.com\/infoalgerieactu","article_published_time":"2017-11-17T15:31:15+00:00","author":"La r\u00e9daction","twitter_misc":{"\u00c9crit par":"La r\u00e9daction","Dur\u00e9e de lecture estim\u00e9e":"2 minutes"},"schema":{"@context":"https:\/\/schema.org","@graph":[{"@type":"Article","@id":"https:\/\/www.info-algerie.com\/actualites\/la-cooperation-bilaterale-et-les-questions-regionales-et-internationales-dinteret-commun-objet-de-discussions-entre-bouguerra-et-satterfield\/#article","isPartOf":{"@id":"https:\/\/www.info-algerie.com\/actualites\/la-cooperation-bilaterale-et-les-questions-regionales-et-internationales-dinteret-commun-objet-de-discussions-entre-bouguerra-et-satterfield\/"},"author":{"name":"La r\u00e9daction","@id":"https:\/\/www.info-algerie.com\/actualites\/#\/schema\/person\/847aaec44920825b843a08f30ec6aa1e"},"headline":"La coop\u00e9ration bilat\u00e9rale et les questions r\u00e9gionales et internationales\u00a0 d\u2019int\u00e9r\u00eat commun objet de discussions entre Bouguerra et Satterfield","datePublished":"2017-11-17T15:31:15+00:00","mainEntityOfPage":{"@id":"https:\/\/www.info-algerie.com\/actualites\/la-cooperation-bilaterale-et-les-questions-regionales-et-internationales-dinteret-commun-objet-de-discussions-entre-bouguerra-et-satterfield\/"},"wordCount":428,"commentCount":0,"publisher":{"@id":"https:\/\/www.info-algerie.com\/actualites\/#organization"},"keywords":["ONU"],"articleSection":["infos"],"inLanguage":"fr-FR","potentialAction":[{"@type":"CommentAction","name":"Comment","target":["https:\/\/www.info-algerie.com\/actualites\/la-cooperation-bilaterale-et-les-questions-regionales-et-internationales-dinteret-commun-objet-de-discussions-entre-bouguerra-et-satterfield\/#respond"]}]},{"@type":"WebPage","@id":"https:\/\/www.info-algerie.com\/actualites\/la-cooperation-bilaterale-et-les-questions-regionales-et-internationales-dinteret-commun-objet-de-discussions-entre-bouguerra-et-satterfield\/","url":"https:\/\/www.info-algerie.com\/actualites\/la-cooperation-bilaterale-et-les-questions-regionales-et-internationales-dinteret-commun-objet-de-discussions-entre-bouguerra-et-satterfield\/","name":"La coop\u00e9ration bilat\u00e9rale et les questions r\u00e9gionales et internationales\u00a0 d\u2019int\u00e9r\u00eat commun objet de discussions entre Bouguerra et Satterfield - info algerie","isPartOf":{"@id":"https:\/\/www.info-algerie.com\/actualites\/#website"},"datePublished":"2017-11-17T15:31:15+00:00","breadcrumb":{"@id":"https:\/\/www.info-algerie.com\/actualites\/la-cooperation-bilaterale-et-les-questions-regionales-et-internationales-dinteret-commun-objet-de-discussions-entre-bouguerra-et-satterfield\/#breadcrumb"},"inLanguage":"fr-FR","potentialAction":[{"@type":"ReadAction","target":["https:\/\/www.info-algerie.com\/actualites\/la-cooperation-bilaterale-et-les-questions-regionales-et-internationales-dinteret-commun-objet-de-discussions-entre-bouguerra-et-satterfield\/"]}]},{"@type":"BreadcrumbList","@id":"https:\/\/www.info-algerie.com\/actualites\/la-cooperation-bilaterale-et-les-questions-regionales-et-internationales-dinteret-commun-objet-de-discussions-entre-bouguerra-et-satterfield\/#breadcrumb","itemListElement":[{"@type":"ListItem","position":1,"name":"Accueil","item":"https:\/\/www.info-algerie.com\/actualites\/"},{"@type":"ListItem","position":2,"name":"La coop\u00e9ration bilat\u00e9rale et les questions r\u00e9gionales et internationales\u00a0 d\u2019int\u00e9r\u00eat commun objet de discussions entre Bouguerra et Satterfield"}]},{"@type":"WebSite","@id":"https:\/\/www.info-algerie.com\/actualites\/#website","url":"https:\/\/www.info-algerie.com\/actualites\/","name":"info algerie","description":"Toutes les actualit\u00e9s","publisher":{"@id":"https:\/\/www.info-algerie.com\/actualites\/#organization"},"potentialAction":[{"@type":"SearchAction","target":{"@type":"EntryPoint","urlTemplate":"https:\/\/www.info-algerie.com\/actualites\/?s={search_term_string}"},"query-input":{"@type":"PropertyValueSpecification","valueRequired":true,"valueName":"search_term_string"}}],"inLanguage":"fr-FR"},{"@type":"Organization","@id":"https:\/\/www.info-algerie.com\/actualites\/#organization","name":"info algerie","url":"https:\/\/www.info-algerie.com\/actualites\/","logo":{"@type":"ImageObject","inLanguage":"fr-FR","@id":"https:\/\/www.info-algerie.com\/actualites\/#\/schema\/logo\/image\/","url":"https:\/\/www.info-algerie.com\/actualites\/wp-content\/uploads\/2022\/07\/logo-ia-120.png","contentUrl":"https:\/\/www.info-algerie.com\/actualites\/wp-content\/uploads\/2022\/07\/logo-ia-120.png","width":120,"height":43,"caption":"info algerie"},"image":{"@id":"https:\/\/www.info-algerie.com\/actualites\/#\/schema\/logo\/image\/"},"sameAs":["https:\/\/www.facebook.com\/infoalgerieactu","https:\/\/x.com\/infoalgerie1"]},{"@type":"Person","@id":"https:\/\/www.info-algerie.com\/actualites\/#\/schema\/person\/847aaec44920825b843a08f30ec6aa1e","name":"La r\u00e9daction","image":{"@type":"ImageObject","inLanguage":"fr-FR","@id":"https:\/\/secure.gravatar.com\/avatar\/769db425c6f465158149f1ffd6cf61ce7a8a879d11dfbef8288af36dfddd418c?s=96&d=mm&r=g","url":"https:\/\/secure.gravatar.com\/avatar\/769db425c6f465158149f1ffd6cf61ce7a8a879d11dfbef8288af36dfddd418c?s=96&d=mm&r=g","contentUrl":"https:\/\/secure.gravatar.com\/avatar\/769db425c6f465158149f1ffd6cf61ce7a8a879d11dfbef8288af36dfddd418c?s=96&d=mm&r=g","caption":"La r\u00e9daction"},"sameAs":["http:\/\/www.lkeria.com\/"],"url":"https:\/\/www.info-algerie.com\/actualites\/author\/chakib32\/"}]}},"_links":{"self":[{"href":"https:\/\/www.info-algerie.com\/actualites\/wp-json\/wp\/v2\/posts\/18116","targetHints":{"allow":["GET"]}}],"collection":[{"href":"https:\/\/www.info-algerie.com\/actualites\/wp-json\/wp\/v2\/posts"}],"about":[{"href":"https:\/\/www.info-algerie.com\/actualites\/wp-json\/wp\/v2\/types\/post"}],"author":[{"embeddable":true,"href":"https:\/\/www.info-algerie.com\/actualites\/wp-json\/wp\/v2\/users\/6"}],"replies":[{"embeddable":true,"href":"https:\/\/www.info-algerie.com\/actualites\/wp-json\/wp\/v2\/comments?post=18116"}],"version-history":[{"count":0,"href":"https:\/\/www.info-algerie.com\/actualites\/wp-json\/wp\/v2\/posts\/18116\/revisions"}],"wp:attachment":[{"href":"https:\/\/www.info-algerie.com\/actualites\/wp-json\/wp\/v2\/media?parent=18116"}],"wp:term":[{"taxonomy":"category","embeddable":true,"href":"https:\/\/www.info-algerie.com\/actualites\/wp-json\/wp\/v2\/categories?post=18116"},{"taxonomy":"post_tag","embeddable":true,"href":"https:\/\/www.info-algerie.com\/actualites\/wp-json\/wp\/v2\/tags?post=18116"}],"curies":[{"name":"wp","href":"https:\/\/api.w.org\/{rel}","templated":true}]}}