{"id":18117,"date":"2017-11-17T18:04:20","date_gmt":"2017-11-17T17:04:20","guid":{"rendered":"http:\/\/www.info-algerie.com\/actualites\/ould-abbes-insiste-sur-limplication-des-communes-dans-le-developpement-regional-et-national\/"},"modified":"2017-11-17T18:04:20","modified_gmt":"2017-11-17T17:04:20","slug":"ould-abbes-insiste-sur-limplication-des-communes-dans-le-developpement-regional-et-national","status":"publish","type":"post","link":"https:\/\/www.info-algerie.com\/actualites\/ould-abbes-insiste-sur-limplication-des-communes-dans-le-developpement-regional-et-national\/","title":{"rendered":"Ould Abbes insiste sur l&#039;implication des communes dans le d\u00e9veloppement r\u00e9gional et national"},"content":{"rendered":"<div class=\"K2FeedIntroText\">\n<p>\u00a0Oran- Le Secr\u00e9taire g\u00e9n\u00e9ral du parti du Front de lib\u00e9ration nationale (FLN), Djamel Ould Abbes, a mis l&rsquo;accent, vendredi \u00e0 Oran, sur le parach\u00e8vement du programme du pr\u00e9sident de la R\u00e9publique,\u00a0Abdelaziz Bouteflika, par le renforcement des structures de base de l&rsquo;Etat et l&rsquo;implication des communes dans le d\u00e9veloppement r\u00e9gional et national.<\/p>\n<p>&#013;\n<\/p><\/div>\n<div class=\"K2FeedFullText\">&#013;<\/p>\n<p>Djamel Ould Abbes a appel\u00e9, lors d\u2019un meeting qu&rsquo;il a anim\u00e9 au Centre des conventions d&rsquo;Oran, Mohamed Benahmed, dans le cadre de la campagne \u00e9lectorale, \u00e0 \u00ab\u00a0la mobilisation des citoyens pour cr\u00e9er de la richesse afin de r\u00e9pondre aux besoins des populations de l\u2019Alg\u00e9rie profonde qui ont droit\u00a0\u00e0 l\u2019\u00e9ducation, \u00e0 la sant\u00e9, \u00e0 l\u2019eau potable, au gaz, au logement social et le logement rural\u00a0\u00bb.<\/p>\n<p>&#013;<\/p>\n<p>Le m\u00eame responsable a \u00e9voqu\u00e9 les r\u00e9alisations lors des 18 ann\u00e9es de gouvernance du pr\u00e9sident de la R\u00e9publique, M. Abdelaziz Bouteflika, dont le retour de la paix et de la stabilit\u00e9 du pays.<\/p>\n<p>&#013;<\/p>\n<p>Le SG du parti FLN a rappel\u00e9 que \u00ab\u00a0le pr\u00e9sident de la R\u00e9publique \u00e9tait un visionnaire dans le domaine des finances, pour avoir anticip\u00e9 le remboursement de la dette ext\u00e9rieure qui \u00e9tait de l&rsquo;ordre de 32 milliards de dollars et pour avoir mis en place le Fonds de r\u00e9gulation des recettes qui a permis au pays d&rsquo;\u00eatre \u00e0 l&rsquo;abri \u00e0 bien de secousses qui ont \u00e9branl\u00e9 beaucoup de pays\u00a0\u00bb.<\/p>\n<p>&#013;<\/p>\n<p>Il a \u00e9galement mis en exergue les avanc\u00e9es consid\u00e9rables enregistr\u00e9es dans le pays en mati\u00e8re de droits de l&rsquo;homme et des libert\u00e9s, citant l&rsquo;exemple de la d\u00e9p\u00e9nalisation du d\u00e9lit de presse dans la nouvelle Constitution et la libert\u00e9 d\u2019expression et la lutte contre l\u2019ostracisme Le secr\u00e9taire g\u00e9n\u00e9ral du FLN a invit\u00e9 l&rsquo;assistance \u00e0 aller voter en masse le jour du scrutin.<\/p>\n<\/div>\n<p>&#013;<br \/>\nSource: <a href=\"http:\/\/www.aps.dz\/algerie\/65766-ould-abbes-insiste-sur-l-implication-des-communes-dans-le-developpement-regional-et-national\" target=\"_blank\">Ould Abbes insiste sur l&rsquo;implication des communes dans le d\u00e9veloppement r\u00e9gional et national<\/a><\/p>\n<!--CusAds0-->\n<div style=\"font-size: 0px; height: 0px; line-height: 0px; margin: 0; padding: 0; clear: both;\"><\/div>","protected":false},"excerpt":{"rendered":"<p>\u00a0Oran- Le Secr\u00e9taire g\u00e9n\u00e9ral du parti du Front de lib\u00e9ration nationale (FLN), Djamel Ould Abbes, a mis l&rsquo;accent, vendredi \u00e0 Oran, sur le parach\u00e8vement du programme du pr\u00e9sident de la R\u00e9publique,\u00a0Abdelaziz Bouteflika, par le renforcement des structures de base de l&rsquo;Etat et l&rsquo;implication des communes dans le d\u00e9veloppement r\u00e9gional et national. &#013; &#013; Djamel Ould<\/p>\n","protected":false},"author":6,"featured_media":0,"comment_status":"open","ping_status":"open","sticky":false,"template":"","format":"standard","meta":{"footnotes":""},"categories":[22],"tags":[93],"class_list":["post-18117","post","type-post","status-publish","format-standard","hentry","category-infos","tag-onu"],"yoast_head":"<!-- This site is optimized with the Yoast SEO plugin v27.4 - https:\/\/yoast.com\/product\/yoast-seo-wordpress\/ -->\n<title>Ould Abbes insiste sur l&#039;implication des communes dans le d\u00e9veloppement r\u00e9gional et national - info algerie<\/title>\n<meta name=\"robots\" content=\"index, follow, max-snippet:-1, max-image-preview:large, max-video-preview:-1\" \/>\n<link rel=\"canonical\" href=\"https:\/\/www.info-algerie.com\/actualites\/ould-abbes-insiste-sur-limplication-des-communes-dans-le-developpement-regional-et-national\/\" \/>\n<meta property=\"og:locale\" content=\"fr_FR\" \/>\n<meta property=\"og:type\" content=\"article\" \/>\n<meta property=\"og:title\" content=\"Ould Abbes insiste sur l&#039;implication des communes dans le d\u00e9veloppement r\u00e9gional et national - info algerie\" \/>\n<meta property=\"og:description\" content=\"\u00a0Oran- Le Secr\u00e9taire g\u00e9n\u00e9ral du parti du Front de lib\u00e9ration nationale (FLN), Djamel Ould Abbes, a mis l&rsquo;accent, vendredi \u00e0 Oran, sur le parach\u00e8vement du programme du pr\u00e9sident de la R\u00e9publique,\u00a0Abdelaziz Bouteflika, par le renforcement des structures de base de l&rsquo;Etat et l&rsquo;implication des communes dans le d\u00e9veloppement r\u00e9gional et national. &#013; &#013; Djamel Ould\" \/>\n<meta property=\"og:url\" content=\"https:\/\/www.info-algerie.com\/actualites\/ould-abbes-insiste-sur-limplication-des-communes-dans-le-developpement-regional-et-national\/\" \/>\n<meta property=\"og:site_name\" content=\"info algerie\" \/>\n<meta property=\"article:publisher\" content=\"https:\/\/www.facebook.com\/infoalgerieactu\" \/>\n<meta property=\"article:published_time\" content=\"2017-11-17T17:04:20+00:00\" \/>\n<meta name=\"author\" content=\"La r\u00e9daction\" \/>\n<meta name=\"twitter:label1\" content=\"\u00c9crit par\" \/>\n\t<meta name=\"twitter:data1\" content=\"La r\u00e9daction\" \/>\n\t<meta name=\"twitter:label2\" content=\"Dur\u00e9e de lecture estim\u00e9e\" \/>\n\t<meta name=\"twitter:data2\" content=\"2 minutes\" \/>\n<script type=\"application\/ld+json\" class=\"yoast-schema-graph\">{\"@context\":\"https:\\\/\\\/schema.org\",\"@graph\":[{\"@type\":\"Article\",\"@id\":\"https:\\\/\\\/www.info-algerie.com\\\/actualites\\\/ould-abbes-insiste-sur-limplication-des-communes-dans-le-developpement-regional-et-national\\\/#article\",\"isPartOf\":{\"@id\":\"https:\\\/\\\/www.info-algerie.com\\\/actualites\\\/ould-abbes-insiste-sur-limplication-des-communes-dans-le-developpement-regional-et-national\\\/\"},\"author\":{\"name\":\"La r\u00e9daction\",\"@id\":\"https:\\\/\\\/www.info-algerie.com\\\/actualites\\\/#\\\/schema\\\/person\\\/847aaec44920825b843a08f30ec6aa1e\"},\"headline\":\"Ould Abbes insiste sur l&#039;implication des communes dans le d\u00e9veloppement r\u00e9gional et national\",\"datePublished\":\"2017-11-17T17:04:20+00:00\",\"mainEntityOfPage\":{\"@id\":\"https:\\\/\\\/www.info-algerie.com\\\/actualites\\\/ould-abbes-insiste-sur-limplication-des-communes-dans-le-developpement-regional-et-national\\\/\"},\"wordCount\":352,\"commentCount\":0,\"publisher\":{\"@id\":\"https:\\\/\\\/www.info-algerie.com\\\/actualites\\\/#organization\"},\"keywords\":[\"ONU\"],\"articleSection\":[\"infos\"],\"inLanguage\":\"fr-FR\",\"potentialAction\":[{\"@type\":\"CommentAction\",\"name\":\"Comment\",\"target\":[\"https:\\\/\\\/www.info-algerie.com\\\/actualites\\\/ould-abbes-insiste-sur-limplication-des-communes-dans-le-developpement-regional-et-national\\\/#respond\"]}]},{\"@type\":\"WebPage\",\"@id\":\"https:\\\/\\\/www.info-algerie.com\\\/actualites\\\/ould-abbes-insiste-sur-limplication-des-communes-dans-le-developpement-regional-et-national\\\/\",\"url\":\"https:\\\/\\\/www.info-algerie.com\\\/actualites\\\/ould-abbes-insiste-sur-limplication-des-communes-dans-le-developpement-regional-et-national\\\/\",\"name\":\"Ould Abbes insiste sur l&#039;implication des communes dans le d\u00e9veloppement r\u00e9gional et national - info algerie\",\"isPartOf\":{\"@id\":\"https:\\\/\\\/www.info-algerie.com\\\/actualites\\\/#website\"},\"datePublished\":\"2017-11-17T17:04:20+00:00\",\"breadcrumb\":{\"@id\":\"https:\\\/\\\/www.info-algerie.com\\\/actualites\\\/ould-abbes-insiste-sur-limplication-des-communes-dans-le-developpement-regional-et-national\\\/#breadcrumb\"},\"inLanguage\":\"fr-FR\",\"potentialAction\":[{\"@type\":\"ReadAction\",\"target\":[\"https:\\\/\\\/www.info-algerie.com\\\/actualites\\\/ould-abbes-insiste-sur-limplication-des-communes-dans-le-developpement-regional-et-national\\\/\"]}]},{\"@type\":\"BreadcrumbList\",\"@id\":\"https:\\\/\\\/www.info-algerie.com\\\/actualites\\\/ould-abbes-insiste-sur-limplication-des-communes-dans-le-developpement-regional-et-national\\\/#breadcrumb\",\"itemListElement\":[{\"@type\":\"ListItem\",\"position\":1,\"name\":\"Accueil\",\"item\":\"https:\\\/\\\/www.info-algerie.com\\\/actualites\\\/\"},{\"@type\":\"ListItem\",\"position\":2,\"name\":\"Ould Abbes insiste sur l&#039;implication des communes dans le d\u00e9veloppement r\u00e9gional et national\"}]},{\"@type\":\"WebSite\",\"@id\":\"https:\\\/\\\/www.info-algerie.com\\\/actualites\\\/#website\",\"url\":\"https:\\\/\\\/www.info-algerie.com\\\/actualites\\\/\",\"name\":\"info algerie\",\"description\":\"Toutes les actualit\u00e9s\",\"publisher\":{\"@id\":\"https:\\\/\\\/www.info-algerie.com\\\/actualites\\\/#organization\"},\"potentialAction\":[{\"@type\":\"SearchAction\",\"target\":{\"@type\":\"EntryPoint\",\"urlTemplate\":\"https:\\\/\\\/www.info-algerie.com\\\/actualites\\\/?s={search_term_string}\"},\"query-input\":{\"@type\":\"PropertyValueSpecification\",\"valueRequired\":true,\"valueName\":\"search_term_string\"}}],\"inLanguage\":\"fr-FR\"},{\"@type\":\"Organization\",\"@id\":\"https:\\\/\\\/www.info-algerie.com\\\/actualites\\\/#organization\",\"name\":\"info algerie\",\"url\":\"https:\\\/\\\/www.info-algerie.com\\\/actualites\\\/\",\"logo\":{\"@type\":\"ImageObject\",\"inLanguage\":\"fr-FR\",\"@id\":\"https:\\\/\\\/www.info-algerie.com\\\/actualites\\\/#\\\/schema\\\/logo\\\/image\\\/\",\"url\":\"https:\\\/\\\/www.info-algerie.com\\\/actualites\\\/wp-content\\\/uploads\\\/2022\\\/07\\\/logo-ia-120.png\",\"contentUrl\":\"https:\\\/\\\/www.info-algerie.com\\\/actualites\\\/wp-content\\\/uploads\\\/2022\\\/07\\\/logo-ia-120.png\",\"width\":120,\"height\":43,\"caption\":\"info algerie\"},\"image\":{\"@id\":\"https:\\\/\\\/www.info-algerie.com\\\/actualites\\\/#\\\/schema\\\/logo\\\/image\\\/\"},\"sameAs\":[\"https:\\\/\\\/www.facebook.com\\\/infoalgerieactu\",\"https:\\\/\\\/x.com\\\/infoalgerie1\"]},{\"@type\":\"Person\",\"@id\":\"https:\\\/\\\/www.info-algerie.com\\\/actualites\\\/#\\\/schema\\\/person\\\/847aaec44920825b843a08f30ec6aa1e\",\"name\":\"La r\u00e9daction\",\"image\":{\"@type\":\"ImageObject\",\"inLanguage\":\"fr-FR\",\"@id\":\"https:\\\/\\\/secure.gravatar.com\\\/avatar\\\/769db425c6f465158149f1ffd6cf61ce7a8a879d11dfbef8288af36dfddd418c?s=96&d=mm&r=g\",\"url\":\"https:\\\/\\\/secure.gravatar.com\\\/avatar\\\/769db425c6f465158149f1ffd6cf61ce7a8a879d11dfbef8288af36dfddd418c?s=96&d=mm&r=g\",\"contentUrl\":\"https:\\\/\\\/secure.gravatar.com\\\/avatar\\\/769db425c6f465158149f1ffd6cf61ce7a8a879d11dfbef8288af36dfddd418c?s=96&d=mm&r=g\",\"caption\":\"La r\u00e9daction\"},\"sameAs\":[\"http:\\\/\\\/www.lkeria.com\\\/\"],\"url\":\"https:\\\/\\\/www.info-algerie.com\\\/actualites\\\/author\\\/chakib32\\\/\"}]}<\/script>\n<!-- \/ Yoast SEO plugin. -->","yoast_head_json":{"title":"Ould Abbes insiste sur l&#039;implication des communes dans le d\u00e9veloppement r\u00e9gional et national - info algerie","robots":{"index":"index","follow":"follow","max-snippet":"max-snippet:-1","max-image-preview":"max-image-preview:large","max-video-preview":"max-video-preview:-1"},"canonical":"https:\/\/www.info-algerie.com\/actualites\/ould-abbes-insiste-sur-limplication-des-communes-dans-le-developpement-regional-et-national\/","og_locale":"fr_FR","og_type":"article","og_title":"Ould Abbes insiste sur l&#039;implication des communes dans le d\u00e9veloppement r\u00e9gional et national - info algerie","og_description":"\u00a0Oran- Le Secr\u00e9taire g\u00e9n\u00e9ral du parti du Front de lib\u00e9ration nationale (FLN), Djamel Ould Abbes, a mis l&rsquo;accent, vendredi \u00e0 Oran, sur le parach\u00e8vement du programme du pr\u00e9sident de la R\u00e9publique,\u00a0Abdelaziz Bouteflika, par le renforcement des structures de base de l&rsquo;Etat et l&rsquo;implication des communes dans le d\u00e9veloppement r\u00e9gional et national. &#013; &#013; Djamel Ould","og_url":"https:\/\/www.info-algerie.com\/actualites\/ould-abbes-insiste-sur-limplication-des-communes-dans-le-developpement-regional-et-national\/","og_site_name":"info algerie","article_publisher":"https:\/\/www.facebook.com\/infoalgerieactu","article_published_time":"2017-11-17T17:04:20+00:00","author":"La r\u00e9daction","twitter_misc":{"\u00c9crit par":"La r\u00e9daction","Dur\u00e9e de lecture estim\u00e9e":"2 minutes"},"schema":{"@context":"https:\/\/schema.org","@graph":[{"@type":"Article","@id":"https:\/\/www.info-algerie.com\/actualites\/ould-abbes-insiste-sur-limplication-des-communes-dans-le-developpement-regional-et-national\/#article","isPartOf":{"@id":"https:\/\/www.info-algerie.com\/actualites\/ould-abbes-insiste-sur-limplication-des-communes-dans-le-developpement-regional-et-national\/"},"author":{"name":"La r\u00e9daction","@id":"https:\/\/www.info-algerie.com\/actualites\/#\/schema\/person\/847aaec44920825b843a08f30ec6aa1e"},"headline":"Ould Abbes insiste sur l&#039;implication des communes dans le d\u00e9veloppement r\u00e9gional et national","datePublished":"2017-11-17T17:04:20+00:00","mainEntityOfPage":{"@id":"https:\/\/www.info-algerie.com\/actualites\/ould-abbes-insiste-sur-limplication-des-communes-dans-le-developpement-regional-et-national\/"},"wordCount":352,"commentCount":0,"publisher":{"@id":"https:\/\/www.info-algerie.com\/actualites\/#organization"},"keywords":["ONU"],"articleSection":["infos"],"inLanguage":"fr-FR","potentialAction":[{"@type":"CommentAction","name":"Comment","target":["https:\/\/www.info-algerie.com\/actualites\/ould-abbes-insiste-sur-limplication-des-communes-dans-le-developpement-regional-et-national\/#respond"]}]},{"@type":"WebPage","@id":"https:\/\/www.info-algerie.com\/actualites\/ould-abbes-insiste-sur-limplication-des-communes-dans-le-developpement-regional-et-national\/","url":"https:\/\/www.info-algerie.com\/actualites\/ould-abbes-insiste-sur-limplication-des-communes-dans-le-developpement-regional-et-national\/","name":"Ould Abbes insiste sur l&#039;implication des communes dans le d\u00e9veloppement r\u00e9gional et national - info algerie","isPartOf":{"@id":"https:\/\/www.info-algerie.com\/actualites\/#website"},"datePublished":"2017-11-17T17:04:20+00:00","breadcrumb":{"@id":"https:\/\/www.info-algerie.com\/actualites\/ould-abbes-insiste-sur-limplication-des-communes-dans-le-developpement-regional-et-national\/#breadcrumb"},"inLanguage":"fr-FR","potentialAction":[{"@type":"ReadAction","target":["https:\/\/www.info-algerie.com\/actualites\/ould-abbes-insiste-sur-limplication-des-communes-dans-le-developpement-regional-et-national\/"]}]},{"@type":"BreadcrumbList","@id":"https:\/\/www.info-algerie.com\/actualites\/ould-abbes-insiste-sur-limplication-des-communes-dans-le-developpement-regional-et-national\/#breadcrumb","itemListElement":[{"@type":"ListItem","position":1,"name":"Accueil","item":"https:\/\/www.info-algerie.com\/actualites\/"},{"@type":"ListItem","position":2,"name":"Ould Abbes insiste sur l&#039;implication des communes dans le d\u00e9veloppement r\u00e9gional et national"}]},{"@type":"WebSite","@id":"https:\/\/www.info-algerie.com\/actualites\/#website","url":"https:\/\/www.info-algerie.com\/actualites\/","name":"info algerie","description":"Toutes les actualit\u00e9s","publisher":{"@id":"https:\/\/www.info-algerie.com\/actualites\/#organization"},"potentialAction":[{"@type":"SearchAction","target":{"@type":"EntryPoint","urlTemplate":"https:\/\/www.info-algerie.com\/actualites\/?s={search_term_string}"},"query-input":{"@type":"PropertyValueSpecification","valueRequired":true,"valueName":"search_term_string"}}],"inLanguage":"fr-FR"},{"@type":"Organization","@id":"https:\/\/www.info-algerie.com\/actualites\/#organization","name":"info algerie","url":"https:\/\/www.info-algerie.com\/actualites\/","logo":{"@type":"ImageObject","inLanguage":"fr-FR","@id":"https:\/\/www.info-algerie.com\/actualites\/#\/schema\/logo\/image\/","url":"https:\/\/www.info-algerie.com\/actualites\/wp-content\/uploads\/2022\/07\/logo-ia-120.png","contentUrl":"https:\/\/www.info-algerie.com\/actualites\/wp-content\/uploads\/2022\/07\/logo-ia-120.png","width":120,"height":43,"caption":"info algerie"},"image":{"@id":"https:\/\/www.info-algerie.com\/actualites\/#\/schema\/logo\/image\/"},"sameAs":["https:\/\/www.facebook.com\/infoalgerieactu","https:\/\/x.com\/infoalgerie1"]},{"@type":"Person","@id":"https:\/\/www.info-algerie.com\/actualites\/#\/schema\/person\/847aaec44920825b843a08f30ec6aa1e","name":"La r\u00e9daction","image":{"@type":"ImageObject","inLanguage":"fr-FR","@id":"https:\/\/secure.gravatar.com\/avatar\/769db425c6f465158149f1ffd6cf61ce7a8a879d11dfbef8288af36dfddd418c?s=96&d=mm&r=g","url":"https:\/\/secure.gravatar.com\/avatar\/769db425c6f465158149f1ffd6cf61ce7a8a879d11dfbef8288af36dfddd418c?s=96&d=mm&r=g","contentUrl":"https:\/\/secure.gravatar.com\/avatar\/769db425c6f465158149f1ffd6cf61ce7a8a879d11dfbef8288af36dfddd418c?s=96&d=mm&r=g","caption":"La r\u00e9daction"},"sameAs":["http:\/\/www.lkeria.com\/"],"url":"https:\/\/www.info-algerie.com\/actualites\/author\/chakib32\/"}]}},"_links":{"self":[{"href":"https:\/\/www.info-algerie.com\/actualites\/wp-json\/wp\/v2\/posts\/18117","targetHints":{"allow":["GET"]}}],"collection":[{"href":"https:\/\/www.info-algerie.com\/actualites\/wp-json\/wp\/v2\/posts"}],"about":[{"href":"https:\/\/www.info-algerie.com\/actualites\/wp-json\/wp\/v2\/types\/post"}],"author":[{"embeddable":true,"href":"https:\/\/www.info-algerie.com\/actualites\/wp-json\/wp\/v2\/users\/6"}],"replies":[{"embeddable":true,"href":"https:\/\/www.info-algerie.com\/actualites\/wp-json\/wp\/v2\/comments?post=18117"}],"version-history":[{"count":0,"href":"https:\/\/www.info-algerie.com\/actualites\/wp-json\/wp\/v2\/posts\/18117\/revisions"}],"wp:attachment":[{"href":"https:\/\/www.info-algerie.com\/actualites\/wp-json\/wp\/v2\/media?parent=18117"}],"wp:term":[{"taxonomy":"category","embeddable":true,"href":"https:\/\/www.info-algerie.com\/actualites\/wp-json\/wp\/v2\/categories?post=18117"},{"taxonomy":"post_tag","embeddable":true,"href":"https:\/\/www.info-algerie.com\/actualites\/wp-json\/wp\/v2\/tags?post=18117"}],"curies":[{"name":"wp","href":"https:\/\/api.w.org\/{rel}","templated":true}]}}