{"id":18118,"date":"2017-11-17T17:59:54","date_gmt":"2017-11-17T16:59:54","guid":{"rendered":"http:\/\/www.info-algerie.com\/actualites\/la-preservation-de-la-securite-et-de-la-stabilite-du-pays-en-tete-des-priorites-de-taj-ghoul\/"},"modified":"2017-11-17T17:59:54","modified_gmt":"2017-11-17T16:59:54","slug":"la-preservation-de-la-securite-et-de-la-stabilite-du-pays-en-tete-des-priorites-de-taj-ghoul","status":"publish","type":"post","link":"https:\/\/www.info-algerie.com\/actualites\/la-preservation-de-la-securite-et-de-la-stabilite-du-pays-en-tete-des-priorites-de-taj-ghoul\/","title":{"rendered":"La pr\u00e9servation de la s\u00e9curit\u00e9 et de la stabilit\u00e9 du pays, en t\u00eate des priorit\u00e9s de TAJ (Ghoul)"},"content":{"rendered":"<div class=\"K2FeedIntroText\">\n<p>ILLIZI &#8211; Le pr\u00e9sident de Tajamoue Amel Al-Djazair (TAJ), Amar Ghoul, a indiqu\u00e9, vendredi \u00e0 Illizi, que la pr\u00e9servation de la s\u00e9curit\u00e9 et de la stabilit\u00e9 du pays figuraient en t\u00eate des priorit\u00e9s de sa formation politique, devant la pr\u00e9servation des diff\u00e9rents acquis r\u00e9alis\u00e9s.<\/p>\n<p>&#013;\n<\/p><\/div>\n<div class=\"K2FeedFullText\">&#013;<\/p>\n<p>S\u2019exprimant devant un parterre de militants et sympathisants de son alliance, dans un meeting de campagne pour les \u00e9lections locales du 23 novembre, Amar Ghoul a indiqu\u00e9 que TAJ oeuvrait aussi pour la valorisation des acquis enregistr\u00e9s aux quatre coins du pays et ayant permis l\u2019am\u00e9lioration du cadre de vie du citoyen \u00ab\u00a0appel\u00e9 \u00e0 les pr\u00e9server\u00a0\u00bb.<\/p>\n<p>&#013;<\/p>\n<p>TAJ, poursuit-il, \u00ab\u00a0a arr\u00eat\u00e9 un programme de d\u00e9veloppement des wilayas, sur la base de la situation des collectivit\u00e9s en termes de contraintes et de besoins dans chaque r\u00e9gion, en tenant compte des potentialit\u00e9s et ressources naturelles, mat\u00e9rielles et immat\u00e9rielles, qui les singularisent pour les valoriser et les exploiter dans l\u2019\u00e9difice du d\u00e9veloppement local\u00a0\u00bb.<\/p>\n<p>&#013;<\/p>\n<p>\u00ab\u00a0Ce programme va aider les assembl\u00e9es locales (communales et de wilayas) qu\u2019obtiendrait TAJ \u00e0 la faveur des prochaines \u00e9lections locales, et partant \u00e0 soutenir le plan d&rsquo;action du gouvernement \u00e0 travers une s\u00e9rie de r\u00e9formes sugg\u00e9r\u00e9es par le parti, en plus de cr\u00e9er une synergie et un partenariat v\u00e9ritable entre l\u2019administration et les \u00e9lus, dans l\u2019int\u00e9r\u00eat du citoyen\u00a0\u00bb, selon lui.<\/p>\n<p>&#013;<\/p>\n<p>Amar Ghoul a, en outre, s\u00e9ri\u00e9 quelques r\u00e9formes propos\u00e9es par sa formation politique, \u00e0 l\u2019instar de la d\u00e9finition des attributions des assembl\u00e9es locales \u00e9lues par rapport au r\u00f4le de l\u2019administration, afin d\u2019\u00e9viter les chevauchements de pr\u00e9rogatives et d\u2019avoir une meilleure coordination entre elles au service de l\u2019int\u00e9r\u00eat g\u00e9n\u00e9ral.<\/p>\n<p>&#013;<\/p>\n<p>Les r\u00e9formes projet\u00e9es concernent aussi les jeunes, notamment pour ce qui a trait aux contrats de pr\u00e9-emploi, plafonnant \u00e0 un maximum de trois ann\u00e9es la dur\u00e9e du contrat en question, avant son (le jeune) int\u00e9gration automatique ou son orientation vers la cr\u00e9ation d\u2019une micro-entreprise par le biais des dispositifs d\u2019aide \u00e0 l\u2019emploi mis en place par l\u2019Etat, a relev\u00e9 l\u2019orateur.<\/p>\n<p>&#013;<\/p>\n<p>Le renforcement de la sant\u00e9 de proximit\u00e9 dans les communes de la wilaya, le rapprochement des structures de sant\u00e9 du citoyen, et la pr\u00e9munition du citoyen de diff\u00e9rents maladies et risques sanitaires, par voie pr\u00e9ventive, constituent l\u2019autre volet du programme du parti, a-t-il ajout\u00e9.<\/p>\n<p>&#013;<\/p>\n<p>Dans le domaine de la formation, Ghoul a soulign\u00e9 que sa formation oeuvrait \u00e0 la qualification des jeunes de l\u2019ensemble des communes de la wilaya \u00e0 travers les \u00e9tablissements universitaires et les instituts, afin de permettre un encadrement local des assembl\u00e9es et instances locales, cr\u00e9er des emplois et contribuer \u00e0 l\u2019absorption du ch\u00f4mage.<\/p>\n<p>&#013;<\/p>\n<p>Le d\u00e9veloppement de l\u2019agriculture est l\u2019autre dossier \u00e9voqu\u00e9 par le m\u00eame orateur comme \u00ab\u00a0alternative\u00a0\u00bb pour consolider l\u2019\u00e9conomie nationale, \u00e0 travers aussi le soutien aux \u00e9leveurs et leur accompagnement afin de faciliter leur transhumance inter-wilayas, la commercialisation de leurs produits, l\u2019assurance d\u2019une couverture v\u00e9t\u00e9rinaire \u00e0 leur cheptel, et l\u2019exploitation de la mati\u00e8re premi\u00e8re issue de leur activit\u00e9 pour soutenir l\u2019artisanat traditionnel et accompagner la femme au foyer.<\/p>\n<p>&#013;<\/p>\n<p>Le pr\u00e9sident de TAJ a indiqu\u00e9, au terme de son intervention, que sa formation politique a renforc\u00e9 ses listes de candidatures par l\u2019\u00e9l\u00e9ment jeune qui, dit-il, repr\u00e9sente \u00ab\u00a0le socle de la soci\u00e9t\u00e9\u00a0\u00bb, appelant les citoyens \u00e0 lui donner l\u2019occasion d\u2019apporter une \u00ab\u00a0valeur ajout\u00e9e\u00a0\u00bb \u00e0 l\u2019\u00e9difice de d\u00e9veloppement local.<\/p>\n<\/div>\n<p>&#013;<br \/>\nSource: <a href=\"http:\/\/www.aps.dz\/algerie\/65765-la-preservation-de-la-securite-et-de-la-stabilite-du-pays-en-tete-des-priorites-de-taj-ghoul\" target=\"_blank\">La pr\u00e9servation de la s\u00e9curit\u00e9 et de la stabilit\u00e9 du pays, en t\u00eate des priorit\u00e9s de TAJ (Ghoul)<\/a><\/p>\n<!--CusAds0-->\n<div style=\"font-size: 0px; height: 0px; line-height: 0px; margin: 0; padding: 0; clear: both;\"><\/div>","protected":false},"excerpt":{"rendered":"<p>ILLIZI &#8211; Le pr\u00e9sident de Tajamoue Amel Al-Djazair (TAJ), Amar Ghoul, a indiqu\u00e9, vendredi \u00e0 Illizi, que la pr\u00e9servation de la s\u00e9curit\u00e9 et de la stabilit\u00e9 du pays figuraient en t\u00eate des priorit\u00e9s de sa formation politique, devant la pr\u00e9servation des diff\u00e9rents acquis r\u00e9alis\u00e9s. &#013; &#013; S\u2019exprimant devant un parterre de militants et sympathisants de<\/p>\n","protected":false},"author":6,"featured_media":0,"comment_status":"open","ping_status":"open","sticky":false,"template":"","format":"standard","meta":{"footnotes":""},"categories":[22],"tags":[93],"class_list":["post-18118","post","type-post","status-publish","format-standard","hentry","category-infos","tag-onu"],"yoast_head":"<!-- This site is optimized with the Yoast SEO plugin v27.4 - https:\/\/yoast.com\/product\/yoast-seo-wordpress\/ -->\n<title>La pr\u00e9servation de la s\u00e9curit\u00e9 et de la stabilit\u00e9 du pays, en t\u00eate des priorit\u00e9s de TAJ (Ghoul) - info algerie<\/title>\n<meta name=\"robots\" content=\"index, follow, max-snippet:-1, max-image-preview:large, max-video-preview:-1\" \/>\n<link rel=\"canonical\" href=\"https:\/\/www.info-algerie.com\/actualites\/la-preservation-de-la-securite-et-de-la-stabilite-du-pays-en-tete-des-priorites-de-taj-ghoul\/\" \/>\n<meta property=\"og:locale\" content=\"fr_FR\" \/>\n<meta property=\"og:type\" content=\"article\" \/>\n<meta property=\"og:title\" content=\"La pr\u00e9servation de la s\u00e9curit\u00e9 et de la stabilit\u00e9 du pays, en t\u00eate des priorit\u00e9s de TAJ (Ghoul) - info algerie\" \/>\n<meta property=\"og:description\" content=\"ILLIZI &#8211; Le pr\u00e9sident de Tajamoue Amel Al-Djazair (TAJ), Amar Ghoul, a indiqu\u00e9, vendredi \u00e0 Illizi, que la pr\u00e9servation de la s\u00e9curit\u00e9 et de la stabilit\u00e9 du pays figuraient en t\u00eate des priorit\u00e9s de sa formation politique, devant la pr\u00e9servation des diff\u00e9rents acquis r\u00e9alis\u00e9s. &#013; &#013; S\u2019exprimant devant un parterre de militants et sympathisants de\" \/>\n<meta property=\"og:url\" content=\"https:\/\/www.info-algerie.com\/actualites\/la-preservation-de-la-securite-et-de-la-stabilite-du-pays-en-tete-des-priorites-de-taj-ghoul\/\" \/>\n<meta property=\"og:site_name\" content=\"info algerie\" \/>\n<meta property=\"article:publisher\" content=\"https:\/\/www.facebook.com\/infoalgerieactu\" \/>\n<meta property=\"article:published_time\" content=\"2017-11-17T16:59:54+00:00\" \/>\n<meta name=\"author\" content=\"La r\u00e9daction\" \/>\n<meta name=\"twitter:label1\" content=\"\u00c9crit par\" \/>\n\t<meta name=\"twitter:data1\" content=\"La r\u00e9daction\" \/>\n\t<meta name=\"twitter:label2\" content=\"Dur\u00e9e de lecture estim\u00e9e\" \/>\n\t<meta name=\"twitter:data2\" content=\"3 minutes\" \/>\n<script type=\"application\/ld+json\" class=\"yoast-schema-graph\">{\"@context\":\"https:\\\/\\\/schema.org\",\"@graph\":[{\"@type\":\"Article\",\"@id\":\"https:\\\/\\\/www.info-algerie.com\\\/actualites\\\/la-preservation-de-la-securite-et-de-la-stabilite-du-pays-en-tete-des-priorites-de-taj-ghoul\\\/#article\",\"isPartOf\":{\"@id\":\"https:\\\/\\\/www.info-algerie.com\\\/actualites\\\/la-preservation-de-la-securite-et-de-la-stabilite-du-pays-en-tete-des-priorites-de-taj-ghoul\\\/\"},\"author\":{\"name\":\"La r\u00e9daction\",\"@id\":\"https:\\\/\\\/www.info-algerie.com\\\/actualites\\\/#\\\/schema\\\/person\\\/847aaec44920825b843a08f30ec6aa1e\"},\"headline\":\"La pr\u00e9servation de la s\u00e9curit\u00e9 et de la stabilit\u00e9 du pays, en t\u00eate des priorit\u00e9s de TAJ (Ghoul)\",\"datePublished\":\"2017-11-17T16:59:54+00:00\",\"mainEntityOfPage\":{\"@id\":\"https:\\\/\\\/www.info-algerie.com\\\/actualites\\\/la-preservation-de-la-securite-et-de-la-stabilite-du-pays-en-tete-des-priorites-de-taj-ghoul\\\/\"},\"wordCount\":657,\"commentCount\":0,\"publisher\":{\"@id\":\"https:\\\/\\\/www.info-algerie.com\\\/actualites\\\/#organization\"},\"keywords\":[\"ONU\"],\"articleSection\":[\"infos\"],\"inLanguage\":\"fr-FR\",\"potentialAction\":[{\"@type\":\"CommentAction\",\"name\":\"Comment\",\"target\":[\"https:\\\/\\\/www.info-algerie.com\\\/actualites\\\/la-preservation-de-la-securite-et-de-la-stabilite-du-pays-en-tete-des-priorites-de-taj-ghoul\\\/#respond\"]}]},{\"@type\":\"WebPage\",\"@id\":\"https:\\\/\\\/www.info-algerie.com\\\/actualites\\\/la-preservation-de-la-securite-et-de-la-stabilite-du-pays-en-tete-des-priorites-de-taj-ghoul\\\/\",\"url\":\"https:\\\/\\\/www.info-algerie.com\\\/actualites\\\/la-preservation-de-la-securite-et-de-la-stabilite-du-pays-en-tete-des-priorites-de-taj-ghoul\\\/\",\"name\":\"La pr\u00e9servation de la s\u00e9curit\u00e9 et de la stabilit\u00e9 du pays, en t\u00eate des priorit\u00e9s de TAJ (Ghoul) - info algerie\",\"isPartOf\":{\"@id\":\"https:\\\/\\\/www.info-algerie.com\\\/actualites\\\/#website\"},\"datePublished\":\"2017-11-17T16:59:54+00:00\",\"breadcrumb\":{\"@id\":\"https:\\\/\\\/www.info-algerie.com\\\/actualites\\\/la-preservation-de-la-securite-et-de-la-stabilite-du-pays-en-tete-des-priorites-de-taj-ghoul\\\/#breadcrumb\"},\"inLanguage\":\"fr-FR\",\"potentialAction\":[{\"@type\":\"ReadAction\",\"target\":[\"https:\\\/\\\/www.info-algerie.com\\\/actualites\\\/la-preservation-de-la-securite-et-de-la-stabilite-du-pays-en-tete-des-priorites-de-taj-ghoul\\\/\"]}]},{\"@type\":\"BreadcrumbList\",\"@id\":\"https:\\\/\\\/www.info-algerie.com\\\/actualites\\\/la-preservation-de-la-securite-et-de-la-stabilite-du-pays-en-tete-des-priorites-de-taj-ghoul\\\/#breadcrumb\",\"itemListElement\":[{\"@type\":\"ListItem\",\"position\":1,\"name\":\"Accueil\",\"item\":\"https:\\\/\\\/www.info-algerie.com\\\/actualites\\\/\"},{\"@type\":\"ListItem\",\"position\":2,\"name\":\"La pr\u00e9servation de la s\u00e9curit\u00e9 et de la stabilit\u00e9 du pays, en t\u00eate des priorit\u00e9s de TAJ (Ghoul)\"}]},{\"@type\":\"WebSite\",\"@id\":\"https:\\\/\\\/www.info-algerie.com\\\/actualites\\\/#website\",\"url\":\"https:\\\/\\\/www.info-algerie.com\\\/actualites\\\/\",\"name\":\"info algerie\",\"description\":\"Toutes les actualit\u00e9s\",\"publisher\":{\"@id\":\"https:\\\/\\\/www.info-algerie.com\\\/actualites\\\/#organization\"},\"potentialAction\":[{\"@type\":\"SearchAction\",\"target\":{\"@type\":\"EntryPoint\",\"urlTemplate\":\"https:\\\/\\\/www.info-algerie.com\\\/actualites\\\/?s={search_term_string}\"},\"query-input\":{\"@type\":\"PropertyValueSpecification\",\"valueRequired\":true,\"valueName\":\"search_term_string\"}}],\"inLanguage\":\"fr-FR\"},{\"@type\":\"Organization\",\"@id\":\"https:\\\/\\\/www.info-algerie.com\\\/actualites\\\/#organization\",\"name\":\"info algerie\",\"url\":\"https:\\\/\\\/www.info-algerie.com\\\/actualites\\\/\",\"logo\":{\"@type\":\"ImageObject\",\"inLanguage\":\"fr-FR\",\"@id\":\"https:\\\/\\\/www.info-algerie.com\\\/actualites\\\/#\\\/schema\\\/logo\\\/image\\\/\",\"url\":\"https:\\\/\\\/www.info-algerie.com\\\/actualites\\\/wp-content\\\/uploads\\\/2022\\\/07\\\/logo-ia-120.png\",\"contentUrl\":\"https:\\\/\\\/www.info-algerie.com\\\/actualites\\\/wp-content\\\/uploads\\\/2022\\\/07\\\/logo-ia-120.png\",\"width\":120,\"height\":43,\"caption\":\"info algerie\"},\"image\":{\"@id\":\"https:\\\/\\\/www.info-algerie.com\\\/actualites\\\/#\\\/schema\\\/logo\\\/image\\\/\"},\"sameAs\":[\"https:\\\/\\\/www.facebook.com\\\/infoalgerieactu\",\"https:\\\/\\\/x.com\\\/infoalgerie1\"]},{\"@type\":\"Person\",\"@id\":\"https:\\\/\\\/www.info-algerie.com\\\/actualites\\\/#\\\/schema\\\/person\\\/847aaec44920825b843a08f30ec6aa1e\",\"name\":\"La r\u00e9daction\",\"image\":{\"@type\":\"ImageObject\",\"inLanguage\":\"fr-FR\",\"@id\":\"https:\\\/\\\/secure.gravatar.com\\\/avatar\\\/769db425c6f465158149f1ffd6cf61ce7a8a879d11dfbef8288af36dfddd418c?s=96&d=mm&r=g\",\"url\":\"https:\\\/\\\/secure.gravatar.com\\\/avatar\\\/769db425c6f465158149f1ffd6cf61ce7a8a879d11dfbef8288af36dfddd418c?s=96&d=mm&r=g\",\"contentUrl\":\"https:\\\/\\\/secure.gravatar.com\\\/avatar\\\/769db425c6f465158149f1ffd6cf61ce7a8a879d11dfbef8288af36dfddd418c?s=96&d=mm&r=g\",\"caption\":\"La r\u00e9daction\"},\"sameAs\":[\"http:\\\/\\\/www.lkeria.com\\\/\"],\"url\":\"https:\\\/\\\/www.info-algerie.com\\\/actualites\\\/author\\\/chakib32\\\/\"}]}<\/script>\n<!-- \/ Yoast SEO plugin. -->","yoast_head_json":{"title":"La pr\u00e9servation de la s\u00e9curit\u00e9 et de la stabilit\u00e9 du pays, en t\u00eate des priorit\u00e9s de TAJ (Ghoul) - info algerie","robots":{"index":"index","follow":"follow","max-snippet":"max-snippet:-1","max-image-preview":"max-image-preview:large","max-video-preview":"max-video-preview:-1"},"canonical":"https:\/\/www.info-algerie.com\/actualites\/la-preservation-de-la-securite-et-de-la-stabilite-du-pays-en-tete-des-priorites-de-taj-ghoul\/","og_locale":"fr_FR","og_type":"article","og_title":"La pr\u00e9servation de la s\u00e9curit\u00e9 et de la stabilit\u00e9 du pays, en t\u00eate des priorit\u00e9s de TAJ (Ghoul) - info algerie","og_description":"ILLIZI &#8211; Le pr\u00e9sident de Tajamoue Amel Al-Djazair (TAJ), Amar Ghoul, a indiqu\u00e9, vendredi \u00e0 Illizi, que la pr\u00e9servation de la s\u00e9curit\u00e9 et de la stabilit\u00e9 du pays figuraient en t\u00eate des priorit\u00e9s de sa formation politique, devant la pr\u00e9servation des diff\u00e9rents acquis r\u00e9alis\u00e9s. &#013; &#013; S\u2019exprimant devant un parterre de militants et sympathisants de","og_url":"https:\/\/www.info-algerie.com\/actualites\/la-preservation-de-la-securite-et-de-la-stabilite-du-pays-en-tete-des-priorites-de-taj-ghoul\/","og_site_name":"info algerie","article_publisher":"https:\/\/www.facebook.com\/infoalgerieactu","article_published_time":"2017-11-17T16:59:54+00:00","author":"La r\u00e9daction","twitter_misc":{"\u00c9crit par":"La r\u00e9daction","Dur\u00e9e de lecture estim\u00e9e":"3 minutes"},"schema":{"@context":"https:\/\/schema.org","@graph":[{"@type":"Article","@id":"https:\/\/www.info-algerie.com\/actualites\/la-preservation-de-la-securite-et-de-la-stabilite-du-pays-en-tete-des-priorites-de-taj-ghoul\/#article","isPartOf":{"@id":"https:\/\/www.info-algerie.com\/actualites\/la-preservation-de-la-securite-et-de-la-stabilite-du-pays-en-tete-des-priorites-de-taj-ghoul\/"},"author":{"name":"La r\u00e9daction","@id":"https:\/\/www.info-algerie.com\/actualites\/#\/schema\/person\/847aaec44920825b843a08f30ec6aa1e"},"headline":"La pr\u00e9servation de la s\u00e9curit\u00e9 et de la stabilit\u00e9 du pays, en t\u00eate des priorit\u00e9s de TAJ (Ghoul)","datePublished":"2017-11-17T16:59:54+00:00","mainEntityOfPage":{"@id":"https:\/\/www.info-algerie.com\/actualites\/la-preservation-de-la-securite-et-de-la-stabilite-du-pays-en-tete-des-priorites-de-taj-ghoul\/"},"wordCount":657,"commentCount":0,"publisher":{"@id":"https:\/\/www.info-algerie.com\/actualites\/#organization"},"keywords":["ONU"],"articleSection":["infos"],"inLanguage":"fr-FR","potentialAction":[{"@type":"CommentAction","name":"Comment","target":["https:\/\/www.info-algerie.com\/actualites\/la-preservation-de-la-securite-et-de-la-stabilite-du-pays-en-tete-des-priorites-de-taj-ghoul\/#respond"]}]},{"@type":"WebPage","@id":"https:\/\/www.info-algerie.com\/actualites\/la-preservation-de-la-securite-et-de-la-stabilite-du-pays-en-tete-des-priorites-de-taj-ghoul\/","url":"https:\/\/www.info-algerie.com\/actualites\/la-preservation-de-la-securite-et-de-la-stabilite-du-pays-en-tete-des-priorites-de-taj-ghoul\/","name":"La pr\u00e9servation de la s\u00e9curit\u00e9 et de la stabilit\u00e9 du pays, en t\u00eate des priorit\u00e9s de TAJ (Ghoul) - info algerie","isPartOf":{"@id":"https:\/\/www.info-algerie.com\/actualites\/#website"},"datePublished":"2017-11-17T16:59:54+00:00","breadcrumb":{"@id":"https:\/\/www.info-algerie.com\/actualites\/la-preservation-de-la-securite-et-de-la-stabilite-du-pays-en-tete-des-priorites-de-taj-ghoul\/#breadcrumb"},"inLanguage":"fr-FR","potentialAction":[{"@type":"ReadAction","target":["https:\/\/www.info-algerie.com\/actualites\/la-preservation-de-la-securite-et-de-la-stabilite-du-pays-en-tete-des-priorites-de-taj-ghoul\/"]}]},{"@type":"BreadcrumbList","@id":"https:\/\/www.info-algerie.com\/actualites\/la-preservation-de-la-securite-et-de-la-stabilite-du-pays-en-tete-des-priorites-de-taj-ghoul\/#breadcrumb","itemListElement":[{"@type":"ListItem","position":1,"name":"Accueil","item":"https:\/\/www.info-algerie.com\/actualites\/"},{"@type":"ListItem","position":2,"name":"La pr\u00e9servation de la s\u00e9curit\u00e9 et de la stabilit\u00e9 du pays, en t\u00eate des priorit\u00e9s de TAJ (Ghoul)"}]},{"@type":"WebSite","@id":"https:\/\/www.info-algerie.com\/actualites\/#website","url":"https:\/\/www.info-algerie.com\/actualites\/","name":"info algerie","description":"Toutes les actualit\u00e9s","publisher":{"@id":"https:\/\/www.info-algerie.com\/actualites\/#organization"},"potentialAction":[{"@type":"SearchAction","target":{"@type":"EntryPoint","urlTemplate":"https:\/\/www.info-algerie.com\/actualites\/?s={search_term_string}"},"query-input":{"@type":"PropertyValueSpecification","valueRequired":true,"valueName":"search_term_string"}}],"inLanguage":"fr-FR"},{"@type":"Organization","@id":"https:\/\/www.info-algerie.com\/actualites\/#organization","name":"info algerie","url":"https:\/\/www.info-algerie.com\/actualites\/","logo":{"@type":"ImageObject","inLanguage":"fr-FR","@id":"https:\/\/www.info-algerie.com\/actualites\/#\/schema\/logo\/image\/","url":"https:\/\/www.info-algerie.com\/actualites\/wp-content\/uploads\/2022\/07\/logo-ia-120.png","contentUrl":"https:\/\/www.info-algerie.com\/actualites\/wp-content\/uploads\/2022\/07\/logo-ia-120.png","width":120,"height":43,"caption":"info algerie"},"image":{"@id":"https:\/\/www.info-algerie.com\/actualites\/#\/schema\/logo\/image\/"},"sameAs":["https:\/\/www.facebook.com\/infoalgerieactu","https:\/\/x.com\/infoalgerie1"]},{"@type":"Person","@id":"https:\/\/www.info-algerie.com\/actualites\/#\/schema\/person\/847aaec44920825b843a08f30ec6aa1e","name":"La r\u00e9daction","image":{"@type":"ImageObject","inLanguage":"fr-FR","@id":"https:\/\/secure.gravatar.com\/avatar\/769db425c6f465158149f1ffd6cf61ce7a8a879d11dfbef8288af36dfddd418c?s=96&d=mm&r=g","url":"https:\/\/secure.gravatar.com\/avatar\/769db425c6f465158149f1ffd6cf61ce7a8a879d11dfbef8288af36dfddd418c?s=96&d=mm&r=g","contentUrl":"https:\/\/secure.gravatar.com\/avatar\/769db425c6f465158149f1ffd6cf61ce7a8a879d11dfbef8288af36dfddd418c?s=96&d=mm&r=g","caption":"La r\u00e9daction"},"sameAs":["http:\/\/www.lkeria.com\/"],"url":"https:\/\/www.info-algerie.com\/actualites\/author\/chakib32\/"}]}},"_links":{"self":[{"href":"https:\/\/www.info-algerie.com\/actualites\/wp-json\/wp\/v2\/posts\/18118","targetHints":{"allow":["GET"]}}],"collection":[{"href":"https:\/\/www.info-algerie.com\/actualites\/wp-json\/wp\/v2\/posts"}],"about":[{"href":"https:\/\/www.info-algerie.com\/actualites\/wp-json\/wp\/v2\/types\/post"}],"author":[{"embeddable":true,"href":"https:\/\/www.info-algerie.com\/actualites\/wp-json\/wp\/v2\/users\/6"}],"replies":[{"embeddable":true,"href":"https:\/\/www.info-algerie.com\/actualites\/wp-json\/wp\/v2\/comments?post=18118"}],"version-history":[{"count":0,"href":"https:\/\/www.info-algerie.com\/actualites\/wp-json\/wp\/v2\/posts\/18118\/revisions"}],"wp:attachment":[{"href":"https:\/\/www.info-algerie.com\/actualites\/wp-json\/wp\/v2\/media?parent=18118"}],"wp:term":[{"taxonomy":"category","embeddable":true,"href":"https:\/\/www.info-algerie.com\/actualites\/wp-json\/wp\/v2\/categories?post=18118"},{"taxonomy":"post_tag","embeddable":true,"href":"https:\/\/www.info-algerie.com\/actualites\/wp-json\/wp\/v2\/tags?post=18118"}],"curies":[{"name":"wp","href":"https:\/\/api.w.org\/{rel}","templated":true}]}}