{"id":18120,"date":"2017-11-17T17:55:22","date_gmt":"2017-11-17T16:55:22","guid":{"rendered":"http:\/\/www.info-algerie.com\/actualites\/placer-haut-linteret-general-et-renforcer-la-solidarite-et-lentraide-ali-amara\/"},"modified":"2017-11-17T17:55:22","modified_gmt":"2017-11-17T16:55:22","slug":"placer-haut-linteret-general-et-renforcer-la-solidarite-et-lentraide-ali-amara","status":"publish","type":"post","link":"https:\/\/www.info-algerie.com\/actualites\/placer-haut-linteret-general-et-renforcer-la-solidarite-et-lentraide-ali-amara\/","title":{"rendered":"&quot;Placer haut l&#039;int\u00e9r\u00eat g\u00e9n\u00e9ral et renforcer la solidarit\u00e9 et l&#039;entraide&quot; (Ali Amara)"},"content":{"rendered":"<div class=\"K2FeedIntroText\">\n<p>AIN TEMOUCHENT- Le pr\u00e9sident du Parti alg\u00e9rien Vert pour le D\u00e9veloppement (PAVD), Ali Amara a appel\u00e9, vendredi dans la wilaya d&rsquo;A\u00efn T\u00e9mouchent, \u00e0 placer \u00ab\u00a0haut l&rsquo;int\u00e9r\u00eat g\u00e9n\u00e9ral et \u00e0 renforcer la solidarit\u00e9 et l&rsquo;entraide pour am\u00e9liorer notre pr\u00e9sent et garantir l&rsquo;avenir des g\u00e9n\u00e9rations montantes\u00a0\u00bb.<\/p>\n<p>&#013;\n<\/p><\/div>\n<div class=\"K2FeedFullText\">&#013;<\/p>\n<p>Animant un meeting \u00e0 la salle omnisports de la commune d&rsquo;A\u00efn Larba\u00e2 dans le cadre de la campagne pour les \u00e9lections locales de jeudi prochain, Ali Amara a soulign\u00e9 qu&rsquo;il \u00e9tait \u00ab\u00a0imp\u00e9ratif\u00a0\u00bb de s'\u00a0\u00bbunir et de d\u00e9passer nos divergences pour l&rsquo;int\u00e9r\u00eat g\u00e9n\u00e9ral, surtout que les richesses dont dispose l&rsquo;Alg\u00e9rie font l&rsquo;objet de convoitises de parties \u00e9trang\u00e8res\u00a0\u00bb.<\/p>\n<p>&#013;<\/p>\n<p>Le pr\u00e9sident du PAVD a expliqu\u00e9 que sa formation politique est \u00ab\u00a0un parti d&rsquo;opposition qui soutient les institutions de l&rsquo;Etat et le pr\u00e9sident de la R\u00e9publique, Abdelaziz Bouteflika, mais qui lutte contre toutes formes de pollution morale, intellectuelle et environnementale\u00a0\u00bb, d\u00e9clarant qu'\u00a0\u00bbil faut instaurer un climat sain de cohabitation entre les Alg\u00e9riens au sein d&rsquo;une soci\u00e9t\u00e9 solidaire et homog\u00e8ne\u00a0\u00bb.<\/p>\n<p>&#013;<\/p>\n<p>Au passage, il a exprim\u00e9 sa satisfaction quant \u00e0 l&rsquo;inclusion de la proposition de son parti dans les derniers amendements constitutionnels et adress\u00e9 ses remerciements au pr\u00e9sident de la R\u00e9publique pour l&rsquo;article 68 de la Constitution qui garantit au citoyen le droit \u00e0 un environnement sain.<\/p>\n<p>&#013;<\/p>\n<p>Abordant les prochaines \u00e9lections locales, Ali Amara a affirm\u00e9 que \u00ab\u00a0le changement exigeait l&rsquo;\u00e9veil des consciences, le choix d&rsquo;\u00e9lus int\u00e8gres, l&rsquo;ouverture de canaux de dialogue et le r\u00e9tablissement de la valeur du travail en commun pour relever les d\u00e9fis\u00a0\u00bb, appelant \u00e0 une forte participation au vote.<\/p>\n<\/div>\n<p>&#013;<br \/>\nSource: <a href=\"http:\/\/www.aps.dz\/algerie\/65763-placer-haut-l-interet-general-et-renforcer-la-solidarite-et-l-entraide-ali-amara\" target=\"_blank\">\u00ab\u00a0Placer haut l&rsquo;int\u00e9r\u00eat g\u00e9n\u00e9ral et renforcer la solidarit\u00e9 et l&rsquo;entraide\u00a0\u00bb (Ali Amara)<\/a><\/p>\n<!--CusAds0-->\n<div style=\"font-size: 0px; height: 0px; line-height: 0px; margin: 0; padding: 0; clear: both;\"><\/div>","protected":false},"excerpt":{"rendered":"<p>AIN TEMOUCHENT- Le pr\u00e9sident du Parti alg\u00e9rien Vert pour le D\u00e9veloppement (PAVD), Ali Amara a appel\u00e9, vendredi dans la wilaya d&rsquo;A\u00efn T\u00e9mouchent, \u00e0 placer \u00ab\u00a0haut l&rsquo;int\u00e9r\u00eat g\u00e9n\u00e9ral et \u00e0 renforcer la solidarit\u00e9 et l&rsquo;entraide pour am\u00e9liorer notre pr\u00e9sent et garantir l&rsquo;avenir des g\u00e9n\u00e9rations montantes\u00a0\u00bb. &#013; &#013; Animant un meeting \u00e0 la salle omnisports de la<\/p>\n","protected":false},"author":6,"featured_media":0,"comment_status":"open","ping_status":"open","sticky":false,"template":"","format":"standard","meta":{"footnotes":""},"categories":[22],"tags":[93],"class_list":["post-18120","post","type-post","status-publish","format-standard","hentry","category-infos","tag-onu"],"yoast_head":"<!-- This site is optimized with the Yoast SEO plugin v27.4 - https:\/\/yoast.com\/product\/yoast-seo-wordpress\/ -->\n<title>&quot;Placer haut l&#039;int\u00e9r\u00eat g\u00e9n\u00e9ral et renforcer la solidarit\u00e9 et l&#039;entraide&quot; (Ali Amara) - info algerie<\/title>\n<meta name=\"robots\" content=\"index, follow, max-snippet:-1, max-image-preview:large, max-video-preview:-1\" \/>\n<link rel=\"canonical\" href=\"https:\/\/www.info-algerie.com\/actualites\/placer-haut-linteret-general-et-renforcer-la-solidarite-et-lentraide-ali-amara\/\" \/>\n<meta property=\"og:locale\" content=\"fr_FR\" \/>\n<meta property=\"og:type\" content=\"article\" \/>\n<meta property=\"og:title\" content=\"&quot;Placer haut l&#039;int\u00e9r\u00eat g\u00e9n\u00e9ral et renforcer la solidarit\u00e9 et l&#039;entraide&quot; (Ali Amara) - info algerie\" \/>\n<meta property=\"og:description\" content=\"AIN TEMOUCHENT- Le pr\u00e9sident du Parti alg\u00e9rien Vert pour le D\u00e9veloppement (PAVD), Ali Amara a appel\u00e9, vendredi dans la wilaya d&rsquo;A\u00efn T\u00e9mouchent, \u00e0 placer \u00ab\u00a0haut l&rsquo;int\u00e9r\u00eat g\u00e9n\u00e9ral et \u00e0 renforcer la solidarit\u00e9 et l&rsquo;entraide pour am\u00e9liorer notre pr\u00e9sent et garantir l&rsquo;avenir des g\u00e9n\u00e9rations montantes\u00a0\u00bb. &#013; &#013; Animant un meeting \u00e0 la salle omnisports de la\" \/>\n<meta property=\"og:url\" content=\"https:\/\/www.info-algerie.com\/actualites\/placer-haut-linteret-general-et-renforcer-la-solidarite-et-lentraide-ali-amara\/\" \/>\n<meta property=\"og:site_name\" content=\"info algerie\" \/>\n<meta property=\"article:publisher\" content=\"https:\/\/www.facebook.com\/infoalgerieactu\" \/>\n<meta property=\"article:published_time\" content=\"2017-11-17T16:55:22+00:00\" \/>\n<meta name=\"author\" content=\"La r\u00e9daction\" \/>\n<meta name=\"twitter:label1\" content=\"\u00c9crit par\" \/>\n\t<meta name=\"twitter:data1\" content=\"La r\u00e9daction\" \/>\n\t<meta name=\"twitter:label2\" content=\"Dur\u00e9e de lecture estim\u00e9e\" \/>\n\t<meta name=\"twitter:data2\" content=\"1 minute\" \/>\n<script type=\"application\/ld+json\" class=\"yoast-schema-graph\">{\"@context\":\"https:\\\/\\\/schema.org\",\"@graph\":[{\"@type\":\"Article\",\"@id\":\"https:\\\/\\\/www.info-algerie.com\\\/actualites\\\/placer-haut-linteret-general-et-renforcer-la-solidarite-et-lentraide-ali-amara\\\/#article\",\"isPartOf\":{\"@id\":\"https:\\\/\\\/www.info-algerie.com\\\/actualites\\\/placer-haut-linteret-general-et-renforcer-la-solidarite-et-lentraide-ali-amara\\\/\"},\"author\":{\"name\":\"La r\u00e9daction\",\"@id\":\"https:\\\/\\\/www.info-algerie.com\\\/actualites\\\/#\\\/schema\\\/person\\\/847aaec44920825b843a08f30ec6aa1e\"},\"headline\":\"&quot;Placer haut l&#039;int\u00e9r\u00eat g\u00e9n\u00e9ral et renforcer la solidarit\u00e9 et l&#039;entraide&quot; (Ali Amara)\",\"datePublished\":\"2017-11-17T16:55:22+00:00\",\"mainEntityOfPage\":{\"@id\":\"https:\\\/\\\/www.info-algerie.com\\\/actualites\\\/placer-haut-linteret-general-et-renforcer-la-solidarite-et-lentraide-ali-amara\\\/\"},\"wordCount\":336,\"commentCount\":0,\"publisher\":{\"@id\":\"https:\\\/\\\/www.info-algerie.com\\\/actualites\\\/#organization\"},\"keywords\":[\"ONU\"],\"articleSection\":[\"infos\"],\"inLanguage\":\"fr-FR\",\"potentialAction\":[{\"@type\":\"CommentAction\",\"name\":\"Comment\",\"target\":[\"https:\\\/\\\/www.info-algerie.com\\\/actualites\\\/placer-haut-linteret-general-et-renforcer-la-solidarite-et-lentraide-ali-amara\\\/#respond\"]}]},{\"@type\":\"WebPage\",\"@id\":\"https:\\\/\\\/www.info-algerie.com\\\/actualites\\\/placer-haut-linteret-general-et-renforcer-la-solidarite-et-lentraide-ali-amara\\\/\",\"url\":\"https:\\\/\\\/www.info-algerie.com\\\/actualites\\\/placer-haut-linteret-general-et-renforcer-la-solidarite-et-lentraide-ali-amara\\\/\",\"name\":\"&quot;Placer haut l&#039;int\u00e9r\u00eat g\u00e9n\u00e9ral et renforcer la solidarit\u00e9 et l&#039;entraide&quot; (Ali Amara) - info algerie\",\"isPartOf\":{\"@id\":\"https:\\\/\\\/www.info-algerie.com\\\/actualites\\\/#website\"},\"datePublished\":\"2017-11-17T16:55:22+00:00\",\"breadcrumb\":{\"@id\":\"https:\\\/\\\/www.info-algerie.com\\\/actualites\\\/placer-haut-linteret-general-et-renforcer-la-solidarite-et-lentraide-ali-amara\\\/#breadcrumb\"},\"inLanguage\":\"fr-FR\",\"potentialAction\":[{\"@type\":\"ReadAction\",\"target\":[\"https:\\\/\\\/www.info-algerie.com\\\/actualites\\\/placer-haut-linteret-general-et-renforcer-la-solidarite-et-lentraide-ali-amara\\\/\"]}]},{\"@type\":\"BreadcrumbList\",\"@id\":\"https:\\\/\\\/www.info-algerie.com\\\/actualites\\\/placer-haut-linteret-general-et-renforcer-la-solidarite-et-lentraide-ali-amara\\\/#breadcrumb\",\"itemListElement\":[{\"@type\":\"ListItem\",\"position\":1,\"name\":\"Accueil\",\"item\":\"https:\\\/\\\/www.info-algerie.com\\\/actualites\\\/\"},{\"@type\":\"ListItem\",\"position\":2,\"name\":\"&quot;Placer haut l&#039;int\u00e9r\u00eat g\u00e9n\u00e9ral et renforcer la solidarit\u00e9 et l&#039;entraide&quot; (Ali Amara)\"}]},{\"@type\":\"WebSite\",\"@id\":\"https:\\\/\\\/www.info-algerie.com\\\/actualites\\\/#website\",\"url\":\"https:\\\/\\\/www.info-algerie.com\\\/actualites\\\/\",\"name\":\"info algerie\",\"description\":\"Toutes les actualit\u00e9s\",\"publisher\":{\"@id\":\"https:\\\/\\\/www.info-algerie.com\\\/actualites\\\/#organization\"},\"potentialAction\":[{\"@type\":\"SearchAction\",\"target\":{\"@type\":\"EntryPoint\",\"urlTemplate\":\"https:\\\/\\\/www.info-algerie.com\\\/actualites\\\/?s={search_term_string}\"},\"query-input\":{\"@type\":\"PropertyValueSpecification\",\"valueRequired\":true,\"valueName\":\"search_term_string\"}}],\"inLanguage\":\"fr-FR\"},{\"@type\":\"Organization\",\"@id\":\"https:\\\/\\\/www.info-algerie.com\\\/actualites\\\/#organization\",\"name\":\"info algerie\",\"url\":\"https:\\\/\\\/www.info-algerie.com\\\/actualites\\\/\",\"logo\":{\"@type\":\"ImageObject\",\"inLanguage\":\"fr-FR\",\"@id\":\"https:\\\/\\\/www.info-algerie.com\\\/actualites\\\/#\\\/schema\\\/logo\\\/image\\\/\",\"url\":\"https:\\\/\\\/www.info-algerie.com\\\/actualites\\\/wp-content\\\/uploads\\\/2022\\\/07\\\/logo-ia-120.png\",\"contentUrl\":\"https:\\\/\\\/www.info-algerie.com\\\/actualites\\\/wp-content\\\/uploads\\\/2022\\\/07\\\/logo-ia-120.png\",\"width\":120,\"height\":43,\"caption\":\"info algerie\"},\"image\":{\"@id\":\"https:\\\/\\\/www.info-algerie.com\\\/actualites\\\/#\\\/schema\\\/logo\\\/image\\\/\"},\"sameAs\":[\"https:\\\/\\\/www.facebook.com\\\/infoalgerieactu\",\"https:\\\/\\\/x.com\\\/infoalgerie1\"]},{\"@type\":\"Person\",\"@id\":\"https:\\\/\\\/www.info-algerie.com\\\/actualites\\\/#\\\/schema\\\/person\\\/847aaec44920825b843a08f30ec6aa1e\",\"name\":\"La r\u00e9daction\",\"image\":{\"@type\":\"ImageObject\",\"inLanguage\":\"fr-FR\",\"@id\":\"https:\\\/\\\/secure.gravatar.com\\\/avatar\\\/769db425c6f465158149f1ffd6cf61ce7a8a879d11dfbef8288af36dfddd418c?s=96&d=mm&r=g\",\"url\":\"https:\\\/\\\/secure.gravatar.com\\\/avatar\\\/769db425c6f465158149f1ffd6cf61ce7a8a879d11dfbef8288af36dfddd418c?s=96&d=mm&r=g\",\"contentUrl\":\"https:\\\/\\\/secure.gravatar.com\\\/avatar\\\/769db425c6f465158149f1ffd6cf61ce7a8a879d11dfbef8288af36dfddd418c?s=96&d=mm&r=g\",\"caption\":\"La r\u00e9daction\"},\"sameAs\":[\"http:\\\/\\\/www.lkeria.com\\\/\"],\"url\":\"https:\\\/\\\/www.info-algerie.com\\\/actualites\\\/author\\\/chakib32\\\/\"}]}<\/script>\n<!-- \/ Yoast SEO plugin. -->","yoast_head_json":{"title":"&quot;Placer haut l&#039;int\u00e9r\u00eat g\u00e9n\u00e9ral et renforcer la solidarit\u00e9 et l&#039;entraide&quot; (Ali Amara) - info algerie","robots":{"index":"index","follow":"follow","max-snippet":"max-snippet:-1","max-image-preview":"max-image-preview:large","max-video-preview":"max-video-preview:-1"},"canonical":"https:\/\/www.info-algerie.com\/actualites\/placer-haut-linteret-general-et-renforcer-la-solidarite-et-lentraide-ali-amara\/","og_locale":"fr_FR","og_type":"article","og_title":"&quot;Placer haut l&#039;int\u00e9r\u00eat g\u00e9n\u00e9ral et renforcer la solidarit\u00e9 et l&#039;entraide&quot; (Ali Amara) - info algerie","og_description":"AIN TEMOUCHENT- Le pr\u00e9sident du Parti alg\u00e9rien Vert pour le D\u00e9veloppement (PAVD), Ali Amara a appel\u00e9, vendredi dans la wilaya d&rsquo;A\u00efn T\u00e9mouchent, \u00e0 placer \u00ab\u00a0haut l&rsquo;int\u00e9r\u00eat g\u00e9n\u00e9ral et \u00e0 renforcer la solidarit\u00e9 et l&rsquo;entraide pour am\u00e9liorer notre pr\u00e9sent et garantir l&rsquo;avenir des g\u00e9n\u00e9rations montantes\u00a0\u00bb. &#013; &#013; Animant un meeting \u00e0 la salle omnisports de la","og_url":"https:\/\/www.info-algerie.com\/actualites\/placer-haut-linteret-general-et-renforcer-la-solidarite-et-lentraide-ali-amara\/","og_site_name":"info algerie","article_publisher":"https:\/\/www.facebook.com\/infoalgerieactu","article_published_time":"2017-11-17T16:55:22+00:00","author":"La r\u00e9daction","twitter_misc":{"\u00c9crit par":"La r\u00e9daction","Dur\u00e9e de lecture estim\u00e9e":"1 minute"},"schema":{"@context":"https:\/\/schema.org","@graph":[{"@type":"Article","@id":"https:\/\/www.info-algerie.com\/actualites\/placer-haut-linteret-general-et-renforcer-la-solidarite-et-lentraide-ali-amara\/#article","isPartOf":{"@id":"https:\/\/www.info-algerie.com\/actualites\/placer-haut-linteret-general-et-renforcer-la-solidarite-et-lentraide-ali-amara\/"},"author":{"name":"La r\u00e9daction","@id":"https:\/\/www.info-algerie.com\/actualites\/#\/schema\/person\/847aaec44920825b843a08f30ec6aa1e"},"headline":"&quot;Placer haut l&#039;int\u00e9r\u00eat g\u00e9n\u00e9ral et renforcer la solidarit\u00e9 et l&#039;entraide&quot; (Ali Amara)","datePublished":"2017-11-17T16:55:22+00:00","mainEntityOfPage":{"@id":"https:\/\/www.info-algerie.com\/actualites\/placer-haut-linteret-general-et-renforcer-la-solidarite-et-lentraide-ali-amara\/"},"wordCount":336,"commentCount":0,"publisher":{"@id":"https:\/\/www.info-algerie.com\/actualites\/#organization"},"keywords":["ONU"],"articleSection":["infos"],"inLanguage":"fr-FR","potentialAction":[{"@type":"CommentAction","name":"Comment","target":["https:\/\/www.info-algerie.com\/actualites\/placer-haut-linteret-general-et-renforcer-la-solidarite-et-lentraide-ali-amara\/#respond"]}]},{"@type":"WebPage","@id":"https:\/\/www.info-algerie.com\/actualites\/placer-haut-linteret-general-et-renforcer-la-solidarite-et-lentraide-ali-amara\/","url":"https:\/\/www.info-algerie.com\/actualites\/placer-haut-linteret-general-et-renforcer-la-solidarite-et-lentraide-ali-amara\/","name":"&quot;Placer haut l&#039;int\u00e9r\u00eat g\u00e9n\u00e9ral et renforcer la solidarit\u00e9 et l&#039;entraide&quot; (Ali Amara) - info algerie","isPartOf":{"@id":"https:\/\/www.info-algerie.com\/actualites\/#website"},"datePublished":"2017-11-17T16:55:22+00:00","breadcrumb":{"@id":"https:\/\/www.info-algerie.com\/actualites\/placer-haut-linteret-general-et-renforcer-la-solidarite-et-lentraide-ali-amara\/#breadcrumb"},"inLanguage":"fr-FR","potentialAction":[{"@type":"ReadAction","target":["https:\/\/www.info-algerie.com\/actualites\/placer-haut-linteret-general-et-renforcer-la-solidarite-et-lentraide-ali-amara\/"]}]},{"@type":"BreadcrumbList","@id":"https:\/\/www.info-algerie.com\/actualites\/placer-haut-linteret-general-et-renforcer-la-solidarite-et-lentraide-ali-amara\/#breadcrumb","itemListElement":[{"@type":"ListItem","position":1,"name":"Accueil","item":"https:\/\/www.info-algerie.com\/actualites\/"},{"@type":"ListItem","position":2,"name":"&quot;Placer haut l&#039;int\u00e9r\u00eat g\u00e9n\u00e9ral et renforcer la solidarit\u00e9 et l&#039;entraide&quot; (Ali Amara)"}]},{"@type":"WebSite","@id":"https:\/\/www.info-algerie.com\/actualites\/#website","url":"https:\/\/www.info-algerie.com\/actualites\/","name":"info algerie","description":"Toutes les actualit\u00e9s","publisher":{"@id":"https:\/\/www.info-algerie.com\/actualites\/#organization"},"potentialAction":[{"@type":"SearchAction","target":{"@type":"EntryPoint","urlTemplate":"https:\/\/www.info-algerie.com\/actualites\/?s={search_term_string}"},"query-input":{"@type":"PropertyValueSpecification","valueRequired":true,"valueName":"search_term_string"}}],"inLanguage":"fr-FR"},{"@type":"Organization","@id":"https:\/\/www.info-algerie.com\/actualites\/#organization","name":"info algerie","url":"https:\/\/www.info-algerie.com\/actualites\/","logo":{"@type":"ImageObject","inLanguage":"fr-FR","@id":"https:\/\/www.info-algerie.com\/actualites\/#\/schema\/logo\/image\/","url":"https:\/\/www.info-algerie.com\/actualites\/wp-content\/uploads\/2022\/07\/logo-ia-120.png","contentUrl":"https:\/\/www.info-algerie.com\/actualites\/wp-content\/uploads\/2022\/07\/logo-ia-120.png","width":120,"height":43,"caption":"info algerie"},"image":{"@id":"https:\/\/www.info-algerie.com\/actualites\/#\/schema\/logo\/image\/"},"sameAs":["https:\/\/www.facebook.com\/infoalgerieactu","https:\/\/x.com\/infoalgerie1"]},{"@type":"Person","@id":"https:\/\/www.info-algerie.com\/actualites\/#\/schema\/person\/847aaec44920825b843a08f30ec6aa1e","name":"La r\u00e9daction","image":{"@type":"ImageObject","inLanguage":"fr-FR","@id":"https:\/\/secure.gravatar.com\/avatar\/769db425c6f465158149f1ffd6cf61ce7a8a879d11dfbef8288af36dfddd418c?s=96&d=mm&r=g","url":"https:\/\/secure.gravatar.com\/avatar\/769db425c6f465158149f1ffd6cf61ce7a8a879d11dfbef8288af36dfddd418c?s=96&d=mm&r=g","contentUrl":"https:\/\/secure.gravatar.com\/avatar\/769db425c6f465158149f1ffd6cf61ce7a8a879d11dfbef8288af36dfddd418c?s=96&d=mm&r=g","caption":"La r\u00e9daction"},"sameAs":["http:\/\/www.lkeria.com\/"],"url":"https:\/\/www.info-algerie.com\/actualites\/author\/chakib32\/"}]}},"_links":{"self":[{"href":"https:\/\/www.info-algerie.com\/actualites\/wp-json\/wp\/v2\/posts\/18120","targetHints":{"allow":["GET"]}}],"collection":[{"href":"https:\/\/www.info-algerie.com\/actualites\/wp-json\/wp\/v2\/posts"}],"about":[{"href":"https:\/\/www.info-algerie.com\/actualites\/wp-json\/wp\/v2\/types\/post"}],"author":[{"embeddable":true,"href":"https:\/\/www.info-algerie.com\/actualites\/wp-json\/wp\/v2\/users\/6"}],"replies":[{"embeddable":true,"href":"https:\/\/www.info-algerie.com\/actualites\/wp-json\/wp\/v2\/comments?post=18120"}],"version-history":[{"count":0,"href":"https:\/\/www.info-algerie.com\/actualites\/wp-json\/wp\/v2\/posts\/18120\/revisions"}],"wp:attachment":[{"href":"https:\/\/www.info-algerie.com\/actualites\/wp-json\/wp\/v2\/media?parent=18120"}],"wp:term":[{"taxonomy":"category","embeddable":true,"href":"https:\/\/www.info-algerie.com\/actualites\/wp-json\/wp\/v2\/categories?post=18120"},{"taxonomy":"post_tag","embeddable":true,"href":"https:\/\/www.info-algerie.com\/actualites\/wp-json\/wp\/v2\/tags?post=18120"}],"curies":[{"name":"wp","href":"https:\/\/api.w.org\/{rel}","templated":true}]}}