{"id":18134,"date":"2017-11-18T09:00:10","date_gmt":"2017-11-18T08:00:10","guid":{"rendered":"http:\/\/www.info-algerie.com\/actualites\/lutte-contre-lextremisme-et-le-terrorisme-lapproche-algerienne-exposee-a-washington\/"},"modified":"2017-11-18T09:00:10","modified_gmt":"2017-11-18T08:00:10","slug":"lutte-contre-lextremisme-et-le-terrorisme-lapproche-algerienne-exposee-a-washington","status":"publish","type":"post","link":"https:\/\/www.info-algerie.com\/actualites\/lutte-contre-lextremisme-et-le-terrorisme-lapproche-algerienne-exposee-a-washington\/","title":{"rendered":"Lutte contre l\u2019extr\u00e9misme et le terrorisme: l\u2019approche alg\u00e9rienne expos\u00e9e \u00e0 Washington"},"content":{"rendered":"<div class=\"K2FeedImage\"><img decoding=\"async\" src=\"https:\/\/www.info-algerie.com\/actualites\/wp-content\/uploads\/2017\/11\/59a98c7eeed2f40fb3c95fa8b7bd538f_S.jpg\" alt=\"Lutte contre l&#x2019;extr&#xE9;misme et le terrorisme: l&#x2019;approche alg&#xE9;rienne expos&#xE9;e &#xE0; Washington\" \/><\/div>\n<div class=\"K2FeedIntroText\">\n<p><strong>WASHINGTON &#8211; Le Ministre des Affaires \u00e9trang\u00e8res, <a href=\"http:\/\/www.aps.dz\/algerie\/65608-messahel-prendra-part-a-une-conference-sur-l-afrique-et-a-la-tripartite-sur-la-libye\">Abdelkader Messahel<\/a>, a pris part vendredi, \u00e0 la r\u00e9union minist\u00e9rielle sur la s\u00e9curit\u00e9, la gouvernance, le commerce et l\u2019investissement en Afrique, \u00e0 l\u2019invitation du Secr\u00e9taire d\u2019Etat am\u00e9ricain Rex Tillerson.<\/strong><\/p>\n<p>&#013;\n<\/p><\/div>\n<div class=\"K2FeedFullText\">&#013;<\/p>\n<p>Cette r\u00e9union qui a enregistr\u00e9 la participation de nombreux Ministres des Affaires \u00e9trang\u00e8res africains, et des repr\u00e9sentants de la soci\u00e9t\u00e9 civile et du monde des affaires africain, a permis aux participants de proc\u00e9der \u00e0 un\u00a0 \u00e9change sur les d\u00e9fis auxquels le continent africain est confront\u00e9 dans les domaines s\u00e9curitaires, de la gouvernance et dans le domaine de la promotion du commerce et de l\u2019investissement.<\/p>\n<p>&#013;<\/p>\n<hr \/>\n<h3>Lire aussi:\u00a0<a href=\"http:\/\/www.aps.dz\/algerie\/64343-lutte-anti-terrorisme-l-algerie-maintient-un-haut-niveau-de-vigilance-sur-son-territoire-et-aux-frontieres\" target=\"_blank\" rel=\"noopener noreferrer\">Terrorisme: l&rsquo;Alg\u00e9rie maintient un haut niveau de vigilance<\/a><\/h3>\n<p>&#013;<\/p>\n<hr \/>\n<p>Abordant la th\u00e9matique centrale de la r\u00e9union \u00e0 savoir la probl\u00e9matique de la s\u00e9curit\u00e9 r\u00e9gionale en Afrique et la lutte contre le terrorisme et <strong><a href=\"http:\/\/www.aps.dz\/algerie\/65094-mohamed-aissa-l-algerie-a-reussi-a-defaire-le-terrorisme-et-oeuvre-a-prevenir-l-extremisme\">l\u2019extr\u00e9misme<\/a><\/strong> violent, M. Messahel a soulign\u00e9 que la r\u00e9ussite de la lutte militaire et s\u00e9curitaire contre le <strong><a href=\"http:\/\/www.aps.dz\/algerie\/65779-l-algerie-a-connu-une-baisse-constante-du-nombre-de-morts-dans-des-actes-terroristes\">terrorisme<\/a><\/strong> est subordonn\u00e9e \u00e0 \u00eatre n\u00e9cessairement accompagn\u00e9e de politiques et programmes politiques, \u00e9conomiques, sociaux, culturels, \u00e9ducatifs, religieux et autres prenant en charge les diff\u00e9rentes vuln\u00e9rabilit\u00e9s de la soci\u00e9t\u00e9, que la propagande terroriste exploite intens\u00e9ment.<\/p>\n<p>&#013;<\/p>\n<p>A ce titre, le ministre est longuement revenu sur <strong><a href=\"http:\/\/www.aps.dz\/algerie\/64406-terrorisme-un-responsable-americain-appelle-a-beneficier-de-l-experience-algerienne\" target=\"_blank\" rel=\"noopener noreferrer\">l\u2019exp\u00e9rience alg\u00e9rienne<\/a><\/strong> en mati\u00e8re de lutte contre le terrorisme, en reprenant notamment les trois approches compl\u00e9mentaires pr\u00f4n\u00e9es avec conviction par le Pr\u00e9sident Abdelaziz Bouteflika depuis son \u00e9lection \u00e0 la magistrature supr\u00eame en 1999 et qui ont permis \u00e0 l\u2019Alg\u00e9rie de vaincre le terrorisme, de r\u00e9tablir la paix et la s\u00e9curit\u00e9 et d\u2019\u00eatre aujourd\u2019hui un acteur actif de la stabilit\u00e9 dans toute la r\u00e9gion.<\/p>\n<p>&#013;<\/p>\n<blockquote><p>&#013;<\/p>\n<p><em><strong>Il a \u00e9voqu\u00e9, dans ce cadre, la mise en oeuvre d\u2019une profonde politique de d\u00e9radicalisation et de pr\u00e9vention de la radicalisation ayant pour objectifs la suppression des facteurs pouvant engendrer la marginalisation ou alimenter l\u2019extr\u00e9misme et la violence dans la soci\u00e9t\u00e9. Tous les acteurs ont \u00e9t\u00e9 mis \u00e0 contribution pour promouvoir la logique de l\u2019inclusion contre celle de l\u2019exclusion.<\/strong><\/em><\/p>\n<p>&#013;\n<\/p><\/blockquote>\n<p>&#013;<\/p>\n<p>M. Messahel a, par la suite, rappel\u00e9 que la deuxi\u00e8me approche a consist\u00e9 \u00e0 voir dans la d\u00e9mocratie le v\u00e9ritable antidote \u00e0 l\u2019extr\u00e9misme violent et au terrorisme et \u00e0 oeuvrer \u00e0 l\u2019ancrage de ses leviers dans le fonctionnement de la R\u00e9publique et de ses institutions ainsi que dans leur relation avec la soci\u00e9t\u00e9 et les citoyens. L\u2019effort a ainsi port\u00e9 sur le renforcement de la s\u00e9paration des pouvoirs, l\u2019ind\u00e9pendance de la Justice, la promotion de l\u2019Etat de droit, des droits de l\u2019homme et des libert\u00e9s fondamentales, dont celles des femmes, la bonne gouvernance \u00e0 travers la transparence et la lutte contre les fl\u00e9aux sociaux ainsi que la promotion de la justice sociale et la lutte contre la marginalisation sous toutes ses formes.<\/p>\n<p>&#013;<\/p>\n<p>Le Ministre des Affaires \u00e9trang\u00e8res est \u00e9galement revenu sur la troisi\u00e8me approche qui consiste en la mise en oeuvre graduelle de la politique de r\u00e9conciliation nationale, une approche qui repose sur la conviction que les\u00a0 conflits arm\u00e9s autant que les crises violentes les plus aig\u00fces peuvent ne pas se prolonger si la voie du dialogue, de la raison, du sacrifice, de la g\u00e9n\u00e9rosit\u00e9 et du pardon est emprunt\u00e9e avec sinc\u00e9rit\u00e9 et engagement. C\u2019est cette voie que le peuple alg\u00e9rien a choisi, par r\u00e9f\u00e9rendum, et \u00e0 une \u00e9crasante majorit\u00e9, d\u2019abord en 1999, pour appuyer la politique de concorde civile, puis en 2005 pour soutenir la politique de r\u00e9conciliation nationale, a-t-ajout\u00e9 en soulignant que la combinaison de ces trois approches fait de l\u2019Alg\u00e9rie aujourd\u2019hui un pays stable et parmi les plus\u00a0 s\u00fbrs au monde.<\/p>\n<p>&#013;<\/p>\n<p class=\"MsoNormal\">Cette conclusion est confort\u00e9e par le classement 2017 de l\u2019institut Gallup bas\u00e9 \u00e0 Washington, lequel place l\u2019Alg\u00e9rie au 7\u00e8me rang des pays les plus s\u00fbrs au monde, selon l\u2019indice Law and Order.\u00a0 En d\u00e9pit de ce constat\u00a0 r\u00e9jouissant \u00e0 plus d\u2019un titre, mon pays maintient un haut niveau de vigilance \u00e0 l\u2019int\u00e9rieur de son territoire et sur ses fronti\u00e8res et ne m\u00e9nage aucun effort en faveur de la stabilit\u00e9 de son voisinage imm\u00e9diat, a conclu le Ministre.<\/p>\n<\/div>\n<p>&#013;<br \/>\nSource: <a href=\"http:\/\/www.aps.dz\/algerie\/65781-lutte-contre-l-extremisme-et-le-terrorisme-l-approche-algerienne-exposee-a-washington\" target=\"_blank\">Lutte contre l\u2019extr\u00e9misme et le terrorisme: l\u2019approche alg\u00e9rienne expos\u00e9e \u00e0 Washington<\/a><\/p>\n<!--CusAds0-->\n<div style=\"font-size: 0px; height: 0px; line-height: 0px; margin: 0; padding: 0; clear: both;\"><\/div>","protected":false},"excerpt":{"rendered":"<p>WASHINGTON &#8211; Le Ministre des Affaires \u00e9trang\u00e8res, Abdelkader Messahel, a pris part vendredi, \u00e0 la r\u00e9union minist\u00e9rielle sur la s\u00e9curit\u00e9, la gouvernance, le commerce et l\u2019investissement en Afrique, \u00e0 l\u2019invitation du Secr\u00e9taire d\u2019Etat am\u00e9ricain Rex Tillerson. &#013; &#013; Cette r\u00e9union qui a enregistr\u00e9 la participation de nombreux Ministres des Affaires \u00e9trang\u00e8res africains, et des repr\u00e9sentants<\/p>\n","protected":false},"author":6,"featured_media":18135,"comment_status":"open","ping_status":"open","sticky":false,"template":"","format":"standard","meta":{"footnotes":""},"categories":[22],"tags":[93],"class_list":["post-18134","post","type-post","status-publish","format-standard","has-post-thumbnail","hentry","category-infos","tag-onu"],"yoast_head":"<!-- This site is optimized with the Yoast SEO plugin v27.4 - https:\/\/yoast.com\/product\/yoast-seo-wordpress\/ -->\n<title>Lutte contre l\u2019extr\u00e9misme et le terrorisme: l\u2019approche alg\u00e9rienne expos\u00e9e \u00e0 Washington - info algerie<\/title>\n<meta name=\"robots\" content=\"index, follow, max-snippet:-1, max-image-preview:large, max-video-preview:-1\" \/>\n<link rel=\"canonical\" href=\"https:\/\/www.info-algerie.com\/actualites\/lutte-contre-lextremisme-et-le-terrorisme-lapproche-algerienne-exposee-a-washington\/\" \/>\n<meta property=\"og:locale\" content=\"fr_FR\" \/>\n<meta property=\"og:type\" content=\"article\" \/>\n<meta property=\"og:title\" content=\"Lutte contre l\u2019extr\u00e9misme et le terrorisme: l\u2019approche alg\u00e9rienne expos\u00e9e \u00e0 Washington - info algerie\" \/>\n<meta property=\"og:description\" content=\"WASHINGTON &#8211; Le Ministre des Affaires \u00e9trang\u00e8res, Abdelkader Messahel, a pris part vendredi, \u00e0 la r\u00e9union minist\u00e9rielle sur la s\u00e9curit\u00e9, la gouvernance, le commerce et l\u2019investissement en Afrique, \u00e0 l\u2019invitation du Secr\u00e9taire d\u2019Etat am\u00e9ricain Rex Tillerson. &#013; &#013; Cette r\u00e9union qui a enregistr\u00e9 la participation de nombreux Ministres des Affaires \u00e9trang\u00e8res africains, et des repr\u00e9sentants\" \/>\n<meta property=\"og:url\" content=\"https:\/\/www.info-algerie.com\/actualites\/lutte-contre-lextremisme-et-le-terrorisme-lapproche-algerienne-exposee-a-washington\/\" \/>\n<meta property=\"og:site_name\" content=\"info algerie\" \/>\n<meta property=\"article:publisher\" content=\"https:\/\/www.facebook.com\/infoalgerieactu\" \/>\n<meta property=\"article:published_time\" content=\"2017-11-18T08:00:10+00:00\" \/>\n<meta property=\"og:image\" content=\"https:\/\/www.info-algerie.com\/actualites\/wp-content\/uploads\/2017\/11\/59a98c7eeed2f40fb3c95fa8b7bd538f_S-1.jpg\" \/>\n\t<meta property=\"og:image:width\" content=\"280\" \/>\n\t<meta property=\"og:image:height\" content=\"169\" \/>\n\t<meta property=\"og:image:type\" content=\"image\/jpeg\" \/>\n<meta name=\"author\" content=\"La r\u00e9daction\" \/>\n<meta name=\"twitter:label1\" content=\"\u00c9crit par\" \/>\n\t<meta name=\"twitter:data1\" content=\"La r\u00e9daction\" \/>\n\t<meta name=\"twitter:label2\" content=\"Dur\u00e9e de lecture estim\u00e9e\" \/>\n\t<meta name=\"twitter:data2\" content=\"4 minutes\" \/>\n<script type=\"application\/ld+json\" class=\"yoast-schema-graph\">{\"@context\":\"https:\\\/\\\/schema.org\",\"@graph\":[{\"@type\":\"Article\",\"@id\":\"https:\\\/\\\/www.info-algerie.com\\\/actualites\\\/lutte-contre-lextremisme-et-le-terrorisme-lapproche-algerienne-exposee-a-washington\\\/#article\",\"isPartOf\":{\"@id\":\"https:\\\/\\\/www.info-algerie.com\\\/actualites\\\/lutte-contre-lextremisme-et-le-terrorisme-lapproche-algerienne-exposee-a-washington\\\/\"},\"author\":{\"name\":\"La r\u00e9daction\",\"@id\":\"https:\\\/\\\/www.info-algerie.com\\\/actualites\\\/#\\\/schema\\\/person\\\/847aaec44920825b843a08f30ec6aa1e\"},\"headline\":\"Lutte contre l\u2019extr\u00e9misme et le terrorisme: l\u2019approche alg\u00e9rienne expos\u00e9e \u00e0 Washington\",\"datePublished\":\"2017-11-18T08:00:10+00:00\",\"mainEntityOfPage\":{\"@id\":\"https:\\\/\\\/www.info-algerie.com\\\/actualites\\\/lutte-contre-lextremisme-et-le-terrorisme-lapproche-algerienne-exposee-a-washington\\\/\"},\"wordCount\":766,\"commentCount\":0,\"publisher\":{\"@id\":\"https:\\\/\\\/www.info-algerie.com\\\/actualites\\\/#organization\"},\"image\":{\"@id\":\"https:\\\/\\\/www.info-algerie.com\\\/actualites\\\/lutte-contre-lextremisme-et-le-terrorisme-lapproche-algerienne-exposee-a-washington\\\/#primaryimage\"},\"thumbnailUrl\":\"https:\\\/\\\/www.info-algerie.com\\\/actualites\\\/wp-content\\\/uploads\\\/2017\\\/11\\\/59a98c7eeed2f40fb3c95fa8b7bd538f_S-1.jpg\",\"keywords\":[\"ONU\"],\"articleSection\":[\"infos\"],\"inLanguage\":\"fr-FR\",\"potentialAction\":[{\"@type\":\"CommentAction\",\"name\":\"Comment\",\"target\":[\"https:\\\/\\\/www.info-algerie.com\\\/actualites\\\/lutte-contre-lextremisme-et-le-terrorisme-lapproche-algerienne-exposee-a-washington\\\/#respond\"]}]},{\"@type\":\"WebPage\",\"@id\":\"https:\\\/\\\/www.info-algerie.com\\\/actualites\\\/lutte-contre-lextremisme-et-le-terrorisme-lapproche-algerienne-exposee-a-washington\\\/\",\"url\":\"https:\\\/\\\/www.info-algerie.com\\\/actualites\\\/lutte-contre-lextremisme-et-le-terrorisme-lapproche-algerienne-exposee-a-washington\\\/\",\"name\":\"Lutte contre l\u2019extr\u00e9misme et le terrorisme: l\u2019approche alg\u00e9rienne expos\u00e9e \u00e0 Washington - info algerie\",\"isPartOf\":{\"@id\":\"https:\\\/\\\/www.info-algerie.com\\\/actualites\\\/#website\"},\"primaryImageOfPage\":{\"@id\":\"https:\\\/\\\/www.info-algerie.com\\\/actualites\\\/lutte-contre-lextremisme-et-le-terrorisme-lapproche-algerienne-exposee-a-washington\\\/#primaryimage\"},\"image\":{\"@id\":\"https:\\\/\\\/www.info-algerie.com\\\/actualites\\\/lutte-contre-lextremisme-et-le-terrorisme-lapproche-algerienne-exposee-a-washington\\\/#primaryimage\"},\"thumbnailUrl\":\"https:\\\/\\\/www.info-algerie.com\\\/actualites\\\/wp-content\\\/uploads\\\/2017\\\/11\\\/59a98c7eeed2f40fb3c95fa8b7bd538f_S-1.jpg\",\"datePublished\":\"2017-11-18T08:00:10+00:00\",\"breadcrumb\":{\"@id\":\"https:\\\/\\\/www.info-algerie.com\\\/actualites\\\/lutte-contre-lextremisme-et-le-terrorisme-lapproche-algerienne-exposee-a-washington\\\/#breadcrumb\"},\"inLanguage\":\"fr-FR\",\"potentialAction\":[{\"@type\":\"ReadAction\",\"target\":[\"https:\\\/\\\/www.info-algerie.com\\\/actualites\\\/lutte-contre-lextremisme-et-le-terrorisme-lapproche-algerienne-exposee-a-washington\\\/\"]}]},{\"@type\":\"ImageObject\",\"inLanguage\":\"fr-FR\",\"@id\":\"https:\\\/\\\/www.info-algerie.com\\\/actualites\\\/lutte-contre-lextremisme-et-le-terrorisme-lapproche-algerienne-exposee-a-washington\\\/#primaryimage\",\"url\":\"https:\\\/\\\/www.info-algerie.com\\\/actualites\\\/wp-content\\\/uploads\\\/2017\\\/11\\\/59a98c7eeed2f40fb3c95fa8b7bd538f_S-1.jpg\",\"contentUrl\":\"https:\\\/\\\/www.info-algerie.com\\\/actualites\\\/wp-content\\\/uploads\\\/2017\\\/11\\\/59a98c7eeed2f40fb3c95fa8b7bd538f_S-1.jpg\",\"width\":280,\"height\":169},{\"@type\":\"BreadcrumbList\",\"@id\":\"https:\\\/\\\/www.info-algerie.com\\\/actualites\\\/lutte-contre-lextremisme-et-le-terrorisme-lapproche-algerienne-exposee-a-washington\\\/#breadcrumb\",\"itemListElement\":[{\"@type\":\"ListItem\",\"position\":1,\"name\":\"Accueil\",\"item\":\"https:\\\/\\\/www.info-algerie.com\\\/actualites\\\/\"},{\"@type\":\"ListItem\",\"position\":2,\"name\":\"Lutte contre l\u2019extr\u00e9misme et le terrorisme: l\u2019approche alg\u00e9rienne expos\u00e9e \u00e0 Washington\"}]},{\"@type\":\"WebSite\",\"@id\":\"https:\\\/\\\/www.info-algerie.com\\\/actualites\\\/#website\",\"url\":\"https:\\\/\\\/www.info-algerie.com\\\/actualites\\\/\",\"name\":\"info algerie\",\"description\":\"Toutes les actualit\u00e9s\",\"publisher\":{\"@id\":\"https:\\\/\\\/www.info-algerie.com\\\/actualites\\\/#organization\"},\"potentialAction\":[{\"@type\":\"SearchAction\",\"target\":{\"@type\":\"EntryPoint\",\"urlTemplate\":\"https:\\\/\\\/www.info-algerie.com\\\/actualites\\\/?s={search_term_string}\"},\"query-input\":{\"@type\":\"PropertyValueSpecification\",\"valueRequired\":true,\"valueName\":\"search_term_string\"}}],\"inLanguage\":\"fr-FR\"},{\"@type\":\"Organization\",\"@id\":\"https:\\\/\\\/www.info-algerie.com\\\/actualites\\\/#organization\",\"name\":\"info algerie\",\"url\":\"https:\\\/\\\/www.info-algerie.com\\\/actualites\\\/\",\"logo\":{\"@type\":\"ImageObject\",\"inLanguage\":\"fr-FR\",\"@id\":\"https:\\\/\\\/www.info-algerie.com\\\/actualites\\\/#\\\/schema\\\/logo\\\/image\\\/\",\"url\":\"https:\\\/\\\/www.info-algerie.com\\\/actualites\\\/wp-content\\\/uploads\\\/2022\\\/07\\\/logo-ia-120.png\",\"contentUrl\":\"https:\\\/\\\/www.info-algerie.com\\\/actualites\\\/wp-content\\\/uploads\\\/2022\\\/07\\\/logo-ia-120.png\",\"width\":120,\"height\":43,\"caption\":\"info algerie\"},\"image\":{\"@id\":\"https:\\\/\\\/www.info-algerie.com\\\/actualites\\\/#\\\/schema\\\/logo\\\/image\\\/\"},\"sameAs\":[\"https:\\\/\\\/www.facebook.com\\\/infoalgerieactu\",\"https:\\\/\\\/x.com\\\/infoalgerie1\"]},{\"@type\":\"Person\",\"@id\":\"https:\\\/\\\/www.info-algerie.com\\\/actualites\\\/#\\\/schema\\\/person\\\/847aaec44920825b843a08f30ec6aa1e\",\"name\":\"La r\u00e9daction\",\"image\":{\"@type\":\"ImageObject\",\"inLanguage\":\"fr-FR\",\"@id\":\"https:\\\/\\\/secure.gravatar.com\\\/avatar\\\/769db425c6f465158149f1ffd6cf61ce7a8a879d11dfbef8288af36dfddd418c?s=96&d=mm&r=g\",\"url\":\"https:\\\/\\\/secure.gravatar.com\\\/avatar\\\/769db425c6f465158149f1ffd6cf61ce7a8a879d11dfbef8288af36dfddd418c?s=96&d=mm&r=g\",\"contentUrl\":\"https:\\\/\\\/secure.gravatar.com\\\/avatar\\\/769db425c6f465158149f1ffd6cf61ce7a8a879d11dfbef8288af36dfddd418c?s=96&d=mm&r=g\",\"caption\":\"La r\u00e9daction\"},\"sameAs\":[\"http:\\\/\\\/www.lkeria.com\\\/\"],\"url\":\"https:\\\/\\\/www.info-algerie.com\\\/actualites\\\/author\\\/chakib32\\\/\"}]}<\/script>\n<!-- \/ Yoast SEO plugin. -->","yoast_head_json":{"title":"Lutte contre l\u2019extr\u00e9misme et le terrorisme: l\u2019approche alg\u00e9rienne expos\u00e9e \u00e0 Washington - info algerie","robots":{"index":"index","follow":"follow","max-snippet":"max-snippet:-1","max-image-preview":"max-image-preview:large","max-video-preview":"max-video-preview:-1"},"canonical":"https:\/\/www.info-algerie.com\/actualites\/lutte-contre-lextremisme-et-le-terrorisme-lapproche-algerienne-exposee-a-washington\/","og_locale":"fr_FR","og_type":"article","og_title":"Lutte contre l\u2019extr\u00e9misme et le terrorisme: l\u2019approche alg\u00e9rienne expos\u00e9e \u00e0 Washington - info algerie","og_description":"WASHINGTON &#8211; Le Ministre des Affaires \u00e9trang\u00e8res, Abdelkader Messahel, a pris part vendredi, \u00e0 la r\u00e9union minist\u00e9rielle sur la s\u00e9curit\u00e9, la gouvernance, le commerce et l\u2019investissement en Afrique, \u00e0 l\u2019invitation du Secr\u00e9taire d\u2019Etat am\u00e9ricain Rex Tillerson. &#013; &#013; Cette r\u00e9union qui a enregistr\u00e9 la participation de nombreux Ministres des Affaires \u00e9trang\u00e8res africains, et des repr\u00e9sentants","og_url":"https:\/\/www.info-algerie.com\/actualites\/lutte-contre-lextremisme-et-le-terrorisme-lapproche-algerienne-exposee-a-washington\/","og_site_name":"info algerie","article_publisher":"https:\/\/www.facebook.com\/infoalgerieactu","article_published_time":"2017-11-18T08:00:10+00:00","og_image":[{"width":280,"height":169,"url":"https:\/\/www.info-algerie.com\/actualites\/wp-content\/uploads\/2017\/11\/59a98c7eeed2f40fb3c95fa8b7bd538f_S-1.jpg","type":"image\/jpeg"}],"author":"La r\u00e9daction","twitter_misc":{"\u00c9crit par":"La r\u00e9daction","Dur\u00e9e de lecture estim\u00e9e":"4 minutes"},"schema":{"@context":"https:\/\/schema.org","@graph":[{"@type":"Article","@id":"https:\/\/www.info-algerie.com\/actualites\/lutte-contre-lextremisme-et-le-terrorisme-lapproche-algerienne-exposee-a-washington\/#article","isPartOf":{"@id":"https:\/\/www.info-algerie.com\/actualites\/lutte-contre-lextremisme-et-le-terrorisme-lapproche-algerienne-exposee-a-washington\/"},"author":{"name":"La r\u00e9daction","@id":"https:\/\/www.info-algerie.com\/actualites\/#\/schema\/person\/847aaec44920825b843a08f30ec6aa1e"},"headline":"Lutte contre l\u2019extr\u00e9misme et le terrorisme: l\u2019approche alg\u00e9rienne expos\u00e9e \u00e0 Washington","datePublished":"2017-11-18T08:00:10+00:00","mainEntityOfPage":{"@id":"https:\/\/www.info-algerie.com\/actualites\/lutte-contre-lextremisme-et-le-terrorisme-lapproche-algerienne-exposee-a-washington\/"},"wordCount":766,"commentCount":0,"publisher":{"@id":"https:\/\/www.info-algerie.com\/actualites\/#organization"},"image":{"@id":"https:\/\/www.info-algerie.com\/actualites\/lutte-contre-lextremisme-et-le-terrorisme-lapproche-algerienne-exposee-a-washington\/#primaryimage"},"thumbnailUrl":"https:\/\/www.info-algerie.com\/actualites\/wp-content\/uploads\/2017\/11\/59a98c7eeed2f40fb3c95fa8b7bd538f_S-1.jpg","keywords":["ONU"],"articleSection":["infos"],"inLanguage":"fr-FR","potentialAction":[{"@type":"CommentAction","name":"Comment","target":["https:\/\/www.info-algerie.com\/actualites\/lutte-contre-lextremisme-et-le-terrorisme-lapproche-algerienne-exposee-a-washington\/#respond"]}]},{"@type":"WebPage","@id":"https:\/\/www.info-algerie.com\/actualites\/lutte-contre-lextremisme-et-le-terrorisme-lapproche-algerienne-exposee-a-washington\/","url":"https:\/\/www.info-algerie.com\/actualites\/lutte-contre-lextremisme-et-le-terrorisme-lapproche-algerienne-exposee-a-washington\/","name":"Lutte contre l\u2019extr\u00e9misme et le terrorisme: l\u2019approche alg\u00e9rienne expos\u00e9e \u00e0 Washington - info algerie","isPartOf":{"@id":"https:\/\/www.info-algerie.com\/actualites\/#website"},"primaryImageOfPage":{"@id":"https:\/\/www.info-algerie.com\/actualites\/lutte-contre-lextremisme-et-le-terrorisme-lapproche-algerienne-exposee-a-washington\/#primaryimage"},"image":{"@id":"https:\/\/www.info-algerie.com\/actualites\/lutte-contre-lextremisme-et-le-terrorisme-lapproche-algerienne-exposee-a-washington\/#primaryimage"},"thumbnailUrl":"https:\/\/www.info-algerie.com\/actualites\/wp-content\/uploads\/2017\/11\/59a98c7eeed2f40fb3c95fa8b7bd538f_S-1.jpg","datePublished":"2017-11-18T08:00:10+00:00","breadcrumb":{"@id":"https:\/\/www.info-algerie.com\/actualites\/lutte-contre-lextremisme-et-le-terrorisme-lapproche-algerienne-exposee-a-washington\/#breadcrumb"},"inLanguage":"fr-FR","potentialAction":[{"@type":"ReadAction","target":["https:\/\/www.info-algerie.com\/actualites\/lutte-contre-lextremisme-et-le-terrorisme-lapproche-algerienne-exposee-a-washington\/"]}]},{"@type":"ImageObject","inLanguage":"fr-FR","@id":"https:\/\/www.info-algerie.com\/actualites\/lutte-contre-lextremisme-et-le-terrorisme-lapproche-algerienne-exposee-a-washington\/#primaryimage","url":"https:\/\/www.info-algerie.com\/actualites\/wp-content\/uploads\/2017\/11\/59a98c7eeed2f40fb3c95fa8b7bd538f_S-1.jpg","contentUrl":"https:\/\/www.info-algerie.com\/actualites\/wp-content\/uploads\/2017\/11\/59a98c7eeed2f40fb3c95fa8b7bd538f_S-1.jpg","width":280,"height":169},{"@type":"BreadcrumbList","@id":"https:\/\/www.info-algerie.com\/actualites\/lutte-contre-lextremisme-et-le-terrorisme-lapproche-algerienne-exposee-a-washington\/#breadcrumb","itemListElement":[{"@type":"ListItem","position":1,"name":"Accueil","item":"https:\/\/www.info-algerie.com\/actualites\/"},{"@type":"ListItem","position":2,"name":"Lutte contre l\u2019extr\u00e9misme et le terrorisme: l\u2019approche alg\u00e9rienne expos\u00e9e \u00e0 Washington"}]},{"@type":"WebSite","@id":"https:\/\/www.info-algerie.com\/actualites\/#website","url":"https:\/\/www.info-algerie.com\/actualites\/","name":"info algerie","description":"Toutes les actualit\u00e9s","publisher":{"@id":"https:\/\/www.info-algerie.com\/actualites\/#organization"},"potentialAction":[{"@type":"SearchAction","target":{"@type":"EntryPoint","urlTemplate":"https:\/\/www.info-algerie.com\/actualites\/?s={search_term_string}"},"query-input":{"@type":"PropertyValueSpecification","valueRequired":true,"valueName":"search_term_string"}}],"inLanguage":"fr-FR"},{"@type":"Organization","@id":"https:\/\/www.info-algerie.com\/actualites\/#organization","name":"info algerie","url":"https:\/\/www.info-algerie.com\/actualites\/","logo":{"@type":"ImageObject","inLanguage":"fr-FR","@id":"https:\/\/www.info-algerie.com\/actualites\/#\/schema\/logo\/image\/","url":"https:\/\/www.info-algerie.com\/actualites\/wp-content\/uploads\/2022\/07\/logo-ia-120.png","contentUrl":"https:\/\/www.info-algerie.com\/actualites\/wp-content\/uploads\/2022\/07\/logo-ia-120.png","width":120,"height":43,"caption":"info algerie"},"image":{"@id":"https:\/\/www.info-algerie.com\/actualites\/#\/schema\/logo\/image\/"},"sameAs":["https:\/\/www.facebook.com\/infoalgerieactu","https:\/\/x.com\/infoalgerie1"]},{"@type":"Person","@id":"https:\/\/www.info-algerie.com\/actualites\/#\/schema\/person\/847aaec44920825b843a08f30ec6aa1e","name":"La r\u00e9daction","image":{"@type":"ImageObject","inLanguage":"fr-FR","@id":"https:\/\/secure.gravatar.com\/avatar\/769db425c6f465158149f1ffd6cf61ce7a8a879d11dfbef8288af36dfddd418c?s=96&d=mm&r=g","url":"https:\/\/secure.gravatar.com\/avatar\/769db425c6f465158149f1ffd6cf61ce7a8a879d11dfbef8288af36dfddd418c?s=96&d=mm&r=g","contentUrl":"https:\/\/secure.gravatar.com\/avatar\/769db425c6f465158149f1ffd6cf61ce7a8a879d11dfbef8288af36dfddd418c?s=96&d=mm&r=g","caption":"La r\u00e9daction"},"sameAs":["http:\/\/www.lkeria.com\/"],"url":"https:\/\/www.info-algerie.com\/actualites\/author\/chakib32\/"}]}},"_links":{"self":[{"href":"https:\/\/www.info-algerie.com\/actualites\/wp-json\/wp\/v2\/posts\/18134","targetHints":{"allow":["GET"]}}],"collection":[{"href":"https:\/\/www.info-algerie.com\/actualites\/wp-json\/wp\/v2\/posts"}],"about":[{"href":"https:\/\/www.info-algerie.com\/actualites\/wp-json\/wp\/v2\/types\/post"}],"author":[{"embeddable":true,"href":"https:\/\/www.info-algerie.com\/actualites\/wp-json\/wp\/v2\/users\/6"}],"replies":[{"embeddable":true,"href":"https:\/\/www.info-algerie.com\/actualites\/wp-json\/wp\/v2\/comments?post=18134"}],"version-history":[{"count":0,"href":"https:\/\/www.info-algerie.com\/actualites\/wp-json\/wp\/v2\/posts\/18134\/revisions"}],"wp:featuredmedia":[{"embeddable":true,"href":"https:\/\/www.info-algerie.com\/actualites\/wp-json\/wp\/v2\/media\/18135"}],"wp:attachment":[{"href":"https:\/\/www.info-algerie.com\/actualites\/wp-json\/wp\/v2\/media?parent=18134"}],"wp:term":[{"taxonomy":"category","embeddable":true,"href":"https:\/\/www.info-algerie.com\/actualites\/wp-json\/wp\/v2\/categories?post=18134"},{"taxonomy":"post_tag","embeddable":true,"href":"https:\/\/www.info-algerie.com\/actualites\/wp-json\/wp\/v2\/tags?post=18134"}],"curies":[{"name":"wp","href":"https:\/\/api.w.org\/{rel}","templated":true}]}}