{"id":18136,"date":"2017-11-18T10:18:45","date_gmt":"2017-11-18T09:18:45","guid":{"rendered":"http:\/\/www.info-algerie.com\/actualites\/locales-2017-agenda-du-21e-jour-de-la-campagne-electorale\/"},"modified":"2017-11-18T10:18:45","modified_gmt":"2017-11-18T09:18:45","slug":"locales-2017-agenda-du-21e-jour-de-la-campagne-electorale","status":"publish","type":"post","link":"https:\/\/www.info-algerie.com\/actualites\/locales-2017-agenda-du-21e-jour-de-la-campagne-electorale\/","title":{"rendered":"Locales 2017: agenda du 21e jour de la campagne \u00e9lectorale"},"content":{"rendered":"<div class=\"K2FeedIntroText\">\n<p>ALGER &#8211; Agenda du\u00a0 21e jour de la campagne \u00e9lectorale (samedi 18 novembre) pour les locales du 23 novembre 2017.<\/p>\n<p>&#013;\n<\/p><\/div>\n<div class=\"K2FeedFullText\">&#013;<\/p>\n<p>\u00a0<\/p>\n<p>&#013;<\/p>\n<p><strong>&#8211; FFS &#8211;<\/strong><\/p>\n<p>&#013;<\/p>\n<p>\u00a0<\/p>\n<p>&#013;<\/p>\n<p>&#8211; Le premier secr\u00e9taire national du Front des forces socialistes(FFS), Mohamed Hadj Djilani, et le membre de l&rsquo;instance pr\u00e9sidentielle du parti, Aziz Beloul ainsi que la d\u00e9put\u00e9 Salima Ghezali animent un meeting populaire\u00a0 au th\u00e9\u00e2tre r\u00e9gional \u00ab\u00a0Kateb Yacine\u00a0\u00bb dans la wilaya de Tizi Ouzou (11h00).<\/p>\n<p>&#013;<\/p>\n<p>&#8211; Le membre de l&rsquo;instance pr\u00e9sidentielle du FFS, Ali Laskri, anime deux meetings populaires \u00e0 la salle \u00a0\u00bb Bachir El Ibrahimi\u00a0\u00bb\u00a0 dans la wilaya de Bordj Bouarreridj (10h00) et au th\u00e9\u00e2tre r\u00e9gional \u00ab\u00a0Azzedine Medjoubi\u00a0\u00bb de\u00a0 Annaba (15h00).<\/p>\n<p>&#013;<\/p>\n<p>\u00a0<\/p>\n<p>&#013;<\/p>\n<p><strong>&#8211; RND-<\/strong><\/p>\n<p>&#013;<\/p>\n<p>\u00a0<\/p>\n<p>&#013;<\/p>\n<p>Le secr\u00e9taire g\u00e9n\u00e9ral du Rassemblement national d\u00e9mocratique, Ahmed Ouyahia anime un meeting populaire \u00e0 la maison de la culture\u00a0 \u00a0\u00bb Mouloud Mammeri\u00a0\u00bb dans la wilaya de Tizi Ouzou (10 H00).<\/p>\n<p>&#013;<\/p>\n<p>\u00a0<\/p>\n<p>&#013;<\/p>\n<p><strong>&#8211; MSP &#8211;<\/strong><\/p>\n<p>&#013;<\/p>\n<p>\u00a0<\/p>\n<p>&#013;<\/p>\n<p>Le pr\u00e9sident du Mouvement de la soci\u00e9t\u00e9 pour la paix (MSP), Abdelmadjid Menasra, anime deux meetings populaires au centre culturel de Berrouaghia dans la wilaya de M\u00e9d\u00e9a (10h00) et \u00e0 la salle \u00ab\u00a0Nasri\u00a0\u00bb dans la wilaya de Chlef (13h00).<\/p>\n<p>&#013;<\/p>\n<p>\u00a0<\/p>\n<p>&#013;<\/p>\n<p><strong>&#8212; PT &#8212;<\/strong><\/p>\n<p>&#013;<\/p>\n<p>\u00a0<\/p>\n<p>&#013;<\/p>\n<p>La secr\u00e9taire g\u00e9n\u00e9rale du Parti des travailleurs (PT), Louisa Hanoune, anime un meeting populaire \u00e0 la salle \u00ab\u00a0Mohamed Laid Al- Khalifa\u00a0\u00bb dans la wilaya de Constantine(10h00).<\/p>\n<p>&#013;<\/p>\n<p>\u00a0<\/p>\n<p>&#013;<\/p>\n<p><strong>&#8212; Front Al-Moustakbal &#8212;<\/strong><\/p>\n<p>&#013;<\/p>\n<p>\u00a0<\/p>\n<p>&#013;<\/p>\n<p>Le pr\u00e9sident du Front Al-Moustakbal, Abdelaziz Bela\u00efd, anime un\u00a0 meeting populaire\u00a0 \u00e0 la salle \u00ab\u00a0Harcha Hassan\u00a0\u00bb de la wilaya d&rsquo;Alger (14h00).<\/p>\n<p>&#013;<\/p>\n<p>\u00a0<\/p>\n<p>&#013;<\/p>\n<p><strong>&#8212; TAJ &#8212;<\/strong><\/p>\n<p>&#013;<\/p>\n<p>\u00a0<\/p>\n<p>&#013;<\/p>\n<p>Le pr\u00e9sident de Tajamoue Amel Al Djazair, Amar Ghoul, anime deux meetings populaires \u00e0 la salle \u00ab\u00a0Ibn Badis\u00a0\u00bb au centre-ville de la wilaya d\u2019A\u00efn Defla (10h00), \u00e0 la salle Omnisports de la da\u00efra de Sfisef dans la wilaya de Sidi Bel Abb\u00e8s( 16h00).<\/p>\n<p>&#013;<\/p>\n<p>\u00a0<\/p>\n<p>&#013;<\/p>\n<p><strong>&#8211;Mouvement de l&rsquo;entente nationale&#8211;<\/strong><\/p>\n<p>&#013;<\/p>\n<p>\u00a0<\/p>\n<p>&#013;<\/p>\n<p>Le secr\u00e9taire g\u00e9n\u00e9ral du Mouvement de l&rsquo;entente nationale (MEN), Ali Boukhezna, anime un meeting populaire\u00a0 au centre culturel\u00a0 \u00ab\u00a0Mohamed Boudiaf dans la wilaya de Annaba (14h00).<\/p>\n<p>&#013;<\/p>\n<p>\u00a0<\/p>\n<p>&#013;<\/p>\n<p><strong>&#8211;P J&#8211;<\/strong><\/p>\n<p>&#013;<\/p>\n<p>\u00a0<\/p>\n<p>&#013;<\/p>\n<p>Le coordinateur g\u00e9n\u00e9ral du parti des jeunes (PJ), Hamana Boucherma\u00a0 anime un meeting populaire \u00e0 la maison de la culture \u00ab\u00a0Mohamed Laid Al- Khalifa\u00a0\u00bb de la wilaya de Batna (14h00).<\/p>\n<p>&#013;<\/p>\n<p>\u00a0<\/p>\n<p>&#013;<\/p>\n<p><strong>&#8211;PRA&#8211;<\/strong><\/p>\n<p>&#013;<\/p>\n<p>\u00a0<\/p>\n<p>&#013;<\/p>\n<p>Le secr\u00e9taire g\u00e9n\u00e9ral du parti du Renouveau alg\u00e9rien ( PRA), Kamel Bensalem anime un meeting populaire \u00e0 la salle \u00ab\u00a0Es Saada\u00a0\u00bb dans la wilaya d&rsquo;Oran (14h30).<\/p>\n<p>&#013;<\/p>\n<p>\u00a0<\/p>\n<p>&#013;<\/p>\n<p><strong>&#8212; FNA \u2013<\/strong><\/p>\n<p>&#013;<\/p>\n<p>\u00a0<\/p>\n<p>&#013;<\/p>\n<p>Le pr\u00e9sident du Front national alg\u00e9rien (FNA), Moussa Touati, anime un meeting populaire \u00e0 Msila (10h00).<\/p>\n<p>&#013;<\/p>\n<p>\u00a0<\/p>\n<p>&#013;<\/p>\n<p><strong>&#8212; PLJ \u2013<\/strong><\/p>\n<p>&#013;<\/p>\n<p>\u00a0<\/p>\n<p>&#013;<\/p>\n<p>Le pr\u00e9sident du Parti de la libert\u00e9 et de la justice (PLJ), Mohamed Sa\u00efd, anime un meeting populaire \u00e0 la Maison de la culture d\u2019A\u00efn T\u00e9mouchent (14h00).<\/p>\n<p>&#013;<\/p>\n<p>\u00a0<\/p>\n<p>&#013;<\/p>\n<p><strong>&#8211;MPA \u2013<\/strong><\/p>\n<p>&#013;<\/p>\n<p>\u00a0<\/p>\n<p>&#013;<\/p>\n<p>Le pr\u00e9sident du Mouvement populaire alg\u00e9rien (MPA), Amara Benyoun\u00e8s, anime un meeting populaire \u00e0 Tissemsilt.<\/p>\n<p>&#013;<\/p>\n<p>\u00a0<\/p>\n<p>&#013;<\/p>\n<p><strong>&#8212; FAN &#8212;<\/strong><\/p>\n<p>&#013;<\/p>\n<p>\u00a0<\/p>\n<p>&#013;<\/p>\n<p>Le pr\u00e9sident du Front de l&rsquo;Alg\u00e9rie nouvelle (FAN) , Djamel Ben Abdessalam, anime un meeting populaire \u00e0 Alger.<\/p>\n<p>&#013;<\/p>\n<p>\u00a0<\/p>\n<p>&#013;<\/p>\n<p><strong>&#8212; PFJ &#8212;<\/strong><\/p>\n<p>&#013;<\/p>\n<p>\u00a0<\/p>\n<p>&#013;<\/p>\n<p>Le pr\u00e9sident du parti El-Fedjr El-Jadid, Tahar Benba\u00efbeche, anime un meeting populaire \u00e0 la maison de la culture de la wilaya d\u2019Ouargla (9h30).<\/p>\n<p>&#013;<\/p>\n<p>\u00a0<\/p>\n<p>&#013;<\/p>\n<p><strong>&#8211;ANR &#8212;<\/strong><\/p>\n<p>&#013;<\/p>\n<p>\u00a0<\/p>\n<p>&#013;<\/p>\n<p>Le secr\u00e9taire g\u00e9n\u00e9ral de l&rsquo;Alliance nationale r\u00e9publicaine (ANR), Belkacem Sahli, anime trois meetings populaires \u00e0 la maison de la culture\u00a0 \u00ab\u00a0Houari Boumediene\u00a0\u00bb\u00a0 de S\u00e9tif, \u00e0 la maison de la culture \u00ab\u00a0Mohamed El Aid Elkhalifa\u00a0\u00bb de Constantine (14h00) et au th\u00e9\u00e2tre r\u00e9gional \u00ab\u00a0Mohamed Triki\u00a0\u00bb de Guelma (17h00).<\/p>\n<p>&#013;<\/p>\n<p>\u00a0<\/p>\n<p>&#013;<\/p>\n<p><strong>&#8212; Ahd 54&#8211;<\/strong><\/p>\n<p>&#013;<\/p>\n<p>\u00a0<\/p>\n<p>&#013;<\/p>\n<p>Le pr\u00e9sident du parti Ahd 54, Ali Faouzi Rebaine,\u00a0 anime un meeting \u00e0 la maison de jeunes de la commune de Fouka dans la wilaya de Tipaza (14h00).<\/p>\n<p>&#013;<\/p>\n<p>\u00a0<\/p>\n<p>&#013;<\/p>\n<p><strong>&#8212; Union Nahda-Adala-Bina-<\/strong><\/p>\n<p>&#013;<\/p>\n<p>\u00a0<\/p>\n<p>&#013;<\/p>\n<p>L&rsquo;Union Nahda-Bina-Adala organise deux meetings populaires \u00e0 la salle \u00ab\u00a0Benghazi Cheikh\u00a0\u00bb\u00a0 dans la wilaya de Sidi Bel Abb\u00e8s (10h00) et \u00e0 la maison de jeunes \u00ab\u00a0Oum El Assel\u00a0\u00bb dans la wilaya de Tindouf (16h00).<\/p>\n<p>&#013;<\/p>\n<p>\u00a0<\/p>\n<p>&#013;<\/p>\n<p><strong>&#8212; El-Islah &#8212;<\/strong><\/p>\n<p>&#013;<\/p>\n<p>\u00a0<\/p>\n<p>&#013;<\/p>\n<p>Le pr\u00e9sident du mouvement El-Islah, Filali Ghouini, anime un meeting populaire \u00e0 Laghouat (10h00).<\/p>\n<p>&#013;<\/p>\n<p>\u00a0<\/p>\n<p>&#013;<\/p>\n<p><strong>&#8212;\u00a0 PEP\u2014<\/strong><\/p>\n<p>&#013;<\/p>\n<p>\u00a0<\/p>\n<p>&#013;<\/p>\n<p class=\"MsoNormal\">La pr\u00e9sidente du parti Equit\u00e9 et proclamation (PEP), Na\u00efma Salhi anime un meeting populaire \u00e0 la salle du cin\u00e9ma de Bordj Bouarreridj (15h00).<\/p>\n<\/div>\n<p>&#013;<br \/>\nSource: <a href=\"http:\/\/www.aps.dz\/algerie\/65790-locales-2017-agenda-du-21e-jour-de-la-campagne-electorale\" target=\"_blank\">Locales 2017: agenda du 21e jour de la campagne \u00e9lectorale<\/a><\/p>\n<!--CusAds0-->\n<div style=\"font-size: 0px; height: 0px; line-height: 0px; margin: 0; padding: 0; clear: both;\"><\/div>","protected":false},"excerpt":{"rendered":"<p>ALGER &#8211; Agenda du\u00a0 21e jour de la campagne \u00e9lectorale (samedi 18 novembre) pour les locales du 23 novembre 2017. &#013; &#013; \u00a0 &#013; &#8211; FFS &#8211; &#013; \u00a0 &#013; &#8211; Le premier secr\u00e9taire national du Front des forces socialistes(FFS), Mohamed Hadj Djilani, et le membre de l&rsquo;instance pr\u00e9sidentielle du parti, Aziz Beloul ainsi que<\/p>\n","protected":false},"author":6,"featured_media":0,"comment_status":"open","ping_status":"open","sticky":false,"template":"","format":"standard","meta":{"footnotes":""},"categories":[22],"tags":[93],"class_list":["post-18136","post","type-post","status-publish","format-standard","hentry","category-infos","tag-onu"],"yoast_head":"<!-- This site is optimized with the Yoast SEO plugin v27.4 - https:\/\/yoast.com\/product\/yoast-seo-wordpress\/ -->\n<title>Locales 2017: agenda du 21e jour de la campagne \u00e9lectorale - info algerie<\/title>\n<meta name=\"robots\" content=\"index, follow, max-snippet:-1, max-image-preview:large, max-video-preview:-1\" \/>\n<link rel=\"canonical\" href=\"https:\/\/www.info-algerie.com\/actualites\/locales-2017-agenda-du-21e-jour-de-la-campagne-electorale\/\" \/>\n<meta property=\"og:locale\" content=\"fr_FR\" \/>\n<meta property=\"og:type\" content=\"article\" \/>\n<meta property=\"og:title\" content=\"Locales 2017: agenda du 21e jour de la campagne \u00e9lectorale - info algerie\" \/>\n<meta property=\"og:description\" content=\"ALGER &#8211; Agenda du\u00a0 21e jour de la campagne \u00e9lectorale (samedi 18 novembre) pour les locales du 23 novembre 2017. &#013; &#013; \u00a0 &#013; &#8211; FFS &#8211; &#013; \u00a0 &#013; &#8211; Le premier secr\u00e9taire national du Front des forces socialistes(FFS), Mohamed Hadj Djilani, et le membre de l&rsquo;instance pr\u00e9sidentielle du parti, Aziz Beloul ainsi que\" \/>\n<meta property=\"og:url\" content=\"https:\/\/www.info-algerie.com\/actualites\/locales-2017-agenda-du-21e-jour-de-la-campagne-electorale\/\" \/>\n<meta property=\"og:site_name\" content=\"info algerie\" \/>\n<meta property=\"article:publisher\" content=\"https:\/\/www.facebook.com\/infoalgerieactu\" \/>\n<meta property=\"article:published_time\" content=\"2017-11-18T09:18:45+00:00\" \/>\n<meta name=\"author\" content=\"La r\u00e9daction\" \/>\n<meta name=\"twitter:label1\" content=\"\u00c9crit par\" \/>\n\t<meta name=\"twitter:data1\" content=\"La r\u00e9daction\" \/>\n\t<meta name=\"twitter:label2\" content=\"Dur\u00e9e de lecture estim\u00e9e\" \/>\n\t<meta name=\"twitter:data2\" content=\"3 minutes\" \/>\n<script type=\"application\/ld+json\" class=\"yoast-schema-graph\">{\"@context\":\"https:\\\/\\\/schema.org\",\"@graph\":[{\"@type\":\"Article\",\"@id\":\"https:\\\/\\\/www.info-algerie.com\\\/actualites\\\/locales-2017-agenda-du-21e-jour-de-la-campagne-electorale\\\/#article\",\"isPartOf\":{\"@id\":\"https:\\\/\\\/www.info-algerie.com\\\/actualites\\\/locales-2017-agenda-du-21e-jour-de-la-campagne-electorale\\\/\"},\"author\":{\"name\":\"La r\u00e9daction\",\"@id\":\"https:\\\/\\\/www.info-algerie.com\\\/actualites\\\/#\\\/schema\\\/person\\\/847aaec44920825b843a08f30ec6aa1e\"},\"headline\":\"Locales 2017: agenda du 21e jour de la campagne \u00e9lectorale\",\"datePublished\":\"2017-11-18T09:18:45+00:00\",\"mainEntityOfPage\":{\"@id\":\"https:\\\/\\\/www.info-algerie.com\\\/actualites\\\/locales-2017-agenda-du-21e-jour-de-la-campagne-electorale\\\/\"},\"wordCount\":699,\"commentCount\":0,\"publisher\":{\"@id\":\"https:\\\/\\\/www.info-algerie.com\\\/actualites\\\/#organization\"},\"keywords\":[\"ONU\"],\"articleSection\":[\"infos\"],\"inLanguage\":\"fr-FR\",\"potentialAction\":[{\"@type\":\"CommentAction\",\"name\":\"Comment\",\"target\":[\"https:\\\/\\\/www.info-algerie.com\\\/actualites\\\/locales-2017-agenda-du-21e-jour-de-la-campagne-electorale\\\/#respond\"]}]},{\"@type\":\"WebPage\",\"@id\":\"https:\\\/\\\/www.info-algerie.com\\\/actualites\\\/locales-2017-agenda-du-21e-jour-de-la-campagne-electorale\\\/\",\"url\":\"https:\\\/\\\/www.info-algerie.com\\\/actualites\\\/locales-2017-agenda-du-21e-jour-de-la-campagne-electorale\\\/\",\"name\":\"Locales 2017: agenda du 21e jour de la campagne \u00e9lectorale - info algerie\",\"isPartOf\":{\"@id\":\"https:\\\/\\\/www.info-algerie.com\\\/actualites\\\/#website\"},\"datePublished\":\"2017-11-18T09:18:45+00:00\",\"breadcrumb\":{\"@id\":\"https:\\\/\\\/www.info-algerie.com\\\/actualites\\\/locales-2017-agenda-du-21e-jour-de-la-campagne-electorale\\\/#breadcrumb\"},\"inLanguage\":\"fr-FR\",\"potentialAction\":[{\"@type\":\"ReadAction\",\"target\":[\"https:\\\/\\\/www.info-algerie.com\\\/actualites\\\/locales-2017-agenda-du-21e-jour-de-la-campagne-electorale\\\/\"]}]},{\"@type\":\"BreadcrumbList\",\"@id\":\"https:\\\/\\\/www.info-algerie.com\\\/actualites\\\/locales-2017-agenda-du-21e-jour-de-la-campagne-electorale\\\/#breadcrumb\",\"itemListElement\":[{\"@type\":\"ListItem\",\"position\":1,\"name\":\"Accueil\",\"item\":\"https:\\\/\\\/www.info-algerie.com\\\/actualites\\\/\"},{\"@type\":\"ListItem\",\"position\":2,\"name\":\"Locales 2017: agenda du 21e jour de la campagne \u00e9lectorale\"}]},{\"@type\":\"WebSite\",\"@id\":\"https:\\\/\\\/www.info-algerie.com\\\/actualites\\\/#website\",\"url\":\"https:\\\/\\\/www.info-algerie.com\\\/actualites\\\/\",\"name\":\"info algerie\",\"description\":\"Toutes les actualit\u00e9s\",\"publisher\":{\"@id\":\"https:\\\/\\\/www.info-algerie.com\\\/actualites\\\/#organization\"},\"potentialAction\":[{\"@type\":\"SearchAction\",\"target\":{\"@type\":\"EntryPoint\",\"urlTemplate\":\"https:\\\/\\\/www.info-algerie.com\\\/actualites\\\/?s={search_term_string}\"},\"query-input\":{\"@type\":\"PropertyValueSpecification\",\"valueRequired\":true,\"valueName\":\"search_term_string\"}}],\"inLanguage\":\"fr-FR\"},{\"@type\":\"Organization\",\"@id\":\"https:\\\/\\\/www.info-algerie.com\\\/actualites\\\/#organization\",\"name\":\"info algerie\",\"url\":\"https:\\\/\\\/www.info-algerie.com\\\/actualites\\\/\",\"logo\":{\"@type\":\"ImageObject\",\"inLanguage\":\"fr-FR\",\"@id\":\"https:\\\/\\\/www.info-algerie.com\\\/actualites\\\/#\\\/schema\\\/logo\\\/image\\\/\",\"url\":\"https:\\\/\\\/www.info-algerie.com\\\/actualites\\\/wp-content\\\/uploads\\\/2022\\\/07\\\/logo-ia-120.png\",\"contentUrl\":\"https:\\\/\\\/www.info-algerie.com\\\/actualites\\\/wp-content\\\/uploads\\\/2022\\\/07\\\/logo-ia-120.png\",\"width\":120,\"height\":43,\"caption\":\"info algerie\"},\"image\":{\"@id\":\"https:\\\/\\\/www.info-algerie.com\\\/actualites\\\/#\\\/schema\\\/logo\\\/image\\\/\"},\"sameAs\":[\"https:\\\/\\\/www.facebook.com\\\/infoalgerieactu\",\"https:\\\/\\\/x.com\\\/infoalgerie1\"]},{\"@type\":\"Person\",\"@id\":\"https:\\\/\\\/www.info-algerie.com\\\/actualites\\\/#\\\/schema\\\/person\\\/847aaec44920825b843a08f30ec6aa1e\",\"name\":\"La r\u00e9daction\",\"image\":{\"@type\":\"ImageObject\",\"inLanguage\":\"fr-FR\",\"@id\":\"https:\\\/\\\/secure.gravatar.com\\\/avatar\\\/769db425c6f465158149f1ffd6cf61ce7a8a879d11dfbef8288af36dfddd418c?s=96&d=mm&r=g\",\"url\":\"https:\\\/\\\/secure.gravatar.com\\\/avatar\\\/769db425c6f465158149f1ffd6cf61ce7a8a879d11dfbef8288af36dfddd418c?s=96&d=mm&r=g\",\"contentUrl\":\"https:\\\/\\\/secure.gravatar.com\\\/avatar\\\/769db425c6f465158149f1ffd6cf61ce7a8a879d11dfbef8288af36dfddd418c?s=96&d=mm&r=g\",\"caption\":\"La r\u00e9daction\"},\"sameAs\":[\"http:\\\/\\\/www.lkeria.com\\\/\"],\"url\":\"https:\\\/\\\/www.info-algerie.com\\\/actualites\\\/author\\\/chakib32\\\/\"}]}<\/script>\n<!-- \/ Yoast SEO plugin. -->","yoast_head_json":{"title":"Locales 2017: agenda du 21e jour de la campagne \u00e9lectorale - info algerie","robots":{"index":"index","follow":"follow","max-snippet":"max-snippet:-1","max-image-preview":"max-image-preview:large","max-video-preview":"max-video-preview:-1"},"canonical":"https:\/\/www.info-algerie.com\/actualites\/locales-2017-agenda-du-21e-jour-de-la-campagne-electorale\/","og_locale":"fr_FR","og_type":"article","og_title":"Locales 2017: agenda du 21e jour de la campagne \u00e9lectorale - info algerie","og_description":"ALGER &#8211; Agenda du\u00a0 21e jour de la campagne \u00e9lectorale (samedi 18 novembre) pour les locales du 23 novembre 2017. &#013; &#013; \u00a0 &#013; &#8211; FFS &#8211; &#013; \u00a0 &#013; &#8211; Le premier secr\u00e9taire national du Front des forces socialistes(FFS), Mohamed Hadj Djilani, et le membre de l&rsquo;instance pr\u00e9sidentielle du parti, Aziz Beloul ainsi que","og_url":"https:\/\/www.info-algerie.com\/actualites\/locales-2017-agenda-du-21e-jour-de-la-campagne-electorale\/","og_site_name":"info algerie","article_publisher":"https:\/\/www.facebook.com\/infoalgerieactu","article_published_time":"2017-11-18T09:18:45+00:00","author":"La r\u00e9daction","twitter_misc":{"\u00c9crit par":"La r\u00e9daction","Dur\u00e9e de lecture estim\u00e9e":"3 minutes"},"schema":{"@context":"https:\/\/schema.org","@graph":[{"@type":"Article","@id":"https:\/\/www.info-algerie.com\/actualites\/locales-2017-agenda-du-21e-jour-de-la-campagne-electorale\/#article","isPartOf":{"@id":"https:\/\/www.info-algerie.com\/actualites\/locales-2017-agenda-du-21e-jour-de-la-campagne-electorale\/"},"author":{"name":"La r\u00e9daction","@id":"https:\/\/www.info-algerie.com\/actualites\/#\/schema\/person\/847aaec44920825b843a08f30ec6aa1e"},"headline":"Locales 2017: agenda du 21e jour de la campagne \u00e9lectorale","datePublished":"2017-11-18T09:18:45+00:00","mainEntityOfPage":{"@id":"https:\/\/www.info-algerie.com\/actualites\/locales-2017-agenda-du-21e-jour-de-la-campagne-electorale\/"},"wordCount":699,"commentCount":0,"publisher":{"@id":"https:\/\/www.info-algerie.com\/actualites\/#organization"},"keywords":["ONU"],"articleSection":["infos"],"inLanguage":"fr-FR","potentialAction":[{"@type":"CommentAction","name":"Comment","target":["https:\/\/www.info-algerie.com\/actualites\/locales-2017-agenda-du-21e-jour-de-la-campagne-electorale\/#respond"]}]},{"@type":"WebPage","@id":"https:\/\/www.info-algerie.com\/actualites\/locales-2017-agenda-du-21e-jour-de-la-campagne-electorale\/","url":"https:\/\/www.info-algerie.com\/actualites\/locales-2017-agenda-du-21e-jour-de-la-campagne-electorale\/","name":"Locales 2017: agenda du 21e jour de la campagne \u00e9lectorale - info algerie","isPartOf":{"@id":"https:\/\/www.info-algerie.com\/actualites\/#website"},"datePublished":"2017-11-18T09:18:45+00:00","breadcrumb":{"@id":"https:\/\/www.info-algerie.com\/actualites\/locales-2017-agenda-du-21e-jour-de-la-campagne-electorale\/#breadcrumb"},"inLanguage":"fr-FR","potentialAction":[{"@type":"ReadAction","target":["https:\/\/www.info-algerie.com\/actualites\/locales-2017-agenda-du-21e-jour-de-la-campagne-electorale\/"]}]},{"@type":"BreadcrumbList","@id":"https:\/\/www.info-algerie.com\/actualites\/locales-2017-agenda-du-21e-jour-de-la-campagne-electorale\/#breadcrumb","itemListElement":[{"@type":"ListItem","position":1,"name":"Accueil","item":"https:\/\/www.info-algerie.com\/actualites\/"},{"@type":"ListItem","position":2,"name":"Locales 2017: agenda du 21e jour de la campagne \u00e9lectorale"}]},{"@type":"WebSite","@id":"https:\/\/www.info-algerie.com\/actualites\/#website","url":"https:\/\/www.info-algerie.com\/actualites\/","name":"info algerie","description":"Toutes les actualit\u00e9s","publisher":{"@id":"https:\/\/www.info-algerie.com\/actualites\/#organization"},"potentialAction":[{"@type":"SearchAction","target":{"@type":"EntryPoint","urlTemplate":"https:\/\/www.info-algerie.com\/actualites\/?s={search_term_string}"},"query-input":{"@type":"PropertyValueSpecification","valueRequired":true,"valueName":"search_term_string"}}],"inLanguage":"fr-FR"},{"@type":"Organization","@id":"https:\/\/www.info-algerie.com\/actualites\/#organization","name":"info algerie","url":"https:\/\/www.info-algerie.com\/actualites\/","logo":{"@type":"ImageObject","inLanguage":"fr-FR","@id":"https:\/\/www.info-algerie.com\/actualites\/#\/schema\/logo\/image\/","url":"https:\/\/www.info-algerie.com\/actualites\/wp-content\/uploads\/2022\/07\/logo-ia-120.png","contentUrl":"https:\/\/www.info-algerie.com\/actualites\/wp-content\/uploads\/2022\/07\/logo-ia-120.png","width":120,"height":43,"caption":"info algerie"},"image":{"@id":"https:\/\/www.info-algerie.com\/actualites\/#\/schema\/logo\/image\/"},"sameAs":["https:\/\/www.facebook.com\/infoalgerieactu","https:\/\/x.com\/infoalgerie1"]},{"@type":"Person","@id":"https:\/\/www.info-algerie.com\/actualites\/#\/schema\/person\/847aaec44920825b843a08f30ec6aa1e","name":"La r\u00e9daction","image":{"@type":"ImageObject","inLanguage":"fr-FR","@id":"https:\/\/secure.gravatar.com\/avatar\/769db425c6f465158149f1ffd6cf61ce7a8a879d11dfbef8288af36dfddd418c?s=96&d=mm&r=g","url":"https:\/\/secure.gravatar.com\/avatar\/769db425c6f465158149f1ffd6cf61ce7a8a879d11dfbef8288af36dfddd418c?s=96&d=mm&r=g","contentUrl":"https:\/\/secure.gravatar.com\/avatar\/769db425c6f465158149f1ffd6cf61ce7a8a879d11dfbef8288af36dfddd418c?s=96&d=mm&r=g","caption":"La r\u00e9daction"},"sameAs":["http:\/\/www.lkeria.com\/"],"url":"https:\/\/www.info-algerie.com\/actualites\/author\/chakib32\/"}]}},"_links":{"self":[{"href":"https:\/\/www.info-algerie.com\/actualites\/wp-json\/wp\/v2\/posts\/18136","targetHints":{"allow":["GET"]}}],"collection":[{"href":"https:\/\/www.info-algerie.com\/actualites\/wp-json\/wp\/v2\/posts"}],"about":[{"href":"https:\/\/www.info-algerie.com\/actualites\/wp-json\/wp\/v2\/types\/post"}],"author":[{"embeddable":true,"href":"https:\/\/www.info-algerie.com\/actualites\/wp-json\/wp\/v2\/users\/6"}],"replies":[{"embeddable":true,"href":"https:\/\/www.info-algerie.com\/actualites\/wp-json\/wp\/v2\/comments?post=18136"}],"version-history":[{"count":0,"href":"https:\/\/www.info-algerie.com\/actualites\/wp-json\/wp\/v2\/posts\/18136\/revisions"}],"wp:attachment":[{"href":"https:\/\/www.info-algerie.com\/actualites\/wp-json\/wp\/v2\/media?parent=18136"}],"wp:term":[{"taxonomy":"category","embeddable":true,"href":"https:\/\/www.info-algerie.com\/actualites\/wp-json\/wp\/v2\/categories?post=18136"},{"taxonomy":"post_tag","embeddable":true,"href":"https:\/\/www.info-algerie.com\/actualites\/wp-json\/wp\/v2\/tags?post=18136"}],"curies":[{"name":"wp","href":"https:\/\/api.w.org\/{rel}","templated":true}]}}